{"id":34689,"date":"2023-01-23T22:00:00","date_gmt":"2023-01-23T21:00:00","guid":{"rendered":"https:\/\/lasentinelle.dz\/?p=34689"},"modified":"2023-01-23T17:17:41","modified_gmt":"2023-01-23T16:17:41","slug":"explosion-au-port-de-beyrouth-lenquete-reprend-apres-13-mois-de-suspension","status":"publish","type":"post","link":"https:\/\/lasentinelle.dz\/index.php\/2023\/01\/23\/explosion-au-port-de-beyrouth-lenquete-reprend-apres-13-mois-de-suspension\/","title":{"rendered":"Explosion au port de Beyrouth\u00a0: L\u2019enqu\u00eate reprend apr\u00e8s 13 mois de suspension"},"content":{"rendered":"\n<p>Le juge Tarek Bitar, charg\u00e9 de l&rsquo;enqu\u00eate sur l&rsquo;explosion au port de Beyrouth en 2020, a repris hier son travail apr\u00e8s une suspension de 13 mois due \u00e0 des pressions politiques, a indiqu\u00e9 \u00e0 la presse un responsable judiciaire. Le magistrat a d\u00e9cid\u00e9 d&rsquo;inculper huit personnes, dont deux hauts responsables de s\u00e9curit\u00e9, le directeur de la S\u00fbret\u00e9 g\u00e9n\u00e9rale, Abbas Ibrahim et le chef de la S\u00fbret\u00e9 d&rsquo;\u00c9tat, Tony Saliba, a pr\u00e9cis\u00e9 cette source. Il a par contre ordonn\u00e9 de lib\u00e9rer cinq personnes, dont deux responsables du port, arr\u00eat\u00e9es depuis cette \u00e9norme explosion le 4 ao\u00fbt 2020 qui a fait plus de 200 morts et 6.500 bless\u00e9s et ravag\u00e9 des quartiers entiers de la capitale libanaise. L&rsquo;enqu\u00eate du juge Bitar \u00e9tait bloqu\u00e9e depuis d\u00e9cembre 2021 par une s\u00e9rie de poursuites lanc\u00e9es contre lui par des responsables politiques et par une campagne dirig\u00e9e par le Hezbollah, force politique dominante au Liban, qui accuse le magistrat de partialit\u00e9. L&rsquo;explosion, d\u00e9clench\u00e9e dans un entrep\u00f4t abritant des centaines de tonnes de nitrate d&rsquo;ammonium stock\u00e9es sans pr\u00e9caution, a \u00e9t\u00e9 imput\u00e9e par une grande partie de la population \u00e0 la corruption et la n\u00e9gligence de la classe dirigeante.<\/p>\n\n\n\n<p>&nbsp;Agences<\/p>\n","protected":false},"excerpt":{"rendered":"<p>Le juge Tarek Bitar, charg\u00e9 de l&rsquo;enqu\u00eate sur l&rsquo;explosion au port de Beyrouth en 2020, a repris hier son travail<\/p>\n","protected":false},"author":3,"featured_media":34704,"comment_status":"open","ping_status":"closed","sticky":false,"template":"","format":"standard","meta":{"colormag_page_container_layout":"default_layout","colormag_page_sidebar_layout":"default_layout","om_disable_all_campaigns":false,"_monsterinsights_skip_tracking":false,"_monsterinsights_sitenote_active":false,"_monsterinsights_sitenote_note":"","_monsterinsights_sitenote_category":0,"footnotes":"","_wpscppro_dont_share_socialmedia":false,"_wpscppro_custom_social_share_image":0,"_facebook_share_type":"","_twitter_share_type":"","_linkedin_share_type":"","_pinterest_share_type":"","_linkedin_share_type_page":"","_instagram_share_type":"","_medium_share_type":"","_threads_share_type":"","_google_business_share_type":"","_selected_social_profile":[],"_wpsp_enable_custom_social_template":false,"_wpsp_social_scheduling":{"enabled":false,"datetime":null,"platforms":[],"status":"template_only","dateOption":"today","timeOption":"now","customDays":"","customHours":"","customDate":"","customTime":"","schedulingType":"absolute"},"_wpsp_active_default_template":true},"categories":[37],"tags":[],"class_list":["post-34689","post","type-post","status-publish","format-standard","has-post-thumbnail","hentry","category-monde"],"aioseo_notices":[],"yoast_head":"<!-- This site is optimized with the Yoast SEO plugin v27.5 - https:\/\/yoast.com\/product\/yoast-seo-wordpress\/ -->\n<title>Explosion au port de Beyrouth\u00a0: L\u2019enqu\u00eate reprend apr\u00e8s 13 mois de suspension - La Sentinelle<\/title>\n<meta name=\"robots\" content=\"index, follow, max-snippet:-1, max-image-preview:large, max-video-preview:-1\" \/>\n<link rel=\"canonical\" href=\"https:\/\/lasentinelle.dz\/index.php\/2023\/01\/23\/explosion-au-port-de-beyrouth-lenquete-reprend-apres-13-mois-de-suspension\/\" \/>\n<meta property=\"og:locale\" content=\"fr_FR\" \/>\n<meta property=\"og:type\" content=\"article\" \/>\n<meta property=\"og:title\" content=\"Explosion au port de Beyrouth\u00a0: L\u2019enqu\u00eate reprend apr\u00e8s 13 mois de suspension - La Sentinelle\" \/>\n<meta property=\"og:description\" content=\"Le juge Tarek Bitar, charg\u00e9 de l&rsquo;enqu\u00eate sur l&rsquo;explosion au port de Beyrouth en 2020, a repris hier son travail\" \/>\n<meta property=\"og:url\" content=\"https:\/\/lasentinelle.dz\/index.php\/2023\/01\/23\/explosion-au-port-de-beyrouth-lenquete-reprend-apres-13-mois-de-suspension\/\" \/>\n<meta property=\"og:site_name\" content=\"La Sentinelle\" \/>\n<meta property=\"article:publisher\" content=\"https:\/\/www.facebook.com\/La-Sentinelle-104059864394773\" \/>\n<meta property=\"article:published_time\" content=\"2023-01-23T21:00:00+00:00\" \/>\n<meta property=\"og:image\" content=\"https:\/\/lasentinelle.dz\/wp-content\/uploads\/2023\/01\/image_2023-01-23_171713930.png\" \/>\n\t<meta property=\"og:image:width\" content=\"1200\" \/>\n\t<meta property=\"og:image:height\" content=\"789\" \/>\n\t<meta property=\"og:image:type\" content=\"image\/png\" \/>\n<meta name=\"author\" content=\"La Sentinelle\" \/>\n<meta name=\"twitter:card\" content=\"summary_large_image\" \/>\n<meta name=\"twitter:label1\" content=\"\u00c9crit par\" \/>\n\t<meta name=\"twitter:data1\" content=\"La Sentinelle\" \/>\n\t<meta name=\"twitter:label2\" content=\"Dur\u00e9e de lecture estim\u00e9e\" \/>\n\t<meta name=\"twitter:data2\" content=\"1 minute\" \/>\n<script type=\"application\/ld+json\" class=\"yoast-schema-graph\">{\"@context\":\"https:\\\/\\\/schema.org\",\"@graph\":[{\"@type\":\"Article\",\"@id\":\"https:\\\/\\\/lasentinelle.dz\\\/index.php\\\/2023\\\/01\\\/23\\\/explosion-au-port-de-beyrouth-lenquete-reprend-apres-13-mois-de-suspension\\\/#article\",\"isPartOf\":{\"@id\":\"https:\\\/\\\/lasentinelle.dz\\\/index.php\\\/2023\\\/01\\\/23\\\/explosion-au-port-de-beyrouth-lenquete-reprend-apres-13-mois-de-suspension\\\/\"},\"author\":{\"name\":\"La Sentinelle\",\"@id\":\"https:\\\/\\\/lasentinelle.dz\\\/#\\\/schema\\\/person\\\/d865044e22e70a75174ce8bcad3acfb3\"},\"headline\":\"Explosion au port de Beyrouth\u00a0: L\u2019enqu\u00eate reprend apr\u00e8s 13 mois de suspension\",\"datePublished\":\"2023-01-23T21:00:00+00:00\",\"mainEntityOfPage\":{\"@id\":\"https:\\\/\\\/lasentinelle.dz\\\/index.php\\\/2023\\\/01\\\/23\\\/explosion-au-port-de-beyrouth-lenquete-reprend-apres-13-mois-de-suspension\\\/\"},\"wordCount\":231,\"commentCount\":0,\"publisher\":{\"@id\":\"https:\\\/\\\/lasentinelle.dz\\\/#organization\"},\"image\":{\"@id\":\"https:\\\/\\\/lasentinelle.dz\\\/index.php\\\/2023\\\/01\\\/23\\\/explosion-au-port-de-beyrouth-lenquete-reprend-apres-13-mois-de-suspension\\\/#primaryimage\"},\"thumbnailUrl\":\"https:\\\/\\\/lasentinelle.dz\\\/wp-content\\\/uploads\\\/2023\\\/01\\\/image_2023-01-23_171713930.png\",\"articleSection\":[\"Monde\"],\"inLanguage\":\"fr-FR\",\"potentialAction\":[{\"@type\":\"CommentAction\",\"name\":\"Comment\",\"target\":[\"https:\\\/\\\/lasentinelle.dz\\\/index.php\\\/2023\\\/01\\\/23\\\/explosion-au-port-de-beyrouth-lenquete-reprend-apres-13-mois-de-suspension\\\/#respond\"]}]},{\"@type\":\"WebPage\",\"@id\":\"https:\\\/\\\/lasentinelle.dz\\\/index.php\\\/2023\\\/01\\\/23\\\/explosion-au-port-de-beyrouth-lenquete-reprend-apres-13-mois-de-suspension\\\/\",\"url\":\"https:\\\/\\\/lasentinelle.dz\\\/index.php\\\/2023\\\/01\\\/23\\\/explosion-au-port-de-beyrouth-lenquete-reprend-apres-13-mois-de-suspension\\\/\",\"name\":\"Explosion au port de Beyrouth\u00a0: L\u2019enqu\u00eate reprend apr\u00e8s 13 mois de suspension - La Sentinelle\",\"isPartOf\":{\"@id\":\"https:\\\/\\\/lasentinelle.dz\\\/#website\"},\"primaryImageOfPage\":{\"@id\":\"https:\\\/\\\/lasentinelle.dz\\\/index.php\\\/2023\\\/01\\\/23\\\/explosion-au-port-de-beyrouth-lenquete-reprend-apres-13-mois-de-suspension\\\/#primaryimage\"},\"image\":{\"@id\":\"https:\\\/\\\/lasentinelle.dz\\\/index.php\\\/2023\\\/01\\\/23\\\/explosion-au-port-de-beyrouth-lenquete-reprend-apres-13-mois-de-suspension\\\/#primaryimage\"},\"thumbnailUrl\":\"https:\\\/\\\/lasentinelle.dz\\\/wp-content\\\/uploads\\\/2023\\\/01\\\/image_2023-01-23_171713930.png\",\"datePublished\":\"2023-01-23T21:00:00+00:00\",\"breadcrumb\":{\"@id\":\"https:\\\/\\\/lasentinelle.dz\\\/index.php\\\/2023\\\/01\\\/23\\\/explosion-au-port-de-beyrouth-lenquete-reprend-apres-13-mois-de-suspension\\\/#breadcrumb\"},\"inLanguage\":\"fr-FR\",\"potentialAction\":[{\"@type\":\"ReadAction\",\"target\":[\"https:\\\/\\\/lasentinelle.dz\\\/index.php\\\/2023\\\/01\\\/23\\\/explosion-au-port-de-beyrouth-lenquete-reprend-apres-13-mois-de-suspension\\\/\"]}]},{\"@type\":\"ImageObject\",\"inLanguage\":\"fr-FR\",\"@id\":\"https:\\\/\\\/lasentinelle.dz\\\/index.php\\\/2023\\\/01\\\/23\\\/explosion-au-port-de-beyrouth-lenquete-reprend-apres-13-mois-de-suspension\\\/#primaryimage\",\"url\":\"https:\\\/\\\/lasentinelle.dz\\\/wp-content\\\/uploads\\\/2023\\\/01\\\/image_2023-01-23_171713930.png\",\"contentUrl\":\"https:\\\/\\\/lasentinelle.dz\\\/wp-content\\\/uploads\\\/2023\\\/01\\\/image_2023-01-23_171713930.png\",\"width\":1200,\"height\":789},{\"@type\":\"BreadcrumbList\",\"@id\":\"https:\\\/\\\/lasentinelle.dz\\\/index.php\\\/2023\\\/01\\\/23\\\/explosion-au-port-de-beyrouth-lenquete-reprend-apres-13-mois-de-suspension\\\/#breadcrumb\",\"itemListElement\":[{\"@type\":\"ListItem\",\"position\":1,\"name\":\"Accueil\",\"item\":\"https:\\\/\\\/lasentinelle.dz\\\/\"},{\"@type\":\"ListItem\",\"position\":2,\"name\":\"Explosion au port de Beyrouth\u00a0: L\u2019enqu\u00eate reprend apr\u00e8s 13 mois de suspension\"}]},{\"@type\":\"WebSite\",\"@id\":\"https:\\\/\\\/lasentinelle.dz\\\/#website\",\"url\":\"https:\\\/\\\/lasentinelle.dz\\\/\",\"name\":\"La Sentinelle\",\"description\":\"Quotidien national d&#039;information\",\"publisher\":{\"@id\":\"https:\\\/\\\/lasentinelle.dz\\\/#organization\"},\"potentialAction\":[{\"@type\":\"SearchAction\",\"target\":{\"@type\":\"EntryPoint\",\"urlTemplate\":\"https:\\\/\\\/lasentinelle.dz\\\/?s={search_term_string}\"},\"query-input\":{\"@type\":\"PropertyValueSpecification\",\"valueRequired\":true,\"valueName\":\"search_term_string\"}}],\"inLanguage\":\"fr-FR\"},{\"@type\":\"Organization\",\"@id\":\"https:\\\/\\\/lasentinelle.dz\\\/#organization\",\"name\":\"Quotidien La Sentinelle\",\"url\":\"https:\\\/\\\/lasentinelle.dz\\\/\",\"logo\":{\"@type\":\"ImageObject\",\"inLanguage\":\"fr-FR\",\"@id\":\"https:\\\/\\\/lasentinelle.dz\\\/#\\\/schema\\\/logo\\\/image\\\/\",\"url\":\"https:\\\/\\\/lasentinelle.dz\\\/wp-content\\\/uploads\\\/2021\\\/09\\\/logo-sentinelleSLOGAN-1.png\",\"contentUrl\":\"https:\\\/\\\/lasentinelle.dz\\\/wp-content\\\/uploads\\\/2021\\\/09\\\/logo-sentinelleSLOGAN-1.png\",\"width\":615,\"height\":142,\"caption\":\"Quotidien La Sentinelle\"},\"image\":{\"@id\":\"https:\\\/\\\/lasentinelle.dz\\\/#\\\/schema\\\/logo\\\/image\\\/\"},\"sameAs\":[\"https:\\\/\\\/www.facebook.com\\\/La-Sentinelle-104059864394773\"]},{\"@type\":\"Person\",\"@id\":\"https:\\\/\\\/lasentinelle.dz\\\/#\\\/schema\\\/person\\\/d865044e22e70a75174ce8bcad3acfb3\",\"name\":\"La Sentinelle\",\"image\":{\"@type\":\"ImageObject\",\"inLanguage\":\"fr-FR\",\"@id\":\"https:\\\/\\\/secure.gravatar.com\\\/avatar\\\/57de8e5d4b15d43fb361a71fbb36338450fe67865b528a43dd10ef7c51a20392?s=96&d=mm&r=g\",\"url\":\"https:\\\/\\\/secure.gravatar.com\\\/avatar\\\/57de8e5d4b15d43fb361a71fbb36338450fe67865b528a43dd10ef7c51a20392?s=96&d=mm&r=g\",\"contentUrl\":\"https:\\\/\\\/secure.gravatar.com\\\/avatar\\\/57de8e5d4b15d43fb361a71fbb36338450fe67865b528a43dd10ef7c51a20392?s=96&d=mm&r=g\",\"caption\":\"La Sentinelle\"},\"sameAs\":[\"http:\\\/\\\/www.lasentinelle.dz\"],\"url\":\"https:\\\/\\\/lasentinelle.dz\\\/author\\\/redaction\\\/\"}]}<\/script>\n<!-- \/ Yoast SEO plugin. -->","yoast_head_json":{"title":"Explosion au port de Beyrouth\u00a0: L\u2019enqu\u00eate reprend apr\u00e8s 13 mois de suspension - La Sentinelle","robots":{"index":"index","follow":"follow","max-snippet":"max-snippet:-1","max-image-preview":"max-image-preview:large","max-video-preview":"max-video-preview:-1"},"canonical":"https:\/\/lasentinelle.dz\/index.php\/2023\/01\/23\/explosion-au-port-de-beyrouth-lenquete-reprend-apres-13-mois-de-suspension\/","og_locale":"fr_FR","og_type":"article","og_title":"Explosion au port de Beyrouth\u00a0: L\u2019enqu\u00eate reprend apr\u00e8s 13 mois de suspension - La Sentinelle","og_description":"Le juge Tarek Bitar, charg\u00e9 de l&rsquo;enqu\u00eate sur l&rsquo;explosion au port de Beyrouth en 2020, a repris hier son travail","og_url":"https:\/\/lasentinelle.dz\/index.php\/2023\/01\/23\/explosion-au-port-de-beyrouth-lenquete-reprend-apres-13-mois-de-suspension\/","og_site_name":"La Sentinelle","article_publisher":"https:\/\/www.facebook.com\/La-Sentinelle-104059864394773","article_published_time":"2023-01-23T21:00:00+00:00","og_image":[{"width":1200,"height":789,"url":"https:\/\/lasentinelle.dz\/wp-content\/uploads\/2023\/01\/image_2023-01-23_171713930.png","type":"image\/png"}],"author":"La Sentinelle","twitter_card":"summary_large_image","twitter_misc":{"\u00c9crit par":"La Sentinelle","Dur\u00e9e de lecture estim\u00e9e":"1 minute"},"schema":{"@context":"https:\/\/schema.org","@graph":[{"@type":"Article","@id":"https:\/\/lasentinelle.dz\/index.php\/2023\/01\/23\/explosion-au-port-de-beyrouth-lenquete-reprend-apres-13-mois-de-suspension\/#article","isPartOf":{"@id":"https:\/\/lasentinelle.dz\/index.php\/2023\/01\/23\/explosion-au-port-de-beyrouth-lenquete-reprend-apres-13-mois-de-suspension\/"},"author":{"name":"La Sentinelle","@id":"https:\/\/lasentinelle.dz\/#\/schema\/person\/d865044e22e70a75174ce8bcad3acfb3"},"headline":"Explosion au port de Beyrouth\u00a0: L\u2019enqu\u00eate reprend apr\u00e8s 13 mois de suspension","datePublished":"2023-01-23T21:00:00+00:00","mainEntityOfPage":{"@id":"https:\/\/lasentinelle.dz\/index.php\/2023\/01\/23\/explosion-au-port-de-beyrouth-lenquete-reprend-apres-13-mois-de-suspension\/"},"wordCount":231,"commentCount":0,"publisher":{"@id":"https:\/\/lasentinelle.dz\/#organization"},"image":{"@id":"https:\/\/lasentinelle.dz\/index.php\/2023\/01\/23\/explosion-au-port-de-beyrouth-lenquete-reprend-apres-13-mois-de-suspension\/#primaryimage"},"thumbnailUrl":"https:\/\/lasentinelle.dz\/wp-content\/uploads\/2023\/01\/image_2023-01-23_171713930.png","articleSection":["Monde"],"inLanguage":"fr-FR","potentialAction":[{"@type":"CommentAction","name":"Comment","target":["https:\/\/lasentinelle.dz\/index.php\/2023\/01\/23\/explosion-au-port-de-beyrouth-lenquete-reprend-apres-13-mois-de-suspension\/#respond"]}]},{"@type":"WebPage","@id":"https:\/\/lasentinelle.dz\/index.php\/2023\/01\/23\/explosion-au-port-de-beyrouth-lenquete-reprend-apres-13-mois-de-suspension\/","url":"https:\/\/lasentinelle.dz\/index.php\/2023\/01\/23\/explosion-au-port-de-beyrouth-lenquete-reprend-apres-13-mois-de-suspension\/","name":"Explosion au port de Beyrouth\u00a0: L\u2019enqu\u00eate reprend apr\u00e8s 13 mois de suspension - La Sentinelle","isPartOf":{"@id":"https:\/\/lasentinelle.dz\/#website"},"primaryImageOfPage":{"@id":"https:\/\/lasentinelle.dz\/index.php\/2023\/01\/23\/explosion-au-port-de-beyrouth-lenquete-reprend-apres-13-mois-de-suspension\/#primaryimage"},"image":{"@id":"https:\/\/lasentinelle.dz\/index.php\/2023\/01\/23\/explosion-au-port-de-beyrouth-lenquete-reprend-apres-13-mois-de-suspension\/#primaryimage"},"thumbnailUrl":"https:\/\/lasentinelle.dz\/wp-content\/uploads\/2023\/01\/image_2023-01-23_171713930.png","datePublished":"2023-01-23T21:00:00+00:00","breadcrumb":{"@id":"https:\/\/lasentinelle.dz\/index.php\/2023\/01\/23\/explosion-au-port-de-beyrouth-lenquete-reprend-apres-13-mois-de-suspension\/#breadcrumb"},"inLanguage":"fr-FR","potentialAction":[{"@type":"ReadAction","target":["https:\/\/lasentinelle.dz\/index.php\/2023\/01\/23\/explosion-au-port-de-beyrouth-lenquete-reprend-apres-13-mois-de-suspension\/"]}]},{"@type":"ImageObject","inLanguage":"fr-FR","@id":"https:\/\/lasentinelle.dz\/index.php\/2023\/01\/23\/explosion-au-port-de-beyrouth-lenquete-reprend-apres-13-mois-de-suspension\/#primaryimage","url":"https:\/\/lasentinelle.dz\/wp-content\/uploads\/2023\/01\/image_2023-01-23_171713930.png","contentUrl":"https:\/\/lasentinelle.dz\/wp-content\/uploads\/2023\/01\/image_2023-01-23_171713930.png","width":1200,"height":789},{"@type":"BreadcrumbList","@id":"https:\/\/lasentinelle.dz\/index.php\/2023\/01\/23\/explosion-au-port-de-beyrouth-lenquete-reprend-apres-13-mois-de-suspension\/#breadcrumb","itemListElement":[{"@type":"ListItem","position":1,"name":"Accueil","item":"https:\/\/lasentinelle.dz\/"},{"@type":"ListItem","position":2,"name":"Explosion au port de Beyrouth\u00a0: L\u2019enqu\u00eate reprend apr\u00e8s 13 mois de suspension"}]},{"@type":"WebSite","@id":"https:\/\/lasentinelle.dz\/#website","url":"https:\/\/lasentinelle.dz\/","name":"La Sentinelle","description":"Quotidien national d&#039;information","publisher":{"@id":"https:\/\/lasentinelle.dz\/#organization"},"potentialAction":[{"@type":"SearchAction","target":{"@type":"EntryPoint","urlTemplate":"https:\/\/lasentinelle.dz\/?s={search_term_string}"},"query-input":{"@type":"PropertyValueSpecification","valueRequired":true,"valueName":"search_term_string"}}],"inLanguage":"fr-FR"},{"@type":"Organization","@id":"https:\/\/lasentinelle.dz\/#organization","name":"Quotidien La Sentinelle","url":"https:\/\/lasentinelle.dz\/","logo":{"@type":"ImageObject","inLanguage":"fr-FR","@id":"https:\/\/lasentinelle.dz\/#\/schema\/logo\/image\/","url":"https:\/\/lasentinelle.dz\/wp-content\/uploads\/2021\/09\/logo-sentinelleSLOGAN-1.png","contentUrl":"https:\/\/lasentinelle.dz\/wp-content\/uploads\/2021\/09\/logo-sentinelleSLOGAN-1.png","width":615,"height":142,"caption":"Quotidien La Sentinelle"},"image":{"@id":"https:\/\/lasentinelle.dz\/#\/schema\/logo\/image\/"},"sameAs":["https:\/\/www.facebook.com\/La-Sentinelle-104059864394773"]},{"@type":"Person","@id":"https:\/\/lasentinelle.dz\/#\/schema\/person\/d865044e22e70a75174ce8bcad3acfb3","name":"La Sentinelle","image":{"@type":"ImageObject","inLanguage":"fr-FR","@id":"https:\/\/secure.gravatar.com\/avatar\/57de8e5d4b15d43fb361a71fbb36338450fe67865b528a43dd10ef7c51a20392?s=96&d=mm&r=g","url":"https:\/\/secure.gravatar.com\/avatar\/57de8e5d4b15d43fb361a71fbb36338450fe67865b528a43dd10ef7c51a20392?s=96&d=mm&r=g","contentUrl":"https:\/\/secure.gravatar.com\/avatar\/57de8e5d4b15d43fb361a71fbb36338450fe67865b528a43dd10ef7c51a20392?s=96&d=mm&r=g","caption":"La Sentinelle"},"sameAs":["http:\/\/www.lasentinelle.dz"],"url":"https:\/\/lasentinelle.dz\/author\/redaction\/"}]}},"_links":{"self":[{"href":"https:\/\/lasentinelle.dz\/index.php\/wp-json\/wp\/v2\/posts\/34689","targetHints":{"allow":["GET"]}}],"collection":[{"href":"https:\/\/lasentinelle.dz\/index.php\/wp-json\/wp\/v2\/posts"}],"about":[{"href":"https:\/\/lasentinelle.dz\/index.php\/wp-json\/wp\/v2\/types\/post"}],"author":[{"embeddable":true,"href":"https:\/\/lasentinelle.dz\/index.php\/wp-json\/wp\/v2\/users\/3"}],"replies":[{"embeddable":true,"href":"https:\/\/lasentinelle.dz\/index.php\/wp-json\/wp\/v2\/comments?post=34689"}],"version-history":[{"count":1,"href":"https:\/\/lasentinelle.dz\/index.php\/wp-json\/wp\/v2\/posts\/34689\/revisions"}],"predecessor-version":[{"id":34708,"href":"https:\/\/lasentinelle.dz\/index.php\/wp-json\/wp\/v2\/posts\/34689\/revisions\/34708"}],"wp:featuredmedia":[{"embeddable":true,"href":"https:\/\/lasentinelle.dz\/index.php\/wp-json\/wp\/v2\/media\/34704"}],"wp:attachment":[{"href":"https:\/\/lasentinelle.dz\/index.php\/wp-json\/wp\/v2\/media?parent=34689"}],"wp:term":[{"taxonomy":"category","embeddable":true,"href":"https:\/\/lasentinelle.dz\/index.php\/wp-json\/wp\/v2\/categories?post=34689"},{"taxonomy":"post_tag","embeddable":true,"href":"https:\/\/lasentinelle.dz\/index.php\/wp-json\/wp\/v2\/tags?post=34689"}],"curies":[{"name":"wp","href":"https:\/\/api.w.org\/{rel}","templated":true}]}}