{"id":3469,"date":"2021-08-05T00:01:00","date_gmt":"2021-08-04T23:01:00","guid":{"rendered":"https:\/\/lasentinelle.dz\/?p=3469"},"modified":"2021-08-04T16:32:49","modified_gmt":"2021-08-04T15:32:49","slug":"lutte-greco-romaine-sid-azara-elimine-aux-repechages","status":"publish","type":"post","link":"https:\/\/lasentinelle.dz\/index.php\/2021\/08\/05\/lutte-greco-romaine-sid-azara-elimine-aux-repechages\/","title":{"rendered":"Lutte gr\u00e9co-romaine : Sid Azara \u00e9limin\u00e9 aux rep\u00eachages"},"content":{"rendered":"\n<p>L&rsquo;Alg\u00e9rien de 24 ans a \u00e9t\u00e9 battu (1-5) par le Serbe Zurabi Datunashvili, qui disputera le combat pour la bronze face au Croate Ivan Huklek.<\/p>\n\n\n\n<p>L&rsquo;Alg\u00e9rien Sid Azara Bachir (87 kg) a \u00e9t\u00e9 \u00e9limin\u00e9 aux rep\u00eachages pour la m\u00e9daille de bronze de la lutte gr\u00e9co-romaine face au Serbe Zurabi Datunashvili, hier dans le cadre du tournoi des Jeux olympiques 2020 de Tokyo. L&rsquo;Alg\u00e9rien de 24 ans a \u00e9t\u00e9 battu (1-5) par le Serbe qui&nbsp; disputera le combat pour la bronze face au Croate Ivan Huklek. Auteur d&rsquo;un parcours plus qu&rsquo;honorable, Sid Azara s&rsquo;est d\u00e9barrass\u00e9 d&rsquo;abord du Chinois Peng Fei (11-1) en 8es de finale, avant de perdre face \u00e0 l&rsquo;Ukrainien Zhan Beleniuk (1-1). Sid Azara a men\u00e9 tout au long de son combat, mais le r\u00e8glement de la lutte mondiale donne la victoire \u00e0 celui qui marque le dernier point. Sid Azara a eu droit au combat de rep\u00eachages apr\u00e8s la qualification de l&rsquo;Ukrainien Beleniuk en finale. En lutte libre, Kherbache Abdelhak (57 kg) et Fateh Benferdjallah (86 kg) ont \u00e9t\u00e9 \u00e9galement \u00e9limin\u00e9s en 8es de finale, apr\u00e8s leur d\u00e9faite face, respectivement, au Bulgare Vangelov Georgi Valentinov (11-0) et au Suisse Reichmuth Stafan (6-2). Cette \u00e9limination s&rsquo;ajoute \u00e0 celle de Merabat Abdelmalek (67 kg) qui a \u00e9t\u00e9 \u00e9limin\u00e9 au stade des qualifications, en per dant face au Sud-Cor\u00e9en Ryu Hansu (8-0). Fergat Abdelkrim (60 kg) et Adem Boudjemline (97 kg) ont \u00e9t\u00e9 \u00e9galement \u00e9limin\u00e9 en lutte gr\u00e9co-romaine. Un seul alg\u00e9rien reste en lice pour le tournoi olympique de Tokyo. Il s&rsquo;agit de Djahid Berrahal qui sera oppos\u00e9, aujourd\u2019hui, au Kosovar Shala Egzon en lutte libre. Sous la conduite du staff technique national, compos\u00e9 de Benjedaa Maazouz et Zeghdane Messaoud, sept athl\u00e8tes sont pr\u00e9sents au rendez-vous nippon (4 lutteurs de la gr\u00e9co-romaine et 3 de la lutte libre). Il s&rsquo;agit d&rsquo;Adem Boudjemline (97 kg), Sid Azara Bachir (87 kg), Abdelkrim Fergat (60 kg) et Abdelmalek Merabet (67 kg) en lutte gr\u00e9co-romaine, alors que la lutte libre est repr\u00e9sent\u00e9e par&nbsp; Kherbache Abdelhak (57 kg), Fateh Benferdjallah (86 kg) et Djahid Berrahal (125 kg). De son c\u00f4t\u00e9, Mohamed Fardj (97 kg) de la lutte libre a \u00e9t\u00e9 test\u00e9 positif au Covid-19 avant son d\u00e9part \u00e0 destination de Tokyo, de m\u00eame que l&rsquo;entra\u00eeneur Aoune Fay\u00e7al. Le tournoi de lutte des Jeux olympiques de Tokyo se d\u00e9roule jusqu&rsquo;au 7 ao\u00fbt. Le tirage au sort des autres cat\u00e9gories de poids sera effectu\u00e9 \u00e0 la fin de chaque journ\u00e9e de comp\u00e9tition.<\/p>\n\n\n\n<p>R. S.<\/p>\n","protected":false},"excerpt":{"rendered":"<p>L&rsquo;Alg\u00e9rien de 24 ans a \u00e9t\u00e9 battu (1-5) par le Serbe Zurabi Datunashvili, qui disputera le combat pour la bronze<\/p>\n","protected":false},"author":3,"featured_media":3487,"comment_status":"open","ping_status":"closed","sticky":false,"template":"","format":"standard","meta":{"colormag_page_container_layout":"default_layout","colormag_page_sidebar_layout":"default_layout","om_disable_all_campaigns":false,"_monsterinsights_skip_tracking":false,"_monsterinsights_sitenote_active":false,"_monsterinsights_sitenote_note":"","_monsterinsights_sitenote_category":0,"footnotes":"","_wpscppro_dont_share_socialmedia":false,"_wpscppro_custom_social_share_image":0,"_facebook_share_type":"","_twitter_share_type":"","_linkedin_share_type":"","_pinterest_share_type":"","_linkedin_share_type_page":"","_instagram_share_type":"","_medium_share_type":"","_threads_share_type":"","_google_business_share_type":"","_selected_social_profile":[],"_wpsp_enable_custom_social_template":false,"_wpsp_social_scheduling":{"enabled":false,"datetime":null,"platforms":[],"status":"template_only","dateOption":"today","timeOption":"now","customDays":"","customHours":"","customDate":"","customTime":"","schedulingType":"absolute"},"_wpsp_active_default_template":true},"categories":[33],"tags":[],"class_list":["post-3469","post","type-post","status-publish","format-standard","has-post-thumbnail","hentry","category-sports"],"aioseo_notices":[],"yoast_head":"<!-- This site is optimized with the Yoast SEO plugin v27.5 - https:\/\/yoast.com\/product\/yoast-seo-wordpress\/ -->\n<title>Lutte gr\u00e9co-romaine : Sid Azara \u00e9limin\u00e9 aux rep\u00eachages - La Sentinelle<\/title>\n<meta name=\"robots\" content=\"index, follow, max-snippet:-1, max-image-preview:large, max-video-preview:-1\" \/>\n<link rel=\"canonical\" href=\"https:\/\/lasentinelle.dz\/index.php\/2021\/08\/05\/lutte-greco-romaine-sid-azara-elimine-aux-repechages\/\" \/>\n<meta property=\"og:locale\" content=\"fr_FR\" \/>\n<meta property=\"og:type\" content=\"article\" \/>\n<meta property=\"og:title\" content=\"Lutte gr\u00e9co-romaine : Sid Azara \u00e9limin\u00e9 aux rep\u00eachages - La Sentinelle\" \/>\n<meta property=\"og:description\" content=\"L&rsquo;Alg\u00e9rien de 24 ans a \u00e9t\u00e9 battu (1-5) par le Serbe Zurabi Datunashvili, qui disputera le combat pour la bronze\" \/>\n<meta property=\"og:url\" content=\"https:\/\/lasentinelle.dz\/index.php\/2021\/08\/05\/lutte-greco-romaine-sid-azara-elimine-aux-repechages\/\" \/>\n<meta property=\"og:site_name\" content=\"La Sentinelle\" \/>\n<meta property=\"article:publisher\" content=\"https:\/\/www.facebook.com\/La-Sentinelle-104059864394773\" \/>\n<meta property=\"article:published_time\" content=\"2021-08-04T23:01:00+00:00\" \/>\n<meta property=\"og:image\" content=\"https:\/\/lasentinelle.dz\/wp-content\/uploads\/2021\/08\/Sid-Azara-1.png\" \/>\n\t<meta property=\"og:image:width\" content=\"1606\" \/>\n\t<meta property=\"og:image:height\" content=\"900\" \/>\n\t<meta property=\"og:image:type\" content=\"image\/png\" \/>\n<meta name=\"author\" content=\"La Sentinelle\" \/>\n<meta name=\"twitter:card\" content=\"summary_large_image\" \/>\n<meta name=\"twitter:label1\" content=\"\u00c9crit par\" \/>\n\t<meta name=\"twitter:data1\" content=\"La Sentinelle\" \/>\n\t<meta name=\"twitter:label2\" content=\"Dur\u00e9e de lecture estim\u00e9e\" \/>\n\t<meta name=\"twitter:data2\" content=\"2 minutes\" \/>\n<script type=\"application\/ld+json\" class=\"yoast-schema-graph\">{\"@context\":\"https:\\\/\\\/schema.org\",\"@graph\":[{\"@type\":\"Article\",\"@id\":\"https:\\\/\\\/lasentinelle.dz\\\/index.php\\\/2021\\\/08\\\/05\\\/lutte-greco-romaine-sid-azara-elimine-aux-repechages\\\/#article\",\"isPartOf\":{\"@id\":\"https:\\\/\\\/lasentinelle.dz\\\/index.php\\\/2021\\\/08\\\/05\\\/lutte-greco-romaine-sid-azara-elimine-aux-repechages\\\/\"},\"author\":{\"name\":\"La Sentinelle\",\"@id\":\"https:\\\/\\\/lasentinelle.dz\\\/#\\\/schema\\\/person\\\/d865044e22e70a75174ce8bcad3acfb3\"},\"headline\":\"Lutte gr\u00e9co-romaine : Sid Azara \u00e9limin\u00e9 aux rep\u00eachages\",\"datePublished\":\"2021-08-04T23:01:00+00:00\",\"mainEntityOfPage\":{\"@id\":\"https:\\\/\\\/lasentinelle.dz\\\/index.php\\\/2021\\\/08\\\/05\\\/lutte-greco-romaine-sid-azara-elimine-aux-repechages\\\/\"},\"wordCount\":440,\"commentCount\":0,\"publisher\":{\"@id\":\"https:\\\/\\\/lasentinelle.dz\\\/#organization\"},\"image\":{\"@id\":\"https:\\\/\\\/lasentinelle.dz\\\/index.php\\\/2021\\\/08\\\/05\\\/lutte-greco-romaine-sid-azara-elimine-aux-repechages\\\/#primaryimage\"},\"thumbnailUrl\":\"https:\\\/\\\/lasentinelle.dz\\\/wp-content\\\/uploads\\\/2021\\\/08\\\/Sid-Azara-1.png\",\"articleSection\":[\"Sports\"],\"inLanguage\":\"fr-FR\",\"potentialAction\":[{\"@type\":\"CommentAction\",\"name\":\"Comment\",\"target\":[\"https:\\\/\\\/lasentinelle.dz\\\/index.php\\\/2021\\\/08\\\/05\\\/lutte-greco-romaine-sid-azara-elimine-aux-repechages\\\/#respond\"]}]},{\"@type\":\"WebPage\",\"@id\":\"https:\\\/\\\/lasentinelle.dz\\\/index.php\\\/2021\\\/08\\\/05\\\/lutte-greco-romaine-sid-azara-elimine-aux-repechages\\\/\",\"url\":\"https:\\\/\\\/lasentinelle.dz\\\/index.php\\\/2021\\\/08\\\/05\\\/lutte-greco-romaine-sid-azara-elimine-aux-repechages\\\/\",\"name\":\"Lutte gr\u00e9co-romaine : Sid Azara \u00e9limin\u00e9 aux rep\u00eachages - La Sentinelle\",\"isPartOf\":{\"@id\":\"https:\\\/\\\/lasentinelle.dz\\\/#website\"},\"primaryImageOfPage\":{\"@id\":\"https:\\\/\\\/lasentinelle.dz\\\/index.php\\\/2021\\\/08\\\/05\\\/lutte-greco-romaine-sid-azara-elimine-aux-repechages\\\/#primaryimage\"},\"image\":{\"@id\":\"https:\\\/\\\/lasentinelle.dz\\\/index.php\\\/2021\\\/08\\\/05\\\/lutte-greco-romaine-sid-azara-elimine-aux-repechages\\\/#primaryimage\"},\"thumbnailUrl\":\"https:\\\/\\\/lasentinelle.dz\\\/wp-content\\\/uploads\\\/2021\\\/08\\\/Sid-Azara-1.png\",\"datePublished\":\"2021-08-04T23:01:00+00:00\",\"breadcrumb\":{\"@id\":\"https:\\\/\\\/lasentinelle.dz\\\/index.php\\\/2021\\\/08\\\/05\\\/lutte-greco-romaine-sid-azara-elimine-aux-repechages\\\/#breadcrumb\"},\"inLanguage\":\"fr-FR\",\"potentialAction\":[{\"@type\":\"ReadAction\",\"target\":[\"https:\\\/\\\/lasentinelle.dz\\\/index.php\\\/2021\\\/08\\\/05\\\/lutte-greco-romaine-sid-azara-elimine-aux-repechages\\\/\"]}]},{\"@type\":\"ImageObject\",\"inLanguage\":\"fr-FR\",\"@id\":\"https:\\\/\\\/lasentinelle.dz\\\/index.php\\\/2021\\\/08\\\/05\\\/lutte-greco-romaine-sid-azara-elimine-aux-repechages\\\/#primaryimage\",\"url\":\"https:\\\/\\\/lasentinelle.dz\\\/wp-content\\\/uploads\\\/2021\\\/08\\\/Sid-Azara-1.png\",\"contentUrl\":\"https:\\\/\\\/lasentinelle.dz\\\/wp-content\\\/uploads\\\/2021\\\/08\\\/Sid-Azara-1.png\",\"width\":1606,\"height\":900},{\"@type\":\"BreadcrumbList\",\"@id\":\"https:\\\/\\\/lasentinelle.dz\\\/index.php\\\/2021\\\/08\\\/05\\\/lutte-greco-romaine-sid-azara-elimine-aux-repechages\\\/#breadcrumb\",\"itemListElement\":[{\"@type\":\"ListItem\",\"position\":1,\"name\":\"Accueil\",\"item\":\"https:\\\/\\\/lasentinelle.dz\\\/\"},{\"@type\":\"ListItem\",\"position\":2,\"name\":\"Lutte gr\u00e9co-romaine : Sid Azara \u00e9limin\u00e9 aux rep\u00eachages\"}]},{\"@type\":\"WebSite\",\"@id\":\"https:\\\/\\\/lasentinelle.dz\\\/#website\",\"url\":\"https:\\\/\\\/lasentinelle.dz\\\/\",\"name\":\"La Sentinelle\",\"description\":\"Quotidien national d&#039;information\",\"publisher\":{\"@id\":\"https:\\\/\\\/lasentinelle.dz\\\/#organization\"},\"potentialAction\":[{\"@type\":\"SearchAction\",\"target\":{\"@type\":\"EntryPoint\",\"urlTemplate\":\"https:\\\/\\\/lasentinelle.dz\\\/?s={search_term_string}\"},\"query-input\":{\"@type\":\"PropertyValueSpecification\",\"valueRequired\":true,\"valueName\":\"search_term_string\"}}],\"inLanguage\":\"fr-FR\"},{\"@type\":\"Organization\",\"@id\":\"https:\\\/\\\/lasentinelle.dz\\\/#organization\",\"name\":\"Quotidien La Sentinelle\",\"url\":\"https:\\\/\\\/lasentinelle.dz\\\/\",\"logo\":{\"@type\":\"ImageObject\",\"inLanguage\":\"fr-FR\",\"@id\":\"https:\\\/\\\/lasentinelle.dz\\\/#\\\/schema\\\/logo\\\/image\\\/\",\"url\":\"https:\\\/\\\/lasentinelle.dz\\\/wp-content\\\/uploads\\\/2021\\\/09\\\/logo-sentinelleSLOGAN-1.png\",\"contentUrl\":\"https:\\\/\\\/lasentinelle.dz\\\/wp-content\\\/uploads\\\/2021\\\/09\\\/logo-sentinelleSLOGAN-1.png\",\"width\":615,\"height\":142,\"caption\":\"Quotidien La Sentinelle\"},\"image\":{\"@id\":\"https:\\\/\\\/lasentinelle.dz\\\/#\\\/schema\\\/logo\\\/image\\\/\"},\"sameAs\":[\"https:\\\/\\\/www.facebook.com\\\/La-Sentinelle-104059864394773\"]},{\"@type\":\"Person\",\"@id\":\"https:\\\/\\\/lasentinelle.dz\\\/#\\\/schema\\\/person\\\/d865044e22e70a75174ce8bcad3acfb3\",\"name\":\"La Sentinelle\",\"image\":{\"@type\":\"ImageObject\",\"inLanguage\":\"fr-FR\",\"@id\":\"https:\\\/\\\/secure.gravatar.com\\\/avatar\\\/57de8e5d4b15d43fb361a71fbb36338450fe67865b528a43dd10ef7c51a20392?s=96&d=mm&r=g\",\"url\":\"https:\\\/\\\/secure.gravatar.com\\\/avatar\\\/57de8e5d4b15d43fb361a71fbb36338450fe67865b528a43dd10ef7c51a20392?s=96&d=mm&r=g\",\"contentUrl\":\"https:\\\/\\\/secure.gravatar.com\\\/avatar\\\/57de8e5d4b15d43fb361a71fbb36338450fe67865b528a43dd10ef7c51a20392?s=96&d=mm&r=g\",\"caption\":\"La Sentinelle\"},\"sameAs\":[\"http:\\\/\\\/www.lasentinelle.dz\"],\"url\":\"https:\\\/\\\/lasentinelle.dz\\\/author\\\/redaction\\\/\"}]}<\/script>\n<!-- \/ Yoast SEO plugin. -->","yoast_head_json":{"title":"Lutte gr\u00e9co-romaine : Sid Azara \u00e9limin\u00e9 aux rep\u00eachages - La Sentinelle","robots":{"index":"index","follow":"follow","max-snippet":"max-snippet:-1","max-image-preview":"max-image-preview:large","max-video-preview":"max-video-preview:-1"},"canonical":"https:\/\/lasentinelle.dz\/index.php\/2021\/08\/05\/lutte-greco-romaine-sid-azara-elimine-aux-repechages\/","og_locale":"fr_FR","og_type":"article","og_title":"Lutte gr\u00e9co-romaine : Sid Azara \u00e9limin\u00e9 aux rep\u00eachages - La Sentinelle","og_description":"L&rsquo;Alg\u00e9rien de 24 ans a \u00e9t\u00e9 battu (1-5) par le Serbe Zurabi Datunashvili, qui disputera le combat pour la bronze","og_url":"https:\/\/lasentinelle.dz\/index.php\/2021\/08\/05\/lutte-greco-romaine-sid-azara-elimine-aux-repechages\/","og_site_name":"La Sentinelle","article_publisher":"https:\/\/www.facebook.com\/La-Sentinelle-104059864394773","article_published_time":"2021-08-04T23:01:00+00:00","og_image":[{"width":1606,"height":900,"url":"https:\/\/lasentinelle.dz\/wp-content\/uploads\/2021\/08\/Sid-Azara-1.png","type":"image\/png"}],"author":"La Sentinelle","twitter_card":"summary_large_image","twitter_misc":{"\u00c9crit par":"La Sentinelle","Dur\u00e9e de lecture estim\u00e9e":"2 minutes"},"schema":{"@context":"https:\/\/schema.org","@graph":[{"@type":"Article","@id":"https:\/\/lasentinelle.dz\/index.php\/2021\/08\/05\/lutte-greco-romaine-sid-azara-elimine-aux-repechages\/#article","isPartOf":{"@id":"https:\/\/lasentinelle.dz\/index.php\/2021\/08\/05\/lutte-greco-romaine-sid-azara-elimine-aux-repechages\/"},"author":{"name":"La Sentinelle","@id":"https:\/\/lasentinelle.dz\/#\/schema\/person\/d865044e22e70a75174ce8bcad3acfb3"},"headline":"Lutte gr\u00e9co-romaine : Sid Azara \u00e9limin\u00e9 aux rep\u00eachages","datePublished":"2021-08-04T23:01:00+00:00","mainEntityOfPage":{"@id":"https:\/\/lasentinelle.dz\/index.php\/2021\/08\/05\/lutte-greco-romaine-sid-azara-elimine-aux-repechages\/"},"wordCount":440,"commentCount":0,"publisher":{"@id":"https:\/\/lasentinelle.dz\/#organization"},"image":{"@id":"https:\/\/lasentinelle.dz\/index.php\/2021\/08\/05\/lutte-greco-romaine-sid-azara-elimine-aux-repechages\/#primaryimage"},"thumbnailUrl":"https:\/\/lasentinelle.dz\/wp-content\/uploads\/2021\/08\/Sid-Azara-1.png","articleSection":["Sports"],"inLanguage":"fr-FR","potentialAction":[{"@type":"CommentAction","name":"Comment","target":["https:\/\/lasentinelle.dz\/index.php\/2021\/08\/05\/lutte-greco-romaine-sid-azara-elimine-aux-repechages\/#respond"]}]},{"@type":"WebPage","@id":"https:\/\/lasentinelle.dz\/index.php\/2021\/08\/05\/lutte-greco-romaine-sid-azara-elimine-aux-repechages\/","url":"https:\/\/lasentinelle.dz\/index.php\/2021\/08\/05\/lutte-greco-romaine-sid-azara-elimine-aux-repechages\/","name":"Lutte gr\u00e9co-romaine : Sid Azara \u00e9limin\u00e9 aux rep\u00eachages - La Sentinelle","isPartOf":{"@id":"https:\/\/lasentinelle.dz\/#website"},"primaryImageOfPage":{"@id":"https:\/\/lasentinelle.dz\/index.php\/2021\/08\/05\/lutte-greco-romaine-sid-azara-elimine-aux-repechages\/#primaryimage"},"image":{"@id":"https:\/\/lasentinelle.dz\/index.php\/2021\/08\/05\/lutte-greco-romaine-sid-azara-elimine-aux-repechages\/#primaryimage"},"thumbnailUrl":"https:\/\/lasentinelle.dz\/wp-content\/uploads\/2021\/08\/Sid-Azara-1.png","datePublished":"2021-08-04T23:01:00+00:00","breadcrumb":{"@id":"https:\/\/lasentinelle.dz\/index.php\/2021\/08\/05\/lutte-greco-romaine-sid-azara-elimine-aux-repechages\/#breadcrumb"},"inLanguage":"fr-FR","potentialAction":[{"@type":"ReadAction","target":["https:\/\/lasentinelle.dz\/index.php\/2021\/08\/05\/lutte-greco-romaine-sid-azara-elimine-aux-repechages\/"]}]},{"@type":"ImageObject","inLanguage":"fr-FR","@id":"https:\/\/lasentinelle.dz\/index.php\/2021\/08\/05\/lutte-greco-romaine-sid-azara-elimine-aux-repechages\/#primaryimage","url":"https:\/\/lasentinelle.dz\/wp-content\/uploads\/2021\/08\/Sid-Azara-1.png","contentUrl":"https:\/\/lasentinelle.dz\/wp-content\/uploads\/2021\/08\/Sid-Azara-1.png","width":1606,"height":900},{"@type":"BreadcrumbList","@id":"https:\/\/lasentinelle.dz\/index.php\/2021\/08\/05\/lutte-greco-romaine-sid-azara-elimine-aux-repechages\/#breadcrumb","itemListElement":[{"@type":"ListItem","position":1,"name":"Accueil","item":"https:\/\/lasentinelle.dz\/"},{"@type":"ListItem","position":2,"name":"Lutte gr\u00e9co-romaine : Sid Azara \u00e9limin\u00e9 aux rep\u00eachages"}]},{"@type":"WebSite","@id":"https:\/\/lasentinelle.dz\/#website","url":"https:\/\/lasentinelle.dz\/","name":"La Sentinelle","description":"Quotidien national d&#039;information","publisher":{"@id":"https:\/\/lasentinelle.dz\/#organization"},"potentialAction":[{"@type":"SearchAction","target":{"@type":"EntryPoint","urlTemplate":"https:\/\/lasentinelle.dz\/?s={search_term_string}"},"query-input":{"@type":"PropertyValueSpecification","valueRequired":true,"valueName":"search_term_string"}}],"inLanguage":"fr-FR"},{"@type":"Organization","@id":"https:\/\/lasentinelle.dz\/#organization","name":"Quotidien La Sentinelle","url":"https:\/\/lasentinelle.dz\/","logo":{"@type":"ImageObject","inLanguage":"fr-FR","@id":"https:\/\/lasentinelle.dz\/#\/schema\/logo\/image\/","url":"https:\/\/lasentinelle.dz\/wp-content\/uploads\/2021\/09\/logo-sentinelleSLOGAN-1.png","contentUrl":"https:\/\/lasentinelle.dz\/wp-content\/uploads\/2021\/09\/logo-sentinelleSLOGAN-1.png","width":615,"height":142,"caption":"Quotidien La Sentinelle"},"image":{"@id":"https:\/\/lasentinelle.dz\/#\/schema\/logo\/image\/"},"sameAs":["https:\/\/www.facebook.com\/La-Sentinelle-104059864394773"]},{"@type":"Person","@id":"https:\/\/lasentinelle.dz\/#\/schema\/person\/d865044e22e70a75174ce8bcad3acfb3","name":"La Sentinelle","image":{"@type":"ImageObject","inLanguage":"fr-FR","@id":"https:\/\/secure.gravatar.com\/avatar\/57de8e5d4b15d43fb361a71fbb36338450fe67865b528a43dd10ef7c51a20392?s=96&d=mm&r=g","url":"https:\/\/secure.gravatar.com\/avatar\/57de8e5d4b15d43fb361a71fbb36338450fe67865b528a43dd10ef7c51a20392?s=96&d=mm&r=g","contentUrl":"https:\/\/secure.gravatar.com\/avatar\/57de8e5d4b15d43fb361a71fbb36338450fe67865b528a43dd10ef7c51a20392?s=96&d=mm&r=g","caption":"La Sentinelle"},"sameAs":["http:\/\/www.lasentinelle.dz"],"url":"https:\/\/lasentinelle.dz\/author\/redaction\/"}]}},"_links":{"self":[{"href":"https:\/\/lasentinelle.dz\/index.php\/wp-json\/wp\/v2\/posts\/3469","targetHints":{"allow":["GET"]}}],"collection":[{"href":"https:\/\/lasentinelle.dz\/index.php\/wp-json\/wp\/v2\/posts"}],"about":[{"href":"https:\/\/lasentinelle.dz\/index.php\/wp-json\/wp\/v2\/types\/post"}],"author":[{"embeddable":true,"href":"https:\/\/lasentinelle.dz\/index.php\/wp-json\/wp\/v2\/users\/3"}],"replies":[{"embeddable":true,"href":"https:\/\/lasentinelle.dz\/index.php\/wp-json\/wp\/v2\/comments?post=3469"}],"version-history":[{"count":1,"href":"https:\/\/lasentinelle.dz\/index.php\/wp-json\/wp\/v2\/posts\/3469\/revisions"}],"predecessor-version":[{"id":3492,"href":"https:\/\/lasentinelle.dz\/index.php\/wp-json\/wp\/v2\/posts\/3469\/revisions\/3492"}],"wp:featuredmedia":[{"embeddable":true,"href":"https:\/\/lasentinelle.dz\/index.php\/wp-json\/wp\/v2\/media\/3487"}],"wp:attachment":[{"href":"https:\/\/lasentinelle.dz\/index.php\/wp-json\/wp\/v2\/media?parent=3469"}],"wp:term":[{"taxonomy":"category","embeddable":true,"href":"https:\/\/lasentinelle.dz\/index.php\/wp-json\/wp\/v2\/categories?post=3469"},{"taxonomy":"post_tag","embeddable":true,"href":"https:\/\/lasentinelle.dz\/index.php\/wp-json\/wp\/v2\/tags?post=3469"}],"curies":[{"name":"wp","href":"https:\/\/api.w.org\/{rel}","templated":true}]}}