{"id":34696,"date":"2023-01-23T22:05:00","date_gmt":"2023-01-23T21:05:00","guid":{"rendered":"https:\/\/lasentinelle.dz\/?p=34696"},"modified":"2023-01-23T21:09:39","modified_gmt":"2023-01-23T20:09:39","slug":"guerre-en-ukraine-la-ville-de-soledar-et-deux-villages-pres-par-les-russes","status":"publish","type":"post","link":"https:\/\/lasentinelle.dz\/index.php\/2023\/01\/23\/guerre-en-ukraine-la-ville-de-soledar-et-deux-villages-pres-par-les-russes\/","title":{"rendered":"Guerre en Ukraine\u00a0: La ville de Soledar et deux villages pr\u00e9s par les Russes"},"content":{"rendered":"\n<p>Le pr\u00e9sident de l&rsquo;ex\u00e9cutif de la R\u00e9publique autoproclam\u00e9e de Donetsk, Denis Pouchiline, s&rsquo;est affich\u00e9 \u00e0 Soledar, ville dont Moscou a revendiqu\u00e9 la capture il y a plus d&rsquo;une semaine, et dont Kiev n&rsquo;a jusqu&rsquo;ici pas reconnu la perte. Les s\u00e9paratistes ont par ailleurs annonc\u00e9 hier la capture de deux villages, Krasnopolivka et Dvouretchi\u00e9, situ\u00e9s pr\u00e8s de Soledar. S&rsquo;exprimant \u00e0 la t\u00e9l\u00e9vision russe, au lendemain de son d\u00e9placement \u00e0 Soledar, Denis Pouchiline a confirm\u00e9 que \u00abla ville est d\u00e9truite\u00bb et qu&rsquo;il ne restait \u00abquasiment plus de b\u00e2timents entiers\u00bb.&nbsp; Selon l&rsquo;arm\u00e9e russe, la conqu\u00eate de cette cit\u00e9 est une \u00e9tape pour encercler Bakhmout, que Moscou cherche \u00e0 conqu\u00e9rir depuis l&rsquo;\u00e9t\u00e9 et o\u00f9 les deux camps sont engag\u00e9s dans une bataille f\u00e9roce. Selon Denis Pouchiline, les combats s&rsquo;y \u00abintensifient\u00bb, et les troupes russes \u00abavancent\u00bb. Il a affirm\u00e9 que des unit\u00e9s du groupe paramilitaire Wagner contr\u00f4laient d\u00e9sormais des hauteurs strat\u00e9giques \u00e0 proximit\u00e9. \u00abLa situation reste assez difficile, mais nos unit\u00e9s avancent presque partout\u00bb, a-t-il encore indiqu\u00e9, relevant pour autant un \u00abtransfert massif\u00bb de troupes ukrainiennes en direction de Bakhmout. Dimanche soir, Denis Pouchiline avait diffus\u00e9 une vid\u00e9o le montrant, selon lui \u00e0 Soledar, au milieu d&rsquo;immeubles \u00e0 la fa\u00e7ade noircie et aux vitres souffl\u00e9es. \u00abIl fallait comprendre s&rsquo;il y avait n\u00e9cessit\u00e9 d&rsquo;y d\u00e9ployer des points d&rsquo;aide humanitaire\u00bb, y disait-il. Selon lui, \u00abil reste tr\u00e8s peu d&rsquo;habitants\u00bb dans cette ville de quelque 11.000 \u00e2mes avant la guerre, situ\u00e9e au nord de Bakhmout. La capture de Soledar avait \u00e9t\u00e9 annonc\u00e9e le 13 janvier par l&rsquo;arm\u00e9e russe, qui a, fait rare, reconnu le r\u00f4le d\u00e9terminant des mercenaires de Wagner dans cette bataille. Le chef du groupe paramilitaire, Evgu\u00e9ni Prigojine, s&rsquo;\u00e9tait d\u00e9j\u00e0 affich\u00e9 aux c\u00f4t\u00e9s de ses hommes dans une vid\u00e9o, tourn\u00e9e selon lui \u00e0 l&rsquo;int\u00e9rieur des c\u00e9l\u00e8bres mines de sel de la ville. L&rsquo;Ukraine n&rsquo;a jusqu&rsquo;\u00e0 pr\u00e9sent pas reconnu officiellement la perte de Soledar, affirmant continuer de combattre dans sa partie occidentale. Hier encore, l&rsquo;administration r\u00e9gionale relevait des \u00abhostilit\u00e9s actives pr\u00e8s de Bakhmout et Soledar\u00bb, sans d\u00e9tailler. \u00abLes hommes de Wagner qui nous ont accompagn\u00e9s pendant le voyage nous ont dit \u00e0 quel point les batailles ont \u00e9t\u00e9 sanglantes ici\u00bb, a encore indiqu\u00e9 Denis Pouchiline. S\u2019agissant de la question de la fourniture d\u2019armes lourdes par les Occidentaux \u00e0 l\u2019Ukraine, la Pologne a annonc\u00e9 hier par le biais de son premier ministre qu&rsquo;elle va demander \u00e0 Berlin son accord pour livrer des chars L\u00e9opard de fabrication allemande \u00e0 Kiev. \u00abNous allons demander un tel accord mais c&rsquo;est une question secondaire\u00bb, a d\u00e9clar\u00e9 aux journalistes Mateusz Morawiecki. \u00abM\u00eame si nous n&rsquo;obtenons pas leur accord, nous donnerons nos chars \u00e0 l&rsquo;Ukraine\u00bb, a-t-il ajout\u00e9 \u00abdans le cadre d&rsquo;une petite coalition, m\u00eame si l&rsquo;Allemagne n&rsquo;en fait pas partie\u00bb. La Pologne qui d\u00e9clare \u00eatre pr\u00eate \u00e0 livrer 14 L\u00e9opard \u00e0 Kiev indique \u00eatre en discussions avec une quinzaine de pays \u00e0 ce sujet. L&rsquo;Allemagne fait l&rsquo;objet d&rsquo;une pression accrue pour la livraison de ses chars Leopard \u00e0 l&rsquo;Ukraine, qui les r\u00e9clame avec insistance, apr\u00e8s que la cheffe de la diplomatie Annalena Baerbock a estim\u00e9 son pays pr\u00eat \u00e0 le faire, malgr\u00e9 la r\u00e9ticence du chancelier Olaf Scholz \u00e0 se prononcer sur la question. Le premier ministre polonais a estim\u00e9 que l&rsquo;Allemagne disposait en tout de \u00abplus de 350 Leopard en exploitation\u00bb et d&rsquo;environ 200 autres \u00aben stock\u00bb. L&rsquo;Allemagne est pr\u00eate \u00e0 autoriser Varsovie \u00e0 livrer les chars dont elle dispose, selon Annalena Baerbock. \u00abSi on nous posait la question, nous ne nous opposerions pas\u00bb, a d\u00e9clar\u00e9 dimanche 22 janvier la ministre \u00e9cologiste, qui gouverne en coalition avec les sociaux-d\u00e9mocrates d&rsquo;Olaf Scholz et les lib\u00e9raux. \u00abPour l&rsquo;instant, la question n&rsquo;a pas \u00e9t\u00e9 pos\u00e9e\u00bb par la Pologne, tenue de faire une demande officielle \u00e0 Berlin, a pr\u00e9cis\u00e9 alors la ministre. La d\u00e9cision finale appartient n\u00e9anmoins au chancelier, qui a jusqu&rsquo;\u00e0 pr\u00e9sent refus\u00e9 de se prononcer sur la question de ces livraisons indirectes, tout comme sur celle de fournir directement des Leopard issus des stocks allemands.<\/p>\n\n\n\n<p>Khider L.<\/p>\n","protected":false},"excerpt":{"rendered":"<p>Le pr\u00e9sident de l&rsquo;ex\u00e9cutif de la R\u00e9publique autoproclam\u00e9e de Donetsk, Denis Pouchiline, s&rsquo;est affich\u00e9 \u00e0 Soledar, ville dont Moscou a<\/p>\n","protected":false},"author":3,"featured_media":34700,"comment_status":"open","ping_status":"closed","sticky":false,"template":"","format":"standard","meta":{"colormag_page_container_layout":"default_layout","colormag_page_sidebar_layout":"default_layout","om_disable_all_campaigns":false,"_monsterinsights_skip_tracking":false,"_monsterinsights_sitenote_active":false,"_monsterinsights_sitenote_note":"","_monsterinsights_sitenote_category":0,"footnotes":"","_wpscppro_dont_share_socialmedia":false,"_wpscppro_custom_social_share_image":0,"_facebook_share_type":"","_twitter_share_type":"","_linkedin_share_type":"","_pinterest_share_type":"","_linkedin_share_type_page":"","_instagram_share_type":"","_medium_share_type":"","_threads_share_type":"","_google_business_share_type":"","_selected_social_profile":[],"_wpsp_enable_custom_social_template":false,"_wpsp_social_scheduling":{"enabled":false,"datetime":null,"platforms":[],"status":"template_only","dateOption":"today","timeOption":"now","customDays":"","customHours":"","customDate":"","customTime":"","schedulingType":"absolute"},"_wpsp_active_default_template":true},"categories":[37],"tags":[],"class_list":["post-34696","post","type-post","status-publish","format-standard","has-post-thumbnail","hentry","category-monde"],"aioseo_notices":[],"yoast_head":"<!-- This site is optimized with the Yoast SEO plugin v27.5 - https:\/\/yoast.com\/product\/yoast-seo-wordpress\/ -->\n<title>Guerre en Ukraine\u00a0: La ville de Soledar et deux villages pr\u00e9s par les Russes - La Sentinelle<\/title>\n<meta name=\"robots\" content=\"index, follow, max-snippet:-1, max-image-preview:large, max-video-preview:-1\" \/>\n<link rel=\"canonical\" href=\"https:\/\/lasentinelle.dz\/index.php\/2023\/01\/23\/guerre-en-ukraine-la-ville-de-soledar-et-deux-villages-pres-par-les-russes\/\" \/>\n<meta property=\"og:locale\" content=\"fr_FR\" \/>\n<meta property=\"og:type\" content=\"article\" \/>\n<meta property=\"og:title\" content=\"Guerre en Ukraine\u00a0: La ville de Soledar et deux villages pr\u00e9s par les Russes - La Sentinelle\" \/>\n<meta property=\"og:description\" content=\"Le pr\u00e9sident de l&rsquo;ex\u00e9cutif de la R\u00e9publique autoproclam\u00e9e de Donetsk, Denis Pouchiline, s&rsquo;est affich\u00e9 \u00e0 Soledar, ville dont Moscou a\" \/>\n<meta property=\"og:url\" content=\"https:\/\/lasentinelle.dz\/index.php\/2023\/01\/23\/guerre-en-ukraine-la-ville-de-soledar-et-deux-villages-pres-par-les-russes\/\" \/>\n<meta property=\"og:site_name\" content=\"La Sentinelle\" \/>\n<meta property=\"article:publisher\" content=\"https:\/\/www.facebook.com\/La-Sentinelle-104059864394773\" \/>\n<meta property=\"article:published_time\" content=\"2023-01-23T21:05:00+00:00\" \/>\n<meta property=\"og:image\" content=\"https:\/\/lasentinelle.dz\/wp-content\/uploads\/2023\/01\/image_2023-01-23_171529295.png\" \/>\n\t<meta property=\"og:image:width\" content=\"1000\" \/>\n\t<meta property=\"og:image:height\" content=\"500\" \/>\n\t<meta property=\"og:image:type\" content=\"image\/png\" \/>\n<meta name=\"author\" content=\"La Sentinelle\" \/>\n<meta name=\"twitter:card\" content=\"summary_large_image\" \/>\n<meta name=\"twitter:label1\" content=\"\u00c9crit par\" \/>\n\t<meta name=\"twitter:data1\" content=\"La Sentinelle\" \/>\n\t<meta name=\"twitter:label2\" content=\"Dur\u00e9e de lecture estim\u00e9e\" \/>\n\t<meta name=\"twitter:data2\" content=\"4 minutes\" \/>\n<script type=\"application\/ld+json\" class=\"yoast-schema-graph\">{\"@context\":\"https:\\\/\\\/schema.org\",\"@graph\":[{\"@type\":\"Article\",\"@id\":\"https:\\\/\\\/lasentinelle.dz\\\/index.php\\\/2023\\\/01\\\/23\\\/guerre-en-ukraine-la-ville-de-soledar-et-deux-villages-pres-par-les-russes\\\/#article\",\"isPartOf\":{\"@id\":\"https:\\\/\\\/lasentinelle.dz\\\/index.php\\\/2023\\\/01\\\/23\\\/guerre-en-ukraine-la-ville-de-soledar-et-deux-villages-pres-par-les-russes\\\/\"},\"author\":{\"name\":\"La Sentinelle\",\"@id\":\"https:\\\/\\\/lasentinelle.dz\\\/#\\\/schema\\\/person\\\/d865044e22e70a75174ce8bcad3acfb3\"},\"headline\":\"Guerre en Ukraine\u00a0: La ville de Soledar et deux villages pr\u00e9s par les Russes\",\"datePublished\":\"2023-01-23T21:05:00+00:00\",\"mainEntityOfPage\":{\"@id\":\"https:\\\/\\\/lasentinelle.dz\\\/index.php\\\/2023\\\/01\\\/23\\\/guerre-en-ukraine-la-ville-de-soledar-et-deux-villages-pres-par-les-russes\\\/\"},\"wordCount\":749,\"commentCount\":0,\"publisher\":{\"@id\":\"https:\\\/\\\/lasentinelle.dz\\\/#organization\"},\"image\":{\"@id\":\"https:\\\/\\\/lasentinelle.dz\\\/index.php\\\/2023\\\/01\\\/23\\\/guerre-en-ukraine-la-ville-de-soledar-et-deux-villages-pres-par-les-russes\\\/#primaryimage\"},\"thumbnailUrl\":\"https:\\\/\\\/lasentinelle.dz\\\/wp-content\\\/uploads\\\/2023\\\/01\\\/image_2023-01-23_171529295.png\",\"articleSection\":[\"Monde\"],\"inLanguage\":\"fr-FR\",\"potentialAction\":[{\"@type\":\"CommentAction\",\"name\":\"Comment\",\"target\":[\"https:\\\/\\\/lasentinelle.dz\\\/index.php\\\/2023\\\/01\\\/23\\\/guerre-en-ukraine-la-ville-de-soledar-et-deux-villages-pres-par-les-russes\\\/#respond\"]}]},{\"@type\":\"WebPage\",\"@id\":\"https:\\\/\\\/lasentinelle.dz\\\/index.php\\\/2023\\\/01\\\/23\\\/guerre-en-ukraine-la-ville-de-soledar-et-deux-villages-pres-par-les-russes\\\/\",\"url\":\"https:\\\/\\\/lasentinelle.dz\\\/index.php\\\/2023\\\/01\\\/23\\\/guerre-en-ukraine-la-ville-de-soledar-et-deux-villages-pres-par-les-russes\\\/\",\"name\":\"Guerre en Ukraine\u00a0: La ville de Soledar et deux villages pr\u00e9s par les Russes - La Sentinelle\",\"isPartOf\":{\"@id\":\"https:\\\/\\\/lasentinelle.dz\\\/#website\"},\"primaryImageOfPage\":{\"@id\":\"https:\\\/\\\/lasentinelle.dz\\\/index.php\\\/2023\\\/01\\\/23\\\/guerre-en-ukraine-la-ville-de-soledar-et-deux-villages-pres-par-les-russes\\\/#primaryimage\"},\"image\":{\"@id\":\"https:\\\/\\\/lasentinelle.dz\\\/index.php\\\/2023\\\/01\\\/23\\\/guerre-en-ukraine-la-ville-de-soledar-et-deux-villages-pres-par-les-russes\\\/#primaryimage\"},\"thumbnailUrl\":\"https:\\\/\\\/lasentinelle.dz\\\/wp-content\\\/uploads\\\/2023\\\/01\\\/image_2023-01-23_171529295.png\",\"datePublished\":\"2023-01-23T21:05:00+00:00\",\"breadcrumb\":{\"@id\":\"https:\\\/\\\/lasentinelle.dz\\\/index.php\\\/2023\\\/01\\\/23\\\/guerre-en-ukraine-la-ville-de-soledar-et-deux-villages-pres-par-les-russes\\\/#breadcrumb\"},\"inLanguage\":\"fr-FR\",\"potentialAction\":[{\"@type\":\"ReadAction\",\"target\":[\"https:\\\/\\\/lasentinelle.dz\\\/index.php\\\/2023\\\/01\\\/23\\\/guerre-en-ukraine-la-ville-de-soledar-et-deux-villages-pres-par-les-russes\\\/\"]}]},{\"@type\":\"ImageObject\",\"inLanguage\":\"fr-FR\",\"@id\":\"https:\\\/\\\/lasentinelle.dz\\\/index.php\\\/2023\\\/01\\\/23\\\/guerre-en-ukraine-la-ville-de-soledar-et-deux-villages-pres-par-les-russes\\\/#primaryimage\",\"url\":\"https:\\\/\\\/lasentinelle.dz\\\/wp-content\\\/uploads\\\/2023\\\/01\\\/image_2023-01-23_171529295.png\",\"contentUrl\":\"https:\\\/\\\/lasentinelle.dz\\\/wp-content\\\/uploads\\\/2023\\\/01\\\/image_2023-01-23_171529295.png\",\"width\":1000,\"height\":500},{\"@type\":\"BreadcrumbList\",\"@id\":\"https:\\\/\\\/lasentinelle.dz\\\/index.php\\\/2023\\\/01\\\/23\\\/guerre-en-ukraine-la-ville-de-soledar-et-deux-villages-pres-par-les-russes\\\/#breadcrumb\",\"itemListElement\":[{\"@type\":\"ListItem\",\"position\":1,\"name\":\"Accueil\",\"item\":\"https:\\\/\\\/lasentinelle.dz\\\/\"},{\"@type\":\"ListItem\",\"position\":2,\"name\":\"Guerre en Ukraine\u00a0: La ville de Soledar et deux villages pr\u00e9s par les Russes\"}]},{\"@type\":\"WebSite\",\"@id\":\"https:\\\/\\\/lasentinelle.dz\\\/#website\",\"url\":\"https:\\\/\\\/lasentinelle.dz\\\/\",\"name\":\"La Sentinelle\",\"description\":\"Quotidien national d&#039;information\",\"publisher\":{\"@id\":\"https:\\\/\\\/lasentinelle.dz\\\/#organization\"},\"potentialAction\":[{\"@type\":\"SearchAction\",\"target\":{\"@type\":\"EntryPoint\",\"urlTemplate\":\"https:\\\/\\\/lasentinelle.dz\\\/?s={search_term_string}\"},\"query-input\":{\"@type\":\"PropertyValueSpecification\",\"valueRequired\":true,\"valueName\":\"search_term_string\"}}],\"inLanguage\":\"fr-FR\"},{\"@type\":\"Organization\",\"@id\":\"https:\\\/\\\/lasentinelle.dz\\\/#organization\",\"name\":\"Quotidien La Sentinelle\",\"url\":\"https:\\\/\\\/lasentinelle.dz\\\/\",\"logo\":{\"@type\":\"ImageObject\",\"inLanguage\":\"fr-FR\",\"@id\":\"https:\\\/\\\/lasentinelle.dz\\\/#\\\/schema\\\/logo\\\/image\\\/\",\"url\":\"https:\\\/\\\/lasentinelle.dz\\\/wp-content\\\/uploads\\\/2021\\\/09\\\/logo-sentinelleSLOGAN-1.png\",\"contentUrl\":\"https:\\\/\\\/lasentinelle.dz\\\/wp-content\\\/uploads\\\/2021\\\/09\\\/logo-sentinelleSLOGAN-1.png\",\"width\":615,\"height\":142,\"caption\":\"Quotidien La Sentinelle\"},\"image\":{\"@id\":\"https:\\\/\\\/lasentinelle.dz\\\/#\\\/schema\\\/logo\\\/image\\\/\"},\"sameAs\":[\"https:\\\/\\\/www.facebook.com\\\/La-Sentinelle-104059864394773\"]},{\"@type\":\"Person\",\"@id\":\"https:\\\/\\\/lasentinelle.dz\\\/#\\\/schema\\\/person\\\/d865044e22e70a75174ce8bcad3acfb3\",\"name\":\"La Sentinelle\",\"image\":{\"@type\":\"ImageObject\",\"inLanguage\":\"fr-FR\",\"@id\":\"https:\\\/\\\/secure.gravatar.com\\\/avatar\\\/57de8e5d4b15d43fb361a71fbb36338450fe67865b528a43dd10ef7c51a20392?s=96&d=mm&r=g\",\"url\":\"https:\\\/\\\/secure.gravatar.com\\\/avatar\\\/57de8e5d4b15d43fb361a71fbb36338450fe67865b528a43dd10ef7c51a20392?s=96&d=mm&r=g\",\"contentUrl\":\"https:\\\/\\\/secure.gravatar.com\\\/avatar\\\/57de8e5d4b15d43fb361a71fbb36338450fe67865b528a43dd10ef7c51a20392?s=96&d=mm&r=g\",\"caption\":\"La Sentinelle\"},\"sameAs\":[\"http:\\\/\\\/www.lasentinelle.dz\"],\"url\":\"https:\\\/\\\/lasentinelle.dz\\\/author\\\/redaction\\\/\"}]}<\/script>\n<!-- \/ Yoast SEO plugin. -->","yoast_head_json":{"title":"Guerre en Ukraine\u00a0: La ville de Soledar et deux villages pr\u00e9s par les Russes - La Sentinelle","robots":{"index":"index","follow":"follow","max-snippet":"max-snippet:-1","max-image-preview":"max-image-preview:large","max-video-preview":"max-video-preview:-1"},"canonical":"https:\/\/lasentinelle.dz\/index.php\/2023\/01\/23\/guerre-en-ukraine-la-ville-de-soledar-et-deux-villages-pres-par-les-russes\/","og_locale":"fr_FR","og_type":"article","og_title":"Guerre en Ukraine\u00a0: La ville de Soledar et deux villages pr\u00e9s par les Russes - La Sentinelle","og_description":"Le pr\u00e9sident de l&rsquo;ex\u00e9cutif de la R\u00e9publique autoproclam\u00e9e de Donetsk, Denis Pouchiline, s&rsquo;est affich\u00e9 \u00e0 Soledar, ville dont Moscou a","og_url":"https:\/\/lasentinelle.dz\/index.php\/2023\/01\/23\/guerre-en-ukraine-la-ville-de-soledar-et-deux-villages-pres-par-les-russes\/","og_site_name":"La Sentinelle","article_publisher":"https:\/\/www.facebook.com\/La-Sentinelle-104059864394773","article_published_time":"2023-01-23T21:05:00+00:00","og_image":[{"width":1000,"height":500,"url":"https:\/\/lasentinelle.dz\/wp-content\/uploads\/2023\/01\/image_2023-01-23_171529295.png","type":"image\/png"}],"author":"La Sentinelle","twitter_card":"summary_large_image","twitter_misc":{"\u00c9crit par":"La Sentinelle","Dur\u00e9e de lecture estim\u00e9e":"4 minutes"},"schema":{"@context":"https:\/\/schema.org","@graph":[{"@type":"Article","@id":"https:\/\/lasentinelle.dz\/index.php\/2023\/01\/23\/guerre-en-ukraine-la-ville-de-soledar-et-deux-villages-pres-par-les-russes\/#article","isPartOf":{"@id":"https:\/\/lasentinelle.dz\/index.php\/2023\/01\/23\/guerre-en-ukraine-la-ville-de-soledar-et-deux-villages-pres-par-les-russes\/"},"author":{"name":"La Sentinelle","@id":"https:\/\/lasentinelle.dz\/#\/schema\/person\/d865044e22e70a75174ce8bcad3acfb3"},"headline":"Guerre en Ukraine\u00a0: La ville de Soledar et deux villages pr\u00e9s par les Russes","datePublished":"2023-01-23T21:05:00+00:00","mainEntityOfPage":{"@id":"https:\/\/lasentinelle.dz\/index.php\/2023\/01\/23\/guerre-en-ukraine-la-ville-de-soledar-et-deux-villages-pres-par-les-russes\/"},"wordCount":749,"commentCount":0,"publisher":{"@id":"https:\/\/lasentinelle.dz\/#organization"},"image":{"@id":"https:\/\/lasentinelle.dz\/index.php\/2023\/01\/23\/guerre-en-ukraine-la-ville-de-soledar-et-deux-villages-pres-par-les-russes\/#primaryimage"},"thumbnailUrl":"https:\/\/lasentinelle.dz\/wp-content\/uploads\/2023\/01\/image_2023-01-23_171529295.png","articleSection":["Monde"],"inLanguage":"fr-FR","potentialAction":[{"@type":"CommentAction","name":"Comment","target":["https:\/\/lasentinelle.dz\/index.php\/2023\/01\/23\/guerre-en-ukraine-la-ville-de-soledar-et-deux-villages-pres-par-les-russes\/#respond"]}]},{"@type":"WebPage","@id":"https:\/\/lasentinelle.dz\/index.php\/2023\/01\/23\/guerre-en-ukraine-la-ville-de-soledar-et-deux-villages-pres-par-les-russes\/","url":"https:\/\/lasentinelle.dz\/index.php\/2023\/01\/23\/guerre-en-ukraine-la-ville-de-soledar-et-deux-villages-pres-par-les-russes\/","name":"Guerre en Ukraine\u00a0: La ville de Soledar et deux villages pr\u00e9s par les Russes - La Sentinelle","isPartOf":{"@id":"https:\/\/lasentinelle.dz\/#website"},"primaryImageOfPage":{"@id":"https:\/\/lasentinelle.dz\/index.php\/2023\/01\/23\/guerre-en-ukraine-la-ville-de-soledar-et-deux-villages-pres-par-les-russes\/#primaryimage"},"image":{"@id":"https:\/\/lasentinelle.dz\/index.php\/2023\/01\/23\/guerre-en-ukraine-la-ville-de-soledar-et-deux-villages-pres-par-les-russes\/#primaryimage"},"thumbnailUrl":"https:\/\/lasentinelle.dz\/wp-content\/uploads\/2023\/01\/image_2023-01-23_171529295.png","datePublished":"2023-01-23T21:05:00+00:00","breadcrumb":{"@id":"https:\/\/lasentinelle.dz\/index.php\/2023\/01\/23\/guerre-en-ukraine-la-ville-de-soledar-et-deux-villages-pres-par-les-russes\/#breadcrumb"},"inLanguage":"fr-FR","potentialAction":[{"@type":"ReadAction","target":["https:\/\/lasentinelle.dz\/index.php\/2023\/01\/23\/guerre-en-ukraine-la-ville-de-soledar-et-deux-villages-pres-par-les-russes\/"]}]},{"@type":"ImageObject","inLanguage":"fr-FR","@id":"https:\/\/lasentinelle.dz\/index.php\/2023\/01\/23\/guerre-en-ukraine-la-ville-de-soledar-et-deux-villages-pres-par-les-russes\/#primaryimage","url":"https:\/\/lasentinelle.dz\/wp-content\/uploads\/2023\/01\/image_2023-01-23_171529295.png","contentUrl":"https:\/\/lasentinelle.dz\/wp-content\/uploads\/2023\/01\/image_2023-01-23_171529295.png","width":1000,"height":500},{"@type":"BreadcrumbList","@id":"https:\/\/lasentinelle.dz\/index.php\/2023\/01\/23\/guerre-en-ukraine-la-ville-de-soledar-et-deux-villages-pres-par-les-russes\/#breadcrumb","itemListElement":[{"@type":"ListItem","position":1,"name":"Accueil","item":"https:\/\/lasentinelle.dz\/"},{"@type":"ListItem","position":2,"name":"Guerre en Ukraine\u00a0: La ville de Soledar et deux villages pr\u00e9s par les Russes"}]},{"@type":"WebSite","@id":"https:\/\/lasentinelle.dz\/#website","url":"https:\/\/lasentinelle.dz\/","name":"La Sentinelle","description":"Quotidien national d&#039;information","publisher":{"@id":"https:\/\/lasentinelle.dz\/#organization"},"potentialAction":[{"@type":"SearchAction","target":{"@type":"EntryPoint","urlTemplate":"https:\/\/lasentinelle.dz\/?s={search_term_string}"},"query-input":{"@type":"PropertyValueSpecification","valueRequired":true,"valueName":"search_term_string"}}],"inLanguage":"fr-FR"},{"@type":"Organization","@id":"https:\/\/lasentinelle.dz\/#organization","name":"Quotidien La Sentinelle","url":"https:\/\/lasentinelle.dz\/","logo":{"@type":"ImageObject","inLanguage":"fr-FR","@id":"https:\/\/lasentinelle.dz\/#\/schema\/logo\/image\/","url":"https:\/\/lasentinelle.dz\/wp-content\/uploads\/2021\/09\/logo-sentinelleSLOGAN-1.png","contentUrl":"https:\/\/lasentinelle.dz\/wp-content\/uploads\/2021\/09\/logo-sentinelleSLOGAN-1.png","width":615,"height":142,"caption":"Quotidien La Sentinelle"},"image":{"@id":"https:\/\/lasentinelle.dz\/#\/schema\/logo\/image\/"},"sameAs":["https:\/\/www.facebook.com\/La-Sentinelle-104059864394773"]},{"@type":"Person","@id":"https:\/\/lasentinelle.dz\/#\/schema\/person\/d865044e22e70a75174ce8bcad3acfb3","name":"La Sentinelle","image":{"@type":"ImageObject","inLanguage":"fr-FR","@id":"https:\/\/secure.gravatar.com\/avatar\/57de8e5d4b15d43fb361a71fbb36338450fe67865b528a43dd10ef7c51a20392?s=96&d=mm&r=g","url":"https:\/\/secure.gravatar.com\/avatar\/57de8e5d4b15d43fb361a71fbb36338450fe67865b528a43dd10ef7c51a20392?s=96&d=mm&r=g","contentUrl":"https:\/\/secure.gravatar.com\/avatar\/57de8e5d4b15d43fb361a71fbb36338450fe67865b528a43dd10ef7c51a20392?s=96&d=mm&r=g","caption":"La Sentinelle"},"sameAs":["http:\/\/www.lasentinelle.dz"],"url":"https:\/\/lasentinelle.dz\/author\/redaction\/"}]}},"_links":{"self":[{"href":"https:\/\/lasentinelle.dz\/index.php\/wp-json\/wp\/v2\/posts\/34696","targetHints":{"allow":["GET"]}}],"collection":[{"href":"https:\/\/lasentinelle.dz\/index.php\/wp-json\/wp\/v2\/posts"}],"about":[{"href":"https:\/\/lasentinelle.dz\/index.php\/wp-json\/wp\/v2\/types\/post"}],"author":[{"embeddable":true,"href":"https:\/\/lasentinelle.dz\/index.php\/wp-json\/wp\/v2\/users\/3"}],"replies":[{"embeddable":true,"href":"https:\/\/lasentinelle.dz\/index.php\/wp-json\/wp\/v2\/comments?post=34696"}],"version-history":[{"count":2,"href":"https:\/\/lasentinelle.dz\/index.php\/wp-json\/wp\/v2\/posts\/34696\/revisions"}],"predecessor-version":[{"id":34765,"href":"https:\/\/lasentinelle.dz\/index.php\/wp-json\/wp\/v2\/posts\/34696\/revisions\/34765"}],"wp:featuredmedia":[{"embeddable":true,"href":"https:\/\/lasentinelle.dz\/index.php\/wp-json\/wp\/v2\/media\/34700"}],"wp:attachment":[{"href":"https:\/\/lasentinelle.dz\/index.php\/wp-json\/wp\/v2\/media?parent=34696"}],"wp:term":[{"taxonomy":"category","embeddable":true,"href":"https:\/\/lasentinelle.dz\/index.php\/wp-json\/wp\/v2\/categories?post=34696"},{"taxonomy":"post_tag","embeddable":true,"href":"https:\/\/lasentinelle.dz\/index.php\/wp-json\/wp\/v2\/tags?post=34696"}],"curies":[{"name":"wp","href":"https:\/\/api.w.org\/{rel}","templated":true}]}}