{"id":34709,"date":"2023-01-23T22:05:00","date_gmt":"2023-01-23T21:05:00","guid":{"rendered":"https:\/\/lasentinelle.dz\/?p=34709"},"modified":"2023-01-23T20:24:57","modified_gmt":"2023-01-23T19:24:57","slug":"anp-crash-dun-helicoptere-a-ain-defla","status":"publish","type":"post","link":"https:\/\/lasentinelle.dz\/index.php\/2023\/01\/23\/anp-crash-dun-helicoptere-a-ain-defla\/","title":{"rendered":"ANP\u00a0: Crash d&rsquo;un h\u00e9licopt\u00e8re \u00e0 Ain Defla"},"content":{"rendered":"\n<p>Un h\u00e9licopt\u00e8re de l\u2019ANP s\u2019est crash\u00e9 hier dans la wilaya de A\u00efn Defla, indique un communiqu\u00e9 du minist\u00e8re de la D\u00e9fense nationale (MDN).\u00a0\u00bbLors d\u2019une mission de vol d\u2019entrainement planifi\u00e9, un h\u00e9licopt\u00e8re de type MI-171 s\u2019est \u00e9cras\u00e9 dans l\u2019apr\u00e8s-midi d\u2019aujourd\u2019hui, lundi 23 janvier 2023, aux environs de la localit\u00e9 d\u2019El Attaf dans la wilaya de A\u00efn Defla en 1\u00e8re R\u00e9gion Militaire, causant le d\u00e9c\u00e8s du Colonel Mourad Menari, du Commandant Moussa Mohamed Dahmani et du Sergent Oussama Cheboua\u00a0\u00bb, pr\u00e9cise le communiqu\u00e9.\u00a0\u00bbEn cette douloureuse \u00e9preuve, Monsieur le G\u00e9n\u00e9ral d\u2019Arm\u00e9e Sa\u00efd Chanegriha, Chef d\u2019Etat-major de l\u2019Arm\u00e9e Nationale Populaire, pr\u00e9sente en son nom et au nom de l&rsquo;ensemble des personnels de l&rsquo;Arm\u00e9e Nationale Populaire, ses sinc\u00e8res condol\u00e9ances et sa profonde compassion aux familles et aux proches des Chouhada, priant Allah Le Tout Puissant de leur pr\u00eater force et courage et d&rsquo;accorder aux Chouhada Sa Grande Mis\u00e9ricorde\u00a0\u00bb.Monsieur le G\u00e9n\u00e9ral d\u2019Arm\u00e9e, a \u00e9galement \u00ab\u00a0ordonn\u00e9 l&rsquo;ouverture d&rsquo;une enqu\u00eate pour d\u00e9terminer les causes et les circonstances de cet accident\u00a0\u00bb, ajoute la m\u00eame source. Le pr\u00e9sident de la R\u00e9publique, Abdelmadjid Tebboune, a \u00e9galement pr\u00e9sent\u00e9 ses sinc\u00e8res condol\u00e9ances suite au d\u00e9c\u00e8s en martyrs, lundi, des membres de l&rsquo;\u00e9quipage.\u00a0\u00bbSuite au crash d&rsquo;un h\u00e9licopt\u00e8re militaire effectuant une mission d&rsquo;entrainement programm\u00e9e dans la r\u00e9gion d&rsquo;El Attaf dans la wilaya de Ain Defla, le pr\u00e9sident de la R\u00e9publique, chef supr\u00eame des Forces arm\u00e9es, ministre de la D\u00e9fense nationale, M. Abdelmadjid Tebboune, pr\u00e9sente ses sinc\u00e8res condol\u00e9ances aux familles des martyrs, le colonel Menari Mourad, le commandant Dahmani Moussa Mohamed et le sergent contractuel Cheboue Oussama\u00a0\u00bb, lit-on dans le message de condol\u00e9ances.Le Pr\u00e9sident Tebboune a \u00e9galement pr\u00e9sent\u00e9 ses condol\u00e9ances \u00e0 \u00ab\u00a0tous les \u00e9l\u00e9ments de l&rsquo;Arm\u00e9e nationale populaire (ANP) suite \u00e0 ce tragique accident.<\/p>\n\n\n\n<p>R.N.<\/p>\n","protected":false},"excerpt":{"rendered":"<p>Un h\u00e9licopt\u00e8re de l\u2019ANP s\u2019est crash\u00e9 hier dans la wilaya de A\u00efn Defla, indique un communiqu\u00e9 du minist\u00e8re de la<\/p>\n","protected":false},"author":3,"featured_media":34752,"comment_status":"open","ping_status":"closed","sticky":false,"template":"","format":"standard","meta":{"colormag_page_container_layout":"default_layout","colormag_page_sidebar_layout":"default_layout","om_disable_all_campaigns":false,"_monsterinsights_skip_tracking":false,"_monsterinsights_sitenote_active":false,"_monsterinsights_sitenote_note":"","_monsterinsights_sitenote_category":0,"footnotes":"","_wpscppro_dont_share_socialmedia":false,"_wpscppro_custom_social_share_image":0,"_facebook_share_type":"","_twitter_share_type":"","_linkedin_share_type":"","_pinterest_share_type":"","_linkedin_share_type_page":"","_instagram_share_type":"","_medium_share_type":"","_threads_share_type":"","_google_business_share_type":"","_selected_social_profile":[],"_wpsp_enable_custom_social_template":false,"_wpsp_social_scheduling":{"enabled":false,"datetime":null,"platforms":[],"status":"template_only","dateOption":"today","timeOption":"now","customDays":"","customHours":"","customDate":"","customTime":"","schedulingType":"absolute"},"_wpsp_active_default_template":true},"categories":[27],"tags":[],"class_list":["post-34709","post","type-post","status-publish","format-standard","has-post-thumbnail","hentry","category-actualite"],"aioseo_notices":[],"yoast_head":"<!-- This site is optimized with the Yoast SEO plugin v27.5 - https:\/\/yoast.com\/product\/yoast-seo-wordpress\/ -->\n<title>ANP\u00a0: Crash d&rsquo;un h\u00e9licopt\u00e8re \u00e0 Ain Defla - La Sentinelle<\/title>\n<meta name=\"robots\" content=\"index, follow, max-snippet:-1, max-image-preview:large, max-video-preview:-1\" \/>\n<link rel=\"canonical\" href=\"https:\/\/lasentinelle.dz\/index.php\/2023\/01\/23\/anp-crash-dun-helicoptere-a-ain-defla\/\" \/>\n<meta property=\"og:locale\" content=\"fr_FR\" \/>\n<meta property=\"og:type\" content=\"article\" \/>\n<meta property=\"og:title\" content=\"ANP\u00a0: Crash d&rsquo;un h\u00e9licopt\u00e8re \u00e0 Ain Defla - La Sentinelle\" \/>\n<meta property=\"og:description\" content=\"Un h\u00e9licopt\u00e8re de l\u2019ANP s\u2019est crash\u00e9 hier dans la wilaya de A\u00efn Defla, indique un communiqu\u00e9 du minist\u00e8re de la\" \/>\n<meta property=\"og:url\" content=\"https:\/\/lasentinelle.dz\/index.php\/2023\/01\/23\/anp-crash-dun-helicoptere-a-ain-defla\/\" \/>\n<meta property=\"og:site_name\" content=\"La Sentinelle\" \/>\n<meta property=\"article:publisher\" content=\"https:\/\/www.facebook.com\/La-Sentinelle-104059864394773\" \/>\n<meta property=\"article:published_time\" content=\"2023-01-23T21:05:00+00:00\" \/>\n<meta property=\"og:image\" content=\"https:\/\/lasentinelle.dz\/wp-content\/uploads\/2023\/01\/image_2023-01-23_202446900.png\" \/>\n\t<meta property=\"og:image:width\" content=\"700\" \/>\n\t<meta property=\"og:image:height\" content=\"350\" \/>\n\t<meta property=\"og:image:type\" content=\"image\/png\" \/>\n<meta name=\"author\" content=\"La Sentinelle\" \/>\n<meta name=\"twitter:card\" content=\"summary_large_image\" \/>\n<meta name=\"twitter:label1\" content=\"\u00c9crit par\" \/>\n\t<meta name=\"twitter:data1\" content=\"La Sentinelle\" \/>\n\t<meta name=\"twitter:label2\" content=\"Dur\u00e9e de lecture estim\u00e9e\" \/>\n\t<meta name=\"twitter:data2\" content=\"2 minutes\" \/>\n<script type=\"application\/ld+json\" class=\"yoast-schema-graph\">{\"@context\":\"https:\\\/\\\/schema.org\",\"@graph\":[{\"@type\":\"Article\",\"@id\":\"https:\\\/\\\/lasentinelle.dz\\\/index.php\\\/2023\\\/01\\\/23\\\/anp-crash-dun-helicoptere-a-ain-defla\\\/#article\",\"isPartOf\":{\"@id\":\"https:\\\/\\\/lasentinelle.dz\\\/index.php\\\/2023\\\/01\\\/23\\\/anp-crash-dun-helicoptere-a-ain-defla\\\/\"},\"author\":{\"name\":\"La Sentinelle\",\"@id\":\"https:\\\/\\\/lasentinelle.dz\\\/#\\\/schema\\\/person\\\/d865044e22e70a75174ce8bcad3acfb3\"},\"headline\":\"ANP\u00a0: Crash d&rsquo;un h\u00e9licopt\u00e8re \u00e0 Ain Defla\",\"datePublished\":\"2023-01-23T21:05:00+00:00\",\"mainEntityOfPage\":{\"@id\":\"https:\\\/\\\/lasentinelle.dz\\\/index.php\\\/2023\\\/01\\\/23\\\/anp-crash-dun-helicoptere-a-ain-defla\\\/\"},\"wordCount\":368,\"commentCount\":0,\"publisher\":{\"@id\":\"https:\\\/\\\/lasentinelle.dz\\\/#organization\"},\"image\":{\"@id\":\"https:\\\/\\\/lasentinelle.dz\\\/index.php\\\/2023\\\/01\\\/23\\\/anp-crash-dun-helicoptere-a-ain-defla\\\/#primaryimage\"},\"thumbnailUrl\":\"https:\\\/\\\/lasentinelle.dz\\\/wp-content\\\/uploads\\\/2023\\\/01\\\/image_2023-01-23_202446900.png\",\"articleSection\":[\"Actualit\u00e9\"],\"inLanguage\":\"fr-FR\",\"potentialAction\":[{\"@type\":\"CommentAction\",\"name\":\"Comment\",\"target\":[\"https:\\\/\\\/lasentinelle.dz\\\/index.php\\\/2023\\\/01\\\/23\\\/anp-crash-dun-helicoptere-a-ain-defla\\\/#respond\"]}]},{\"@type\":\"WebPage\",\"@id\":\"https:\\\/\\\/lasentinelle.dz\\\/index.php\\\/2023\\\/01\\\/23\\\/anp-crash-dun-helicoptere-a-ain-defla\\\/\",\"url\":\"https:\\\/\\\/lasentinelle.dz\\\/index.php\\\/2023\\\/01\\\/23\\\/anp-crash-dun-helicoptere-a-ain-defla\\\/\",\"name\":\"ANP\u00a0: Crash d&rsquo;un h\u00e9licopt\u00e8re \u00e0 Ain Defla - La Sentinelle\",\"isPartOf\":{\"@id\":\"https:\\\/\\\/lasentinelle.dz\\\/#website\"},\"primaryImageOfPage\":{\"@id\":\"https:\\\/\\\/lasentinelle.dz\\\/index.php\\\/2023\\\/01\\\/23\\\/anp-crash-dun-helicoptere-a-ain-defla\\\/#primaryimage\"},\"image\":{\"@id\":\"https:\\\/\\\/lasentinelle.dz\\\/index.php\\\/2023\\\/01\\\/23\\\/anp-crash-dun-helicoptere-a-ain-defla\\\/#primaryimage\"},\"thumbnailUrl\":\"https:\\\/\\\/lasentinelle.dz\\\/wp-content\\\/uploads\\\/2023\\\/01\\\/image_2023-01-23_202446900.png\",\"datePublished\":\"2023-01-23T21:05:00+00:00\",\"breadcrumb\":{\"@id\":\"https:\\\/\\\/lasentinelle.dz\\\/index.php\\\/2023\\\/01\\\/23\\\/anp-crash-dun-helicoptere-a-ain-defla\\\/#breadcrumb\"},\"inLanguage\":\"fr-FR\",\"potentialAction\":[{\"@type\":\"ReadAction\",\"target\":[\"https:\\\/\\\/lasentinelle.dz\\\/index.php\\\/2023\\\/01\\\/23\\\/anp-crash-dun-helicoptere-a-ain-defla\\\/\"]}]},{\"@type\":\"ImageObject\",\"inLanguage\":\"fr-FR\",\"@id\":\"https:\\\/\\\/lasentinelle.dz\\\/index.php\\\/2023\\\/01\\\/23\\\/anp-crash-dun-helicoptere-a-ain-defla\\\/#primaryimage\",\"url\":\"https:\\\/\\\/lasentinelle.dz\\\/wp-content\\\/uploads\\\/2023\\\/01\\\/image_2023-01-23_202446900.png\",\"contentUrl\":\"https:\\\/\\\/lasentinelle.dz\\\/wp-content\\\/uploads\\\/2023\\\/01\\\/image_2023-01-23_202446900.png\",\"width\":700,\"height\":350},{\"@type\":\"BreadcrumbList\",\"@id\":\"https:\\\/\\\/lasentinelle.dz\\\/index.php\\\/2023\\\/01\\\/23\\\/anp-crash-dun-helicoptere-a-ain-defla\\\/#breadcrumb\",\"itemListElement\":[{\"@type\":\"ListItem\",\"position\":1,\"name\":\"Accueil\",\"item\":\"https:\\\/\\\/lasentinelle.dz\\\/\"},{\"@type\":\"ListItem\",\"position\":2,\"name\":\"ANP\u00a0: Crash d&rsquo;un h\u00e9licopt\u00e8re \u00e0 Ain Defla\"}]},{\"@type\":\"WebSite\",\"@id\":\"https:\\\/\\\/lasentinelle.dz\\\/#website\",\"url\":\"https:\\\/\\\/lasentinelle.dz\\\/\",\"name\":\"La Sentinelle\",\"description\":\"Quotidien national d&#039;information\",\"publisher\":{\"@id\":\"https:\\\/\\\/lasentinelle.dz\\\/#organization\"},\"potentialAction\":[{\"@type\":\"SearchAction\",\"target\":{\"@type\":\"EntryPoint\",\"urlTemplate\":\"https:\\\/\\\/lasentinelle.dz\\\/?s={search_term_string}\"},\"query-input\":{\"@type\":\"PropertyValueSpecification\",\"valueRequired\":true,\"valueName\":\"search_term_string\"}}],\"inLanguage\":\"fr-FR\"},{\"@type\":\"Organization\",\"@id\":\"https:\\\/\\\/lasentinelle.dz\\\/#organization\",\"name\":\"Quotidien La Sentinelle\",\"url\":\"https:\\\/\\\/lasentinelle.dz\\\/\",\"logo\":{\"@type\":\"ImageObject\",\"inLanguage\":\"fr-FR\",\"@id\":\"https:\\\/\\\/lasentinelle.dz\\\/#\\\/schema\\\/logo\\\/image\\\/\",\"url\":\"https:\\\/\\\/lasentinelle.dz\\\/wp-content\\\/uploads\\\/2021\\\/09\\\/logo-sentinelleSLOGAN-1.png\",\"contentUrl\":\"https:\\\/\\\/lasentinelle.dz\\\/wp-content\\\/uploads\\\/2021\\\/09\\\/logo-sentinelleSLOGAN-1.png\",\"width\":615,\"height\":142,\"caption\":\"Quotidien La Sentinelle\"},\"image\":{\"@id\":\"https:\\\/\\\/lasentinelle.dz\\\/#\\\/schema\\\/logo\\\/image\\\/\"},\"sameAs\":[\"https:\\\/\\\/www.facebook.com\\\/La-Sentinelle-104059864394773\"]},{\"@type\":\"Person\",\"@id\":\"https:\\\/\\\/lasentinelle.dz\\\/#\\\/schema\\\/person\\\/d865044e22e70a75174ce8bcad3acfb3\",\"name\":\"La Sentinelle\",\"image\":{\"@type\":\"ImageObject\",\"inLanguage\":\"fr-FR\",\"@id\":\"https:\\\/\\\/secure.gravatar.com\\\/avatar\\\/57de8e5d4b15d43fb361a71fbb36338450fe67865b528a43dd10ef7c51a20392?s=96&d=mm&r=g\",\"url\":\"https:\\\/\\\/secure.gravatar.com\\\/avatar\\\/57de8e5d4b15d43fb361a71fbb36338450fe67865b528a43dd10ef7c51a20392?s=96&d=mm&r=g\",\"contentUrl\":\"https:\\\/\\\/secure.gravatar.com\\\/avatar\\\/57de8e5d4b15d43fb361a71fbb36338450fe67865b528a43dd10ef7c51a20392?s=96&d=mm&r=g\",\"caption\":\"La Sentinelle\"},\"sameAs\":[\"http:\\\/\\\/www.lasentinelle.dz\"],\"url\":\"https:\\\/\\\/lasentinelle.dz\\\/author\\\/redaction\\\/\"}]}<\/script>\n<!-- \/ Yoast SEO plugin. -->","yoast_head_json":{"title":"ANP\u00a0: Crash d&rsquo;un h\u00e9licopt\u00e8re \u00e0 Ain Defla - La Sentinelle","robots":{"index":"index","follow":"follow","max-snippet":"max-snippet:-1","max-image-preview":"max-image-preview:large","max-video-preview":"max-video-preview:-1"},"canonical":"https:\/\/lasentinelle.dz\/index.php\/2023\/01\/23\/anp-crash-dun-helicoptere-a-ain-defla\/","og_locale":"fr_FR","og_type":"article","og_title":"ANP\u00a0: Crash d&rsquo;un h\u00e9licopt\u00e8re \u00e0 Ain Defla - La Sentinelle","og_description":"Un h\u00e9licopt\u00e8re de l\u2019ANP s\u2019est crash\u00e9 hier dans la wilaya de A\u00efn Defla, indique un communiqu\u00e9 du minist\u00e8re de la","og_url":"https:\/\/lasentinelle.dz\/index.php\/2023\/01\/23\/anp-crash-dun-helicoptere-a-ain-defla\/","og_site_name":"La Sentinelle","article_publisher":"https:\/\/www.facebook.com\/La-Sentinelle-104059864394773","article_published_time":"2023-01-23T21:05:00+00:00","og_image":[{"width":700,"height":350,"url":"https:\/\/lasentinelle.dz\/wp-content\/uploads\/2023\/01\/image_2023-01-23_202446900.png","type":"image\/png"}],"author":"La Sentinelle","twitter_card":"summary_large_image","twitter_misc":{"\u00c9crit par":"La Sentinelle","Dur\u00e9e de lecture estim\u00e9e":"2 minutes"},"schema":{"@context":"https:\/\/schema.org","@graph":[{"@type":"Article","@id":"https:\/\/lasentinelle.dz\/index.php\/2023\/01\/23\/anp-crash-dun-helicoptere-a-ain-defla\/#article","isPartOf":{"@id":"https:\/\/lasentinelle.dz\/index.php\/2023\/01\/23\/anp-crash-dun-helicoptere-a-ain-defla\/"},"author":{"name":"La Sentinelle","@id":"https:\/\/lasentinelle.dz\/#\/schema\/person\/d865044e22e70a75174ce8bcad3acfb3"},"headline":"ANP\u00a0: Crash d&rsquo;un h\u00e9licopt\u00e8re \u00e0 Ain Defla","datePublished":"2023-01-23T21:05:00+00:00","mainEntityOfPage":{"@id":"https:\/\/lasentinelle.dz\/index.php\/2023\/01\/23\/anp-crash-dun-helicoptere-a-ain-defla\/"},"wordCount":368,"commentCount":0,"publisher":{"@id":"https:\/\/lasentinelle.dz\/#organization"},"image":{"@id":"https:\/\/lasentinelle.dz\/index.php\/2023\/01\/23\/anp-crash-dun-helicoptere-a-ain-defla\/#primaryimage"},"thumbnailUrl":"https:\/\/lasentinelle.dz\/wp-content\/uploads\/2023\/01\/image_2023-01-23_202446900.png","articleSection":["Actualit\u00e9"],"inLanguage":"fr-FR","potentialAction":[{"@type":"CommentAction","name":"Comment","target":["https:\/\/lasentinelle.dz\/index.php\/2023\/01\/23\/anp-crash-dun-helicoptere-a-ain-defla\/#respond"]}]},{"@type":"WebPage","@id":"https:\/\/lasentinelle.dz\/index.php\/2023\/01\/23\/anp-crash-dun-helicoptere-a-ain-defla\/","url":"https:\/\/lasentinelle.dz\/index.php\/2023\/01\/23\/anp-crash-dun-helicoptere-a-ain-defla\/","name":"ANP\u00a0: Crash d&rsquo;un h\u00e9licopt\u00e8re \u00e0 Ain Defla - La Sentinelle","isPartOf":{"@id":"https:\/\/lasentinelle.dz\/#website"},"primaryImageOfPage":{"@id":"https:\/\/lasentinelle.dz\/index.php\/2023\/01\/23\/anp-crash-dun-helicoptere-a-ain-defla\/#primaryimage"},"image":{"@id":"https:\/\/lasentinelle.dz\/index.php\/2023\/01\/23\/anp-crash-dun-helicoptere-a-ain-defla\/#primaryimage"},"thumbnailUrl":"https:\/\/lasentinelle.dz\/wp-content\/uploads\/2023\/01\/image_2023-01-23_202446900.png","datePublished":"2023-01-23T21:05:00+00:00","breadcrumb":{"@id":"https:\/\/lasentinelle.dz\/index.php\/2023\/01\/23\/anp-crash-dun-helicoptere-a-ain-defla\/#breadcrumb"},"inLanguage":"fr-FR","potentialAction":[{"@type":"ReadAction","target":["https:\/\/lasentinelle.dz\/index.php\/2023\/01\/23\/anp-crash-dun-helicoptere-a-ain-defla\/"]}]},{"@type":"ImageObject","inLanguage":"fr-FR","@id":"https:\/\/lasentinelle.dz\/index.php\/2023\/01\/23\/anp-crash-dun-helicoptere-a-ain-defla\/#primaryimage","url":"https:\/\/lasentinelle.dz\/wp-content\/uploads\/2023\/01\/image_2023-01-23_202446900.png","contentUrl":"https:\/\/lasentinelle.dz\/wp-content\/uploads\/2023\/01\/image_2023-01-23_202446900.png","width":700,"height":350},{"@type":"BreadcrumbList","@id":"https:\/\/lasentinelle.dz\/index.php\/2023\/01\/23\/anp-crash-dun-helicoptere-a-ain-defla\/#breadcrumb","itemListElement":[{"@type":"ListItem","position":1,"name":"Accueil","item":"https:\/\/lasentinelle.dz\/"},{"@type":"ListItem","position":2,"name":"ANP\u00a0: Crash d&rsquo;un h\u00e9licopt\u00e8re \u00e0 Ain Defla"}]},{"@type":"WebSite","@id":"https:\/\/lasentinelle.dz\/#website","url":"https:\/\/lasentinelle.dz\/","name":"La Sentinelle","description":"Quotidien national d&#039;information","publisher":{"@id":"https:\/\/lasentinelle.dz\/#organization"},"potentialAction":[{"@type":"SearchAction","target":{"@type":"EntryPoint","urlTemplate":"https:\/\/lasentinelle.dz\/?s={search_term_string}"},"query-input":{"@type":"PropertyValueSpecification","valueRequired":true,"valueName":"search_term_string"}}],"inLanguage":"fr-FR"},{"@type":"Organization","@id":"https:\/\/lasentinelle.dz\/#organization","name":"Quotidien La Sentinelle","url":"https:\/\/lasentinelle.dz\/","logo":{"@type":"ImageObject","inLanguage":"fr-FR","@id":"https:\/\/lasentinelle.dz\/#\/schema\/logo\/image\/","url":"https:\/\/lasentinelle.dz\/wp-content\/uploads\/2021\/09\/logo-sentinelleSLOGAN-1.png","contentUrl":"https:\/\/lasentinelle.dz\/wp-content\/uploads\/2021\/09\/logo-sentinelleSLOGAN-1.png","width":615,"height":142,"caption":"Quotidien La Sentinelle"},"image":{"@id":"https:\/\/lasentinelle.dz\/#\/schema\/logo\/image\/"},"sameAs":["https:\/\/www.facebook.com\/La-Sentinelle-104059864394773"]},{"@type":"Person","@id":"https:\/\/lasentinelle.dz\/#\/schema\/person\/d865044e22e70a75174ce8bcad3acfb3","name":"La Sentinelle","image":{"@type":"ImageObject","inLanguage":"fr-FR","@id":"https:\/\/secure.gravatar.com\/avatar\/57de8e5d4b15d43fb361a71fbb36338450fe67865b528a43dd10ef7c51a20392?s=96&d=mm&r=g","url":"https:\/\/secure.gravatar.com\/avatar\/57de8e5d4b15d43fb361a71fbb36338450fe67865b528a43dd10ef7c51a20392?s=96&d=mm&r=g","contentUrl":"https:\/\/secure.gravatar.com\/avatar\/57de8e5d4b15d43fb361a71fbb36338450fe67865b528a43dd10ef7c51a20392?s=96&d=mm&r=g","caption":"La Sentinelle"},"sameAs":["http:\/\/www.lasentinelle.dz"],"url":"https:\/\/lasentinelle.dz\/author\/redaction\/"}]}},"_links":{"self":[{"href":"https:\/\/lasentinelle.dz\/index.php\/wp-json\/wp\/v2\/posts\/34709","targetHints":{"allow":["GET"]}}],"collection":[{"href":"https:\/\/lasentinelle.dz\/index.php\/wp-json\/wp\/v2\/posts"}],"about":[{"href":"https:\/\/lasentinelle.dz\/index.php\/wp-json\/wp\/v2\/types\/post"}],"author":[{"embeddable":true,"href":"https:\/\/lasentinelle.dz\/index.php\/wp-json\/wp\/v2\/users\/3"}],"replies":[{"embeddable":true,"href":"https:\/\/lasentinelle.dz\/index.php\/wp-json\/wp\/v2\/comments?post=34709"}],"version-history":[{"count":1,"href":"https:\/\/lasentinelle.dz\/index.php\/wp-json\/wp\/v2\/posts\/34709\/revisions"}],"predecessor-version":[{"id":34754,"href":"https:\/\/lasentinelle.dz\/index.php\/wp-json\/wp\/v2\/posts\/34709\/revisions\/34754"}],"wp:featuredmedia":[{"embeddable":true,"href":"https:\/\/lasentinelle.dz\/index.php\/wp-json\/wp\/v2\/media\/34752"}],"wp:attachment":[{"href":"https:\/\/lasentinelle.dz\/index.php\/wp-json\/wp\/v2\/media?parent=34709"}],"wp:term":[{"taxonomy":"category","embeddable":true,"href":"https:\/\/lasentinelle.dz\/index.php\/wp-json\/wp\/v2\/categories?post=34709"},{"taxonomy":"post_tag","embeddable":true,"href":"https:\/\/lasentinelle.dz\/index.php\/wp-json\/wp\/v2\/tags?post=34709"}],"curies":[{"name":"wp","href":"https:\/\/api.w.org\/{rel}","templated":true}]}}