{"id":34801,"date":"2023-01-24T22:00:00","date_gmt":"2023-01-24T21:00:00","guid":{"rendered":"https:\/\/lasentinelle.dz\/?p=34801"},"modified":"2023-01-24T17:22:14","modified_gmt":"2023-01-24T16:22:14","slug":"__trashed-144","status":"publish","type":"post","link":"https:\/\/lasentinelle.dz\/index.php\/2023\/01\/24\/__trashed-144\/","title":{"rendered":"Yacine Idriss Diallo, pr\u00e9sident de la F\u00e9d\u00e9ration ivoirienne de football\u00a0: \u00ab\u00a0L&rsquo;Alg\u00e9rie dispose des infrastructures de qualit\u00e9\u00a0\u00bb"},"content":{"rendered":"\n<p>Le pr\u00e9sident de la F\u00e9d\u00e9ration ivoirienne de football,Yacine Idriss Diallo,est \u00e0 la t\u00eate d\u2019une d\u00e9l\u00e9gation de 37 membres ivoiriens du comit\u00e9 d&rsquo;organisation (COCAN) de la CAN 2023 (report\u00e9e \u00e0 2024) en C\u00f4te d&rsquo;Ivoire laquelle a effectu\u00e9 lundi une visite au stade Nelson-Mandela de Baraki, pour s&rsquo;impr\u00e9gner de l&rsquo;exp\u00e9rience alg\u00e9rienne dans le domaine de l&rsquo;organisation de grands \u00e9v\u00e8nements sportifs et ce \u00e0 l\u2019occasion du 7e Championnat d&rsquo;Afrique des nations CHAN-2022 (report\u00e9 \u00e0 2023).<\/p>\n\n\n\n<p>Le pr\u00e9sident de la FIF \u00e9tait accompagn\u00e9 de plusieurs membres du football ivoiriens et ce, dans le but d&rsquo;apprendre davantage des exp\u00e9riences de certains pays, \u00e0 l&rsquo;image de l&rsquo;Alg\u00e9rie, pour pr\u00e9parer la CAN, dont l&rsquo;organisation avait \u00e9t\u00e9 attribu\u00e9e \u00e0 la C\u00f4te d&rsquo;Ivoire apr\u00e8s celle organis\u00e9e en 1992.\u00a0\u00bbNous allons prendre ce qui est le meilleur pour organiser une CAN \u00e0 la hauteur des esp\u00e9rances. Nous sommes pr\u00eats pour la CAN. Le pr\u00e9sident ivoirien Alassane Ouattara a d\u00e9cr\u00e9t\u00e9 l&rsquo;ann\u00e9e 2023 comme ann\u00e9e de la Jeunesse en pr\u00e9lude \u00e0 la CAN. Le pays a mis d&rsquo;\u00e9normes moyens. Nous allons faire en sorte de faire de notre mieux pour organiser un bon tournoi\u00a0\u00bb.<\/p>\n\n\n\n<p>Yacine Idriss Diallo a exprim\u00e9&nbsp; son admiration pour la \u00ab\u00a0qualit\u00e9\u00a0\u00bb des infrastructures en Alg\u00e9rie, pays h\u00f4te du CHAN qui se d\u00e9roule depuis le 13 janvier.\u00a0\u00bbCette visite nous a permis de s&rsquo;enqu\u00e9rir de diff\u00e9rentes informations utiles pour organiser un \u00e9v\u00e8nement sportif. Nous sommes aussi ici pour apprendre en m\u00eame temps. J&rsquo;\u00e9tais \u00e0 Annaba, et j&rsquo;ai vu des infrastructures magnifiques. L&rsquo;Alg\u00e9rie reste un grand pays du football qui dispose des infrastructures de qualit\u00e9. Nous sommes accueillis dans d&rsquo;excellentes conditions\u00a0\u00bb, a d\u00e9clar\u00e9 le premier responsable de la FIF, lors d&rsquo;un point de presse organis\u00e9 au stade Nelson-Mandela de Baraki.Interrog\u00e9 sur le choc des quarts de finale du CHAN, pr\u00e9vu vendredi entre l&rsquo;Alg\u00e9rie et la C\u00f4te d&rsquo;Ivoire au stade Nelson-Mandela de Baraki (17h00), Yacine Idriss Diallo, a estim\u00e9 que son \u00e9quipe \u00e9tait pr\u00eate pour affronter les \u00ab\u00a0Verts\u00a0\u00bb dans leur antre.\u00a0\u00bbL&rsquo;Alg\u00e9rie poss\u00e8de une bonne \u00e9quipe, en t\u00e9moigne le carton plein r\u00e9alis\u00e9 lors de la phase de poules avec trois succ\u00e8s de suite. L&rsquo;\u00e9quipe alg\u00e9rienne est le favori N.1 de la comp\u00e9tition, de par l&rsquo;avantage du terrain et du public. La C\u00f4te d&rsquo;Ivoire est pr\u00eate pour ce rendez-vous, j&rsquo;esp\u00e8re que les joueurs r\u00e9aliseront un bon match vendredi. Que le meilleur gagne\u00a0\u00bb, a-t-il conclu.Pour rappel, la C\u00f4te d&rsquo;Ivoire, dont il s&rsquo;agit de la cinqui\u00e8me participation, a termin\u00e9 2e du groupe B, \u00e0 la faveur de sa victoire dimanche soir face \u00e0 l&rsquo;Ouganda (3-1) au stade de Baraki.<\/p>\n\n\n\n<p>R.S.<\/p>\n","protected":false},"excerpt":{"rendered":"<p>Le pr\u00e9sident de la F\u00e9d\u00e9ration ivoirienne de football,Yacine Idriss Diallo,est \u00e0 la t\u00eate d\u2019une d\u00e9l\u00e9gation de 37 membres ivoiriens du<\/p>\n","protected":false},"author":3,"featured_media":34804,"comment_status":"open","ping_status":"closed","sticky":false,"template":"","format":"standard","meta":{"colormag_page_container_layout":"default_layout","colormag_page_sidebar_layout":"default_layout","om_disable_all_campaigns":false,"_monsterinsights_skip_tracking":false,"_monsterinsights_sitenote_active":false,"_monsterinsights_sitenote_note":"","_monsterinsights_sitenote_category":0,"footnotes":"","_wpscppro_dont_share_socialmedia":false,"_wpscppro_custom_social_share_image":0,"_facebook_share_type":"","_twitter_share_type":"","_linkedin_share_type":"","_pinterest_share_type":"","_linkedin_share_type_page":"","_instagram_share_type":"","_medium_share_type":"","_threads_share_type":"","_google_business_share_type":"","_selected_social_profile":[],"_wpsp_enable_custom_social_template":false,"_wpsp_social_scheduling":{"enabled":false,"datetime":null,"platforms":[],"status":"template_only","dateOption":"today","timeOption":"now","customDays":"","customHours":"","customDate":"","customTime":"","schedulingType":"absolute"},"_wpsp_active_default_template":true},"categories":[33],"tags":[],"class_list":["post-34801","post","type-post","status-publish","format-standard","has-post-thumbnail","hentry","category-sports"],"aioseo_notices":[],"yoast_head":"<!-- This site is optimized with the Yoast SEO plugin v27.5 - https:\/\/yoast.com\/product\/yoast-seo-wordpress\/ -->\n<title>Yacine Idriss Diallo, pr\u00e9sident de la F\u00e9d\u00e9ration ivoirienne de football\u00a0: \u00ab\u00a0L&rsquo;Alg\u00e9rie dispose des infrastructures de qualit\u00e9\u00a0\u00bb - La Sentinelle<\/title>\n<meta name=\"robots\" content=\"index, follow, max-snippet:-1, max-image-preview:large, max-video-preview:-1\" \/>\n<link rel=\"canonical\" href=\"https:\/\/lasentinelle.dz\/index.php\/2023\/01\/24\/__trashed-144\/\" \/>\n<meta property=\"og:locale\" content=\"fr_FR\" \/>\n<meta property=\"og:type\" content=\"article\" \/>\n<meta property=\"og:title\" content=\"Yacine Idriss Diallo, pr\u00e9sident de la F\u00e9d\u00e9ration ivoirienne de football\u00a0: \u00ab\u00a0L&rsquo;Alg\u00e9rie dispose des infrastructures de qualit\u00e9\u00a0\u00bb - La Sentinelle\" \/>\n<meta property=\"og:description\" content=\"Le pr\u00e9sident de la F\u00e9d\u00e9ration ivoirienne de football,Yacine Idriss Diallo,est \u00e0 la t\u00eate d\u2019une d\u00e9l\u00e9gation de 37 membres ivoiriens du\" \/>\n<meta property=\"og:url\" content=\"https:\/\/lasentinelle.dz\/index.php\/2023\/01\/24\/__trashed-144\/\" \/>\n<meta property=\"og:site_name\" content=\"La Sentinelle\" \/>\n<meta property=\"article:publisher\" content=\"https:\/\/www.facebook.com\/La-Sentinelle-104059864394773\" \/>\n<meta property=\"article:published_time\" content=\"2023-01-24T21:00:00+00:00\" \/>\n<meta property=\"og:image\" content=\"https:\/\/lasentinelle.dz\/wp-content\/uploads\/2023\/01\/Yacine-Idriss-Diallo.jpeg\" \/>\n\t<meta property=\"og:image:width\" content=\"1500\" \/>\n\t<meta property=\"og:image:height\" content=\"1041\" \/>\n\t<meta property=\"og:image:type\" content=\"image\/jpeg\" \/>\n<meta name=\"author\" content=\"La Sentinelle\" \/>\n<meta name=\"twitter:card\" content=\"summary_large_image\" \/>\n<meta name=\"twitter:label1\" content=\"\u00c9crit par\" \/>\n\t<meta name=\"twitter:data1\" content=\"La Sentinelle\" \/>\n\t<meta name=\"twitter:label2\" content=\"Dur\u00e9e de lecture estim\u00e9e\" \/>\n\t<meta name=\"twitter:data2\" content=\"3 minutes\" \/>\n<script type=\"application\/ld+json\" class=\"yoast-schema-graph\">{\"@context\":\"https:\\\/\\\/schema.org\",\"@graph\":[{\"@type\":\"Article\",\"@id\":\"https:\\\/\\\/lasentinelle.dz\\\/index.php\\\/2023\\\/01\\\/24\\\/__trashed-144\\\/#article\",\"isPartOf\":{\"@id\":\"https:\\\/\\\/lasentinelle.dz\\\/index.php\\\/2023\\\/01\\\/24\\\/__trashed-144\\\/\"},\"author\":{\"name\":\"La Sentinelle\",\"@id\":\"https:\\\/\\\/lasentinelle.dz\\\/#\\\/schema\\\/person\\\/d865044e22e70a75174ce8bcad3acfb3\"},\"headline\":\"Yacine Idriss Diallo, pr\u00e9sident de la F\u00e9d\u00e9ration ivoirienne de football\u00a0: \u00ab\u00a0L&rsquo;Alg\u00e9rie dispose des infrastructures de qualit\u00e9\u00a0\u00bb\",\"datePublished\":\"2023-01-24T21:00:00+00:00\",\"mainEntityOfPage\":{\"@id\":\"https:\\\/\\\/lasentinelle.dz\\\/index.php\\\/2023\\\/01\\\/24\\\/__trashed-144\\\/\"},\"wordCount\":510,\"commentCount\":0,\"publisher\":{\"@id\":\"https:\\\/\\\/lasentinelle.dz\\\/#organization\"},\"image\":{\"@id\":\"https:\\\/\\\/lasentinelle.dz\\\/index.php\\\/2023\\\/01\\\/24\\\/__trashed-144\\\/#primaryimage\"},\"thumbnailUrl\":\"https:\\\/\\\/lasentinelle.dz\\\/wp-content\\\/uploads\\\/2023\\\/01\\\/Yacine-Idriss-Diallo.jpeg\",\"articleSection\":[\"Sports\"],\"inLanguage\":\"fr-FR\",\"potentialAction\":[{\"@type\":\"CommentAction\",\"name\":\"Comment\",\"target\":[\"https:\\\/\\\/lasentinelle.dz\\\/index.php\\\/2023\\\/01\\\/24\\\/__trashed-144\\\/#respond\"]}]},{\"@type\":\"WebPage\",\"@id\":\"https:\\\/\\\/lasentinelle.dz\\\/index.php\\\/2023\\\/01\\\/24\\\/__trashed-144\\\/\",\"url\":\"https:\\\/\\\/lasentinelle.dz\\\/index.php\\\/2023\\\/01\\\/24\\\/__trashed-144\\\/\",\"name\":\"Yacine Idriss Diallo, pr\u00e9sident de la F\u00e9d\u00e9ration ivoirienne de football\u00a0: \u00ab\u00a0L&rsquo;Alg\u00e9rie dispose des infrastructures de qualit\u00e9\u00a0\u00bb - La Sentinelle\",\"isPartOf\":{\"@id\":\"https:\\\/\\\/lasentinelle.dz\\\/#website\"},\"primaryImageOfPage\":{\"@id\":\"https:\\\/\\\/lasentinelle.dz\\\/index.php\\\/2023\\\/01\\\/24\\\/__trashed-144\\\/#primaryimage\"},\"image\":{\"@id\":\"https:\\\/\\\/lasentinelle.dz\\\/index.php\\\/2023\\\/01\\\/24\\\/__trashed-144\\\/#primaryimage\"},\"thumbnailUrl\":\"https:\\\/\\\/lasentinelle.dz\\\/wp-content\\\/uploads\\\/2023\\\/01\\\/Yacine-Idriss-Diallo.jpeg\",\"datePublished\":\"2023-01-24T21:00:00+00:00\",\"breadcrumb\":{\"@id\":\"https:\\\/\\\/lasentinelle.dz\\\/index.php\\\/2023\\\/01\\\/24\\\/__trashed-144\\\/#breadcrumb\"},\"inLanguage\":\"fr-FR\",\"potentialAction\":[{\"@type\":\"ReadAction\",\"target\":[\"https:\\\/\\\/lasentinelle.dz\\\/index.php\\\/2023\\\/01\\\/24\\\/__trashed-144\\\/\"]}]},{\"@type\":\"ImageObject\",\"inLanguage\":\"fr-FR\",\"@id\":\"https:\\\/\\\/lasentinelle.dz\\\/index.php\\\/2023\\\/01\\\/24\\\/__trashed-144\\\/#primaryimage\",\"url\":\"https:\\\/\\\/lasentinelle.dz\\\/wp-content\\\/uploads\\\/2023\\\/01\\\/Yacine-Idriss-Diallo.jpeg\",\"contentUrl\":\"https:\\\/\\\/lasentinelle.dz\\\/wp-content\\\/uploads\\\/2023\\\/01\\\/Yacine-Idriss-Diallo.jpeg\",\"width\":1500,\"height\":1041},{\"@type\":\"BreadcrumbList\",\"@id\":\"https:\\\/\\\/lasentinelle.dz\\\/index.php\\\/2023\\\/01\\\/24\\\/__trashed-144\\\/#breadcrumb\",\"itemListElement\":[{\"@type\":\"ListItem\",\"position\":1,\"name\":\"Accueil\",\"item\":\"https:\\\/\\\/lasentinelle.dz\\\/\"},{\"@type\":\"ListItem\",\"position\":2,\"name\":\"Yacine Idriss Diallo, pr\u00e9sident de la F\u00e9d\u00e9ration ivoirienne de football\u00a0: \u00ab\u00a0L&rsquo;Alg\u00e9rie dispose des infrastructures de qualit\u00e9\u00a0\u00bb\"}]},{\"@type\":\"WebSite\",\"@id\":\"https:\\\/\\\/lasentinelle.dz\\\/#website\",\"url\":\"https:\\\/\\\/lasentinelle.dz\\\/\",\"name\":\"La Sentinelle\",\"description\":\"Quotidien national d&#039;information\",\"publisher\":{\"@id\":\"https:\\\/\\\/lasentinelle.dz\\\/#organization\"},\"potentialAction\":[{\"@type\":\"SearchAction\",\"target\":{\"@type\":\"EntryPoint\",\"urlTemplate\":\"https:\\\/\\\/lasentinelle.dz\\\/?s={search_term_string}\"},\"query-input\":{\"@type\":\"PropertyValueSpecification\",\"valueRequired\":true,\"valueName\":\"search_term_string\"}}],\"inLanguage\":\"fr-FR\"},{\"@type\":\"Organization\",\"@id\":\"https:\\\/\\\/lasentinelle.dz\\\/#organization\",\"name\":\"Quotidien La Sentinelle\",\"url\":\"https:\\\/\\\/lasentinelle.dz\\\/\",\"logo\":{\"@type\":\"ImageObject\",\"inLanguage\":\"fr-FR\",\"@id\":\"https:\\\/\\\/lasentinelle.dz\\\/#\\\/schema\\\/logo\\\/image\\\/\",\"url\":\"https:\\\/\\\/lasentinelle.dz\\\/wp-content\\\/uploads\\\/2021\\\/09\\\/logo-sentinelleSLOGAN-1.png\",\"contentUrl\":\"https:\\\/\\\/lasentinelle.dz\\\/wp-content\\\/uploads\\\/2021\\\/09\\\/logo-sentinelleSLOGAN-1.png\",\"width\":615,\"height\":142,\"caption\":\"Quotidien La Sentinelle\"},\"image\":{\"@id\":\"https:\\\/\\\/lasentinelle.dz\\\/#\\\/schema\\\/logo\\\/image\\\/\"},\"sameAs\":[\"https:\\\/\\\/www.facebook.com\\\/La-Sentinelle-104059864394773\"]},{\"@type\":\"Person\",\"@id\":\"https:\\\/\\\/lasentinelle.dz\\\/#\\\/schema\\\/person\\\/d865044e22e70a75174ce8bcad3acfb3\",\"name\":\"La Sentinelle\",\"image\":{\"@type\":\"ImageObject\",\"inLanguage\":\"fr-FR\",\"@id\":\"https:\\\/\\\/secure.gravatar.com\\\/avatar\\\/57de8e5d4b15d43fb361a71fbb36338450fe67865b528a43dd10ef7c51a20392?s=96&d=mm&r=g\",\"url\":\"https:\\\/\\\/secure.gravatar.com\\\/avatar\\\/57de8e5d4b15d43fb361a71fbb36338450fe67865b528a43dd10ef7c51a20392?s=96&d=mm&r=g\",\"contentUrl\":\"https:\\\/\\\/secure.gravatar.com\\\/avatar\\\/57de8e5d4b15d43fb361a71fbb36338450fe67865b528a43dd10ef7c51a20392?s=96&d=mm&r=g\",\"caption\":\"La Sentinelle\"},\"sameAs\":[\"http:\\\/\\\/www.lasentinelle.dz\"],\"url\":\"https:\\\/\\\/lasentinelle.dz\\\/author\\\/redaction\\\/\"}]}<\/script>\n<!-- \/ Yoast SEO plugin. -->","yoast_head_json":{"title":"Yacine Idriss Diallo, pr\u00e9sident de la F\u00e9d\u00e9ration ivoirienne de football\u00a0: \u00ab\u00a0L&rsquo;Alg\u00e9rie dispose des infrastructures de qualit\u00e9\u00a0\u00bb - La Sentinelle","robots":{"index":"index","follow":"follow","max-snippet":"max-snippet:-1","max-image-preview":"max-image-preview:large","max-video-preview":"max-video-preview:-1"},"canonical":"https:\/\/lasentinelle.dz\/index.php\/2023\/01\/24\/__trashed-144\/","og_locale":"fr_FR","og_type":"article","og_title":"Yacine Idriss Diallo, pr\u00e9sident de la F\u00e9d\u00e9ration ivoirienne de football\u00a0: \u00ab\u00a0L&rsquo;Alg\u00e9rie dispose des infrastructures de qualit\u00e9\u00a0\u00bb - La Sentinelle","og_description":"Le pr\u00e9sident de la F\u00e9d\u00e9ration ivoirienne de football,Yacine Idriss Diallo,est \u00e0 la t\u00eate d\u2019une d\u00e9l\u00e9gation de 37 membres ivoiriens du","og_url":"https:\/\/lasentinelle.dz\/index.php\/2023\/01\/24\/__trashed-144\/","og_site_name":"La Sentinelle","article_publisher":"https:\/\/www.facebook.com\/La-Sentinelle-104059864394773","article_published_time":"2023-01-24T21:00:00+00:00","og_image":[{"width":1500,"height":1041,"url":"https:\/\/lasentinelle.dz\/wp-content\/uploads\/2023\/01\/Yacine-Idriss-Diallo.jpeg","type":"image\/jpeg"}],"author":"La Sentinelle","twitter_card":"summary_large_image","twitter_misc":{"\u00c9crit par":"La Sentinelle","Dur\u00e9e de lecture estim\u00e9e":"3 minutes"},"schema":{"@context":"https:\/\/schema.org","@graph":[{"@type":"Article","@id":"https:\/\/lasentinelle.dz\/index.php\/2023\/01\/24\/__trashed-144\/#article","isPartOf":{"@id":"https:\/\/lasentinelle.dz\/index.php\/2023\/01\/24\/__trashed-144\/"},"author":{"name":"La Sentinelle","@id":"https:\/\/lasentinelle.dz\/#\/schema\/person\/d865044e22e70a75174ce8bcad3acfb3"},"headline":"Yacine Idriss Diallo, pr\u00e9sident de la F\u00e9d\u00e9ration ivoirienne de football\u00a0: \u00ab\u00a0L&rsquo;Alg\u00e9rie dispose des infrastructures de qualit\u00e9\u00a0\u00bb","datePublished":"2023-01-24T21:00:00+00:00","mainEntityOfPage":{"@id":"https:\/\/lasentinelle.dz\/index.php\/2023\/01\/24\/__trashed-144\/"},"wordCount":510,"commentCount":0,"publisher":{"@id":"https:\/\/lasentinelle.dz\/#organization"},"image":{"@id":"https:\/\/lasentinelle.dz\/index.php\/2023\/01\/24\/__trashed-144\/#primaryimage"},"thumbnailUrl":"https:\/\/lasentinelle.dz\/wp-content\/uploads\/2023\/01\/Yacine-Idriss-Diallo.jpeg","articleSection":["Sports"],"inLanguage":"fr-FR","potentialAction":[{"@type":"CommentAction","name":"Comment","target":["https:\/\/lasentinelle.dz\/index.php\/2023\/01\/24\/__trashed-144\/#respond"]}]},{"@type":"WebPage","@id":"https:\/\/lasentinelle.dz\/index.php\/2023\/01\/24\/__trashed-144\/","url":"https:\/\/lasentinelle.dz\/index.php\/2023\/01\/24\/__trashed-144\/","name":"Yacine Idriss Diallo, pr\u00e9sident de la F\u00e9d\u00e9ration ivoirienne de football\u00a0: \u00ab\u00a0L&rsquo;Alg\u00e9rie dispose des infrastructures de qualit\u00e9\u00a0\u00bb - La Sentinelle","isPartOf":{"@id":"https:\/\/lasentinelle.dz\/#website"},"primaryImageOfPage":{"@id":"https:\/\/lasentinelle.dz\/index.php\/2023\/01\/24\/__trashed-144\/#primaryimage"},"image":{"@id":"https:\/\/lasentinelle.dz\/index.php\/2023\/01\/24\/__trashed-144\/#primaryimage"},"thumbnailUrl":"https:\/\/lasentinelle.dz\/wp-content\/uploads\/2023\/01\/Yacine-Idriss-Diallo.jpeg","datePublished":"2023-01-24T21:00:00+00:00","breadcrumb":{"@id":"https:\/\/lasentinelle.dz\/index.php\/2023\/01\/24\/__trashed-144\/#breadcrumb"},"inLanguage":"fr-FR","potentialAction":[{"@type":"ReadAction","target":["https:\/\/lasentinelle.dz\/index.php\/2023\/01\/24\/__trashed-144\/"]}]},{"@type":"ImageObject","inLanguage":"fr-FR","@id":"https:\/\/lasentinelle.dz\/index.php\/2023\/01\/24\/__trashed-144\/#primaryimage","url":"https:\/\/lasentinelle.dz\/wp-content\/uploads\/2023\/01\/Yacine-Idriss-Diallo.jpeg","contentUrl":"https:\/\/lasentinelle.dz\/wp-content\/uploads\/2023\/01\/Yacine-Idriss-Diallo.jpeg","width":1500,"height":1041},{"@type":"BreadcrumbList","@id":"https:\/\/lasentinelle.dz\/index.php\/2023\/01\/24\/__trashed-144\/#breadcrumb","itemListElement":[{"@type":"ListItem","position":1,"name":"Accueil","item":"https:\/\/lasentinelle.dz\/"},{"@type":"ListItem","position":2,"name":"Yacine Idriss Diallo, pr\u00e9sident de la F\u00e9d\u00e9ration ivoirienne de football\u00a0: \u00ab\u00a0L&rsquo;Alg\u00e9rie dispose des infrastructures de qualit\u00e9\u00a0\u00bb"}]},{"@type":"WebSite","@id":"https:\/\/lasentinelle.dz\/#website","url":"https:\/\/lasentinelle.dz\/","name":"La Sentinelle","description":"Quotidien national d&#039;information","publisher":{"@id":"https:\/\/lasentinelle.dz\/#organization"},"potentialAction":[{"@type":"SearchAction","target":{"@type":"EntryPoint","urlTemplate":"https:\/\/lasentinelle.dz\/?s={search_term_string}"},"query-input":{"@type":"PropertyValueSpecification","valueRequired":true,"valueName":"search_term_string"}}],"inLanguage":"fr-FR"},{"@type":"Organization","@id":"https:\/\/lasentinelle.dz\/#organization","name":"Quotidien La Sentinelle","url":"https:\/\/lasentinelle.dz\/","logo":{"@type":"ImageObject","inLanguage":"fr-FR","@id":"https:\/\/lasentinelle.dz\/#\/schema\/logo\/image\/","url":"https:\/\/lasentinelle.dz\/wp-content\/uploads\/2021\/09\/logo-sentinelleSLOGAN-1.png","contentUrl":"https:\/\/lasentinelle.dz\/wp-content\/uploads\/2021\/09\/logo-sentinelleSLOGAN-1.png","width":615,"height":142,"caption":"Quotidien La Sentinelle"},"image":{"@id":"https:\/\/lasentinelle.dz\/#\/schema\/logo\/image\/"},"sameAs":["https:\/\/www.facebook.com\/La-Sentinelle-104059864394773"]},{"@type":"Person","@id":"https:\/\/lasentinelle.dz\/#\/schema\/person\/d865044e22e70a75174ce8bcad3acfb3","name":"La Sentinelle","image":{"@type":"ImageObject","inLanguage":"fr-FR","@id":"https:\/\/secure.gravatar.com\/avatar\/57de8e5d4b15d43fb361a71fbb36338450fe67865b528a43dd10ef7c51a20392?s=96&d=mm&r=g","url":"https:\/\/secure.gravatar.com\/avatar\/57de8e5d4b15d43fb361a71fbb36338450fe67865b528a43dd10ef7c51a20392?s=96&d=mm&r=g","contentUrl":"https:\/\/secure.gravatar.com\/avatar\/57de8e5d4b15d43fb361a71fbb36338450fe67865b528a43dd10ef7c51a20392?s=96&d=mm&r=g","caption":"La Sentinelle"},"sameAs":["http:\/\/www.lasentinelle.dz"],"url":"https:\/\/lasentinelle.dz\/author\/redaction\/"}]}},"_links":{"self":[{"href":"https:\/\/lasentinelle.dz\/index.php\/wp-json\/wp\/v2\/posts\/34801","targetHints":{"allow":["GET"]}}],"collection":[{"href":"https:\/\/lasentinelle.dz\/index.php\/wp-json\/wp\/v2\/posts"}],"about":[{"href":"https:\/\/lasentinelle.dz\/index.php\/wp-json\/wp\/v2\/types\/post"}],"author":[{"embeddable":true,"href":"https:\/\/lasentinelle.dz\/index.php\/wp-json\/wp\/v2\/users\/3"}],"replies":[{"embeddable":true,"href":"https:\/\/lasentinelle.dz\/index.php\/wp-json\/wp\/v2\/comments?post=34801"}],"version-history":[{"count":3,"href":"https:\/\/lasentinelle.dz\/index.php\/wp-json\/wp\/v2\/posts\/34801\/revisions"}],"predecessor-version":[{"id":34805,"href":"https:\/\/lasentinelle.dz\/index.php\/wp-json\/wp\/v2\/posts\/34801\/revisions\/34805"}],"wp:featuredmedia":[{"embeddable":true,"href":"https:\/\/lasentinelle.dz\/index.php\/wp-json\/wp\/v2\/media\/34804"}],"wp:attachment":[{"href":"https:\/\/lasentinelle.dz\/index.php\/wp-json\/wp\/v2\/media?parent=34801"}],"wp:term":[{"taxonomy":"category","embeddable":true,"href":"https:\/\/lasentinelle.dz\/index.php\/wp-json\/wp\/v2\/categories?post=34801"},{"taxonomy":"post_tag","embeddable":true,"href":"https:\/\/lasentinelle.dz\/index.php\/wp-json\/wp\/v2\/tags?post=34801"}],"curies":[{"name":"wp","href":"https:\/\/api.w.org\/{rel}","templated":true}]}}