{"id":34811,"date":"2023-01-24T22:00:00","date_gmt":"2023-01-24T21:00:00","guid":{"rendered":"https:\/\/lasentinelle.dz\/?p=34811"},"modified":"2023-01-24T17:35:11","modified_gmt":"2023-01-24T16:35:11","slug":"can-2023-u17-remmane-intensifie-le-travail-a-chlef","status":"publish","type":"post","link":"https:\/\/lasentinelle.dz\/index.php\/2023\/01\/24\/can-2023-u17-remmane-intensifie-le-travail-a-chlef\/","title":{"rendered":"CAN-2023 (U17)\u00a0: Remmane intensifie le travail \u00e0 Chlef"},"content":{"rendered":"\n<p>La s\u00e9lection nationale U17 poursuit sa pr\u00e9paration \u00e0 Chlef \u00e0 un rythme soutenu.<\/p>\n\n\n\n<p>Lundi au troisi\u00e8me jour de stage bloqu\u00e9 \u00e0 Chlef, les prot\u00e9g\u00e9s d\u2019Arezki Remmane ont effectu\u00e9 un programme biquotidien, avec une s\u00e9ance physique le matin et un travail technico-tactique dans l&rsquo;apr\u00e8s-midi, a annonc\u00e9 la F\u00e9d\u00e9ration de football (FAF).Ne disposant que d&rsquo;un effectif de 21 joueurs, \u00ab\u00a0le coach Arezki Remmane s&rsquo;est content\u00e9 d&rsquo;une opposition de neuf joueurs contre neuf\u00a0\u00bb pendant la s\u00e9ance technico-tactique, a-t-on d\u00e9taill\u00e9 de m\u00eame source, au moment o\u00f9 l&rsquo;entra\u00eeneur des gardien, Tarek Nouioua, a intensifi\u00e9 le travail avec ses trois portiers : Imad Benfatiha, Hammou Laraba et Tarek Hammad.Parmi les 21 joueurs convoqu\u00e9s par le coach Arezki Remmane, deux nouvelles t\u00eates : Elias Na\u00eft Abdelaziz, soci\u00e9taire du club fran\u00e7ais, Versailles, et Elias Yassir Aous, de l&rsquo;Etoile Sportive de Ben Aknoun.La premi\u00e8re s\u00e9ance d&rsquo;entra\u00eenement, s&rsquo;\u00e9tait d\u00e9roul\u00e9e dans la matin\u00e9e, au niveau de la salle de gymnastique, et elle a dur\u00e9 une heure, sous la direction de l&rsquo;entra\u00eeneur adjoint, Hassan Nougui, a d\u00e9taill\u00e9&nbsp; la FAF sur son site officiel.&nbsp; Par ailleurs, la s\u00e9ance a vu la visite du Wali de Chlef, Attallah Moulati, qui a tenu \u00e0 saluer les jeunes Verts \u00e0 l\u2019entra\u00eenement pour s\u2019enqu\u00e9rir de leurs conditions de s\u00e9jour dans sa ville et leur souhaiter bonne chance pour la CAN TotalEnergies \u2013 Alg\u00e9rie 2023.Ce stage, entam\u00e9 samedi apr\u00e8s-midi, s&rsquo;inscrit dans le cadre de la pr\u00e9paration de la s\u00e9lection nationale en pr\u00e9vision de la Coupe d&rsquo;Afrique des nations de la cat\u00e9gorie, pr\u00e9vue cette ann\u00e9e en Alg\u00e9rie du 29 avril au 19 mai prochain.<\/p>\n\n\n\n<p>R.S.<\/p>\n\n\n\n<p><\/p>\n\n\n\n<p><strong>Liste des 21 joueurs convoqu\u00e9s:<\/strong><\/p>\n\n\n\n<p>Imad Benfatiha (Acad\u00e9mie de la FAF), Hammou Laraba (USM Alger), Tarek Hammad (Paradou AC), Ya\u00e2koub Gassi (Acad\u00e9mie de la FAF), Nadir Ya\u00e2koubi (Acad\u00e9mie de la FAF), Fadi Benabdelkader (Acad\u00e9mie de la FAF), Z\u00efad Nemer (Acad\u00e9mie de la FAF), Fa\u00efz Amem (Acad\u00e9mie de la FAF), Rami Bouaouiche (Acad\u00e9mie de la FAF), Abdelhak Benidder (Paradou AC), Anes Abed (Acad\u00e9mie de la FAF), Amine Galou (Paradou AC), Okba Souilah (Acad\u00e9mie de la FAF), Youcef Belka\u00efd (Paradou AC), Aleddine Limane (Acad\u00e9mie de la FAF), Issam Yazid (CR Belouizdad), Meslem Anatouf (Acad\u00e9mie de la FAF), Fethi Kessassi (Acad\u00e9mie de la FAF), Aymen Chegra (Paradou AC), Elias Na\u00eft Abdelaziz (Versailles\/France), Elias Yassir Aous (ES Ben Aknoun).<\/p>\n","protected":false},"excerpt":{"rendered":"<p>La s\u00e9lection nationale U17 poursuit sa pr\u00e9paration \u00e0 Chlef \u00e0 un rythme soutenu. Lundi au troisi\u00e8me jour de stage bloqu\u00e9<\/p>\n","protected":false},"author":3,"featured_media":34812,"comment_status":"open","ping_status":"closed","sticky":false,"template":"","format":"standard","meta":{"colormag_page_container_layout":"default_layout","colormag_page_sidebar_layout":"default_layout","om_disable_all_campaigns":false,"_monsterinsights_skip_tracking":false,"_monsterinsights_sitenote_active":false,"_monsterinsights_sitenote_note":"","_monsterinsights_sitenote_category":0,"footnotes":"","_wpscppro_dont_share_socialmedia":false,"_wpscppro_custom_social_share_image":0,"_facebook_share_type":"","_twitter_share_type":"","_linkedin_share_type":"","_pinterest_share_type":"","_linkedin_share_type_page":"","_instagram_share_type":"","_medium_share_type":"","_threads_share_type":"","_google_business_share_type":"","_selected_social_profile":[],"_wpsp_enable_custom_social_template":false,"_wpsp_social_scheduling":{"enabled":false,"datetime":null,"platforms":[],"status":"template_only","dateOption":"today","timeOption":"now","customDays":"","customHours":"","customDate":"","customTime":"","schedulingType":"absolute"},"_wpsp_active_default_template":true},"categories":[33],"tags":[],"class_list":["post-34811","post","type-post","status-publish","format-standard","has-post-thumbnail","hentry","category-sports"],"aioseo_notices":[],"yoast_head":"<!-- This site is optimized with the Yoast SEO plugin v27.5 - https:\/\/yoast.com\/product\/yoast-seo-wordpress\/ -->\n<title>CAN-2023 (U17)\u00a0: Remmane intensifie le travail \u00e0 Chlef - La Sentinelle<\/title>\n<meta name=\"robots\" content=\"index, follow, max-snippet:-1, max-image-preview:large, max-video-preview:-1\" \/>\n<link rel=\"canonical\" href=\"https:\/\/lasentinelle.dz\/index.php\/2023\/01\/24\/can-2023-u17-remmane-intensifie-le-travail-a-chlef\/\" \/>\n<meta property=\"og:locale\" content=\"fr_FR\" \/>\n<meta property=\"og:type\" content=\"article\" \/>\n<meta property=\"og:title\" content=\"CAN-2023 (U17)\u00a0: Remmane intensifie le travail \u00e0 Chlef - La Sentinelle\" \/>\n<meta property=\"og:description\" content=\"La s\u00e9lection nationale U17 poursuit sa pr\u00e9paration \u00e0 Chlef \u00e0 un rythme soutenu. Lundi au troisi\u00e8me jour de stage bloqu\u00e9\" \/>\n<meta property=\"og:url\" content=\"https:\/\/lasentinelle.dz\/index.php\/2023\/01\/24\/can-2023-u17-remmane-intensifie-le-travail-a-chlef\/\" \/>\n<meta property=\"og:site_name\" content=\"La Sentinelle\" \/>\n<meta property=\"article:publisher\" content=\"https:\/\/www.facebook.com\/La-Sentinelle-104059864394773\" \/>\n<meta property=\"article:published_time\" content=\"2023-01-24T21:00:00+00:00\" \/>\n<meta property=\"og:image\" content=\"https:\/\/lasentinelle.dz\/wp-content\/uploads\/2023\/01\/U17.jpeg\" \/>\n\t<meta property=\"og:image:width\" content=\"750\" \/>\n\t<meta property=\"og:image:height\" content=\"430\" \/>\n\t<meta property=\"og:image:type\" content=\"image\/jpeg\" \/>\n<meta name=\"author\" content=\"La Sentinelle\" \/>\n<meta name=\"twitter:card\" content=\"summary_large_image\" \/>\n<meta name=\"twitter:label1\" content=\"\u00c9crit par\" \/>\n\t<meta name=\"twitter:data1\" content=\"La Sentinelle\" \/>\n\t<meta name=\"twitter:label2\" content=\"Dur\u00e9e de lecture estim\u00e9e\" \/>\n\t<meta name=\"twitter:data2\" content=\"2 minutes\" \/>\n<script type=\"application\/ld+json\" class=\"yoast-schema-graph\">{\"@context\":\"https:\\\/\\\/schema.org\",\"@graph\":[{\"@type\":\"Article\",\"@id\":\"https:\\\/\\\/lasentinelle.dz\\\/index.php\\\/2023\\\/01\\\/24\\\/can-2023-u17-remmane-intensifie-le-travail-a-chlef\\\/#article\",\"isPartOf\":{\"@id\":\"https:\\\/\\\/lasentinelle.dz\\\/index.php\\\/2023\\\/01\\\/24\\\/can-2023-u17-remmane-intensifie-le-travail-a-chlef\\\/\"},\"author\":{\"name\":\"La Sentinelle\",\"@id\":\"https:\\\/\\\/lasentinelle.dz\\\/#\\\/schema\\\/person\\\/d865044e22e70a75174ce8bcad3acfb3\"},\"headline\":\"CAN-2023 (U17)\u00a0: Remmane intensifie le travail \u00e0 Chlef\",\"datePublished\":\"2023-01-24T21:00:00+00:00\",\"mainEntityOfPage\":{\"@id\":\"https:\\\/\\\/lasentinelle.dz\\\/index.php\\\/2023\\\/01\\\/24\\\/can-2023-u17-remmane-intensifie-le-travail-a-chlef\\\/\"},\"wordCount\":444,\"commentCount\":0,\"publisher\":{\"@id\":\"https:\\\/\\\/lasentinelle.dz\\\/#organization\"},\"image\":{\"@id\":\"https:\\\/\\\/lasentinelle.dz\\\/index.php\\\/2023\\\/01\\\/24\\\/can-2023-u17-remmane-intensifie-le-travail-a-chlef\\\/#primaryimage\"},\"thumbnailUrl\":\"https:\\\/\\\/lasentinelle.dz\\\/wp-content\\\/uploads\\\/2023\\\/01\\\/U17.jpeg\",\"articleSection\":[\"Sports\"],\"inLanguage\":\"fr-FR\",\"potentialAction\":[{\"@type\":\"CommentAction\",\"name\":\"Comment\",\"target\":[\"https:\\\/\\\/lasentinelle.dz\\\/index.php\\\/2023\\\/01\\\/24\\\/can-2023-u17-remmane-intensifie-le-travail-a-chlef\\\/#respond\"]}]},{\"@type\":\"WebPage\",\"@id\":\"https:\\\/\\\/lasentinelle.dz\\\/index.php\\\/2023\\\/01\\\/24\\\/can-2023-u17-remmane-intensifie-le-travail-a-chlef\\\/\",\"url\":\"https:\\\/\\\/lasentinelle.dz\\\/index.php\\\/2023\\\/01\\\/24\\\/can-2023-u17-remmane-intensifie-le-travail-a-chlef\\\/\",\"name\":\"CAN-2023 (U17)\u00a0: Remmane intensifie le travail \u00e0 Chlef - La Sentinelle\",\"isPartOf\":{\"@id\":\"https:\\\/\\\/lasentinelle.dz\\\/#website\"},\"primaryImageOfPage\":{\"@id\":\"https:\\\/\\\/lasentinelle.dz\\\/index.php\\\/2023\\\/01\\\/24\\\/can-2023-u17-remmane-intensifie-le-travail-a-chlef\\\/#primaryimage\"},\"image\":{\"@id\":\"https:\\\/\\\/lasentinelle.dz\\\/index.php\\\/2023\\\/01\\\/24\\\/can-2023-u17-remmane-intensifie-le-travail-a-chlef\\\/#primaryimage\"},\"thumbnailUrl\":\"https:\\\/\\\/lasentinelle.dz\\\/wp-content\\\/uploads\\\/2023\\\/01\\\/U17.jpeg\",\"datePublished\":\"2023-01-24T21:00:00+00:00\",\"breadcrumb\":{\"@id\":\"https:\\\/\\\/lasentinelle.dz\\\/index.php\\\/2023\\\/01\\\/24\\\/can-2023-u17-remmane-intensifie-le-travail-a-chlef\\\/#breadcrumb\"},\"inLanguage\":\"fr-FR\",\"potentialAction\":[{\"@type\":\"ReadAction\",\"target\":[\"https:\\\/\\\/lasentinelle.dz\\\/index.php\\\/2023\\\/01\\\/24\\\/can-2023-u17-remmane-intensifie-le-travail-a-chlef\\\/\"]}]},{\"@type\":\"ImageObject\",\"inLanguage\":\"fr-FR\",\"@id\":\"https:\\\/\\\/lasentinelle.dz\\\/index.php\\\/2023\\\/01\\\/24\\\/can-2023-u17-remmane-intensifie-le-travail-a-chlef\\\/#primaryimage\",\"url\":\"https:\\\/\\\/lasentinelle.dz\\\/wp-content\\\/uploads\\\/2023\\\/01\\\/U17.jpeg\",\"contentUrl\":\"https:\\\/\\\/lasentinelle.dz\\\/wp-content\\\/uploads\\\/2023\\\/01\\\/U17.jpeg\",\"width\":750,\"height\":430},{\"@type\":\"BreadcrumbList\",\"@id\":\"https:\\\/\\\/lasentinelle.dz\\\/index.php\\\/2023\\\/01\\\/24\\\/can-2023-u17-remmane-intensifie-le-travail-a-chlef\\\/#breadcrumb\",\"itemListElement\":[{\"@type\":\"ListItem\",\"position\":1,\"name\":\"Accueil\",\"item\":\"https:\\\/\\\/lasentinelle.dz\\\/\"},{\"@type\":\"ListItem\",\"position\":2,\"name\":\"CAN-2023 (U17)\u00a0: Remmane intensifie le travail \u00e0 Chlef\"}]},{\"@type\":\"WebSite\",\"@id\":\"https:\\\/\\\/lasentinelle.dz\\\/#website\",\"url\":\"https:\\\/\\\/lasentinelle.dz\\\/\",\"name\":\"La Sentinelle\",\"description\":\"Quotidien national d&#039;information\",\"publisher\":{\"@id\":\"https:\\\/\\\/lasentinelle.dz\\\/#organization\"},\"potentialAction\":[{\"@type\":\"SearchAction\",\"target\":{\"@type\":\"EntryPoint\",\"urlTemplate\":\"https:\\\/\\\/lasentinelle.dz\\\/?s={search_term_string}\"},\"query-input\":{\"@type\":\"PropertyValueSpecification\",\"valueRequired\":true,\"valueName\":\"search_term_string\"}}],\"inLanguage\":\"fr-FR\"},{\"@type\":\"Organization\",\"@id\":\"https:\\\/\\\/lasentinelle.dz\\\/#organization\",\"name\":\"Quotidien La Sentinelle\",\"url\":\"https:\\\/\\\/lasentinelle.dz\\\/\",\"logo\":{\"@type\":\"ImageObject\",\"inLanguage\":\"fr-FR\",\"@id\":\"https:\\\/\\\/lasentinelle.dz\\\/#\\\/schema\\\/logo\\\/image\\\/\",\"url\":\"https:\\\/\\\/lasentinelle.dz\\\/wp-content\\\/uploads\\\/2021\\\/09\\\/logo-sentinelleSLOGAN-1.png\",\"contentUrl\":\"https:\\\/\\\/lasentinelle.dz\\\/wp-content\\\/uploads\\\/2021\\\/09\\\/logo-sentinelleSLOGAN-1.png\",\"width\":615,\"height\":142,\"caption\":\"Quotidien La Sentinelle\"},\"image\":{\"@id\":\"https:\\\/\\\/lasentinelle.dz\\\/#\\\/schema\\\/logo\\\/image\\\/\"},\"sameAs\":[\"https:\\\/\\\/www.facebook.com\\\/La-Sentinelle-104059864394773\"]},{\"@type\":\"Person\",\"@id\":\"https:\\\/\\\/lasentinelle.dz\\\/#\\\/schema\\\/person\\\/d865044e22e70a75174ce8bcad3acfb3\",\"name\":\"La Sentinelle\",\"image\":{\"@type\":\"ImageObject\",\"inLanguage\":\"fr-FR\",\"@id\":\"https:\\\/\\\/secure.gravatar.com\\\/avatar\\\/57de8e5d4b15d43fb361a71fbb36338450fe67865b528a43dd10ef7c51a20392?s=96&d=mm&r=g\",\"url\":\"https:\\\/\\\/secure.gravatar.com\\\/avatar\\\/57de8e5d4b15d43fb361a71fbb36338450fe67865b528a43dd10ef7c51a20392?s=96&d=mm&r=g\",\"contentUrl\":\"https:\\\/\\\/secure.gravatar.com\\\/avatar\\\/57de8e5d4b15d43fb361a71fbb36338450fe67865b528a43dd10ef7c51a20392?s=96&d=mm&r=g\",\"caption\":\"La Sentinelle\"},\"sameAs\":[\"http:\\\/\\\/www.lasentinelle.dz\"],\"url\":\"https:\\\/\\\/lasentinelle.dz\\\/author\\\/redaction\\\/\"}]}<\/script>\n<!-- \/ Yoast SEO plugin. -->","yoast_head_json":{"title":"CAN-2023 (U17)\u00a0: Remmane intensifie le travail \u00e0 Chlef - La Sentinelle","robots":{"index":"index","follow":"follow","max-snippet":"max-snippet:-1","max-image-preview":"max-image-preview:large","max-video-preview":"max-video-preview:-1"},"canonical":"https:\/\/lasentinelle.dz\/index.php\/2023\/01\/24\/can-2023-u17-remmane-intensifie-le-travail-a-chlef\/","og_locale":"fr_FR","og_type":"article","og_title":"CAN-2023 (U17)\u00a0: Remmane intensifie le travail \u00e0 Chlef - La Sentinelle","og_description":"La s\u00e9lection nationale U17 poursuit sa pr\u00e9paration \u00e0 Chlef \u00e0 un rythme soutenu. Lundi au troisi\u00e8me jour de stage bloqu\u00e9","og_url":"https:\/\/lasentinelle.dz\/index.php\/2023\/01\/24\/can-2023-u17-remmane-intensifie-le-travail-a-chlef\/","og_site_name":"La Sentinelle","article_publisher":"https:\/\/www.facebook.com\/La-Sentinelle-104059864394773","article_published_time":"2023-01-24T21:00:00+00:00","og_image":[{"width":750,"height":430,"url":"https:\/\/lasentinelle.dz\/wp-content\/uploads\/2023\/01\/U17.jpeg","type":"image\/jpeg"}],"author":"La Sentinelle","twitter_card":"summary_large_image","twitter_misc":{"\u00c9crit par":"La Sentinelle","Dur\u00e9e de lecture estim\u00e9e":"2 minutes"},"schema":{"@context":"https:\/\/schema.org","@graph":[{"@type":"Article","@id":"https:\/\/lasentinelle.dz\/index.php\/2023\/01\/24\/can-2023-u17-remmane-intensifie-le-travail-a-chlef\/#article","isPartOf":{"@id":"https:\/\/lasentinelle.dz\/index.php\/2023\/01\/24\/can-2023-u17-remmane-intensifie-le-travail-a-chlef\/"},"author":{"name":"La Sentinelle","@id":"https:\/\/lasentinelle.dz\/#\/schema\/person\/d865044e22e70a75174ce8bcad3acfb3"},"headline":"CAN-2023 (U17)\u00a0: Remmane intensifie le travail \u00e0 Chlef","datePublished":"2023-01-24T21:00:00+00:00","mainEntityOfPage":{"@id":"https:\/\/lasentinelle.dz\/index.php\/2023\/01\/24\/can-2023-u17-remmane-intensifie-le-travail-a-chlef\/"},"wordCount":444,"commentCount":0,"publisher":{"@id":"https:\/\/lasentinelle.dz\/#organization"},"image":{"@id":"https:\/\/lasentinelle.dz\/index.php\/2023\/01\/24\/can-2023-u17-remmane-intensifie-le-travail-a-chlef\/#primaryimage"},"thumbnailUrl":"https:\/\/lasentinelle.dz\/wp-content\/uploads\/2023\/01\/U17.jpeg","articleSection":["Sports"],"inLanguage":"fr-FR","potentialAction":[{"@type":"CommentAction","name":"Comment","target":["https:\/\/lasentinelle.dz\/index.php\/2023\/01\/24\/can-2023-u17-remmane-intensifie-le-travail-a-chlef\/#respond"]}]},{"@type":"WebPage","@id":"https:\/\/lasentinelle.dz\/index.php\/2023\/01\/24\/can-2023-u17-remmane-intensifie-le-travail-a-chlef\/","url":"https:\/\/lasentinelle.dz\/index.php\/2023\/01\/24\/can-2023-u17-remmane-intensifie-le-travail-a-chlef\/","name":"CAN-2023 (U17)\u00a0: Remmane intensifie le travail \u00e0 Chlef - La Sentinelle","isPartOf":{"@id":"https:\/\/lasentinelle.dz\/#website"},"primaryImageOfPage":{"@id":"https:\/\/lasentinelle.dz\/index.php\/2023\/01\/24\/can-2023-u17-remmane-intensifie-le-travail-a-chlef\/#primaryimage"},"image":{"@id":"https:\/\/lasentinelle.dz\/index.php\/2023\/01\/24\/can-2023-u17-remmane-intensifie-le-travail-a-chlef\/#primaryimage"},"thumbnailUrl":"https:\/\/lasentinelle.dz\/wp-content\/uploads\/2023\/01\/U17.jpeg","datePublished":"2023-01-24T21:00:00+00:00","breadcrumb":{"@id":"https:\/\/lasentinelle.dz\/index.php\/2023\/01\/24\/can-2023-u17-remmane-intensifie-le-travail-a-chlef\/#breadcrumb"},"inLanguage":"fr-FR","potentialAction":[{"@type":"ReadAction","target":["https:\/\/lasentinelle.dz\/index.php\/2023\/01\/24\/can-2023-u17-remmane-intensifie-le-travail-a-chlef\/"]}]},{"@type":"ImageObject","inLanguage":"fr-FR","@id":"https:\/\/lasentinelle.dz\/index.php\/2023\/01\/24\/can-2023-u17-remmane-intensifie-le-travail-a-chlef\/#primaryimage","url":"https:\/\/lasentinelle.dz\/wp-content\/uploads\/2023\/01\/U17.jpeg","contentUrl":"https:\/\/lasentinelle.dz\/wp-content\/uploads\/2023\/01\/U17.jpeg","width":750,"height":430},{"@type":"BreadcrumbList","@id":"https:\/\/lasentinelle.dz\/index.php\/2023\/01\/24\/can-2023-u17-remmane-intensifie-le-travail-a-chlef\/#breadcrumb","itemListElement":[{"@type":"ListItem","position":1,"name":"Accueil","item":"https:\/\/lasentinelle.dz\/"},{"@type":"ListItem","position":2,"name":"CAN-2023 (U17)\u00a0: Remmane intensifie le travail \u00e0 Chlef"}]},{"@type":"WebSite","@id":"https:\/\/lasentinelle.dz\/#website","url":"https:\/\/lasentinelle.dz\/","name":"La Sentinelle","description":"Quotidien national d&#039;information","publisher":{"@id":"https:\/\/lasentinelle.dz\/#organization"},"potentialAction":[{"@type":"SearchAction","target":{"@type":"EntryPoint","urlTemplate":"https:\/\/lasentinelle.dz\/?s={search_term_string}"},"query-input":{"@type":"PropertyValueSpecification","valueRequired":true,"valueName":"search_term_string"}}],"inLanguage":"fr-FR"},{"@type":"Organization","@id":"https:\/\/lasentinelle.dz\/#organization","name":"Quotidien La Sentinelle","url":"https:\/\/lasentinelle.dz\/","logo":{"@type":"ImageObject","inLanguage":"fr-FR","@id":"https:\/\/lasentinelle.dz\/#\/schema\/logo\/image\/","url":"https:\/\/lasentinelle.dz\/wp-content\/uploads\/2021\/09\/logo-sentinelleSLOGAN-1.png","contentUrl":"https:\/\/lasentinelle.dz\/wp-content\/uploads\/2021\/09\/logo-sentinelleSLOGAN-1.png","width":615,"height":142,"caption":"Quotidien La Sentinelle"},"image":{"@id":"https:\/\/lasentinelle.dz\/#\/schema\/logo\/image\/"},"sameAs":["https:\/\/www.facebook.com\/La-Sentinelle-104059864394773"]},{"@type":"Person","@id":"https:\/\/lasentinelle.dz\/#\/schema\/person\/d865044e22e70a75174ce8bcad3acfb3","name":"La Sentinelle","image":{"@type":"ImageObject","inLanguage":"fr-FR","@id":"https:\/\/secure.gravatar.com\/avatar\/57de8e5d4b15d43fb361a71fbb36338450fe67865b528a43dd10ef7c51a20392?s=96&d=mm&r=g","url":"https:\/\/secure.gravatar.com\/avatar\/57de8e5d4b15d43fb361a71fbb36338450fe67865b528a43dd10ef7c51a20392?s=96&d=mm&r=g","contentUrl":"https:\/\/secure.gravatar.com\/avatar\/57de8e5d4b15d43fb361a71fbb36338450fe67865b528a43dd10ef7c51a20392?s=96&d=mm&r=g","caption":"La Sentinelle"},"sameAs":["http:\/\/www.lasentinelle.dz"],"url":"https:\/\/lasentinelle.dz\/author\/redaction\/"}]}},"_links":{"self":[{"href":"https:\/\/lasentinelle.dz\/index.php\/wp-json\/wp\/v2\/posts\/34811","targetHints":{"allow":["GET"]}}],"collection":[{"href":"https:\/\/lasentinelle.dz\/index.php\/wp-json\/wp\/v2\/posts"}],"about":[{"href":"https:\/\/lasentinelle.dz\/index.php\/wp-json\/wp\/v2\/types\/post"}],"author":[{"embeddable":true,"href":"https:\/\/lasentinelle.dz\/index.php\/wp-json\/wp\/v2\/users\/3"}],"replies":[{"embeddable":true,"href":"https:\/\/lasentinelle.dz\/index.php\/wp-json\/wp\/v2\/comments?post=34811"}],"version-history":[{"count":1,"href":"https:\/\/lasentinelle.dz\/index.php\/wp-json\/wp\/v2\/posts\/34811\/revisions"}],"predecessor-version":[{"id":34813,"href":"https:\/\/lasentinelle.dz\/index.php\/wp-json\/wp\/v2\/posts\/34811\/revisions\/34813"}],"wp:featuredmedia":[{"embeddable":true,"href":"https:\/\/lasentinelle.dz\/index.php\/wp-json\/wp\/v2\/media\/34812"}],"wp:attachment":[{"href":"https:\/\/lasentinelle.dz\/index.php\/wp-json\/wp\/v2\/media?parent=34811"}],"wp:term":[{"taxonomy":"category","embeddable":true,"href":"https:\/\/lasentinelle.dz\/index.php\/wp-json\/wp\/v2\/categories?post=34811"},{"taxonomy":"post_tag","embeddable":true,"href":"https:\/\/lasentinelle.dz\/index.php\/wp-json\/wp\/v2\/tags?post=34811"}],"curies":[{"name":"wp","href":"https:\/\/api.w.org\/{rel}","templated":true}]}}