{"id":34877,"date":"2023-01-25T22:00:00","date_gmt":"2023-01-25T21:00:00","guid":{"rendered":"https:\/\/lasentinelle.dz\/?p=34877"},"modified":"2023-01-25T16:28:47","modified_gmt":"2023-01-25T15:28:47","slug":"guerre-en-ukraine-lallemagne-donne-son-feu-vert-pour-la-livraison-de-chars-leopard","status":"publish","type":"post","link":"https:\/\/lasentinelle.dz\/index.php\/2023\/01\/25\/guerre-en-ukraine-lallemagne-donne-son-feu-vert-pour-la-livraison-de-chars-leopard\/","title":{"rendered":"Guerre en Ukraine\u00a0: L\u2019Allemagne donne son feu vert pour la livraison de chars Leopard"},"content":{"rendered":"\n<p>L&rsquo;Allemagne a finalement donn\u00e9 son feu vert pour la livraison de chars Leopard \u00e0 l&rsquo;Ukraine.<\/p>\n\n\n\n<p>Le gouvernement f\u00e9d\u00e9ral a d\u00e9cid\u00e9 de mettre \u00e0 disposition des forces arm\u00e9es ukrainiennes ces chars de combat, r\u00e9sultat d&rsquo;intenses consultations qui ont eu lieu avec les partenaires europ\u00e9ens et internationaux les plus proches de l&rsquo;Allemagne. \u00abCette d\u00e9cision suit notre ligne de conduite bien connue, qui consiste \u00e0 soutenir l&rsquo;Ukraine de toutes nos forces. Nous agissons de mani\u00e8re \u00e9troitement concert\u00e9e et coordonn\u00e9e au niveau international\u00bb, a d\u00e9clar\u00e9 hier le chancelier allemand Olaf Scholz \u00e0 Berlin. \u00abC&rsquo;est le r\u00e9sultat d&rsquo;intenses consultations qui ont eu lieu avec les partenaires europ\u00e9ens et internationaux les plus proches de l&rsquo;Allemagne\u00bb, a pr\u00e9cis\u00e9 le porte-parole du gouvernement, Steffen Hebestreit. Le secr\u00e9taire g\u00e9n\u00e9ral de l&rsquo;Otan Jens Stoltenberg a salu\u00e9 la d\u00e9cision de l&rsquo;Allemagne de fournir des chars Leopard 2 \u00e0 l&rsquo;Ukraine, assurant qu&rsquo;ils aideront Kiev \u00e0 l&#8217;emporter face aux Russes. L&rsquo;Espagne est \u00abdispos\u00e9e\u00bb \u00e0 envoyer des chars lourds Leopard 2 \u00e0 l&rsquo;Ukraine et former les soldats ukrainiens \u00e0 leur utilisation, a assur\u00e9 hier la ministre espagnole de la D\u00e9fense Margarita Robles apr\u00e8s l&rsquo;annonce du feu vert allemand \u00e0 leur livraison.&nbsp; \u00abL&rsquo;objectif est de constituer rapidement deux bataillons de chars Leopard 2 pour l&rsquo;Ukraine\u00bb, a indiqu\u00e9 la chancellerie allemande. Pour ce faire, l&rsquo;Allemagne mettra dans un premier temps \u00e0 disposition de l&rsquo;Ukraine une compagnie de 14 chars Leopard 2 A6, issus des stocks de la Bundeswehr. Ce char est un mod\u00e8le plus r\u00e9cent et perfectionn\u00e9 que les 2A4, qu&rsquo;entendent livrer notamment la Pologne et la Finlande. L&rsquo;Allemagne donnera d&rsquo;ailleurs aux pays partenaires qui souhaitent livrer rapidement des chars Leopard-2 de leur stock \u00e0 l&rsquo;Ukraine les autorisations n\u00e9cessaires pour le transfert. Les pays ayant achet\u00e9 pour leurs forces arm\u00e9es des chars Leopard 2 \u00e0 l&rsquo;Allemagne doivent obtenir l&rsquo;autorisation de Berlin pour les r\u00e9exporter. Plusieurs pays, dont la Pologne, la Finlande et les Pays-Bas, ont exprim\u00e9 leur volont\u00e9 de livrer ces chars lourds, r\u00e9clam\u00e9s \u00e0 cor et \u00e0 cri par Kiev. La formation des \u00e9quipages ukrainiens doit commencer rapidement en Allemagne, selon la chancellerie. Outre la formation, l&rsquo;Allemagne garantira \u00e9galement la logistique, la fourniture des munitions et la maintenance des syst\u00e8mes. La pr\u00e9sidence ukrainienne a salu\u00e9 hier \u00abun premier pas\u00bb apr\u00e8s le feu vert de Berlin tout en exhortant les Occidentaux \u00e0 lui en fournir bien plus face \u00e0 l&rsquo;arm\u00e9e russe. \u00abUn premier pas a \u00e9t\u00e9 fait\u00bb, a comment\u00e9 sur Telegram Andri\u00ef Iermak, le chef de l&rsquo;administration pr\u00e9sidentielle r\u00e9clamant qu&rsquo;une \u00abcoalition\u00bb internationale fournisse des chars lourds \u00e0 son pays. \u00abNous avons besoin de beaucoup de Leopards\u00bb, a-t-il r\u00e9sum\u00e9. Le gouvernement fran\u00e7ais n&rsquo;a quant \u00e0 lui pas encore pris de d\u00e9cision au sujet de l&rsquo;envoi de ses propres chars lourds Leclerc, une hypoth\u00e8se que le pr\u00e9sident Emmanuel Macron n&rsquo;exclut pas. L&rsquo;ambassadeur russe en Allemagne a d\u00e9nonc\u00e9 hier la d\u00e9cision \u00abextr\u00eamement dangereuse\u00bb de Berlin de livrer des chars Leopard \u00e0 l&rsquo;Ukraine. \u00abC&rsquo;est une d\u00e9cision extr\u00eamement dangereuse qui va amener le conflit vers un nouveau niveau de confrontation\u00bb, a comment\u00e9 Sergue\u00ef Netchaev, selon le compte Telegram de son ambassade. \u00abCela nous persuade une fois encore que l&rsquo;Allemagne, \u00e0 l&rsquo;instar de ses alli\u00e9s les plus proches, ne veut pas d&rsquo;une solution diplomatique \u00e0 la crise ukrainienne, et qu&rsquo;elle veut une escalade permanente\u00bb, a-t-il dit. L&rsquo;ambassadeur russe a \u00e9galement accus\u00e9 Berlin, \u00e0 travers ces livraisons de chars, de \u00abrevenir sur sa responsabilit\u00e9 historique\u00bb pour \u00ables crimes du nazisme\u00bb durant la Deuxi\u00e8me guerre mondiale. \u00abAvec l&rsquo;autorisation du gouvernement allemand, des chars portant des croix allemandes vont une fois encore \u00eatre envoy\u00e9s sur le \u2018\u2019front de l&rsquo;Est\u2019\u2019, ce qui in\u00e9vitablement va conduire \u00e0 la mort de soldats russes mais aussi de civils\u00bb, a-t-il accus\u00e9. Dmitri Peskov, porte-parole de Moscou, a d\u00e9clar\u00e9 quant \u00e0 lui hier que les livraisons de blind\u00e9s annonc\u00e9es par l&rsquo;Occident ne changeraient pas la donne dans le combat russo-ukrainien. Les chars occidentaux vont \u00abbr\u00fbler\u00bb s&rsquo;ils sont livr\u00e9s \u00e0 l&rsquo;Ukraine, a martel\u00e9 hier le Kremlin. L&rsquo;Occident \u00absurestime le potentiel que (les chars) pourraient donner \u00e0 l&rsquo;arm\u00e9e ukrainienne\u00bb, a d\u00e9clar\u00e9 \u00e0 la presse le porte-parole du Kremlin, Dmitri Peskov.<\/p>\n\n\n\n<p><strong>Khider L. et agences<\/strong><\/p>\n","protected":false},"excerpt":{"rendered":"<p>L&rsquo;Allemagne a finalement donn\u00e9 son feu vert pour la livraison de chars Leopard \u00e0 l&rsquo;Ukraine. Le gouvernement f\u00e9d\u00e9ral a d\u00e9cid\u00e9<\/p>\n","protected":false},"author":3,"featured_media":34878,"comment_status":"open","ping_status":"closed","sticky":false,"template":"","format":"standard","meta":{"colormag_page_container_layout":"default_layout","colormag_page_sidebar_layout":"default_layout","om_disable_all_campaigns":false,"_monsterinsights_skip_tracking":false,"_monsterinsights_sitenote_active":false,"_monsterinsights_sitenote_note":"","_monsterinsights_sitenote_category":0,"footnotes":"","_wpscppro_dont_share_socialmedia":false,"_wpscppro_custom_social_share_image":0,"_facebook_share_type":"","_twitter_share_type":"","_linkedin_share_type":"","_pinterest_share_type":"","_linkedin_share_type_page":"","_instagram_share_type":"","_medium_share_type":"","_threads_share_type":"","_google_business_share_type":"","_selected_social_profile":[],"_wpsp_enable_custom_social_template":false,"_wpsp_social_scheduling":{"enabled":false,"datetime":null,"platforms":[],"status":"template_only","dateOption":"today","timeOption":"now","customDays":"","customHours":"","customDate":"","customTime":"","schedulingType":"absolute"},"_wpsp_active_default_template":true},"categories":[37],"tags":[],"class_list":["post-34877","post","type-post","status-publish","format-standard","has-post-thumbnail","hentry","category-monde"],"aioseo_notices":[],"yoast_head":"<!-- This site is optimized with the Yoast SEO plugin v27.5 - https:\/\/yoast.com\/product\/yoast-seo-wordpress\/ -->\n<title>Guerre en Ukraine\u00a0: L\u2019Allemagne donne son feu vert pour la livraison de chars Leopard - La Sentinelle<\/title>\n<meta name=\"robots\" content=\"index, follow, max-snippet:-1, max-image-preview:large, max-video-preview:-1\" \/>\n<link rel=\"canonical\" href=\"https:\/\/lasentinelle.dz\/index.php\/2023\/01\/25\/guerre-en-ukraine-lallemagne-donne-son-feu-vert-pour-la-livraison-de-chars-leopard\/\" \/>\n<meta property=\"og:locale\" content=\"fr_FR\" \/>\n<meta property=\"og:type\" content=\"article\" \/>\n<meta property=\"og:title\" content=\"Guerre en Ukraine\u00a0: L\u2019Allemagne donne son feu vert pour la livraison de chars Leopard - La Sentinelle\" \/>\n<meta property=\"og:description\" content=\"L&rsquo;Allemagne a finalement donn\u00e9 son feu vert pour la livraison de chars Leopard \u00e0 l&rsquo;Ukraine. Le gouvernement f\u00e9d\u00e9ral a d\u00e9cid\u00e9\" \/>\n<meta property=\"og:url\" content=\"https:\/\/lasentinelle.dz\/index.php\/2023\/01\/25\/guerre-en-ukraine-lallemagne-donne-son-feu-vert-pour-la-livraison-de-chars-leopard\/\" \/>\n<meta property=\"og:site_name\" content=\"La Sentinelle\" \/>\n<meta property=\"article:publisher\" content=\"https:\/\/www.facebook.com\/La-Sentinelle-104059864394773\" \/>\n<meta property=\"article:published_time\" content=\"2023-01-25T21:00:00+00:00\" \/>\n<meta property=\"og:image\" content=\"https:\/\/lasentinelle.dz\/wp-content\/uploads\/2023\/01\/olaf.png\" \/>\n\t<meta property=\"og:image:width\" content=\"1800\" \/>\n\t<meta property=\"og:image:height\" content=\"900\" \/>\n\t<meta property=\"og:image:type\" content=\"image\/png\" \/>\n<meta name=\"author\" content=\"La Sentinelle\" \/>\n<meta name=\"twitter:card\" content=\"summary_large_image\" \/>\n<meta name=\"twitter:label1\" content=\"\u00c9crit par\" \/>\n\t<meta name=\"twitter:data1\" content=\"La Sentinelle\" \/>\n\t<meta name=\"twitter:label2\" content=\"Dur\u00e9e de lecture estim\u00e9e\" \/>\n\t<meta name=\"twitter:data2\" content=\"4 minutes\" \/>\n<script type=\"application\/ld+json\" class=\"yoast-schema-graph\">{\"@context\":\"https:\\\/\\\/schema.org\",\"@graph\":[{\"@type\":\"Article\",\"@id\":\"https:\\\/\\\/lasentinelle.dz\\\/index.php\\\/2023\\\/01\\\/25\\\/guerre-en-ukraine-lallemagne-donne-son-feu-vert-pour-la-livraison-de-chars-leopard\\\/#article\",\"isPartOf\":{\"@id\":\"https:\\\/\\\/lasentinelle.dz\\\/index.php\\\/2023\\\/01\\\/25\\\/guerre-en-ukraine-lallemagne-donne-son-feu-vert-pour-la-livraison-de-chars-leopard\\\/\"},\"author\":{\"name\":\"La Sentinelle\",\"@id\":\"https:\\\/\\\/lasentinelle.dz\\\/#\\\/schema\\\/person\\\/d865044e22e70a75174ce8bcad3acfb3\"},\"headline\":\"Guerre en Ukraine\u00a0: L\u2019Allemagne donne son feu vert pour la livraison de chars Leopard\",\"datePublished\":\"2023-01-25T21:00:00+00:00\",\"mainEntityOfPage\":{\"@id\":\"https:\\\/\\\/lasentinelle.dz\\\/index.php\\\/2023\\\/01\\\/25\\\/guerre-en-ukraine-lallemagne-donne-son-feu-vert-pour-la-livraison-de-chars-leopard\\\/\"},\"wordCount\":756,\"commentCount\":0,\"publisher\":{\"@id\":\"https:\\\/\\\/lasentinelle.dz\\\/#organization\"},\"image\":{\"@id\":\"https:\\\/\\\/lasentinelle.dz\\\/index.php\\\/2023\\\/01\\\/25\\\/guerre-en-ukraine-lallemagne-donne-son-feu-vert-pour-la-livraison-de-chars-leopard\\\/#primaryimage\"},\"thumbnailUrl\":\"https:\\\/\\\/lasentinelle.dz\\\/wp-content\\\/uploads\\\/2023\\\/01\\\/olaf.png\",\"articleSection\":[\"Monde\"],\"inLanguage\":\"fr-FR\",\"potentialAction\":[{\"@type\":\"CommentAction\",\"name\":\"Comment\",\"target\":[\"https:\\\/\\\/lasentinelle.dz\\\/index.php\\\/2023\\\/01\\\/25\\\/guerre-en-ukraine-lallemagne-donne-son-feu-vert-pour-la-livraison-de-chars-leopard\\\/#respond\"]}]},{\"@type\":\"WebPage\",\"@id\":\"https:\\\/\\\/lasentinelle.dz\\\/index.php\\\/2023\\\/01\\\/25\\\/guerre-en-ukraine-lallemagne-donne-son-feu-vert-pour-la-livraison-de-chars-leopard\\\/\",\"url\":\"https:\\\/\\\/lasentinelle.dz\\\/index.php\\\/2023\\\/01\\\/25\\\/guerre-en-ukraine-lallemagne-donne-son-feu-vert-pour-la-livraison-de-chars-leopard\\\/\",\"name\":\"Guerre en Ukraine\u00a0: L\u2019Allemagne donne son feu vert pour la livraison de chars Leopard - La Sentinelle\",\"isPartOf\":{\"@id\":\"https:\\\/\\\/lasentinelle.dz\\\/#website\"},\"primaryImageOfPage\":{\"@id\":\"https:\\\/\\\/lasentinelle.dz\\\/index.php\\\/2023\\\/01\\\/25\\\/guerre-en-ukraine-lallemagne-donne-son-feu-vert-pour-la-livraison-de-chars-leopard\\\/#primaryimage\"},\"image\":{\"@id\":\"https:\\\/\\\/lasentinelle.dz\\\/index.php\\\/2023\\\/01\\\/25\\\/guerre-en-ukraine-lallemagne-donne-son-feu-vert-pour-la-livraison-de-chars-leopard\\\/#primaryimage\"},\"thumbnailUrl\":\"https:\\\/\\\/lasentinelle.dz\\\/wp-content\\\/uploads\\\/2023\\\/01\\\/olaf.png\",\"datePublished\":\"2023-01-25T21:00:00+00:00\",\"breadcrumb\":{\"@id\":\"https:\\\/\\\/lasentinelle.dz\\\/index.php\\\/2023\\\/01\\\/25\\\/guerre-en-ukraine-lallemagne-donne-son-feu-vert-pour-la-livraison-de-chars-leopard\\\/#breadcrumb\"},\"inLanguage\":\"fr-FR\",\"potentialAction\":[{\"@type\":\"ReadAction\",\"target\":[\"https:\\\/\\\/lasentinelle.dz\\\/index.php\\\/2023\\\/01\\\/25\\\/guerre-en-ukraine-lallemagne-donne-son-feu-vert-pour-la-livraison-de-chars-leopard\\\/\"]}]},{\"@type\":\"ImageObject\",\"inLanguage\":\"fr-FR\",\"@id\":\"https:\\\/\\\/lasentinelle.dz\\\/index.php\\\/2023\\\/01\\\/25\\\/guerre-en-ukraine-lallemagne-donne-son-feu-vert-pour-la-livraison-de-chars-leopard\\\/#primaryimage\",\"url\":\"https:\\\/\\\/lasentinelle.dz\\\/wp-content\\\/uploads\\\/2023\\\/01\\\/olaf.png\",\"contentUrl\":\"https:\\\/\\\/lasentinelle.dz\\\/wp-content\\\/uploads\\\/2023\\\/01\\\/olaf.png\",\"width\":1800,\"height\":900},{\"@type\":\"BreadcrumbList\",\"@id\":\"https:\\\/\\\/lasentinelle.dz\\\/index.php\\\/2023\\\/01\\\/25\\\/guerre-en-ukraine-lallemagne-donne-son-feu-vert-pour-la-livraison-de-chars-leopard\\\/#breadcrumb\",\"itemListElement\":[{\"@type\":\"ListItem\",\"position\":1,\"name\":\"Accueil\",\"item\":\"https:\\\/\\\/lasentinelle.dz\\\/\"},{\"@type\":\"ListItem\",\"position\":2,\"name\":\"Guerre en Ukraine\u00a0: L\u2019Allemagne donne son feu vert pour la livraison de chars Leopard\"}]},{\"@type\":\"WebSite\",\"@id\":\"https:\\\/\\\/lasentinelle.dz\\\/#website\",\"url\":\"https:\\\/\\\/lasentinelle.dz\\\/\",\"name\":\"La Sentinelle\",\"description\":\"Quotidien national d&#039;information\",\"publisher\":{\"@id\":\"https:\\\/\\\/lasentinelle.dz\\\/#organization\"},\"potentialAction\":[{\"@type\":\"SearchAction\",\"target\":{\"@type\":\"EntryPoint\",\"urlTemplate\":\"https:\\\/\\\/lasentinelle.dz\\\/?s={search_term_string}\"},\"query-input\":{\"@type\":\"PropertyValueSpecification\",\"valueRequired\":true,\"valueName\":\"search_term_string\"}}],\"inLanguage\":\"fr-FR\"},{\"@type\":\"Organization\",\"@id\":\"https:\\\/\\\/lasentinelle.dz\\\/#organization\",\"name\":\"Quotidien La Sentinelle\",\"url\":\"https:\\\/\\\/lasentinelle.dz\\\/\",\"logo\":{\"@type\":\"ImageObject\",\"inLanguage\":\"fr-FR\",\"@id\":\"https:\\\/\\\/lasentinelle.dz\\\/#\\\/schema\\\/logo\\\/image\\\/\",\"url\":\"https:\\\/\\\/lasentinelle.dz\\\/wp-content\\\/uploads\\\/2021\\\/09\\\/logo-sentinelleSLOGAN-1.png\",\"contentUrl\":\"https:\\\/\\\/lasentinelle.dz\\\/wp-content\\\/uploads\\\/2021\\\/09\\\/logo-sentinelleSLOGAN-1.png\",\"width\":615,\"height\":142,\"caption\":\"Quotidien La Sentinelle\"},\"image\":{\"@id\":\"https:\\\/\\\/lasentinelle.dz\\\/#\\\/schema\\\/logo\\\/image\\\/\"},\"sameAs\":[\"https:\\\/\\\/www.facebook.com\\\/La-Sentinelle-104059864394773\"]},{\"@type\":\"Person\",\"@id\":\"https:\\\/\\\/lasentinelle.dz\\\/#\\\/schema\\\/person\\\/d865044e22e70a75174ce8bcad3acfb3\",\"name\":\"La Sentinelle\",\"image\":{\"@type\":\"ImageObject\",\"inLanguage\":\"fr-FR\",\"@id\":\"https:\\\/\\\/secure.gravatar.com\\\/avatar\\\/57de8e5d4b15d43fb361a71fbb36338450fe67865b528a43dd10ef7c51a20392?s=96&d=mm&r=g\",\"url\":\"https:\\\/\\\/secure.gravatar.com\\\/avatar\\\/57de8e5d4b15d43fb361a71fbb36338450fe67865b528a43dd10ef7c51a20392?s=96&d=mm&r=g\",\"contentUrl\":\"https:\\\/\\\/secure.gravatar.com\\\/avatar\\\/57de8e5d4b15d43fb361a71fbb36338450fe67865b528a43dd10ef7c51a20392?s=96&d=mm&r=g\",\"caption\":\"La Sentinelle\"},\"sameAs\":[\"http:\\\/\\\/www.lasentinelle.dz\"],\"url\":\"https:\\\/\\\/lasentinelle.dz\\\/author\\\/redaction\\\/\"}]}<\/script>\n<!-- \/ Yoast SEO plugin. -->","yoast_head_json":{"title":"Guerre en Ukraine\u00a0: L\u2019Allemagne donne son feu vert pour la livraison de chars Leopard - La Sentinelle","robots":{"index":"index","follow":"follow","max-snippet":"max-snippet:-1","max-image-preview":"max-image-preview:large","max-video-preview":"max-video-preview:-1"},"canonical":"https:\/\/lasentinelle.dz\/index.php\/2023\/01\/25\/guerre-en-ukraine-lallemagne-donne-son-feu-vert-pour-la-livraison-de-chars-leopard\/","og_locale":"fr_FR","og_type":"article","og_title":"Guerre en Ukraine\u00a0: L\u2019Allemagne donne son feu vert pour la livraison de chars Leopard - La Sentinelle","og_description":"L&rsquo;Allemagne a finalement donn\u00e9 son feu vert pour la livraison de chars Leopard \u00e0 l&rsquo;Ukraine. Le gouvernement f\u00e9d\u00e9ral a d\u00e9cid\u00e9","og_url":"https:\/\/lasentinelle.dz\/index.php\/2023\/01\/25\/guerre-en-ukraine-lallemagne-donne-son-feu-vert-pour-la-livraison-de-chars-leopard\/","og_site_name":"La Sentinelle","article_publisher":"https:\/\/www.facebook.com\/La-Sentinelle-104059864394773","article_published_time":"2023-01-25T21:00:00+00:00","og_image":[{"width":1800,"height":900,"url":"https:\/\/lasentinelle.dz\/wp-content\/uploads\/2023\/01\/olaf.png","type":"image\/png"}],"author":"La Sentinelle","twitter_card":"summary_large_image","twitter_misc":{"\u00c9crit par":"La Sentinelle","Dur\u00e9e de lecture estim\u00e9e":"4 minutes"},"schema":{"@context":"https:\/\/schema.org","@graph":[{"@type":"Article","@id":"https:\/\/lasentinelle.dz\/index.php\/2023\/01\/25\/guerre-en-ukraine-lallemagne-donne-son-feu-vert-pour-la-livraison-de-chars-leopard\/#article","isPartOf":{"@id":"https:\/\/lasentinelle.dz\/index.php\/2023\/01\/25\/guerre-en-ukraine-lallemagne-donne-son-feu-vert-pour-la-livraison-de-chars-leopard\/"},"author":{"name":"La Sentinelle","@id":"https:\/\/lasentinelle.dz\/#\/schema\/person\/d865044e22e70a75174ce8bcad3acfb3"},"headline":"Guerre en Ukraine\u00a0: L\u2019Allemagne donne son feu vert pour la livraison de chars Leopard","datePublished":"2023-01-25T21:00:00+00:00","mainEntityOfPage":{"@id":"https:\/\/lasentinelle.dz\/index.php\/2023\/01\/25\/guerre-en-ukraine-lallemagne-donne-son-feu-vert-pour-la-livraison-de-chars-leopard\/"},"wordCount":756,"commentCount":0,"publisher":{"@id":"https:\/\/lasentinelle.dz\/#organization"},"image":{"@id":"https:\/\/lasentinelle.dz\/index.php\/2023\/01\/25\/guerre-en-ukraine-lallemagne-donne-son-feu-vert-pour-la-livraison-de-chars-leopard\/#primaryimage"},"thumbnailUrl":"https:\/\/lasentinelle.dz\/wp-content\/uploads\/2023\/01\/olaf.png","articleSection":["Monde"],"inLanguage":"fr-FR","potentialAction":[{"@type":"CommentAction","name":"Comment","target":["https:\/\/lasentinelle.dz\/index.php\/2023\/01\/25\/guerre-en-ukraine-lallemagne-donne-son-feu-vert-pour-la-livraison-de-chars-leopard\/#respond"]}]},{"@type":"WebPage","@id":"https:\/\/lasentinelle.dz\/index.php\/2023\/01\/25\/guerre-en-ukraine-lallemagne-donne-son-feu-vert-pour-la-livraison-de-chars-leopard\/","url":"https:\/\/lasentinelle.dz\/index.php\/2023\/01\/25\/guerre-en-ukraine-lallemagne-donne-son-feu-vert-pour-la-livraison-de-chars-leopard\/","name":"Guerre en Ukraine\u00a0: L\u2019Allemagne donne son feu vert pour la livraison de chars Leopard - La Sentinelle","isPartOf":{"@id":"https:\/\/lasentinelle.dz\/#website"},"primaryImageOfPage":{"@id":"https:\/\/lasentinelle.dz\/index.php\/2023\/01\/25\/guerre-en-ukraine-lallemagne-donne-son-feu-vert-pour-la-livraison-de-chars-leopard\/#primaryimage"},"image":{"@id":"https:\/\/lasentinelle.dz\/index.php\/2023\/01\/25\/guerre-en-ukraine-lallemagne-donne-son-feu-vert-pour-la-livraison-de-chars-leopard\/#primaryimage"},"thumbnailUrl":"https:\/\/lasentinelle.dz\/wp-content\/uploads\/2023\/01\/olaf.png","datePublished":"2023-01-25T21:00:00+00:00","breadcrumb":{"@id":"https:\/\/lasentinelle.dz\/index.php\/2023\/01\/25\/guerre-en-ukraine-lallemagne-donne-son-feu-vert-pour-la-livraison-de-chars-leopard\/#breadcrumb"},"inLanguage":"fr-FR","potentialAction":[{"@type":"ReadAction","target":["https:\/\/lasentinelle.dz\/index.php\/2023\/01\/25\/guerre-en-ukraine-lallemagne-donne-son-feu-vert-pour-la-livraison-de-chars-leopard\/"]}]},{"@type":"ImageObject","inLanguage":"fr-FR","@id":"https:\/\/lasentinelle.dz\/index.php\/2023\/01\/25\/guerre-en-ukraine-lallemagne-donne-son-feu-vert-pour-la-livraison-de-chars-leopard\/#primaryimage","url":"https:\/\/lasentinelle.dz\/wp-content\/uploads\/2023\/01\/olaf.png","contentUrl":"https:\/\/lasentinelle.dz\/wp-content\/uploads\/2023\/01\/olaf.png","width":1800,"height":900},{"@type":"BreadcrumbList","@id":"https:\/\/lasentinelle.dz\/index.php\/2023\/01\/25\/guerre-en-ukraine-lallemagne-donne-son-feu-vert-pour-la-livraison-de-chars-leopard\/#breadcrumb","itemListElement":[{"@type":"ListItem","position":1,"name":"Accueil","item":"https:\/\/lasentinelle.dz\/"},{"@type":"ListItem","position":2,"name":"Guerre en Ukraine\u00a0: L\u2019Allemagne donne son feu vert pour la livraison de chars Leopard"}]},{"@type":"WebSite","@id":"https:\/\/lasentinelle.dz\/#website","url":"https:\/\/lasentinelle.dz\/","name":"La Sentinelle","description":"Quotidien national d&#039;information","publisher":{"@id":"https:\/\/lasentinelle.dz\/#organization"},"potentialAction":[{"@type":"SearchAction","target":{"@type":"EntryPoint","urlTemplate":"https:\/\/lasentinelle.dz\/?s={search_term_string}"},"query-input":{"@type":"PropertyValueSpecification","valueRequired":true,"valueName":"search_term_string"}}],"inLanguage":"fr-FR"},{"@type":"Organization","@id":"https:\/\/lasentinelle.dz\/#organization","name":"Quotidien La Sentinelle","url":"https:\/\/lasentinelle.dz\/","logo":{"@type":"ImageObject","inLanguage":"fr-FR","@id":"https:\/\/lasentinelle.dz\/#\/schema\/logo\/image\/","url":"https:\/\/lasentinelle.dz\/wp-content\/uploads\/2021\/09\/logo-sentinelleSLOGAN-1.png","contentUrl":"https:\/\/lasentinelle.dz\/wp-content\/uploads\/2021\/09\/logo-sentinelleSLOGAN-1.png","width":615,"height":142,"caption":"Quotidien La Sentinelle"},"image":{"@id":"https:\/\/lasentinelle.dz\/#\/schema\/logo\/image\/"},"sameAs":["https:\/\/www.facebook.com\/La-Sentinelle-104059864394773"]},{"@type":"Person","@id":"https:\/\/lasentinelle.dz\/#\/schema\/person\/d865044e22e70a75174ce8bcad3acfb3","name":"La Sentinelle","image":{"@type":"ImageObject","inLanguage":"fr-FR","@id":"https:\/\/secure.gravatar.com\/avatar\/57de8e5d4b15d43fb361a71fbb36338450fe67865b528a43dd10ef7c51a20392?s=96&d=mm&r=g","url":"https:\/\/secure.gravatar.com\/avatar\/57de8e5d4b15d43fb361a71fbb36338450fe67865b528a43dd10ef7c51a20392?s=96&d=mm&r=g","contentUrl":"https:\/\/secure.gravatar.com\/avatar\/57de8e5d4b15d43fb361a71fbb36338450fe67865b528a43dd10ef7c51a20392?s=96&d=mm&r=g","caption":"La Sentinelle"},"sameAs":["http:\/\/www.lasentinelle.dz"],"url":"https:\/\/lasentinelle.dz\/author\/redaction\/"}]}},"_links":{"self":[{"href":"https:\/\/lasentinelle.dz\/index.php\/wp-json\/wp\/v2\/posts\/34877","targetHints":{"allow":["GET"]}}],"collection":[{"href":"https:\/\/lasentinelle.dz\/index.php\/wp-json\/wp\/v2\/posts"}],"about":[{"href":"https:\/\/lasentinelle.dz\/index.php\/wp-json\/wp\/v2\/types\/post"}],"author":[{"embeddable":true,"href":"https:\/\/lasentinelle.dz\/index.php\/wp-json\/wp\/v2\/users\/3"}],"replies":[{"embeddable":true,"href":"https:\/\/lasentinelle.dz\/index.php\/wp-json\/wp\/v2\/comments?post=34877"}],"version-history":[{"count":1,"href":"https:\/\/lasentinelle.dz\/index.php\/wp-json\/wp\/v2\/posts\/34877\/revisions"}],"predecessor-version":[{"id":34879,"href":"https:\/\/lasentinelle.dz\/index.php\/wp-json\/wp\/v2\/posts\/34877\/revisions\/34879"}],"wp:featuredmedia":[{"embeddable":true,"href":"https:\/\/lasentinelle.dz\/index.php\/wp-json\/wp\/v2\/media\/34878"}],"wp:attachment":[{"href":"https:\/\/lasentinelle.dz\/index.php\/wp-json\/wp\/v2\/media?parent=34877"}],"wp:term":[{"taxonomy":"category","embeddable":true,"href":"https:\/\/lasentinelle.dz\/index.php\/wp-json\/wp\/v2\/categories?post=34877"},{"taxonomy":"post_tag","embeddable":true,"href":"https:\/\/lasentinelle.dz\/index.php\/wp-json\/wp\/v2\/tags?post=34877"}],"curies":[{"name":"wp","href":"https:\/\/api.w.org\/{rel}","templated":true}]}}