{"id":34937,"date":"2023-01-25T22:08:00","date_gmt":"2023-01-25T21:08:00","guid":{"rendered":"https:\/\/lasentinelle.dz\/?p=34937"},"modified":"2023-01-25T20:48:43","modified_gmt":"2023-01-25T19:48:43","slug":"elles-rejettent-les-projets-de-loi-relatifs-a-lexercice-syndical-et-au-droit-de-greve-les-structures-de-lugta-se-mettent-en-branle","status":"publish","type":"post","link":"https:\/\/lasentinelle.dz\/index.php\/2023\/01\/25\/elles-rejettent-les-projets-de-loi-relatifs-a-lexercice-syndical-et-au-droit-de-greve-les-structures-de-lugta-se-mettent-en-branle\/","title":{"rendered":"Elles rejettent les projets de loi relatifs \u00e0 l&rsquo;exercice syndical et au droit de gr\u00e8ve\u00a0: Les structures de l&rsquo;UGTA se mettent en branle"},"content":{"rendered":"\n<p>Une dizaine de structures de l&rsquo;UGTA, entre unions de wilayas et f\u00e9d\u00e9rations, ont organis\u00e9 ces deux derniers jours des assembl\u00e9es pour d\u00e9battre des deux avant-projets de loi relatifs pour le premier aux modalit\u00e9s d&rsquo;exercice du droit syndical et pour le deuxi\u00e8me \u00e0 la pr\u00e9vention et au r\u00e8glement des conflits collectifs de travail et \u00e0 l&rsquo;exercice du droit de gr\u00e8ve. C&rsquo;est un rejet unanime qui se d\u00e9gage, notamment par rapport \u00e0 certaines dispositions. Des f\u00e9d\u00e9rations ont m\u00eame organis\u00e9, hier, au si\u00e8ge de la Centrale, un rassemblement pour exprimer leur m\u00e9contentement. Un deuxi\u00e8me sit-in est pr\u00e9vu samedi prochain.<\/p>\n\n\n\n<p>Les assembl\u00e9es des f\u00e9d\u00e9rations et unions de wilayas ont \u00e9t\u00e9 organis\u00e9es \u00e0 la suite du communiqu\u00e9 du secr\u00e9tariat national de l&rsquo;Union g\u00e9n\u00e9rale des travailleurs alg\u00e9riens (UGTA), rendu public dimanche 22 janvier. Dans ce dernier, il a \u00e9t\u00e9 demand\u00e9 \u00e0 ces structures de se r\u00e9unir au plus t\u00f4t pour trancher la question des deux avant-projets de loi relatifs aux modalit\u00e9s d&rsquo;exercice du droit syndical et pour le deuxi\u00e8me \u00e0 la pr\u00e9vention et au r\u00e8glement des conflits collectifs de travail et \u00e0 l&rsquo;exercice du droit de gr\u00e8veet ce, dans la perspective d&rsquo;une r\u00e9union de la commission ex\u00e9cutive nationale dont la date sera fix\u00e9e ult\u00e9rieurement. Le secr\u00e9tariat national de l&rsquo;UGTA a pour l&rsquo;occasion exprim\u00e9 des \u00ab\u00a0r\u00e9serves\u00a0\u00bb, par rapport au contenu des deux textes et au fait que le partenaire social n&rsquo;a pas \u00e9t\u00e9 impliqu\u00e9 dans leur pr\u00e9paration. A cet effet, plusieurs unions de wilayas ou f\u00e9d\u00e9rations sectorielles ont tenu des assembl\u00e9es. Il y a eu par exemple la f\u00e9d\u00e9ration nationale des travailleurs de la sant\u00e9, qui a lanc\u00e9 un appel en direction du pr\u00e9sident de la R\u00e9publique l&rsquo;enjoignant de retirer les deux textes, les unions de wilayas de Bejaia, El Tarf, Constantine, Tizi Ouzou ou bien Batna dont la secr\u00e9taire g\u00e9n\u00e9rale est la s\u00e9natrice du Front de lib\u00e9ration nationale (FLN), Samia Almi, qui ont exprim\u00e9 leur rejet des deux textes. D&rsquo;autres unions ont pr\u00e9vu de se r\u00e9unir ce week-end. Il y a une semaine, plusieurs sections syndicales affili\u00e9es \u00e0 l&rsquo;UGTA s&rsquo;\u00e9taient r\u00e9uni \u00e0 Annaba pour se pencher sur les deux textes. Parall\u00e8lement \u00e0 \u00e7a, un rassemblement a \u00e9t\u00e9 organis\u00e9, hier, dans la matin\u00e9e, au si\u00e8ge de la Centrale syndicale pour exprimer leur m\u00e9contentement et r\u00e9clamer leur retrait, ou du moins les articles qui posent probl\u00e8me. Un autre rassemblement doit avoir lieu \u00e9galement ce samedi, \u00ab\u00a0pour la comm\u00e9moration de la journ\u00e9e de l&rsquo;assassinat de feu Ben Hamouda et pour dire non aux projets de lois sur le droit de gr\u00e8ve et l&rsquo;exercice syndical\u00a0\u00bb. Les deux textes de loi ont atterri \u00e0 l&rsquo;Assembl\u00e9e populaire nationale (APN), \u00e0 la fin du mois pass\u00e9. Des syndicats autonomes se sont d\u00e9j\u00e0 exprim\u00e9s sur la question. La Conf\u00e9d\u00e9ration des syndicats alg\u00e9riens (CSA), regroupant quatorze organisations syndicales, avait, d&rsquo;ailleurs, adress\u00e9, \u00e0 la mi-janvier, une lettre au pr\u00e9sident de la R\u00e9publique, Abdelmadjid Tebboune, l&rsquo;enjoignant de proc\u00e9der au retrait des deux projets de loi. Pour la CSA, les deux projets de loi \u00ab\u00a0ne refl\u00e8tent pas les recommandations et instructions\u00a0\u00bb du Pr\u00e9sident ni les \u00ab\u00a0attentes des travailleurs\u00a0\u00bb. De son c\u00f4t\u00e9, l&rsquo;UGTA a \u00e9voqu\u00e9 le cas de certains articles qui sont en contradiction avec les dispositions de la Constitution, par rapport aux droits civiques et politiques, et aux conventions ratifi\u00e9es par l&rsquo;Alg\u00e9rie, \u00e0 l&rsquo;instar de la convention n\u00b0 87 sur la libert\u00e9 syndicale et la protection du droit syndical et n\u00b0 98 sur le droit d&rsquo;organisation et de n\u00e9gociation collective. Les structures de l&rsquo;UGTA \u00e9voquent, ainsi, les articles 12, 15, 40, 47, 48, 54, 56, 59, 119 et 122 du projet de loi relatif aux modalit\u00e9s d&rsquo;exercice du droit syndical qui, d&rsquo;apr\u00e8s elles, \u00ab\u00a0vont porter atteinte au libre exercice du droit syndical\u00a0\u00bb. Les deux textes, pr\u00e9sent\u00e9s par le minist\u00e8re du Travail, sont, vraisemblablement rejet\u00e9s aussi bien par les syndicats autonomes que l&rsquo;UGTA.<\/p>\n\n\n\n<p><strong>Elyas Nour&nbsp;<\/strong><\/p>\n","protected":false},"excerpt":{"rendered":"<p>Une dizaine de structures de l&rsquo;UGTA, entre unions de wilayas et f\u00e9d\u00e9rations, ont organis\u00e9 ces deux derniers jours des assembl\u00e9es<\/p>\n","protected":false},"author":3,"featured_media":34940,"comment_status":"open","ping_status":"closed","sticky":false,"template":"","format":"standard","meta":{"colormag_page_container_layout":"default_layout","colormag_page_sidebar_layout":"default_layout","om_disable_all_campaigns":false,"_monsterinsights_skip_tracking":false,"_monsterinsights_sitenote_active":false,"_monsterinsights_sitenote_note":"","_monsterinsights_sitenote_category":0,"footnotes":"","_wpscppro_dont_share_socialmedia":false,"_wpscppro_custom_social_share_image":0,"_facebook_share_type":"","_twitter_share_type":"","_linkedin_share_type":"","_pinterest_share_type":"","_linkedin_share_type_page":"","_instagram_share_type":"","_medium_share_type":"","_threads_share_type":"","_google_business_share_type":"","_selected_social_profile":[],"_wpsp_enable_custom_social_template":false,"_wpsp_social_scheduling":{"enabled":false,"datetime":null,"platforms":[],"status":"template_only","dateOption":"today","timeOption":"now","customDays":"","customHours":"","customDate":"","customTime":"","schedulingType":"absolute"},"_wpsp_active_default_template":true},"categories":[52,27],"tags":[],"class_list":["post-34937","post","type-post","status-publish","format-standard","has-post-thumbnail","hentry","category-a-la-une","category-actualite"],"aioseo_notices":[],"yoast_head":"<!-- This site is optimized with the Yoast SEO plugin v27.5 - https:\/\/yoast.com\/product\/yoast-seo-wordpress\/ -->\n<title>Elles rejettent les projets de loi relatifs \u00e0 l&rsquo;exercice syndical et au droit de gr\u00e8ve\u00a0: Les structures de l&rsquo;UGTA se mettent en branle - La Sentinelle<\/title>\n<meta name=\"robots\" content=\"index, follow, max-snippet:-1, max-image-preview:large, max-video-preview:-1\" \/>\n<link rel=\"canonical\" href=\"https:\/\/lasentinelle.dz\/index.php\/2023\/01\/25\/elles-rejettent-les-projets-de-loi-relatifs-a-lexercice-syndical-et-au-droit-de-greve-les-structures-de-lugta-se-mettent-en-branle\/\" \/>\n<meta property=\"og:locale\" content=\"fr_FR\" \/>\n<meta property=\"og:type\" content=\"article\" \/>\n<meta property=\"og:title\" content=\"Elles rejettent les projets de loi relatifs \u00e0 l&rsquo;exercice syndical et au droit de gr\u00e8ve\u00a0: Les structures de l&rsquo;UGTA se mettent en branle - La Sentinelle\" \/>\n<meta property=\"og:description\" content=\"Une dizaine de structures de l&rsquo;UGTA, entre unions de wilayas et f\u00e9d\u00e9rations, ont organis\u00e9 ces deux derniers jours des assembl\u00e9es\" \/>\n<meta property=\"og:url\" content=\"https:\/\/lasentinelle.dz\/index.php\/2023\/01\/25\/elles-rejettent-les-projets-de-loi-relatifs-a-lexercice-syndical-et-au-droit-de-greve-les-structures-de-lugta-se-mettent-en-branle\/\" \/>\n<meta property=\"og:site_name\" content=\"La Sentinelle\" \/>\n<meta property=\"article:publisher\" content=\"https:\/\/www.facebook.com\/La-Sentinelle-104059864394773\" \/>\n<meta property=\"article:published_time\" content=\"2023-01-25T21:08:00+00:00\" \/>\n<meta property=\"og:image\" content=\"https:\/\/lasentinelle.dz\/wp-content\/uploads\/2023\/01\/UGTA.png\" \/>\n\t<meta property=\"og:image:width\" content=\"1350\" \/>\n\t<meta property=\"og:image:height\" content=\"900\" \/>\n\t<meta property=\"og:image:type\" content=\"image\/png\" \/>\n<meta name=\"author\" content=\"La Sentinelle\" \/>\n<meta name=\"twitter:card\" content=\"summary_large_image\" \/>\n<meta name=\"twitter:label1\" content=\"\u00c9crit par\" \/>\n\t<meta name=\"twitter:data1\" content=\"La Sentinelle\" \/>\n\t<meta name=\"twitter:label2\" content=\"Dur\u00e9e de lecture estim\u00e9e\" \/>\n\t<meta name=\"twitter:data2\" content=\"4 minutes\" \/>\n<script type=\"application\/ld+json\" class=\"yoast-schema-graph\">{\"@context\":\"https:\\\/\\\/schema.org\",\"@graph\":[{\"@type\":\"Article\",\"@id\":\"https:\\\/\\\/lasentinelle.dz\\\/index.php\\\/2023\\\/01\\\/25\\\/elles-rejettent-les-projets-de-loi-relatifs-a-lexercice-syndical-et-au-droit-de-greve-les-structures-de-lugta-se-mettent-en-branle\\\/#article\",\"isPartOf\":{\"@id\":\"https:\\\/\\\/lasentinelle.dz\\\/index.php\\\/2023\\\/01\\\/25\\\/elles-rejettent-les-projets-de-loi-relatifs-a-lexercice-syndical-et-au-droit-de-greve-les-structures-de-lugta-se-mettent-en-branle\\\/\"},\"author\":{\"name\":\"La Sentinelle\",\"@id\":\"https:\\\/\\\/lasentinelle.dz\\\/#\\\/schema\\\/person\\\/d865044e22e70a75174ce8bcad3acfb3\"},\"headline\":\"Elles rejettent les projets de loi relatifs \u00e0 l&rsquo;exercice syndical et au droit de gr\u00e8ve\u00a0: Les structures de l&rsquo;UGTA se mettent en branle\",\"datePublished\":\"2023-01-25T21:08:00+00:00\",\"mainEntityOfPage\":{\"@id\":\"https:\\\/\\\/lasentinelle.dz\\\/index.php\\\/2023\\\/01\\\/25\\\/elles-rejettent-les-projets-de-loi-relatifs-a-lexercice-syndical-et-au-droit-de-greve-les-structures-de-lugta-se-mettent-en-branle\\\/\"},\"wordCount\":740,\"commentCount\":0,\"publisher\":{\"@id\":\"https:\\\/\\\/lasentinelle.dz\\\/#organization\"},\"image\":{\"@id\":\"https:\\\/\\\/lasentinelle.dz\\\/index.php\\\/2023\\\/01\\\/25\\\/elles-rejettent-les-projets-de-loi-relatifs-a-lexercice-syndical-et-au-droit-de-greve-les-structures-de-lugta-se-mettent-en-branle\\\/#primaryimage\"},\"thumbnailUrl\":\"https:\\\/\\\/lasentinelle.dz\\\/wp-content\\\/uploads\\\/2023\\\/01\\\/UGTA.png\",\"articleSection\":[\"\u00c0 la Une\",\"Actualit\u00e9\"],\"inLanguage\":\"fr-FR\",\"potentialAction\":[{\"@type\":\"CommentAction\",\"name\":\"Comment\",\"target\":[\"https:\\\/\\\/lasentinelle.dz\\\/index.php\\\/2023\\\/01\\\/25\\\/elles-rejettent-les-projets-de-loi-relatifs-a-lexercice-syndical-et-au-droit-de-greve-les-structures-de-lugta-se-mettent-en-branle\\\/#respond\"]}]},{\"@type\":\"WebPage\",\"@id\":\"https:\\\/\\\/lasentinelle.dz\\\/index.php\\\/2023\\\/01\\\/25\\\/elles-rejettent-les-projets-de-loi-relatifs-a-lexercice-syndical-et-au-droit-de-greve-les-structures-de-lugta-se-mettent-en-branle\\\/\",\"url\":\"https:\\\/\\\/lasentinelle.dz\\\/index.php\\\/2023\\\/01\\\/25\\\/elles-rejettent-les-projets-de-loi-relatifs-a-lexercice-syndical-et-au-droit-de-greve-les-structures-de-lugta-se-mettent-en-branle\\\/\",\"name\":\"Elles rejettent les projets de loi relatifs \u00e0 l&rsquo;exercice syndical et au droit de gr\u00e8ve\u00a0: Les structures de l&rsquo;UGTA se mettent en branle - La Sentinelle\",\"isPartOf\":{\"@id\":\"https:\\\/\\\/lasentinelle.dz\\\/#website\"},\"primaryImageOfPage\":{\"@id\":\"https:\\\/\\\/lasentinelle.dz\\\/index.php\\\/2023\\\/01\\\/25\\\/elles-rejettent-les-projets-de-loi-relatifs-a-lexercice-syndical-et-au-droit-de-greve-les-structures-de-lugta-se-mettent-en-branle\\\/#primaryimage\"},\"image\":{\"@id\":\"https:\\\/\\\/lasentinelle.dz\\\/index.php\\\/2023\\\/01\\\/25\\\/elles-rejettent-les-projets-de-loi-relatifs-a-lexercice-syndical-et-au-droit-de-greve-les-structures-de-lugta-se-mettent-en-branle\\\/#primaryimage\"},\"thumbnailUrl\":\"https:\\\/\\\/lasentinelle.dz\\\/wp-content\\\/uploads\\\/2023\\\/01\\\/UGTA.png\",\"datePublished\":\"2023-01-25T21:08:00+00:00\",\"breadcrumb\":{\"@id\":\"https:\\\/\\\/lasentinelle.dz\\\/index.php\\\/2023\\\/01\\\/25\\\/elles-rejettent-les-projets-de-loi-relatifs-a-lexercice-syndical-et-au-droit-de-greve-les-structures-de-lugta-se-mettent-en-branle\\\/#breadcrumb\"},\"inLanguage\":\"fr-FR\",\"potentialAction\":[{\"@type\":\"ReadAction\",\"target\":[\"https:\\\/\\\/lasentinelle.dz\\\/index.php\\\/2023\\\/01\\\/25\\\/elles-rejettent-les-projets-de-loi-relatifs-a-lexercice-syndical-et-au-droit-de-greve-les-structures-de-lugta-se-mettent-en-branle\\\/\"]}]},{\"@type\":\"ImageObject\",\"inLanguage\":\"fr-FR\",\"@id\":\"https:\\\/\\\/lasentinelle.dz\\\/index.php\\\/2023\\\/01\\\/25\\\/elles-rejettent-les-projets-de-loi-relatifs-a-lexercice-syndical-et-au-droit-de-greve-les-structures-de-lugta-se-mettent-en-branle\\\/#primaryimage\",\"url\":\"https:\\\/\\\/lasentinelle.dz\\\/wp-content\\\/uploads\\\/2023\\\/01\\\/UGTA.png\",\"contentUrl\":\"https:\\\/\\\/lasentinelle.dz\\\/wp-content\\\/uploads\\\/2023\\\/01\\\/UGTA.png\",\"width\":1350,\"height\":900},{\"@type\":\"BreadcrumbList\",\"@id\":\"https:\\\/\\\/lasentinelle.dz\\\/index.php\\\/2023\\\/01\\\/25\\\/elles-rejettent-les-projets-de-loi-relatifs-a-lexercice-syndical-et-au-droit-de-greve-les-structures-de-lugta-se-mettent-en-branle\\\/#breadcrumb\",\"itemListElement\":[{\"@type\":\"ListItem\",\"position\":1,\"name\":\"Accueil\",\"item\":\"https:\\\/\\\/lasentinelle.dz\\\/\"},{\"@type\":\"ListItem\",\"position\":2,\"name\":\"Elles rejettent les projets de loi relatifs \u00e0 l&rsquo;exercice syndical et au droit de gr\u00e8ve\u00a0: Les structures de l&rsquo;UGTA se mettent en branle\"}]},{\"@type\":\"WebSite\",\"@id\":\"https:\\\/\\\/lasentinelle.dz\\\/#website\",\"url\":\"https:\\\/\\\/lasentinelle.dz\\\/\",\"name\":\"La Sentinelle\",\"description\":\"Quotidien national d&#039;information\",\"publisher\":{\"@id\":\"https:\\\/\\\/lasentinelle.dz\\\/#organization\"},\"potentialAction\":[{\"@type\":\"SearchAction\",\"target\":{\"@type\":\"EntryPoint\",\"urlTemplate\":\"https:\\\/\\\/lasentinelle.dz\\\/?s={search_term_string}\"},\"query-input\":{\"@type\":\"PropertyValueSpecification\",\"valueRequired\":true,\"valueName\":\"search_term_string\"}}],\"inLanguage\":\"fr-FR\"},{\"@type\":\"Organization\",\"@id\":\"https:\\\/\\\/lasentinelle.dz\\\/#organization\",\"name\":\"Quotidien La Sentinelle\",\"url\":\"https:\\\/\\\/lasentinelle.dz\\\/\",\"logo\":{\"@type\":\"ImageObject\",\"inLanguage\":\"fr-FR\",\"@id\":\"https:\\\/\\\/lasentinelle.dz\\\/#\\\/schema\\\/logo\\\/image\\\/\",\"url\":\"https:\\\/\\\/lasentinelle.dz\\\/wp-content\\\/uploads\\\/2021\\\/09\\\/logo-sentinelleSLOGAN-1.png\",\"contentUrl\":\"https:\\\/\\\/lasentinelle.dz\\\/wp-content\\\/uploads\\\/2021\\\/09\\\/logo-sentinelleSLOGAN-1.png\",\"width\":615,\"height\":142,\"caption\":\"Quotidien La Sentinelle\"},\"image\":{\"@id\":\"https:\\\/\\\/lasentinelle.dz\\\/#\\\/schema\\\/logo\\\/image\\\/\"},\"sameAs\":[\"https:\\\/\\\/www.facebook.com\\\/La-Sentinelle-104059864394773\"]},{\"@type\":\"Person\",\"@id\":\"https:\\\/\\\/lasentinelle.dz\\\/#\\\/schema\\\/person\\\/d865044e22e70a75174ce8bcad3acfb3\",\"name\":\"La Sentinelle\",\"image\":{\"@type\":\"ImageObject\",\"inLanguage\":\"fr-FR\",\"@id\":\"https:\\\/\\\/secure.gravatar.com\\\/avatar\\\/57de8e5d4b15d43fb361a71fbb36338450fe67865b528a43dd10ef7c51a20392?s=96&d=mm&r=g\",\"url\":\"https:\\\/\\\/secure.gravatar.com\\\/avatar\\\/57de8e5d4b15d43fb361a71fbb36338450fe67865b528a43dd10ef7c51a20392?s=96&d=mm&r=g\",\"contentUrl\":\"https:\\\/\\\/secure.gravatar.com\\\/avatar\\\/57de8e5d4b15d43fb361a71fbb36338450fe67865b528a43dd10ef7c51a20392?s=96&d=mm&r=g\",\"caption\":\"La Sentinelle\"},\"sameAs\":[\"http:\\\/\\\/www.lasentinelle.dz\"],\"url\":\"https:\\\/\\\/lasentinelle.dz\\\/author\\\/redaction\\\/\"}]}<\/script>\n<!-- \/ Yoast SEO plugin. -->","yoast_head_json":{"title":"Elles rejettent les projets de loi relatifs \u00e0 l&rsquo;exercice syndical et au droit de gr\u00e8ve\u00a0: Les structures de l&rsquo;UGTA se mettent en branle - La Sentinelle","robots":{"index":"index","follow":"follow","max-snippet":"max-snippet:-1","max-image-preview":"max-image-preview:large","max-video-preview":"max-video-preview:-1"},"canonical":"https:\/\/lasentinelle.dz\/index.php\/2023\/01\/25\/elles-rejettent-les-projets-de-loi-relatifs-a-lexercice-syndical-et-au-droit-de-greve-les-structures-de-lugta-se-mettent-en-branle\/","og_locale":"fr_FR","og_type":"article","og_title":"Elles rejettent les projets de loi relatifs \u00e0 l&rsquo;exercice syndical et au droit de gr\u00e8ve\u00a0: Les structures de l&rsquo;UGTA se mettent en branle - La Sentinelle","og_description":"Une dizaine de structures de l&rsquo;UGTA, entre unions de wilayas et f\u00e9d\u00e9rations, ont organis\u00e9 ces deux derniers jours des assembl\u00e9es","og_url":"https:\/\/lasentinelle.dz\/index.php\/2023\/01\/25\/elles-rejettent-les-projets-de-loi-relatifs-a-lexercice-syndical-et-au-droit-de-greve-les-structures-de-lugta-se-mettent-en-branle\/","og_site_name":"La Sentinelle","article_publisher":"https:\/\/www.facebook.com\/La-Sentinelle-104059864394773","article_published_time":"2023-01-25T21:08:00+00:00","og_image":[{"width":1350,"height":900,"url":"https:\/\/lasentinelle.dz\/wp-content\/uploads\/2023\/01\/UGTA.png","type":"image\/png"}],"author":"La Sentinelle","twitter_card":"summary_large_image","twitter_misc":{"\u00c9crit par":"La Sentinelle","Dur\u00e9e de lecture estim\u00e9e":"4 minutes"},"schema":{"@context":"https:\/\/schema.org","@graph":[{"@type":"Article","@id":"https:\/\/lasentinelle.dz\/index.php\/2023\/01\/25\/elles-rejettent-les-projets-de-loi-relatifs-a-lexercice-syndical-et-au-droit-de-greve-les-structures-de-lugta-se-mettent-en-branle\/#article","isPartOf":{"@id":"https:\/\/lasentinelle.dz\/index.php\/2023\/01\/25\/elles-rejettent-les-projets-de-loi-relatifs-a-lexercice-syndical-et-au-droit-de-greve-les-structures-de-lugta-se-mettent-en-branle\/"},"author":{"name":"La Sentinelle","@id":"https:\/\/lasentinelle.dz\/#\/schema\/person\/d865044e22e70a75174ce8bcad3acfb3"},"headline":"Elles rejettent les projets de loi relatifs \u00e0 l&rsquo;exercice syndical et au droit de gr\u00e8ve\u00a0: Les structures de l&rsquo;UGTA se mettent en branle","datePublished":"2023-01-25T21:08:00+00:00","mainEntityOfPage":{"@id":"https:\/\/lasentinelle.dz\/index.php\/2023\/01\/25\/elles-rejettent-les-projets-de-loi-relatifs-a-lexercice-syndical-et-au-droit-de-greve-les-structures-de-lugta-se-mettent-en-branle\/"},"wordCount":740,"commentCount":0,"publisher":{"@id":"https:\/\/lasentinelle.dz\/#organization"},"image":{"@id":"https:\/\/lasentinelle.dz\/index.php\/2023\/01\/25\/elles-rejettent-les-projets-de-loi-relatifs-a-lexercice-syndical-et-au-droit-de-greve-les-structures-de-lugta-se-mettent-en-branle\/#primaryimage"},"thumbnailUrl":"https:\/\/lasentinelle.dz\/wp-content\/uploads\/2023\/01\/UGTA.png","articleSection":["\u00c0 la Une","Actualit\u00e9"],"inLanguage":"fr-FR","potentialAction":[{"@type":"CommentAction","name":"Comment","target":["https:\/\/lasentinelle.dz\/index.php\/2023\/01\/25\/elles-rejettent-les-projets-de-loi-relatifs-a-lexercice-syndical-et-au-droit-de-greve-les-structures-de-lugta-se-mettent-en-branle\/#respond"]}]},{"@type":"WebPage","@id":"https:\/\/lasentinelle.dz\/index.php\/2023\/01\/25\/elles-rejettent-les-projets-de-loi-relatifs-a-lexercice-syndical-et-au-droit-de-greve-les-structures-de-lugta-se-mettent-en-branle\/","url":"https:\/\/lasentinelle.dz\/index.php\/2023\/01\/25\/elles-rejettent-les-projets-de-loi-relatifs-a-lexercice-syndical-et-au-droit-de-greve-les-structures-de-lugta-se-mettent-en-branle\/","name":"Elles rejettent les projets de loi relatifs \u00e0 l&rsquo;exercice syndical et au droit de gr\u00e8ve\u00a0: Les structures de l&rsquo;UGTA se mettent en branle - La Sentinelle","isPartOf":{"@id":"https:\/\/lasentinelle.dz\/#website"},"primaryImageOfPage":{"@id":"https:\/\/lasentinelle.dz\/index.php\/2023\/01\/25\/elles-rejettent-les-projets-de-loi-relatifs-a-lexercice-syndical-et-au-droit-de-greve-les-structures-de-lugta-se-mettent-en-branle\/#primaryimage"},"image":{"@id":"https:\/\/lasentinelle.dz\/index.php\/2023\/01\/25\/elles-rejettent-les-projets-de-loi-relatifs-a-lexercice-syndical-et-au-droit-de-greve-les-structures-de-lugta-se-mettent-en-branle\/#primaryimage"},"thumbnailUrl":"https:\/\/lasentinelle.dz\/wp-content\/uploads\/2023\/01\/UGTA.png","datePublished":"2023-01-25T21:08:00+00:00","breadcrumb":{"@id":"https:\/\/lasentinelle.dz\/index.php\/2023\/01\/25\/elles-rejettent-les-projets-de-loi-relatifs-a-lexercice-syndical-et-au-droit-de-greve-les-structures-de-lugta-se-mettent-en-branle\/#breadcrumb"},"inLanguage":"fr-FR","potentialAction":[{"@type":"ReadAction","target":["https:\/\/lasentinelle.dz\/index.php\/2023\/01\/25\/elles-rejettent-les-projets-de-loi-relatifs-a-lexercice-syndical-et-au-droit-de-greve-les-structures-de-lugta-se-mettent-en-branle\/"]}]},{"@type":"ImageObject","inLanguage":"fr-FR","@id":"https:\/\/lasentinelle.dz\/index.php\/2023\/01\/25\/elles-rejettent-les-projets-de-loi-relatifs-a-lexercice-syndical-et-au-droit-de-greve-les-structures-de-lugta-se-mettent-en-branle\/#primaryimage","url":"https:\/\/lasentinelle.dz\/wp-content\/uploads\/2023\/01\/UGTA.png","contentUrl":"https:\/\/lasentinelle.dz\/wp-content\/uploads\/2023\/01\/UGTA.png","width":1350,"height":900},{"@type":"BreadcrumbList","@id":"https:\/\/lasentinelle.dz\/index.php\/2023\/01\/25\/elles-rejettent-les-projets-de-loi-relatifs-a-lexercice-syndical-et-au-droit-de-greve-les-structures-de-lugta-se-mettent-en-branle\/#breadcrumb","itemListElement":[{"@type":"ListItem","position":1,"name":"Accueil","item":"https:\/\/lasentinelle.dz\/"},{"@type":"ListItem","position":2,"name":"Elles rejettent les projets de loi relatifs \u00e0 l&rsquo;exercice syndical et au droit de gr\u00e8ve\u00a0: Les structures de l&rsquo;UGTA se mettent en branle"}]},{"@type":"WebSite","@id":"https:\/\/lasentinelle.dz\/#website","url":"https:\/\/lasentinelle.dz\/","name":"La Sentinelle","description":"Quotidien national d&#039;information","publisher":{"@id":"https:\/\/lasentinelle.dz\/#organization"},"potentialAction":[{"@type":"SearchAction","target":{"@type":"EntryPoint","urlTemplate":"https:\/\/lasentinelle.dz\/?s={search_term_string}"},"query-input":{"@type":"PropertyValueSpecification","valueRequired":true,"valueName":"search_term_string"}}],"inLanguage":"fr-FR"},{"@type":"Organization","@id":"https:\/\/lasentinelle.dz\/#organization","name":"Quotidien La Sentinelle","url":"https:\/\/lasentinelle.dz\/","logo":{"@type":"ImageObject","inLanguage":"fr-FR","@id":"https:\/\/lasentinelle.dz\/#\/schema\/logo\/image\/","url":"https:\/\/lasentinelle.dz\/wp-content\/uploads\/2021\/09\/logo-sentinelleSLOGAN-1.png","contentUrl":"https:\/\/lasentinelle.dz\/wp-content\/uploads\/2021\/09\/logo-sentinelleSLOGAN-1.png","width":615,"height":142,"caption":"Quotidien La Sentinelle"},"image":{"@id":"https:\/\/lasentinelle.dz\/#\/schema\/logo\/image\/"},"sameAs":["https:\/\/www.facebook.com\/La-Sentinelle-104059864394773"]},{"@type":"Person","@id":"https:\/\/lasentinelle.dz\/#\/schema\/person\/d865044e22e70a75174ce8bcad3acfb3","name":"La Sentinelle","image":{"@type":"ImageObject","inLanguage":"fr-FR","@id":"https:\/\/secure.gravatar.com\/avatar\/57de8e5d4b15d43fb361a71fbb36338450fe67865b528a43dd10ef7c51a20392?s=96&d=mm&r=g","url":"https:\/\/secure.gravatar.com\/avatar\/57de8e5d4b15d43fb361a71fbb36338450fe67865b528a43dd10ef7c51a20392?s=96&d=mm&r=g","contentUrl":"https:\/\/secure.gravatar.com\/avatar\/57de8e5d4b15d43fb361a71fbb36338450fe67865b528a43dd10ef7c51a20392?s=96&d=mm&r=g","caption":"La Sentinelle"},"sameAs":["http:\/\/www.lasentinelle.dz"],"url":"https:\/\/lasentinelle.dz\/author\/redaction\/"}]}},"_links":{"self":[{"href":"https:\/\/lasentinelle.dz\/index.php\/wp-json\/wp\/v2\/posts\/34937","targetHints":{"allow":["GET"]}}],"collection":[{"href":"https:\/\/lasentinelle.dz\/index.php\/wp-json\/wp\/v2\/posts"}],"about":[{"href":"https:\/\/lasentinelle.dz\/index.php\/wp-json\/wp\/v2\/types\/post"}],"author":[{"embeddable":true,"href":"https:\/\/lasentinelle.dz\/index.php\/wp-json\/wp\/v2\/users\/3"}],"replies":[{"embeddable":true,"href":"https:\/\/lasentinelle.dz\/index.php\/wp-json\/wp\/v2\/comments?post=34937"}],"version-history":[{"count":2,"href":"https:\/\/lasentinelle.dz\/index.php\/wp-json\/wp\/v2\/posts\/34937\/revisions"}],"predecessor-version":[{"id":34950,"href":"https:\/\/lasentinelle.dz\/index.php\/wp-json\/wp\/v2\/posts\/34937\/revisions\/34950"}],"wp:featuredmedia":[{"embeddable":true,"href":"https:\/\/lasentinelle.dz\/index.php\/wp-json\/wp\/v2\/media\/34940"}],"wp:attachment":[{"href":"https:\/\/lasentinelle.dz\/index.php\/wp-json\/wp\/v2\/media?parent=34937"}],"wp:term":[{"taxonomy":"category","embeddable":true,"href":"https:\/\/lasentinelle.dz\/index.php\/wp-json\/wp\/v2\/categories?post=34937"},{"taxonomy":"post_tag","embeddable":true,"href":"https:\/\/lasentinelle.dz\/index.php\/wp-json\/wp\/v2\/tags?post=34937"}],"curies":[{"name":"wp","href":"https:\/\/api.w.org\/{rel}","templated":true}]}}