{"id":34939,"date":"2023-01-25T22:05:00","date_gmt":"2023-01-25T21:05:00","guid":{"rendered":"https:\/\/lasentinelle.dz\/?p=34939"},"modified":"2023-01-25T20:03:46","modified_gmt":"2023-01-25T19:03:46","slug":"tribunal-de-sidi-mhamed-18-ans-de-prison-ferme-requis-contre-said-bouteflika","status":"publish","type":"post","link":"https:\/\/lasentinelle.dz\/index.php\/2023\/01\/25\/tribunal-de-sidi-mhamed-18-ans-de-prison-ferme-requis-contre-said-bouteflika\/","title":{"rendered":"Tribunal de Sidi M&rsquo;hamed\u00a0: 18 ans de prison ferme requis contre Sa\u00efd Bouteflika"},"content":{"rendered":"\n<p>Le procureur de la R\u00e9publique pr\u00e8s le p\u00f4le p\u00e9nal \u00e9conomique et financier du tribunal de Sidi M&rsquo;hamed (Alger) a requis, hier apr\u00e8s-midi, une peine de 18 ans de prison ferme assortie d&rsquo;une amende de 3 millions DA \u00e0 l&rsquo;encontre de Sa\u00efd Bouteflika, fr\u00e8re et conseiller de l&rsquo;ancien pr\u00e9sident Abdelaziz Bouteflika, poursuivi avec plusieurs hommes d&rsquo;affaires pour corruption.La m\u00eame peine de prison a \u00e9t\u00e9 requise contre Ali Haddad et Mahieddine Tahkout assortie d&rsquo;une amende de 8 millions DA.Une peine de 15 ans de prison ferme assortie d&rsquo;une amende de 8 millions DA a \u00e9t\u00e9 requise \u00e0 l&rsquo;encontre des fr\u00e8res Kouninef (R\u00e9da, Abdelkader Karim, Tarek-Noah et Souad) avec confirmation du mandat d&rsquo;arr\u00eat international lanc\u00e9 \u00e0 l&rsquo;encontre de Souad Kouninef. La m\u00eame peine a \u00e9t\u00e9 requise contre AhmedMaazouz.Quant \u00e0 Bairi Mohamed, le procureur de la R\u00e9publique a requis une peine de 12 ans de prison ferme assortie d&rsquo;une amende 8 millions DA.Une peine de 10 ans de prison ferme assortie d&rsquo;une amende de 3 millions DA a \u00e9t\u00e9 requise contre Tahkout Hamid, Tahkout Nacer, Tahkout Rachid et l&rsquo;ancien directeur des travaux publics, Khelifaoui Ali.<\/p>\n\n\n\n<p>Le procureur de la R\u00e9publique a requis \u00e9galement une peine de huit ans de prison ferme et une amende d&rsquo;un million DA contre l&rsquo;ancien directeur g\u00e9n\u00e9ral de la Banque nationale d&rsquo;Alg\u00e9rie (BNA), Aboud Achour et trois ans de prison ferme assortie d&rsquo;une amende de 8 millions DA requis contre l&rsquo;ancien d\u00e9put\u00e9 Tahar Missoum alias \u00ab\u00a0sp\u00e9cifique\u00a0\u00bb.Les autres peines requises \u00e0 l&rsquo;encontre du reste des accus\u00e9s dont une majorit\u00e9 d&rsquo;hommes d&rsquo;affaires vont de 3 \u00e0 10 ans de prison ferme.<\/p>\n\n\n\n<p>Dans une autre affaire, la Cour d&rsquo;Alger a condamn\u00e9, hier, l&rsquo;ancien ministre des Ressources en eau, Arezki Berraki, \u00e0 une peine de 10 ans de prison ferme assortie d&rsquo;une amende d&rsquo;un (million de dinars pour des affaires li\u00e9es \u00e0 la corruption.Dans la m\u00eame affaire, la Cour a condamn\u00e9 \u00e9galement \u00e0 la m\u00eame peine l&rsquo;ancien secr\u00e9taire g\u00e9n\u00e9ral du minist\u00e8re des Ressources en eau, Mustapha Karim Rahiel et l&rsquo;ancien directeur de l&rsquo;Agence nationale des barrages et transferts (ANBT), Kali Abdenacer, en \u00e9tat de fuite avec confirmation du mandat d&rsquo;arr\u00eat international \u00e9mis \u00e0 son encontre.Une peine de trois ans de prison ferme a \u00e9t\u00e9 prononc\u00e9e contre la directrice de l&rsquo;administration g\u00e9n\u00e9rale de l&rsquo;ANBT, Chelbab Hafidha, alors que les autres accus\u00e9s ont \u00e9t\u00e9 acquitt\u00e9s.L&rsquo;ancien ministre, Arezki Berraki, a \u00e9t\u00e9 poursuivi en qualit\u00e9 d&rsquo;ancien directeur g\u00e9n\u00e9ral de l&rsquo;ANBT, avec les autres accus\u00e9s, d&rsquo;anciens cadres de l&rsquo;Agence, notamment pour les chefs d&rsquo;accusations de dilapidation de deniers publics, abus de fonction et octroi d&rsquo;indus avantages.<\/p>\n\n\n\n<p>R.N.<\/p>\n","protected":false},"excerpt":{"rendered":"<p>Le procureur de la R\u00e9publique pr\u00e8s le p\u00f4le p\u00e9nal \u00e9conomique et financier du tribunal de Sidi M&rsquo;hamed (Alger) a requis,<\/p>\n","protected":false},"author":3,"featured_media":34943,"comment_status":"open","ping_status":"closed","sticky":false,"template":"","format":"standard","meta":{"colormag_page_container_layout":"default_layout","colormag_page_sidebar_layout":"default_layout","om_disable_all_campaigns":false,"_monsterinsights_skip_tracking":false,"_monsterinsights_sitenote_active":false,"_monsterinsights_sitenote_note":"","_monsterinsights_sitenote_category":0,"footnotes":"","_wpscppro_dont_share_socialmedia":false,"_wpscppro_custom_social_share_image":0,"_facebook_share_type":"","_twitter_share_type":"","_linkedin_share_type":"","_pinterest_share_type":"","_linkedin_share_type_page":"","_instagram_share_type":"","_medium_share_type":"","_threads_share_type":"","_google_business_share_type":"","_selected_social_profile":[],"_wpsp_enable_custom_social_template":false,"_wpsp_social_scheduling":{"enabled":false,"datetime":null,"platforms":[],"status":"template_only","dateOption":"today","timeOption":"now","customDays":"","customHours":"","customDate":"","customTime":"","schedulingType":"absolute"},"_wpsp_active_default_template":true},"categories":[27],"tags":[],"class_list":["post-34939","post","type-post","status-publish","format-standard","has-post-thumbnail","hentry","category-actualite"],"aioseo_notices":[],"yoast_head":"<!-- This site is optimized with the Yoast SEO plugin v27.5 - https:\/\/yoast.com\/product\/yoast-seo-wordpress\/ -->\n<title>Tribunal de Sidi M&rsquo;hamed\u00a0: 18 ans de prison ferme requis contre Sa\u00efd Bouteflika - La Sentinelle<\/title>\n<meta name=\"robots\" content=\"index, follow, max-snippet:-1, max-image-preview:large, max-video-preview:-1\" \/>\n<link rel=\"canonical\" href=\"https:\/\/lasentinelle.dz\/index.php\/2023\/01\/25\/tribunal-de-sidi-mhamed-18-ans-de-prison-ferme-requis-contre-said-bouteflika\/\" \/>\n<meta property=\"og:locale\" content=\"fr_FR\" \/>\n<meta property=\"og:type\" content=\"article\" \/>\n<meta property=\"og:title\" content=\"Tribunal de Sidi M&rsquo;hamed\u00a0: 18 ans de prison ferme requis contre Sa\u00efd Bouteflika - La Sentinelle\" \/>\n<meta property=\"og:description\" content=\"Le procureur de la R\u00e9publique pr\u00e8s le p\u00f4le p\u00e9nal \u00e9conomique et financier du tribunal de Sidi M&rsquo;hamed (Alger) a requis,\" \/>\n<meta property=\"og:url\" content=\"https:\/\/lasentinelle.dz\/index.php\/2023\/01\/25\/tribunal-de-sidi-mhamed-18-ans-de-prison-ferme-requis-contre-said-bouteflika\/\" \/>\n<meta property=\"og:site_name\" content=\"La Sentinelle\" \/>\n<meta property=\"article:publisher\" content=\"https:\/\/www.facebook.com\/La-Sentinelle-104059864394773\" \/>\n<meta property=\"article:published_time\" content=\"2023-01-25T21:05:00+00:00\" \/>\n<meta property=\"og:image\" content=\"https:\/\/lasentinelle.dz\/wp-content\/uploads\/2023\/01\/Sans-titre-2-15.png\" \/>\n\t<meta property=\"og:image:width\" content=\"1800\" \/>\n\t<meta property=\"og:image:height\" content=\"900\" \/>\n\t<meta property=\"og:image:type\" content=\"image\/png\" \/>\n<meta name=\"author\" content=\"La Sentinelle\" \/>\n<meta name=\"twitter:card\" content=\"summary_large_image\" \/>\n<meta name=\"twitter:label1\" content=\"\u00c9crit par\" \/>\n\t<meta name=\"twitter:data1\" content=\"La Sentinelle\" \/>\n\t<meta name=\"twitter:label2\" content=\"Dur\u00e9e de lecture estim\u00e9e\" \/>\n\t<meta name=\"twitter:data2\" content=\"3 minutes\" \/>\n<script type=\"application\/ld+json\" class=\"yoast-schema-graph\">{\"@context\":\"https:\\\/\\\/schema.org\",\"@graph\":[{\"@type\":\"Article\",\"@id\":\"https:\\\/\\\/lasentinelle.dz\\\/index.php\\\/2023\\\/01\\\/25\\\/tribunal-de-sidi-mhamed-18-ans-de-prison-ferme-requis-contre-said-bouteflika\\\/#article\",\"isPartOf\":{\"@id\":\"https:\\\/\\\/lasentinelle.dz\\\/index.php\\\/2023\\\/01\\\/25\\\/tribunal-de-sidi-mhamed-18-ans-de-prison-ferme-requis-contre-said-bouteflika\\\/\"},\"author\":{\"name\":\"La Sentinelle\",\"@id\":\"https:\\\/\\\/lasentinelle.dz\\\/#\\\/schema\\\/person\\\/d865044e22e70a75174ce8bcad3acfb3\"},\"headline\":\"Tribunal de Sidi M&rsquo;hamed\u00a0: 18 ans de prison ferme requis contre Sa\u00efd Bouteflika\",\"datePublished\":\"2023-01-25T21:05:00+00:00\",\"mainEntityOfPage\":{\"@id\":\"https:\\\/\\\/lasentinelle.dz\\\/index.php\\\/2023\\\/01\\\/25\\\/tribunal-de-sidi-mhamed-18-ans-de-prison-ferme-requis-contre-said-bouteflika\\\/\"},\"wordCount\":494,\"commentCount\":0,\"publisher\":{\"@id\":\"https:\\\/\\\/lasentinelle.dz\\\/#organization\"},\"image\":{\"@id\":\"https:\\\/\\\/lasentinelle.dz\\\/index.php\\\/2023\\\/01\\\/25\\\/tribunal-de-sidi-mhamed-18-ans-de-prison-ferme-requis-contre-said-bouteflika\\\/#primaryimage\"},\"thumbnailUrl\":\"https:\\\/\\\/lasentinelle.dz\\\/wp-content\\\/uploads\\\/2023\\\/01\\\/Sans-titre-2-15.png\",\"articleSection\":[\"Actualit\u00e9\"],\"inLanguage\":\"fr-FR\",\"potentialAction\":[{\"@type\":\"CommentAction\",\"name\":\"Comment\",\"target\":[\"https:\\\/\\\/lasentinelle.dz\\\/index.php\\\/2023\\\/01\\\/25\\\/tribunal-de-sidi-mhamed-18-ans-de-prison-ferme-requis-contre-said-bouteflika\\\/#respond\"]}]},{\"@type\":\"WebPage\",\"@id\":\"https:\\\/\\\/lasentinelle.dz\\\/index.php\\\/2023\\\/01\\\/25\\\/tribunal-de-sidi-mhamed-18-ans-de-prison-ferme-requis-contre-said-bouteflika\\\/\",\"url\":\"https:\\\/\\\/lasentinelle.dz\\\/index.php\\\/2023\\\/01\\\/25\\\/tribunal-de-sidi-mhamed-18-ans-de-prison-ferme-requis-contre-said-bouteflika\\\/\",\"name\":\"Tribunal de Sidi M&rsquo;hamed\u00a0: 18 ans de prison ferme requis contre Sa\u00efd Bouteflika - La Sentinelle\",\"isPartOf\":{\"@id\":\"https:\\\/\\\/lasentinelle.dz\\\/#website\"},\"primaryImageOfPage\":{\"@id\":\"https:\\\/\\\/lasentinelle.dz\\\/index.php\\\/2023\\\/01\\\/25\\\/tribunal-de-sidi-mhamed-18-ans-de-prison-ferme-requis-contre-said-bouteflika\\\/#primaryimage\"},\"image\":{\"@id\":\"https:\\\/\\\/lasentinelle.dz\\\/index.php\\\/2023\\\/01\\\/25\\\/tribunal-de-sidi-mhamed-18-ans-de-prison-ferme-requis-contre-said-bouteflika\\\/#primaryimage\"},\"thumbnailUrl\":\"https:\\\/\\\/lasentinelle.dz\\\/wp-content\\\/uploads\\\/2023\\\/01\\\/Sans-titre-2-15.png\",\"datePublished\":\"2023-01-25T21:05:00+00:00\",\"breadcrumb\":{\"@id\":\"https:\\\/\\\/lasentinelle.dz\\\/index.php\\\/2023\\\/01\\\/25\\\/tribunal-de-sidi-mhamed-18-ans-de-prison-ferme-requis-contre-said-bouteflika\\\/#breadcrumb\"},\"inLanguage\":\"fr-FR\",\"potentialAction\":[{\"@type\":\"ReadAction\",\"target\":[\"https:\\\/\\\/lasentinelle.dz\\\/index.php\\\/2023\\\/01\\\/25\\\/tribunal-de-sidi-mhamed-18-ans-de-prison-ferme-requis-contre-said-bouteflika\\\/\"]}]},{\"@type\":\"ImageObject\",\"inLanguage\":\"fr-FR\",\"@id\":\"https:\\\/\\\/lasentinelle.dz\\\/index.php\\\/2023\\\/01\\\/25\\\/tribunal-de-sidi-mhamed-18-ans-de-prison-ferme-requis-contre-said-bouteflika\\\/#primaryimage\",\"url\":\"https:\\\/\\\/lasentinelle.dz\\\/wp-content\\\/uploads\\\/2023\\\/01\\\/Sans-titre-2-15.png\",\"contentUrl\":\"https:\\\/\\\/lasentinelle.dz\\\/wp-content\\\/uploads\\\/2023\\\/01\\\/Sans-titre-2-15.png\",\"width\":1800,\"height\":900},{\"@type\":\"BreadcrumbList\",\"@id\":\"https:\\\/\\\/lasentinelle.dz\\\/index.php\\\/2023\\\/01\\\/25\\\/tribunal-de-sidi-mhamed-18-ans-de-prison-ferme-requis-contre-said-bouteflika\\\/#breadcrumb\",\"itemListElement\":[{\"@type\":\"ListItem\",\"position\":1,\"name\":\"Accueil\",\"item\":\"https:\\\/\\\/lasentinelle.dz\\\/\"},{\"@type\":\"ListItem\",\"position\":2,\"name\":\"Tribunal de Sidi M&rsquo;hamed\u00a0: 18 ans de prison ferme requis contre Sa\u00efd Bouteflika\"}]},{\"@type\":\"WebSite\",\"@id\":\"https:\\\/\\\/lasentinelle.dz\\\/#website\",\"url\":\"https:\\\/\\\/lasentinelle.dz\\\/\",\"name\":\"La Sentinelle\",\"description\":\"Quotidien national d&#039;information\",\"publisher\":{\"@id\":\"https:\\\/\\\/lasentinelle.dz\\\/#organization\"},\"potentialAction\":[{\"@type\":\"SearchAction\",\"target\":{\"@type\":\"EntryPoint\",\"urlTemplate\":\"https:\\\/\\\/lasentinelle.dz\\\/?s={search_term_string}\"},\"query-input\":{\"@type\":\"PropertyValueSpecification\",\"valueRequired\":true,\"valueName\":\"search_term_string\"}}],\"inLanguage\":\"fr-FR\"},{\"@type\":\"Organization\",\"@id\":\"https:\\\/\\\/lasentinelle.dz\\\/#organization\",\"name\":\"Quotidien La Sentinelle\",\"url\":\"https:\\\/\\\/lasentinelle.dz\\\/\",\"logo\":{\"@type\":\"ImageObject\",\"inLanguage\":\"fr-FR\",\"@id\":\"https:\\\/\\\/lasentinelle.dz\\\/#\\\/schema\\\/logo\\\/image\\\/\",\"url\":\"https:\\\/\\\/lasentinelle.dz\\\/wp-content\\\/uploads\\\/2021\\\/09\\\/logo-sentinelleSLOGAN-1.png\",\"contentUrl\":\"https:\\\/\\\/lasentinelle.dz\\\/wp-content\\\/uploads\\\/2021\\\/09\\\/logo-sentinelleSLOGAN-1.png\",\"width\":615,\"height\":142,\"caption\":\"Quotidien La Sentinelle\"},\"image\":{\"@id\":\"https:\\\/\\\/lasentinelle.dz\\\/#\\\/schema\\\/logo\\\/image\\\/\"},\"sameAs\":[\"https:\\\/\\\/www.facebook.com\\\/La-Sentinelle-104059864394773\"]},{\"@type\":\"Person\",\"@id\":\"https:\\\/\\\/lasentinelle.dz\\\/#\\\/schema\\\/person\\\/d865044e22e70a75174ce8bcad3acfb3\",\"name\":\"La Sentinelle\",\"image\":{\"@type\":\"ImageObject\",\"inLanguage\":\"fr-FR\",\"@id\":\"https:\\\/\\\/secure.gravatar.com\\\/avatar\\\/57de8e5d4b15d43fb361a71fbb36338450fe67865b528a43dd10ef7c51a20392?s=96&d=mm&r=g\",\"url\":\"https:\\\/\\\/secure.gravatar.com\\\/avatar\\\/57de8e5d4b15d43fb361a71fbb36338450fe67865b528a43dd10ef7c51a20392?s=96&d=mm&r=g\",\"contentUrl\":\"https:\\\/\\\/secure.gravatar.com\\\/avatar\\\/57de8e5d4b15d43fb361a71fbb36338450fe67865b528a43dd10ef7c51a20392?s=96&d=mm&r=g\",\"caption\":\"La Sentinelle\"},\"sameAs\":[\"http:\\\/\\\/www.lasentinelle.dz\"],\"url\":\"https:\\\/\\\/lasentinelle.dz\\\/author\\\/redaction\\\/\"}]}<\/script>\n<!-- \/ Yoast SEO plugin. -->","yoast_head_json":{"title":"Tribunal de Sidi M&rsquo;hamed\u00a0: 18 ans de prison ferme requis contre Sa\u00efd Bouteflika - La Sentinelle","robots":{"index":"index","follow":"follow","max-snippet":"max-snippet:-1","max-image-preview":"max-image-preview:large","max-video-preview":"max-video-preview:-1"},"canonical":"https:\/\/lasentinelle.dz\/index.php\/2023\/01\/25\/tribunal-de-sidi-mhamed-18-ans-de-prison-ferme-requis-contre-said-bouteflika\/","og_locale":"fr_FR","og_type":"article","og_title":"Tribunal de Sidi M&rsquo;hamed\u00a0: 18 ans de prison ferme requis contre Sa\u00efd Bouteflika - La Sentinelle","og_description":"Le procureur de la R\u00e9publique pr\u00e8s le p\u00f4le p\u00e9nal \u00e9conomique et financier du tribunal de Sidi M&rsquo;hamed (Alger) a requis,","og_url":"https:\/\/lasentinelle.dz\/index.php\/2023\/01\/25\/tribunal-de-sidi-mhamed-18-ans-de-prison-ferme-requis-contre-said-bouteflika\/","og_site_name":"La Sentinelle","article_publisher":"https:\/\/www.facebook.com\/La-Sentinelle-104059864394773","article_published_time":"2023-01-25T21:05:00+00:00","og_image":[{"width":1800,"height":900,"url":"https:\/\/lasentinelle.dz\/wp-content\/uploads\/2023\/01\/Sans-titre-2-15.png","type":"image\/png"}],"author":"La Sentinelle","twitter_card":"summary_large_image","twitter_misc":{"\u00c9crit par":"La Sentinelle","Dur\u00e9e de lecture estim\u00e9e":"3 minutes"},"schema":{"@context":"https:\/\/schema.org","@graph":[{"@type":"Article","@id":"https:\/\/lasentinelle.dz\/index.php\/2023\/01\/25\/tribunal-de-sidi-mhamed-18-ans-de-prison-ferme-requis-contre-said-bouteflika\/#article","isPartOf":{"@id":"https:\/\/lasentinelle.dz\/index.php\/2023\/01\/25\/tribunal-de-sidi-mhamed-18-ans-de-prison-ferme-requis-contre-said-bouteflika\/"},"author":{"name":"La Sentinelle","@id":"https:\/\/lasentinelle.dz\/#\/schema\/person\/d865044e22e70a75174ce8bcad3acfb3"},"headline":"Tribunal de Sidi M&rsquo;hamed\u00a0: 18 ans de prison ferme requis contre Sa\u00efd Bouteflika","datePublished":"2023-01-25T21:05:00+00:00","mainEntityOfPage":{"@id":"https:\/\/lasentinelle.dz\/index.php\/2023\/01\/25\/tribunal-de-sidi-mhamed-18-ans-de-prison-ferme-requis-contre-said-bouteflika\/"},"wordCount":494,"commentCount":0,"publisher":{"@id":"https:\/\/lasentinelle.dz\/#organization"},"image":{"@id":"https:\/\/lasentinelle.dz\/index.php\/2023\/01\/25\/tribunal-de-sidi-mhamed-18-ans-de-prison-ferme-requis-contre-said-bouteflika\/#primaryimage"},"thumbnailUrl":"https:\/\/lasentinelle.dz\/wp-content\/uploads\/2023\/01\/Sans-titre-2-15.png","articleSection":["Actualit\u00e9"],"inLanguage":"fr-FR","potentialAction":[{"@type":"CommentAction","name":"Comment","target":["https:\/\/lasentinelle.dz\/index.php\/2023\/01\/25\/tribunal-de-sidi-mhamed-18-ans-de-prison-ferme-requis-contre-said-bouteflika\/#respond"]}]},{"@type":"WebPage","@id":"https:\/\/lasentinelle.dz\/index.php\/2023\/01\/25\/tribunal-de-sidi-mhamed-18-ans-de-prison-ferme-requis-contre-said-bouteflika\/","url":"https:\/\/lasentinelle.dz\/index.php\/2023\/01\/25\/tribunal-de-sidi-mhamed-18-ans-de-prison-ferme-requis-contre-said-bouteflika\/","name":"Tribunal de Sidi M&rsquo;hamed\u00a0: 18 ans de prison ferme requis contre Sa\u00efd Bouteflika - La Sentinelle","isPartOf":{"@id":"https:\/\/lasentinelle.dz\/#website"},"primaryImageOfPage":{"@id":"https:\/\/lasentinelle.dz\/index.php\/2023\/01\/25\/tribunal-de-sidi-mhamed-18-ans-de-prison-ferme-requis-contre-said-bouteflika\/#primaryimage"},"image":{"@id":"https:\/\/lasentinelle.dz\/index.php\/2023\/01\/25\/tribunal-de-sidi-mhamed-18-ans-de-prison-ferme-requis-contre-said-bouteflika\/#primaryimage"},"thumbnailUrl":"https:\/\/lasentinelle.dz\/wp-content\/uploads\/2023\/01\/Sans-titre-2-15.png","datePublished":"2023-01-25T21:05:00+00:00","breadcrumb":{"@id":"https:\/\/lasentinelle.dz\/index.php\/2023\/01\/25\/tribunal-de-sidi-mhamed-18-ans-de-prison-ferme-requis-contre-said-bouteflika\/#breadcrumb"},"inLanguage":"fr-FR","potentialAction":[{"@type":"ReadAction","target":["https:\/\/lasentinelle.dz\/index.php\/2023\/01\/25\/tribunal-de-sidi-mhamed-18-ans-de-prison-ferme-requis-contre-said-bouteflika\/"]}]},{"@type":"ImageObject","inLanguage":"fr-FR","@id":"https:\/\/lasentinelle.dz\/index.php\/2023\/01\/25\/tribunal-de-sidi-mhamed-18-ans-de-prison-ferme-requis-contre-said-bouteflika\/#primaryimage","url":"https:\/\/lasentinelle.dz\/wp-content\/uploads\/2023\/01\/Sans-titre-2-15.png","contentUrl":"https:\/\/lasentinelle.dz\/wp-content\/uploads\/2023\/01\/Sans-titre-2-15.png","width":1800,"height":900},{"@type":"BreadcrumbList","@id":"https:\/\/lasentinelle.dz\/index.php\/2023\/01\/25\/tribunal-de-sidi-mhamed-18-ans-de-prison-ferme-requis-contre-said-bouteflika\/#breadcrumb","itemListElement":[{"@type":"ListItem","position":1,"name":"Accueil","item":"https:\/\/lasentinelle.dz\/"},{"@type":"ListItem","position":2,"name":"Tribunal de Sidi M&rsquo;hamed\u00a0: 18 ans de prison ferme requis contre Sa\u00efd Bouteflika"}]},{"@type":"WebSite","@id":"https:\/\/lasentinelle.dz\/#website","url":"https:\/\/lasentinelle.dz\/","name":"La Sentinelle","description":"Quotidien national d&#039;information","publisher":{"@id":"https:\/\/lasentinelle.dz\/#organization"},"potentialAction":[{"@type":"SearchAction","target":{"@type":"EntryPoint","urlTemplate":"https:\/\/lasentinelle.dz\/?s={search_term_string}"},"query-input":{"@type":"PropertyValueSpecification","valueRequired":true,"valueName":"search_term_string"}}],"inLanguage":"fr-FR"},{"@type":"Organization","@id":"https:\/\/lasentinelle.dz\/#organization","name":"Quotidien La Sentinelle","url":"https:\/\/lasentinelle.dz\/","logo":{"@type":"ImageObject","inLanguage":"fr-FR","@id":"https:\/\/lasentinelle.dz\/#\/schema\/logo\/image\/","url":"https:\/\/lasentinelle.dz\/wp-content\/uploads\/2021\/09\/logo-sentinelleSLOGAN-1.png","contentUrl":"https:\/\/lasentinelle.dz\/wp-content\/uploads\/2021\/09\/logo-sentinelleSLOGAN-1.png","width":615,"height":142,"caption":"Quotidien La Sentinelle"},"image":{"@id":"https:\/\/lasentinelle.dz\/#\/schema\/logo\/image\/"},"sameAs":["https:\/\/www.facebook.com\/La-Sentinelle-104059864394773"]},{"@type":"Person","@id":"https:\/\/lasentinelle.dz\/#\/schema\/person\/d865044e22e70a75174ce8bcad3acfb3","name":"La Sentinelle","image":{"@type":"ImageObject","inLanguage":"fr-FR","@id":"https:\/\/secure.gravatar.com\/avatar\/57de8e5d4b15d43fb361a71fbb36338450fe67865b528a43dd10ef7c51a20392?s=96&d=mm&r=g","url":"https:\/\/secure.gravatar.com\/avatar\/57de8e5d4b15d43fb361a71fbb36338450fe67865b528a43dd10ef7c51a20392?s=96&d=mm&r=g","contentUrl":"https:\/\/secure.gravatar.com\/avatar\/57de8e5d4b15d43fb361a71fbb36338450fe67865b528a43dd10ef7c51a20392?s=96&d=mm&r=g","caption":"La Sentinelle"},"sameAs":["http:\/\/www.lasentinelle.dz"],"url":"https:\/\/lasentinelle.dz\/author\/redaction\/"}]}},"_links":{"self":[{"href":"https:\/\/lasentinelle.dz\/index.php\/wp-json\/wp\/v2\/posts\/34939","targetHints":{"allow":["GET"]}}],"collection":[{"href":"https:\/\/lasentinelle.dz\/index.php\/wp-json\/wp\/v2\/posts"}],"about":[{"href":"https:\/\/lasentinelle.dz\/index.php\/wp-json\/wp\/v2\/types\/post"}],"author":[{"embeddable":true,"href":"https:\/\/lasentinelle.dz\/index.php\/wp-json\/wp\/v2\/users\/3"}],"replies":[{"embeddable":true,"href":"https:\/\/lasentinelle.dz\/index.php\/wp-json\/wp\/v2\/comments?post=34939"}],"version-history":[{"count":1,"href":"https:\/\/lasentinelle.dz\/index.php\/wp-json\/wp\/v2\/posts\/34939\/revisions"}],"predecessor-version":[{"id":34945,"href":"https:\/\/lasentinelle.dz\/index.php\/wp-json\/wp\/v2\/posts\/34939\/revisions\/34945"}],"wp:featuredmedia":[{"embeddable":true,"href":"https:\/\/lasentinelle.dz\/index.php\/wp-json\/wp\/v2\/media\/34943"}],"wp:attachment":[{"href":"https:\/\/lasentinelle.dz\/index.php\/wp-json\/wp\/v2\/media?parent=34939"}],"wp:term":[{"taxonomy":"category","embeddable":true,"href":"https:\/\/lasentinelle.dz\/index.php\/wp-json\/wp\/v2\/categories?post=34939"},{"taxonomy":"post_tag","embeddable":true,"href":"https:\/\/lasentinelle.dz\/index.php\/wp-json\/wp\/v2\/tags?post=34939"}],"curies":[{"name":"wp","href":"https:\/\/api.w.org\/{rel}","templated":true}]}}