{"id":34946,"date":"2023-01-25T22:05:00","date_gmt":"2023-01-25T21:05:00","guid":{"rendered":"https:\/\/lasentinelle.dz\/?p=34946"},"modified":"2023-01-25T20:52:46","modified_gmt":"2023-01-25T19:52:46","slug":"9e-session-des-consultations-politiques-algero-francaises-la-visite-du-president-tebboune-en-france-en-lame-de-fond","status":"publish","type":"post","link":"https:\/\/lasentinelle.dz\/index.php\/2023\/01\/25\/9e-session-des-consultations-politiques-algero-francaises-la-visite-du-president-tebboune-en-france-en-lame-de-fond\/","title":{"rendered":"9e session des consultations politiques alg\u00e9ro-fran\u00e7aises\u00a0: La visite du Pr\u00e9sident Tebboune en France en lame de fond"},"content":{"rendered":"\n<p>Le pr\u00e9sident de la R\u00e9publique, Abdelmadjid Tebboune, doit effectuer une visite en France au mois de mai prochain. Une visite qui doit permettre une batterie de dossiers qui seront au c\u0153ur d\u2019un \u00ab&nbsp;partenariat renouvel\u00e9&nbsp;\u00bb, selon les termes de la D\u00e9claration d\u2019Alger laquelle a sanctionn\u00e9 la visite du pr\u00e9sident fran\u00e7ais Emmanuel Macron en Alg\u00e9rie au mois d\u2019ao\u00fbt dernier. Si la consolidation du partenariat dans les domaines \u00e9conomiques, \u00e9nerg\u00e9tiques, environnementaux, culturels dans la jeunesse sont \u00e9voqu\u00e9s avec insistance, les questions de la circulation des personnes et de la m\u00e9moire restent ceux qui alimentent le d\u00e9bat au c\u0153ur d\u2019une relation que l\u2019on souhaite relancer sur de nouvelles bases.<\/p>\n\n\n\n<p>C\u2019est dans ce contexte que les travaux de la 9e session des consultations politiques alg\u00e9ro-fran\u00e7aises, ont \u00e9t\u00e9 tenus hier sous la copr\u00e9sidence du secr\u00e9taire g\u00e9n\u00e9ral du minist\u00e8re des Affaires \u00e9trang\u00e8res et de la Communaut\u00e9 nationale \u00e0 l&rsquo;\u00e9tranger, Amar Belani, et de son homologue du minist\u00e8re de l&rsquo;Europe et des Affaires \u00e9trang\u00e8res, Anne Marie Desc\u00f4tes.<\/p>\n\n\n\n<p>Selon un communiqu\u00e9 du minist\u00e8re des Affaires \u00e9trang\u00e8res et de la Communaut\u00e9 nationale \u00e0 l\u2019\u00e9tranger, les travaux de cette session \u00ab&nbsp;se sont inscrits dans un contexte particulier marqu\u00e9 par la pr\u00e9paration de la prochaine visite, en France, qu&rsquo;effectuera, en mai prochain le pr\u00e9sident de la R\u00e9publique, M. Abdelmadjid Tebboune, visite qui sera pr\u00e9c\u00e9d\u00e9e par la tenue, dans les semaines \u00e0 venir, du Comit\u00e9 mixte \u00e9conomique alg\u00e9ro-fran\u00e7ais (COMEFA)&nbsp;\u00bb. La m\u00eame source souligne d\u2019ailleurs que \u00ab&nbsp;ces consultations politiques, qui se sont appuy\u00e9es pour la premi\u00e8re fois sur des r\u00e9unions exploratoires entre les hauts fonctionnaires des diff\u00e9rents d\u00e9partements minist\u00e9riels des deux parties, ont fait ressortir une concordance de vues, sur les voies et moyens de rehausser le niveau de la coop\u00e9ration, consolider le cadre juridique bilat\u00e9ral et concevoir de nouveaux m\u00e9canismes bilat\u00e9raux de coop\u00e9ration dans les diff\u00e9rents domaines d\u2019activit\u00e9&nbsp;\u00bb. C\u2019est ainsi que l\u2019on pr\u00e9cise que les travaux de cette session<\/p>\n\n\n\n<p>ont abord\u00e9 \u00ab\u00a0l&rsquo;ensemble des dimensions de la relation bilat\u00e9rale, en particulier la dimension humaine, avec un accent particulier sur les questions relatives \u00e0 la m\u00e9moire et \u00e0 la circulation des personnes, qui constituent de v\u00e9ritables marqueurs de cette relation\u00a0\u00bb.<\/p>\n\n\n\n<p><strong>M\u00e9moire&nbsp;: une lecture objective et de qualit\u00e9<\/strong><\/p>\n\n\n\n<p>La question de la m\u00e9moire a d\u2019ailleurs \u00e9t\u00e9 au centre de ces consultations. Ainsi, selon le communiqu\u00e9, conform\u00e9ment au cap fix\u00e9 par les chefs d&rsquo;Etat des deux pays, \u00ab\u00a0il a \u00e9t\u00e9 convenu de traiter la question m\u00e9morielle dans le cadre d&rsquo;une lecture objective et de v\u00e9rit\u00e9\u00a0\u00bb. La partie fran\u00e7aise s&rsquo;est engag\u00e9e \u00e0 ce titre \u00e0 \u00ab\u00a0acc\u00e9l\u00e9rer le processus de restitution des archives et du traitement de la question des sites d&rsquo;essais nucl\u00e9aires qu&rsquo;il convient de r\u00e9habiliter, concourant ainsi \u00e0 appr\u00e9hender l&rsquo;avenir dans un climat d\u2019apaisement et de respect mutuel\u00a0\u00bb.Les deux parties ont \u00e9galement abord\u00e9 \u00ab\u00a0les questions d\u2019actualit\u00e9 d&rsquo;ordre r\u00e9gional et international d&rsquo;int\u00e9r\u00eat commun dans leur voisinage imm\u00e9diat (Sahara occidental, Sahel, Libye, conflit russo-ukrainien etc.)\u00a0\u00bb.Elles \u00ab\u00a0sont convenues enfin de poursuivre le dialogue et les \u00e9changes, ainsi que l\u2019activation de l\u2019ensemble des m\u00e9canismes de coop\u00e9ration institu\u00e9s par les autorit\u00e9s des deux pays\u00a0\u00bb, conclut le communiqu\u00e9. Notons que lors des travaux de cette session, Amar Belani, a mis en exergue \u00ab\u00a0la n\u00e9cessit\u00e9 de poursuivre les efforts entrepris de part et d&rsquo;autre afin de r\u00e9ussir davantage \u00e0 \u00e9lever le niveau des relations et les articuler ensemble \u00e0 des r\u00e9ponses adapt\u00e9es, notamment aux deux marqueurs essentiels de notre relation globale que sont la m\u00e9moire et la mobilit\u00e9 (&#8230;) et au socle du partenariat renouvel\u00e9 auquel nous aspirons\u00a0\u00bb.<\/p>\n\n\n\n<p>Pour sa part, Anne-Marie Desc\u00f4tes, a indiqu\u00e9 que cinq mois apr\u00e8s la visite officielle et d&rsquo;amiti\u00e9 du pr\u00e9sident fran\u00e7ais \u00e0 Alger et Oran en ao\u00fbt dernier, \u00ab\u00a0une \u00e9tape in\u00e9dite est en cours de construction dans la relation de nos deux pays que nous voulons pleine de confiance\u00a0\u00bb.Accompagn\u00e9e d&rsquo;une vingtaine de hauts responsables de la coop\u00e9ration, Mme Desc\u00f4tes a soulign\u00e9 que la venue de 15 ministres fran\u00e7ais \u00e0 Alger en octobre dernier pour le Comit\u00e9 intergouvernemental de haut niveau, avait permis d&rsquo;identifier de nouveaux domaines de coop\u00e9ration et de discussions, se r\u00e9jouissant que des contacts au niveau des administrations sont en train de gagner en fr\u00e9quence et en fluidit\u00e9 depuis l&rsquo;automne pour une meilleure compr\u00e9hension.<\/p>\n\n\n\n<p><strong>Hocine Fadheli<\/strong><\/p>\n","protected":false},"excerpt":{"rendered":"<p>Le pr\u00e9sident de la R\u00e9publique, Abdelmadjid Tebboune, doit effectuer une visite en France au mois de mai prochain. Une visite<\/p>\n","protected":false},"author":3,"featured_media":34954,"comment_status":"open","ping_status":"closed","sticky":false,"template":"","format":"standard","meta":{"colormag_page_container_layout":"default_layout","colormag_page_sidebar_layout":"default_layout","om_disable_all_campaigns":false,"_monsterinsights_skip_tracking":false,"_monsterinsights_sitenote_active":false,"_monsterinsights_sitenote_note":"","_monsterinsights_sitenote_category":0,"footnotes":"","_wpscppro_dont_share_socialmedia":false,"_wpscppro_custom_social_share_image":0,"_facebook_share_type":"","_twitter_share_type":"","_linkedin_share_type":"","_pinterest_share_type":"","_linkedin_share_type_page":"","_instagram_share_type":"","_medium_share_type":"","_threads_share_type":"","_google_business_share_type":"","_selected_social_profile":[],"_wpsp_enable_custom_social_template":false,"_wpsp_social_scheduling":{"enabled":false,"datetime":null,"platforms":[],"status":"template_only","dateOption":"today","timeOption":"now","customDays":"","customHours":"","customDate":"","customTime":"","schedulingType":"absolute"},"_wpsp_active_default_template":true},"categories":[27],"tags":[],"class_list":["post-34946","post","type-post","status-publish","format-standard","has-post-thumbnail","hentry","category-actualite"],"aioseo_notices":[],"yoast_head":"<!-- This site is optimized with the Yoast SEO plugin v27.5 - https:\/\/yoast.com\/product\/yoast-seo-wordpress\/ -->\n<title>9e session des consultations politiques alg\u00e9ro-fran\u00e7aises\u00a0: La visite du Pr\u00e9sident Tebboune en France en lame de fond - La Sentinelle<\/title>\n<meta name=\"robots\" content=\"index, follow, max-snippet:-1, max-image-preview:large, max-video-preview:-1\" \/>\n<link rel=\"canonical\" href=\"https:\/\/lasentinelle.dz\/index.php\/2023\/01\/25\/9e-session-des-consultations-politiques-algero-francaises-la-visite-du-president-tebboune-en-france-en-lame-de-fond\/\" \/>\n<meta property=\"og:locale\" content=\"fr_FR\" \/>\n<meta property=\"og:type\" content=\"article\" \/>\n<meta property=\"og:title\" content=\"9e session des consultations politiques alg\u00e9ro-fran\u00e7aises\u00a0: La visite du Pr\u00e9sident Tebboune en France en lame de fond - La Sentinelle\" \/>\n<meta property=\"og:description\" content=\"Le pr\u00e9sident de la R\u00e9publique, Abdelmadjid Tebboune, doit effectuer une visite en France au mois de mai prochain. Une visite\" \/>\n<meta property=\"og:url\" content=\"https:\/\/lasentinelle.dz\/index.php\/2023\/01\/25\/9e-session-des-consultations-politiques-algero-francaises-la-visite-du-president-tebboune-en-france-en-lame-de-fond\/\" \/>\n<meta property=\"og:site_name\" content=\"La Sentinelle\" \/>\n<meta property=\"article:publisher\" content=\"https:\/\/www.facebook.com\/La-Sentinelle-104059864394773\" \/>\n<meta property=\"article:published_time\" content=\"2023-01-25T21:05:00+00:00\" \/>\n<meta property=\"og:image\" content=\"https:\/\/lasentinelle.dz\/wp-content\/uploads\/2023\/01\/Sans-titre-3-14.png\" \/>\n\t<meta property=\"og:image:width\" content=\"1406\" \/>\n\t<meta property=\"og:image:height\" content=\"900\" \/>\n\t<meta property=\"og:image:type\" content=\"image\/png\" \/>\n<meta name=\"author\" content=\"La Sentinelle\" \/>\n<meta name=\"twitter:card\" content=\"summary_large_image\" \/>\n<meta name=\"twitter:label1\" content=\"\u00c9crit par\" \/>\n\t<meta name=\"twitter:data1\" content=\"La Sentinelle\" \/>\n\t<meta name=\"twitter:label2\" content=\"Dur\u00e9e de lecture estim\u00e9e\" \/>\n\t<meta name=\"twitter:data2\" content=\"4 minutes\" \/>\n<script type=\"application\/ld+json\" class=\"yoast-schema-graph\">{\"@context\":\"https:\\\/\\\/schema.org\",\"@graph\":[{\"@type\":\"Article\",\"@id\":\"https:\\\/\\\/lasentinelle.dz\\\/index.php\\\/2023\\\/01\\\/25\\\/9e-session-des-consultations-politiques-algero-francaises-la-visite-du-president-tebboune-en-france-en-lame-de-fond\\\/#article\",\"isPartOf\":{\"@id\":\"https:\\\/\\\/lasentinelle.dz\\\/index.php\\\/2023\\\/01\\\/25\\\/9e-session-des-consultations-politiques-algero-francaises-la-visite-du-president-tebboune-en-france-en-lame-de-fond\\\/\"},\"author\":{\"name\":\"La Sentinelle\",\"@id\":\"https:\\\/\\\/lasentinelle.dz\\\/#\\\/schema\\\/person\\\/d865044e22e70a75174ce8bcad3acfb3\"},\"headline\":\"9e session des consultations politiques alg\u00e9ro-fran\u00e7aises\u00a0: La visite du Pr\u00e9sident Tebboune en France en lame de fond\",\"datePublished\":\"2023-01-25T21:05:00+00:00\",\"mainEntityOfPage\":{\"@id\":\"https:\\\/\\\/lasentinelle.dz\\\/index.php\\\/2023\\\/01\\\/25\\\/9e-session-des-consultations-politiques-algero-francaises-la-visite-du-president-tebboune-en-france-en-lame-de-fond\\\/\"},\"wordCount\":819,\"commentCount\":0,\"publisher\":{\"@id\":\"https:\\\/\\\/lasentinelle.dz\\\/#organization\"},\"image\":{\"@id\":\"https:\\\/\\\/lasentinelle.dz\\\/index.php\\\/2023\\\/01\\\/25\\\/9e-session-des-consultations-politiques-algero-francaises-la-visite-du-president-tebboune-en-france-en-lame-de-fond\\\/#primaryimage\"},\"thumbnailUrl\":\"https:\\\/\\\/lasentinelle.dz\\\/wp-content\\\/uploads\\\/2023\\\/01\\\/Sans-titre-3-14.png\",\"articleSection\":[\"Actualit\u00e9\"],\"inLanguage\":\"fr-FR\",\"potentialAction\":[{\"@type\":\"CommentAction\",\"name\":\"Comment\",\"target\":[\"https:\\\/\\\/lasentinelle.dz\\\/index.php\\\/2023\\\/01\\\/25\\\/9e-session-des-consultations-politiques-algero-francaises-la-visite-du-president-tebboune-en-france-en-lame-de-fond\\\/#respond\"]}]},{\"@type\":\"WebPage\",\"@id\":\"https:\\\/\\\/lasentinelle.dz\\\/index.php\\\/2023\\\/01\\\/25\\\/9e-session-des-consultations-politiques-algero-francaises-la-visite-du-president-tebboune-en-france-en-lame-de-fond\\\/\",\"url\":\"https:\\\/\\\/lasentinelle.dz\\\/index.php\\\/2023\\\/01\\\/25\\\/9e-session-des-consultations-politiques-algero-francaises-la-visite-du-president-tebboune-en-france-en-lame-de-fond\\\/\",\"name\":\"9e session des consultations politiques alg\u00e9ro-fran\u00e7aises\u00a0: La visite du Pr\u00e9sident Tebboune en France en lame de fond - La Sentinelle\",\"isPartOf\":{\"@id\":\"https:\\\/\\\/lasentinelle.dz\\\/#website\"},\"primaryImageOfPage\":{\"@id\":\"https:\\\/\\\/lasentinelle.dz\\\/index.php\\\/2023\\\/01\\\/25\\\/9e-session-des-consultations-politiques-algero-francaises-la-visite-du-president-tebboune-en-france-en-lame-de-fond\\\/#primaryimage\"},\"image\":{\"@id\":\"https:\\\/\\\/lasentinelle.dz\\\/index.php\\\/2023\\\/01\\\/25\\\/9e-session-des-consultations-politiques-algero-francaises-la-visite-du-president-tebboune-en-france-en-lame-de-fond\\\/#primaryimage\"},\"thumbnailUrl\":\"https:\\\/\\\/lasentinelle.dz\\\/wp-content\\\/uploads\\\/2023\\\/01\\\/Sans-titre-3-14.png\",\"datePublished\":\"2023-01-25T21:05:00+00:00\",\"breadcrumb\":{\"@id\":\"https:\\\/\\\/lasentinelle.dz\\\/index.php\\\/2023\\\/01\\\/25\\\/9e-session-des-consultations-politiques-algero-francaises-la-visite-du-president-tebboune-en-france-en-lame-de-fond\\\/#breadcrumb\"},\"inLanguage\":\"fr-FR\",\"potentialAction\":[{\"@type\":\"ReadAction\",\"target\":[\"https:\\\/\\\/lasentinelle.dz\\\/index.php\\\/2023\\\/01\\\/25\\\/9e-session-des-consultations-politiques-algero-francaises-la-visite-du-president-tebboune-en-france-en-lame-de-fond\\\/\"]}]},{\"@type\":\"ImageObject\",\"inLanguage\":\"fr-FR\",\"@id\":\"https:\\\/\\\/lasentinelle.dz\\\/index.php\\\/2023\\\/01\\\/25\\\/9e-session-des-consultations-politiques-algero-francaises-la-visite-du-president-tebboune-en-france-en-lame-de-fond\\\/#primaryimage\",\"url\":\"https:\\\/\\\/lasentinelle.dz\\\/wp-content\\\/uploads\\\/2023\\\/01\\\/Sans-titre-3-14.png\",\"contentUrl\":\"https:\\\/\\\/lasentinelle.dz\\\/wp-content\\\/uploads\\\/2023\\\/01\\\/Sans-titre-3-14.png\",\"width\":1406,\"height\":900},{\"@type\":\"BreadcrumbList\",\"@id\":\"https:\\\/\\\/lasentinelle.dz\\\/index.php\\\/2023\\\/01\\\/25\\\/9e-session-des-consultations-politiques-algero-francaises-la-visite-du-president-tebboune-en-france-en-lame-de-fond\\\/#breadcrumb\",\"itemListElement\":[{\"@type\":\"ListItem\",\"position\":1,\"name\":\"Accueil\",\"item\":\"https:\\\/\\\/lasentinelle.dz\\\/\"},{\"@type\":\"ListItem\",\"position\":2,\"name\":\"9e session des consultations politiques alg\u00e9ro-fran\u00e7aises\u00a0: La visite du Pr\u00e9sident Tebboune en France en lame de fond\"}]},{\"@type\":\"WebSite\",\"@id\":\"https:\\\/\\\/lasentinelle.dz\\\/#website\",\"url\":\"https:\\\/\\\/lasentinelle.dz\\\/\",\"name\":\"La Sentinelle\",\"description\":\"Quotidien national d&#039;information\",\"publisher\":{\"@id\":\"https:\\\/\\\/lasentinelle.dz\\\/#organization\"},\"potentialAction\":[{\"@type\":\"SearchAction\",\"target\":{\"@type\":\"EntryPoint\",\"urlTemplate\":\"https:\\\/\\\/lasentinelle.dz\\\/?s={search_term_string}\"},\"query-input\":{\"@type\":\"PropertyValueSpecification\",\"valueRequired\":true,\"valueName\":\"search_term_string\"}}],\"inLanguage\":\"fr-FR\"},{\"@type\":\"Organization\",\"@id\":\"https:\\\/\\\/lasentinelle.dz\\\/#organization\",\"name\":\"Quotidien La Sentinelle\",\"url\":\"https:\\\/\\\/lasentinelle.dz\\\/\",\"logo\":{\"@type\":\"ImageObject\",\"inLanguage\":\"fr-FR\",\"@id\":\"https:\\\/\\\/lasentinelle.dz\\\/#\\\/schema\\\/logo\\\/image\\\/\",\"url\":\"https:\\\/\\\/lasentinelle.dz\\\/wp-content\\\/uploads\\\/2021\\\/09\\\/logo-sentinelleSLOGAN-1.png\",\"contentUrl\":\"https:\\\/\\\/lasentinelle.dz\\\/wp-content\\\/uploads\\\/2021\\\/09\\\/logo-sentinelleSLOGAN-1.png\",\"width\":615,\"height\":142,\"caption\":\"Quotidien La Sentinelle\"},\"image\":{\"@id\":\"https:\\\/\\\/lasentinelle.dz\\\/#\\\/schema\\\/logo\\\/image\\\/\"},\"sameAs\":[\"https:\\\/\\\/www.facebook.com\\\/La-Sentinelle-104059864394773\"]},{\"@type\":\"Person\",\"@id\":\"https:\\\/\\\/lasentinelle.dz\\\/#\\\/schema\\\/person\\\/d865044e22e70a75174ce8bcad3acfb3\",\"name\":\"La Sentinelle\",\"image\":{\"@type\":\"ImageObject\",\"inLanguage\":\"fr-FR\",\"@id\":\"https:\\\/\\\/secure.gravatar.com\\\/avatar\\\/57de8e5d4b15d43fb361a71fbb36338450fe67865b528a43dd10ef7c51a20392?s=96&d=mm&r=g\",\"url\":\"https:\\\/\\\/secure.gravatar.com\\\/avatar\\\/57de8e5d4b15d43fb361a71fbb36338450fe67865b528a43dd10ef7c51a20392?s=96&d=mm&r=g\",\"contentUrl\":\"https:\\\/\\\/secure.gravatar.com\\\/avatar\\\/57de8e5d4b15d43fb361a71fbb36338450fe67865b528a43dd10ef7c51a20392?s=96&d=mm&r=g\",\"caption\":\"La Sentinelle\"},\"sameAs\":[\"http:\\\/\\\/www.lasentinelle.dz\"],\"url\":\"https:\\\/\\\/lasentinelle.dz\\\/author\\\/redaction\\\/\"}]}<\/script>\n<!-- \/ Yoast SEO plugin. -->","yoast_head_json":{"title":"9e session des consultations politiques alg\u00e9ro-fran\u00e7aises\u00a0: La visite du Pr\u00e9sident Tebboune en France en lame de fond - La Sentinelle","robots":{"index":"index","follow":"follow","max-snippet":"max-snippet:-1","max-image-preview":"max-image-preview:large","max-video-preview":"max-video-preview:-1"},"canonical":"https:\/\/lasentinelle.dz\/index.php\/2023\/01\/25\/9e-session-des-consultations-politiques-algero-francaises-la-visite-du-president-tebboune-en-france-en-lame-de-fond\/","og_locale":"fr_FR","og_type":"article","og_title":"9e session des consultations politiques alg\u00e9ro-fran\u00e7aises\u00a0: La visite du Pr\u00e9sident Tebboune en France en lame de fond - La Sentinelle","og_description":"Le pr\u00e9sident de la R\u00e9publique, Abdelmadjid Tebboune, doit effectuer une visite en France au mois de mai prochain. Une visite","og_url":"https:\/\/lasentinelle.dz\/index.php\/2023\/01\/25\/9e-session-des-consultations-politiques-algero-francaises-la-visite-du-president-tebboune-en-france-en-lame-de-fond\/","og_site_name":"La Sentinelle","article_publisher":"https:\/\/www.facebook.com\/La-Sentinelle-104059864394773","article_published_time":"2023-01-25T21:05:00+00:00","og_image":[{"width":1406,"height":900,"url":"https:\/\/lasentinelle.dz\/wp-content\/uploads\/2023\/01\/Sans-titre-3-14.png","type":"image\/png"}],"author":"La Sentinelle","twitter_card":"summary_large_image","twitter_misc":{"\u00c9crit par":"La Sentinelle","Dur\u00e9e de lecture estim\u00e9e":"4 minutes"},"schema":{"@context":"https:\/\/schema.org","@graph":[{"@type":"Article","@id":"https:\/\/lasentinelle.dz\/index.php\/2023\/01\/25\/9e-session-des-consultations-politiques-algero-francaises-la-visite-du-president-tebboune-en-france-en-lame-de-fond\/#article","isPartOf":{"@id":"https:\/\/lasentinelle.dz\/index.php\/2023\/01\/25\/9e-session-des-consultations-politiques-algero-francaises-la-visite-du-president-tebboune-en-france-en-lame-de-fond\/"},"author":{"name":"La Sentinelle","@id":"https:\/\/lasentinelle.dz\/#\/schema\/person\/d865044e22e70a75174ce8bcad3acfb3"},"headline":"9e session des consultations politiques alg\u00e9ro-fran\u00e7aises\u00a0: La visite du Pr\u00e9sident Tebboune en France en lame de fond","datePublished":"2023-01-25T21:05:00+00:00","mainEntityOfPage":{"@id":"https:\/\/lasentinelle.dz\/index.php\/2023\/01\/25\/9e-session-des-consultations-politiques-algero-francaises-la-visite-du-president-tebboune-en-france-en-lame-de-fond\/"},"wordCount":819,"commentCount":0,"publisher":{"@id":"https:\/\/lasentinelle.dz\/#organization"},"image":{"@id":"https:\/\/lasentinelle.dz\/index.php\/2023\/01\/25\/9e-session-des-consultations-politiques-algero-francaises-la-visite-du-president-tebboune-en-france-en-lame-de-fond\/#primaryimage"},"thumbnailUrl":"https:\/\/lasentinelle.dz\/wp-content\/uploads\/2023\/01\/Sans-titre-3-14.png","articleSection":["Actualit\u00e9"],"inLanguage":"fr-FR","potentialAction":[{"@type":"CommentAction","name":"Comment","target":["https:\/\/lasentinelle.dz\/index.php\/2023\/01\/25\/9e-session-des-consultations-politiques-algero-francaises-la-visite-du-president-tebboune-en-france-en-lame-de-fond\/#respond"]}]},{"@type":"WebPage","@id":"https:\/\/lasentinelle.dz\/index.php\/2023\/01\/25\/9e-session-des-consultations-politiques-algero-francaises-la-visite-du-president-tebboune-en-france-en-lame-de-fond\/","url":"https:\/\/lasentinelle.dz\/index.php\/2023\/01\/25\/9e-session-des-consultations-politiques-algero-francaises-la-visite-du-president-tebboune-en-france-en-lame-de-fond\/","name":"9e session des consultations politiques alg\u00e9ro-fran\u00e7aises\u00a0: La visite du Pr\u00e9sident Tebboune en France en lame de fond - La Sentinelle","isPartOf":{"@id":"https:\/\/lasentinelle.dz\/#website"},"primaryImageOfPage":{"@id":"https:\/\/lasentinelle.dz\/index.php\/2023\/01\/25\/9e-session-des-consultations-politiques-algero-francaises-la-visite-du-president-tebboune-en-france-en-lame-de-fond\/#primaryimage"},"image":{"@id":"https:\/\/lasentinelle.dz\/index.php\/2023\/01\/25\/9e-session-des-consultations-politiques-algero-francaises-la-visite-du-president-tebboune-en-france-en-lame-de-fond\/#primaryimage"},"thumbnailUrl":"https:\/\/lasentinelle.dz\/wp-content\/uploads\/2023\/01\/Sans-titre-3-14.png","datePublished":"2023-01-25T21:05:00+00:00","breadcrumb":{"@id":"https:\/\/lasentinelle.dz\/index.php\/2023\/01\/25\/9e-session-des-consultations-politiques-algero-francaises-la-visite-du-president-tebboune-en-france-en-lame-de-fond\/#breadcrumb"},"inLanguage":"fr-FR","potentialAction":[{"@type":"ReadAction","target":["https:\/\/lasentinelle.dz\/index.php\/2023\/01\/25\/9e-session-des-consultations-politiques-algero-francaises-la-visite-du-president-tebboune-en-france-en-lame-de-fond\/"]}]},{"@type":"ImageObject","inLanguage":"fr-FR","@id":"https:\/\/lasentinelle.dz\/index.php\/2023\/01\/25\/9e-session-des-consultations-politiques-algero-francaises-la-visite-du-president-tebboune-en-france-en-lame-de-fond\/#primaryimage","url":"https:\/\/lasentinelle.dz\/wp-content\/uploads\/2023\/01\/Sans-titre-3-14.png","contentUrl":"https:\/\/lasentinelle.dz\/wp-content\/uploads\/2023\/01\/Sans-titre-3-14.png","width":1406,"height":900},{"@type":"BreadcrumbList","@id":"https:\/\/lasentinelle.dz\/index.php\/2023\/01\/25\/9e-session-des-consultations-politiques-algero-francaises-la-visite-du-president-tebboune-en-france-en-lame-de-fond\/#breadcrumb","itemListElement":[{"@type":"ListItem","position":1,"name":"Accueil","item":"https:\/\/lasentinelle.dz\/"},{"@type":"ListItem","position":2,"name":"9e session des consultations politiques alg\u00e9ro-fran\u00e7aises\u00a0: La visite du Pr\u00e9sident Tebboune en France en lame de fond"}]},{"@type":"WebSite","@id":"https:\/\/lasentinelle.dz\/#website","url":"https:\/\/lasentinelle.dz\/","name":"La Sentinelle","description":"Quotidien national d&#039;information","publisher":{"@id":"https:\/\/lasentinelle.dz\/#organization"},"potentialAction":[{"@type":"SearchAction","target":{"@type":"EntryPoint","urlTemplate":"https:\/\/lasentinelle.dz\/?s={search_term_string}"},"query-input":{"@type":"PropertyValueSpecification","valueRequired":true,"valueName":"search_term_string"}}],"inLanguage":"fr-FR"},{"@type":"Organization","@id":"https:\/\/lasentinelle.dz\/#organization","name":"Quotidien La Sentinelle","url":"https:\/\/lasentinelle.dz\/","logo":{"@type":"ImageObject","inLanguage":"fr-FR","@id":"https:\/\/lasentinelle.dz\/#\/schema\/logo\/image\/","url":"https:\/\/lasentinelle.dz\/wp-content\/uploads\/2021\/09\/logo-sentinelleSLOGAN-1.png","contentUrl":"https:\/\/lasentinelle.dz\/wp-content\/uploads\/2021\/09\/logo-sentinelleSLOGAN-1.png","width":615,"height":142,"caption":"Quotidien La Sentinelle"},"image":{"@id":"https:\/\/lasentinelle.dz\/#\/schema\/logo\/image\/"},"sameAs":["https:\/\/www.facebook.com\/La-Sentinelle-104059864394773"]},{"@type":"Person","@id":"https:\/\/lasentinelle.dz\/#\/schema\/person\/d865044e22e70a75174ce8bcad3acfb3","name":"La Sentinelle","image":{"@type":"ImageObject","inLanguage":"fr-FR","@id":"https:\/\/secure.gravatar.com\/avatar\/57de8e5d4b15d43fb361a71fbb36338450fe67865b528a43dd10ef7c51a20392?s=96&d=mm&r=g","url":"https:\/\/secure.gravatar.com\/avatar\/57de8e5d4b15d43fb361a71fbb36338450fe67865b528a43dd10ef7c51a20392?s=96&d=mm&r=g","contentUrl":"https:\/\/secure.gravatar.com\/avatar\/57de8e5d4b15d43fb361a71fbb36338450fe67865b528a43dd10ef7c51a20392?s=96&d=mm&r=g","caption":"La Sentinelle"},"sameAs":["http:\/\/www.lasentinelle.dz"],"url":"https:\/\/lasentinelle.dz\/author\/redaction\/"}]}},"_links":{"self":[{"href":"https:\/\/lasentinelle.dz\/index.php\/wp-json\/wp\/v2\/posts\/34946","targetHints":{"allow":["GET"]}}],"collection":[{"href":"https:\/\/lasentinelle.dz\/index.php\/wp-json\/wp\/v2\/posts"}],"about":[{"href":"https:\/\/lasentinelle.dz\/index.php\/wp-json\/wp\/v2\/types\/post"}],"author":[{"embeddable":true,"href":"https:\/\/lasentinelle.dz\/index.php\/wp-json\/wp\/v2\/users\/3"}],"replies":[{"embeddable":true,"href":"https:\/\/lasentinelle.dz\/index.php\/wp-json\/wp\/v2\/comments?post=34946"}],"version-history":[{"count":1,"href":"https:\/\/lasentinelle.dz\/index.php\/wp-json\/wp\/v2\/posts\/34946\/revisions"}],"predecessor-version":[{"id":34955,"href":"https:\/\/lasentinelle.dz\/index.php\/wp-json\/wp\/v2\/posts\/34946\/revisions\/34955"}],"wp:featuredmedia":[{"embeddable":true,"href":"https:\/\/lasentinelle.dz\/index.php\/wp-json\/wp\/v2\/media\/34954"}],"wp:attachment":[{"href":"https:\/\/lasentinelle.dz\/index.php\/wp-json\/wp\/v2\/media?parent=34946"}],"wp:term":[{"taxonomy":"category","embeddable":true,"href":"https:\/\/lasentinelle.dz\/index.php\/wp-json\/wp\/v2\/categories?post=34946"},{"taxonomy":"post_tag","embeddable":true,"href":"https:\/\/lasentinelle.dz\/index.php\/wp-json\/wp\/v2\/tags?post=34946"}],"curies":[{"name":"wp","href":"https:\/\/api.w.org\/{rel}","templated":true}]}}