{"id":34959,"date":"2023-01-25T22:08:00","date_gmt":"2023-01-25T21:08:00","guid":{"rendered":"https:\/\/lasentinelle.dz\/?p=34959"},"modified":"2023-01-25T21:48:03","modified_gmt":"2023-01-25T20:48:03","slug":"crise-libyenne-le-representant-special-de-lonu-salue-le-role-de-lalgerie","status":"publish","type":"post","link":"https:\/\/lasentinelle.dz\/index.php\/2023\/01\/25\/crise-libyenne-le-representant-special-de-lonu-salue-le-role-de-lalgerie\/","title":{"rendered":"Crise libyenne\u00a0: Le repr\u00e9sentant sp\u00e9cial de l\u2019ONU salue le r\u00f4le de l\u2019Alg\u00e9rie"},"content":{"rendered":"\n<p>L\u2019Alg\u00e9rie r\u00e9affirme \u00e0 chaque fois son engagement en faveur du dialogue politique et d\u2019un r\u00e8glement pacifique de la crise en Libye. Un engagement que le repr\u00e9sentant sp\u00e9cial du Secr\u00e9taire g\u00e9n\u00e9ral des Nations unies pour la Libye, Abdoulaye Bathily a salu\u00e9, hier \u00e0 Alger. Dans une d\u00e9claration \u00e0 la presse \u00e0 l\u2019issue de l\u2019audience que lui a accord\u00e9e hier le pr\u00e9sident de la R\u00e9publique au Palais d\u2019El Mouradia, le diplomate a soulign\u00e9 &nbsp;les efforts d\u2019Abdelmadjid Tebboune pour le r\u00e8glement de la crise libyenne, se disant convaincu que les Libyens seront attentifs \u00e0 ses propositions concernant le r\u00e9tablissement de la s\u00e9curit\u00e9 dans leur pays.<\/p>\n\n\n\n<p>\u00ab&nbsp;Je me trouve aujourd&rsquo;hui en Alg\u00e9rie pour prendre l&rsquo;avis et les propositions du pr\u00e9sident de la R\u00e9publique&nbsp;\u00bb, concernant les voies de r\u00e8glement de la situation en Libye a indiqu\u00e9 Abdoulaye Bathily, se disant convaincu que les Libyens \u00ab&nbsp;seront attentifs aux propositions de l&rsquo;Alg\u00e9rie, pays voisin, \u00e9galement affect\u00e9 par les r\u00e9percussions de la crise libyenne&nbsp;\u00bb.<\/p>\n\n\n\n<p>Le responsable onusien a remerci\u00e9 le Pr\u00e9sident Tebboune pour les d\u00e9marches entreprises afin que toutes les parties internationales \u00ab\u00a0parlent d&rsquo;une seule voix pour permettre au peuple et \u00e0 l&rsquo;Etat libyens de sortir de la crise mais aussi de prosp\u00e9rer\u00a0\u00bb, tant dans l&rsquo;int\u00e9r\u00eat des Libyens que de l&rsquo;ensemble de la r\u00e9gion.Rappelant que l&rsquo;Alg\u00e9rie avait soutenu \u00ab\u00a0d\u00e8s le d\u00e9but\u00a0\u00bb la mission que lui a confi\u00e9e le Secr\u00e9taire g\u00e9n\u00e9ral des Nations unies, M. Bathily s&rsquo;est f\u00e9licit\u00e9 du \u00ab\u00a0soutien continu\u00a0\u00bb de l&rsquo;Alg\u00e9rie, ce m\u00eame soutien, a-t-il dit, qui \u00ab\u00a0a accompagn\u00e9 les d\u00e9marches de l&rsquo;ONU pour la Libye\u00a0\u00bb.Le responsable onusien a pr\u00e9cis\u00e9 que sa visite en Alg\u00e9rie s&rsquo;inscrivait dans le cadre d&rsquo;une tourn\u00e9e dans les pays du voisinage libyen pour solliciter leur aide en vue de r\u00e9tablir la s\u00e9curit\u00e9 dans ce pays, en \u00ab\u00a0assistant les parties libyennes et en leur permettant de trouver les voies du dialogue en vue de surmonter la crise qui a dur\u00e9 plus d&rsquo;une d\u00e9cennie\u00a0\u00bb.<\/p>\n\n\n\n<p>Notons que le repr\u00e9sentant de l&rsquo;ONU pour la Libye et chef de la Mission d&rsquo;appui des Nations unies en Libye (MANUL), a eu des entretiens mardi avec le ministre des Affaires \u00e9trang\u00e8res et de la Communaut\u00e9 nationale \u00e0 l\u2019\u00e9tranger, Ramtane Lamamra.L\u2019\u00e9missaire onusien a notamment tenu \u00e0 remercier \u00ab\u00a0le gouvernement et le peuple alg\u00e9riens pour les efforts d\u00e9ploy\u00e9s de mani\u00e8re d\u00e9sint\u00e9ress\u00e9e pour mettre fin \u00e0 la crise libyenne\u00a0\u00bb.Soulignant, en outre, que la situation en Libye n\u2019a pas connu d\u2019\u00e9volution significative, M. Bathily a fait savoir qu\u2019il \u00e9tait important que \u00ab\u00a0tous ceux qui sont concern\u00e9s par cette crise, \u00e0 commencer par les Libyens, s\u2019engagent pour y mettre fin\u00a0\u00bb.Il a \u00e9galement appel\u00e9 les acteurs internationaux \u00e0 \u00ab\u00a0parler d\u2019une m\u00eame voix\u00a0\u00bb et \u00e0 \u00ab\u00a0appuyer un processus qui ira vers la stabilisation de la Libye\u00a0\u00bb, de mani\u00e8re \u00e0 ce que ce pays du Maghreb \u00ab\u00a0puisse se doter d\u2019institutions l\u00e9gitimes \u00e0 travers un processus d\u00e9mocratique\u00a0\u00bb.<\/p>\n\n\n\n<p><strong>Chokri Hafed<\/strong><\/p>\n","protected":false},"excerpt":{"rendered":"<p>L\u2019Alg\u00e9rie r\u00e9affirme \u00e0 chaque fois son engagement en faveur du dialogue politique et d\u2019un r\u00e8glement pacifique de la crise en<\/p>\n","protected":false},"author":3,"featured_media":34965,"comment_status":"open","ping_status":"closed","sticky":false,"template":"","format":"standard","meta":{"colormag_page_container_layout":"default_layout","colormag_page_sidebar_layout":"default_layout","om_disable_all_campaigns":false,"_monsterinsights_skip_tracking":false,"_monsterinsights_sitenote_active":false,"_monsterinsights_sitenote_note":"","_monsterinsights_sitenote_category":0,"footnotes":"","_wpscppro_dont_share_socialmedia":false,"_wpscppro_custom_social_share_image":0,"_facebook_share_type":"","_twitter_share_type":"","_linkedin_share_type":"","_pinterest_share_type":"","_linkedin_share_type_page":"","_instagram_share_type":"","_medium_share_type":"","_threads_share_type":"","_google_business_share_type":"","_selected_social_profile":[],"_wpsp_enable_custom_social_template":false,"_wpsp_social_scheduling":{"enabled":false,"datetime":null,"platforms":[],"status":"template_only","dateOption":"today","timeOption":"now","customDays":"","customHours":"","customDate":"","customTime":"","schedulingType":"absolute"},"_wpsp_active_default_template":true},"categories":[27],"tags":[],"class_list":["post-34959","post","type-post","status-publish","format-standard","has-post-thumbnail","hentry","category-actualite"],"aioseo_notices":[],"yoast_head":"<!-- This site is optimized with the Yoast SEO plugin v27.5 - https:\/\/yoast.com\/product\/yoast-seo-wordpress\/ -->\n<title>Crise libyenne\u00a0: Le repr\u00e9sentant sp\u00e9cial de l\u2019ONU salue le r\u00f4le de l\u2019Alg\u00e9rie - La Sentinelle<\/title>\n<meta name=\"robots\" content=\"index, follow, max-snippet:-1, max-image-preview:large, max-video-preview:-1\" \/>\n<link rel=\"canonical\" href=\"https:\/\/lasentinelle.dz\/index.php\/2023\/01\/25\/crise-libyenne-le-representant-special-de-lonu-salue-le-role-de-lalgerie\/\" \/>\n<meta property=\"og:locale\" content=\"fr_FR\" \/>\n<meta property=\"og:type\" content=\"article\" \/>\n<meta property=\"og:title\" content=\"Crise libyenne\u00a0: Le repr\u00e9sentant sp\u00e9cial de l\u2019ONU salue le r\u00f4le de l\u2019Alg\u00e9rie - La Sentinelle\" \/>\n<meta property=\"og:description\" content=\"L\u2019Alg\u00e9rie r\u00e9affirme \u00e0 chaque fois son engagement en faveur du dialogue politique et d\u2019un r\u00e8glement pacifique de la crise en\" \/>\n<meta property=\"og:url\" content=\"https:\/\/lasentinelle.dz\/index.php\/2023\/01\/25\/crise-libyenne-le-representant-special-de-lonu-salue-le-role-de-lalgerie\/\" \/>\n<meta property=\"og:site_name\" content=\"La Sentinelle\" \/>\n<meta property=\"article:publisher\" content=\"https:\/\/www.facebook.com\/La-Sentinelle-104059864394773\" \/>\n<meta property=\"article:published_time\" content=\"2023-01-25T21:08:00+00:00\" \/>\n<meta property=\"og:image\" content=\"https:\/\/lasentinelle.dz\/wp-content\/uploads\/2023\/01\/Sans-titre-5-6.png\" \/>\n\t<meta property=\"og:image:width\" content=\"1491\" \/>\n\t<meta property=\"og:image:height\" content=\"900\" \/>\n\t<meta property=\"og:image:type\" content=\"image\/png\" \/>\n<meta name=\"author\" content=\"La Sentinelle\" \/>\n<meta name=\"twitter:card\" content=\"summary_large_image\" \/>\n<meta name=\"twitter:label1\" content=\"\u00c9crit par\" \/>\n\t<meta name=\"twitter:data1\" content=\"La Sentinelle\" \/>\n\t<meta name=\"twitter:label2\" content=\"Dur\u00e9e de lecture estim\u00e9e\" \/>\n\t<meta name=\"twitter:data2\" content=\"3 minutes\" \/>\n<script type=\"application\/ld+json\" class=\"yoast-schema-graph\">{\"@context\":\"https:\\\/\\\/schema.org\",\"@graph\":[{\"@type\":\"Article\",\"@id\":\"https:\\\/\\\/lasentinelle.dz\\\/index.php\\\/2023\\\/01\\\/25\\\/crise-libyenne-le-representant-special-de-lonu-salue-le-role-de-lalgerie\\\/#article\",\"isPartOf\":{\"@id\":\"https:\\\/\\\/lasentinelle.dz\\\/index.php\\\/2023\\\/01\\\/25\\\/crise-libyenne-le-representant-special-de-lonu-salue-le-role-de-lalgerie\\\/\"},\"author\":{\"name\":\"La Sentinelle\",\"@id\":\"https:\\\/\\\/lasentinelle.dz\\\/#\\\/schema\\\/person\\\/d865044e22e70a75174ce8bcad3acfb3\"},\"headline\":\"Crise libyenne\u00a0: Le repr\u00e9sentant sp\u00e9cial de l\u2019ONU salue le r\u00f4le de l\u2019Alg\u00e9rie\",\"datePublished\":\"2023-01-25T21:08:00+00:00\",\"mainEntityOfPage\":{\"@id\":\"https:\\\/\\\/lasentinelle.dz\\\/index.php\\\/2023\\\/01\\\/25\\\/crise-libyenne-le-representant-special-de-lonu-salue-le-role-de-lalgerie\\\/\"},\"wordCount\":563,\"commentCount\":0,\"publisher\":{\"@id\":\"https:\\\/\\\/lasentinelle.dz\\\/#organization\"},\"image\":{\"@id\":\"https:\\\/\\\/lasentinelle.dz\\\/index.php\\\/2023\\\/01\\\/25\\\/crise-libyenne-le-representant-special-de-lonu-salue-le-role-de-lalgerie\\\/#primaryimage\"},\"thumbnailUrl\":\"https:\\\/\\\/lasentinelle.dz\\\/wp-content\\\/uploads\\\/2023\\\/01\\\/Sans-titre-5-6.png\",\"articleSection\":[\"Actualit\u00e9\"],\"inLanguage\":\"fr-FR\",\"potentialAction\":[{\"@type\":\"CommentAction\",\"name\":\"Comment\",\"target\":[\"https:\\\/\\\/lasentinelle.dz\\\/index.php\\\/2023\\\/01\\\/25\\\/crise-libyenne-le-representant-special-de-lonu-salue-le-role-de-lalgerie\\\/#respond\"]}]},{\"@type\":\"WebPage\",\"@id\":\"https:\\\/\\\/lasentinelle.dz\\\/index.php\\\/2023\\\/01\\\/25\\\/crise-libyenne-le-representant-special-de-lonu-salue-le-role-de-lalgerie\\\/\",\"url\":\"https:\\\/\\\/lasentinelle.dz\\\/index.php\\\/2023\\\/01\\\/25\\\/crise-libyenne-le-representant-special-de-lonu-salue-le-role-de-lalgerie\\\/\",\"name\":\"Crise libyenne\u00a0: Le repr\u00e9sentant sp\u00e9cial de l\u2019ONU salue le r\u00f4le de l\u2019Alg\u00e9rie - La Sentinelle\",\"isPartOf\":{\"@id\":\"https:\\\/\\\/lasentinelle.dz\\\/#website\"},\"primaryImageOfPage\":{\"@id\":\"https:\\\/\\\/lasentinelle.dz\\\/index.php\\\/2023\\\/01\\\/25\\\/crise-libyenne-le-representant-special-de-lonu-salue-le-role-de-lalgerie\\\/#primaryimage\"},\"image\":{\"@id\":\"https:\\\/\\\/lasentinelle.dz\\\/index.php\\\/2023\\\/01\\\/25\\\/crise-libyenne-le-representant-special-de-lonu-salue-le-role-de-lalgerie\\\/#primaryimage\"},\"thumbnailUrl\":\"https:\\\/\\\/lasentinelle.dz\\\/wp-content\\\/uploads\\\/2023\\\/01\\\/Sans-titre-5-6.png\",\"datePublished\":\"2023-01-25T21:08:00+00:00\",\"breadcrumb\":{\"@id\":\"https:\\\/\\\/lasentinelle.dz\\\/index.php\\\/2023\\\/01\\\/25\\\/crise-libyenne-le-representant-special-de-lonu-salue-le-role-de-lalgerie\\\/#breadcrumb\"},\"inLanguage\":\"fr-FR\",\"potentialAction\":[{\"@type\":\"ReadAction\",\"target\":[\"https:\\\/\\\/lasentinelle.dz\\\/index.php\\\/2023\\\/01\\\/25\\\/crise-libyenne-le-representant-special-de-lonu-salue-le-role-de-lalgerie\\\/\"]}]},{\"@type\":\"ImageObject\",\"inLanguage\":\"fr-FR\",\"@id\":\"https:\\\/\\\/lasentinelle.dz\\\/index.php\\\/2023\\\/01\\\/25\\\/crise-libyenne-le-representant-special-de-lonu-salue-le-role-de-lalgerie\\\/#primaryimage\",\"url\":\"https:\\\/\\\/lasentinelle.dz\\\/wp-content\\\/uploads\\\/2023\\\/01\\\/Sans-titre-5-6.png\",\"contentUrl\":\"https:\\\/\\\/lasentinelle.dz\\\/wp-content\\\/uploads\\\/2023\\\/01\\\/Sans-titre-5-6.png\",\"width\":1491,\"height\":900},{\"@type\":\"BreadcrumbList\",\"@id\":\"https:\\\/\\\/lasentinelle.dz\\\/index.php\\\/2023\\\/01\\\/25\\\/crise-libyenne-le-representant-special-de-lonu-salue-le-role-de-lalgerie\\\/#breadcrumb\",\"itemListElement\":[{\"@type\":\"ListItem\",\"position\":1,\"name\":\"Accueil\",\"item\":\"https:\\\/\\\/lasentinelle.dz\\\/\"},{\"@type\":\"ListItem\",\"position\":2,\"name\":\"Crise libyenne\u00a0: Le repr\u00e9sentant sp\u00e9cial de l\u2019ONU salue le r\u00f4le de l\u2019Alg\u00e9rie\"}]},{\"@type\":\"WebSite\",\"@id\":\"https:\\\/\\\/lasentinelle.dz\\\/#website\",\"url\":\"https:\\\/\\\/lasentinelle.dz\\\/\",\"name\":\"La Sentinelle\",\"description\":\"Quotidien national d&#039;information\",\"publisher\":{\"@id\":\"https:\\\/\\\/lasentinelle.dz\\\/#organization\"},\"potentialAction\":[{\"@type\":\"SearchAction\",\"target\":{\"@type\":\"EntryPoint\",\"urlTemplate\":\"https:\\\/\\\/lasentinelle.dz\\\/?s={search_term_string}\"},\"query-input\":{\"@type\":\"PropertyValueSpecification\",\"valueRequired\":true,\"valueName\":\"search_term_string\"}}],\"inLanguage\":\"fr-FR\"},{\"@type\":\"Organization\",\"@id\":\"https:\\\/\\\/lasentinelle.dz\\\/#organization\",\"name\":\"Quotidien La Sentinelle\",\"url\":\"https:\\\/\\\/lasentinelle.dz\\\/\",\"logo\":{\"@type\":\"ImageObject\",\"inLanguage\":\"fr-FR\",\"@id\":\"https:\\\/\\\/lasentinelle.dz\\\/#\\\/schema\\\/logo\\\/image\\\/\",\"url\":\"https:\\\/\\\/lasentinelle.dz\\\/wp-content\\\/uploads\\\/2021\\\/09\\\/logo-sentinelleSLOGAN-1.png\",\"contentUrl\":\"https:\\\/\\\/lasentinelle.dz\\\/wp-content\\\/uploads\\\/2021\\\/09\\\/logo-sentinelleSLOGAN-1.png\",\"width\":615,\"height\":142,\"caption\":\"Quotidien La Sentinelle\"},\"image\":{\"@id\":\"https:\\\/\\\/lasentinelle.dz\\\/#\\\/schema\\\/logo\\\/image\\\/\"},\"sameAs\":[\"https:\\\/\\\/www.facebook.com\\\/La-Sentinelle-104059864394773\"]},{\"@type\":\"Person\",\"@id\":\"https:\\\/\\\/lasentinelle.dz\\\/#\\\/schema\\\/person\\\/d865044e22e70a75174ce8bcad3acfb3\",\"name\":\"La Sentinelle\",\"image\":{\"@type\":\"ImageObject\",\"inLanguage\":\"fr-FR\",\"@id\":\"https:\\\/\\\/secure.gravatar.com\\\/avatar\\\/57de8e5d4b15d43fb361a71fbb36338450fe67865b528a43dd10ef7c51a20392?s=96&d=mm&r=g\",\"url\":\"https:\\\/\\\/secure.gravatar.com\\\/avatar\\\/57de8e5d4b15d43fb361a71fbb36338450fe67865b528a43dd10ef7c51a20392?s=96&d=mm&r=g\",\"contentUrl\":\"https:\\\/\\\/secure.gravatar.com\\\/avatar\\\/57de8e5d4b15d43fb361a71fbb36338450fe67865b528a43dd10ef7c51a20392?s=96&d=mm&r=g\",\"caption\":\"La Sentinelle\"},\"sameAs\":[\"http:\\\/\\\/www.lasentinelle.dz\"],\"url\":\"https:\\\/\\\/lasentinelle.dz\\\/author\\\/redaction\\\/\"}]}<\/script>\n<!-- \/ Yoast SEO plugin. -->","yoast_head_json":{"title":"Crise libyenne\u00a0: Le repr\u00e9sentant sp\u00e9cial de l\u2019ONU salue le r\u00f4le de l\u2019Alg\u00e9rie - La Sentinelle","robots":{"index":"index","follow":"follow","max-snippet":"max-snippet:-1","max-image-preview":"max-image-preview:large","max-video-preview":"max-video-preview:-1"},"canonical":"https:\/\/lasentinelle.dz\/index.php\/2023\/01\/25\/crise-libyenne-le-representant-special-de-lonu-salue-le-role-de-lalgerie\/","og_locale":"fr_FR","og_type":"article","og_title":"Crise libyenne\u00a0: Le repr\u00e9sentant sp\u00e9cial de l\u2019ONU salue le r\u00f4le de l\u2019Alg\u00e9rie - La Sentinelle","og_description":"L\u2019Alg\u00e9rie r\u00e9affirme \u00e0 chaque fois son engagement en faveur du dialogue politique et d\u2019un r\u00e8glement pacifique de la crise en","og_url":"https:\/\/lasentinelle.dz\/index.php\/2023\/01\/25\/crise-libyenne-le-representant-special-de-lonu-salue-le-role-de-lalgerie\/","og_site_name":"La Sentinelle","article_publisher":"https:\/\/www.facebook.com\/La-Sentinelle-104059864394773","article_published_time":"2023-01-25T21:08:00+00:00","og_image":[{"width":1491,"height":900,"url":"https:\/\/lasentinelle.dz\/wp-content\/uploads\/2023\/01\/Sans-titre-5-6.png","type":"image\/png"}],"author":"La Sentinelle","twitter_card":"summary_large_image","twitter_misc":{"\u00c9crit par":"La Sentinelle","Dur\u00e9e de lecture estim\u00e9e":"3 minutes"},"schema":{"@context":"https:\/\/schema.org","@graph":[{"@type":"Article","@id":"https:\/\/lasentinelle.dz\/index.php\/2023\/01\/25\/crise-libyenne-le-representant-special-de-lonu-salue-le-role-de-lalgerie\/#article","isPartOf":{"@id":"https:\/\/lasentinelle.dz\/index.php\/2023\/01\/25\/crise-libyenne-le-representant-special-de-lonu-salue-le-role-de-lalgerie\/"},"author":{"name":"La Sentinelle","@id":"https:\/\/lasentinelle.dz\/#\/schema\/person\/d865044e22e70a75174ce8bcad3acfb3"},"headline":"Crise libyenne\u00a0: Le repr\u00e9sentant sp\u00e9cial de l\u2019ONU salue le r\u00f4le de l\u2019Alg\u00e9rie","datePublished":"2023-01-25T21:08:00+00:00","mainEntityOfPage":{"@id":"https:\/\/lasentinelle.dz\/index.php\/2023\/01\/25\/crise-libyenne-le-representant-special-de-lonu-salue-le-role-de-lalgerie\/"},"wordCount":563,"commentCount":0,"publisher":{"@id":"https:\/\/lasentinelle.dz\/#organization"},"image":{"@id":"https:\/\/lasentinelle.dz\/index.php\/2023\/01\/25\/crise-libyenne-le-representant-special-de-lonu-salue-le-role-de-lalgerie\/#primaryimage"},"thumbnailUrl":"https:\/\/lasentinelle.dz\/wp-content\/uploads\/2023\/01\/Sans-titre-5-6.png","articleSection":["Actualit\u00e9"],"inLanguage":"fr-FR","potentialAction":[{"@type":"CommentAction","name":"Comment","target":["https:\/\/lasentinelle.dz\/index.php\/2023\/01\/25\/crise-libyenne-le-representant-special-de-lonu-salue-le-role-de-lalgerie\/#respond"]}]},{"@type":"WebPage","@id":"https:\/\/lasentinelle.dz\/index.php\/2023\/01\/25\/crise-libyenne-le-representant-special-de-lonu-salue-le-role-de-lalgerie\/","url":"https:\/\/lasentinelle.dz\/index.php\/2023\/01\/25\/crise-libyenne-le-representant-special-de-lonu-salue-le-role-de-lalgerie\/","name":"Crise libyenne\u00a0: Le repr\u00e9sentant sp\u00e9cial de l\u2019ONU salue le r\u00f4le de l\u2019Alg\u00e9rie - La Sentinelle","isPartOf":{"@id":"https:\/\/lasentinelle.dz\/#website"},"primaryImageOfPage":{"@id":"https:\/\/lasentinelle.dz\/index.php\/2023\/01\/25\/crise-libyenne-le-representant-special-de-lonu-salue-le-role-de-lalgerie\/#primaryimage"},"image":{"@id":"https:\/\/lasentinelle.dz\/index.php\/2023\/01\/25\/crise-libyenne-le-representant-special-de-lonu-salue-le-role-de-lalgerie\/#primaryimage"},"thumbnailUrl":"https:\/\/lasentinelle.dz\/wp-content\/uploads\/2023\/01\/Sans-titre-5-6.png","datePublished":"2023-01-25T21:08:00+00:00","breadcrumb":{"@id":"https:\/\/lasentinelle.dz\/index.php\/2023\/01\/25\/crise-libyenne-le-representant-special-de-lonu-salue-le-role-de-lalgerie\/#breadcrumb"},"inLanguage":"fr-FR","potentialAction":[{"@type":"ReadAction","target":["https:\/\/lasentinelle.dz\/index.php\/2023\/01\/25\/crise-libyenne-le-representant-special-de-lonu-salue-le-role-de-lalgerie\/"]}]},{"@type":"ImageObject","inLanguage":"fr-FR","@id":"https:\/\/lasentinelle.dz\/index.php\/2023\/01\/25\/crise-libyenne-le-representant-special-de-lonu-salue-le-role-de-lalgerie\/#primaryimage","url":"https:\/\/lasentinelle.dz\/wp-content\/uploads\/2023\/01\/Sans-titre-5-6.png","contentUrl":"https:\/\/lasentinelle.dz\/wp-content\/uploads\/2023\/01\/Sans-titre-5-6.png","width":1491,"height":900},{"@type":"BreadcrumbList","@id":"https:\/\/lasentinelle.dz\/index.php\/2023\/01\/25\/crise-libyenne-le-representant-special-de-lonu-salue-le-role-de-lalgerie\/#breadcrumb","itemListElement":[{"@type":"ListItem","position":1,"name":"Accueil","item":"https:\/\/lasentinelle.dz\/"},{"@type":"ListItem","position":2,"name":"Crise libyenne\u00a0: Le repr\u00e9sentant sp\u00e9cial de l\u2019ONU salue le r\u00f4le de l\u2019Alg\u00e9rie"}]},{"@type":"WebSite","@id":"https:\/\/lasentinelle.dz\/#website","url":"https:\/\/lasentinelle.dz\/","name":"La Sentinelle","description":"Quotidien national d&#039;information","publisher":{"@id":"https:\/\/lasentinelle.dz\/#organization"},"potentialAction":[{"@type":"SearchAction","target":{"@type":"EntryPoint","urlTemplate":"https:\/\/lasentinelle.dz\/?s={search_term_string}"},"query-input":{"@type":"PropertyValueSpecification","valueRequired":true,"valueName":"search_term_string"}}],"inLanguage":"fr-FR"},{"@type":"Organization","@id":"https:\/\/lasentinelle.dz\/#organization","name":"Quotidien La Sentinelle","url":"https:\/\/lasentinelle.dz\/","logo":{"@type":"ImageObject","inLanguage":"fr-FR","@id":"https:\/\/lasentinelle.dz\/#\/schema\/logo\/image\/","url":"https:\/\/lasentinelle.dz\/wp-content\/uploads\/2021\/09\/logo-sentinelleSLOGAN-1.png","contentUrl":"https:\/\/lasentinelle.dz\/wp-content\/uploads\/2021\/09\/logo-sentinelleSLOGAN-1.png","width":615,"height":142,"caption":"Quotidien La Sentinelle"},"image":{"@id":"https:\/\/lasentinelle.dz\/#\/schema\/logo\/image\/"},"sameAs":["https:\/\/www.facebook.com\/La-Sentinelle-104059864394773"]},{"@type":"Person","@id":"https:\/\/lasentinelle.dz\/#\/schema\/person\/d865044e22e70a75174ce8bcad3acfb3","name":"La Sentinelle","image":{"@type":"ImageObject","inLanguage":"fr-FR","@id":"https:\/\/secure.gravatar.com\/avatar\/57de8e5d4b15d43fb361a71fbb36338450fe67865b528a43dd10ef7c51a20392?s=96&d=mm&r=g","url":"https:\/\/secure.gravatar.com\/avatar\/57de8e5d4b15d43fb361a71fbb36338450fe67865b528a43dd10ef7c51a20392?s=96&d=mm&r=g","contentUrl":"https:\/\/secure.gravatar.com\/avatar\/57de8e5d4b15d43fb361a71fbb36338450fe67865b528a43dd10ef7c51a20392?s=96&d=mm&r=g","caption":"La Sentinelle"},"sameAs":["http:\/\/www.lasentinelle.dz"],"url":"https:\/\/lasentinelle.dz\/author\/redaction\/"}]}},"_links":{"self":[{"href":"https:\/\/lasentinelle.dz\/index.php\/wp-json\/wp\/v2\/posts\/34959","targetHints":{"allow":["GET"]}}],"collection":[{"href":"https:\/\/lasentinelle.dz\/index.php\/wp-json\/wp\/v2\/posts"}],"about":[{"href":"https:\/\/lasentinelle.dz\/index.php\/wp-json\/wp\/v2\/types\/post"}],"author":[{"embeddable":true,"href":"https:\/\/lasentinelle.dz\/index.php\/wp-json\/wp\/v2\/users\/3"}],"replies":[{"embeddable":true,"href":"https:\/\/lasentinelle.dz\/index.php\/wp-json\/wp\/v2\/comments?post=34959"}],"version-history":[{"count":1,"href":"https:\/\/lasentinelle.dz\/index.php\/wp-json\/wp\/v2\/posts\/34959\/revisions"}],"predecessor-version":[{"id":34968,"href":"https:\/\/lasentinelle.dz\/index.php\/wp-json\/wp\/v2\/posts\/34959\/revisions\/34968"}],"wp:featuredmedia":[{"embeddable":true,"href":"https:\/\/lasentinelle.dz\/index.php\/wp-json\/wp\/v2\/media\/34965"}],"wp:attachment":[{"href":"https:\/\/lasentinelle.dz\/index.php\/wp-json\/wp\/v2\/media?parent=34959"}],"wp:term":[{"taxonomy":"category","embeddable":true,"href":"https:\/\/lasentinelle.dz\/index.php\/wp-json\/wp\/v2\/categories?post=34959"},{"taxonomy":"post_tag","embeddable":true,"href":"https:\/\/lasentinelle.dz\/index.php\/wp-json\/wp\/v2\/tags?post=34959"}],"curies":[{"name":"wp","href":"https:\/\/api.w.org\/{rel}","templated":true}]}}