{"id":35072,"date":"2023-01-28T22:08:00","date_gmt":"2023-01-28T21:08:00","guid":{"rendered":"https:\/\/lasentinelle.dz\/?p=35072"},"modified":"2023-01-28T21:06:10","modified_gmt":"2023-01-28T20:06:10","slug":"algerie-mauritanie-la-cooperation-securitaire-se-consolide","status":"publish","type":"post","link":"https:\/\/lasentinelle.dz\/index.php\/2023\/01\/28\/algerie-mauritanie-la-cooperation-securitaire-se-consolide\/","title":{"rendered":"Alg\u00e9rie-Mauritanie\u00a0: La coop\u00e9ration s\u00e9curitaire se consolide"},"content":{"rendered":"\n<p>Face aux d\u00e9fis communs auxquels elles font face, l\u2019Alg\u00e9rie et la Mauritanie consolident leur coop\u00e9ration s\u00e9curitaire.<\/p>\n\n\n\n<p>Alger et Nouakchott sont sur la m\u00eame longueur d\u2019ondes. La tenue la semaine derni\u00e8re de la Foire de la production alg\u00e9rienne \u00e0 Nouakchott est le reflet d\u2019un rapprochement d\u2019une dynamique dans la coop\u00e9ration \u00e9conomique et commerciale que rien ne saurait inverser. Un rapprochement qui se traduit aussi sur le plan s\u00e9curitaire. Les deux pays font face aux m\u00eames d\u00e9fis. La mont\u00e9e des risques terroristes, l\u2019escalade des tensions aliment\u00e9e par l\u2019attitude belliqueuse du r\u00e9gime du Makhzen marocain impose de nouveaux d\u00e9fis. C\u2019est dans ce contexte que s\u2019est tenue la premi\u00e8re session de la Commission mixte de s\u00e9curit\u00e9 alg\u00e9ro-mauritanienne, avec \u00e0 l&rsquo;ordre du jour plusieurs questions \u00e0 examiner, notamment l&rsquo;intensification de la coordination s\u00e9curitaire entre les deux pays dans le but de faire face aux d\u00e9fis communs. Le minist\u00e8re de l\u2019Int\u00e9rieur, des Collectivit\u00e9s locales et de l\u2019Am\u00e9nagement du Territoire a indiqu\u00e9 hier dans un communiqu\u00e9 que les travaux de cette commission quiont \u00e9t\u00e9 copr\u00e9sid\u00e9s par le Secr\u00e9taire g\u00e9n\u00e9ral (SG) du minist\u00e8re de l&rsquo;Int\u00e9rieur, Adil Hamimid, et son homologue du minist\u00e8re mauritanien de l&rsquo;Int\u00e9rieur et de la D\u00e9centralisation, Mohamed Mahfoud Ibrahim Ahmed, s\u2019inscrivent dans le cadre du renforcement de la coop\u00e9ration alg\u00e9ro-mauritanienne, notamment au niveau de la bande frontali\u00e8re entre les deux pays. Ils s\u2019inscrivent aussi dans le cadre de la mise en \u0153uvre des conclusions de la premi\u00e8re session du Comit\u00e9 bilat\u00e9ral frontalier, tenue \u00e0 Alger les 8 et 9 novembre 2021, et laquelle a permis d&rsquo;aborder plusieurs dossiers dont \u00ab\u00a0l&rsquo;intensification de la coordination s\u00e9curitaire entre les deux pays\u00a0\u00bb, en vue de faire face aux d\u00e9fis communs pos\u00e9s par la conjoncture r\u00e9gionale.<\/p>\n\n\n\n<p><strong>S\u00e9curit\u00e9 des zones frontali\u00e8res<\/strong><\/p>\n\n\n\n<p>La s\u00e9curit\u00e9 dans les zones frontali\u00e8res a, bien entendu, \u00e9t\u00e9 au c\u0153ur de cette rencontre. Dans ce contexte, le communiqu\u00e9 du d\u00e9partement de l\u2019int\u00e9rieur a indiqu\u00e9 que cette session a permis aux deux parties de relever \u00ab&nbsp;la n\u00e9cessit\u00e9 de s\u00e9curiser et prot\u00e9ger les fronti\u00e8res, en mettant l&rsquo;accent sur la lutte contre toutes formes de crime organis\u00e9 transfrontalier et ses r\u00e9percussions sur la s\u00e9curit\u00e9 des deux pays, et en \u0153uvrant \u00e0 intensifier les passages frontaliers&nbsp;\u00bb.Les deux parties ont, par la m\u00eame, \u00e9voqu\u00e9 \u00ab\u00a0les moyens de s\u00e9curiser le projet de r\u00e9alisation de la route reliant Tindouf \u00e0 Zouerate, et de la ligne maritime reliant les deux pays, ouverte en f\u00e9vrier 2022\u00a0\u00bb, outre \u00ab\u00a0l&rsquo;organisation des sessions de formation au profit des cadres civils et de s\u00e9curit\u00e9 mauritaniens\u00a0\u00bb.Dans ce cadre, le SG du minist\u00e8re de l&rsquo;Int\u00e9rieur a exprim\u00e9 \u00ab\u00a0la disponibilit\u00e9 de l&rsquo;Alg\u00e9rie \u00e0 accompagner et renforcer les capacit\u00e9s des cadres mauritaniens\u00a0\u00bb, soulignant \u00e0 ce propos \u00ab\u00a0l&rsquo;importance de la formation continue\u00a0\u00bb.<\/p>\n\n\n\n<p>Notons que cette session intervient dans le cadre de la visite que le SG du minist\u00e8re de l&rsquo;Int\u00e9rieur a effectu\u00e9 en Mauritanie\u00e0 la t\u00eate d\u2019une importante une d\u00e9l\u00e9gation du 25 au 28 janvier en cours. Au cours de cette visite, les deux parties ont sign\u00e9 le proc\u00e8s-verbal de la premi\u00e8re r\u00e9union de cette commission, et ont soulign\u00e9 \u00ab\u00a0l&rsquo;importance d&rsquo;\u0153uvrer \u00e0 mettre en \u0153uvre les recommandations issues des travaux, au mieux des int\u00e9r\u00eats des deux pays\u00a0\u00bb, pr\u00e9cise la m\u00eame source.<\/p>\n\n\n\n<p><strong>Hocine Fadheli<\/strong><\/p>\n","protected":false},"excerpt":{"rendered":"<p>Face aux d\u00e9fis communs auxquels elles font face, l\u2019Alg\u00e9rie et la Mauritanie consolident leur coop\u00e9ration s\u00e9curitaire. Alger et Nouakchott sont<\/p>\n","protected":false},"author":3,"featured_media":35073,"comment_status":"open","ping_status":"closed","sticky":false,"template":"","format":"standard","meta":{"colormag_page_container_layout":"default_layout","colormag_page_sidebar_layout":"default_layout","om_disable_all_campaigns":false,"_monsterinsights_skip_tracking":false,"_monsterinsights_sitenote_active":false,"_monsterinsights_sitenote_note":"","_monsterinsights_sitenote_category":0,"footnotes":"","_wpscppro_dont_share_socialmedia":false,"_wpscppro_custom_social_share_image":0,"_facebook_share_type":"","_twitter_share_type":"","_linkedin_share_type":"","_pinterest_share_type":"","_linkedin_share_type_page":"","_instagram_share_type":"","_medium_share_type":"","_threads_share_type":"","_google_business_share_type":"","_selected_social_profile":[],"_wpsp_enable_custom_social_template":false,"_wpsp_social_scheduling":{"enabled":false,"datetime":null,"platforms":[],"status":"template_only","dateOption":"today","timeOption":"now","customDays":"","customHours":"","customDate":"","customTime":"","schedulingType":"absolute"},"_wpsp_active_default_template":true},"categories":[52,27],"tags":[],"class_list":["post-35072","post","type-post","status-publish","format-standard","has-post-thumbnail","hentry","category-a-la-une","category-actualite"],"aioseo_notices":[],"yoast_head":"<!-- This site is optimized with the Yoast SEO plugin v27.5 - https:\/\/yoast.com\/product\/yoast-seo-wordpress\/ -->\n<title>Alg\u00e9rie-Mauritanie\u00a0: La coop\u00e9ration s\u00e9curitaire se consolide - La Sentinelle<\/title>\n<meta name=\"robots\" content=\"index, follow, max-snippet:-1, max-image-preview:large, max-video-preview:-1\" \/>\n<link rel=\"canonical\" href=\"https:\/\/lasentinelle.dz\/index.php\/2023\/01\/28\/algerie-mauritanie-la-cooperation-securitaire-se-consolide\/\" \/>\n<meta property=\"og:locale\" content=\"fr_FR\" \/>\n<meta property=\"og:type\" content=\"article\" \/>\n<meta property=\"og:title\" content=\"Alg\u00e9rie-Mauritanie\u00a0: La coop\u00e9ration s\u00e9curitaire se consolide - La Sentinelle\" \/>\n<meta property=\"og:description\" content=\"Face aux d\u00e9fis communs auxquels elles font face, l\u2019Alg\u00e9rie et la Mauritanie consolident leur coop\u00e9ration s\u00e9curitaire. Alger et Nouakchott sont\" \/>\n<meta property=\"og:url\" content=\"https:\/\/lasentinelle.dz\/index.php\/2023\/01\/28\/algerie-mauritanie-la-cooperation-securitaire-se-consolide\/\" \/>\n<meta property=\"og:site_name\" content=\"La Sentinelle\" \/>\n<meta property=\"article:publisher\" content=\"https:\/\/www.facebook.com\/La-Sentinelle-104059864394773\" \/>\n<meta property=\"article:published_time\" content=\"2023-01-28T21:08:00+00:00\" \/>\n<meta property=\"og:image\" content=\"https:\/\/lasentinelle.dz\/wp-content\/uploads\/2023\/01\/algerie-mauritanie.png\" \/>\n\t<meta property=\"og:image:width\" content=\"1200\" \/>\n\t<meta property=\"og:image:height\" content=\"900\" \/>\n\t<meta property=\"og:image:type\" content=\"image\/png\" \/>\n<meta name=\"author\" content=\"La Sentinelle\" \/>\n<meta name=\"twitter:card\" content=\"summary_large_image\" \/>\n<meta name=\"twitter:label1\" content=\"\u00c9crit par\" \/>\n\t<meta name=\"twitter:data1\" content=\"La Sentinelle\" \/>\n\t<meta name=\"twitter:label2\" content=\"Dur\u00e9e de lecture estim\u00e9e\" \/>\n\t<meta name=\"twitter:data2\" content=\"3 minutes\" \/>\n<script type=\"application\/ld+json\" class=\"yoast-schema-graph\">{\"@context\":\"https:\\\/\\\/schema.org\",\"@graph\":[{\"@type\":\"Article\",\"@id\":\"https:\\\/\\\/lasentinelle.dz\\\/index.php\\\/2023\\\/01\\\/28\\\/algerie-mauritanie-la-cooperation-securitaire-se-consolide\\\/#article\",\"isPartOf\":{\"@id\":\"https:\\\/\\\/lasentinelle.dz\\\/index.php\\\/2023\\\/01\\\/28\\\/algerie-mauritanie-la-cooperation-securitaire-se-consolide\\\/\"},\"author\":{\"name\":\"La Sentinelle\",\"@id\":\"https:\\\/\\\/lasentinelle.dz\\\/#\\\/schema\\\/person\\\/d865044e22e70a75174ce8bcad3acfb3\"},\"headline\":\"Alg\u00e9rie-Mauritanie\u00a0: La coop\u00e9ration s\u00e9curitaire se consolide\",\"datePublished\":\"2023-01-28T21:08:00+00:00\",\"mainEntityOfPage\":{\"@id\":\"https:\\\/\\\/lasentinelle.dz\\\/index.php\\\/2023\\\/01\\\/28\\\/algerie-mauritanie-la-cooperation-securitaire-se-consolide\\\/\"},\"wordCount\":620,\"commentCount\":0,\"publisher\":{\"@id\":\"https:\\\/\\\/lasentinelle.dz\\\/#organization\"},\"image\":{\"@id\":\"https:\\\/\\\/lasentinelle.dz\\\/index.php\\\/2023\\\/01\\\/28\\\/algerie-mauritanie-la-cooperation-securitaire-se-consolide\\\/#primaryimage\"},\"thumbnailUrl\":\"https:\\\/\\\/lasentinelle.dz\\\/wp-content\\\/uploads\\\/2023\\\/01\\\/algerie-mauritanie.png\",\"articleSection\":[\"\u00c0 la Une\",\"Actualit\u00e9\"],\"inLanguage\":\"fr-FR\",\"potentialAction\":[{\"@type\":\"CommentAction\",\"name\":\"Comment\",\"target\":[\"https:\\\/\\\/lasentinelle.dz\\\/index.php\\\/2023\\\/01\\\/28\\\/algerie-mauritanie-la-cooperation-securitaire-se-consolide\\\/#respond\"]}]},{\"@type\":\"WebPage\",\"@id\":\"https:\\\/\\\/lasentinelle.dz\\\/index.php\\\/2023\\\/01\\\/28\\\/algerie-mauritanie-la-cooperation-securitaire-se-consolide\\\/\",\"url\":\"https:\\\/\\\/lasentinelle.dz\\\/index.php\\\/2023\\\/01\\\/28\\\/algerie-mauritanie-la-cooperation-securitaire-se-consolide\\\/\",\"name\":\"Alg\u00e9rie-Mauritanie\u00a0: La coop\u00e9ration s\u00e9curitaire se consolide - La Sentinelle\",\"isPartOf\":{\"@id\":\"https:\\\/\\\/lasentinelle.dz\\\/#website\"},\"primaryImageOfPage\":{\"@id\":\"https:\\\/\\\/lasentinelle.dz\\\/index.php\\\/2023\\\/01\\\/28\\\/algerie-mauritanie-la-cooperation-securitaire-se-consolide\\\/#primaryimage\"},\"image\":{\"@id\":\"https:\\\/\\\/lasentinelle.dz\\\/index.php\\\/2023\\\/01\\\/28\\\/algerie-mauritanie-la-cooperation-securitaire-se-consolide\\\/#primaryimage\"},\"thumbnailUrl\":\"https:\\\/\\\/lasentinelle.dz\\\/wp-content\\\/uploads\\\/2023\\\/01\\\/algerie-mauritanie.png\",\"datePublished\":\"2023-01-28T21:08:00+00:00\",\"breadcrumb\":{\"@id\":\"https:\\\/\\\/lasentinelle.dz\\\/index.php\\\/2023\\\/01\\\/28\\\/algerie-mauritanie-la-cooperation-securitaire-se-consolide\\\/#breadcrumb\"},\"inLanguage\":\"fr-FR\",\"potentialAction\":[{\"@type\":\"ReadAction\",\"target\":[\"https:\\\/\\\/lasentinelle.dz\\\/index.php\\\/2023\\\/01\\\/28\\\/algerie-mauritanie-la-cooperation-securitaire-se-consolide\\\/\"]}]},{\"@type\":\"ImageObject\",\"inLanguage\":\"fr-FR\",\"@id\":\"https:\\\/\\\/lasentinelle.dz\\\/index.php\\\/2023\\\/01\\\/28\\\/algerie-mauritanie-la-cooperation-securitaire-se-consolide\\\/#primaryimage\",\"url\":\"https:\\\/\\\/lasentinelle.dz\\\/wp-content\\\/uploads\\\/2023\\\/01\\\/algerie-mauritanie.png\",\"contentUrl\":\"https:\\\/\\\/lasentinelle.dz\\\/wp-content\\\/uploads\\\/2023\\\/01\\\/algerie-mauritanie.png\",\"width\":1200,\"height\":900},{\"@type\":\"BreadcrumbList\",\"@id\":\"https:\\\/\\\/lasentinelle.dz\\\/index.php\\\/2023\\\/01\\\/28\\\/algerie-mauritanie-la-cooperation-securitaire-se-consolide\\\/#breadcrumb\",\"itemListElement\":[{\"@type\":\"ListItem\",\"position\":1,\"name\":\"Accueil\",\"item\":\"https:\\\/\\\/lasentinelle.dz\\\/\"},{\"@type\":\"ListItem\",\"position\":2,\"name\":\"Alg\u00e9rie-Mauritanie\u00a0: La coop\u00e9ration s\u00e9curitaire se consolide\"}]},{\"@type\":\"WebSite\",\"@id\":\"https:\\\/\\\/lasentinelle.dz\\\/#website\",\"url\":\"https:\\\/\\\/lasentinelle.dz\\\/\",\"name\":\"La Sentinelle\",\"description\":\"Quotidien national d&#039;information\",\"publisher\":{\"@id\":\"https:\\\/\\\/lasentinelle.dz\\\/#organization\"},\"potentialAction\":[{\"@type\":\"SearchAction\",\"target\":{\"@type\":\"EntryPoint\",\"urlTemplate\":\"https:\\\/\\\/lasentinelle.dz\\\/?s={search_term_string}\"},\"query-input\":{\"@type\":\"PropertyValueSpecification\",\"valueRequired\":true,\"valueName\":\"search_term_string\"}}],\"inLanguage\":\"fr-FR\"},{\"@type\":\"Organization\",\"@id\":\"https:\\\/\\\/lasentinelle.dz\\\/#organization\",\"name\":\"Quotidien La Sentinelle\",\"url\":\"https:\\\/\\\/lasentinelle.dz\\\/\",\"logo\":{\"@type\":\"ImageObject\",\"inLanguage\":\"fr-FR\",\"@id\":\"https:\\\/\\\/lasentinelle.dz\\\/#\\\/schema\\\/logo\\\/image\\\/\",\"url\":\"https:\\\/\\\/lasentinelle.dz\\\/wp-content\\\/uploads\\\/2021\\\/09\\\/logo-sentinelleSLOGAN-1.png\",\"contentUrl\":\"https:\\\/\\\/lasentinelle.dz\\\/wp-content\\\/uploads\\\/2021\\\/09\\\/logo-sentinelleSLOGAN-1.png\",\"width\":615,\"height\":142,\"caption\":\"Quotidien La Sentinelle\"},\"image\":{\"@id\":\"https:\\\/\\\/lasentinelle.dz\\\/#\\\/schema\\\/logo\\\/image\\\/\"},\"sameAs\":[\"https:\\\/\\\/www.facebook.com\\\/La-Sentinelle-104059864394773\"]},{\"@type\":\"Person\",\"@id\":\"https:\\\/\\\/lasentinelle.dz\\\/#\\\/schema\\\/person\\\/d865044e22e70a75174ce8bcad3acfb3\",\"name\":\"La Sentinelle\",\"image\":{\"@type\":\"ImageObject\",\"inLanguage\":\"fr-FR\",\"@id\":\"https:\\\/\\\/secure.gravatar.com\\\/avatar\\\/57de8e5d4b15d43fb361a71fbb36338450fe67865b528a43dd10ef7c51a20392?s=96&d=mm&r=g\",\"url\":\"https:\\\/\\\/secure.gravatar.com\\\/avatar\\\/57de8e5d4b15d43fb361a71fbb36338450fe67865b528a43dd10ef7c51a20392?s=96&d=mm&r=g\",\"contentUrl\":\"https:\\\/\\\/secure.gravatar.com\\\/avatar\\\/57de8e5d4b15d43fb361a71fbb36338450fe67865b528a43dd10ef7c51a20392?s=96&d=mm&r=g\",\"caption\":\"La Sentinelle\"},\"sameAs\":[\"http:\\\/\\\/www.lasentinelle.dz\"],\"url\":\"https:\\\/\\\/lasentinelle.dz\\\/author\\\/redaction\\\/\"}]}<\/script>\n<!-- \/ Yoast SEO plugin. -->","yoast_head_json":{"title":"Alg\u00e9rie-Mauritanie\u00a0: La coop\u00e9ration s\u00e9curitaire se consolide - La Sentinelle","robots":{"index":"index","follow":"follow","max-snippet":"max-snippet:-1","max-image-preview":"max-image-preview:large","max-video-preview":"max-video-preview:-1"},"canonical":"https:\/\/lasentinelle.dz\/index.php\/2023\/01\/28\/algerie-mauritanie-la-cooperation-securitaire-se-consolide\/","og_locale":"fr_FR","og_type":"article","og_title":"Alg\u00e9rie-Mauritanie\u00a0: La coop\u00e9ration s\u00e9curitaire se consolide - La Sentinelle","og_description":"Face aux d\u00e9fis communs auxquels elles font face, l\u2019Alg\u00e9rie et la Mauritanie consolident leur coop\u00e9ration s\u00e9curitaire. Alger et Nouakchott sont","og_url":"https:\/\/lasentinelle.dz\/index.php\/2023\/01\/28\/algerie-mauritanie-la-cooperation-securitaire-se-consolide\/","og_site_name":"La Sentinelle","article_publisher":"https:\/\/www.facebook.com\/La-Sentinelle-104059864394773","article_published_time":"2023-01-28T21:08:00+00:00","og_image":[{"width":1200,"height":900,"url":"https:\/\/lasentinelle.dz\/wp-content\/uploads\/2023\/01\/algerie-mauritanie.png","type":"image\/png"}],"author":"La Sentinelle","twitter_card":"summary_large_image","twitter_misc":{"\u00c9crit par":"La Sentinelle","Dur\u00e9e de lecture estim\u00e9e":"3 minutes"},"schema":{"@context":"https:\/\/schema.org","@graph":[{"@type":"Article","@id":"https:\/\/lasentinelle.dz\/index.php\/2023\/01\/28\/algerie-mauritanie-la-cooperation-securitaire-se-consolide\/#article","isPartOf":{"@id":"https:\/\/lasentinelle.dz\/index.php\/2023\/01\/28\/algerie-mauritanie-la-cooperation-securitaire-se-consolide\/"},"author":{"name":"La Sentinelle","@id":"https:\/\/lasentinelle.dz\/#\/schema\/person\/d865044e22e70a75174ce8bcad3acfb3"},"headline":"Alg\u00e9rie-Mauritanie\u00a0: La coop\u00e9ration s\u00e9curitaire se consolide","datePublished":"2023-01-28T21:08:00+00:00","mainEntityOfPage":{"@id":"https:\/\/lasentinelle.dz\/index.php\/2023\/01\/28\/algerie-mauritanie-la-cooperation-securitaire-se-consolide\/"},"wordCount":620,"commentCount":0,"publisher":{"@id":"https:\/\/lasentinelle.dz\/#organization"},"image":{"@id":"https:\/\/lasentinelle.dz\/index.php\/2023\/01\/28\/algerie-mauritanie-la-cooperation-securitaire-se-consolide\/#primaryimage"},"thumbnailUrl":"https:\/\/lasentinelle.dz\/wp-content\/uploads\/2023\/01\/algerie-mauritanie.png","articleSection":["\u00c0 la Une","Actualit\u00e9"],"inLanguage":"fr-FR","potentialAction":[{"@type":"CommentAction","name":"Comment","target":["https:\/\/lasentinelle.dz\/index.php\/2023\/01\/28\/algerie-mauritanie-la-cooperation-securitaire-se-consolide\/#respond"]}]},{"@type":"WebPage","@id":"https:\/\/lasentinelle.dz\/index.php\/2023\/01\/28\/algerie-mauritanie-la-cooperation-securitaire-se-consolide\/","url":"https:\/\/lasentinelle.dz\/index.php\/2023\/01\/28\/algerie-mauritanie-la-cooperation-securitaire-se-consolide\/","name":"Alg\u00e9rie-Mauritanie\u00a0: La coop\u00e9ration s\u00e9curitaire se consolide - La Sentinelle","isPartOf":{"@id":"https:\/\/lasentinelle.dz\/#website"},"primaryImageOfPage":{"@id":"https:\/\/lasentinelle.dz\/index.php\/2023\/01\/28\/algerie-mauritanie-la-cooperation-securitaire-se-consolide\/#primaryimage"},"image":{"@id":"https:\/\/lasentinelle.dz\/index.php\/2023\/01\/28\/algerie-mauritanie-la-cooperation-securitaire-se-consolide\/#primaryimage"},"thumbnailUrl":"https:\/\/lasentinelle.dz\/wp-content\/uploads\/2023\/01\/algerie-mauritanie.png","datePublished":"2023-01-28T21:08:00+00:00","breadcrumb":{"@id":"https:\/\/lasentinelle.dz\/index.php\/2023\/01\/28\/algerie-mauritanie-la-cooperation-securitaire-se-consolide\/#breadcrumb"},"inLanguage":"fr-FR","potentialAction":[{"@type":"ReadAction","target":["https:\/\/lasentinelle.dz\/index.php\/2023\/01\/28\/algerie-mauritanie-la-cooperation-securitaire-se-consolide\/"]}]},{"@type":"ImageObject","inLanguage":"fr-FR","@id":"https:\/\/lasentinelle.dz\/index.php\/2023\/01\/28\/algerie-mauritanie-la-cooperation-securitaire-se-consolide\/#primaryimage","url":"https:\/\/lasentinelle.dz\/wp-content\/uploads\/2023\/01\/algerie-mauritanie.png","contentUrl":"https:\/\/lasentinelle.dz\/wp-content\/uploads\/2023\/01\/algerie-mauritanie.png","width":1200,"height":900},{"@type":"BreadcrumbList","@id":"https:\/\/lasentinelle.dz\/index.php\/2023\/01\/28\/algerie-mauritanie-la-cooperation-securitaire-se-consolide\/#breadcrumb","itemListElement":[{"@type":"ListItem","position":1,"name":"Accueil","item":"https:\/\/lasentinelle.dz\/"},{"@type":"ListItem","position":2,"name":"Alg\u00e9rie-Mauritanie\u00a0: La coop\u00e9ration s\u00e9curitaire se consolide"}]},{"@type":"WebSite","@id":"https:\/\/lasentinelle.dz\/#website","url":"https:\/\/lasentinelle.dz\/","name":"La Sentinelle","description":"Quotidien national d&#039;information","publisher":{"@id":"https:\/\/lasentinelle.dz\/#organization"},"potentialAction":[{"@type":"SearchAction","target":{"@type":"EntryPoint","urlTemplate":"https:\/\/lasentinelle.dz\/?s={search_term_string}"},"query-input":{"@type":"PropertyValueSpecification","valueRequired":true,"valueName":"search_term_string"}}],"inLanguage":"fr-FR"},{"@type":"Organization","@id":"https:\/\/lasentinelle.dz\/#organization","name":"Quotidien La Sentinelle","url":"https:\/\/lasentinelle.dz\/","logo":{"@type":"ImageObject","inLanguage":"fr-FR","@id":"https:\/\/lasentinelle.dz\/#\/schema\/logo\/image\/","url":"https:\/\/lasentinelle.dz\/wp-content\/uploads\/2021\/09\/logo-sentinelleSLOGAN-1.png","contentUrl":"https:\/\/lasentinelle.dz\/wp-content\/uploads\/2021\/09\/logo-sentinelleSLOGAN-1.png","width":615,"height":142,"caption":"Quotidien La Sentinelle"},"image":{"@id":"https:\/\/lasentinelle.dz\/#\/schema\/logo\/image\/"},"sameAs":["https:\/\/www.facebook.com\/La-Sentinelle-104059864394773"]},{"@type":"Person","@id":"https:\/\/lasentinelle.dz\/#\/schema\/person\/d865044e22e70a75174ce8bcad3acfb3","name":"La Sentinelle","image":{"@type":"ImageObject","inLanguage":"fr-FR","@id":"https:\/\/secure.gravatar.com\/avatar\/57de8e5d4b15d43fb361a71fbb36338450fe67865b528a43dd10ef7c51a20392?s=96&d=mm&r=g","url":"https:\/\/secure.gravatar.com\/avatar\/57de8e5d4b15d43fb361a71fbb36338450fe67865b528a43dd10ef7c51a20392?s=96&d=mm&r=g","contentUrl":"https:\/\/secure.gravatar.com\/avatar\/57de8e5d4b15d43fb361a71fbb36338450fe67865b528a43dd10ef7c51a20392?s=96&d=mm&r=g","caption":"La Sentinelle"},"sameAs":["http:\/\/www.lasentinelle.dz"],"url":"https:\/\/lasentinelle.dz\/author\/redaction\/"}]}},"_links":{"self":[{"href":"https:\/\/lasentinelle.dz\/index.php\/wp-json\/wp\/v2\/posts\/35072","targetHints":{"allow":["GET"]}}],"collection":[{"href":"https:\/\/lasentinelle.dz\/index.php\/wp-json\/wp\/v2\/posts"}],"about":[{"href":"https:\/\/lasentinelle.dz\/index.php\/wp-json\/wp\/v2\/types\/post"}],"author":[{"embeddable":true,"href":"https:\/\/lasentinelle.dz\/index.php\/wp-json\/wp\/v2\/users\/3"}],"replies":[{"embeddable":true,"href":"https:\/\/lasentinelle.dz\/index.php\/wp-json\/wp\/v2\/comments?post=35072"}],"version-history":[{"count":1,"href":"https:\/\/lasentinelle.dz\/index.php\/wp-json\/wp\/v2\/posts\/35072\/revisions"}],"predecessor-version":[{"id":35075,"href":"https:\/\/lasentinelle.dz\/index.php\/wp-json\/wp\/v2\/posts\/35072\/revisions\/35075"}],"wp:featuredmedia":[{"embeddable":true,"href":"https:\/\/lasentinelle.dz\/index.php\/wp-json\/wp\/v2\/media\/35073"}],"wp:attachment":[{"href":"https:\/\/lasentinelle.dz\/index.php\/wp-json\/wp\/v2\/media?parent=35072"}],"wp:term":[{"taxonomy":"category","embeddable":true,"href":"https:\/\/lasentinelle.dz\/index.php\/wp-json\/wp\/v2\/categories?post=35072"},{"taxonomy":"post_tag","embeddable":true,"href":"https:\/\/lasentinelle.dz\/index.php\/wp-json\/wp\/v2\/tags?post=35072"}],"curies":[{"name":"wp","href":"https:\/\/api.w.org\/{rel}","templated":true}]}}