{"id":35084,"date":"2023-01-29T22:00:00","date_gmt":"2023-01-29T21:00:00","guid":{"rendered":"https:\/\/lasentinelle.dz\/?p=35084"},"modified":"2023-01-29T16:51:25","modified_gmt":"2023-01-29T15:51:25","slug":"elle-est-impliquee-dans-larrestation-fatale-de-tyre-nichols-la-police-de-memphis-demantele-lunite-scorpion","status":"publish","type":"post","link":"https:\/\/lasentinelle.dz\/index.php\/2023\/01\/29\/elle-est-impliquee-dans-larrestation-fatale-de-tyre-nichols-la-police-de-memphis-demantele-lunite-scorpion\/","title":{"rendered":"Elle est impliqu\u00e9e dans l&rsquo;arrestation fatale de Tyre Nichols\u00a0: La police de Memphis d\u00e9mant\u00e8le l&rsquo;unit\u00e9 \u00abScorpion\u00bb"},"content":{"rendered":"\n<p>La police de Memphis a annonc\u00e9 samedi le d\u00e9mant\u00e8lement de l&rsquo;unit\u00e9 sp\u00e9ciale impliqu\u00e9e dans le passage \u00e0 tabac ayant entra\u00een\u00e9 la mort d\u00e9but janvier d&rsquo;un jeune Afro-Am\u00e9ricain. La vid\u00e9o a choqu\u00e9 les \u00c9tats-Unis. La police de Memphis, dans le Tennessee (sud des \u00c9tats-Unis), a d\u00e9clar\u00e9 dans un communiqu\u00e9 qu&rsquo;\u00abil est dans l&rsquo;int\u00e9r\u00eat de tous de d\u00e9manteler d\u00e9finitivement l&rsquo;unit\u00e9 SCORPION\u00bb. \u00abLes policiers actuellement affect\u00e9s \u00e0 l&rsquo;unit\u00e9 ont donn\u00e9 leur accord\u00bb, ajoute le communiqu\u00e9. La famille de Tyre Nichols a salu\u00e9 cette d\u00e9cision via un communiqu\u00e9 de ses avocats, la jugeant \u00ab\u00e0 la fois appropri\u00e9e et proportionnelle \u00e0 la mort tragique de Tyre Nichols\u00bb mais aussi \u00abd\u00e9cente et juste pour tous les citoyens de Memphis\u00bb. Les images choquantes de l&rsquo;interpellation fatale de Tyre Nichols, 29 ans, par cinq policiers noirs ont suscit\u00e9 horreur et incompr\u00e9hension aux \u00c9tats-Unis, sans provoquer pour le moment l&rsquo;explosion sociale similaire \u00e0 celle de l&rsquo;\u00e9t\u00e9 2020 redout\u00e9e par les autorit\u00e9s. La vid\u00e9o publi\u00e9e par la police montre un insoutenable passage \u00e0 tabac apr\u00e8s un banal contr\u00f4le routier le 7 janvier \u00e0 Memphis. \u00c0 coups de poing, de pied, de matraque, les policiers s&rsquo;acharnent sur le jeune homme, l&rsquo;aspergent de gaz lacrymog\u00e8ne et le visent avec un pistolet Taser \u00e0 d\u00e9charges \u00e9lectriques. \u00c0 aucun moment on ne voit Tyre Nichols riposter. Il tente de s&rsquo;enfuir, est rattrap\u00e9. \u00abMaman. Maman. Maman!\u00bb, crie-t-il dans un des extraits. Tyre Nichols meurt trois jours plus tard dans un h\u00f4pital de Memphis. Des rassemblements allant de quelques dizaines \u00e0 quelques centaines de personnes se sont tenus vendredi soir dans plusieurs villes, dont Memphis, New York et Washington. Samedi apr\u00e8s-midi, plusieurs dizaines de manifestants se sont rassembl\u00e9es sous la pluie et dans le froid devant la mairie de Memphis, un imposant b\u00e2timent de blocs de b\u00e9ton. Aux sons de \u00abpas de justice, pas de paix\u00bb et avec des pancartes demandant \u00abjustice pour Tyre Nichols\u00bb, les manifestants ont ensuite d\u00e9fil\u00e9 dans les rues autrement calmes de Memphis. Les cinq policiers ont \u00e9t\u00e9 licenci\u00e9s, inculp\u00e9s pour meurtre et \u00e9crou\u00e9s. Quatre d&rsquo;entre eux ont ensuite \u00e9t\u00e9 lib\u00e9r\u00e9s sous caution. Vendredi, tout en se disant horrifi\u00e9e, la famille s&rsquo;\u00e9tait d\u00e9clar\u00e9e \u00absatisfaite\u00bb des chefs d&rsquo;inculpation retenus contre les cinq policiers et avait salu\u00e9 la \u00abrapidit\u00e9\u00bb des mesures prises \u00e0 leur encontre. \u00ab\u00c7a aurait pu \u00eatre moi\u00bb \u00e0 la place de Tyre Nichols, a r\u00e9agi apr\u00e8s avoir vu la vid\u00e9o Demarcus Carter, Afro-Am\u00e9ricain de 36 ans vivant \u00e0 Memphis, qui s&rsquo;attendait \u00e0 ce que les manifestations soient plus importantes. Mais une fois qu&rsquo;un proc\u00e8s aura eu lieu, \u00absi le verdict n&rsquo;est pas le bon alors les manifestations seront plus grosses\u00bb, a-t-il pr\u00e9dit. Certaines questions restent en suspens apr\u00e8s la diffusion des images de l&rsquo;arrestation. La vid\u00e9o ne montre par exemple pas le d\u00e9but de l&rsquo;interaction entre Tyre Nichols et le groupe. Cette nouvelle mort apr\u00e8s une arrestation a relanc\u00e9 le d\u00e9bat sur les violences polici\u00e8res dans le pays, o\u00f9 le souvenir de George Floyd, tu\u00e9 en 2020 par un policier blanc, reste vivace, avec le sentiment que les grandes manifestations qui avaient suivi n&rsquo;ont rien r\u00e9gl\u00e9 au probl\u00e8me. Ben Crump, l&rsquo;un des avocats de la famille de Tyre Nichols et qui avait d\u00e9fendu la famille de George Floyd, a bl\u00e2m\u00e9 une \u00abculture polici\u00e8re institutionnalis\u00e9e\u00bb. \u00abPeu importe que le policier soit noir, hispanique ou blanc (&#8230;). Il y a des r\u00e8gles non \u00e9crites selon lesquelles si une personne est issue d&rsquo;un certain groupe ethnique, alors on peut la traiter avec un usage excessif de la force\u00bb, a-t-il dit samedi sur la cha\u00eene MSNBC.<\/p>\n\n\n\n<p>Agences<\/p>\n","protected":false},"excerpt":{"rendered":"<p>La police de Memphis a annonc\u00e9 samedi le d\u00e9mant\u00e8lement de l&rsquo;unit\u00e9 sp\u00e9ciale impliqu\u00e9e dans le passage \u00e0 tabac ayant entra\u00een\u00e9<\/p>\n","protected":false},"author":3,"featured_media":35097,"comment_status":"open","ping_status":"closed","sticky":false,"template":"","format":"standard","meta":{"colormag_page_container_layout":"default_layout","colormag_page_sidebar_layout":"default_layout","om_disable_all_campaigns":false,"_monsterinsights_skip_tracking":false,"_monsterinsights_sitenote_active":false,"_monsterinsights_sitenote_note":"","_monsterinsights_sitenote_category":0,"footnotes":"","_wpscppro_dont_share_socialmedia":false,"_wpscppro_custom_social_share_image":0,"_facebook_share_type":"","_twitter_share_type":"","_linkedin_share_type":"","_pinterest_share_type":"","_linkedin_share_type_page":"","_instagram_share_type":"","_medium_share_type":"","_threads_share_type":"","_google_business_share_type":"","_selected_social_profile":[],"_wpsp_enable_custom_social_template":false,"_wpsp_social_scheduling":{"enabled":false,"datetime":null,"platforms":[],"status":"template_only","dateOption":"today","timeOption":"now","customDays":"","customHours":"","customDate":"","customTime":"","schedulingType":"absolute"},"_wpsp_active_default_template":true},"categories":[37],"tags":[],"class_list":["post-35084","post","type-post","status-publish","format-standard","has-post-thumbnail","hentry","category-monde"],"aioseo_notices":[],"yoast_head":"<!-- This site is optimized with the Yoast SEO plugin v27.5 - https:\/\/yoast.com\/product\/yoast-seo-wordpress\/ -->\n<title>Elle est impliqu\u00e9e dans l&rsquo;arrestation fatale de Tyre Nichols\u00a0: La police de Memphis d\u00e9mant\u00e8le l&rsquo;unit\u00e9 \u00abScorpion\u00bb - La Sentinelle<\/title>\n<meta name=\"robots\" content=\"index, follow, max-snippet:-1, max-image-preview:large, max-video-preview:-1\" \/>\n<link rel=\"canonical\" href=\"https:\/\/lasentinelle.dz\/index.php\/2023\/01\/29\/elle-est-impliquee-dans-larrestation-fatale-de-tyre-nichols-la-police-de-memphis-demantele-lunite-scorpion\/\" \/>\n<meta property=\"og:locale\" content=\"fr_FR\" \/>\n<meta property=\"og:type\" content=\"article\" \/>\n<meta property=\"og:title\" content=\"Elle est impliqu\u00e9e dans l&rsquo;arrestation fatale de Tyre Nichols\u00a0: La police de Memphis d\u00e9mant\u00e8le l&rsquo;unit\u00e9 \u00abScorpion\u00bb - La Sentinelle\" \/>\n<meta property=\"og:description\" content=\"La police de Memphis a annonc\u00e9 samedi le d\u00e9mant\u00e8lement de l&rsquo;unit\u00e9 sp\u00e9ciale impliqu\u00e9e dans le passage \u00e0 tabac ayant entra\u00een\u00e9\" \/>\n<meta property=\"og:url\" content=\"https:\/\/lasentinelle.dz\/index.php\/2023\/01\/29\/elle-est-impliquee-dans-larrestation-fatale-de-tyre-nichols-la-police-de-memphis-demantele-lunite-scorpion\/\" \/>\n<meta property=\"og:site_name\" content=\"La Sentinelle\" \/>\n<meta property=\"article:publisher\" content=\"https:\/\/www.facebook.com\/La-Sentinelle-104059864394773\" \/>\n<meta property=\"article:published_time\" content=\"2023-01-29T21:00:00+00:00\" \/>\n<meta property=\"og:image\" content=\"https:\/\/lasentinelle.dz\/wp-content\/uploads\/2023\/01\/image_2023-01-29_165113497.png\" \/>\n\t<meta property=\"og:image:width\" content=\"752\" \/>\n\t<meta property=\"og:image:height\" content=\"423\" \/>\n\t<meta property=\"og:image:type\" content=\"image\/png\" \/>\n<meta name=\"author\" content=\"La Sentinelle\" \/>\n<meta name=\"twitter:card\" content=\"summary_large_image\" \/>\n<meta name=\"twitter:label1\" content=\"\u00c9crit par\" \/>\n\t<meta name=\"twitter:data1\" content=\"La Sentinelle\" \/>\n\t<meta name=\"twitter:label2\" content=\"Dur\u00e9e de lecture estim\u00e9e\" \/>\n\t<meta name=\"twitter:data2\" content=\"3 minutes\" \/>\n<script type=\"application\/ld+json\" class=\"yoast-schema-graph\">{\"@context\":\"https:\\\/\\\/schema.org\",\"@graph\":[{\"@type\":\"Article\",\"@id\":\"https:\\\/\\\/lasentinelle.dz\\\/index.php\\\/2023\\\/01\\\/29\\\/elle-est-impliquee-dans-larrestation-fatale-de-tyre-nichols-la-police-de-memphis-demantele-lunite-scorpion\\\/#article\",\"isPartOf\":{\"@id\":\"https:\\\/\\\/lasentinelle.dz\\\/index.php\\\/2023\\\/01\\\/29\\\/elle-est-impliquee-dans-larrestation-fatale-de-tyre-nichols-la-police-de-memphis-demantele-lunite-scorpion\\\/\"},\"author\":{\"name\":\"La Sentinelle\",\"@id\":\"https:\\\/\\\/lasentinelle.dz\\\/#\\\/schema\\\/person\\\/d865044e22e70a75174ce8bcad3acfb3\"},\"headline\":\"Elle est impliqu\u00e9e dans l&rsquo;arrestation fatale de Tyre Nichols\u00a0: La police de Memphis d\u00e9mant\u00e8le l&rsquo;unit\u00e9 \u00abScorpion\u00bb\",\"datePublished\":\"2023-01-29T21:00:00+00:00\",\"mainEntityOfPage\":{\"@id\":\"https:\\\/\\\/lasentinelle.dz\\\/index.php\\\/2023\\\/01\\\/29\\\/elle-est-impliquee-dans-larrestation-fatale-de-tyre-nichols-la-police-de-memphis-demantele-lunite-scorpion\\\/\"},\"wordCount\":667,\"commentCount\":0,\"publisher\":{\"@id\":\"https:\\\/\\\/lasentinelle.dz\\\/#organization\"},\"image\":{\"@id\":\"https:\\\/\\\/lasentinelle.dz\\\/index.php\\\/2023\\\/01\\\/29\\\/elle-est-impliquee-dans-larrestation-fatale-de-tyre-nichols-la-police-de-memphis-demantele-lunite-scorpion\\\/#primaryimage\"},\"thumbnailUrl\":\"https:\\\/\\\/lasentinelle.dz\\\/wp-content\\\/uploads\\\/2023\\\/01\\\/image_2023-01-29_165113497.png\",\"articleSection\":[\"Monde\"],\"inLanguage\":\"fr-FR\",\"potentialAction\":[{\"@type\":\"CommentAction\",\"name\":\"Comment\",\"target\":[\"https:\\\/\\\/lasentinelle.dz\\\/index.php\\\/2023\\\/01\\\/29\\\/elle-est-impliquee-dans-larrestation-fatale-de-tyre-nichols-la-police-de-memphis-demantele-lunite-scorpion\\\/#respond\"]}]},{\"@type\":\"WebPage\",\"@id\":\"https:\\\/\\\/lasentinelle.dz\\\/index.php\\\/2023\\\/01\\\/29\\\/elle-est-impliquee-dans-larrestation-fatale-de-tyre-nichols-la-police-de-memphis-demantele-lunite-scorpion\\\/\",\"url\":\"https:\\\/\\\/lasentinelle.dz\\\/index.php\\\/2023\\\/01\\\/29\\\/elle-est-impliquee-dans-larrestation-fatale-de-tyre-nichols-la-police-de-memphis-demantele-lunite-scorpion\\\/\",\"name\":\"Elle est impliqu\u00e9e dans l&rsquo;arrestation fatale de Tyre Nichols\u00a0: La police de Memphis d\u00e9mant\u00e8le l&rsquo;unit\u00e9 \u00abScorpion\u00bb - La Sentinelle\",\"isPartOf\":{\"@id\":\"https:\\\/\\\/lasentinelle.dz\\\/#website\"},\"primaryImageOfPage\":{\"@id\":\"https:\\\/\\\/lasentinelle.dz\\\/index.php\\\/2023\\\/01\\\/29\\\/elle-est-impliquee-dans-larrestation-fatale-de-tyre-nichols-la-police-de-memphis-demantele-lunite-scorpion\\\/#primaryimage\"},\"image\":{\"@id\":\"https:\\\/\\\/lasentinelle.dz\\\/index.php\\\/2023\\\/01\\\/29\\\/elle-est-impliquee-dans-larrestation-fatale-de-tyre-nichols-la-police-de-memphis-demantele-lunite-scorpion\\\/#primaryimage\"},\"thumbnailUrl\":\"https:\\\/\\\/lasentinelle.dz\\\/wp-content\\\/uploads\\\/2023\\\/01\\\/image_2023-01-29_165113497.png\",\"datePublished\":\"2023-01-29T21:00:00+00:00\",\"breadcrumb\":{\"@id\":\"https:\\\/\\\/lasentinelle.dz\\\/index.php\\\/2023\\\/01\\\/29\\\/elle-est-impliquee-dans-larrestation-fatale-de-tyre-nichols-la-police-de-memphis-demantele-lunite-scorpion\\\/#breadcrumb\"},\"inLanguage\":\"fr-FR\",\"potentialAction\":[{\"@type\":\"ReadAction\",\"target\":[\"https:\\\/\\\/lasentinelle.dz\\\/index.php\\\/2023\\\/01\\\/29\\\/elle-est-impliquee-dans-larrestation-fatale-de-tyre-nichols-la-police-de-memphis-demantele-lunite-scorpion\\\/\"]}]},{\"@type\":\"ImageObject\",\"inLanguage\":\"fr-FR\",\"@id\":\"https:\\\/\\\/lasentinelle.dz\\\/index.php\\\/2023\\\/01\\\/29\\\/elle-est-impliquee-dans-larrestation-fatale-de-tyre-nichols-la-police-de-memphis-demantele-lunite-scorpion\\\/#primaryimage\",\"url\":\"https:\\\/\\\/lasentinelle.dz\\\/wp-content\\\/uploads\\\/2023\\\/01\\\/image_2023-01-29_165113497.png\",\"contentUrl\":\"https:\\\/\\\/lasentinelle.dz\\\/wp-content\\\/uploads\\\/2023\\\/01\\\/image_2023-01-29_165113497.png\",\"width\":752,\"height\":423},{\"@type\":\"BreadcrumbList\",\"@id\":\"https:\\\/\\\/lasentinelle.dz\\\/index.php\\\/2023\\\/01\\\/29\\\/elle-est-impliquee-dans-larrestation-fatale-de-tyre-nichols-la-police-de-memphis-demantele-lunite-scorpion\\\/#breadcrumb\",\"itemListElement\":[{\"@type\":\"ListItem\",\"position\":1,\"name\":\"Accueil\",\"item\":\"https:\\\/\\\/lasentinelle.dz\\\/\"},{\"@type\":\"ListItem\",\"position\":2,\"name\":\"Elle est impliqu\u00e9e dans l&rsquo;arrestation fatale de Tyre Nichols\u00a0: La police de Memphis d\u00e9mant\u00e8le l&rsquo;unit\u00e9 \u00abScorpion\u00bb\"}]},{\"@type\":\"WebSite\",\"@id\":\"https:\\\/\\\/lasentinelle.dz\\\/#website\",\"url\":\"https:\\\/\\\/lasentinelle.dz\\\/\",\"name\":\"La Sentinelle\",\"description\":\"Quotidien national d&#039;information\",\"publisher\":{\"@id\":\"https:\\\/\\\/lasentinelle.dz\\\/#organization\"},\"potentialAction\":[{\"@type\":\"SearchAction\",\"target\":{\"@type\":\"EntryPoint\",\"urlTemplate\":\"https:\\\/\\\/lasentinelle.dz\\\/?s={search_term_string}\"},\"query-input\":{\"@type\":\"PropertyValueSpecification\",\"valueRequired\":true,\"valueName\":\"search_term_string\"}}],\"inLanguage\":\"fr-FR\"},{\"@type\":\"Organization\",\"@id\":\"https:\\\/\\\/lasentinelle.dz\\\/#organization\",\"name\":\"Quotidien La Sentinelle\",\"url\":\"https:\\\/\\\/lasentinelle.dz\\\/\",\"logo\":{\"@type\":\"ImageObject\",\"inLanguage\":\"fr-FR\",\"@id\":\"https:\\\/\\\/lasentinelle.dz\\\/#\\\/schema\\\/logo\\\/image\\\/\",\"url\":\"https:\\\/\\\/lasentinelle.dz\\\/wp-content\\\/uploads\\\/2021\\\/09\\\/logo-sentinelleSLOGAN-1.png\",\"contentUrl\":\"https:\\\/\\\/lasentinelle.dz\\\/wp-content\\\/uploads\\\/2021\\\/09\\\/logo-sentinelleSLOGAN-1.png\",\"width\":615,\"height\":142,\"caption\":\"Quotidien La Sentinelle\"},\"image\":{\"@id\":\"https:\\\/\\\/lasentinelle.dz\\\/#\\\/schema\\\/logo\\\/image\\\/\"},\"sameAs\":[\"https:\\\/\\\/www.facebook.com\\\/La-Sentinelle-104059864394773\"]},{\"@type\":\"Person\",\"@id\":\"https:\\\/\\\/lasentinelle.dz\\\/#\\\/schema\\\/person\\\/d865044e22e70a75174ce8bcad3acfb3\",\"name\":\"La Sentinelle\",\"image\":{\"@type\":\"ImageObject\",\"inLanguage\":\"fr-FR\",\"@id\":\"https:\\\/\\\/secure.gravatar.com\\\/avatar\\\/57de8e5d4b15d43fb361a71fbb36338450fe67865b528a43dd10ef7c51a20392?s=96&d=mm&r=g\",\"url\":\"https:\\\/\\\/secure.gravatar.com\\\/avatar\\\/57de8e5d4b15d43fb361a71fbb36338450fe67865b528a43dd10ef7c51a20392?s=96&d=mm&r=g\",\"contentUrl\":\"https:\\\/\\\/secure.gravatar.com\\\/avatar\\\/57de8e5d4b15d43fb361a71fbb36338450fe67865b528a43dd10ef7c51a20392?s=96&d=mm&r=g\",\"caption\":\"La Sentinelle\"},\"sameAs\":[\"http:\\\/\\\/www.lasentinelle.dz\"],\"url\":\"https:\\\/\\\/lasentinelle.dz\\\/author\\\/redaction\\\/\"}]}<\/script>\n<!-- \/ Yoast SEO plugin. -->","yoast_head_json":{"title":"Elle est impliqu\u00e9e dans l&rsquo;arrestation fatale de Tyre Nichols\u00a0: La police de Memphis d\u00e9mant\u00e8le l&rsquo;unit\u00e9 \u00abScorpion\u00bb - La Sentinelle","robots":{"index":"index","follow":"follow","max-snippet":"max-snippet:-1","max-image-preview":"max-image-preview:large","max-video-preview":"max-video-preview:-1"},"canonical":"https:\/\/lasentinelle.dz\/index.php\/2023\/01\/29\/elle-est-impliquee-dans-larrestation-fatale-de-tyre-nichols-la-police-de-memphis-demantele-lunite-scorpion\/","og_locale":"fr_FR","og_type":"article","og_title":"Elle est impliqu\u00e9e dans l&rsquo;arrestation fatale de Tyre Nichols\u00a0: La police de Memphis d\u00e9mant\u00e8le l&rsquo;unit\u00e9 \u00abScorpion\u00bb - La Sentinelle","og_description":"La police de Memphis a annonc\u00e9 samedi le d\u00e9mant\u00e8lement de l&rsquo;unit\u00e9 sp\u00e9ciale impliqu\u00e9e dans le passage \u00e0 tabac ayant entra\u00een\u00e9","og_url":"https:\/\/lasentinelle.dz\/index.php\/2023\/01\/29\/elle-est-impliquee-dans-larrestation-fatale-de-tyre-nichols-la-police-de-memphis-demantele-lunite-scorpion\/","og_site_name":"La Sentinelle","article_publisher":"https:\/\/www.facebook.com\/La-Sentinelle-104059864394773","article_published_time":"2023-01-29T21:00:00+00:00","og_image":[{"width":752,"height":423,"url":"https:\/\/lasentinelle.dz\/wp-content\/uploads\/2023\/01\/image_2023-01-29_165113497.png","type":"image\/png"}],"author":"La Sentinelle","twitter_card":"summary_large_image","twitter_misc":{"\u00c9crit par":"La Sentinelle","Dur\u00e9e de lecture estim\u00e9e":"3 minutes"},"schema":{"@context":"https:\/\/schema.org","@graph":[{"@type":"Article","@id":"https:\/\/lasentinelle.dz\/index.php\/2023\/01\/29\/elle-est-impliquee-dans-larrestation-fatale-de-tyre-nichols-la-police-de-memphis-demantele-lunite-scorpion\/#article","isPartOf":{"@id":"https:\/\/lasentinelle.dz\/index.php\/2023\/01\/29\/elle-est-impliquee-dans-larrestation-fatale-de-tyre-nichols-la-police-de-memphis-demantele-lunite-scorpion\/"},"author":{"name":"La Sentinelle","@id":"https:\/\/lasentinelle.dz\/#\/schema\/person\/d865044e22e70a75174ce8bcad3acfb3"},"headline":"Elle est impliqu\u00e9e dans l&rsquo;arrestation fatale de Tyre Nichols\u00a0: La police de Memphis d\u00e9mant\u00e8le l&rsquo;unit\u00e9 \u00abScorpion\u00bb","datePublished":"2023-01-29T21:00:00+00:00","mainEntityOfPage":{"@id":"https:\/\/lasentinelle.dz\/index.php\/2023\/01\/29\/elle-est-impliquee-dans-larrestation-fatale-de-tyre-nichols-la-police-de-memphis-demantele-lunite-scorpion\/"},"wordCount":667,"commentCount":0,"publisher":{"@id":"https:\/\/lasentinelle.dz\/#organization"},"image":{"@id":"https:\/\/lasentinelle.dz\/index.php\/2023\/01\/29\/elle-est-impliquee-dans-larrestation-fatale-de-tyre-nichols-la-police-de-memphis-demantele-lunite-scorpion\/#primaryimage"},"thumbnailUrl":"https:\/\/lasentinelle.dz\/wp-content\/uploads\/2023\/01\/image_2023-01-29_165113497.png","articleSection":["Monde"],"inLanguage":"fr-FR","potentialAction":[{"@type":"CommentAction","name":"Comment","target":["https:\/\/lasentinelle.dz\/index.php\/2023\/01\/29\/elle-est-impliquee-dans-larrestation-fatale-de-tyre-nichols-la-police-de-memphis-demantele-lunite-scorpion\/#respond"]}]},{"@type":"WebPage","@id":"https:\/\/lasentinelle.dz\/index.php\/2023\/01\/29\/elle-est-impliquee-dans-larrestation-fatale-de-tyre-nichols-la-police-de-memphis-demantele-lunite-scorpion\/","url":"https:\/\/lasentinelle.dz\/index.php\/2023\/01\/29\/elle-est-impliquee-dans-larrestation-fatale-de-tyre-nichols-la-police-de-memphis-demantele-lunite-scorpion\/","name":"Elle est impliqu\u00e9e dans l&rsquo;arrestation fatale de Tyre Nichols\u00a0: La police de Memphis d\u00e9mant\u00e8le l&rsquo;unit\u00e9 \u00abScorpion\u00bb - La Sentinelle","isPartOf":{"@id":"https:\/\/lasentinelle.dz\/#website"},"primaryImageOfPage":{"@id":"https:\/\/lasentinelle.dz\/index.php\/2023\/01\/29\/elle-est-impliquee-dans-larrestation-fatale-de-tyre-nichols-la-police-de-memphis-demantele-lunite-scorpion\/#primaryimage"},"image":{"@id":"https:\/\/lasentinelle.dz\/index.php\/2023\/01\/29\/elle-est-impliquee-dans-larrestation-fatale-de-tyre-nichols-la-police-de-memphis-demantele-lunite-scorpion\/#primaryimage"},"thumbnailUrl":"https:\/\/lasentinelle.dz\/wp-content\/uploads\/2023\/01\/image_2023-01-29_165113497.png","datePublished":"2023-01-29T21:00:00+00:00","breadcrumb":{"@id":"https:\/\/lasentinelle.dz\/index.php\/2023\/01\/29\/elle-est-impliquee-dans-larrestation-fatale-de-tyre-nichols-la-police-de-memphis-demantele-lunite-scorpion\/#breadcrumb"},"inLanguage":"fr-FR","potentialAction":[{"@type":"ReadAction","target":["https:\/\/lasentinelle.dz\/index.php\/2023\/01\/29\/elle-est-impliquee-dans-larrestation-fatale-de-tyre-nichols-la-police-de-memphis-demantele-lunite-scorpion\/"]}]},{"@type":"ImageObject","inLanguage":"fr-FR","@id":"https:\/\/lasentinelle.dz\/index.php\/2023\/01\/29\/elle-est-impliquee-dans-larrestation-fatale-de-tyre-nichols-la-police-de-memphis-demantele-lunite-scorpion\/#primaryimage","url":"https:\/\/lasentinelle.dz\/wp-content\/uploads\/2023\/01\/image_2023-01-29_165113497.png","contentUrl":"https:\/\/lasentinelle.dz\/wp-content\/uploads\/2023\/01\/image_2023-01-29_165113497.png","width":752,"height":423},{"@type":"BreadcrumbList","@id":"https:\/\/lasentinelle.dz\/index.php\/2023\/01\/29\/elle-est-impliquee-dans-larrestation-fatale-de-tyre-nichols-la-police-de-memphis-demantele-lunite-scorpion\/#breadcrumb","itemListElement":[{"@type":"ListItem","position":1,"name":"Accueil","item":"https:\/\/lasentinelle.dz\/"},{"@type":"ListItem","position":2,"name":"Elle est impliqu\u00e9e dans l&rsquo;arrestation fatale de Tyre Nichols\u00a0: La police de Memphis d\u00e9mant\u00e8le l&rsquo;unit\u00e9 \u00abScorpion\u00bb"}]},{"@type":"WebSite","@id":"https:\/\/lasentinelle.dz\/#website","url":"https:\/\/lasentinelle.dz\/","name":"La Sentinelle","description":"Quotidien national d&#039;information","publisher":{"@id":"https:\/\/lasentinelle.dz\/#organization"},"potentialAction":[{"@type":"SearchAction","target":{"@type":"EntryPoint","urlTemplate":"https:\/\/lasentinelle.dz\/?s={search_term_string}"},"query-input":{"@type":"PropertyValueSpecification","valueRequired":true,"valueName":"search_term_string"}}],"inLanguage":"fr-FR"},{"@type":"Organization","@id":"https:\/\/lasentinelle.dz\/#organization","name":"Quotidien La Sentinelle","url":"https:\/\/lasentinelle.dz\/","logo":{"@type":"ImageObject","inLanguage":"fr-FR","@id":"https:\/\/lasentinelle.dz\/#\/schema\/logo\/image\/","url":"https:\/\/lasentinelle.dz\/wp-content\/uploads\/2021\/09\/logo-sentinelleSLOGAN-1.png","contentUrl":"https:\/\/lasentinelle.dz\/wp-content\/uploads\/2021\/09\/logo-sentinelleSLOGAN-1.png","width":615,"height":142,"caption":"Quotidien La Sentinelle"},"image":{"@id":"https:\/\/lasentinelle.dz\/#\/schema\/logo\/image\/"},"sameAs":["https:\/\/www.facebook.com\/La-Sentinelle-104059864394773"]},{"@type":"Person","@id":"https:\/\/lasentinelle.dz\/#\/schema\/person\/d865044e22e70a75174ce8bcad3acfb3","name":"La Sentinelle","image":{"@type":"ImageObject","inLanguage":"fr-FR","@id":"https:\/\/secure.gravatar.com\/avatar\/57de8e5d4b15d43fb361a71fbb36338450fe67865b528a43dd10ef7c51a20392?s=96&d=mm&r=g","url":"https:\/\/secure.gravatar.com\/avatar\/57de8e5d4b15d43fb361a71fbb36338450fe67865b528a43dd10ef7c51a20392?s=96&d=mm&r=g","contentUrl":"https:\/\/secure.gravatar.com\/avatar\/57de8e5d4b15d43fb361a71fbb36338450fe67865b528a43dd10ef7c51a20392?s=96&d=mm&r=g","caption":"La Sentinelle"},"sameAs":["http:\/\/www.lasentinelle.dz"],"url":"https:\/\/lasentinelle.dz\/author\/redaction\/"}]}},"_links":{"self":[{"href":"https:\/\/lasentinelle.dz\/index.php\/wp-json\/wp\/v2\/posts\/35084","targetHints":{"allow":["GET"]}}],"collection":[{"href":"https:\/\/lasentinelle.dz\/index.php\/wp-json\/wp\/v2\/posts"}],"about":[{"href":"https:\/\/lasentinelle.dz\/index.php\/wp-json\/wp\/v2\/types\/post"}],"author":[{"embeddable":true,"href":"https:\/\/lasentinelle.dz\/index.php\/wp-json\/wp\/v2\/users\/3"}],"replies":[{"embeddable":true,"href":"https:\/\/lasentinelle.dz\/index.php\/wp-json\/wp\/v2\/comments?post=35084"}],"version-history":[{"count":1,"href":"https:\/\/lasentinelle.dz\/index.php\/wp-json\/wp\/v2\/posts\/35084\/revisions"}],"predecessor-version":[{"id":35101,"href":"https:\/\/lasentinelle.dz\/index.php\/wp-json\/wp\/v2\/posts\/35084\/revisions\/35101"}],"wp:featuredmedia":[{"embeddable":true,"href":"https:\/\/lasentinelle.dz\/index.php\/wp-json\/wp\/v2\/media\/35097"}],"wp:attachment":[{"href":"https:\/\/lasentinelle.dz\/index.php\/wp-json\/wp\/v2\/media?parent=35084"}],"wp:term":[{"taxonomy":"category","embeddable":true,"href":"https:\/\/lasentinelle.dz\/index.php\/wp-json\/wp\/v2\/categories?post=35084"},{"taxonomy":"post_tag","embeddable":true,"href":"https:\/\/lasentinelle.dz\/index.php\/wp-json\/wp\/v2\/tags?post=35084"}],"curies":[{"name":"wp","href":"https:\/\/api.w.org\/{rel}","templated":true}]}}