{"id":35132,"date":"2023-01-29T22:05:00","date_gmt":"2023-01-29T21:05:00","guid":{"rendered":"https:\/\/lasentinelle.dz\/?p=35132"},"modified":"2023-01-29T20:29:24","modified_gmt":"2023-01-29T19:29:24","slug":"un-arrete-a-ete-signe-luniversite-souvre-a-la-formation-continue-des-personnels-des-entreprises","status":"publish","type":"post","link":"https:\/\/lasentinelle.dz\/index.php\/2023\/01\/29\/un-arrete-a-ete-signe-luniversite-souvre-a-la-formation-continue-des-personnels-des-entreprises\/","title":{"rendered":"Un arr\u00eat\u00e9 a \u00e9t\u00e9 sign\u00e9\u00a0: L\u2019universit\u00e9 s\u2019ouvre \u00e0 la formation continue des personnels des entreprises"},"content":{"rendered":"\n<p>Le ministre de l&rsquo;Enseignement sup\u00e9rieur et de la Recherche scientifique, Kamel Baddari, a sign\u00e9 un arr\u00eat\u00e9 d\u00e9finissant les conditions et modalit\u00e9s d&rsquo;organisation de la formation continue au sein des \u00e9tablissements de l&rsquo;enseignement sup\u00e9rieur en vue d&rsquo;appuyer les r\u00e9formes visant \u00e0 assurer l&rsquo;ouverture de l&rsquo;Universit\u00e9 sur son environnement socio-\u00e9conomique, a indiqu\u00e9, hier, un communiqu\u00e9 du minist\u00e8re.L&rsquo;arr\u00eat\u00e9 se veut \u00ab\u00a0le premier encadrement organisationnel de l&rsquo;activit\u00e9 de formation professionnelle au sein des \u00e9tablissements du secteur et tend \u00e0 appuyer les r\u00e9formes introduites au syst\u00e8me national d&rsquo;enseignement sup\u00e9rieur, notamment en ce qui concerne le renforcement de l&rsquo;ouverture de l&rsquo;Universit\u00e9 sur son environnement socio-\u00e9conomique et la cons\u00e9cration de son image en tant qu&rsquo;institution soci\u00e9tale\u00a0\u00bb, ajoute le document.L&rsquo;arr\u00eat minist\u00e9riel vise \u00ab\u00a0\u00e0 concr\u00e9tiser l&rsquo;id\u00e9e de formation \u00e0 vie en pr\u00e9sentiel ou \u00e0 distance en faveur de tous les citoyens d\u00e9sirant am\u00e9liorer ou renouveler leurs connaissances, de leurs propres initiatives ou en tant qu&#8217;employ\u00e9s de certains \u00e9tablissements ou instances publiques ou priv\u00e9es\u00a0\u00bb, pr\u00e9cise le document.L&rsquo;arr\u00eat\u00e9 en question \u00ab\u00a0conf\u00e8re une flexibilit\u00e9 \u00e0 l&rsquo;activit\u00e9 de formation, \u00e0 travers l&rsquo;introduction de la formation continue dispens\u00e9e en trois modes, \u00e0 savoir une formation continue dipl\u00f4mante en faveur des \u00e9tudiants n&rsquo;ayant pas fini leurs \u00e9tudes universitaires, sanctionn\u00e9e par un dipl\u00f4me de l&rsquo;enseignement sup\u00e9rieur, une formation continue qualifiante visant \u00e0 renforcer et \u00e0 am\u00e9liorer les comp\u00e9tences professionnelles, outre une formation continue en cycles courts destin\u00e9e \u00e0 actualiser, \u00e0 d\u00e9velopper voire \u00e0 approfondir les connaissances des stagiaires\u00a0\u00bb, selon le m\u00eame source.Ainsi, les \u00e9tablissements de l&rsquo;enseignement sup\u00e9rieur proc\u00e8deront \u00ab\u00a0\u00e0 \u00e9laborer des offres de formation r\u00e9pondant \u00e0 ce mode de formation, en attendant l&rsquo;ouverture des inscriptions en deux sessions au titre de la m\u00eame ann\u00e9e universitaire, via une plateforme num\u00e9rique qui sera r\u00e9serv\u00e9e \u00e0 cet effet\u00a0\u00bb, conclut le document.<\/p>\n\n\n\n<p>APS<\/p>\n","protected":false},"excerpt":{"rendered":"<p>Le ministre de l&rsquo;Enseignement sup\u00e9rieur et de la Recherche scientifique, Kamel Baddari, a sign\u00e9 un arr\u00eat\u00e9 d\u00e9finissant les conditions et<\/p>\n","protected":false},"author":3,"featured_media":35142,"comment_status":"open","ping_status":"closed","sticky":false,"template":"","format":"standard","meta":{"colormag_page_container_layout":"default_layout","colormag_page_sidebar_layout":"default_layout","om_disable_all_campaigns":false,"_monsterinsights_skip_tracking":false,"_monsterinsights_sitenote_active":false,"_monsterinsights_sitenote_note":"","_monsterinsights_sitenote_category":0,"footnotes":"","_wpscppro_dont_share_socialmedia":false,"_wpscppro_custom_social_share_image":0,"_facebook_share_type":"","_twitter_share_type":"","_linkedin_share_type":"","_pinterest_share_type":"","_linkedin_share_type_page":"","_instagram_share_type":"","_medium_share_type":"","_threads_share_type":"","_google_business_share_type":"","_selected_social_profile":[],"_wpsp_enable_custom_social_template":false,"_wpsp_social_scheduling":{"enabled":false,"datetime":null,"platforms":[],"status":"template_only","dateOption":"today","timeOption":"now","customDays":"","customHours":"","customDate":"","customTime":"","schedulingType":"absolute"},"_wpsp_active_default_template":true},"categories":[27],"tags":[],"class_list":["post-35132","post","type-post","status-publish","format-standard","has-post-thumbnail","hentry","category-actualite"],"aioseo_notices":[],"yoast_head":"<!-- This site is optimized with the Yoast SEO plugin v27.5 - https:\/\/yoast.com\/product\/yoast-seo-wordpress\/ -->\n<title>Un arr\u00eat\u00e9 a \u00e9t\u00e9 sign\u00e9\u00a0: L\u2019universit\u00e9 s\u2019ouvre \u00e0 la formation continue des personnels des entreprises - La Sentinelle<\/title>\n<meta name=\"robots\" content=\"index, follow, max-snippet:-1, max-image-preview:large, max-video-preview:-1\" \/>\n<link rel=\"canonical\" href=\"https:\/\/lasentinelle.dz\/index.php\/2023\/01\/29\/un-arrete-a-ete-signe-luniversite-souvre-a-la-formation-continue-des-personnels-des-entreprises\/\" \/>\n<meta property=\"og:locale\" content=\"fr_FR\" \/>\n<meta property=\"og:type\" content=\"article\" \/>\n<meta property=\"og:title\" content=\"Un arr\u00eat\u00e9 a \u00e9t\u00e9 sign\u00e9\u00a0: L\u2019universit\u00e9 s\u2019ouvre \u00e0 la formation continue des personnels des entreprises - La Sentinelle\" \/>\n<meta property=\"og:description\" content=\"Le ministre de l&rsquo;Enseignement sup\u00e9rieur et de la Recherche scientifique, Kamel Baddari, a sign\u00e9 un arr\u00eat\u00e9 d\u00e9finissant les conditions et\" \/>\n<meta property=\"og:url\" content=\"https:\/\/lasentinelle.dz\/index.php\/2023\/01\/29\/un-arrete-a-ete-signe-luniversite-souvre-a-la-formation-continue-des-personnels-des-entreprises\/\" \/>\n<meta property=\"og:site_name\" content=\"La Sentinelle\" \/>\n<meta property=\"article:publisher\" content=\"https:\/\/www.facebook.com\/La-Sentinelle-104059864394773\" \/>\n<meta property=\"article:published_time\" content=\"2023-01-29T21:05:00+00:00\" \/>\n<meta property=\"og:image\" content=\"https:\/\/lasentinelle.dz\/wp-content\/uploads\/2023\/01\/kamel-baddri.png\" \/>\n\t<meta property=\"og:image:width\" content=\"1429\" \/>\n\t<meta property=\"og:image:height\" content=\"900\" \/>\n\t<meta property=\"og:image:type\" content=\"image\/png\" \/>\n<meta name=\"author\" content=\"La Sentinelle\" \/>\n<meta name=\"twitter:card\" content=\"summary_large_image\" \/>\n<meta name=\"twitter:label1\" content=\"\u00c9crit par\" \/>\n\t<meta name=\"twitter:data1\" content=\"La Sentinelle\" \/>\n\t<meta name=\"twitter:label2\" content=\"Dur\u00e9e de lecture estim\u00e9e\" \/>\n\t<meta name=\"twitter:data2\" content=\"2 minutes\" \/>\n<script type=\"application\/ld+json\" class=\"yoast-schema-graph\">{\"@context\":\"https:\\\/\\\/schema.org\",\"@graph\":[{\"@type\":\"Article\",\"@id\":\"https:\\\/\\\/lasentinelle.dz\\\/index.php\\\/2023\\\/01\\\/29\\\/un-arrete-a-ete-signe-luniversite-souvre-a-la-formation-continue-des-personnels-des-entreprises\\\/#article\",\"isPartOf\":{\"@id\":\"https:\\\/\\\/lasentinelle.dz\\\/index.php\\\/2023\\\/01\\\/29\\\/un-arrete-a-ete-signe-luniversite-souvre-a-la-formation-continue-des-personnels-des-entreprises\\\/\"},\"author\":{\"name\":\"La Sentinelle\",\"@id\":\"https:\\\/\\\/lasentinelle.dz\\\/#\\\/schema\\\/person\\\/d865044e22e70a75174ce8bcad3acfb3\"},\"headline\":\"Un arr\u00eat\u00e9 a \u00e9t\u00e9 sign\u00e9\u00a0: L\u2019universit\u00e9 s\u2019ouvre \u00e0 la formation continue des personnels des entreprises\",\"datePublished\":\"2023-01-29T21:05:00+00:00\",\"mainEntityOfPage\":{\"@id\":\"https:\\\/\\\/lasentinelle.dz\\\/index.php\\\/2023\\\/01\\\/29\\\/un-arrete-a-ete-signe-luniversite-souvre-a-la-formation-continue-des-personnels-des-entreprises\\\/\"},\"wordCount\":355,\"commentCount\":0,\"publisher\":{\"@id\":\"https:\\\/\\\/lasentinelle.dz\\\/#organization\"},\"image\":{\"@id\":\"https:\\\/\\\/lasentinelle.dz\\\/index.php\\\/2023\\\/01\\\/29\\\/un-arrete-a-ete-signe-luniversite-souvre-a-la-formation-continue-des-personnels-des-entreprises\\\/#primaryimage\"},\"thumbnailUrl\":\"https:\\\/\\\/lasentinelle.dz\\\/wp-content\\\/uploads\\\/2023\\\/01\\\/kamel-baddri.png\",\"articleSection\":[\"Actualit\u00e9\"],\"inLanguage\":\"fr-FR\",\"potentialAction\":[{\"@type\":\"CommentAction\",\"name\":\"Comment\",\"target\":[\"https:\\\/\\\/lasentinelle.dz\\\/index.php\\\/2023\\\/01\\\/29\\\/un-arrete-a-ete-signe-luniversite-souvre-a-la-formation-continue-des-personnels-des-entreprises\\\/#respond\"]}]},{\"@type\":\"WebPage\",\"@id\":\"https:\\\/\\\/lasentinelle.dz\\\/index.php\\\/2023\\\/01\\\/29\\\/un-arrete-a-ete-signe-luniversite-souvre-a-la-formation-continue-des-personnels-des-entreprises\\\/\",\"url\":\"https:\\\/\\\/lasentinelle.dz\\\/index.php\\\/2023\\\/01\\\/29\\\/un-arrete-a-ete-signe-luniversite-souvre-a-la-formation-continue-des-personnels-des-entreprises\\\/\",\"name\":\"Un arr\u00eat\u00e9 a \u00e9t\u00e9 sign\u00e9\u00a0: L\u2019universit\u00e9 s\u2019ouvre \u00e0 la formation continue des personnels des entreprises - La Sentinelle\",\"isPartOf\":{\"@id\":\"https:\\\/\\\/lasentinelle.dz\\\/#website\"},\"primaryImageOfPage\":{\"@id\":\"https:\\\/\\\/lasentinelle.dz\\\/index.php\\\/2023\\\/01\\\/29\\\/un-arrete-a-ete-signe-luniversite-souvre-a-la-formation-continue-des-personnels-des-entreprises\\\/#primaryimage\"},\"image\":{\"@id\":\"https:\\\/\\\/lasentinelle.dz\\\/index.php\\\/2023\\\/01\\\/29\\\/un-arrete-a-ete-signe-luniversite-souvre-a-la-formation-continue-des-personnels-des-entreprises\\\/#primaryimage\"},\"thumbnailUrl\":\"https:\\\/\\\/lasentinelle.dz\\\/wp-content\\\/uploads\\\/2023\\\/01\\\/kamel-baddri.png\",\"datePublished\":\"2023-01-29T21:05:00+00:00\",\"breadcrumb\":{\"@id\":\"https:\\\/\\\/lasentinelle.dz\\\/index.php\\\/2023\\\/01\\\/29\\\/un-arrete-a-ete-signe-luniversite-souvre-a-la-formation-continue-des-personnels-des-entreprises\\\/#breadcrumb\"},\"inLanguage\":\"fr-FR\",\"potentialAction\":[{\"@type\":\"ReadAction\",\"target\":[\"https:\\\/\\\/lasentinelle.dz\\\/index.php\\\/2023\\\/01\\\/29\\\/un-arrete-a-ete-signe-luniversite-souvre-a-la-formation-continue-des-personnels-des-entreprises\\\/\"]}]},{\"@type\":\"ImageObject\",\"inLanguage\":\"fr-FR\",\"@id\":\"https:\\\/\\\/lasentinelle.dz\\\/index.php\\\/2023\\\/01\\\/29\\\/un-arrete-a-ete-signe-luniversite-souvre-a-la-formation-continue-des-personnels-des-entreprises\\\/#primaryimage\",\"url\":\"https:\\\/\\\/lasentinelle.dz\\\/wp-content\\\/uploads\\\/2023\\\/01\\\/kamel-baddri.png\",\"contentUrl\":\"https:\\\/\\\/lasentinelle.dz\\\/wp-content\\\/uploads\\\/2023\\\/01\\\/kamel-baddri.png\",\"width\":1429,\"height\":900},{\"@type\":\"BreadcrumbList\",\"@id\":\"https:\\\/\\\/lasentinelle.dz\\\/index.php\\\/2023\\\/01\\\/29\\\/un-arrete-a-ete-signe-luniversite-souvre-a-la-formation-continue-des-personnels-des-entreprises\\\/#breadcrumb\",\"itemListElement\":[{\"@type\":\"ListItem\",\"position\":1,\"name\":\"Accueil\",\"item\":\"https:\\\/\\\/lasentinelle.dz\\\/\"},{\"@type\":\"ListItem\",\"position\":2,\"name\":\"Un arr\u00eat\u00e9 a \u00e9t\u00e9 sign\u00e9\u00a0: L\u2019universit\u00e9 s\u2019ouvre \u00e0 la formation continue des personnels des entreprises\"}]},{\"@type\":\"WebSite\",\"@id\":\"https:\\\/\\\/lasentinelle.dz\\\/#website\",\"url\":\"https:\\\/\\\/lasentinelle.dz\\\/\",\"name\":\"La Sentinelle\",\"description\":\"Quotidien national d&#039;information\",\"publisher\":{\"@id\":\"https:\\\/\\\/lasentinelle.dz\\\/#organization\"},\"potentialAction\":[{\"@type\":\"SearchAction\",\"target\":{\"@type\":\"EntryPoint\",\"urlTemplate\":\"https:\\\/\\\/lasentinelle.dz\\\/?s={search_term_string}\"},\"query-input\":{\"@type\":\"PropertyValueSpecification\",\"valueRequired\":true,\"valueName\":\"search_term_string\"}}],\"inLanguage\":\"fr-FR\"},{\"@type\":\"Organization\",\"@id\":\"https:\\\/\\\/lasentinelle.dz\\\/#organization\",\"name\":\"Quotidien La Sentinelle\",\"url\":\"https:\\\/\\\/lasentinelle.dz\\\/\",\"logo\":{\"@type\":\"ImageObject\",\"inLanguage\":\"fr-FR\",\"@id\":\"https:\\\/\\\/lasentinelle.dz\\\/#\\\/schema\\\/logo\\\/image\\\/\",\"url\":\"https:\\\/\\\/lasentinelle.dz\\\/wp-content\\\/uploads\\\/2021\\\/09\\\/logo-sentinelleSLOGAN-1.png\",\"contentUrl\":\"https:\\\/\\\/lasentinelle.dz\\\/wp-content\\\/uploads\\\/2021\\\/09\\\/logo-sentinelleSLOGAN-1.png\",\"width\":615,\"height\":142,\"caption\":\"Quotidien La Sentinelle\"},\"image\":{\"@id\":\"https:\\\/\\\/lasentinelle.dz\\\/#\\\/schema\\\/logo\\\/image\\\/\"},\"sameAs\":[\"https:\\\/\\\/www.facebook.com\\\/La-Sentinelle-104059864394773\"]},{\"@type\":\"Person\",\"@id\":\"https:\\\/\\\/lasentinelle.dz\\\/#\\\/schema\\\/person\\\/d865044e22e70a75174ce8bcad3acfb3\",\"name\":\"La Sentinelle\",\"image\":{\"@type\":\"ImageObject\",\"inLanguage\":\"fr-FR\",\"@id\":\"https:\\\/\\\/secure.gravatar.com\\\/avatar\\\/57de8e5d4b15d43fb361a71fbb36338450fe67865b528a43dd10ef7c51a20392?s=96&d=mm&r=g\",\"url\":\"https:\\\/\\\/secure.gravatar.com\\\/avatar\\\/57de8e5d4b15d43fb361a71fbb36338450fe67865b528a43dd10ef7c51a20392?s=96&d=mm&r=g\",\"contentUrl\":\"https:\\\/\\\/secure.gravatar.com\\\/avatar\\\/57de8e5d4b15d43fb361a71fbb36338450fe67865b528a43dd10ef7c51a20392?s=96&d=mm&r=g\",\"caption\":\"La Sentinelle\"},\"sameAs\":[\"http:\\\/\\\/www.lasentinelle.dz\"],\"url\":\"https:\\\/\\\/lasentinelle.dz\\\/author\\\/redaction\\\/\"}]}<\/script>\n<!-- \/ Yoast SEO plugin. -->","yoast_head_json":{"title":"Un arr\u00eat\u00e9 a \u00e9t\u00e9 sign\u00e9\u00a0: L\u2019universit\u00e9 s\u2019ouvre \u00e0 la formation continue des personnels des entreprises - La Sentinelle","robots":{"index":"index","follow":"follow","max-snippet":"max-snippet:-1","max-image-preview":"max-image-preview:large","max-video-preview":"max-video-preview:-1"},"canonical":"https:\/\/lasentinelle.dz\/index.php\/2023\/01\/29\/un-arrete-a-ete-signe-luniversite-souvre-a-la-formation-continue-des-personnels-des-entreprises\/","og_locale":"fr_FR","og_type":"article","og_title":"Un arr\u00eat\u00e9 a \u00e9t\u00e9 sign\u00e9\u00a0: L\u2019universit\u00e9 s\u2019ouvre \u00e0 la formation continue des personnels des entreprises - La Sentinelle","og_description":"Le ministre de l&rsquo;Enseignement sup\u00e9rieur et de la Recherche scientifique, Kamel Baddari, a sign\u00e9 un arr\u00eat\u00e9 d\u00e9finissant les conditions et","og_url":"https:\/\/lasentinelle.dz\/index.php\/2023\/01\/29\/un-arrete-a-ete-signe-luniversite-souvre-a-la-formation-continue-des-personnels-des-entreprises\/","og_site_name":"La Sentinelle","article_publisher":"https:\/\/www.facebook.com\/La-Sentinelle-104059864394773","article_published_time":"2023-01-29T21:05:00+00:00","og_image":[{"width":1429,"height":900,"url":"https:\/\/lasentinelle.dz\/wp-content\/uploads\/2023\/01\/kamel-baddri.png","type":"image\/png"}],"author":"La Sentinelle","twitter_card":"summary_large_image","twitter_misc":{"\u00c9crit par":"La Sentinelle","Dur\u00e9e de lecture estim\u00e9e":"2 minutes"},"schema":{"@context":"https:\/\/schema.org","@graph":[{"@type":"Article","@id":"https:\/\/lasentinelle.dz\/index.php\/2023\/01\/29\/un-arrete-a-ete-signe-luniversite-souvre-a-la-formation-continue-des-personnels-des-entreprises\/#article","isPartOf":{"@id":"https:\/\/lasentinelle.dz\/index.php\/2023\/01\/29\/un-arrete-a-ete-signe-luniversite-souvre-a-la-formation-continue-des-personnels-des-entreprises\/"},"author":{"name":"La Sentinelle","@id":"https:\/\/lasentinelle.dz\/#\/schema\/person\/d865044e22e70a75174ce8bcad3acfb3"},"headline":"Un arr\u00eat\u00e9 a \u00e9t\u00e9 sign\u00e9\u00a0: L\u2019universit\u00e9 s\u2019ouvre \u00e0 la formation continue des personnels des entreprises","datePublished":"2023-01-29T21:05:00+00:00","mainEntityOfPage":{"@id":"https:\/\/lasentinelle.dz\/index.php\/2023\/01\/29\/un-arrete-a-ete-signe-luniversite-souvre-a-la-formation-continue-des-personnels-des-entreprises\/"},"wordCount":355,"commentCount":0,"publisher":{"@id":"https:\/\/lasentinelle.dz\/#organization"},"image":{"@id":"https:\/\/lasentinelle.dz\/index.php\/2023\/01\/29\/un-arrete-a-ete-signe-luniversite-souvre-a-la-formation-continue-des-personnels-des-entreprises\/#primaryimage"},"thumbnailUrl":"https:\/\/lasentinelle.dz\/wp-content\/uploads\/2023\/01\/kamel-baddri.png","articleSection":["Actualit\u00e9"],"inLanguage":"fr-FR","potentialAction":[{"@type":"CommentAction","name":"Comment","target":["https:\/\/lasentinelle.dz\/index.php\/2023\/01\/29\/un-arrete-a-ete-signe-luniversite-souvre-a-la-formation-continue-des-personnels-des-entreprises\/#respond"]}]},{"@type":"WebPage","@id":"https:\/\/lasentinelle.dz\/index.php\/2023\/01\/29\/un-arrete-a-ete-signe-luniversite-souvre-a-la-formation-continue-des-personnels-des-entreprises\/","url":"https:\/\/lasentinelle.dz\/index.php\/2023\/01\/29\/un-arrete-a-ete-signe-luniversite-souvre-a-la-formation-continue-des-personnels-des-entreprises\/","name":"Un arr\u00eat\u00e9 a \u00e9t\u00e9 sign\u00e9\u00a0: L\u2019universit\u00e9 s\u2019ouvre \u00e0 la formation continue des personnels des entreprises - La Sentinelle","isPartOf":{"@id":"https:\/\/lasentinelle.dz\/#website"},"primaryImageOfPage":{"@id":"https:\/\/lasentinelle.dz\/index.php\/2023\/01\/29\/un-arrete-a-ete-signe-luniversite-souvre-a-la-formation-continue-des-personnels-des-entreprises\/#primaryimage"},"image":{"@id":"https:\/\/lasentinelle.dz\/index.php\/2023\/01\/29\/un-arrete-a-ete-signe-luniversite-souvre-a-la-formation-continue-des-personnels-des-entreprises\/#primaryimage"},"thumbnailUrl":"https:\/\/lasentinelle.dz\/wp-content\/uploads\/2023\/01\/kamel-baddri.png","datePublished":"2023-01-29T21:05:00+00:00","breadcrumb":{"@id":"https:\/\/lasentinelle.dz\/index.php\/2023\/01\/29\/un-arrete-a-ete-signe-luniversite-souvre-a-la-formation-continue-des-personnels-des-entreprises\/#breadcrumb"},"inLanguage":"fr-FR","potentialAction":[{"@type":"ReadAction","target":["https:\/\/lasentinelle.dz\/index.php\/2023\/01\/29\/un-arrete-a-ete-signe-luniversite-souvre-a-la-formation-continue-des-personnels-des-entreprises\/"]}]},{"@type":"ImageObject","inLanguage":"fr-FR","@id":"https:\/\/lasentinelle.dz\/index.php\/2023\/01\/29\/un-arrete-a-ete-signe-luniversite-souvre-a-la-formation-continue-des-personnels-des-entreprises\/#primaryimage","url":"https:\/\/lasentinelle.dz\/wp-content\/uploads\/2023\/01\/kamel-baddri.png","contentUrl":"https:\/\/lasentinelle.dz\/wp-content\/uploads\/2023\/01\/kamel-baddri.png","width":1429,"height":900},{"@type":"BreadcrumbList","@id":"https:\/\/lasentinelle.dz\/index.php\/2023\/01\/29\/un-arrete-a-ete-signe-luniversite-souvre-a-la-formation-continue-des-personnels-des-entreprises\/#breadcrumb","itemListElement":[{"@type":"ListItem","position":1,"name":"Accueil","item":"https:\/\/lasentinelle.dz\/"},{"@type":"ListItem","position":2,"name":"Un arr\u00eat\u00e9 a \u00e9t\u00e9 sign\u00e9\u00a0: L\u2019universit\u00e9 s\u2019ouvre \u00e0 la formation continue des personnels des entreprises"}]},{"@type":"WebSite","@id":"https:\/\/lasentinelle.dz\/#website","url":"https:\/\/lasentinelle.dz\/","name":"La Sentinelle","description":"Quotidien national d&#039;information","publisher":{"@id":"https:\/\/lasentinelle.dz\/#organization"},"potentialAction":[{"@type":"SearchAction","target":{"@type":"EntryPoint","urlTemplate":"https:\/\/lasentinelle.dz\/?s={search_term_string}"},"query-input":{"@type":"PropertyValueSpecification","valueRequired":true,"valueName":"search_term_string"}}],"inLanguage":"fr-FR"},{"@type":"Organization","@id":"https:\/\/lasentinelle.dz\/#organization","name":"Quotidien La Sentinelle","url":"https:\/\/lasentinelle.dz\/","logo":{"@type":"ImageObject","inLanguage":"fr-FR","@id":"https:\/\/lasentinelle.dz\/#\/schema\/logo\/image\/","url":"https:\/\/lasentinelle.dz\/wp-content\/uploads\/2021\/09\/logo-sentinelleSLOGAN-1.png","contentUrl":"https:\/\/lasentinelle.dz\/wp-content\/uploads\/2021\/09\/logo-sentinelleSLOGAN-1.png","width":615,"height":142,"caption":"Quotidien La Sentinelle"},"image":{"@id":"https:\/\/lasentinelle.dz\/#\/schema\/logo\/image\/"},"sameAs":["https:\/\/www.facebook.com\/La-Sentinelle-104059864394773"]},{"@type":"Person","@id":"https:\/\/lasentinelle.dz\/#\/schema\/person\/d865044e22e70a75174ce8bcad3acfb3","name":"La Sentinelle","image":{"@type":"ImageObject","inLanguage":"fr-FR","@id":"https:\/\/secure.gravatar.com\/avatar\/57de8e5d4b15d43fb361a71fbb36338450fe67865b528a43dd10ef7c51a20392?s=96&d=mm&r=g","url":"https:\/\/secure.gravatar.com\/avatar\/57de8e5d4b15d43fb361a71fbb36338450fe67865b528a43dd10ef7c51a20392?s=96&d=mm&r=g","contentUrl":"https:\/\/secure.gravatar.com\/avatar\/57de8e5d4b15d43fb361a71fbb36338450fe67865b528a43dd10ef7c51a20392?s=96&d=mm&r=g","caption":"La Sentinelle"},"sameAs":["http:\/\/www.lasentinelle.dz"],"url":"https:\/\/lasentinelle.dz\/author\/redaction\/"}]}},"_links":{"self":[{"href":"https:\/\/lasentinelle.dz\/index.php\/wp-json\/wp\/v2\/posts\/35132","targetHints":{"allow":["GET"]}}],"collection":[{"href":"https:\/\/lasentinelle.dz\/index.php\/wp-json\/wp\/v2\/posts"}],"about":[{"href":"https:\/\/lasentinelle.dz\/index.php\/wp-json\/wp\/v2\/types\/post"}],"author":[{"embeddable":true,"href":"https:\/\/lasentinelle.dz\/index.php\/wp-json\/wp\/v2\/users\/3"}],"replies":[{"embeddable":true,"href":"https:\/\/lasentinelle.dz\/index.php\/wp-json\/wp\/v2\/comments?post=35132"}],"version-history":[{"count":1,"href":"https:\/\/lasentinelle.dz\/index.php\/wp-json\/wp\/v2\/posts\/35132\/revisions"}],"predecessor-version":[{"id":35144,"href":"https:\/\/lasentinelle.dz\/index.php\/wp-json\/wp\/v2\/posts\/35132\/revisions\/35144"}],"wp:featuredmedia":[{"embeddable":true,"href":"https:\/\/lasentinelle.dz\/index.php\/wp-json\/wp\/v2\/media\/35142"}],"wp:attachment":[{"href":"https:\/\/lasentinelle.dz\/index.php\/wp-json\/wp\/v2\/media?parent=35132"}],"wp:term":[{"taxonomy":"category","embeddable":true,"href":"https:\/\/lasentinelle.dz\/index.php\/wp-json\/wp\/v2\/categories?post=35132"},{"taxonomy":"post_tag","embeddable":true,"href":"https:\/\/lasentinelle.dz\/index.php\/wp-json\/wp\/v2\/tags?post=35132"}],"curies":[{"name":"wp","href":"https:\/\/api.w.org\/{rel}","templated":true}]}}