{"id":3515,"date":"2021-08-05T00:02:00","date_gmt":"2021-08-04T23:02:00","guid":{"rendered":"https:\/\/lasentinelle.dz\/?p=3515"},"modified":"2021-08-04T19:19:34","modified_gmt":"2021-08-04T18:19:34","slug":"cr-belouizdad-sayoud-signe-a-al-tai","status":"publish","type":"post","link":"https:\/\/lasentinelle.dz\/index.php\/2021\/08\/05\/cr-belouizdad-sayoud-signe-a-al-tai\/","title":{"rendered":"CR Belouizdad : Sayoud signe \u00e0 Al Ta\u00ef"},"content":{"rendered":"\n<p>De loin, Amir Sayoud est consid\u00e9r\u00e9 comme le meilleur joueur du championnat alg\u00e9rien des deux derni\u00e8res saisons. Son arriv\u00e9e au Chabab de Belouizdad en provenance de l\u2019USM Alger, o\u00f9 il s\u2018\u00e9tait \u00e9clips\u00e9, lui a permis de donner un autre \u00e9lan \u00e0 sa carri\u00e8re. Avec des titres et des statistiques affolantes, sa cote a grimp\u00e9.<\/p>\n\n\n\n<p>Au moment o\u00f9 les Belouizdadis souhaitaient le maintenir et lui prolonger son bail, qui arrive \u00e0 terme \u00e0 la fin de la saison en cours, le milieu de terrain de 30 ans s\u2019est engag\u00e9 pour deux ans avec le club saoudien d\u2019Al Ta\u00ef. C\u2019est le club saoudien pensionnaire de la premi\u00e8re division qui a fait part de cette annonce, mardi soir, sur ses pages officielles sur les r\u00e9seaux sociaux. Une information qui a chagrin\u00e9 les Belouizdadis, d\u2019autant plus qu\u2019ils nourissaientde grands espoirs de voir le meilleur joueur de leur \u00e9quipe de la derni\u00e8re d\u00e9cennie rester encore au Chabab. Ceci, surtout apr\u00e8s les derniers propos du concern\u00e9 lui-m\u00eame, \u00e0 l\u2019issue de la derni\u00e8re rencontre face la JS Kabylie (remport\u00e9e 2-1) en indiquant que \u00ab le CRB est ma maison \u00bb. Ce qu\u2019il faut dire, c\u2019est que l\u2019aspect financier a jou\u00e9 un grand r\u00f4le dans cette affaire, puisque des sources saoudiennes affirment que le contrat du milieu de terrain s\u2019\u00e9l\u00e8ve \u00e0 1,5 millions de dollars, ce qu\u2019aucun club en Alg\u00e9rie n\u2019est en mesure d\u2019offrir, m\u00eame ceux g\u00e9r\u00e9s par les grandes entreprises \u00e9tatiques. De passage sur le plateau de la t\u00e9l\u00e9vision publique, le directeur sportif et manager g\u00e9n\u00e9ral du Chabab, Hocine Yahi, avait laiss\u00e9 planer le doute, avant cette officialisation. \u00ab Il est perturb\u00e9 dans un sens positif, il est tr\u00e8s reconnaissant envers le club. Sayoud est convoit\u00e9 par plusieurs formations \u00e0 l&rsquo;\u00e9tranger, il a re\u00e7u des offres all\u00e9chantes. Nous devons avoir une r\u00e9ponse, au vu de la saison qui nous attend. J&rsquo;ai discut\u00e9 avec lui. Nous voulons r\u00e9gler son probl\u00e8me le plus rapidement possible \u00bb, a d\u00e9clar\u00e9 Yahi, concernant le joueur de 30 ans, qui a crev\u00e9 l&rsquo;\u00e9cran cette saison, contribuant grandement \u00e0 l&rsquo;excellent parcours que r\u00e9alise son \u00e9quipe en championnat. Ce d\u00e9part intervient \u00e0 quelques heures de l\u2019ouverture du march\u00e9 des transferts, demain, avec une course contre la montre que les Belouizdadis doivent monter pour lui trouver un rempa\u00e7ant avant le 15 de ce m\u00eame mois, date limite pour l\u2019envoi \u00e0 la Conf\u00e9d\u00e9ration africaine de football (CAF) de la liste des joueurs concern\u00e9s par la Champions League, que le Chabab disputera la saison prochaine. Un exercice difficile, \u00e9tant donn\u00e9 que Sayoud a plac\u00e9 la barre tr\u00e8s haut.<\/p>\n\n\n\n<p>Abderrahim Mahious<\/p>\n","protected":false},"excerpt":{"rendered":"<p>De loin, Amir Sayoud est consid\u00e9r\u00e9 comme le meilleur joueur du championnat alg\u00e9rien des deux derni\u00e8res saisons. Son arriv\u00e9e au<\/p>\n","protected":false},"author":3,"featured_media":3518,"comment_status":"open","ping_status":"closed","sticky":false,"template":"","format":"standard","meta":{"colormag_page_container_layout":"default_layout","colormag_page_sidebar_layout":"default_layout","om_disable_all_campaigns":false,"_monsterinsights_skip_tracking":false,"_monsterinsights_sitenote_active":false,"_monsterinsights_sitenote_note":"","_monsterinsights_sitenote_category":0,"footnotes":"","_wpscppro_dont_share_socialmedia":false,"_wpscppro_custom_social_share_image":0,"_facebook_share_type":"","_twitter_share_type":"","_linkedin_share_type":"","_pinterest_share_type":"","_linkedin_share_type_page":"","_instagram_share_type":"","_medium_share_type":"","_threads_share_type":"","_google_business_share_type":"","_selected_social_profile":[],"_wpsp_enable_custom_social_template":false,"_wpsp_social_scheduling":{"enabled":false,"datetime":null,"platforms":[],"status":"template_only","dateOption":"today","timeOption":"now","customDays":"","customHours":"","customDate":"","customTime":"","schedulingType":"absolute"},"_wpsp_active_default_template":true},"categories":[52,33],"tags":[],"class_list":["post-3515","post","type-post","status-publish","format-standard","has-post-thumbnail","hentry","category-a-la-une","category-sports"],"aioseo_notices":[],"yoast_head":"<!-- This site is optimized with the Yoast SEO plugin v27.5 - https:\/\/yoast.com\/product\/yoast-seo-wordpress\/ -->\n<title>CR Belouizdad : Sayoud signe \u00e0 Al Ta\u00ef - La Sentinelle<\/title>\n<meta name=\"robots\" content=\"index, follow, max-snippet:-1, max-image-preview:large, max-video-preview:-1\" \/>\n<link rel=\"canonical\" href=\"https:\/\/lasentinelle.dz\/index.php\/2021\/08\/05\/cr-belouizdad-sayoud-signe-a-al-tai\/\" \/>\n<meta property=\"og:locale\" content=\"fr_FR\" \/>\n<meta property=\"og:type\" content=\"article\" \/>\n<meta property=\"og:title\" content=\"CR Belouizdad : Sayoud signe \u00e0 Al Ta\u00ef - La Sentinelle\" \/>\n<meta property=\"og:description\" content=\"De loin, Amir Sayoud est consid\u00e9r\u00e9 comme le meilleur joueur du championnat alg\u00e9rien des deux derni\u00e8res saisons. Son arriv\u00e9e au\" \/>\n<meta property=\"og:url\" content=\"https:\/\/lasentinelle.dz\/index.php\/2021\/08\/05\/cr-belouizdad-sayoud-signe-a-al-tai\/\" \/>\n<meta property=\"og:site_name\" content=\"La Sentinelle\" \/>\n<meta property=\"article:publisher\" content=\"https:\/\/www.facebook.com\/La-Sentinelle-104059864394773\" \/>\n<meta property=\"article:published_time\" content=\"2021-08-04T23:02:00+00:00\" \/>\n<meta property=\"og:image\" content=\"https:\/\/lasentinelle.dz\/wp-content\/uploads\/2021\/08\/Sayoud-1.png\" \/>\n\t<meta property=\"og:image:width\" content=\"1198\" \/>\n\t<meta property=\"og:image:height\" content=\"900\" \/>\n\t<meta property=\"og:image:type\" content=\"image\/png\" \/>\n<meta name=\"author\" content=\"La Sentinelle\" \/>\n<meta name=\"twitter:card\" content=\"summary_large_image\" \/>\n<meta name=\"twitter:label1\" content=\"\u00c9crit par\" \/>\n\t<meta name=\"twitter:data1\" content=\"La Sentinelle\" \/>\n\t<meta name=\"twitter:label2\" content=\"Dur\u00e9e de lecture estim\u00e9e\" \/>\n\t<meta name=\"twitter:data2\" content=\"2 minutes\" \/>\n<script type=\"application\/ld+json\" class=\"yoast-schema-graph\">{\"@context\":\"https:\\\/\\\/schema.org\",\"@graph\":[{\"@type\":\"Article\",\"@id\":\"https:\\\/\\\/lasentinelle.dz\\\/index.php\\\/2021\\\/08\\\/05\\\/cr-belouizdad-sayoud-signe-a-al-tai\\\/#article\",\"isPartOf\":{\"@id\":\"https:\\\/\\\/lasentinelle.dz\\\/index.php\\\/2021\\\/08\\\/05\\\/cr-belouizdad-sayoud-signe-a-al-tai\\\/\"},\"author\":{\"name\":\"La Sentinelle\",\"@id\":\"https:\\\/\\\/lasentinelle.dz\\\/#\\\/schema\\\/person\\\/d865044e22e70a75174ce8bcad3acfb3\"},\"headline\":\"CR Belouizdad : Sayoud signe \u00e0 Al Ta\u00ef\",\"datePublished\":\"2021-08-04T23:02:00+00:00\",\"mainEntityOfPage\":{\"@id\":\"https:\\\/\\\/lasentinelle.dz\\\/index.php\\\/2021\\\/08\\\/05\\\/cr-belouizdad-sayoud-signe-a-al-tai\\\/\"},\"wordCount\":470,\"commentCount\":0,\"publisher\":{\"@id\":\"https:\\\/\\\/lasentinelle.dz\\\/#organization\"},\"image\":{\"@id\":\"https:\\\/\\\/lasentinelle.dz\\\/index.php\\\/2021\\\/08\\\/05\\\/cr-belouizdad-sayoud-signe-a-al-tai\\\/#primaryimage\"},\"thumbnailUrl\":\"https:\\\/\\\/lasentinelle.dz\\\/wp-content\\\/uploads\\\/2021\\\/08\\\/Sayoud-1.png\",\"articleSection\":[\"\u00c0 la Une\",\"Sports\"],\"inLanguage\":\"fr-FR\",\"potentialAction\":[{\"@type\":\"CommentAction\",\"name\":\"Comment\",\"target\":[\"https:\\\/\\\/lasentinelle.dz\\\/index.php\\\/2021\\\/08\\\/05\\\/cr-belouizdad-sayoud-signe-a-al-tai\\\/#respond\"]}]},{\"@type\":\"WebPage\",\"@id\":\"https:\\\/\\\/lasentinelle.dz\\\/index.php\\\/2021\\\/08\\\/05\\\/cr-belouizdad-sayoud-signe-a-al-tai\\\/\",\"url\":\"https:\\\/\\\/lasentinelle.dz\\\/index.php\\\/2021\\\/08\\\/05\\\/cr-belouizdad-sayoud-signe-a-al-tai\\\/\",\"name\":\"CR Belouizdad : Sayoud signe \u00e0 Al Ta\u00ef - La Sentinelle\",\"isPartOf\":{\"@id\":\"https:\\\/\\\/lasentinelle.dz\\\/#website\"},\"primaryImageOfPage\":{\"@id\":\"https:\\\/\\\/lasentinelle.dz\\\/index.php\\\/2021\\\/08\\\/05\\\/cr-belouizdad-sayoud-signe-a-al-tai\\\/#primaryimage\"},\"image\":{\"@id\":\"https:\\\/\\\/lasentinelle.dz\\\/index.php\\\/2021\\\/08\\\/05\\\/cr-belouizdad-sayoud-signe-a-al-tai\\\/#primaryimage\"},\"thumbnailUrl\":\"https:\\\/\\\/lasentinelle.dz\\\/wp-content\\\/uploads\\\/2021\\\/08\\\/Sayoud-1.png\",\"datePublished\":\"2021-08-04T23:02:00+00:00\",\"breadcrumb\":{\"@id\":\"https:\\\/\\\/lasentinelle.dz\\\/index.php\\\/2021\\\/08\\\/05\\\/cr-belouizdad-sayoud-signe-a-al-tai\\\/#breadcrumb\"},\"inLanguage\":\"fr-FR\",\"potentialAction\":[{\"@type\":\"ReadAction\",\"target\":[\"https:\\\/\\\/lasentinelle.dz\\\/index.php\\\/2021\\\/08\\\/05\\\/cr-belouizdad-sayoud-signe-a-al-tai\\\/\"]}]},{\"@type\":\"ImageObject\",\"inLanguage\":\"fr-FR\",\"@id\":\"https:\\\/\\\/lasentinelle.dz\\\/index.php\\\/2021\\\/08\\\/05\\\/cr-belouizdad-sayoud-signe-a-al-tai\\\/#primaryimage\",\"url\":\"https:\\\/\\\/lasentinelle.dz\\\/wp-content\\\/uploads\\\/2021\\\/08\\\/Sayoud-1.png\",\"contentUrl\":\"https:\\\/\\\/lasentinelle.dz\\\/wp-content\\\/uploads\\\/2021\\\/08\\\/Sayoud-1.png\",\"width\":1198,\"height\":900},{\"@type\":\"BreadcrumbList\",\"@id\":\"https:\\\/\\\/lasentinelle.dz\\\/index.php\\\/2021\\\/08\\\/05\\\/cr-belouizdad-sayoud-signe-a-al-tai\\\/#breadcrumb\",\"itemListElement\":[{\"@type\":\"ListItem\",\"position\":1,\"name\":\"Accueil\",\"item\":\"https:\\\/\\\/lasentinelle.dz\\\/\"},{\"@type\":\"ListItem\",\"position\":2,\"name\":\"CR Belouizdad : Sayoud signe \u00e0 Al Ta\u00ef\"}]},{\"@type\":\"WebSite\",\"@id\":\"https:\\\/\\\/lasentinelle.dz\\\/#website\",\"url\":\"https:\\\/\\\/lasentinelle.dz\\\/\",\"name\":\"La Sentinelle\",\"description\":\"Quotidien national d&#039;information\",\"publisher\":{\"@id\":\"https:\\\/\\\/lasentinelle.dz\\\/#organization\"},\"potentialAction\":[{\"@type\":\"SearchAction\",\"target\":{\"@type\":\"EntryPoint\",\"urlTemplate\":\"https:\\\/\\\/lasentinelle.dz\\\/?s={search_term_string}\"},\"query-input\":{\"@type\":\"PropertyValueSpecification\",\"valueRequired\":true,\"valueName\":\"search_term_string\"}}],\"inLanguage\":\"fr-FR\"},{\"@type\":\"Organization\",\"@id\":\"https:\\\/\\\/lasentinelle.dz\\\/#organization\",\"name\":\"Quotidien La Sentinelle\",\"url\":\"https:\\\/\\\/lasentinelle.dz\\\/\",\"logo\":{\"@type\":\"ImageObject\",\"inLanguage\":\"fr-FR\",\"@id\":\"https:\\\/\\\/lasentinelle.dz\\\/#\\\/schema\\\/logo\\\/image\\\/\",\"url\":\"https:\\\/\\\/lasentinelle.dz\\\/wp-content\\\/uploads\\\/2021\\\/09\\\/logo-sentinelleSLOGAN-1.png\",\"contentUrl\":\"https:\\\/\\\/lasentinelle.dz\\\/wp-content\\\/uploads\\\/2021\\\/09\\\/logo-sentinelleSLOGAN-1.png\",\"width\":615,\"height\":142,\"caption\":\"Quotidien La Sentinelle\"},\"image\":{\"@id\":\"https:\\\/\\\/lasentinelle.dz\\\/#\\\/schema\\\/logo\\\/image\\\/\"},\"sameAs\":[\"https:\\\/\\\/www.facebook.com\\\/La-Sentinelle-104059864394773\"]},{\"@type\":\"Person\",\"@id\":\"https:\\\/\\\/lasentinelle.dz\\\/#\\\/schema\\\/person\\\/d865044e22e70a75174ce8bcad3acfb3\",\"name\":\"La Sentinelle\",\"image\":{\"@type\":\"ImageObject\",\"inLanguage\":\"fr-FR\",\"@id\":\"https:\\\/\\\/secure.gravatar.com\\\/avatar\\\/57de8e5d4b15d43fb361a71fbb36338450fe67865b528a43dd10ef7c51a20392?s=96&d=mm&r=g\",\"url\":\"https:\\\/\\\/secure.gravatar.com\\\/avatar\\\/57de8e5d4b15d43fb361a71fbb36338450fe67865b528a43dd10ef7c51a20392?s=96&d=mm&r=g\",\"contentUrl\":\"https:\\\/\\\/secure.gravatar.com\\\/avatar\\\/57de8e5d4b15d43fb361a71fbb36338450fe67865b528a43dd10ef7c51a20392?s=96&d=mm&r=g\",\"caption\":\"La Sentinelle\"},\"sameAs\":[\"http:\\\/\\\/www.lasentinelle.dz\"],\"url\":\"https:\\\/\\\/lasentinelle.dz\\\/author\\\/redaction\\\/\"}]}<\/script>\n<!-- \/ Yoast SEO plugin. -->","yoast_head_json":{"title":"CR Belouizdad : Sayoud signe \u00e0 Al Ta\u00ef - La Sentinelle","robots":{"index":"index","follow":"follow","max-snippet":"max-snippet:-1","max-image-preview":"max-image-preview:large","max-video-preview":"max-video-preview:-1"},"canonical":"https:\/\/lasentinelle.dz\/index.php\/2021\/08\/05\/cr-belouizdad-sayoud-signe-a-al-tai\/","og_locale":"fr_FR","og_type":"article","og_title":"CR Belouizdad : Sayoud signe \u00e0 Al Ta\u00ef - La Sentinelle","og_description":"De loin, Amir Sayoud est consid\u00e9r\u00e9 comme le meilleur joueur du championnat alg\u00e9rien des deux derni\u00e8res saisons. Son arriv\u00e9e au","og_url":"https:\/\/lasentinelle.dz\/index.php\/2021\/08\/05\/cr-belouizdad-sayoud-signe-a-al-tai\/","og_site_name":"La Sentinelle","article_publisher":"https:\/\/www.facebook.com\/La-Sentinelle-104059864394773","article_published_time":"2021-08-04T23:02:00+00:00","og_image":[{"width":1198,"height":900,"url":"https:\/\/lasentinelle.dz\/wp-content\/uploads\/2021\/08\/Sayoud-1.png","type":"image\/png"}],"author":"La Sentinelle","twitter_card":"summary_large_image","twitter_misc":{"\u00c9crit par":"La Sentinelle","Dur\u00e9e de lecture estim\u00e9e":"2 minutes"},"schema":{"@context":"https:\/\/schema.org","@graph":[{"@type":"Article","@id":"https:\/\/lasentinelle.dz\/index.php\/2021\/08\/05\/cr-belouizdad-sayoud-signe-a-al-tai\/#article","isPartOf":{"@id":"https:\/\/lasentinelle.dz\/index.php\/2021\/08\/05\/cr-belouizdad-sayoud-signe-a-al-tai\/"},"author":{"name":"La Sentinelle","@id":"https:\/\/lasentinelle.dz\/#\/schema\/person\/d865044e22e70a75174ce8bcad3acfb3"},"headline":"CR Belouizdad : Sayoud signe \u00e0 Al Ta\u00ef","datePublished":"2021-08-04T23:02:00+00:00","mainEntityOfPage":{"@id":"https:\/\/lasentinelle.dz\/index.php\/2021\/08\/05\/cr-belouizdad-sayoud-signe-a-al-tai\/"},"wordCount":470,"commentCount":0,"publisher":{"@id":"https:\/\/lasentinelle.dz\/#organization"},"image":{"@id":"https:\/\/lasentinelle.dz\/index.php\/2021\/08\/05\/cr-belouizdad-sayoud-signe-a-al-tai\/#primaryimage"},"thumbnailUrl":"https:\/\/lasentinelle.dz\/wp-content\/uploads\/2021\/08\/Sayoud-1.png","articleSection":["\u00c0 la Une","Sports"],"inLanguage":"fr-FR","potentialAction":[{"@type":"CommentAction","name":"Comment","target":["https:\/\/lasentinelle.dz\/index.php\/2021\/08\/05\/cr-belouizdad-sayoud-signe-a-al-tai\/#respond"]}]},{"@type":"WebPage","@id":"https:\/\/lasentinelle.dz\/index.php\/2021\/08\/05\/cr-belouizdad-sayoud-signe-a-al-tai\/","url":"https:\/\/lasentinelle.dz\/index.php\/2021\/08\/05\/cr-belouizdad-sayoud-signe-a-al-tai\/","name":"CR Belouizdad : Sayoud signe \u00e0 Al Ta\u00ef - La Sentinelle","isPartOf":{"@id":"https:\/\/lasentinelle.dz\/#website"},"primaryImageOfPage":{"@id":"https:\/\/lasentinelle.dz\/index.php\/2021\/08\/05\/cr-belouizdad-sayoud-signe-a-al-tai\/#primaryimage"},"image":{"@id":"https:\/\/lasentinelle.dz\/index.php\/2021\/08\/05\/cr-belouizdad-sayoud-signe-a-al-tai\/#primaryimage"},"thumbnailUrl":"https:\/\/lasentinelle.dz\/wp-content\/uploads\/2021\/08\/Sayoud-1.png","datePublished":"2021-08-04T23:02:00+00:00","breadcrumb":{"@id":"https:\/\/lasentinelle.dz\/index.php\/2021\/08\/05\/cr-belouizdad-sayoud-signe-a-al-tai\/#breadcrumb"},"inLanguage":"fr-FR","potentialAction":[{"@type":"ReadAction","target":["https:\/\/lasentinelle.dz\/index.php\/2021\/08\/05\/cr-belouizdad-sayoud-signe-a-al-tai\/"]}]},{"@type":"ImageObject","inLanguage":"fr-FR","@id":"https:\/\/lasentinelle.dz\/index.php\/2021\/08\/05\/cr-belouizdad-sayoud-signe-a-al-tai\/#primaryimage","url":"https:\/\/lasentinelle.dz\/wp-content\/uploads\/2021\/08\/Sayoud-1.png","contentUrl":"https:\/\/lasentinelle.dz\/wp-content\/uploads\/2021\/08\/Sayoud-1.png","width":1198,"height":900},{"@type":"BreadcrumbList","@id":"https:\/\/lasentinelle.dz\/index.php\/2021\/08\/05\/cr-belouizdad-sayoud-signe-a-al-tai\/#breadcrumb","itemListElement":[{"@type":"ListItem","position":1,"name":"Accueil","item":"https:\/\/lasentinelle.dz\/"},{"@type":"ListItem","position":2,"name":"CR Belouizdad : Sayoud signe \u00e0 Al Ta\u00ef"}]},{"@type":"WebSite","@id":"https:\/\/lasentinelle.dz\/#website","url":"https:\/\/lasentinelle.dz\/","name":"La Sentinelle","description":"Quotidien national d&#039;information","publisher":{"@id":"https:\/\/lasentinelle.dz\/#organization"},"potentialAction":[{"@type":"SearchAction","target":{"@type":"EntryPoint","urlTemplate":"https:\/\/lasentinelle.dz\/?s={search_term_string}"},"query-input":{"@type":"PropertyValueSpecification","valueRequired":true,"valueName":"search_term_string"}}],"inLanguage":"fr-FR"},{"@type":"Organization","@id":"https:\/\/lasentinelle.dz\/#organization","name":"Quotidien La Sentinelle","url":"https:\/\/lasentinelle.dz\/","logo":{"@type":"ImageObject","inLanguage":"fr-FR","@id":"https:\/\/lasentinelle.dz\/#\/schema\/logo\/image\/","url":"https:\/\/lasentinelle.dz\/wp-content\/uploads\/2021\/09\/logo-sentinelleSLOGAN-1.png","contentUrl":"https:\/\/lasentinelle.dz\/wp-content\/uploads\/2021\/09\/logo-sentinelleSLOGAN-1.png","width":615,"height":142,"caption":"Quotidien La Sentinelle"},"image":{"@id":"https:\/\/lasentinelle.dz\/#\/schema\/logo\/image\/"},"sameAs":["https:\/\/www.facebook.com\/La-Sentinelle-104059864394773"]},{"@type":"Person","@id":"https:\/\/lasentinelle.dz\/#\/schema\/person\/d865044e22e70a75174ce8bcad3acfb3","name":"La Sentinelle","image":{"@type":"ImageObject","inLanguage":"fr-FR","@id":"https:\/\/secure.gravatar.com\/avatar\/57de8e5d4b15d43fb361a71fbb36338450fe67865b528a43dd10ef7c51a20392?s=96&d=mm&r=g","url":"https:\/\/secure.gravatar.com\/avatar\/57de8e5d4b15d43fb361a71fbb36338450fe67865b528a43dd10ef7c51a20392?s=96&d=mm&r=g","contentUrl":"https:\/\/secure.gravatar.com\/avatar\/57de8e5d4b15d43fb361a71fbb36338450fe67865b528a43dd10ef7c51a20392?s=96&d=mm&r=g","caption":"La Sentinelle"},"sameAs":["http:\/\/www.lasentinelle.dz"],"url":"https:\/\/lasentinelle.dz\/author\/redaction\/"}]}},"_links":{"self":[{"href":"https:\/\/lasentinelle.dz\/index.php\/wp-json\/wp\/v2\/posts\/3515","targetHints":{"allow":["GET"]}}],"collection":[{"href":"https:\/\/lasentinelle.dz\/index.php\/wp-json\/wp\/v2\/posts"}],"about":[{"href":"https:\/\/lasentinelle.dz\/index.php\/wp-json\/wp\/v2\/types\/post"}],"author":[{"embeddable":true,"href":"https:\/\/lasentinelle.dz\/index.php\/wp-json\/wp\/v2\/users\/3"}],"replies":[{"embeddable":true,"href":"https:\/\/lasentinelle.dz\/index.php\/wp-json\/wp\/v2\/comments?post=3515"}],"version-history":[{"count":1,"href":"https:\/\/lasentinelle.dz\/index.php\/wp-json\/wp\/v2\/posts\/3515\/revisions"}],"predecessor-version":[{"id":3520,"href":"https:\/\/lasentinelle.dz\/index.php\/wp-json\/wp\/v2\/posts\/3515\/revisions\/3520"}],"wp:featuredmedia":[{"embeddable":true,"href":"https:\/\/lasentinelle.dz\/index.php\/wp-json\/wp\/v2\/media\/3518"}],"wp:attachment":[{"href":"https:\/\/lasentinelle.dz\/index.php\/wp-json\/wp\/v2\/media?parent=3515"}],"wp:term":[{"taxonomy":"category","embeddable":true,"href":"https:\/\/lasentinelle.dz\/index.php\/wp-json\/wp\/v2\/categories?post=3515"},{"taxonomy":"post_tag","embeddable":true,"href":"https:\/\/lasentinelle.dz\/index.php\/wp-json\/wp\/v2\/tags?post=3515"}],"curies":[{"name":"wp","href":"https:\/\/api.w.org\/{rel}","templated":true}]}}