{"id":3522,"date":"2021-08-05T00:01:00","date_gmt":"2021-08-04T23:01:00","guid":{"rendered":"https:\/\/lasentinelle.dz\/?p=3522"},"modified":"2021-08-04T17:21:17","modified_gmt":"2021-08-04T16:21:17","slug":"cinema-the-suicide-squad-veut-redorer-limage-des-super-mechants-et-de-son-realisateur","status":"publish","type":"post","link":"https:\/\/lasentinelle.dz\/index.php\/2021\/08\/05\/cinema-the-suicide-squad-veut-redorer-limage-des-super-mechants-et-de-son-realisateur\/","title":{"rendered":"Cin\u00e9ma : \u00ab\u00a0The Suicide Squad\u00a0\u00bb veut redorer l&rsquo;image des super m\u00e9chants &#8212; et de son r\u00e9alisateur"},"content":{"rendered":"\n<p>Quand James Gunn s&rsquo;est vu proposer la r\u00e9alisation du prochain film de super-h\u00e9ros de DC Comics, il ne s&rsquo;est pas tourn\u00e9 vers une ic\u00f4ne comme Superman ou Wonder Woman. Il a choisi le groupe de m\u00e9chants d\u00e9braill\u00e9s et bien moins renomm\u00e9s connus sous le nom de \u00ab\u00a0The Suicide Squad\u00a0\u00bb.Au g\u00e9n\u00e9rique de cette sorte de suite de \u00ab\u00a0Suicide Squad\u00a0\u00bb (2016) &#8212; o\u00f9 la bande de criminels s&#8217;embarquait dans de dangereuses missions pour le compte du gouvernement am\u00e9ricain, afin de r\u00e9duire leurs peines de prison &#8212; on trouve des noms familiers, comme le personnage d&rsquo;Harley Quinn, incarn\u00e9 par Margot Robbie.<\/p>\n\n\n\n<p>D&rsquo;autres nouveaux venus sont de parfaits inconnus, comme l&rsquo;\u00e9tonnant Polka Dot Man (\u00ab\u00a0l&rsquo;homme \u00e0 pois\u00a0\u00bb, en fran\u00e7ais).\u00a0\u00bbJ&rsquo;ai litt\u00e9ralement cherch\u00e9 sur Google: +Quel est le super m\u00e9chant le plus stupide de tous les temps?+ et Polka Dot Man \u00e9tait toujours dans les premiers r\u00e9sultats\u00a0\u00bb, a expliqu\u00e9 James Gunn.\u00a0\u00bbPouvoir prendre un personnage comme \u00e7a et lui donner de l&rsquo;\u00e9paisseur a \u00e9t\u00e9 tr\u00e8s amusant pour moi\u00a0\u00bb, a confi\u00e9 le r\u00e9alisateur lors d&rsquo;une conf\u00e9rence de presse virtuelle avant la sortie du film, pr\u00e9vue vendredi aux Etats-Unis.<\/p>\n\n\n\n<p>A premi\u00e8re vue, la fa\u00e7on dont il a choisi son groupe de voyous semblait peu propice \u00e0 mettre les cadres de Warner Bros en confiance.M\u00eame David Dastmalchian, l&rsquo;acteur qui l&rsquo;incarne et fan inv\u00e9t\u00e9r\u00e9 de comics, les bandes dessin\u00e9es am\u00e9ricaines, n&rsquo;avait au d\u00e9part \u00ab\u00a0pas la moindre id\u00e9e de qui \u00e9tait Polka Dot Man\u00a0\u00bb.Mais \u00e0 en croire le succ\u00e8s du premier film, aller fouiller dans les tr\u00e9fonds du monde des comics pour chercher des personnages moins connus est un risque qui peut s&rsquo;av\u00e9rer payant.<\/p>\n\n\n\n<p>Malgr\u00e9 les mauvaises critiques, \u00ab\u00a0Suicide Squad\u00a0\u00bb avait r\u00e9colt\u00e9 plus de 750 milions de dollars au box-office mondial.Comme lui, \u00ab\u00a0The Suicide Squad\u00a0\u00bb s&rsquo;appuie sur un casting cinq \u00e9toiles &#8212; Will Smith et Jared Leto n&rsquo;y sont plus mais ont \u00e9t\u00e9 remplac\u00e9s par John Cena, Idris Elba ou Sylvester Stallone, qui pr\u00eate sa voix \u00e0 une cr\u00e9ature mi-homme mi-requin.Selon Idris Elba, jouer Bloodsport, \u00ab\u00a0un personnage \u00e0 la personnalit\u00e9 moins bien d\u00e9finie\u00a0\u00bb, lui a permis d&rsquo;avoir plus de libert\u00e9.L&rsquo;id\u00e9e \u00e9tait: \u00ab\u00a0Trouvons un personnage obscur que nous pourrons construire comme notre propre cr\u00e9ation cin\u00e9matographique pour Idris\u00a0\u00bb, a confirm\u00e9 James Gunn.<\/p>\n\n\n\n<p>Le film offre un savant m\u00e9lange entre prise de risque et qu\u00eate de r\u00e9demption, qui n&rsquo;est pas sans rappeler le parcours de son r\u00e9alisateur.<\/p>\n\n\n\n<p>James Gunn, r\u00e9alisateur culte et auteur du script de \u00ab\u00a0L&rsquo;arm\u00e9e des morts\u00a0\u00bb de Zack Snyder (2004), avait fait une incursion remarqu\u00e9e dans la culture populaire dans les ann\u00e9es 2010, avec les films \u00e0 succ\u00e8s \u00ab\u00a0Gardiens de la Galaxie\u00a0\u00bb, de Marvel.Mais en 2018, il avait \u00e9t\u00e9 brusquement renvoy\u00e9 par Disney, propri\u00e9taire des studios, quand d&rsquo;anciens tweets dans lesquels il blaguait sur le sida, le viol ou l&rsquo;Holocauste avaient refait surface.Warner avait saut\u00e9 sur l&rsquo;occasion, confiant au r\u00e9alisateur ses films de super h\u00e9ros DC rivaux.Apr\u00e8s s&rsquo;\u00eatre excus\u00e9 et avoir re\u00e7u le soutien d&rsquo;un grand nombre de figures d&rsquo;Hollywood, \u00e0 l&rsquo;image de Chris Pratt, James Gunn a de nouveau pos\u00e9 ses valises chez Marvel, pour qui il doit r\u00e9aliser \u00ab\u00a0Les Gardiens de la Galaxie 3&Prime;, pr\u00e9vu pour 2023.\u00a0\u00bbTu ne t&rsquo;attends pas \u00e0 ce que les gens te soutiennent&#8230; \u00c7a a \u00e9t\u00e9 une prise de conscience pour moi\u00a0\u00bb, avait-il r\u00e9cemment confi\u00e9 au New York Times.\u00a0\u00bbQuand Warner Bros vient te voir le lundi suivant et te dit, +On te veut, James Gunn+, tu te dis, ouah, \u00e7a fait du bien \u00e0 entendre.\u00a0\u00bb<\/p>\n\n\n\n<p>D\u00e9crivant \u00ab\u00a0The Suicide Squad\u00a0\u00bb comme un film de guerre fa\u00e7on \u00ab\u00a0Les Douze Salopards\u00a0\u00bb (1967) saupoudr\u00e9 d&rsquo;une bonne dose d&rsquo;humour noir typique des bandes dessin\u00e9es, le r\u00e9alisateur a dit avoir \u00ab\u00a0senti la responsabilit\u00e9 de prendre des risques\u00a0\u00bb et \u00e9viter d&rsquo;utiliser \u00ab\u00a0la m\u00eame vieille structure barbante en trois actes\u00a0\u00bb.Pour preuve, le grand m\u00e9chant du film est une gigantesque \u00e9toile de mer rose.\u00a0\u00bbOn dirait bien que les gros films sont ceux que les gens vont aller voir au cin\u00e9ma\u00a0\u00bb au moment o\u00f9 les restrictions li\u00e9es \u00e0 la pand\u00e9mie ont \u00e9t\u00e9 all\u00e9g\u00e9es, a-t-il ajout\u00e9.\u00a0\u00bbSi (ces films) ne continuent pas \u00e0 prendre des risques et essayer de nouvelles choses, alors les gens ne voudront plus se d\u00e9placer dans les salles de cin\u00e9ma.\u00a0\u00bb<\/p>\n\n\n\n<p>AFP<\/p>\n","protected":false},"excerpt":{"rendered":"<p>Quand James Gunn s&rsquo;est vu proposer la r\u00e9alisation du prochain film de super-h\u00e9ros de DC Comics, il ne s&rsquo;est pas<\/p>\n","protected":false},"author":3,"featured_media":3537,"comment_status":"open","ping_status":"closed","sticky":false,"template":"","format":"standard","meta":{"colormag_page_container_layout":"default_layout","colormag_page_sidebar_layout":"default_layout","om_disable_all_campaigns":false,"_monsterinsights_skip_tracking":false,"_monsterinsights_sitenote_active":false,"_monsterinsights_sitenote_note":"","_monsterinsights_sitenote_category":0,"footnotes":"","_wpscppro_dont_share_socialmedia":false,"_wpscppro_custom_social_share_image":0,"_facebook_share_type":"","_twitter_share_type":"","_linkedin_share_type":"","_pinterest_share_type":"","_linkedin_share_type_page":"","_instagram_share_type":"","_medium_share_type":"","_threads_share_type":"","_google_business_share_type":"","_selected_social_profile":[],"_wpsp_enable_custom_social_template":false,"_wpsp_social_scheduling":{"enabled":false,"datetime":null,"platforms":[],"status":"template_only","dateOption":"today","timeOption":"now","customDays":"","customHours":"","customDate":"","customTime":"","schedulingType":"absolute"},"_wpsp_active_default_template":true},"categories":[36],"tags":[],"class_list":["post-3522","post","type-post","status-publish","format-standard","has-post-thumbnail","hentry","category-culture"],"aioseo_notices":[],"yoast_head":"<!-- This site is optimized with the Yoast SEO plugin v27.5 - https:\/\/yoast.com\/product\/yoast-seo-wordpress\/ -->\n<title>Cin\u00e9ma : &quot;The Suicide Squad&quot; veut redorer l&#039;image des super m\u00e9chants - et de son r\u00e9alisateur - La Sentinelle<\/title>\n<meta name=\"robots\" content=\"index, follow, max-snippet:-1, max-image-preview:large, max-video-preview:-1\" \/>\n<link rel=\"canonical\" href=\"https:\/\/lasentinelle.dz\/index.php\/2021\/08\/05\/cinema-the-suicide-squad-veut-redorer-limage-des-super-mechants-et-de-son-realisateur\/\" \/>\n<meta property=\"og:locale\" content=\"fr_FR\" \/>\n<meta property=\"og:type\" content=\"article\" \/>\n<meta property=\"og:title\" content=\"Cin\u00e9ma : &quot;The Suicide Squad&quot; veut redorer l&#039;image des super m\u00e9chants - et de son r\u00e9alisateur - La Sentinelle\" \/>\n<meta property=\"og:description\" content=\"Quand James Gunn s&rsquo;est vu proposer la r\u00e9alisation du prochain film de super-h\u00e9ros de DC Comics, il ne s&rsquo;est pas\" \/>\n<meta property=\"og:url\" content=\"https:\/\/lasentinelle.dz\/index.php\/2021\/08\/05\/cinema-the-suicide-squad-veut-redorer-limage-des-super-mechants-et-de-son-realisateur\/\" \/>\n<meta property=\"og:site_name\" content=\"La Sentinelle\" \/>\n<meta property=\"article:publisher\" content=\"https:\/\/www.facebook.com\/La-Sentinelle-104059864394773\" \/>\n<meta property=\"article:published_time\" content=\"2021-08-04T23:01:00+00:00\" \/>\n<meta property=\"og:image\" content=\"https:\/\/lasentinelle.dz\/wp-content\/uploads\/2021\/08\/suicide.png\" \/>\n\t<meta property=\"og:image:width\" content=\"1600\" \/>\n\t<meta property=\"og:image:height\" content=\"900\" \/>\n\t<meta property=\"og:image:type\" content=\"image\/png\" \/>\n<meta name=\"author\" content=\"La Sentinelle\" \/>\n<meta name=\"twitter:card\" content=\"summary_large_image\" \/>\n<meta name=\"twitter:label1\" content=\"\u00c9crit par\" \/>\n\t<meta name=\"twitter:data1\" content=\"La Sentinelle\" \/>\n\t<meta name=\"twitter:label2\" content=\"Dur\u00e9e de lecture estim\u00e9e\" \/>\n\t<meta name=\"twitter:data2\" content=\"3 minutes\" \/>\n<script type=\"application\/ld+json\" class=\"yoast-schema-graph\">{\"@context\":\"https:\\\/\\\/schema.org\",\"@graph\":[{\"@type\":\"Article\",\"@id\":\"https:\\\/\\\/lasentinelle.dz\\\/index.php\\\/2021\\\/08\\\/05\\\/cinema-the-suicide-squad-veut-redorer-limage-des-super-mechants-et-de-son-realisateur\\\/#article\",\"isPartOf\":{\"@id\":\"https:\\\/\\\/lasentinelle.dz\\\/index.php\\\/2021\\\/08\\\/05\\\/cinema-the-suicide-squad-veut-redorer-limage-des-super-mechants-et-de-son-realisateur\\\/\"},\"author\":{\"name\":\"La Sentinelle\",\"@id\":\"https:\\\/\\\/lasentinelle.dz\\\/#\\\/schema\\\/person\\\/d865044e22e70a75174ce8bcad3acfb3\"},\"headline\":\"Cin\u00e9ma : \u00ab\u00a0The Suicide Squad\u00a0\u00bb veut redorer l&rsquo;image des super m\u00e9chants &#8212; et de son r\u00e9alisateur\",\"datePublished\":\"2021-08-04T23:01:00+00:00\",\"mainEntityOfPage\":{\"@id\":\"https:\\\/\\\/lasentinelle.dz\\\/index.php\\\/2021\\\/08\\\/05\\\/cinema-the-suicide-squad-veut-redorer-limage-des-super-mechants-et-de-son-realisateur\\\/\"},\"wordCount\":793,\"commentCount\":0,\"publisher\":{\"@id\":\"https:\\\/\\\/lasentinelle.dz\\\/#organization\"},\"image\":{\"@id\":\"https:\\\/\\\/lasentinelle.dz\\\/index.php\\\/2021\\\/08\\\/05\\\/cinema-the-suicide-squad-veut-redorer-limage-des-super-mechants-et-de-son-realisateur\\\/#primaryimage\"},\"thumbnailUrl\":\"https:\\\/\\\/lasentinelle.dz\\\/wp-content\\\/uploads\\\/2021\\\/08\\\/suicide.png\",\"articleSection\":[\"Culture\"],\"inLanguage\":\"fr-FR\",\"potentialAction\":[{\"@type\":\"CommentAction\",\"name\":\"Comment\",\"target\":[\"https:\\\/\\\/lasentinelle.dz\\\/index.php\\\/2021\\\/08\\\/05\\\/cinema-the-suicide-squad-veut-redorer-limage-des-super-mechants-et-de-son-realisateur\\\/#respond\"]}]},{\"@type\":\"WebPage\",\"@id\":\"https:\\\/\\\/lasentinelle.dz\\\/index.php\\\/2021\\\/08\\\/05\\\/cinema-the-suicide-squad-veut-redorer-limage-des-super-mechants-et-de-son-realisateur\\\/\",\"url\":\"https:\\\/\\\/lasentinelle.dz\\\/index.php\\\/2021\\\/08\\\/05\\\/cinema-the-suicide-squad-veut-redorer-limage-des-super-mechants-et-de-son-realisateur\\\/\",\"name\":\"Cin\u00e9ma : \\\"The Suicide Squad\\\" veut redorer l'image des super m\u00e9chants - et de son r\u00e9alisateur - La Sentinelle\",\"isPartOf\":{\"@id\":\"https:\\\/\\\/lasentinelle.dz\\\/#website\"},\"primaryImageOfPage\":{\"@id\":\"https:\\\/\\\/lasentinelle.dz\\\/index.php\\\/2021\\\/08\\\/05\\\/cinema-the-suicide-squad-veut-redorer-limage-des-super-mechants-et-de-son-realisateur\\\/#primaryimage\"},\"image\":{\"@id\":\"https:\\\/\\\/lasentinelle.dz\\\/index.php\\\/2021\\\/08\\\/05\\\/cinema-the-suicide-squad-veut-redorer-limage-des-super-mechants-et-de-son-realisateur\\\/#primaryimage\"},\"thumbnailUrl\":\"https:\\\/\\\/lasentinelle.dz\\\/wp-content\\\/uploads\\\/2021\\\/08\\\/suicide.png\",\"datePublished\":\"2021-08-04T23:01:00+00:00\",\"breadcrumb\":{\"@id\":\"https:\\\/\\\/lasentinelle.dz\\\/index.php\\\/2021\\\/08\\\/05\\\/cinema-the-suicide-squad-veut-redorer-limage-des-super-mechants-et-de-son-realisateur\\\/#breadcrumb\"},\"inLanguage\":\"fr-FR\",\"potentialAction\":[{\"@type\":\"ReadAction\",\"target\":[\"https:\\\/\\\/lasentinelle.dz\\\/index.php\\\/2021\\\/08\\\/05\\\/cinema-the-suicide-squad-veut-redorer-limage-des-super-mechants-et-de-son-realisateur\\\/\"]}]},{\"@type\":\"ImageObject\",\"inLanguage\":\"fr-FR\",\"@id\":\"https:\\\/\\\/lasentinelle.dz\\\/index.php\\\/2021\\\/08\\\/05\\\/cinema-the-suicide-squad-veut-redorer-limage-des-super-mechants-et-de-son-realisateur\\\/#primaryimage\",\"url\":\"https:\\\/\\\/lasentinelle.dz\\\/wp-content\\\/uploads\\\/2021\\\/08\\\/suicide.png\",\"contentUrl\":\"https:\\\/\\\/lasentinelle.dz\\\/wp-content\\\/uploads\\\/2021\\\/08\\\/suicide.png\",\"width\":1600,\"height\":900},{\"@type\":\"BreadcrumbList\",\"@id\":\"https:\\\/\\\/lasentinelle.dz\\\/index.php\\\/2021\\\/08\\\/05\\\/cinema-the-suicide-squad-veut-redorer-limage-des-super-mechants-et-de-son-realisateur\\\/#breadcrumb\",\"itemListElement\":[{\"@type\":\"ListItem\",\"position\":1,\"name\":\"Accueil\",\"item\":\"https:\\\/\\\/lasentinelle.dz\\\/\"},{\"@type\":\"ListItem\",\"position\":2,\"name\":\"Cin\u00e9ma : \u00ab\u00a0The Suicide Squad\u00a0\u00bb veut redorer l&rsquo;image des super m\u00e9chants &#8212; et de son r\u00e9alisateur\"}]},{\"@type\":\"WebSite\",\"@id\":\"https:\\\/\\\/lasentinelle.dz\\\/#website\",\"url\":\"https:\\\/\\\/lasentinelle.dz\\\/\",\"name\":\"La Sentinelle\",\"description\":\"Quotidien national d&#039;information\",\"publisher\":{\"@id\":\"https:\\\/\\\/lasentinelle.dz\\\/#organization\"},\"potentialAction\":[{\"@type\":\"SearchAction\",\"target\":{\"@type\":\"EntryPoint\",\"urlTemplate\":\"https:\\\/\\\/lasentinelle.dz\\\/?s={search_term_string}\"},\"query-input\":{\"@type\":\"PropertyValueSpecification\",\"valueRequired\":true,\"valueName\":\"search_term_string\"}}],\"inLanguage\":\"fr-FR\"},{\"@type\":\"Organization\",\"@id\":\"https:\\\/\\\/lasentinelle.dz\\\/#organization\",\"name\":\"Quotidien La Sentinelle\",\"url\":\"https:\\\/\\\/lasentinelle.dz\\\/\",\"logo\":{\"@type\":\"ImageObject\",\"inLanguage\":\"fr-FR\",\"@id\":\"https:\\\/\\\/lasentinelle.dz\\\/#\\\/schema\\\/logo\\\/image\\\/\",\"url\":\"https:\\\/\\\/lasentinelle.dz\\\/wp-content\\\/uploads\\\/2021\\\/09\\\/logo-sentinelleSLOGAN-1.png\",\"contentUrl\":\"https:\\\/\\\/lasentinelle.dz\\\/wp-content\\\/uploads\\\/2021\\\/09\\\/logo-sentinelleSLOGAN-1.png\",\"width\":615,\"height\":142,\"caption\":\"Quotidien La Sentinelle\"},\"image\":{\"@id\":\"https:\\\/\\\/lasentinelle.dz\\\/#\\\/schema\\\/logo\\\/image\\\/\"},\"sameAs\":[\"https:\\\/\\\/www.facebook.com\\\/La-Sentinelle-104059864394773\"]},{\"@type\":\"Person\",\"@id\":\"https:\\\/\\\/lasentinelle.dz\\\/#\\\/schema\\\/person\\\/d865044e22e70a75174ce8bcad3acfb3\",\"name\":\"La Sentinelle\",\"image\":{\"@type\":\"ImageObject\",\"inLanguage\":\"fr-FR\",\"@id\":\"https:\\\/\\\/secure.gravatar.com\\\/avatar\\\/57de8e5d4b15d43fb361a71fbb36338450fe67865b528a43dd10ef7c51a20392?s=96&d=mm&r=g\",\"url\":\"https:\\\/\\\/secure.gravatar.com\\\/avatar\\\/57de8e5d4b15d43fb361a71fbb36338450fe67865b528a43dd10ef7c51a20392?s=96&d=mm&r=g\",\"contentUrl\":\"https:\\\/\\\/secure.gravatar.com\\\/avatar\\\/57de8e5d4b15d43fb361a71fbb36338450fe67865b528a43dd10ef7c51a20392?s=96&d=mm&r=g\",\"caption\":\"La Sentinelle\"},\"sameAs\":[\"http:\\\/\\\/www.lasentinelle.dz\"],\"url\":\"https:\\\/\\\/lasentinelle.dz\\\/author\\\/redaction\\\/\"}]}<\/script>\n<!-- \/ Yoast SEO plugin. -->","yoast_head_json":{"title":"Cin\u00e9ma : \"The Suicide Squad\" veut redorer l'image des super m\u00e9chants - et de son r\u00e9alisateur - La Sentinelle","robots":{"index":"index","follow":"follow","max-snippet":"max-snippet:-1","max-image-preview":"max-image-preview:large","max-video-preview":"max-video-preview:-1"},"canonical":"https:\/\/lasentinelle.dz\/index.php\/2021\/08\/05\/cinema-the-suicide-squad-veut-redorer-limage-des-super-mechants-et-de-son-realisateur\/","og_locale":"fr_FR","og_type":"article","og_title":"Cin\u00e9ma : \"The Suicide Squad\" veut redorer l'image des super m\u00e9chants - et de son r\u00e9alisateur - La Sentinelle","og_description":"Quand James Gunn s&rsquo;est vu proposer la r\u00e9alisation du prochain film de super-h\u00e9ros de DC Comics, il ne s&rsquo;est pas","og_url":"https:\/\/lasentinelle.dz\/index.php\/2021\/08\/05\/cinema-the-suicide-squad-veut-redorer-limage-des-super-mechants-et-de-son-realisateur\/","og_site_name":"La Sentinelle","article_publisher":"https:\/\/www.facebook.com\/La-Sentinelle-104059864394773","article_published_time":"2021-08-04T23:01:00+00:00","og_image":[{"width":1600,"height":900,"url":"https:\/\/lasentinelle.dz\/wp-content\/uploads\/2021\/08\/suicide.png","type":"image\/png"}],"author":"La Sentinelle","twitter_card":"summary_large_image","twitter_misc":{"\u00c9crit par":"La Sentinelle","Dur\u00e9e de lecture estim\u00e9e":"3 minutes"},"schema":{"@context":"https:\/\/schema.org","@graph":[{"@type":"Article","@id":"https:\/\/lasentinelle.dz\/index.php\/2021\/08\/05\/cinema-the-suicide-squad-veut-redorer-limage-des-super-mechants-et-de-son-realisateur\/#article","isPartOf":{"@id":"https:\/\/lasentinelle.dz\/index.php\/2021\/08\/05\/cinema-the-suicide-squad-veut-redorer-limage-des-super-mechants-et-de-son-realisateur\/"},"author":{"name":"La Sentinelle","@id":"https:\/\/lasentinelle.dz\/#\/schema\/person\/d865044e22e70a75174ce8bcad3acfb3"},"headline":"Cin\u00e9ma : \u00ab\u00a0The Suicide Squad\u00a0\u00bb veut redorer l&rsquo;image des super m\u00e9chants &#8212; et de son r\u00e9alisateur","datePublished":"2021-08-04T23:01:00+00:00","mainEntityOfPage":{"@id":"https:\/\/lasentinelle.dz\/index.php\/2021\/08\/05\/cinema-the-suicide-squad-veut-redorer-limage-des-super-mechants-et-de-son-realisateur\/"},"wordCount":793,"commentCount":0,"publisher":{"@id":"https:\/\/lasentinelle.dz\/#organization"},"image":{"@id":"https:\/\/lasentinelle.dz\/index.php\/2021\/08\/05\/cinema-the-suicide-squad-veut-redorer-limage-des-super-mechants-et-de-son-realisateur\/#primaryimage"},"thumbnailUrl":"https:\/\/lasentinelle.dz\/wp-content\/uploads\/2021\/08\/suicide.png","articleSection":["Culture"],"inLanguage":"fr-FR","potentialAction":[{"@type":"CommentAction","name":"Comment","target":["https:\/\/lasentinelle.dz\/index.php\/2021\/08\/05\/cinema-the-suicide-squad-veut-redorer-limage-des-super-mechants-et-de-son-realisateur\/#respond"]}]},{"@type":"WebPage","@id":"https:\/\/lasentinelle.dz\/index.php\/2021\/08\/05\/cinema-the-suicide-squad-veut-redorer-limage-des-super-mechants-et-de-son-realisateur\/","url":"https:\/\/lasentinelle.dz\/index.php\/2021\/08\/05\/cinema-the-suicide-squad-veut-redorer-limage-des-super-mechants-et-de-son-realisateur\/","name":"Cin\u00e9ma : \"The Suicide Squad\" veut redorer l'image des super m\u00e9chants - et de son r\u00e9alisateur - La Sentinelle","isPartOf":{"@id":"https:\/\/lasentinelle.dz\/#website"},"primaryImageOfPage":{"@id":"https:\/\/lasentinelle.dz\/index.php\/2021\/08\/05\/cinema-the-suicide-squad-veut-redorer-limage-des-super-mechants-et-de-son-realisateur\/#primaryimage"},"image":{"@id":"https:\/\/lasentinelle.dz\/index.php\/2021\/08\/05\/cinema-the-suicide-squad-veut-redorer-limage-des-super-mechants-et-de-son-realisateur\/#primaryimage"},"thumbnailUrl":"https:\/\/lasentinelle.dz\/wp-content\/uploads\/2021\/08\/suicide.png","datePublished":"2021-08-04T23:01:00+00:00","breadcrumb":{"@id":"https:\/\/lasentinelle.dz\/index.php\/2021\/08\/05\/cinema-the-suicide-squad-veut-redorer-limage-des-super-mechants-et-de-son-realisateur\/#breadcrumb"},"inLanguage":"fr-FR","potentialAction":[{"@type":"ReadAction","target":["https:\/\/lasentinelle.dz\/index.php\/2021\/08\/05\/cinema-the-suicide-squad-veut-redorer-limage-des-super-mechants-et-de-son-realisateur\/"]}]},{"@type":"ImageObject","inLanguage":"fr-FR","@id":"https:\/\/lasentinelle.dz\/index.php\/2021\/08\/05\/cinema-the-suicide-squad-veut-redorer-limage-des-super-mechants-et-de-son-realisateur\/#primaryimage","url":"https:\/\/lasentinelle.dz\/wp-content\/uploads\/2021\/08\/suicide.png","contentUrl":"https:\/\/lasentinelle.dz\/wp-content\/uploads\/2021\/08\/suicide.png","width":1600,"height":900},{"@type":"BreadcrumbList","@id":"https:\/\/lasentinelle.dz\/index.php\/2021\/08\/05\/cinema-the-suicide-squad-veut-redorer-limage-des-super-mechants-et-de-son-realisateur\/#breadcrumb","itemListElement":[{"@type":"ListItem","position":1,"name":"Accueil","item":"https:\/\/lasentinelle.dz\/"},{"@type":"ListItem","position":2,"name":"Cin\u00e9ma : \u00ab\u00a0The Suicide Squad\u00a0\u00bb veut redorer l&rsquo;image des super m\u00e9chants &#8212; et de son r\u00e9alisateur"}]},{"@type":"WebSite","@id":"https:\/\/lasentinelle.dz\/#website","url":"https:\/\/lasentinelle.dz\/","name":"La Sentinelle","description":"Quotidien national d&#039;information","publisher":{"@id":"https:\/\/lasentinelle.dz\/#organization"},"potentialAction":[{"@type":"SearchAction","target":{"@type":"EntryPoint","urlTemplate":"https:\/\/lasentinelle.dz\/?s={search_term_string}"},"query-input":{"@type":"PropertyValueSpecification","valueRequired":true,"valueName":"search_term_string"}}],"inLanguage":"fr-FR"},{"@type":"Organization","@id":"https:\/\/lasentinelle.dz\/#organization","name":"Quotidien La Sentinelle","url":"https:\/\/lasentinelle.dz\/","logo":{"@type":"ImageObject","inLanguage":"fr-FR","@id":"https:\/\/lasentinelle.dz\/#\/schema\/logo\/image\/","url":"https:\/\/lasentinelle.dz\/wp-content\/uploads\/2021\/09\/logo-sentinelleSLOGAN-1.png","contentUrl":"https:\/\/lasentinelle.dz\/wp-content\/uploads\/2021\/09\/logo-sentinelleSLOGAN-1.png","width":615,"height":142,"caption":"Quotidien La Sentinelle"},"image":{"@id":"https:\/\/lasentinelle.dz\/#\/schema\/logo\/image\/"},"sameAs":["https:\/\/www.facebook.com\/La-Sentinelle-104059864394773"]},{"@type":"Person","@id":"https:\/\/lasentinelle.dz\/#\/schema\/person\/d865044e22e70a75174ce8bcad3acfb3","name":"La Sentinelle","image":{"@type":"ImageObject","inLanguage":"fr-FR","@id":"https:\/\/secure.gravatar.com\/avatar\/57de8e5d4b15d43fb361a71fbb36338450fe67865b528a43dd10ef7c51a20392?s=96&d=mm&r=g","url":"https:\/\/secure.gravatar.com\/avatar\/57de8e5d4b15d43fb361a71fbb36338450fe67865b528a43dd10ef7c51a20392?s=96&d=mm&r=g","contentUrl":"https:\/\/secure.gravatar.com\/avatar\/57de8e5d4b15d43fb361a71fbb36338450fe67865b528a43dd10ef7c51a20392?s=96&d=mm&r=g","caption":"La Sentinelle"},"sameAs":["http:\/\/www.lasentinelle.dz"],"url":"https:\/\/lasentinelle.dz\/author\/redaction\/"}]}},"_links":{"self":[{"href":"https:\/\/lasentinelle.dz\/index.php\/wp-json\/wp\/v2\/posts\/3522","targetHints":{"allow":["GET"]}}],"collection":[{"href":"https:\/\/lasentinelle.dz\/index.php\/wp-json\/wp\/v2\/posts"}],"about":[{"href":"https:\/\/lasentinelle.dz\/index.php\/wp-json\/wp\/v2\/types\/post"}],"author":[{"embeddable":true,"href":"https:\/\/lasentinelle.dz\/index.php\/wp-json\/wp\/v2\/users\/3"}],"replies":[{"embeddable":true,"href":"https:\/\/lasentinelle.dz\/index.php\/wp-json\/wp\/v2\/comments?post=3522"}],"version-history":[{"count":1,"href":"https:\/\/lasentinelle.dz\/index.php\/wp-json\/wp\/v2\/posts\/3522\/revisions"}],"predecessor-version":[{"id":3542,"href":"https:\/\/lasentinelle.dz\/index.php\/wp-json\/wp\/v2\/posts\/3522\/revisions\/3542"}],"wp:featuredmedia":[{"embeddable":true,"href":"https:\/\/lasentinelle.dz\/index.php\/wp-json\/wp\/v2\/media\/3537"}],"wp:attachment":[{"href":"https:\/\/lasentinelle.dz\/index.php\/wp-json\/wp\/v2\/media?parent=3522"}],"wp:term":[{"taxonomy":"category","embeddable":true,"href":"https:\/\/lasentinelle.dz\/index.php\/wp-json\/wp\/v2\/categories?post=3522"},{"taxonomy":"post_tag","embeddable":true,"href":"https:\/\/lasentinelle.dz\/index.php\/wp-json\/wp\/v2\/tags?post=3522"}],"curies":[{"name":"wp","href":"https:\/\/api.w.org\/{rel}","templated":true}]}}