{"id":35323,"date":"2023-01-31T22:05:00","date_gmt":"2023-01-31T21:05:00","guid":{"rendered":"https:\/\/lasentinelle.dz\/?p=35323"},"modified":"2023-01-31T19:28:25","modified_gmt":"2023-01-31T18:28:25","slug":"projet-de-loi-sur-la-lutte-contre-la-traite-des-etres-humains-des-mesures-pour-renforcer-la-protection-des-femmes-et-des-enfants","status":"publish","type":"post","link":"https:\/\/lasentinelle.dz\/index.php\/2023\/01\/31\/projet-de-loi-sur-la-lutte-contre-la-traite-des-etres-humains-des-mesures-pour-renforcer-la-protection-des-femmes-et-des-enfants\/","title":{"rendered":"Projet de loi sur la lutte contre la traite des \u00eatres humains\u00a0: Des mesures pour renforcer la protection des femmes et des enfants"},"content":{"rendered":"\n<p>Le ministre de la Justice, Garde des sceaux, Abderrachid Tabi a pr\u00e9sent\u00e9, hier \u00e0 Alger, le projet de loi relatif \u00e0 la pr\u00e9vention et \u00e0 la lutte contre la traite des \u00eatres humains, devant la Commission des Affaires juridiques, administratives et des libert\u00e9s de l&rsquo;Assembl\u00e9e populaire nationale (APN).\u00a0\u00bbL&rsquo;\u00e9laboration de ce projet de loi a pour objectif la lutte contre ce ph\u00e9nom\u00e8ne \u00e9tranger \u00e0 notre soci\u00e9t\u00e9, au vu de ses r\u00e9percussions n\u00e9fastes notamment sur les femmes et les enfants\u00a0\u00bb, a pr\u00e9cis\u00e9 M. Tabi, pr\u00e9cisant que ce \u00ab\u00a0crime transfrontalier en appelle \u00e0 la mise en place d&rsquo;une l\u00e9gislation sp\u00e9cifique\u00a0\u00bb, d&rsquo;o\u00f9 l&rsquo;importance de ce projet de loi qui tend \u00e0 \u00ab\u00a0permettre \u00e0 notre pays de s&rsquo;adapter aux engagements internationaux\u00a0\u00bb.Le projet de loi souligne que l&rsquo;Etat est tenu d&rsquo;assurer la protection des victimes de la traite des \u00eatre humains et de renforcer la coop\u00e9ration institutionnelle et internationale dans en mati\u00e8re de pr\u00e9vention contre ce crime, outre l&rsquo;implication des Collectivit\u00e9s locales et des institutions publiques dans la pr\u00e9vention contre ce ph\u00e9nom\u00e8ne \u00e0 travers l&rsquo;\u00e9laboration d&rsquo;une strat\u00e9gie nationale en y associant la soci\u00e9t\u00e9 civile.Il met l&rsquo;accent aussi, ajoute le ministre de la Justice, sur les missions de la Commission nationale de pr\u00e9vention contre la traite des \u00eatres humains cr\u00e9\u00e9e en 2016, laquelle est charg\u00e9e de l&rsquo;\u00e9laboration du projet de strat\u00e9gie nationale et de l&rsquo;adoption de m\u00e9canismes de vigilance permettant de d\u00e9voiler \u00e0 l&rsquo;avance les diff\u00e9rentes formes de ce crime.Comme la majorit\u00e9 des victimes de la traite des \u00eatres humains sont des femmes et des enfants vuln\u00e9rables, le projet de loi pr\u00e9voit une batterie de mesures pour les accompagner et les accueillir dans des \u00e9tablissements d\u00e9di\u00e9s \u00e0 cet effet.Le projet de loi propose \u00e9galement des mesures qui facilitent le rapatriement des victimes alg\u00e9riennes, et des victimes \u00e9trang\u00e8res vers leurs pays d&rsquo;origine, en leur facilitant l&rsquo;acc\u00e8s \u00e0 la Justice, et en cr\u00e9ant un fonds pour leur prise en charge.Le projet fait obligation aux fournisseurs d&rsquo;acc\u00e8s \u00e0 internet ou \u00e0 toute autre personne de fournir toute information en relation avec l&rsquo;enqu\u00eate sur les crimes de traite des \u00eatres humains, et pr\u00e9voit la possibilit\u00e9 d&rsquo;ordonner le retrait imm\u00e9diat de tout contenu autoris\u00e9s \u00e0 la consultation ou l&rsquo;interdiction d&rsquo;acc\u00e8s \u00e0 ce dernier.Le projet en question instaure la proc\u00e9dure de fuite \u00e9lectronique comme proc\u00e9dure d&rsquo;investigation et d&rsquo;enqu\u00eate, \u00e0 travers laquelle les officiers de la police judiciaire peuvent, sur d\u00e9cision judiciaire, acc\u00e9der aux syst\u00e8mes informatiques ou tout autre syst\u00e8me \u00e9lectronique visant \u00e0 contr\u00f4ler les suspects.Il autorise, en outre, la perquisition \u00e0 toute heure de la journ\u00e9e, tout comme il conf\u00e8re aux associations et aux instances activant en mati\u00e8re de protection des droits de l&rsquo;homme le droit de d\u00e9poser une plainte aupr\u00e8s de la justice et de se constituer partie civile.Ledit projet pr\u00e9voit pour ce ph\u00e9nom\u00e8ne des sanctions allant jusqu&rsquo;\u00e0 la perp\u00e9tuit\u00e9 si la victime subit des actes de torture, une violence sexuelle ou une invalidit\u00e9. La peine est \u00e9galement durcie en cas de crime commis dans le cadre d&rsquo;un groupe organis\u00e9 ou lorsqu&rsquo;il s&rsquo;agit d&rsquo;un crime transfrontalier.Le nouveau texte criminalise la divulgation d&rsquo;informations permettant d&rsquo;identifier la victime, les t\u00e9moins ou les d\u00e9nonciateurs, de m\u00eame que toutes les formes de menace et de repr\u00e9sailles ciblant ces derniers ou les experts. Apr\u00e8s avoir purg\u00e9 leurs peines, les criminels sont soumis au contr\u00f4le \u00e9lectronique et interdits de r\u00e9sider en Alg\u00e9rie pour une dur\u00e9e allant jusqu&rsquo;\u00e0 10 ans.Le projet renferme des dispositions relatives \u00e0 la coop\u00e9ration internationale, notamment dans le cadre des mesures judiciaires, l&rsquo;extradition des criminels et la r\u00e9cup\u00e9ration des revenus criminels, en stipulant le respect du principe de \u00ab\u00a0r\u00e9ciprocit\u00e9\u00a0\u00bb, \u00e0 l&rsquo;exception des demandes de coop\u00e9ration judiciaire susceptibles de porter atteinte \u00e0 la souverainet\u00e9 nationale ou \u00e0 l&rsquo;ordre public.<\/p>\n\n\n\n<p>APS<\/p>\n","protected":false},"excerpt":{"rendered":"<p>Le ministre de la Justice, Garde des sceaux, Abderrachid Tabi a pr\u00e9sent\u00e9, hier \u00e0 Alger, le projet de loi relatif<\/p>\n","protected":false},"author":3,"featured_media":15429,"comment_status":"open","ping_status":"closed","sticky":false,"template":"","format":"standard","meta":{"colormag_page_container_layout":"default_layout","colormag_page_sidebar_layout":"default_layout","om_disable_all_campaigns":false,"_monsterinsights_skip_tracking":false,"_monsterinsights_sitenote_active":false,"_monsterinsights_sitenote_note":"","_monsterinsights_sitenote_category":0,"footnotes":"","_wpscppro_dont_share_socialmedia":false,"_wpscppro_custom_social_share_image":0,"_facebook_share_type":"","_twitter_share_type":"","_linkedin_share_type":"","_pinterest_share_type":"","_linkedin_share_type_page":"","_instagram_share_type":"","_medium_share_type":"","_threads_share_type":"","_google_business_share_type":"","_selected_social_profile":[],"_wpsp_enable_custom_social_template":false,"_wpsp_social_scheduling":{"enabled":false,"datetime":null,"platforms":[],"status":"template_only","dateOption":"today","timeOption":"now","customDays":"","customHours":"","customDate":"","customTime":"","schedulingType":"absolute"},"_wpsp_active_default_template":true},"categories":[27],"tags":[],"class_list":["post-35323","post","type-post","status-publish","format-standard","has-post-thumbnail","hentry","category-actualite"],"aioseo_notices":[],"yoast_head":"<!-- This site is optimized with the Yoast SEO plugin v27.4 - https:\/\/yoast.com\/product\/yoast-seo-wordpress\/ -->\n<title>Projet de loi sur la lutte contre la traite des \u00eatres humains\u00a0: Des mesures pour renforcer la protection des femmes et des enfants - La Sentinelle<\/title>\n<meta name=\"robots\" content=\"index, follow, max-snippet:-1, max-image-preview:large, max-video-preview:-1\" \/>\n<link rel=\"canonical\" href=\"https:\/\/lasentinelle.dz\/index.php\/2023\/01\/31\/projet-de-loi-sur-la-lutte-contre-la-traite-des-etres-humains-des-mesures-pour-renforcer-la-protection-des-femmes-et-des-enfants\/\" \/>\n<meta property=\"og:locale\" content=\"fr_FR\" \/>\n<meta property=\"og:type\" content=\"article\" \/>\n<meta property=\"og:title\" content=\"Projet de loi sur la lutte contre la traite des \u00eatres humains\u00a0: Des mesures pour renforcer la protection des femmes et des enfants - La Sentinelle\" \/>\n<meta property=\"og:description\" content=\"Le ministre de la Justice, Garde des sceaux, Abderrachid Tabi a pr\u00e9sent\u00e9, hier \u00e0 Alger, le projet de loi relatif\" \/>\n<meta property=\"og:url\" content=\"https:\/\/lasentinelle.dz\/index.php\/2023\/01\/31\/projet-de-loi-sur-la-lutte-contre-la-traite-des-etres-humains-des-mesures-pour-renforcer-la-protection-des-femmes-et-des-enfants\/\" \/>\n<meta property=\"og:site_name\" content=\"La Sentinelle\" \/>\n<meta property=\"article:publisher\" content=\"https:\/\/www.facebook.com\/La-Sentinelle-104059864394773\" \/>\n<meta property=\"article:published_time\" content=\"2023-01-31T21:05:00+00:00\" \/>\n<meta property=\"og:image\" content=\"https:\/\/lasentinelle.dz\/wp-content\/uploads\/2021\/12\/rachid-tabi.png\" \/>\n\t<meta property=\"og:image:width\" content=\"1427\" \/>\n\t<meta property=\"og:image:height\" content=\"900\" \/>\n\t<meta property=\"og:image:type\" content=\"image\/png\" \/>\n<meta name=\"author\" content=\"La Sentinelle\" \/>\n<meta name=\"twitter:card\" content=\"summary_large_image\" \/>\n<meta name=\"twitter:label1\" content=\"\u00c9crit par\" \/>\n\t<meta name=\"twitter:data1\" content=\"La Sentinelle\" \/>\n\t<meta name=\"twitter:label2\" content=\"Dur\u00e9e de lecture estim\u00e9e\" \/>\n\t<meta name=\"twitter:data2\" content=\"4 minutes\" \/>\n<script type=\"application\/ld+json\" class=\"yoast-schema-graph\">{\"@context\":\"https:\\\/\\\/schema.org\",\"@graph\":[{\"@type\":\"Article\",\"@id\":\"https:\\\/\\\/lasentinelle.dz\\\/index.php\\\/2023\\\/01\\\/31\\\/projet-de-loi-sur-la-lutte-contre-la-traite-des-etres-humains-des-mesures-pour-renforcer-la-protection-des-femmes-et-des-enfants\\\/#article\",\"isPartOf\":{\"@id\":\"https:\\\/\\\/lasentinelle.dz\\\/index.php\\\/2023\\\/01\\\/31\\\/projet-de-loi-sur-la-lutte-contre-la-traite-des-etres-humains-des-mesures-pour-renforcer-la-protection-des-femmes-et-des-enfants\\\/\"},\"author\":{\"name\":\"La Sentinelle\",\"@id\":\"https:\\\/\\\/lasentinelle.dz\\\/#\\\/schema\\\/person\\\/d865044e22e70a75174ce8bcad3acfb3\"},\"headline\":\"Projet de loi sur la lutte contre la traite des \u00eatres humains\u00a0: Des mesures pour renforcer la protection des femmes et des enfants\",\"datePublished\":\"2023-01-31T21:05:00+00:00\",\"mainEntityOfPage\":{\"@id\":\"https:\\\/\\\/lasentinelle.dz\\\/index.php\\\/2023\\\/01\\\/31\\\/projet-de-loi-sur-la-lutte-contre-la-traite-des-etres-humains-des-mesures-pour-renforcer-la-protection-des-femmes-et-des-enfants\\\/\"},\"wordCount\":722,\"commentCount\":0,\"publisher\":{\"@id\":\"https:\\\/\\\/lasentinelle.dz\\\/#organization\"},\"image\":{\"@id\":\"https:\\\/\\\/lasentinelle.dz\\\/index.php\\\/2023\\\/01\\\/31\\\/projet-de-loi-sur-la-lutte-contre-la-traite-des-etres-humains-des-mesures-pour-renforcer-la-protection-des-femmes-et-des-enfants\\\/#primaryimage\"},\"thumbnailUrl\":\"https:\\\/\\\/lasentinelle.dz\\\/wp-content\\\/uploads\\\/2021\\\/12\\\/rachid-tabi.png\",\"articleSection\":[\"Actualit\u00e9\"],\"inLanguage\":\"fr-FR\",\"potentialAction\":[{\"@type\":\"CommentAction\",\"name\":\"Comment\",\"target\":[\"https:\\\/\\\/lasentinelle.dz\\\/index.php\\\/2023\\\/01\\\/31\\\/projet-de-loi-sur-la-lutte-contre-la-traite-des-etres-humains-des-mesures-pour-renforcer-la-protection-des-femmes-et-des-enfants\\\/#respond\"]}]},{\"@type\":\"WebPage\",\"@id\":\"https:\\\/\\\/lasentinelle.dz\\\/index.php\\\/2023\\\/01\\\/31\\\/projet-de-loi-sur-la-lutte-contre-la-traite-des-etres-humains-des-mesures-pour-renforcer-la-protection-des-femmes-et-des-enfants\\\/\",\"url\":\"https:\\\/\\\/lasentinelle.dz\\\/index.php\\\/2023\\\/01\\\/31\\\/projet-de-loi-sur-la-lutte-contre-la-traite-des-etres-humains-des-mesures-pour-renforcer-la-protection-des-femmes-et-des-enfants\\\/\",\"name\":\"Projet de loi sur la lutte contre la traite des \u00eatres humains\u00a0: Des mesures pour renforcer la protection des femmes et des enfants - La Sentinelle\",\"isPartOf\":{\"@id\":\"https:\\\/\\\/lasentinelle.dz\\\/#website\"},\"primaryImageOfPage\":{\"@id\":\"https:\\\/\\\/lasentinelle.dz\\\/index.php\\\/2023\\\/01\\\/31\\\/projet-de-loi-sur-la-lutte-contre-la-traite-des-etres-humains-des-mesures-pour-renforcer-la-protection-des-femmes-et-des-enfants\\\/#primaryimage\"},\"image\":{\"@id\":\"https:\\\/\\\/lasentinelle.dz\\\/index.php\\\/2023\\\/01\\\/31\\\/projet-de-loi-sur-la-lutte-contre-la-traite-des-etres-humains-des-mesures-pour-renforcer-la-protection-des-femmes-et-des-enfants\\\/#primaryimage\"},\"thumbnailUrl\":\"https:\\\/\\\/lasentinelle.dz\\\/wp-content\\\/uploads\\\/2021\\\/12\\\/rachid-tabi.png\",\"datePublished\":\"2023-01-31T21:05:00+00:00\",\"breadcrumb\":{\"@id\":\"https:\\\/\\\/lasentinelle.dz\\\/index.php\\\/2023\\\/01\\\/31\\\/projet-de-loi-sur-la-lutte-contre-la-traite-des-etres-humains-des-mesures-pour-renforcer-la-protection-des-femmes-et-des-enfants\\\/#breadcrumb\"},\"inLanguage\":\"fr-FR\",\"potentialAction\":[{\"@type\":\"ReadAction\",\"target\":[\"https:\\\/\\\/lasentinelle.dz\\\/index.php\\\/2023\\\/01\\\/31\\\/projet-de-loi-sur-la-lutte-contre-la-traite-des-etres-humains-des-mesures-pour-renforcer-la-protection-des-femmes-et-des-enfants\\\/\"]}]},{\"@type\":\"ImageObject\",\"inLanguage\":\"fr-FR\",\"@id\":\"https:\\\/\\\/lasentinelle.dz\\\/index.php\\\/2023\\\/01\\\/31\\\/projet-de-loi-sur-la-lutte-contre-la-traite-des-etres-humains-des-mesures-pour-renforcer-la-protection-des-femmes-et-des-enfants\\\/#primaryimage\",\"url\":\"https:\\\/\\\/lasentinelle.dz\\\/wp-content\\\/uploads\\\/2021\\\/12\\\/rachid-tabi.png\",\"contentUrl\":\"https:\\\/\\\/lasentinelle.dz\\\/wp-content\\\/uploads\\\/2021\\\/12\\\/rachid-tabi.png\",\"width\":1427,\"height\":900},{\"@type\":\"BreadcrumbList\",\"@id\":\"https:\\\/\\\/lasentinelle.dz\\\/index.php\\\/2023\\\/01\\\/31\\\/projet-de-loi-sur-la-lutte-contre-la-traite-des-etres-humains-des-mesures-pour-renforcer-la-protection-des-femmes-et-des-enfants\\\/#breadcrumb\",\"itemListElement\":[{\"@type\":\"ListItem\",\"position\":1,\"name\":\"Accueil\",\"item\":\"https:\\\/\\\/lasentinelle.dz\\\/\"},{\"@type\":\"ListItem\",\"position\":2,\"name\":\"Projet de loi sur la lutte contre la traite des \u00eatres humains\u00a0: Des mesures pour renforcer la protection des femmes et des enfants\"}]},{\"@type\":\"WebSite\",\"@id\":\"https:\\\/\\\/lasentinelle.dz\\\/#website\",\"url\":\"https:\\\/\\\/lasentinelle.dz\\\/\",\"name\":\"La Sentinelle\",\"description\":\"Quotidien national d&#039;information\",\"publisher\":{\"@id\":\"https:\\\/\\\/lasentinelle.dz\\\/#organization\"},\"potentialAction\":[{\"@type\":\"SearchAction\",\"target\":{\"@type\":\"EntryPoint\",\"urlTemplate\":\"https:\\\/\\\/lasentinelle.dz\\\/?s={search_term_string}\"},\"query-input\":{\"@type\":\"PropertyValueSpecification\",\"valueRequired\":true,\"valueName\":\"search_term_string\"}}],\"inLanguage\":\"fr-FR\"},{\"@type\":\"Organization\",\"@id\":\"https:\\\/\\\/lasentinelle.dz\\\/#organization\",\"name\":\"Quotidien La Sentinelle\",\"url\":\"https:\\\/\\\/lasentinelle.dz\\\/\",\"logo\":{\"@type\":\"ImageObject\",\"inLanguage\":\"fr-FR\",\"@id\":\"https:\\\/\\\/lasentinelle.dz\\\/#\\\/schema\\\/logo\\\/image\\\/\",\"url\":\"https:\\\/\\\/lasentinelle.dz\\\/wp-content\\\/uploads\\\/2021\\\/09\\\/logo-sentinelleSLOGAN-1.png\",\"contentUrl\":\"https:\\\/\\\/lasentinelle.dz\\\/wp-content\\\/uploads\\\/2021\\\/09\\\/logo-sentinelleSLOGAN-1.png\",\"width\":615,\"height\":142,\"caption\":\"Quotidien La Sentinelle\"},\"image\":{\"@id\":\"https:\\\/\\\/lasentinelle.dz\\\/#\\\/schema\\\/logo\\\/image\\\/\"},\"sameAs\":[\"https:\\\/\\\/www.facebook.com\\\/La-Sentinelle-104059864394773\"]},{\"@type\":\"Person\",\"@id\":\"https:\\\/\\\/lasentinelle.dz\\\/#\\\/schema\\\/person\\\/d865044e22e70a75174ce8bcad3acfb3\",\"name\":\"La Sentinelle\",\"image\":{\"@type\":\"ImageObject\",\"inLanguage\":\"fr-FR\",\"@id\":\"https:\\\/\\\/secure.gravatar.com\\\/avatar\\\/57de8e5d4b15d43fb361a71fbb36338450fe67865b528a43dd10ef7c51a20392?s=96&d=mm&r=g\",\"url\":\"https:\\\/\\\/secure.gravatar.com\\\/avatar\\\/57de8e5d4b15d43fb361a71fbb36338450fe67865b528a43dd10ef7c51a20392?s=96&d=mm&r=g\",\"contentUrl\":\"https:\\\/\\\/secure.gravatar.com\\\/avatar\\\/57de8e5d4b15d43fb361a71fbb36338450fe67865b528a43dd10ef7c51a20392?s=96&d=mm&r=g\",\"caption\":\"La Sentinelle\"},\"sameAs\":[\"http:\\\/\\\/www.lasentinelle.dz\"],\"url\":\"https:\\\/\\\/lasentinelle.dz\\\/author\\\/redaction\\\/\"}]}<\/script>\n<!-- \/ Yoast SEO plugin. -->","yoast_head_json":{"title":"Projet de loi sur la lutte contre la traite des \u00eatres humains\u00a0: Des mesures pour renforcer la protection des femmes et des enfants - La Sentinelle","robots":{"index":"index","follow":"follow","max-snippet":"max-snippet:-1","max-image-preview":"max-image-preview:large","max-video-preview":"max-video-preview:-1"},"canonical":"https:\/\/lasentinelle.dz\/index.php\/2023\/01\/31\/projet-de-loi-sur-la-lutte-contre-la-traite-des-etres-humains-des-mesures-pour-renforcer-la-protection-des-femmes-et-des-enfants\/","og_locale":"fr_FR","og_type":"article","og_title":"Projet de loi sur la lutte contre la traite des \u00eatres humains\u00a0: Des mesures pour renforcer la protection des femmes et des enfants - La Sentinelle","og_description":"Le ministre de la Justice, Garde des sceaux, Abderrachid Tabi a pr\u00e9sent\u00e9, hier \u00e0 Alger, le projet de loi relatif","og_url":"https:\/\/lasentinelle.dz\/index.php\/2023\/01\/31\/projet-de-loi-sur-la-lutte-contre-la-traite-des-etres-humains-des-mesures-pour-renforcer-la-protection-des-femmes-et-des-enfants\/","og_site_name":"La Sentinelle","article_publisher":"https:\/\/www.facebook.com\/La-Sentinelle-104059864394773","article_published_time":"2023-01-31T21:05:00+00:00","og_image":[{"width":1427,"height":900,"url":"https:\/\/lasentinelle.dz\/wp-content\/uploads\/2021\/12\/rachid-tabi.png","type":"image\/png"}],"author":"La Sentinelle","twitter_card":"summary_large_image","twitter_misc":{"\u00c9crit par":"La Sentinelle","Dur\u00e9e de lecture estim\u00e9e":"4 minutes"},"schema":{"@context":"https:\/\/schema.org","@graph":[{"@type":"Article","@id":"https:\/\/lasentinelle.dz\/index.php\/2023\/01\/31\/projet-de-loi-sur-la-lutte-contre-la-traite-des-etres-humains-des-mesures-pour-renforcer-la-protection-des-femmes-et-des-enfants\/#article","isPartOf":{"@id":"https:\/\/lasentinelle.dz\/index.php\/2023\/01\/31\/projet-de-loi-sur-la-lutte-contre-la-traite-des-etres-humains-des-mesures-pour-renforcer-la-protection-des-femmes-et-des-enfants\/"},"author":{"name":"La Sentinelle","@id":"https:\/\/lasentinelle.dz\/#\/schema\/person\/d865044e22e70a75174ce8bcad3acfb3"},"headline":"Projet de loi sur la lutte contre la traite des \u00eatres humains\u00a0: Des mesures pour renforcer la protection des femmes et des enfants","datePublished":"2023-01-31T21:05:00+00:00","mainEntityOfPage":{"@id":"https:\/\/lasentinelle.dz\/index.php\/2023\/01\/31\/projet-de-loi-sur-la-lutte-contre-la-traite-des-etres-humains-des-mesures-pour-renforcer-la-protection-des-femmes-et-des-enfants\/"},"wordCount":722,"commentCount":0,"publisher":{"@id":"https:\/\/lasentinelle.dz\/#organization"},"image":{"@id":"https:\/\/lasentinelle.dz\/index.php\/2023\/01\/31\/projet-de-loi-sur-la-lutte-contre-la-traite-des-etres-humains-des-mesures-pour-renforcer-la-protection-des-femmes-et-des-enfants\/#primaryimage"},"thumbnailUrl":"https:\/\/lasentinelle.dz\/wp-content\/uploads\/2021\/12\/rachid-tabi.png","articleSection":["Actualit\u00e9"],"inLanguage":"fr-FR","potentialAction":[{"@type":"CommentAction","name":"Comment","target":["https:\/\/lasentinelle.dz\/index.php\/2023\/01\/31\/projet-de-loi-sur-la-lutte-contre-la-traite-des-etres-humains-des-mesures-pour-renforcer-la-protection-des-femmes-et-des-enfants\/#respond"]}]},{"@type":"WebPage","@id":"https:\/\/lasentinelle.dz\/index.php\/2023\/01\/31\/projet-de-loi-sur-la-lutte-contre-la-traite-des-etres-humains-des-mesures-pour-renforcer-la-protection-des-femmes-et-des-enfants\/","url":"https:\/\/lasentinelle.dz\/index.php\/2023\/01\/31\/projet-de-loi-sur-la-lutte-contre-la-traite-des-etres-humains-des-mesures-pour-renforcer-la-protection-des-femmes-et-des-enfants\/","name":"Projet de loi sur la lutte contre la traite des \u00eatres humains\u00a0: Des mesures pour renforcer la protection des femmes et des enfants - La Sentinelle","isPartOf":{"@id":"https:\/\/lasentinelle.dz\/#website"},"primaryImageOfPage":{"@id":"https:\/\/lasentinelle.dz\/index.php\/2023\/01\/31\/projet-de-loi-sur-la-lutte-contre-la-traite-des-etres-humains-des-mesures-pour-renforcer-la-protection-des-femmes-et-des-enfants\/#primaryimage"},"image":{"@id":"https:\/\/lasentinelle.dz\/index.php\/2023\/01\/31\/projet-de-loi-sur-la-lutte-contre-la-traite-des-etres-humains-des-mesures-pour-renforcer-la-protection-des-femmes-et-des-enfants\/#primaryimage"},"thumbnailUrl":"https:\/\/lasentinelle.dz\/wp-content\/uploads\/2021\/12\/rachid-tabi.png","datePublished":"2023-01-31T21:05:00+00:00","breadcrumb":{"@id":"https:\/\/lasentinelle.dz\/index.php\/2023\/01\/31\/projet-de-loi-sur-la-lutte-contre-la-traite-des-etres-humains-des-mesures-pour-renforcer-la-protection-des-femmes-et-des-enfants\/#breadcrumb"},"inLanguage":"fr-FR","potentialAction":[{"@type":"ReadAction","target":["https:\/\/lasentinelle.dz\/index.php\/2023\/01\/31\/projet-de-loi-sur-la-lutte-contre-la-traite-des-etres-humains-des-mesures-pour-renforcer-la-protection-des-femmes-et-des-enfants\/"]}]},{"@type":"ImageObject","inLanguage":"fr-FR","@id":"https:\/\/lasentinelle.dz\/index.php\/2023\/01\/31\/projet-de-loi-sur-la-lutte-contre-la-traite-des-etres-humains-des-mesures-pour-renforcer-la-protection-des-femmes-et-des-enfants\/#primaryimage","url":"https:\/\/lasentinelle.dz\/wp-content\/uploads\/2021\/12\/rachid-tabi.png","contentUrl":"https:\/\/lasentinelle.dz\/wp-content\/uploads\/2021\/12\/rachid-tabi.png","width":1427,"height":900},{"@type":"BreadcrumbList","@id":"https:\/\/lasentinelle.dz\/index.php\/2023\/01\/31\/projet-de-loi-sur-la-lutte-contre-la-traite-des-etres-humains-des-mesures-pour-renforcer-la-protection-des-femmes-et-des-enfants\/#breadcrumb","itemListElement":[{"@type":"ListItem","position":1,"name":"Accueil","item":"https:\/\/lasentinelle.dz\/"},{"@type":"ListItem","position":2,"name":"Projet de loi sur la lutte contre la traite des \u00eatres humains\u00a0: Des mesures pour renforcer la protection des femmes et des enfants"}]},{"@type":"WebSite","@id":"https:\/\/lasentinelle.dz\/#website","url":"https:\/\/lasentinelle.dz\/","name":"La Sentinelle","description":"Quotidien national d&#039;information","publisher":{"@id":"https:\/\/lasentinelle.dz\/#organization"},"potentialAction":[{"@type":"SearchAction","target":{"@type":"EntryPoint","urlTemplate":"https:\/\/lasentinelle.dz\/?s={search_term_string}"},"query-input":{"@type":"PropertyValueSpecification","valueRequired":true,"valueName":"search_term_string"}}],"inLanguage":"fr-FR"},{"@type":"Organization","@id":"https:\/\/lasentinelle.dz\/#organization","name":"Quotidien La Sentinelle","url":"https:\/\/lasentinelle.dz\/","logo":{"@type":"ImageObject","inLanguage":"fr-FR","@id":"https:\/\/lasentinelle.dz\/#\/schema\/logo\/image\/","url":"https:\/\/lasentinelle.dz\/wp-content\/uploads\/2021\/09\/logo-sentinelleSLOGAN-1.png","contentUrl":"https:\/\/lasentinelle.dz\/wp-content\/uploads\/2021\/09\/logo-sentinelleSLOGAN-1.png","width":615,"height":142,"caption":"Quotidien La Sentinelle"},"image":{"@id":"https:\/\/lasentinelle.dz\/#\/schema\/logo\/image\/"},"sameAs":["https:\/\/www.facebook.com\/La-Sentinelle-104059864394773"]},{"@type":"Person","@id":"https:\/\/lasentinelle.dz\/#\/schema\/person\/d865044e22e70a75174ce8bcad3acfb3","name":"La Sentinelle","image":{"@type":"ImageObject","inLanguage":"fr-FR","@id":"https:\/\/secure.gravatar.com\/avatar\/57de8e5d4b15d43fb361a71fbb36338450fe67865b528a43dd10ef7c51a20392?s=96&d=mm&r=g","url":"https:\/\/secure.gravatar.com\/avatar\/57de8e5d4b15d43fb361a71fbb36338450fe67865b528a43dd10ef7c51a20392?s=96&d=mm&r=g","contentUrl":"https:\/\/secure.gravatar.com\/avatar\/57de8e5d4b15d43fb361a71fbb36338450fe67865b528a43dd10ef7c51a20392?s=96&d=mm&r=g","caption":"La Sentinelle"},"sameAs":["http:\/\/www.lasentinelle.dz"],"url":"https:\/\/lasentinelle.dz\/author\/redaction\/"}]}},"_links":{"self":[{"href":"https:\/\/lasentinelle.dz\/index.php\/wp-json\/wp\/v2\/posts\/35323","targetHints":{"allow":["GET"]}}],"collection":[{"href":"https:\/\/lasentinelle.dz\/index.php\/wp-json\/wp\/v2\/posts"}],"about":[{"href":"https:\/\/lasentinelle.dz\/index.php\/wp-json\/wp\/v2\/types\/post"}],"author":[{"embeddable":true,"href":"https:\/\/lasentinelle.dz\/index.php\/wp-json\/wp\/v2\/users\/3"}],"replies":[{"embeddable":true,"href":"https:\/\/lasentinelle.dz\/index.php\/wp-json\/wp\/v2\/comments?post=35323"}],"version-history":[{"count":1,"href":"https:\/\/lasentinelle.dz\/index.php\/wp-json\/wp\/v2\/posts\/35323\/revisions"}],"predecessor-version":[{"id":35327,"href":"https:\/\/lasentinelle.dz\/index.php\/wp-json\/wp\/v2\/posts\/35323\/revisions\/35327"}],"wp:featuredmedia":[{"embeddable":true,"href":"https:\/\/lasentinelle.dz\/index.php\/wp-json\/wp\/v2\/media\/15429"}],"wp:attachment":[{"href":"https:\/\/lasentinelle.dz\/index.php\/wp-json\/wp\/v2\/media?parent=35323"}],"wp:term":[{"taxonomy":"category","embeddable":true,"href":"https:\/\/lasentinelle.dz\/index.php\/wp-json\/wp\/v2\/categories?post=35323"},{"taxonomy":"post_tag","embeddable":true,"href":"https:\/\/lasentinelle.dz\/index.php\/wp-json\/wp\/v2\/tags?post=35323"}],"curies":[{"name":"wp","href":"https:\/\/api.w.org\/{rel}","templated":true}]}}