{"id":35334,"date":"2023-01-31T22:05:00","date_gmt":"2023-01-31T21:05:00","guid":{"rendered":"https:\/\/lasentinelle.dz\/?p=35334"},"modified":"2023-01-31T21:28:43","modified_gmt":"2023-01-31T20:28:43","slug":"marocgate-premier-feu-vert-a-la-levee-dimmunite-de-deux-eurodeputes","status":"publish","type":"post","link":"https:\/\/lasentinelle.dz\/index.php\/2023\/01\/31\/marocgate-premier-feu-vert-a-la-levee-dimmunite-de-deux-eurodeputes\/","title":{"rendered":"Marocgate : premier feu vert \u00e0 la lev\u00e9e d&rsquo;immunit\u00e9 de deux eurod\u00e9put\u00e9s"},"content":{"rendered":"\n<p>La commission des affaires juridiques du Parlement europ\u00e9en a vot\u00e9 hier \u00e0 l&rsquo;unanimit\u00e9 pour la lev\u00e9e de l&rsquo;immunit\u00e9 de deux eurod\u00e9put\u00e9s socialistes dans le cadre de l&rsquo;affaire de corruption \u00e9claboussant l&rsquo;institution continentale et dans laquelle le Maroc est impliqu\u00e9, a annonc\u00e9 la rapportrice, Manon Aubry. Les \u00e9lus concern\u00e9s sont le Belge Marc Tarabella et l&rsquo;Italien Andrea Cozzolino, dont la justice belge a demand\u00e9 d\u00e9but janvier la lev\u00e9e des immunit\u00e9s parlementaires. Ce premier feu vert devra \u00eatre confirm\u00e9 demain jeudi par un vote en session pl\u00e9ni\u00e8re, selon une porte-parole du Parlement. \u00ab La justice avance. Malheureusement, le Parlement n&rsquo;est pas aussi efficace pour adopter les r\u00e9formes contre la corruption \u00bb, a tweet\u00e9 l&rsquo;eurod\u00e9put\u00e9e fran\u00e7aise Manon Aubry (LFI-NUPES), autrice des rapports en faveur de la lev\u00e9e d&rsquo;immunit\u00e9 des deux \u00e9lus. Dans cette retentissante affaire de corruption qui \u00e9branle le Parlement europ\u00e9en, quatre personnes ont d\u00e9j\u00e0 \u00e9t\u00e9 \u00e9crou\u00e9es. Il s\u2019agit de l&rsquo;ex-eurod\u00e9put\u00e9 socialiste italien Pier Antonio Panzeri, l&rsquo;\u00e9lue socialiste grecque Eva Kaili, le compagnon de cette derni\u00e8re, l&rsquo;assistant parlementaire italien Francesco Giorgi, ainsi que l&rsquo;Italien Niccolo Figa-Talamanca, responsable d&rsquo;ONG. Ils ont \u00e9t\u00e9 inculp\u00e9s d'\u00a0\u00bbappartenance \u00e0 une organisation criminelle\u00a0\u00bb, \u00ab\u00a0blanchiment d&rsquo;argent\u00a0\u00bb et \u00ab\u00a0corruption\u00a0\u00bb. Francesco Giorgi aurait expliqu\u00e9 aux juges que l&rsquo;eurod\u00e9put\u00e9 Andrea Cozzolino \u00e9tait impliqu\u00e9 dans cette affaire et a eu des contacts avec l&rsquo;ambassadeur du Maroc \u00e0 Varsovie, Abderrahim Atmoun, gr\u00e2ce \u00e0 Panzeri, qui \u00e9tait le pr\u00e9sident de la commission Maghreb et qui avait ensuite pass\u00e9 le relais \u00e0 Cozzolino. Accul\u00e9, Andrea Cozzolino vient de d\u00e9missionner de la commission parlementaire sp\u00e9ciale sur le programme Pegasus (logiciel espion utilis\u00e9 notamment par le Maroc) et de la commission parlementaire mixte Maroc-Union europ\u00e9enne. Au total, les enqu\u00eateurs belges ont mis la main sur 1,5 million d&rsquo;euros en liquide, saisis aux domiciles de Panzeri et Kaili, ainsi que dans une valise transport\u00e9e par le p\u00e8re de celle-ci.<\/p>\n\n\n\n<p><strong>K.L.<\/strong><\/p>\n","protected":false},"excerpt":{"rendered":"<p>La commission des affaires juridiques du Parlement europ\u00e9en a vot\u00e9 hier \u00e0 l&rsquo;unanimit\u00e9 pour la lev\u00e9e de l&rsquo;immunit\u00e9 de deux<\/p>\n","protected":false},"author":3,"featured_media":35345,"comment_status":"open","ping_status":"closed","sticky":false,"template":"","format":"standard","meta":{"colormag_page_container_layout":"default_layout","colormag_page_sidebar_layout":"default_layout","om_disable_all_campaigns":false,"_monsterinsights_skip_tracking":false,"_monsterinsights_sitenote_active":false,"_monsterinsights_sitenote_note":"","_monsterinsights_sitenote_category":0,"footnotes":"","_wpscppro_dont_share_socialmedia":false,"_wpscppro_custom_social_share_image":0,"_facebook_share_type":"","_twitter_share_type":"","_linkedin_share_type":"","_pinterest_share_type":"","_linkedin_share_type_page":"","_instagram_share_type":"","_medium_share_type":"","_threads_share_type":"","_google_business_share_type":"","_selected_social_profile":[],"_wpsp_enable_custom_social_template":false,"_wpsp_social_scheduling":{"enabled":false,"datetime":null,"platforms":[],"status":"template_only","dateOption":"today","timeOption":"now","customDays":"","customHours":"","customDate":"","customTime":"","schedulingType":"absolute"},"_wpsp_active_default_template":true},"categories":[27],"tags":[],"class_list":["post-35334","post","type-post","status-publish","format-standard","has-post-thumbnail","hentry","category-actualite"],"aioseo_notices":[],"yoast_head":"<!-- This site is optimized with the Yoast SEO plugin v27.5 - https:\/\/yoast.com\/product\/yoast-seo-wordpress\/ -->\n<title>Marocgate : premier feu vert \u00e0 la lev\u00e9e d&rsquo;immunit\u00e9 de deux eurod\u00e9put\u00e9s - La Sentinelle<\/title>\n<meta name=\"robots\" content=\"index, follow, max-snippet:-1, max-image-preview:large, max-video-preview:-1\" \/>\n<link rel=\"canonical\" href=\"https:\/\/lasentinelle.dz\/index.php\/2023\/01\/31\/marocgate-premier-feu-vert-a-la-levee-dimmunite-de-deux-eurodeputes\/\" \/>\n<meta property=\"og:locale\" content=\"fr_FR\" \/>\n<meta property=\"og:type\" content=\"article\" \/>\n<meta property=\"og:title\" content=\"Marocgate : premier feu vert \u00e0 la lev\u00e9e d&rsquo;immunit\u00e9 de deux eurod\u00e9put\u00e9s - La Sentinelle\" \/>\n<meta property=\"og:description\" content=\"La commission des affaires juridiques du Parlement europ\u00e9en a vot\u00e9 hier \u00e0 l&rsquo;unanimit\u00e9 pour la lev\u00e9e de l&rsquo;immunit\u00e9 de deux\" \/>\n<meta property=\"og:url\" content=\"https:\/\/lasentinelle.dz\/index.php\/2023\/01\/31\/marocgate-premier-feu-vert-a-la-levee-dimmunite-de-deux-eurodeputes\/\" \/>\n<meta property=\"og:site_name\" content=\"La Sentinelle\" \/>\n<meta property=\"article:publisher\" content=\"https:\/\/www.facebook.com\/La-Sentinelle-104059864394773\" \/>\n<meta property=\"article:published_time\" content=\"2023-01-31T21:05:00+00:00\" \/>\n<meta property=\"og:image\" content=\"https:\/\/lasentinelle.dz\/wp-content\/uploads\/2023\/01\/image_2023-01-31_212826092.png\" \/>\n\t<meta property=\"og:image:width\" content=\"745\" \/>\n\t<meta property=\"og:image:height\" content=\"430\" \/>\n\t<meta property=\"og:image:type\" content=\"image\/png\" \/>\n<meta name=\"author\" content=\"La Sentinelle\" \/>\n<meta name=\"twitter:card\" content=\"summary_large_image\" \/>\n<meta name=\"twitter:label1\" content=\"\u00c9crit par\" \/>\n\t<meta name=\"twitter:data1\" content=\"La Sentinelle\" \/>\n\t<meta name=\"twitter:label2\" content=\"Dur\u00e9e de lecture estim\u00e9e\" \/>\n\t<meta name=\"twitter:data2\" content=\"2 minutes\" \/>\n<script type=\"application\/ld+json\" class=\"yoast-schema-graph\">{\"@context\":\"https:\\\/\\\/schema.org\",\"@graph\":[{\"@type\":\"Article\",\"@id\":\"https:\\\/\\\/lasentinelle.dz\\\/index.php\\\/2023\\\/01\\\/31\\\/marocgate-premier-feu-vert-a-la-levee-dimmunite-de-deux-eurodeputes\\\/#article\",\"isPartOf\":{\"@id\":\"https:\\\/\\\/lasentinelle.dz\\\/index.php\\\/2023\\\/01\\\/31\\\/marocgate-premier-feu-vert-a-la-levee-dimmunite-de-deux-eurodeputes\\\/\"},\"author\":{\"name\":\"La Sentinelle\",\"@id\":\"https:\\\/\\\/lasentinelle.dz\\\/#\\\/schema\\\/person\\\/d865044e22e70a75174ce8bcad3acfb3\"},\"headline\":\"Marocgate : premier feu vert \u00e0 la lev\u00e9e d&rsquo;immunit\u00e9 de deux eurod\u00e9put\u00e9s\",\"datePublished\":\"2023-01-31T21:05:00+00:00\",\"mainEntityOfPage\":{\"@id\":\"https:\\\/\\\/lasentinelle.dz\\\/index.php\\\/2023\\\/01\\\/31\\\/marocgate-premier-feu-vert-a-la-levee-dimmunite-de-deux-eurodeputes\\\/\"},\"wordCount\":358,\"commentCount\":0,\"publisher\":{\"@id\":\"https:\\\/\\\/lasentinelle.dz\\\/#organization\"},\"image\":{\"@id\":\"https:\\\/\\\/lasentinelle.dz\\\/index.php\\\/2023\\\/01\\\/31\\\/marocgate-premier-feu-vert-a-la-levee-dimmunite-de-deux-eurodeputes\\\/#primaryimage\"},\"thumbnailUrl\":\"https:\\\/\\\/lasentinelle.dz\\\/wp-content\\\/uploads\\\/2023\\\/01\\\/image_2023-01-31_212826092.png\",\"articleSection\":[\"Actualit\u00e9\"],\"inLanguage\":\"fr-FR\",\"potentialAction\":[{\"@type\":\"CommentAction\",\"name\":\"Comment\",\"target\":[\"https:\\\/\\\/lasentinelle.dz\\\/index.php\\\/2023\\\/01\\\/31\\\/marocgate-premier-feu-vert-a-la-levee-dimmunite-de-deux-eurodeputes\\\/#respond\"]}]},{\"@type\":\"WebPage\",\"@id\":\"https:\\\/\\\/lasentinelle.dz\\\/index.php\\\/2023\\\/01\\\/31\\\/marocgate-premier-feu-vert-a-la-levee-dimmunite-de-deux-eurodeputes\\\/\",\"url\":\"https:\\\/\\\/lasentinelle.dz\\\/index.php\\\/2023\\\/01\\\/31\\\/marocgate-premier-feu-vert-a-la-levee-dimmunite-de-deux-eurodeputes\\\/\",\"name\":\"Marocgate : premier feu vert \u00e0 la lev\u00e9e d&rsquo;immunit\u00e9 de deux eurod\u00e9put\u00e9s - La Sentinelle\",\"isPartOf\":{\"@id\":\"https:\\\/\\\/lasentinelle.dz\\\/#website\"},\"primaryImageOfPage\":{\"@id\":\"https:\\\/\\\/lasentinelle.dz\\\/index.php\\\/2023\\\/01\\\/31\\\/marocgate-premier-feu-vert-a-la-levee-dimmunite-de-deux-eurodeputes\\\/#primaryimage\"},\"image\":{\"@id\":\"https:\\\/\\\/lasentinelle.dz\\\/index.php\\\/2023\\\/01\\\/31\\\/marocgate-premier-feu-vert-a-la-levee-dimmunite-de-deux-eurodeputes\\\/#primaryimage\"},\"thumbnailUrl\":\"https:\\\/\\\/lasentinelle.dz\\\/wp-content\\\/uploads\\\/2023\\\/01\\\/image_2023-01-31_212826092.png\",\"datePublished\":\"2023-01-31T21:05:00+00:00\",\"breadcrumb\":{\"@id\":\"https:\\\/\\\/lasentinelle.dz\\\/index.php\\\/2023\\\/01\\\/31\\\/marocgate-premier-feu-vert-a-la-levee-dimmunite-de-deux-eurodeputes\\\/#breadcrumb\"},\"inLanguage\":\"fr-FR\",\"potentialAction\":[{\"@type\":\"ReadAction\",\"target\":[\"https:\\\/\\\/lasentinelle.dz\\\/index.php\\\/2023\\\/01\\\/31\\\/marocgate-premier-feu-vert-a-la-levee-dimmunite-de-deux-eurodeputes\\\/\"]}]},{\"@type\":\"ImageObject\",\"inLanguage\":\"fr-FR\",\"@id\":\"https:\\\/\\\/lasentinelle.dz\\\/index.php\\\/2023\\\/01\\\/31\\\/marocgate-premier-feu-vert-a-la-levee-dimmunite-de-deux-eurodeputes\\\/#primaryimage\",\"url\":\"https:\\\/\\\/lasentinelle.dz\\\/wp-content\\\/uploads\\\/2023\\\/01\\\/image_2023-01-31_212826092.png\",\"contentUrl\":\"https:\\\/\\\/lasentinelle.dz\\\/wp-content\\\/uploads\\\/2023\\\/01\\\/image_2023-01-31_212826092.png\",\"width\":745,\"height\":430},{\"@type\":\"BreadcrumbList\",\"@id\":\"https:\\\/\\\/lasentinelle.dz\\\/index.php\\\/2023\\\/01\\\/31\\\/marocgate-premier-feu-vert-a-la-levee-dimmunite-de-deux-eurodeputes\\\/#breadcrumb\",\"itemListElement\":[{\"@type\":\"ListItem\",\"position\":1,\"name\":\"Accueil\",\"item\":\"https:\\\/\\\/lasentinelle.dz\\\/\"},{\"@type\":\"ListItem\",\"position\":2,\"name\":\"Marocgate : premier feu vert \u00e0 la lev\u00e9e d&rsquo;immunit\u00e9 de deux eurod\u00e9put\u00e9s\"}]},{\"@type\":\"WebSite\",\"@id\":\"https:\\\/\\\/lasentinelle.dz\\\/#website\",\"url\":\"https:\\\/\\\/lasentinelle.dz\\\/\",\"name\":\"La Sentinelle\",\"description\":\"Quotidien national d&#039;information\",\"publisher\":{\"@id\":\"https:\\\/\\\/lasentinelle.dz\\\/#organization\"},\"potentialAction\":[{\"@type\":\"SearchAction\",\"target\":{\"@type\":\"EntryPoint\",\"urlTemplate\":\"https:\\\/\\\/lasentinelle.dz\\\/?s={search_term_string}\"},\"query-input\":{\"@type\":\"PropertyValueSpecification\",\"valueRequired\":true,\"valueName\":\"search_term_string\"}}],\"inLanguage\":\"fr-FR\"},{\"@type\":\"Organization\",\"@id\":\"https:\\\/\\\/lasentinelle.dz\\\/#organization\",\"name\":\"Quotidien La Sentinelle\",\"url\":\"https:\\\/\\\/lasentinelle.dz\\\/\",\"logo\":{\"@type\":\"ImageObject\",\"inLanguage\":\"fr-FR\",\"@id\":\"https:\\\/\\\/lasentinelle.dz\\\/#\\\/schema\\\/logo\\\/image\\\/\",\"url\":\"https:\\\/\\\/lasentinelle.dz\\\/wp-content\\\/uploads\\\/2021\\\/09\\\/logo-sentinelleSLOGAN-1.png\",\"contentUrl\":\"https:\\\/\\\/lasentinelle.dz\\\/wp-content\\\/uploads\\\/2021\\\/09\\\/logo-sentinelleSLOGAN-1.png\",\"width\":615,\"height\":142,\"caption\":\"Quotidien La Sentinelle\"},\"image\":{\"@id\":\"https:\\\/\\\/lasentinelle.dz\\\/#\\\/schema\\\/logo\\\/image\\\/\"},\"sameAs\":[\"https:\\\/\\\/www.facebook.com\\\/La-Sentinelle-104059864394773\"]},{\"@type\":\"Person\",\"@id\":\"https:\\\/\\\/lasentinelle.dz\\\/#\\\/schema\\\/person\\\/d865044e22e70a75174ce8bcad3acfb3\",\"name\":\"La Sentinelle\",\"image\":{\"@type\":\"ImageObject\",\"inLanguage\":\"fr-FR\",\"@id\":\"https:\\\/\\\/secure.gravatar.com\\\/avatar\\\/57de8e5d4b15d43fb361a71fbb36338450fe67865b528a43dd10ef7c51a20392?s=96&d=mm&r=g\",\"url\":\"https:\\\/\\\/secure.gravatar.com\\\/avatar\\\/57de8e5d4b15d43fb361a71fbb36338450fe67865b528a43dd10ef7c51a20392?s=96&d=mm&r=g\",\"contentUrl\":\"https:\\\/\\\/secure.gravatar.com\\\/avatar\\\/57de8e5d4b15d43fb361a71fbb36338450fe67865b528a43dd10ef7c51a20392?s=96&d=mm&r=g\",\"caption\":\"La Sentinelle\"},\"sameAs\":[\"http:\\\/\\\/www.lasentinelle.dz\"],\"url\":\"https:\\\/\\\/lasentinelle.dz\\\/author\\\/redaction\\\/\"}]}<\/script>\n<!-- \/ Yoast SEO plugin. -->","yoast_head_json":{"title":"Marocgate : premier feu vert \u00e0 la lev\u00e9e d&rsquo;immunit\u00e9 de deux eurod\u00e9put\u00e9s - La Sentinelle","robots":{"index":"index","follow":"follow","max-snippet":"max-snippet:-1","max-image-preview":"max-image-preview:large","max-video-preview":"max-video-preview:-1"},"canonical":"https:\/\/lasentinelle.dz\/index.php\/2023\/01\/31\/marocgate-premier-feu-vert-a-la-levee-dimmunite-de-deux-eurodeputes\/","og_locale":"fr_FR","og_type":"article","og_title":"Marocgate : premier feu vert \u00e0 la lev\u00e9e d&rsquo;immunit\u00e9 de deux eurod\u00e9put\u00e9s - La Sentinelle","og_description":"La commission des affaires juridiques du Parlement europ\u00e9en a vot\u00e9 hier \u00e0 l&rsquo;unanimit\u00e9 pour la lev\u00e9e de l&rsquo;immunit\u00e9 de deux","og_url":"https:\/\/lasentinelle.dz\/index.php\/2023\/01\/31\/marocgate-premier-feu-vert-a-la-levee-dimmunite-de-deux-eurodeputes\/","og_site_name":"La Sentinelle","article_publisher":"https:\/\/www.facebook.com\/La-Sentinelle-104059864394773","article_published_time":"2023-01-31T21:05:00+00:00","og_image":[{"width":745,"height":430,"url":"https:\/\/lasentinelle.dz\/wp-content\/uploads\/2023\/01\/image_2023-01-31_212826092.png","type":"image\/png"}],"author":"La Sentinelle","twitter_card":"summary_large_image","twitter_misc":{"\u00c9crit par":"La Sentinelle","Dur\u00e9e de lecture estim\u00e9e":"2 minutes"},"schema":{"@context":"https:\/\/schema.org","@graph":[{"@type":"Article","@id":"https:\/\/lasentinelle.dz\/index.php\/2023\/01\/31\/marocgate-premier-feu-vert-a-la-levee-dimmunite-de-deux-eurodeputes\/#article","isPartOf":{"@id":"https:\/\/lasentinelle.dz\/index.php\/2023\/01\/31\/marocgate-premier-feu-vert-a-la-levee-dimmunite-de-deux-eurodeputes\/"},"author":{"name":"La Sentinelle","@id":"https:\/\/lasentinelle.dz\/#\/schema\/person\/d865044e22e70a75174ce8bcad3acfb3"},"headline":"Marocgate : premier feu vert \u00e0 la lev\u00e9e d&rsquo;immunit\u00e9 de deux eurod\u00e9put\u00e9s","datePublished":"2023-01-31T21:05:00+00:00","mainEntityOfPage":{"@id":"https:\/\/lasentinelle.dz\/index.php\/2023\/01\/31\/marocgate-premier-feu-vert-a-la-levee-dimmunite-de-deux-eurodeputes\/"},"wordCount":358,"commentCount":0,"publisher":{"@id":"https:\/\/lasentinelle.dz\/#organization"},"image":{"@id":"https:\/\/lasentinelle.dz\/index.php\/2023\/01\/31\/marocgate-premier-feu-vert-a-la-levee-dimmunite-de-deux-eurodeputes\/#primaryimage"},"thumbnailUrl":"https:\/\/lasentinelle.dz\/wp-content\/uploads\/2023\/01\/image_2023-01-31_212826092.png","articleSection":["Actualit\u00e9"],"inLanguage":"fr-FR","potentialAction":[{"@type":"CommentAction","name":"Comment","target":["https:\/\/lasentinelle.dz\/index.php\/2023\/01\/31\/marocgate-premier-feu-vert-a-la-levee-dimmunite-de-deux-eurodeputes\/#respond"]}]},{"@type":"WebPage","@id":"https:\/\/lasentinelle.dz\/index.php\/2023\/01\/31\/marocgate-premier-feu-vert-a-la-levee-dimmunite-de-deux-eurodeputes\/","url":"https:\/\/lasentinelle.dz\/index.php\/2023\/01\/31\/marocgate-premier-feu-vert-a-la-levee-dimmunite-de-deux-eurodeputes\/","name":"Marocgate : premier feu vert \u00e0 la lev\u00e9e d&rsquo;immunit\u00e9 de deux eurod\u00e9put\u00e9s - La Sentinelle","isPartOf":{"@id":"https:\/\/lasentinelle.dz\/#website"},"primaryImageOfPage":{"@id":"https:\/\/lasentinelle.dz\/index.php\/2023\/01\/31\/marocgate-premier-feu-vert-a-la-levee-dimmunite-de-deux-eurodeputes\/#primaryimage"},"image":{"@id":"https:\/\/lasentinelle.dz\/index.php\/2023\/01\/31\/marocgate-premier-feu-vert-a-la-levee-dimmunite-de-deux-eurodeputes\/#primaryimage"},"thumbnailUrl":"https:\/\/lasentinelle.dz\/wp-content\/uploads\/2023\/01\/image_2023-01-31_212826092.png","datePublished":"2023-01-31T21:05:00+00:00","breadcrumb":{"@id":"https:\/\/lasentinelle.dz\/index.php\/2023\/01\/31\/marocgate-premier-feu-vert-a-la-levee-dimmunite-de-deux-eurodeputes\/#breadcrumb"},"inLanguage":"fr-FR","potentialAction":[{"@type":"ReadAction","target":["https:\/\/lasentinelle.dz\/index.php\/2023\/01\/31\/marocgate-premier-feu-vert-a-la-levee-dimmunite-de-deux-eurodeputes\/"]}]},{"@type":"ImageObject","inLanguage":"fr-FR","@id":"https:\/\/lasentinelle.dz\/index.php\/2023\/01\/31\/marocgate-premier-feu-vert-a-la-levee-dimmunite-de-deux-eurodeputes\/#primaryimage","url":"https:\/\/lasentinelle.dz\/wp-content\/uploads\/2023\/01\/image_2023-01-31_212826092.png","contentUrl":"https:\/\/lasentinelle.dz\/wp-content\/uploads\/2023\/01\/image_2023-01-31_212826092.png","width":745,"height":430},{"@type":"BreadcrumbList","@id":"https:\/\/lasentinelle.dz\/index.php\/2023\/01\/31\/marocgate-premier-feu-vert-a-la-levee-dimmunite-de-deux-eurodeputes\/#breadcrumb","itemListElement":[{"@type":"ListItem","position":1,"name":"Accueil","item":"https:\/\/lasentinelle.dz\/"},{"@type":"ListItem","position":2,"name":"Marocgate : premier feu vert \u00e0 la lev\u00e9e d&rsquo;immunit\u00e9 de deux eurod\u00e9put\u00e9s"}]},{"@type":"WebSite","@id":"https:\/\/lasentinelle.dz\/#website","url":"https:\/\/lasentinelle.dz\/","name":"La Sentinelle","description":"Quotidien national d&#039;information","publisher":{"@id":"https:\/\/lasentinelle.dz\/#organization"},"potentialAction":[{"@type":"SearchAction","target":{"@type":"EntryPoint","urlTemplate":"https:\/\/lasentinelle.dz\/?s={search_term_string}"},"query-input":{"@type":"PropertyValueSpecification","valueRequired":true,"valueName":"search_term_string"}}],"inLanguage":"fr-FR"},{"@type":"Organization","@id":"https:\/\/lasentinelle.dz\/#organization","name":"Quotidien La Sentinelle","url":"https:\/\/lasentinelle.dz\/","logo":{"@type":"ImageObject","inLanguage":"fr-FR","@id":"https:\/\/lasentinelle.dz\/#\/schema\/logo\/image\/","url":"https:\/\/lasentinelle.dz\/wp-content\/uploads\/2021\/09\/logo-sentinelleSLOGAN-1.png","contentUrl":"https:\/\/lasentinelle.dz\/wp-content\/uploads\/2021\/09\/logo-sentinelleSLOGAN-1.png","width":615,"height":142,"caption":"Quotidien La Sentinelle"},"image":{"@id":"https:\/\/lasentinelle.dz\/#\/schema\/logo\/image\/"},"sameAs":["https:\/\/www.facebook.com\/La-Sentinelle-104059864394773"]},{"@type":"Person","@id":"https:\/\/lasentinelle.dz\/#\/schema\/person\/d865044e22e70a75174ce8bcad3acfb3","name":"La Sentinelle","image":{"@type":"ImageObject","inLanguage":"fr-FR","@id":"https:\/\/secure.gravatar.com\/avatar\/57de8e5d4b15d43fb361a71fbb36338450fe67865b528a43dd10ef7c51a20392?s=96&d=mm&r=g","url":"https:\/\/secure.gravatar.com\/avatar\/57de8e5d4b15d43fb361a71fbb36338450fe67865b528a43dd10ef7c51a20392?s=96&d=mm&r=g","contentUrl":"https:\/\/secure.gravatar.com\/avatar\/57de8e5d4b15d43fb361a71fbb36338450fe67865b528a43dd10ef7c51a20392?s=96&d=mm&r=g","caption":"La Sentinelle"},"sameAs":["http:\/\/www.lasentinelle.dz"],"url":"https:\/\/lasentinelle.dz\/author\/redaction\/"}]}},"_links":{"self":[{"href":"https:\/\/lasentinelle.dz\/index.php\/wp-json\/wp\/v2\/posts\/35334","targetHints":{"allow":["GET"]}}],"collection":[{"href":"https:\/\/lasentinelle.dz\/index.php\/wp-json\/wp\/v2\/posts"}],"about":[{"href":"https:\/\/lasentinelle.dz\/index.php\/wp-json\/wp\/v2\/types\/post"}],"author":[{"embeddable":true,"href":"https:\/\/lasentinelle.dz\/index.php\/wp-json\/wp\/v2\/users\/3"}],"replies":[{"embeddable":true,"href":"https:\/\/lasentinelle.dz\/index.php\/wp-json\/wp\/v2\/comments?post=35334"}],"version-history":[{"count":1,"href":"https:\/\/lasentinelle.dz\/index.php\/wp-json\/wp\/v2\/posts\/35334\/revisions"}],"predecessor-version":[{"id":35348,"href":"https:\/\/lasentinelle.dz\/index.php\/wp-json\/wp\/v2\/posts\/35334\/revisions\/35348"}],"wp:featuredmedia":[{"embeddable":true,"href":"https:\/\/lasentinelle.dz\/index.php\/wp-json\/wp\/v2\/media\/35345"}],"wp:attachment":[{"href":"https:\/\/lasentinelle.dz\/index.php\/wp-json\/wp\/v2\/media?parent=35334"}],"wp:term":[{"taxonomy":"category","embeddable":true,"href":"https:\/\/lasentinelle.dz\/index.php\/wp-json\/wp\/v2\/categories?post=35334"},{"taxonomy":"post_tag","embeddable":true,"href":"https:\/\/lasentinelle.dz\/index.php\/wp-json\/wp\/v2\/tags?post=35334"}],"curies":[{"name":"wp","href":"https:\/\/api.w.org\/{rel}","templated":true}]}}