{"id":35344,"date":"2023-01-31T22:05:00","date_gmt":"2023-01-31T21:05:00","guid":{"rendered":"https:\/\/lasentinelle.dz\/?p=35344"},"modified":"2023-01-31T21:44:30","modified_gmt":"2023-01-31T20:44:30","slug":"commerce-renforcer-les-echanges-entre-lalgerie-la-libye-et-les-pays-africains","status":"publish","type":"post","link":"https:\/\/lasentinelle.dz\/index.php\/2023\/01\/31\/commerce-renforcer-les-echanges-entre-lalgerie-la-libye-et-les-pays-africains\/","title":{"rendered":"Commerce\u00a0: Renforcer les \u00e9changes entre l&rsquo;Alg\u00e9rie, la Libye et les pays africains"},"content":{"rendered":"\n<p>Le ministre du Commerce et de la Promotion des exportations, Kamel Rezig a d\u00e9clar\u00e9, lundi \u00e0 &nbsp;l\u2019ouverture du salon africain des transports et du commerce de transit, qui se tient au Palais des Expositions \u00e0 Alger que les pays africains doivent travailler ensemble pour att\u00e9nuer les effets de la crise \u00e9conomique mondiale, en r\u00e9alisant l&rsquo;int\u00e9gration \u00e9conomique, mais aussi \u00ab\u00a0en int\u00e9grant graduellement nos \u00e9conomies dans les chaines des valeurs mondiales de mani\u00e8re \u00e0 d\u00e9velopper les secteurs \u00e9conomiques qui contribuent \u00e0 la cr\u00e9ation de postes d&#8217;emplois et \u00e0 la r\u00e9alisation de la prosp\u00e9rit\u00e9 socio\u00e9conomique de nos peuples&nbsp;\u00bb.<\/p>\n\n\n\n<p>Il a dans ce sens A cette occasion, il a appel\u00e9 les hommes d&rsquo;affaires et les investisseurs \u00e0 \u00ab\u00a0travailler ensemble pour augmenter les moyennes de la croissance \u00e9conomique, au regard des perspectives prometteuses des \u00e9changes commerciaux alg\u00e9ro-libyens qui s&rsquo;inscrivent dans la nouvelle dynamique que les deux parties aspirent concr\u00e9tiser \u00e0 travers l&rsquo;\u00e9tablissement de relations \u00e9conomiques et commerciales \u00e9troites entre les deux pays\u00a0\u00bb.<\/p>\n\n\n\n<p>Rezig a \u00e9galement estim\u00e9 que cette manifestation \u00e9conomique \u00ab\u00a0qu&rsquo;abrite l&rsquo;Alg\u00e9rie pour la premi\u00e8re fois, est le fruit d&rsquo;une coop\u00e9ration et d&rsquo;une coordination alg\u00e9ro-libyenne qui vise \u00e0 explorer les domaines de coop\u00e9ration, d&rsquo;interaction et d&rsquo;int\u00e9gration entre l&rsquo;Alg\u00e9rie, la Libye et les pays africains en mati\u00e8re de transport et de commerce de transit\u00a0\u00bb.Cette manifestation \u00ab\u00a0r\u00e9affirme la prise de conscience quant \u00e0 l&rsquo;importance des d\u00e9fis auxquels sont confront\u00e9s les peuples et les \u00e9conomies des pays de la r\u00e9gion\u00a0\u00bb, a-t-il dit, soulignant que des \u00e9conomistes et des hommes d&rsquo;affaires prennent part \u00e0 ce colloque pour tenter de trouver \u00ab\u00a0des opportunit\u00e9s \u00e0 m\u00eame d&rsquo;\u00e9largir leurs perspectives commerciales et d&rsquo;investissement, suivant la r\u00e8gle du gagnant-gagnant\u00a0\u00bb. \u00ab\u00a0Nous tenterons, dans ce cadre, de jeter la lumi\u00e8re sur les questions commerciales importantes \u00e0 travers l&rsquo;\u00e9laboration d&rsquo;une strat\u00e9gie \u00e0 m\u00eame d&rsquo;activer les \u00e9changes commerciaux et augmenter le volume des exportations vers le march\u00e9 africain, de mani\u00e8re \u00e0 contribuer \u00e0 la r\u00e9alisation des objectifs communs et au renforcement de la coop\u00e9ration et de l&rsquo;int\u00e9gration \u00e9conomique\u00a0\u00bb, a ajout\u00e9 M. Rezig.<\/p>\n\n\n\n<p>Pour sa part, le repr\u00e9sentant du minist\u00e8re libyen de l&rsquo;Economie et du Commerce, Nouri Ali Mohamed Guettati a insist\u00e9 sur l&rsquo;importance d&rsquo;intensifier les efforts pour faire face aux diff\u00e9rents d\u00e9fis \u00e0 travers la mise en place de plans d&rsquo;action qui favorisent la compl\u00e9mentarit\u00e9 \u00e9conomique de la r\u00e9gion du Maghreb arabe en particulier et de l&rsquo;Afrique du Nord, en g\u00e9n\u00e9ral.Lors du 1e jour de ce colloque, la relation entre les zones franches et le commerce de transit a \u00e9t\u00e9 abord\u00e9e, tout en mettant en relief le r\u00f4le de ce commerce dans le d\u00e9veloppement des \u00e9changes commerciaux entre les Etats africains.A ce propos, l&rsquo;enseignant R\u00e9da Saidi de Tunisie a estim\u00e9 que \u00ab\u00a0l&rsquo;Alg\u00e9rie et la Tunisie constituent une v\u00e9ritable porte vers l&rsquo;Afrique\u00a0\u00bb, relevant que la Zone de libre-\u00e9change continentale africaine (ZLECAf) aura un grand avenir sur le plan africain. Notons que cette manifestation \u00e9conomique qui doit se clore aujourd\u2019hui connait la participation de plus 100 op\u00e9rateurs issus de Libye, de Tunisie et du Niger, sp\u00e9cialis\u00e9s dans l&rsquo;import-export, ainsi que des op\u00e9rateurs alg\u00e9riens repr\u00e9sentant des compagnies activant dans divers domaines, comme les industries agroalimentaires et pharmaceutiques, la sid\u00e9rurgie, l&rsquo;industrie du bois, du plastique et du verre, les produits d&#8217;emballage et les d\u00e9tergents.L&rsquo;exposition a \u00e9galement vu la participation des Chambres de commerce et d&rsquo;industrie des pays participants et plusieurs instances officielles concern\u00e9es par l&rsquo;exportation, banques et institutions financi\u00e8res et plus de 200 op\u00e9rateurs \u00e9conomiques activant dans divers domaines \u00e9conomiques.&nbsp;<\/p>\n\n\n\n<p><strong>Chokri Hafed<\/strong><\/p>\n","protected":false},"excerpt":{"rendered":"<p>Le ministre du Commerce et de la Promotion des exportations, Kamel Rezig a d\u00e9clar\u00e9, lundi \u00e0 &nbsp;l\u2019ouverture du salon africain<\/p>\n","protected":false},"author":3,"featured_media":12315,"comment_status":"open","ping_status":"closed","sticky":false,"template":"","format":"standard","meta":{"colormag_page_container_layout":"default_layout","colormag_page_sidebar_layout":"default_layout","om_disable_all_campaigns":false,"_monsterinsights_skip_tracking":false,"_monsterinsights_sitenote_active":false,"_monsterinsights_sitenote_note":"","_monsterinsights_sitenote_category":0,"footnotes":"","_wpscppro_dont_share_socialmedia":false,"_wpscppro_custom_social_share_image":0,"_facebook_share_type":"","_twitter_share_type":"","_linkedin_share_type":"","_pinterest_share_type":"","_linkedin_share_type_page":"","_instagram_share_type":"","_medium_share_type":"","_threads_share_type":"","_google_business_share_type":"","_selected_social_profile":[],"_wpsp_enable_custom_social_template":false,"_wpsp_social_scheduling":{"enabled":false,"datetime":null,"platforms":[],"status":"template_only","dateOption":"today","timeOption":"now","customDays":"","customHours":"","customDate":"","customTime":"","schedulingType":"absolute"},"_wpsp_active_default_template":true},"categories":[29],"tags":[],"class_list":["post-35344","post","type-post","status-publish","format-standard","has-post-thumbnail","hentry","category-economie"],"aioseo_notices":[],"yoast_head":"<!-- This site is optimized with the Yoast SEO plugin v27.5 - https:\/\/yoast.com\/product\/yoast-seo-wordpress\/ -->\n<title>Commerce\u00a0: Renforcer les \u00e9changes entre l&rsquo;Alg\u00e9rie, la Libye et les pays africains - La Sentinelle<\/title>\n<meta name=\"robots\" content=\"index, follow, max-snippet:-1, max-image-preview:large, max-video-preview:-1\" \/>\n<link rel=\"canonical\" href=\"https:\/\/lasentinelle.dz\/index.php\/2023\/01\/31\/commerce-renforcer-les-echanges-entre-lalgerie-la-libye-et-les-pays-africains\/\" \/>\n<meta property=\"og:locale\" content=\"fr_FR\" \/>\n<meta property=\"og:type\" content=\"article\" \/>\n<meta property=\"og:title\" content=\"Commerce\u00a0: Renforcer les \u00e9changes entre l&rsquo;Alg\u00e9rie, la Libye et les pays africains - La Sentinelle\" \/>\n<meta property=\"og:description\" content=\"Le ministre du Commerce et de la Promotion des exportations, Kamel Rezig a d\u00e9clar\u00e9, lundi \u00e0 &nbsp;l\u2019ouverture du salon africain\" \/>\n<meta property=\"og:url\" content=\"https:\/\/lasentinelle.dz\/index.php\/2023\/01\/31\/commerce-renforcer-les-echanges-entre-lalgerie-la-libye-et-les-pays-africains\/\" \/>\n<meta property=\"og:site_name\" content=\"La Sentinelle\" \/>\n<meta property=\"article:publisher\" content=\"https:\/\/www.facebook.com\/La-Sentinelle-104059864394773\" \/>\n<meta property=\"article:published_time\" content=\"2023-01-31T21:05:00+00:00\" \/>\n<meta property=\"og:image\" content=\"https:\/\/lasentinelle.dz\/wp-content\/uploads\/2021\/11\/kamel-rezig.png\" \/>\n\t<meta property=\"og:image:width\" content=\"1200\" \/>\n\t<meta property=\"og:image:height\" content=\"900\" \/>\n\t<meta property=\"og:image:type\" content=\"image\/png\" \/>\n<meta name=\"author\" content=\"La Sentinelle\" \/>\n<meta name=\"twitter:card\" content=\"summary_large_image\" \/>\n<meta name=\"twitter:label1\" content=\"\u00c9crit par\" \/>\n\t<meta name=\"twitter:data1\" content=\"La Sentinelle\" \/>\n\t<meta name=\"twitter:label2\" content=\"Dur\u00e9e de lecture estim\u00e9e\" \/>\n\t<meta name=\"twitter:data2\" content=\"3 minutes\" \/>\n<script type=\"application\/ld+json\" class=\"yoast-schema-graph\">{\"@context\":\"https:\\\/\\\/schema.org\",\"@graph\":[{\"@type\":\"Article\",\"@id\":\"https:\\\/\\\/lasentinelle.dz\\\/index.php\\\/2023\\\/01\\\/31\\\/commerce-renforcer-les-echanges-entre-lalgerie-la-libye-et-les-pays-africains\\\/#article\",\"isPartOf\":{\"@id\":\"https:\\\/\\\/lasentinelle.dz\\\/index.php\\\/2023\\\/01\\\/31\\\/commerce-renforcer-les-echanges-entre-lalgerie-la-libye-et-les-pays-africains\\\/\"},\"author\":{\"name\":\"La Sentinelle\",\"@id\":\"https:\\\/\\\/lasentinelle.dz\\\/#\\\/schema\\\/person\\\/d865044e22e70a75174ce8bcad3acfb3\"},\"headline\":\"Commerce\u00a0: Renforcer les \u00e9changes entre l&rsquo;Alg\u00e9rie, la Libye et les pays africains\",\"datePublished\":\"2023-01-31T21:05:00+00:00\",\"mainEntityOfPage\":{\"@id\":\"https:\\\/\\\/lasentinelle.dz\\\/index.php\\\/2023\\\/01\\\/31\\\/commerce-renforcer-les-echanges-entre-lalgerie-la-libye-et-les-pays-africains\\\/\"},\"wordCount\":662,\"commentCount\":0,\"publisher\":{\"@id\":\"https:\\\/\\\/lasentinelle.dz\\\/#organization\"},\"image\":{\"@id\":\"https:\\\/\\\/lasentinelle.dz\\\/index.php\\\/2023\\\/01\\\/31\\\/commerce-renforcer-les-echanges-entre-lalgerie-la-libye-et-les-pays-africains\\\/#primaryimage\"},\"thumbnailUrl\":\"https:\\\/\\\/lasentinelle.dz\\\/wp-content\\\/uploads\\\/2021\\\/11\\\/kamel-rezig.png\",\"articleSection\":[\"\u00c9conomie\"],\"inLanguage\":\"fr-FR\",\"potentialAction\":[{\"@type\":\"CommentAction\",\"name\":\"Comment\",\"target\":[\"https:\\\/\\\/lasentinelle.dz\\\/index.php\\\/2023\\\/01\\\/31\\\/commerce-renforcer-les-echanges-entre-lalgerie-la-libye-et-les-pays-africains\\\/#respond\"]}]},{\"@type\":\"WebPage\",\"@id\":\"https:\\\/\\\/lasentinelle.dz\\\/index.php\\\/2023\\\/01\\\/31\\\/commerce-renforcer-les-echanges-entre-lalgerie-la-libye-et-les-pays-africains\\\/\",\"url\":\"https:\\\/\\\/lasentinelle.dz\\\/index.php\\\/2023\\\/01\\\/31\\\/commerce-renforcer-les-echanges-entre-lalgerie-la-libye-et-les-pays-africains\\\/\",\"name\":\"Commerce\u00a0: Renforcer les \u00e9changes entre l&rsquo;Alg\u00e9rie, la Libye et les pays africains - La Sentinelle\",\"isPartOf\":{\"@id\":\"https:\\\/\\\/lasentinelle.dz\\\/#website\"},\"primaryImageOfPage\":{\"@id\":\"https:\\\/\\\/lasentinelle.dz\\\/index.php\\\/2023\\\/01\\\/31\\\/commerce-renforcer-les-echanges-entre-lalgerie-la-libye-et-les-pays-africains\\\/#primaryimage\"},\"image\":{\"@id\":\"https:\\\/\\\/lasentinelle.dz\\\/index.php\\\/2023\\\/01\\\/31\\\/commerce-renforcer-les-echanges-entre-lalgerie-la-libye-et-les-pays-africains\\\/#primaryimage\"},\"thumbnailUrl\":\"https:\\\/\\\/lasentinelle.dz\\\/wp-content\\\/uploads\\\/2021\\\/11\\\/kamel-rezig.png\",\"datePublished\":\"2023-01-31T21:05:00+00:00\",\"breadcrumb\":{\"@id\":\"https:\\\/\\\/lasentinelle.dz\\\/index.php\\\/2023\\\/01\\\/31\\\/commerce-renforcer-les-echanges-entre-lalgerie-la-libye-et-les-pays-africains\\\/#breadcrumb\"},\"inLanguage\":\"fr-FR\",\"potentialAction\":[{\"@type\":\"ReadAction\",\"target\":[\"https:\\\/\\\/lasentinelle.dz\\\/index.php\\\/2023\\\/01\\\/31\\\/commerce-renforcer-les-echanges-entre-lalgerie-la-libye-et-les-pays-africains\\\/\"]}]},{\"@type\":\"ImageObject\",\"inLanguage\":\"fr-FR\",\"@id\":\"https:\\\/\\\/lasentinelle.dz\\\/index.php\\\/2023\\\/01\\\/31\\\/commerce-renforcer-les-echanges-entre-lalgerie-la-libye-et-les-pays-africains\\\/#primaryimage\",\"url\":\"https:\\\/\\\/lasentinelle.dz\\\/wp-content\\\/uploads\\\/2021\\\/11\\\/kamel-rezig.png\",\"contentUrl\":\"https:\\\/\\\/lasentinelle.dz\\\/wp-content\\\/uploads\\\/2021\\\/11\\\/kamel-rezig.png\",\"width\":1200,\"height\":900},{\"@type\":\"BreadcrumbList\",\"@id\":\"https:\\\/\\\/lasentinelle.dz\\\/index.php\\\/2023\\\/01\\\/31\\\/commerce-renforcer-les-echanges-entre-lalgerie-la-libye-et-les-pays-africains\\\/#breadcrumb\",\"itemListElement\":[{\"@type\":\"ListItem\",\"position\":1,\"name\":\"Accueil\",\"item\":\"https:\\\/\\\/lasentinelle.dz\\\/\"},{\"@type\":\"ListItem\",\"position\":2,\"name\":\"Commerce\u00a0: Renforcer les \u00e9changes entre l&rsquo;Alg\u00e9rie, la Libye et les pays africains\"}]},{\"@type\":\"WebSite\",\"@id\":\"https:\\\/\\\/lasentinelle.dz\\\/#website\",\"url\":\"https:\\\/\\\/lasentinelle.dz\\\/\",\"name\":\"La Sentinelle\",\"description\":\"Quotidien national d&#039;information\",\"publisher\":{\"@id\":\"https:\\\/\\\/lasentinelle.dz\\\/#organization\"},\"potentialAction\":[{\"@type\":\"SearchAction\",\"target\":{\"@type\":\"EntryPoint\",\"urlTemplate\":\"https:\\\/\\\/lasentinelle.dz\\\/?s={search_term_string}\"},\"query-input\":{\"@type\":\"PropertyValueSpecification\",\"valueRequired\":true,\"valueName\":\"search_term_string\"}}],\"inLanguage\":\"fr-FR\"},{\"@type\":\"Organization\",\"@id\":\"https:\\\/\\\/lasentinelle.dz\\\/#organization\",\"name\":\"Quotidien La Sentinelle\",\"url\":\"https:\\\/\\\/lasentinelle.dz\\\/\",\"logo\":{\"@type\":\"ImageObject\",\"inLanguage\":\"fr-FR\",\"@id\":\"https:\\\/\\\/lasentinelle.dz\\\/#\\\/schema\\\/logo\\\/image\\\/\",\"url\":\"https:\\\/\\\/lasentinelle.dz\\\/wp-content\\\/uploads\\\/2021\\\/09\\\/logo-sentinelleSLOGAN-1.png\",\"contentUrl\":\"https:\\\/\\\/lasentinelle.dz\\\/wp-content\\\/uploads\\\/2021\\\/09\\\/logo-sentinelleSLOGAN-1.png\",\"width\":615,\"height\":142,\"caption\":\"Quotidien La Sentinelle\"},\"image\":{\"@id\":\"https:\\\/\\\/lasentinelle.dz\\\/#\\\/schema\\\/logo\\\/image\\\/\"},\"sameAs\":[\"https:\\\/\\\/www.facebook.com\\\/La-Sentinelle-104059864394773\"]},{\"@type\":\"Person\",\"@id\":\"https:\\\/\\\/lasentinelle.dz\\\/#\\\/schema\\\/person\\\/d865044e22e70a75174ce8bcad3acfb3\",\"name\":\"La Sentinelle\",\"image\":{\"@type\":\"ImageObject\",\"inLanguage\":\"fr-FR\",\"@id\":\"https:\\\/\\\/secure.gravatar.com\\\/avatar\\\/57de8e5d4b15d43fb361a71fbb36338450fe67865b528a43dd10ef7c51a20392?s=96&d=mm&r=g\",\"url\":\"https:\\\/\\\/secure.gravatar.com\\\/avatar\\\/57de8e5d4b15d43fb361a71fbb36338450fe67865b528a43dd10ef7c51a20392?s=96&d=mm&r=g\",\"contentUrl\":\"https:\\\/\\\/secure.gravatar.com\\\/avatar\\\/57de8e5d4b15d43fb361a71fbb36338450fe67865b528a43dd10ef7c51a20392?s=96&d=mm&r=g\",\"caption\":\"La Sentinelle\"},\"sameAs\":[\"http:\\\/\\\/www.lasentinelle.dz\"],\"url\":\"https:\\\/\\\/lasentinelle.dz\\\/author\\\/redaction\\\/\"}]}<\/script>\n<!-- \/ Yoast SEO plugin. -->","yoast_head_json":{"title":"Commerce\u00a0: Renforcer les \u00e9changes entre l&rsquo;Alg\u00e9rie, la Libye et les pays africains - La Sentinelle","robots":{"index":"index","follow":"follow","max-snippet":"max-snippet:-1","max-image-preview":"max-image-preview:large","max-video-preview":"max-video-preview:-1"},"canonical":"https:\/\/lasentinelle.dz\/index.php\/2023\/01\/31\/commerce-renforcer-les-echanges-entre-lalgerie-la-libye-et-les-pays-africains\/","og_locale":"fr_FR","og_type":"article","og_title":"Commerce\u00a0: Renforcer les \u00e9changes entre l&rsquo;Alg\u00e9rie, la Libye et les pays africains - La Sentinelle","og_description":"Le ministre du Commerce et de la Promotion des exportations, Kamel Rezig a d\u00e9clar\u00e9, lundi \u00e0 &nbsp;l\u2019ouverture du salon africain","og_url":"https:\/\/lasentinelle.dz\/index.php\/2023\/01\/31\/commerce-renforcer-les-echanges-entre-lalgerie-la-libye-et-les-pays-africains\/","og_site_name":"La Sentinelle","article_publisher":"https:\/\/www.facebook.com\/La-Sentinelle-104059864394773","article_published_time":"2023-01-31T21:05:00+00:00","og_image":[{"width":1200,"height":900,"url":"https:\/\/lasentinelle.dz\/wp-content\/uploads\/2021\/11\/kamel-rezig.png","type":"image\/png"}],"author":"La Sentinelle","twitter_card":"summary_large_image","twitter_misc":{"\u00c9crit par":"La Sentinelle","Dur\u00e9e de lecture estim\u00e9e":"3 minutes"},"schema":{"@context":"https:\/\/schema.org","@graph":[{"@type":"Article","@id":"https:\/\/lasentinelle.dz\/index.php\/2023\/01\/31\/commerce-renforcer-les-echanges-entre-lalgerie-la-libye-et-les-pays-africains\/#article","isPartOf":{"@id":"https:\/\/lasentinelle.dz\/index.php\/2023\/01\/31\/commerce-renforcer-les-echanges-entre-lalgerie-la-libye-et-les-pays-africains\/"},"author":{"name":"La Sentinelle","@id":"https:\/\/lasentinelle.dz\/#\/schema\/person\/d865044e22e70a75174ce8bcad3acfb3"},"headline":"Commerce\u00a0: Renforcer les \u00e9changes entre l&rsquo;Alg\u00e9rie, la Libye et les pays africains","datePublished":"2023-01-31T21:05:00+00:00","mainEntityOfPage":{"@id":"https:\/\/lasentinelle.dz\/index.php\/2023\/01\/31\/commerce-renforcer-les-echanges-entre-lalgerie-la-libye-et-les-pays-africains\/"},"wordCount":662,"commentCount":0,"publisher":{"@id":"https:\/\/lasentinelle.dz\/#organization"},"image":{"@id":"https:\/\/lasentinelle.dz\/index.php\/2023\/01\/31\/commerce-renforcer-les-echanges-entre-lalgerie-la-libye-et-les-pays-africains\/#primaryimage"},"thumbnailUrl":"https:\/\/lasentinelle.dz\/wp-content\/uploads\/2021\/11\/kamel-rezig.png","articleSection":["\u00c9conomie"],"inLanguage":"fr-FR","potentialAction":[{"@type":"CommentAction","name":"Comment","target":["https:\/\/lasentinelle.dz\/index.php\/2023\/01\/31\/commerce-renforcer-les-echanges-entre-lalgerie-la-libye-et-les-pays-africains\/#respond"]}]},{"@type":"WebPage","@id":"https:\/\/lasentinelle.dz\/index.php\/2023\/01\/31\/commerce-renforcer-les-echanges-entre-lalgerie-la-libye-et-les-pays-africains\/","url":"https:\/\/lasentinelle.dz\/index.php\/2023\/01\/31\/commerce-renforcer-les-echanges-entre-lalgerie-la-libye-et-les-pays-africains\/","name":"Commerce\u00a0: Renforcer les \u00e9changes entre l&rsquo;Alg\u00e9rie, la Libye et les pays africains - La Sentinelle","isPartOf":{"@id":"https:\/\/lasentinelle.dz\/#website"},"primaryImageOfPage":{"@id":"https:\/\/lasentinelle.dz\/index.php\/2023\/01\/31\/commerce-renforcer-les-echanges-entre-lalgerie-la-libye-et-les-pays-africains\/#primaryimage"},"image":{"@id":"https:\/\/lasentinelle.dz\/index.php\/2023\/01\/31\/commerce-renforcer-les-echanges-entre-lalgerie-la-libye-et-les-pays-africains\/#primaryimage"},"thumbnailUrl":"https:\/\/lasentinelle.dz\/wp-content\/uploads\/2021\/11\/kamel-rezig.png","datePublished":"2023-01-31T21:05:00+00:00","breadcrumb":{"@id":"https:\/\/lasentinelle.dz\/index.php\/2023\/01\/31\/commerce-renforcer-les-echanges-entre-lalgerie-la-libye-et-les-pays-africains\/#breadcrumb"},"inLanguage":"fr-FR","potentialAction":[{"@type":"ReadAction","target":["https:\/\/lasentinelle.dz\/index.php\/2023\/01\/31\/commerce-renforcer-les-echanges-entre-lalgerie-la-libye-et-les-pays-africains\/"]}]},{"@type":"ImageObject","inLanguage":"fr-FR","@id":"https:\/\/lasentinelle.dz\/index.php\/2023\/01\/31\/commerce-renforcer-les-echanges-entre-lalgerie-la-libye-et-les-pays-africains\/#primaryimage","url":"https:\/\/lasentinelle.dz\/wp-content\/uploads\/2021\/11\/kamel-rezig.png","contentUrl":"https:\/\/lasentinelle.dz\/wp-content\/uploads\/2021\/11\/kamel-rezig.png","width":1200,"height":900},{"@type":"BreadcrumbList","@id":"https:\/\/lasentinelle.dz\/index.php\/2023\/01\/31\/commerce-renforcer-les-echanges-entre-lalgerie-la-libye-et-les-pays-africains\/#breadcrumb","itemListElement":[{"@type":"ListItem","position":1,"name":"Accueil","item":"https:\/\/lasentinelle.dz\/"},{"@type":"ListItem","position":2,"name":"Commerce\u00a0: Renforcer les \u00e9changes entre l&rsquo;Alg\u00e9rie, la Libye et les pays africains"}]},{"@type":"WebSite","@id":"https:\/\/lasentinelle.dz\/#website","url":"https:\/\/lasentinelle.dz\/","name":"La Sentinelle","description":"Quotidien national d&#039;information","publisher":{"@id":"https:\/\/lasentinelle.dz\/#organization"},"potentialAction":[{"@type":"SearchAction","target":{"@type":"EntryPoint","urlTemplate":"https:\/\/lasentinelle.dz\/?s={search_term_string}"},"query-input":{"@type":"PropertyValueSpecification","valueRequired":true,"valueName":"search_term_string"}}],"inLanguage":"fr-FR"},{"@type":"Organization","@id":"https:\/\/lasentinelle.dz\/#organization","name":"Quotidien La Sentinelle","url":"https:\/\/lasentinelle.dz\/","logo":{"@type":"ImageObject","inLanguage":"fr-FR","@id":"https:\/\/lasentinelle.dz\/#\/schema\/logo\/image\/","url":"https:\/\/lasentinelle.dz\/wp-content\/uploads\/2021\/09\/logo-sentinelleSLOGAN-1.png","contentUrl":"https:\/\/lasentinelle.dz\/wp-content\/uploads\/2021\/09\/logo-sentinelleSLOGAN-1.png","width":615,"height":142,"caption":"Quotidien La Sentinelle"},"image":{"@id":"https:\/\/lasentinelle.dz\/#\/schema\/logo\/image\/"},"sameAs":["https:\/\/www.facebook.com\/La-Sentinelle-104059864394773"]},{"@type":"Person","@id":"https:\/\/lasentinelle.dz\/#\/schema\/person\/d865044e22e70a75174ce8bcad3acfb3","name":"La Sentinelle","image":{"@type":"ImageObject","inLanguage":"fr-FR","@id":"https:\/\/secure.gravatar.com\/avatar\/57de8e5d4b15d43fb361a71fbb36338450fe67865b528a43dd10ef7c51a20392?s=96&d=mm&r=g","url":"https:\/\/secure.gravatar.com\/avatar\/57de8e5d4b15d43fb361a71fbb36338450fe67865b528a43dd10ef7c51a20392?s=96&d=mm&r=g","contentUrl":"https:\/\/secure.gravatar.com\/avatar\/57de8e5d4b15d43fb361a71fbb36338450fe67865b528a43dd10ef7c51a20392?s=96&d=mm&r=g","caption":"La Sentinelle"},"sameAs":["http:\/\/www.lasentinelle.dz"],"url":"https:\/\/lasentinelle.dz\/author\/redaction\/"}]}},"_links":{"self":[{"href":"https:\/\/lasentinelle.dz\/index.php\/wp-json\/wp\/v2\/posts\/35344","targetHints":{"allow":["GET"]}}],"collection":[{"href":"https:\/\/lasentinelle.dz\/index.php\/wp-json\/wp\/v2\/posts"}],"about":[{"href":"https:\/\/lasentinelle.dz\/index.php\/wp-json\/wp\/v2\/types\/post"}],"author":[{"embeddable":true,"href":"https:\/\/lasentinelle.dz\/index.php\/wp-json\/wp\/v2\/users\/3"}],"replies":[{"embeddable":true,"href":"https:\/\/lasentinelle.dz\/index.php\/wp-json\/wp\/v2\/comments?post=35344"}],"version-history":[{"count":1,"href":"https:\/\/lasentinelle.dz\/index.php\/wp-json\/wp\/v2\/posts\/35344\/revisions"}],"predecessor-version":[{"id":35356,"href":"https:\/\/lasentinelle.dz\/index.php\/wp-json\/wp\/v2\/posts\/35344\/revisions\/35356"}],"wp:featuredmedia":[{"embeddable":true,"href":"https:\/\/lasentinelle.dz\/index.php\/wp-json\/wp\/v2\/media\/12315"}],"wp:attachment":[{"href":"https:\/\/lasentinelle.dz\/index.php\/wp-json\/wp\/v2\/media?parent=35344"}],"wp:term":[{"taxonomy":"category","embeddable":true,"href":"https:\/\/lasentinelle.dz\/index.php\/wp-json\/wp\/v2\/categories?post=35344"},{"taxonomy":"post_tag","embeddable":true,"href":"https:\/\/lasentinelle.dz\/index.php\/wp-json\/wp\/v2\/tags?post=35344"}],"curies":[{"name":"wp","href":"https:\/\/api.w.org\/{rel}","templated":true}]}}