{"id":35346,"date":"2023-01-31T22:05:00","date_gmt":"2023-01-31T21:05:00","guid":{"rendered":"https:\/\/lasentinelle.dz\/?p=35346"},"modified":"2023-01-31T21:46:46","modified_gmt":"2023-01-31T20:46:46","slug":"un-comite-scientifique-cree-par-la-cna-le-secteur-de-lagriculture-se-met-a-leconomie-circulaire","status":"publish","type":"post","link":"https:\/\/lasentinelle.dz\/index.php\/2023\/01\/31\/un-comite-scientifique-cree-par-la-cna-le-secteur-de-lagriculture-se-met-a-leconomie-circulaire\/","title":{"rendered":"Un comit\u00e9 scientifique cr\u00e9\u00e9 par la CNA\u00a0: Le secteur de l\u2019agriculture se met \u00e0 l&rsquo;\u00e9conomie circulaire"},"content":{"rendered":"\n<p>Impl\u00e9menter les concepts de l\u2019\u00e9conomie circulaire dans le secteur de l\u2019agriculture. Tel est l\u2019objectif du comit\u00e9 scientifique multidisciplinaire pour le d\u00e9veloppement de l&rsquo;\u00e9conomie circulaire dans le secteur agricole cr\u00e9\u00e9, hier \u00e0 Alger, par la Chambre nationale d&rsquo;agriculture (CNA) et le Centre alg\u00e9rien d&rsquo;\u00e9conomie circulaire (CALEC).<\/p>\n\n\n\n<p>Le professeur Krim Louhab, fondateur du CALEC, a indiqu\u00e9lors d&rsquo;une rencontre scientifique tenue au si\u00e8ge de la CNA sous le th\u00e8me \u00ab\u00a0Economie circulaire: un gisement pour l&rsquo;attractivit\u00e9 du secteur agricole et agro-industrie nationale\u00a0\u00bb que le comit\u00e9 \u00ab\u00a0Economie circulaire &amp; Agriculture\u00a0\u00bb a pour principal objectif de pr\u00e9senter des propositions techniques et scientifiques pour l&rsquo;\u00e9laboration et la mise en \u0153uvre d&rsquo;une strat\u00e9gie nationale relative \u00e0 l&rsquo;\u00e9conomie circulaire dans le secteur. Celui-ci explique que l&rsquo;approche de l&rsquo;\u00e9conomie circulaire dans l&rsquo;agriculture permet de concilier entre la croissance \u00e9conomique et la protection de l&rsquo;environnement, notamment \u00e0 travers une utilisation rationnelle des ressources et une gestion optimale des d\u00e9chets agricoles.\u00a0\u00bbContrairement \u00e0 l&rsquo;\u00e9conomie lin\u00e9aire bas\u00e9e sur la production, la consommation et le rejet des d\u00e9chets, l&rsquo;\u00e9conomie circulaire nous permettra de transformer les r\u00e9sidus agricoles en bio produits (pesticides et fertilisants), ce qui limitera l&rsquo;utilisation massive des produits chimiques r\u00e9put\u00e9s pour leur impact n\u00e9faste sur l&rsquo;environnement et la sant\u00e9 humaine et animale\u00a0\u00bb, a-t-il expliqu\u00e9.Pour sa part, le professeur Mohamed Amine Zenasni, de l&rsquo;universit\u00e9 de Tizi-Ouzou, a mis en exergue le r\u00f4le de l&rsquo;agriculture urbaine dans le d\u00e9veloppement de l&rsquo;\u00e9conomie verte.\u00a0\u00bbLa plus forte concentration de population se trouve dans les villes qui deviennent un gisement pour le d\u00e9veloppement de l&rsquo;\u00e9conomie circulaire\u00a0\u00bb, a-t-il affirm\u00e9.Pour une meilleure optimisation de la ressource, cet expert a recommand\u00e9 la collecte des d\u00e9chets m\u00e9nagers et leur tri \u00e0 la source et leur traitement par la suite pour en extraire de l&rsquo;\u00e9nergie renouvelables et des produits organiques.Outre la pr\u00e9servation des ressources, l&rsquo;\u00e9conomie circulaire permet \u00e9galement d&rsquo;\u00e9viter, ou du moins minimiser le recours \u00e0 l&rsquo;incin\u00e9ration ou l&rsquo;enfouissement des d\u00e9chets et leur impact d\u00e9sastreux sur l&rsquo;environnement, a-t-il fait valoir.Abondant dans le m\u00eame sens, le professeur Hassan Chadjaa, agronome et consultant en agroalimentaire et agrobiotech a consid\u00e9r\u00e9 que l&rsquo;\u00e9conomie circulaire dans le secteur agricole pr\u00e9sente un avantage pour r\u00e9duire la consommation de l&rsquo;\u00e9nergie et minimiser l&rsquo;\u00e9puisement des ressources, tout en am\u00e9liorant les rendements et la qualit\u00e9 des produits.Par ailleurs, \u00ab\u00a0elle g\u00e9n\u00e8re des emplois et de nouveau produits sur la march\u00e9 national et r\u00e9duits par cons\u00e9quent les importations des intrants et du mat\u00e9riel agricole\u00a0\u00bb.Le professeur Chadjaa propose, afin d&rsquo;optimiser cette \u00e9conomie, de l&rsquo;organiser en plusieurs fili\u00e8res. A titre d&rsquo;exemple, il a cit\u00e9 le groupe des plastiques agricoles, qui compte notamment des plastiques utilis\u00e9s dans les serres, les tuyaux d&rsquo;irrigation en fin de vie et les sacs plastiques contenant des fertilisant et de pesticides.\u00a0\u00bbRecycler ces mati\u00e8res par fili\u00e8res industrielles en leur donnant une seconde vie \u00e9vite d&rsquo;une part, la pollution de l&rsquo;environnement et d&rsquo;autres part il permet de r\u00e9duire les co\u00fbts, car les produits recycl\u00e9s reviennent moins chers que les produits neufs\u00a0\u00bb.<\/p>\n\n\n\n<p>De son c\u00f4t\u00e9, le professeur Fatma Halouane de l&rsquo;universit\u00e9 de Boumerd\u00e8s, a soulign\u00e9 l&rsquo;importance de l&rsquo;\u00e9conomie circulaire dans le d\u00e9veloppement d&rsquo;une agriculture r\u00e9siliente et durable gr\u00e2ce \u00e0 des pratiques comme la rotation des cultures et l&rsquo;utilisation des engrais et les pesticides verts.Dans sa pr\u00e9sentation, elle a avanc\u00e9 que l&rsquo;Alg\u00e9rie utilise annuellement entre 6.000 et 10.000 tonnes de pesticides chimiques par an, \u00ab\u00a0une quantit\u00e9 importante qui devrait \u00eatre remplac\u00e9 progressivement par des intrants naturels\u00a0\u00bb.<\/p>\n\n\n\n<p>R.E.<\/p>\n","protected":false},"excerpt":{"rendered":"<p>Impl\u00e9menter les concepts de l\u2019\u00e9conomie circulaire dans le secteur de l\u2019agriculture. Tel est l\u2019objectif du comit\u00e9 scientifique multidisciplinaire pour le<\/p>\n","protected":false},"author":3,"featured_media":35359,"comment_status":"open","ping_status":"closed","sticky":false,"template":"","format":"standard","meta":{"colormag_page_container_layout":"default_layout","colormag_page_sidebar_layout":"default_layout","om_disable_all_campaigns":false,"_monsterinsights_skip_tracking":false,"_monsterinsights_sitenote_active":false,"_monsterinsights_sitenote_note":"","_monsterinsights_sitenote_category":0,"footnotes":"","_wpscppro_dont_share_socialmedia":false,"_wpscppro_custom_social_share_image":0,"_facebook_share_type":"","_twitter_share_type":"","_linkedin_share_type":"","_pinterest_share_type":"","_linkedin_share_type_page":"","_instagram_share_type":"","_medium_share_type":"","_threads_share_type":"","_google_business_share_type":"","_selected_social_profile":[],"_wpsp_enable_custom_social_template":false,"_wpsp_social_scheduling":{"enabled":false,"datetime":null,"platforms":[],"status":"template_only","dateOption":"today","timeOption":"now","customDays":"","customHours":"","customDate":"","customTime":"","schedulingType":"absolute"},"_wpsp_active_default_template":true},"categories":[29],"tags":[],"class_list":["post-35346","post","type-post","status-publish","format-standard","has-post-thumbnail","hentry","category-economie"],"aioseo_notices":[],"yoast_head":"<!-- This site is optimized with the Yoast SEO plugin v27.5 - https:\/\/yoast.com\/product\/yoast-seo-wordpress\/ -->\n<title>Un comit\u00e9 scientifique cr\u00e9\u00e9 par la CNA\u00a0: Le secteur de l\u2019agriculture se met \u00e0 l&rsquo;\u00e9conomie circulaire - La Sentinelle<\/title>\n<meta name=\"robots\" content=\"index, follow, max-snippet:-1, max-image-preview:large, max-video-preview:-1\" \/>\n<link rel=\"canonical\" href=\"https:\/\/lasentinelle.dz\/index.php\/2023\/01\/31\/un-comite-scientifique-cree-par-la-cna-le-secteur-de-lagriculture-se-met-a-leconomie-circulaire\/\" \/>\n<meta property=\"og:locale\" content=\"fr_FR\" \/>\n<meta property=\"og:type\" content=\"article\" \/>\n<meta property=\"og:title\" content=\"Un comit\u00e9 scientifique cr\u00e9\u00e9 par la CNA\u00a0: Le secteur de l\u2019agriculture se met \u00e0 l&rsquo;\u00e9conomie circulaire - La Sentinelle\" \/>\n<meta property=\"og:description\" content=\"Impl\u00e9menter les concepts de l\u2019\u00e9conomie circulaire dans le secteur de l\u2019agriculture. Tel est l\u2019objectif du comit\u00e9 scientifique multidisciplinaire pour le\" \/>\n<meta property=\"og:url\" content=\"https:\/\/lasentinelle.dz\/index.php\/2023\/01\/31\/un-comite-scientifique-cree-par-la-cna-le-secteur-de-lagriculture-se-met-a-leconomie-circulaire\/\" \/>\n<meta property=\"og:site_name\" content=\"La Sentinelle\" \/>\n<meta property=\"article:publisher\" content=\"https:\/\/www.facebook.com\/La-Sentinelle-104059864394773\" \/>\n<meta property=\"article:published_time\" content=\"2023-01-31T21:05:00+00:00\" \/>\n<meta property=\"og:image\" content=\"https:\/\/lasentinelle.dz\/wp-content\/uploads\/2023\/01\/image_2023-01-31_214630274.png\" \/>\n\t<meta property=\"og:image:width\" content=\"855\" \/>\n\t<meta property=\"og:image:height\" content=\"481\" \/>\n\t<meta property=\"og:image:type\" content=\"image\/png\" \/>\n<meta name=\"author\" content=\"La Sentinelle\" \/>\n<meta name=\"twitter:card\" content=\"summary_large_image\" \/>\n<meta name=\"twitter:label1\" content=\"\u00c9crit par\" \/>\n\t<meta name=\"twitter:data1\" content=\"La Sentinelle\" \/>\n\t<meta name=\"twitter:label2\" content=\"Dur\u00e9e de lecture estim\u00e9e\" \/>\n\t<meta name=\"twitter:data2\" content=\"3 minutes\" \/>\n<script type=\"application\/ld+json\" class=\"yoast-schema-graph\">{\"@context\":\"https:\\\/\\\/schema.org\",\"@graph\":[{\"@type\":\"Article\",\"@id\":\"https:\\\/\\\/lasentinelle.dz\\\/index.php\\\/2023\\\/01\\\/31\\\/un-comite-scientifique-cree-par-la-cna-le-secteur-de-lagriculture-se-met-a-leconomie-circulaire\\\/#article\",\"isPartOf\":{\"@id\":\"https:\\\/\\\/lasentinelle.dz\\\/index.php\\\/2023\\\/01\\\/31\\\/un-comite-scientifique-cree-par-la-cna-le-secteur-de-lagriculture-se-met-a-leconomie-circulaire\\\/\"},\"author\":{\"name\":\"La Sentinelle\",\"@id\":\"https:\\\/\\\/lasentinelle.dz\\\/#\\\/schema\\\/person\\\/d865044e22e70a75174ce8bcad3acfb3\"},\"headline\":\"Un comit\u00e9 scientifique cr\u00e9\u00e9 par la CNA\u00a0: Le secteur de l\u2019agriculture se met \u00e0 l&rsquo;\u00e9conomie circulaire\",\"datePublished\":\"2023-01-31T21:05:00+00:00\",\"mainEntityOfPage\":{\"@id\":\"https:\\\/\\\/lasentinelle.dz\\\/index.php\\\/2023\\\/01\\\/31\\\/un-comite-scientifique-cree-par-la-cna-le-secteur-de-lagriculture-se-met-a-leconomie-circulaire\\\/\"},\"wordCount\":664,\"commentCount\":0,\"publisher\":{\"@id\":\"https:\\\/\\\/lasentinelle.dz\\\/#organization\"},\"image\":{\"@id\":\"https:\\\/\\\/lasentinelle.dz\\\/index.php\\\/2023\\\/01\\\/31\\\/un-comite-scientifique-cree-par-la-cna-le-secteur-de-lagriculture-se-met-a-leconomie-circulaire\\\/#primaryimage\"},\"thumbnailUrl\":\"https:\\\/\\\/lasentinelle.dz\\\/wp-content\\\/uploads\\\/2023\\\/01\\\/image_2023-01-31_214630274.png\",\"articleSection\":[\"\u00c9conomie\"],\"inLanguage\":\"fr-FR\",\"potentialAction\":[{\"@type\":\"CommentAction\",\"name\":\"Comment\",\"target\":[\"https:\\\/\\\/lasentinelle.dz\\\/index.php\\\/2023\\\/01\\\/31\\\/un-comite-scientifique-cree-par-la-cna-le-secteur-de-lagriculture-se-met-a-leconomie-circulaire\\\/#respond\"]}]},{\"@type\":\"WebPage\",\"@id\":\"https:\\\/\\\/lasentinelle.dz\\\/index.php\\\/2023\\\/01\\\/31\\\/un-comite-scientifique-cree-par-la-cna-le-secteur-de-lagriculture-se-met-a-leconomie-circulaire\\\/\",\"url\":\"https:\\\/\\\/lasentinelle.dz\\\/index.php\\\/2023\\\/01\\\/31\\\/un-comite-scientifique-cree-par-la-cna-le-secteur-de-lagriculture-se-met-a-leconomie-circulaire\\\/\",\"name\":\"Un comit\u00e9 scientifique cr\u00e9\u00e9 par la CNA\u00a0: Le secteur de l\u2019agriculture se met \u00e0 l&rsquo;\u00e9conomie circulaire - La Sentinelle\",\"isPartOf\":{\"@id\":\"https:\\\/\\\/lasentinelle.dz\\\/#website\"},\"primaryImageOfPage\":{\"@id\":\"https:\\\/\\\/lasentinelle.dz\\\/index.php\\\/2023\\\/01\\\/31\\\/un-comite-scientifique-cree-par-la-cna-le-secteur-de-lagriculture-se-met-a-leconomie-circulaire\\\/#primaryimage\"},\"image\":{\"@id\":\"https:\\\/\\\/lasentinelle.dz\\\/index.php\\\/2023\\\/01\\\/31\\\/un-comite-scientifique-cree-par-la-cna-le-secteur-de-lagriculture-se-met-a-leconomie-circulaire\\\/#primaryimage\"},\"thumbnailUrl\":\"https:\\\/\\\/lasentinelle.dz\\\/wp-content\\\/uploads\\\/2023\\\/01\\\/image_2023-01-31_214630274.png\",\"datePublished\":\"2023-01-31T21:05:00+00:00\",\"breadcrumb\":{\"@id\":\"https:\\\/\\\/lasentinelle.dz\\\/index.php\\\/2023\\\/01\\\/31\\\/un-comite-scientifique-cree-par-la-cna-le-secteur-de-lagriculture-se-met-a-leconomie-circulaire\\\/#breadcrumb\"},\"inLanguage\":\"fr-FR\",\"potentialAction\":[{\"@type\":\"ReadAction\",\"target\":[\"https:\\\/\\\/lasentinelle.dz\\\/index.php\\\/2023\\\/01\\\/31\\\/un-comite-scientifique-cree-par-la-cna-le-secteur-de-lagriculture-se-met-a-leconomie-circulaire\\\/\"]}]},{\"@type\":\"ImageObject\",\"inLanguage\":\"fr-FR\",\"@id\":\"https:\\\/\\\/lasentinelle.dz\\\/index.php\\\/2023\\\/01\\\/31\\\/un-comite-scientifique-cree-par-la-cna-le-secteur-de-lagriculture-se-met-a-leconomie-circulaire\\\/#primaryimage\",\"url\":\"https:\\\/\\\/lasentinelle.dz\\\/wp-content\\\/uploads\\\/2023\\\/01\\\/image_2023-01-31_214630274.png\",\"contentUrl\":\"https:\\\/\\\/lasentinelle.dz\\\/wp-content\\\/uploads\\\/2023\\\/01\\\/image_2023-01-31_214630274.png\",\"width\":855,\"height\":481},{\"@type\":\"BreadcrumbList\",\"@id\":\"https:\\\/\\\/lasentinelle.dz\\\/index.php\\\/2023\\\/01\\\/31\\\/un-comite-scientifique-cree-par-la-cna-le-secteur-de-lagriculture-se-met-a-leconomie-circulaire\\\/#breadcrumb\",\"itemListElement\":[{\"@type\":\"ListItem\",\"position\":1,\"name\":\"Accueil\",\"item\":\"https:\\\/\\\/lasentinelle.dz\\\/\"},{\"@type\":\"ListItem\",\"position\":2,\"name\":\"Un comit\u00e9 scientifique cr\u00e9\u00e9 par la CNA\u00a0: Le secteur de l\u2019agriculture se met \u00e0 l&rsquo;\u00e9conomie circulaire\"}]},{\"@type\":\"WebSite\",\"@id\":\"https:\\\/\\\/lasentinelle.dz\\\/#website\",\"url\":\"https:\\\/\\\/lasentinelle.dz\\\/\",\"name\":\"La Sentinelle\",\"description\":\"Quotidien national d&#039;information\",\"publisher\":{\"@id\":\"https:\\\/\\\/lasentinelle.dz\\\/#organization\"},\"potentialAction\":[{\"@type\":\"SearchAction\",\"target\":{\"@type\":\"EntryPoint\",\"urlTemplate\":\"https:\\\/\\\/lasentinelle.dz\\\/?s={search_term_string}\"},\"query-input\":{\"@type\":\"PropertyValueSpecification\",\"valueRequired\":true,\"valueName\":\"search_term_string\"}}],\"inLanguage\":\"fr-FR\"},{\"@type\":\"Organization\",\"@id\":\"https:\\\/\\\/lasentinelle.dz\\\/#organization\",\"name\":\"Quotidien La Sentinelle\",\"url\":\"https:\\\/\\\/lasentinelle.dz\\\/\",\"logo\":{\"@type\":\"ImageObject\",\"inLanguage\":\"fr-FR\",\"@id\":\"https:\\\/\\\/lasentinelle.dz\\\/#\\\/schema\\\/logo\\\/image\\\/\",\"url\":\"https:\\\/\\\/lasentinelle.dz\\\/wp-content\\\/uploads\\\/2021\\\/09\\\/logo-sentinelleSLOGAN-1.png\",\"contentUrl\":\"https:\\\/\\\/lasentinelle.dz\\\/wp-content\\\/uploads\\\/2021\\\/09\\\/logo-sentinelleSLOGAN-1.png\",\"width\":615,\"height\":142,\"caption\":\"Quotidien La Sentinelle\"},\"image\":{\"@id\":\"https:\\\/\\\/lasentinelle.dz\\\/#\\\/schema\\\/logo\\\/image\\\/\"},\"sameAs\":[\"https:\\\/\\\/www.facebook.com\\\/La-Sentinelle-104059864394773\"]},{\"@type\":\"Person\",\"@id\":\"https:\\\/\\\/lasentinelle.dz\\\/#\\\/schema\\\/person\\\/d865044e22e70a75174ce8bcad3acfb3\",\"name\":\"La Sentinelle\",\"image\":{\"@type\":\"ImageObject\",\"inLanguage\":\"fr-FR\",\"@id\":\"https:\\\/\\\/secure.gravatar.com\\\/avatar\\\/57de8e5d4b15d43fb361a71fbb36338450fe67865b528a43dd10ef7c51a20392?s=96&d=mm&r=g\",\"url\":\"https:\\\/\\\/secure.gravatar.com\\\/avatar\\\/57de8e5d4b15d43fb361a71fbb36338450fe67865b528a43dd10ef7c51a20392?s=96&d=mm&r=g\",\"contentUrl\":\"https:\\\/\\\/secure.gravatar.com\\\/avatar\\\/57de8e5d4b15d43fb361a71fbb36338450fe67865b528a43dd10ef7c51a20392?s=96&d=mm&r=g\",\"caption\":\"La Sentinelle\"},\"sameAs\":[\"http:\\\/\\\/www.lasentinelle.dz\"],\"url\":\"https:\\\/\\\/lasentinelle.dz\\\/author\\\/redaction\\\/\"}]}<\/script>\n<!-- \/ Yoast SEO plugin. -->","yoast_head_json":{"title":"Un comit\u00e9 scientifique cr\u00e9\u00e9 par la CNA\u00a0: Le secteur de l\u2019agriculture se met \u00e0 l&rsquo;\u00e9conomie circulaire - La Sentinelle","robots":{"index":"index","follow":"follow","max-snippet":"max-snippet:-1","max-image-preview":"max-image-preview:large","max-video-preview":"max-video-preview:-1"},"canonical":"https:\/\/lasentinelle.dz\/index.php\/2023\/01\/31\/un-comite-scientifique-cree-par-la-cna-le-secteur-de-lagriculture-se-met-a-leconomie-circulaire\/","og_locale":"fr_FR","og_type":"article","og_title":"Un comit\u00e9 scientifique cr\u00e9\u00e9 par la CNA\u00a0: Le secteur de l\u2019agriculture se met \u00e0 l&rsquo;\u00e9conomie circulaire - La Sentinelle","og_description":"Impl\u00e9menter les concepts de l\u2019\u00e9conomie circulaire dans le secteur de l\u2019agriculture. Tel est l\u2019objectif du comit\u00e9 scientifique multidisciplinaire pour le","og_url":"https:\/\/lasentinelle.dz\/index.php\/2023\/01\/31\/un-comite-scientifique-cree-par-la-cna-le-secteur-de-lagriculture-se-met-a-leconomie-circulaire\/","og_site_name":"La Sentinelle","article_publisher":"https:\/\/www.facebook.com\/La-Sentinelle-104059864394773","article_published_time":"2023-01-31T21:05:00+00:00","og_image":[{"width":855,"height":481,"url":"https:\/\/lasentinelle.dz\/wp-content\/uploads\/2023\/01\/image_2023-01-31_214630274.png","type":"image\/png"}],"author":"La Sentinelle","twitter_card":"summary_large_image","twitter_misc":{"\u00c9crit par":"La Sentinelle","Dur\u00e9e de lecture estim\u00e9e":"3 minutes"},"schema":{"@context":"https:\/\/schema.org","@graph":[{"@type":"Article","@id":"https:\/\/lasentinelle.dz\/index.php\/2023\/01\/31\/un-comite-scientifique-cree-par-la-cna-le-secteur-de-lagriculture-se-met-a-leconomie-circulaire\/#article","isPartOf":{"@id":"https:\/\/lasentinelle.dz\/index.php\/2023\/01\/31\/un-comite-scientifique-cree-par-la-cna-le-secteur-de-lagriculture-se-met-a-leconomie-circulaire\/"},"author":{"name":"La Sentinelle","@id":"https:\/\/lasentinelle.dz\/#\/schema\/person\/d865044e22e70a75174ce8bcad3acfb3"},"headline":"Un comit\u00e9 scientifique cr\u00e9\u00e9 par la CNA\u00a0: Le secteur de l\u2019agriculture se met \u00e0 l&rsquo;\u00e9conomie circulaire","datePublished":"2023-01-31T21:05:00+00:00","mainEntityOfPage":{"@id":"https:\/\/lasentinelle.dz\/index.php\/2023\/01\/31\/un-comite-scientifique-cree-par-la-cna-le-secteur-de-lagriculture-se-met-a-leconomie-circulaire\/"},"wordCount":664,"commentCount":0,"publisher":{"@id":"https:\/\/lasentinelle.dz\/#organization"},"image":{"@id":"https:\/\/lasentinelle.dz\/index.php\/2023\/01\/31\/un-comite-scientifique-cree-par-la-cna-le-secteur-de-lagriculture-se-met-a-leconomie-circulaire\/#primaryimage"},"thumbnailUrl":"https:\/\/lasentinelle.dz\/wp-content\/uploads\/2023\/01\/image_2023-01-31_214630274.png","articleSection":["\u00c9conomie"],"inLanguage":"fr-FR","potentialAction":[{"@type":"CommentAction","name":"Comment","target":["https:\/\/lasentinelle.dz\/index.php\/2023\/01\/31\/un-comite-scientifique-cree-par-la-cna-le-secteur-de-lagriculture-se-met-a-leconomie-circulaire\/#respond"]}]},{"@type":"WebPage","@id":"https:\/\/lasentinelle.dz\/index.php\/2023\/01\/31\/un-comite-scientifique-cree-par-la-cna-le-secteur-de-lagriculture-se-met-a-leconomie-circulaire\/","url":"https:\/\/lasentinelle.dz\/index.php\/2023\/01\/31\/un-comite-scientifique-cree-par-la-cna-le-secteur-de-lagriculture-se-met-a-leconomie-circulaire\/","name":"Un comit\u00e9 scientifique cr\u00e9\u00e9 par la CNA\u00a0: Le secteur de l\u2019agriculture se met \u00e0 l&rsquo;\u00e9conomie circulaire - La Sentinelle","isPartOf":{"@id":"https:\/\/lasentinelle.dz\/#website"},"primaryImageOfPage":{"@id":"https:\/\/lasentinelle.dz\/index.php\/2023\/01\/31\/un-comite-scientifique-cree-par-la-cna-le-secteur-de-lagriculture-se-met-a-leconomie-circulaire\/#primaryimage"},"image":{"@id":"https:\/\/lasentinelle.dz\/index.php\/2023\/01\/31\/un-comite-scientifique-cree-par-la-cna-le-secteur-de-lagriculture-se-met-a-leconomie-circulaire\/#primaryimage"},"thumbnailUrl":"https:\/\/lasentinelle.dz\/wp-content\/uploads\/2023\/01\/image_2023-01-31_214630274.png","datePublished":"2023-01-31T21:05:00+00:00","breadcrumb":{"@id":"https:\/\/lasentinelle.dz\/index.php\/2023\/01\/31\/un-comite-scientifique-cree-par-la-cna-le-secteur-de-lagriculture-se-met-a-leconomie-circulaire\/#breadcrumb"},"inLanguage":"fr-FR","potentialAction":[{"@type":"ReadAction","target":["https:\/\/lasentinelle.dz\/index.php\/2023\/01\/31\/un-comite-scientifique-cree-par-la-cna-le-secteur-de-lagriculture-se-met-a-leconomie-circulaire\/"]}]},{"@type":"ImageObject","inLanguage":"fr-FR","@id":"https:\/\/lasentinelle.dz\/index.php\/2023\/01\/31\/un-comite-scientifique-cree-par-la-cna-le-secteur-de-lagriculture-se-met-a-leconomie-circulaire\/#primaryimage","url":"https:\/\/lasentinelle.dz\/wp-content\/uploads\/2023\/01\/image_2023-01-31_214630274.png","contentUrl":"https:\/\/lasentinelle.dz\/wp-content\/uploads\/2023\/01\/image_2023-01-31_214630274.png","width":855,"height":481},{"@type":"BreadcrumbList","@id":"https:\/\/lasentinelle.dz\/index.php\/2023\/01\/31\/un-comite-scientifique-cree-par-la-cna-le-secteur-de-lagriculture-se-met-a-leconomie-circulaire\/#breadcrumb","itemListElement":[{"@type":"ListItem","position":1,"name":"Accueil","item":"https:\/\/lasentinelle.dz\/"},{"@type":"ListItem","position":2,"name":"Un comit\u00e9 scientifique cr\u00e9\u00e9 par la CNA\u00a0: Le secteur de l\u2019agriculture se met \u00e0 l&rsquo;\u00e9conomie circulaire"}]},{"@type":"WebSite","@id":"https:\/\/lasentinelle.dz\/#website","url":"https:\/\/lasentinelle.dz\/","name":"La Sentinelle","description":"Quotidien national d&#039;information","publisher":{"@id":"https:\/\/lasentinelle.dz\/#organization"},"potentialAction":[{"@type":"SearchAction","target":{"@type":"EntryPoint","urlTemplate":"https:\/\/lasentinelle.dz\/?s={search_term_string}"},"query-input":{"@type":"PropertyValueSpecification","valueRequired":true,"valueName":"search_term_string"}}],"inLanguage":"fr-FR"},{"@type":"Organization","@id":"https:\/\/lasentinelle.dz\/#organization","name":"Quotidien La Sentinelle","url":"https:\/\/lasentinelle.dz\/","logo":{"@type":"ImageObject","inLanguage":"fr-FR","@id":"https:\/\/lasentinelle.dz\/#\/schema\/logo\/image\/","url":"https:\/\/lasentinelle.dz\/wp-content\/uploads\/2021\/09\/logo-sentinelleSLOGAN-1.png","contentUrl":"https:\/\/lasentinelle.dz\/wp-content\/uploads\/2021\/09\/logo-sentinelleSLOGAN-1.png","width":615,"height":142,"caption":"Quotidien La Sentinelle"},"image":{"@id":"https:\/\/lasentinelle.dz\/#\/schema\/logo\/image\/"},"sameAs":["https:\/\/www.facebook.com\/La-Sentinelle-104059864394773"]},{"@type":"Person","@id":"https:\/\/lasentinelle.dz\/#\/schema\/person\/d865044e22e70a75174ce8bcad3acfb3","name":"La Sentinelle","image":{"@type":"ImageObject","inLanguage":"fr-FR","@id":"https:\/\/secure.gravatar.com\/avatar\/57de8e5d4b15d43fb361a71fbb36338450fe67865b528a43dd10ef7c51a20392?s=96&d=mm&r=g","url":"https:\/\/secure.gravatar.com\/avatar\/57de8e5d4b15d43fb361a71fbb36338450fe67865b528a43dd10ef7c51a20392?s=96&d=mm&r=g","contentUrl":"https:\/\/secure.gravatar.com\/avatar\/57de8e5d4b15d43fb361a71fbb36338450fe67865b528a43dd10ef7c51a20392?s=96&d=mm&r=g","caption":"La Sentinelle"},"sameAs":["http:\/\/www.lasentinelle.dz"],"url":"https:\/\/lasentinelle.dz\/author\/redaction\/"}]}},"_links":{"self":[{"href":"https:\/\/lasentinelle.dz\/index.php\/wp-json\/wp\/v2\/posts\/35346","targetHints":{"allow":["GET"]}}],"collection":[{"href":"https:\/\/lasentinelle.dz\/index.php\/wp-json\/wp\/v2\/posts"}],"about":[{"href":"https:\/\/lasentinelle.dz\/index.php\/wp-json\/wp\/v2\/types\/post"}],"author":[{"embeddable":true,"href":"https:\/\/lasentinelle.dz\/index.php\/wp-json\/wp\/v2\/users\/3"}],"replies":[{"embeddable":true,"href":"https:\/\/lasentinelle.dz\/index.php\/wp-json\/wp\/v2\/comments?post=35346"}],"version-history":[{"count":1,"href":"https:\/\/lasentinelle.dz\/index.php\/wp-json\/wp\/v2\/posts\/35346\/revisions"}],"predecessor-version":[{"id":35360,"href":"https:\/\/lasentinelle.dz\/index.php\/wp-json\/wp\/v2\/posts\/35346\/revisions\/35360"}],"wp:featuredmedia":[{"embeddable":true,"href":"https:\/\/lasentinelle.dz\/index.php\/wp-json\/wp\/v2\/media\/35359"}],"wp:attachment":[{"href":"https:\/\/lasentinelle.dz\/index.php\/wp-json\/wp\/v2\/media?parent=35346"}],"wp:term":[{"taxonomy":"category","embeddable":true,"href":"https:\/\/lasentinelle.dz\/index.php\/wp-json\/wp\/v2\/categories?post=35346"},{"taxonomy":"post_tag","embeddable":true,"href":"https:\/\/lasentinelle.dz\/index.php\/wp-json\/wp\/v2\/tags?post=35346"}],"curies":[{"name":"wp","href":"https:\/\/api.w.org\/{rel}","templated":true}]}}