{"id":35361,"date":"2023-02-01T22:00:00","date_gmt":"2023-02-01T21:00:00","guid":{"rendered":"https:\/\/lasentinelle.dz\/?p=35361"},"modified":"2023-02-01T15:58:18","modified_gmt":"2023-02-01T14:58:18","slug":"apres-sa-protestation-devant-un-vehicule-de-la-minurso-un-citoyen-sahraoui-torture-par-les-forces-doccupation-marocaine","status":"publish","type":"post","link":"https:\/\/lasentinelle.dz\/index.php\/2023\/02\/01\/apres-sa-protestation-devant-un-vehicule-de-la-minurso-un-citoyen-sahraoui-torture-par-les-forces-doccupation-marocaine\/","title":{"rendered":"Apr\u00e8s sa protestation devant un v\u00e9hicule de la MINURSO\u00a0: Un citoyen sahraoui tortur\u00e9 par les forces d&rsquo;occupation marocaine"},"content":{"rendered":"\n<p>Un citoyen sahraoui d\u00e9nomm\u00e9 Sidi Brahim Lahcini a \u00e9t\u00e9 tortur\u00e9 par les forces d&rsquo;occupation marocaine, apr\u00e8s sa protestation devant un v\u00e9hicule de la Mission onusienne pour l&rsquo;organisation d&rsquo;un r\u00e9f\u00e9rendum au Sahara occidental (MINURSO), a rapport\u00e9, mardi, l&rsquo;Agence de presse sahraouie (SPS).<\/p>\n\n\n\n<p>Le bureau ex\u00e9cutif du Collectif des d\u00e9fenseurs sahraouis des droits de l&rsquo;Homme au Sahara occidental a indiqu\u00e9 que lorsque Sidi Brahim Lahcici&nbsp; a tent\u00e9 de protester, lundi, dans la ville occup\u00e9e de Boujdour, a \u00e9t\u00e9 violent\u00e9 par des \u00e9l\u00e9ments des forces d&rsquo;occupation marocaine qui lui ont inflig\u00e9 de graves blessures avant de le conduire de force vers le si\u00e8ge du commissariat de police de la ville, o\u00f9 il n&rsquo;avait pas \u00e9t\u00e9 accept\u00e9 en raison de ses blessures.Sidi Brahim Lahcini a subi la torture physique par les forces d&rsquo;occupation marocaine dans la ville occup\u00e9e de Boujdour, en raison de sa participation aux sit-in pacifiques pour revendiquer le droit du peuple sahraoui \u00e0 l&rsquo;autod\u00e9termination et \u00e0 l&rsquo;ind\u00e9pendance en solidarit\u00e9 avec les victimes des crimes contre l&rsquo;Humanit\u00e9 perp\u00e9tr\u00e9s \u00e0 l&rsquo;encontre des civils sahraouis dans les villes occup\u00e9es du Sahara occidental.Le bureau ex\u00e9cutif du Collectif des d\u00e9fenseurs sahraouis des droits de l&rsquo;Homme s&rsquo;est indign\u00e9 de ces crimes contre l&rsquo;Humanit\u00e9 perp\u00e9tr\u00e9s par les forces d&rsquo;occupation marocaine et a exprim\u00e9 sa solidarit\u00e9 absolue avec Sidi Brahim Lahcini et avec toutes les victimes sahraouies qui souffrent des s\u00e9quelles de la torture physique et psychologique.Le bureau ex\u00e9cutif a, en outre, demand\u00e9 \u00e0 la MINURSO, d&rsquo;assumer ses responsabilit\u00e9s, \u00e0 savoir mener une enqu\u00eate urgente sur la torture physique et la n\u00e9gligence m\u00e9dicale inflig\u00e9es \u00e0 Sidi Brahim Lahcini.<\/p>\n\n\n\n<p>APS<\/p>\n","protected":false},"excerpt":{"rendered":"<p>Un citoyen sahraoui d\u00e9nomm\u00e9 Sidi Brahim Lahcini a \u00e9t\u00e9 tortur\u00e9 par les forces d&rsquo;occupation marocaine, apr\u00e8s sa protestation devant un<\/p>\n","protected":false},"author":3,"featured_media":35372,"comment_status":"open","ping_status":"closed","sticky":false,"template":"","format":"standard","meta":{"colormag_page_container_layout":"default_layout","colormag_page_sidebar_layout":"default_layout","om_disable_all_campaigns":false,"_monsterinsights_skip_tracking":false,"_monsterinsights_sitenote_active":false,"_monsterinsights_sitenote_note":"","_monsterinsights_sitenote_category":0,"footnotes":"","_wpscppro_dont_share_socialmedia":false,"_wpscppro_custom_social_share_image":0,"_facebook_share_type":"","_twitter_share_type":"","_linkedin_share_type":"","_pinterest_share_type":"","_linkedin_share_type_page":"","_instagram_share_type":"","_medium_share_type":"","_threads_share_type":"","_google_business_share_type":"","_selected_social_profile":[],"_wpsp_enable_custom_social_template":false,"_wpsp_social_scheduling":{"enabled":false,"datetime":null,"platforms":[],"status":"template_only","dateOption":"today","timeOption":"now","customDays":"","customHours":"","customDate":"","customTime":"","schedulingType":"absolute"},"_wpsp_active_default_template":true},"categories":[37],"tags":[],"class_list":["post-35361","post","type-post","status-publish","format-standard","has-post-thumbnail","hentry","category-monde"],"aioseo_notices":[],"yoast_head":"<!-- This site is optimized with the Yoast SEO plugin v27.5 - https:\/\/yoast.com\/product\/yoast-seo-wordpress\/ -->\n<title>Apr\u00e8s sa protestation devant un v\u00e9hicule de la MINURSO\u00a0: Un citoyen sahraoui tortur\u00e9 par les forces d&rsquo;occupation marocaine - La Sentinelle<\/title>\n<meta name=\"robots\" content=\"index, follow, max-snippet:-1, max-image-preview:large, max-video-preview:-1\" \/>\n<link rel=\"canonical\" href=\"https:\/\/lasentinelle.dz\/index.php\/2023\/02\/01\/apres-sa-protestation-devant-un-vehicule-de-la-minurso-un-citoyen-sahraoui-torture-par-les-forces-doccupation-marocaine\/\" \/>\n<meta property=\"og:locale\" content=\"fr_FR\" \/>\n<meta property=\"og:type\" content=\"article\" \/>\n<meta property=\"og:title\" content=\"Apr\u00e8s sa protestation devant un v\u00e9hicule de la MINURSO\u00a0: Un citoyen sahraoui tortur\u00e9 par les forces d&rsquo;occupation marocaine - La Sentinelle\" \/>\n<meta property=\"og:description\" content=\"Un citoyen sahraoui d\u00e9nomm\u00e9 Sidi Brahim Lahcini a \u00e9t\u00e9 tortur\u00e9 par les forces d&rsquo;occupation marocaine, apr\u00e8s sa protestation devant un\" \/>\n<meta property=\"og:url\" content=\"https:\/\/lasentinelle.dz\/index.php\/2023\/02\/01\/apres-sa-protestation-devant-un-vehicule-de-la-minurso-un-citoyen-sahraoui-torture-par-les-forces-doccupation-marocaine\/\" \/>\n<meta property=\"og:site_name\" content=\"La Sentinelle\" \/>\n<meta property=\"article:publisher\" content=\"https:\/\/www.facebook.com\/La-Sentinelle-104059864394773\" \/>\n<meta property=\"article:published_time\" content=\"2023-02-01T21:00:00+00:00\" \/>\n<meta property=\"og:image\" content=\"https:\/\/lasentinelle.dz\/wp-content\/uploads\/2023\/02\/image_2023-02-01_155811470.png\" \/>\n\t<meta property=\"og:image:width\" content=\"299\" \/>\n\t<meta property=\"og:image:height\" content=\"169\" \/>\n\t<meta property=\"og:image:type\" content=\"image\/png\" \/>\n<meta name=\"author\" content=\"La Sentinelle\" \/>\n<meta name=\"twitter:card\" content=\"summary_large_image\" \/>\n<meta name=\"twitter:label1\" content=\"\u00c9crit par\" \/>\n\t<meta name=\"twitter:data1\" content=\"La Sentinelle\" \/>\n\t<meta name=\"twitter:label2\" content=\"Dur\u00e9e de lecture estim\u00e9e\" \/>\n\t<meta name=\"twitter:data2\" content=\"2 minutes\" \/>\n<script type=\"application\/ld+json\" class=\"yoast-schema-graph\">{\"@context\":\"https:\\\/\\\/schema.org\",\"@graph\":[{\"@type\":\"Article\",\"@id\":\"https:\\\/\\\/lasentinelle.dz\\\/index.php\\\/2023\\\/02\\\/01\\\/apres-sa-protestation-devant-un-vehicule-de-la-minurso-un-citoyen-sahraoui-torture-par-les-forces-doccupation-marocaine\\\/#article\",\"isPartOf\":{\"@id\":\"https:\\\/\\\/lasentinelle.dz\\\/index.php\\\/2023\\\/02\\\/01\\\/apres-sa-protestation-devant-un-vehicule-de-la-minurso-un-citoyen-sahraoui-torture-par-les-forces-doccupation-marocaine\\\/\"},\"author\":{\"name\":\"La Sentinelle\",\"@id\":\"https:\\\/\\\/lasentinelle.dz\\\/#\\\/schema\\\/person\\\/d865044e22e70a75174ce8bcad3acfb3\"},\"headline\":\"Apr\u00e8s sa protestation devant un v\u00e9hicule de la MINURSO\u00a0: Un citoyen sahraoui tortur\u00e9 par les forces d&rsquo;occupation marocaine\",\"datePublished\":\"2023-02-01T21:00:00+00:00\",\"mainEntityOfPage\":{\"@id\":\"https:\\\/\\\/lasentinelle.dz\\\/index.php\\\/2023\\\/02\\\/01\\\/apres-sa-protestation-devant-un-vehicule-de-la-minurso-un-citoyen-sahraoui-torture-par-les-forces-doccupation-marocaine\\\/\"},\"wordCount\":324,\"commentCount\":0,\"publisher\":{\"@id\":\"https:\\\/\\\/lasentinelle.dz\\\/#organization\"},\"image\":{\"@id\":\"https:\\\/\\\/lasentinelle.dz\\\/index.php\\\/2023\\\/02\\\/01\\\/apres-sa-protestation-devant-un-vehicule-de-la-minurso-un-citoyen-sahraoui-torture-par-les-forces-doccupation-marocaine\\\/#primaryimage\"},\"thumbnailUrl\":\"https:\\\/\\\/lasentinelle.dz\\\/wp-content\\\/uploads\\\/2023\\\/02\\\/image_2023-02-01_155811470.png\",\"articleSection\":[\"Monde\"],\"inLanguage\":\"fr-FR\",\"potentialAction\":[{\"@type\":\"CommentAction\",\"name\":\"Comment\",\"target\":[\"https:\\\/\\\/lasentinelle.dz\\\/index.php\\\/2023\\\/02\\\/01\\\/apres-sa-protestation-devant-un-vehicule-de-la-minurso-un-citoyen-sahraoui-torture-par-les-forces-doccupation-marocaine\\\/#respond\"]}]},{\"@type\":\"WebPage\",\"@id\":\"https:\\\/\\\/lasentinelle.dz\\\/index.php\\\/2023\\\/02\\\/01\\\/apres-sa-protestation-devant-un-vehicule-de-la-minurso-un-citoyen-sahraoui-torture-par-les-forces-doccupation-marocaine\\\/\",\"url\":\"https:\\\/\\\/lasentinelle.dz\\\/index.php\\\/2023\\\/02\\\/01\\\/apres-sa-protestation-devant-un-vehicule-de-la-minurso-un-citoyen-sahraoui-torture-par-les-forces-doccupation-marocaine\\\/\",\"name\":\"Apr\u00e8s sa protestation devant un v\u00e9hicule de la MINURSO\u00a0: Un citoyen sahraoui tortur\u00e9 par les forces d&rsquo;occupation marocaine - La Sentinelle\",\"isPartOf\":{\"@id\":\"https:\\\/\\\/lasentinelle.dz\\\/#website\"},\"primaryImageOfPage\":{\"@id\":\"https:\\\/\\\/lasentinelle.dz\\\/index.php\\\/2023\\\/02\\\/01\\\/apres-sa-protestation-devant-un-vehicule-de-la-minurso-un-citoyen-sahraoui-torture-par-les-forces-doccupation-marocaine\\\/#primaryimage\"},\"image\":{\"@id\":\"https:\\\/\\\/lasentinelle.dz\\\/index.php\\\/2023\\\/02\\\/01\\\/apres-sa-protestation-devant-un-vehicule-de-la-minurso-un-citoyen-sahraoui-torture-par-les-forces-doccupation-marocaine\\\/#primaryimage\"},\"thumbnailUrl\":\"https:\\\/\\\/lasentinelle.dz\\\/wp-content\\\/uploads\\\/2023\\\/02\\\/image_2023-02-01_155811470.png\",\"datePublished\":\"2023-02-01T21:00:00+00:00\",\"breadcrumb\":{\"@id\":\"https:\\\/\\\/lasentinelle.dz\\\/index.php\\\/2023\\\/02\\\/01\\\/apres-sa-protestation-devant-un-vehicule-de-la-minurso-un-citoyen-sahraoui-torture-par-les-forces-doccupation-marocaine\\\/#breadcrumb\"},\"inLanguage\":\"fr-FR\",\"potentialAction\":[{\"@type\":\"ReadAction\",\"target\":[\"https:\\\/\\\/lasentinelle.dz\\\/index.php\\\/2023\\\/02\\\/01\\\/apres-sa-protestation-devant-un-vehicule-de-la-minurso-un-citoyen-sahraoui-torture-par-les-forces-doccupation-marocaine\\\/\"]}]},{\"@type\":\"ImageObject\",\"inLanguage\":\"fr-FR\",\"@id\":\"https:\\\/\\\/lasentinelle.dz\\\/index.php\\\/2023\\\/02\\\/01\\\/apres-sa-protestation-devant-un-vehicule-de-la-minurso-un-citoyen-sahraoui-torture-par-les-forces-doccupation-marocaine\\\/#primaryimage\",\"url\":\"https:\\\/\\\/lasentinelle.dz\\\/wp-content\\\/uploads\\\/2023\\\/02\\\/image_2023-02-01_155811470.png\",\"contentUrl\":\"https:\\\/\\\/lasentinelle.dz\\\/wp-content\\\/uploads\\\/2023\\\/02\\\/image_2023-02-01_155811470.png\",\"width\":299,\"height\":169},{\"@type\":\"BreadcrumbList\",\"@id\":\"https:\\\/\\\/lasentinelle.dz\\\/index.php\\\/2023\\\/02\\\/01\\\/apres-sa-protestation-devant-un-vehicule-de-la-minurso-un-citoyen-sahraoui-torture-par-les-forces-doccupation-marocaine\\\/#breadcrumb\",\"itemListElement\":[{\"@type\":\"ListItem\",\"position\":1,\"name\":\"Accueil\",\"item\":\"https:\\\/\\\/lasentinelle.dz\\\/\"},{\"@type\":\"ListItem\",\"position\":2,\"name\":\"Apr\u00e8s sa protestation devant un v\u00e9hicule de la MINURSO\u00a0: Un citoyen sahraoui tortur\u00e9 par les forces d&rsquo;occupation marocaine\"}]},{\"@type\":\"WebSite\",\"@id\":\"https:\\\/\\\/lasentinelle.dz\\\/#website\",\"url\":\"https:\\\/\\\/lasentinelle.dz\\\/\",\"name\":\"La Sentinelle\",\"description\":\"Quotidien national d&#039;information\",\"publisher\":{\"@id\":\"https:\\\/\\\/lasentinelle.dz\\\/#organization\"},\"potentialAction\":[{\"@type\":\"SearchAction\",\"target\":{\"@type\":\"EntryPoint\",\"urlTemplate\":\"https:\\\/\\\/lasentinelle.dz\\\/?s={search_term_string}\"},\"query-input\":{\"@type\":\"PropertyValueSpecification\",\"valueRequired\":true,\"valueName\":\"search_term_string\"}}],\"inLanguage\":\"fr-FR\"},{\"@type\":\"Organization\",\"@id\":\"https:\\\/\\\/lasentinelle.dz\\\/#organization\",\"name\":\"Quotidien La Sentinelle\",\"url\":\"https:\\\/\\\/lasentinelle.dz\\\/\",\"logo\":{\"@type\":\"ImageObject\",\"inLanguage\":\"fr-FR\",\"@id\":\"https:\\\/\\\/lasentinelle.dz\\\/#\\\/schema\\\/logo\\\/image\\\/\",\"url\":\"https:\\\/\\\/lasentinelle.dz\\\/wp-content\\\/uploads\\\/2021\\\/09\\\/logo-sentinelleSLOGAN-1.png\",\"contentUrl\":\"https:\\\/\\\/lasentinelle.dz\\\/wp-content\\\/uploads\\\/2021\\\/09\\\/logo-sentinelleSLOGAN-1.png\",\"width\":615,\"height\":142,\"caption\":\"Quotidien La Sentinelle\"},\"image\":{\"@id\":\"https:\\\/\\\/lasentinelle.dz\\\/#\\\/schema\\\/logo\\\/image\\\/\"},\"sameAs\":[\"https:\\\/\\\/www.facebook.com\\\/La-Sentinelle-104059864394773\"]},{\"@type\":\"Person\",\"@id\":\"https:\\\/\\\/lasentinelle.dz\\\/#\\\/schema\\\/person\\\/d865044e22e70a75174ce8bcad3acfb3\",\"name\":\"La Sentinelle\",\"image\":{\"@type\":\"ImageObject\",\"inLanguage\":\"fr-FR\",\"@id\":\"https:\\\/\\\/secure.gravatar.com\\\/avatar\\\/57de8e5d4b15d43fb361a71fbb36338450fe67865b528a43dd10ef7c51a20392?s=96&d=mm&r=g\",\"url\":\"https:\\\/\\\/secure.gravatar.com\\\/avatar\\\/57de8e5d4b15d43fb361a71fbb36338450fe67865b528a43dd10ef7c51a20392?s=96&d=mm&r=g\",\"contentUrl\":\"https:\\\/\\\/secure.gravatar.com\\\/avatar\\\/57de8e5d4b15d43fb361a71fbb36338450fe67865b528a43dd10ef7c51a20392?s=96&d=mm&r=g\",\"caption\":\"La Sentinelle\"},\"sameAs\":[\"http:\\\/\\\/www.lasentinelle.dz\"],\"url\":\"https:\\\/\\\/lasentinelle.dz\\\/author\\\/redaction\\\/\"}]}<\/script>\n<!-- \/ Yoast SEO plugin. -->","yoast_head_json":{"title":"Apr\u00e8s sa protestation devant un v\u00e9hicule de la MINURSO\u00a0: Un citoyen sahraoui tortur\u00e9 par les forces d&rsquo;occupation marocaine - La Sentinelle","robots":{"index":"index","follow":"follow","max-snippet":"max-snippet:-1","max-image-preview":"max-image-preview:large","max-video-preview":"max-video-preview:-1"},"canonical":"https:\/\/lasentinelle.dz\/index.php\/2023\/02\/01\/apres-sa-protestation-devant-un-vehicule-de-la-minurso-un-citoyen-sahraoui-torture-par-les-forces-doccupation-marocaine\/","og_locale":"fr_FR","og_type":"article","og_title":"Apr\u00e8s sa protestation devant un v\u00e9hicule de la MINURSO\u00a0: Un citoyen sahraoui tortur\u00e9 par les forces d&rsquo;occupation marocaine - La Sentinelle","og_description":"Un citoyen sahraoui d\u00e9nomm\u00e9 Sidi Brahim Lahcini a \u00e9t\u00e9 tortur\u00e9 par les forces d&rsquo;occupation marocaine, apr\u00e8s sa protestation devant un","og_url":"https:\/\/lasentinelle.dz\/index.php\/2023\/02\/01\/apres-sa-protestation-devant-un-vehicule-de-la-minurso-un-citoyen-sahraoui-torture-par-les-forces-doccupation-marocaine\/","og_site_name":"La Sentinelle","article_publisher":"https:\/\/www.facebook.com\/La-Sentinelle-104059864394773","article_published_time":"2023-02-01T21:00:00+00:00","og_image":[{"width":299,"height":169,"url":"https:\/\/lasentinelle.dz\/wp-content\/uploads\/2023\/02\/image_2023-02-01_155811470.png","type":"image\/png"}],"author":"La Sentinelle","twitter_card":"summary_large_image","twitter_misc":{"\u00c9crit par":"La Sentinelle","Dur\u00e9e de lecture estim\u00e9e":"2 minutes"},"schema":{"@context":"https:\/\/schema.org","@graph":[{"@type":"Article","@id":"https:\/\/lasentinelle.dz\/index.php\/2023\/02\/01\/apres-sa-protestation-devant-un-vehicule-de-la-minurso-un-citoyen-sahraoui-torture-par-les-forces-doccupation-marocaine\/#article","isPartOf":{"@id":"https:\/\/lasentinelle.dz\/index.php\/2023\/02\/01\/apres-sa-protestation-devant-un-vehicule-de-la-minurso-un-citoyen-sahraoui-torture-par-les-forces-doccupation-marocaine\/"},"author":{"name":"La Sentinelle","@id":"https:\/\/lasentinelle.dz\/#\/schema\/person\/d865044e22e70a75174ce8bcad3acfb3"},"headline":"Apr\u00e8s sa protestation devant un v\u00e9hicule de la MINURSO\u00a0: Un citoyen sahraoui tortur\u00e9 par les forces d&rsquo;occupation marocaine","datePublished":"2023-02-01T21:00:00+00:00","mainEntityOfPage":{"@id":"https:\/\/lasentinelle.dz\/index.php\/2023\/02\/01\/apres-sa-protestation-devant-un-vehicule-de-la-minurso-un-citoyen-sahraoui-torture-par-les-forces-doccupation-marocaine\/"},"wordCount":324,"commentCount":0,"publisher":{"@id":"https:\/\/lasentinelle.dz\/#organization"},"image":{"@id":"https:\/\/lasentinelle.dz\/index.php\/2023\/02\/01\/apres-sa-protestation-devant-un-vehicule-de-la-minurso-un-citoyen-sahraoui-torture-par-les-forces-doccupation-marocaine\/#primaryimage"},"thumbnailUrl":"https:\/\/lasentinelle.dz\/wp-content\/uploads\/2023\/02\/image_2023-02-01_155811470.png","articleSection":["Monde"],"inLanguage":"fr-FR","potentialAction":[{"@type":"CommentAction","name":"Comment","target":["https:\/\/lasentinelle.dz\/index.php\/2023\/02\/01\/apres-sa-protestation-devant-un-vehicule-de-la-minurso-un-citoyen-sahraoui-torture-par-les-forces-doccupation-marocaine\/#respond"]}]},{"@type":"WebPage","@id":"https:\/\/lasentinelle.dz\/index.php\/2023\/02\/01\/apres-sa-protestation-devant-un-vehicule-de-la-minurso-un-citoyen-sahraoui-torture-par-les-forces-doccupation-marocaine\/","url":"https:\/\/lasentinelle.dz\/index.php\/2023\/02\/01\/apres-sa-protestation-devant-un-vehicule-de-la-minurso-un-citoyen-sahraoui-torture-par-les-forces-doccupation-marocaine\/","name":"Apr\u00e8s sa protestation devant un v\u00e9hicule de la MINURSO\u00a0: Un citoyen sahraoui tortur\u00e9 par les forces d&rsquo;occupation marocaine - La Sentinelle","isPartOf":{"@id":"https:\/\/lasentinelle.dz\/#website"},"primaryImageOfPage":{"@id":"https:\/\/lasentinelle.dz\/index.php\/2023\/02\/01\/apres-sa-protestation-devant-un-vehicule-de-la-minurso-un-citoyen-sahraoui-torture-par-les-forces-doccupation-marocaine\/#primaryimage"},"image":{"@id":"https:\/\/lasentinelle.dz\/index.php\/2023\/02\/01\/apres-sa-protestation-devant-un-vehicule-de-la-minurso-un-citoyen-sahraoui-torture-par-les-forces-doccupation-marocaine\/#primaryimage"},"thumbnailUrl":"https:\/\/lasentinelle.dz\/wp-content\/uploads\/2023\/02\/image_2023-02-01_155811470.png","datePublished":"2023-02-01T21:00:00+00:00","breadcrumb":{"@id":"https:\/\/lasentinelle.dz\/index.php\/2023\/02\/01\/apres-sa-protestation-devant-un-vehicule-de-la-minurso-un-citoyen-sahraoui-torture-par-les-forces-doccupation-marocaine\/#breadcrumb"},"inLanguage":"fr-FR","potentialAction":[{"@type":"ReadAction","target":["https:\/\/lasentinelle.dz\/index.php\/2023\/02\/01\/apres-sa-protestation-devant-un-vehicule-de-la-minurso-un-citoyen-sahraoui-torture-par-les-forces-doccupation-marocaine\/"]}]},{"@type":"ImageObject","inLanguage":"fr-FR","@id":"https:\/\/lasentinelle.dz\/index.php\/2023\/02\/01\/apres-sa-protestation-devant-un-vehicule-de-la-minurso-un-citoyen-sahraoui-torture-par-les-forces-doccupation-marocaine\/#primaryimage","url":"https:\/\/lasentinelle.dz\/wp-content\/uploads\/2023\/02\/image_2023-02-01_155811470.png","contentUrl":"https:\/\/lasentinelle.dz\/wp-content\/uploads\/2023\/02\/image_2023-02-01_155811470.png","width":299,"height":169},{"@type":"BreadcrumbList","@id":"https:\/\/lasentinelle.dz\/index.php\/2023\/02\/01\/apres-sa-protestation-devant-un-vehicule-de-la-minurso-un-citoyen-sahraoui-torture-par-les-forces-doccupation-marocaine\/#breadcrumb","itemListElement":[{"@type":"ListItem","position":1,"name":"Accueil","item":"https:\/\/lasentinelle.dz\/"},{"@type":"ListItem","position":2,"name":"Apr\u00e8s sa protestation devant un v\u00e9hicule de la MINURSO\u00a0: Un citoyen sahraoui tortur\u00e9 par les forces d&rsquo;occupation marocaine"}]},{"@type":"WebSite","@id":"https:\/\/lasentinelle.dz\/#website","url":"https:\/\/lasentinelle.dz\/","name":"La Sentinelle","description":"Quotidien national d&#039;information","publisher":{"@id":"https:\/\/lasentinelle.dz\/#organization"},"potentialAction":[{"@type":"SearchAction","target":{"@type":"EntryPoint","urlTemplate":"https:\/\/lasentinelle.dz\/?s={search_term_string}"},"query-input":{"@type":"PropertyValueSpecification","valueRequired":true,"valueName":"search_term_string"}}],"inLanguage":"fr-FR"},{"@type":"Organization","@id":"https:\/\/lasentinelle.dz\/#organization","name":"Quotidien La Sentinelle","url":"https:\/\/lasentinelle.dz\/","logo":{"@type":"ImageObject","inLanguage":"fr-FR","@id":"https:\/\/lasentinelle.dz\/#\/schema\/logo\/image\/","url":"https:\/\/lasentinelle.dz\/wp-content\/uploads\/2021\/09\/logo-sentinelleSLOGAN-1.png","contentUrl":"https:\/\/lasentinelle.dz\/wp-content\/uploads\/2021\/09\/logo-sentinelleSLOGAN-1.png","width":615,"height":142,"caption":"Quotidien La Sentinelle"},"image":{"@id":"https:\/\/lasentinelle.dz\/#\/schema\/logo\/image\/"},"sameAs":["https:\/\/www.facebook.com\/La-Sentinelle-104059864394773"]},{"@type":"Person","@id":"https:\/\/lasentinelle.dz\/#\/schema\/person\/d865044e22e70a75174ce8bcad3acfb3","name":"La Sentinelle","image":{"@type":"ImageObject","inLanguage":"fr-FR","@id":"https:\/\/secure.gravatar.com\/avatar\/57de8e5d4b15d43fb361a71fbb36338450fe67865b528a43dd10ef7c51a20392?s=96&d=mm&r=g","url":"https:\/\/secure.gravatar.com\/avatar\/57de8e5d4b15d43fb361a71fbb36338450fe67865b528a43dd10ef7c51a20392?s=96&d=mm&r=g","contentUrl":"https:\/\/secure.gravatar.com\/avatar\/57de8e5d4b15d43fb361a71fbb36338450fe67865b528a43dd10ef7c51a20392?s=96&d=mm&r=g","caption":"La Sentinelle"},"sameAs":["http:\/\/www.lasentinelle.dz"],"url":"https:\/\/lasentinelle.dz\/author\/redaction\/"}]}},"_links":{"self":[{"href":"https:\/\/lasentinelle.dz\/index.php\/wp-json\/wp\/v2\/posts\/35361","targetHints":{"allow":["GET"]}}],"collection":[{"href":"https:\/\/lasentinelle.dz\/index.php\/wp-json\/wp\/v2\/posts"}],"about":[{"href":"https:\/\/lasentinelle.dz\/index.php\/wp-json\/wp\/v2\/types\/post"}],"author":[{"embeddable":true,"href":"https:\/\/lasentinelle.dz\/index.php\/wp-json\/wp\/v2\/users\/3"}],"replies":[{"embeddable":true,"href":"https:\/\/lasentinelle.dz\/index.php\/wp-json\/wp\/v2\/comments?post=35361"}],"version-history":[{"count":1,"href":"https:\/\/lasentinelle.dz\/index.php\/wp-json\/wp\/v2\/posts\/35361\/revisions"}],"predecessor-version":[{"id":35373,"href":"https:\/\/lasentinelle.dz\/index.php\/wp-json\/wp\/v2\/posts\/35361\/revisions\/35373"}],"wp:featuredmedia":[{"embeddable":true,"href":"https:\/\/lasentinelle.dz\/index.php\/wp-json\/wp\/v2\/media\/35372"}],"wp:attachment":[{"href":"https:\/\/lasentinelle.dz\/index.php\/wp-json\/wp\/v2\/media?parent=35361"}],"wp:term":[{"taxonomy":"category","embeddable":true,"href":"https:\/\/lasentinelle.dz\/index.php\/wp-json\/wp\/v2\/categories?post=35361"},{"taxonomy":"post_tag","embeddable":true,"href":"https:\/\/lasentinelle.dz\/index.php\/wp-json\/wp\/v2\/tags?post=35361"}],"curies":[{"name":"wp","href":"https:\/\/api.w.org\/{rel}","templated":true}]}}