{"id":35391,"date":"2023-02-01T22:05:00","date_gmt":"2023-02-01T21:05:00","guid":{"rendered":"https:\/\/lasentinelle.dz\/?p=35391"},"modified":"2023-02-01T18:13:14","modified_gmt":"2023-02-01T17:13:14","slug":"le-general-darmee-chanegriha-recoit-le-co-president-de-la-commission-mixte-algero-emiratie-chargee-de-la-cooperation-militaire","status":"publish","type":"post","link":"https:\/\/lasentinelle.dz\/index.php\/2023\/02\/01\/le-general-darmee-chanegriha-recoit-le-co-president-de-la-commission-mixte-algero-emiratie-chargee-de-la-cooperation-militaire\/","title":{"rendered":"Le G\u00e9n\u00e9ral d&rsquo;Arm\u00e9e Chanegriha re\u00e7oit le co-pr\u00e9sident de la Commission mixte alg\u00e9ro-\u00e9miratie charg\u00e9e de la coop\u00e9ration militaire"},"content":{"rendered":"\n<p>Le G\u00e9n\u00e9ral d\u2019Arm\u00e9e, Sa\u00efd Chanegriha, Chef d\u2019Etat-Major de l\u2019Arm\u00e9e nationale populaire (ANP) a re\u00e7u en audience, hier, au si\u00e8ge de l\u2019Etat-Major de l&rsquo;ANP \u00e0 Alger, le G\u00e9n\u00e9ral-Major Mubarak Saeed Ghafan Al Djabri, co-pr\u00e9sident de la Commission mixte alg\u00e9ro-\u00e9miratie charg\u00e9e de la coop\u00e9ration militaire et sous-secr\u00e9taire adjoint aux Industries de Soutien et de D\u00e9fense au minist\u00e8re de la D\u00e9fense \u00e9miratie, indique un communiqu\u00e9 du minist\u00e8re de la D\u00e9fense nationale (MDN).\u00a0\u00bbOnt pris part \u00e0 cette audience, qui intervient en marge des travaux de la 11e session de la Commission mixte alg\u00e9ro-\u00e9miratie charg\u00e9e de la coop\u00e9ration militaire, le Chef du d\u00e9partement des approvisionnements, des directeurs centraux de l\u2019Etat-Major de l\u2019Arm\u00e9e nationale populaire et du minist\u00e8re de la D\u00e9fense nationale, ainsi que les membres de la d\u00e9l\u00e9gation \u00ab\u00a0, souligne la m\u00eame source.Lors de cette rencontre, \u00ab\u00a0les deux parties ont tenu des discussions sur l\u2019\u00e9tat de la coop\u00e9ration militaire entre les deux pays fr\u00e8res, et ont \u00e9chang\u00e9 les analyses et les points de vue sur les questions d\u2019int\u00e9r\u00eat commun\u00a0\u00bb, ajoute le communiqu\u00e9.<\/p>\n\n\n\n<p>APS<\/p>\n","protected":false},"excerpt":{"rendered":"<p>Le G\u00e9n\u00e9ral d\u2019Arm\u00e9e, Sa\u00efd Chanegriha, Chef d\u2019Etat-Major de l\u2019Arm\u00e9e nationale populaire (ANP) a re\u00e7u en audience, hier, au si\u00e8ge de<\/p>\n","protected":false},"author":3,"featured_media":35408,"comment_status":"open","ping_status":"closed","sticky":false,"template":"","format":"standard","meta":{"colormag_page_container_layout":"default_layout","colormag_page_sidebar_layout":"default_layout","om_disable_all_campaigns":false,"_monsterinsights_skip_tracking":false,"_monsterinsights_sitenote_active":false,"_monsterinsights_sitenote_note":"","_monsterinsights_sitenote_category":0,"footnotes":"","_wpscppro_dont_share_socialmedia":false,"_wpscppro_custom_social_share_image":0,"_facebook_share_type":"","_twitter_share_type":"","_linkedin_share_type":"","_pinterest_share_type":"","_linkedin_share_type_page":"","_instagram_share_type":"","_medium_share_type":"","_threads_share_type":"","_google_business_share_type":"","_selected_social_profile":[],"_wpsp_enable_custom_social_template":false,"_wpsp_social_scheduling":{"enabled":false,"datetime":null,"platforms":[],"status":"template_only","dateOption":"today","timeOption":"now","customDays":"","customHours":"","customDate":"","customTime":"","schedulingType":"absolute"},"_wpsp_active_default_template":true},"categories":[27],"tags":[],"class_list":["post-35391","post","type-post","status-publish","format-standard","has-post-thumbnail","hentry","category-actualite"],"aioseo_notices":[],"yoast_head":"<!-- This site is optimized with the Yoast SEO plugin v27.5 - https:\/\/yoast.com\/product\/yoast-seo-wordpress\/ -->\n<title>Le G\u00e9n\u00e9ral d&rsquo;Arm\u00e9e Chanegriha re\u00e7oit le co-pr\u00e9sident de la Commission mixte alg\u00e9ro-\u00e9miratie charg\u00e9e de la coop\u00e9ration militaire - La Sentinelle<\/title>\n<meta name=\"robots\" content=\"index, follow, max-snippet:-1, max-image-preview:large, max-video-preview:-1\" \/>\n<link rel=\"canonical\" href=\"https:\/\/lasentinelle.dz\/index.php\/2023\/02\/01\/le-general-darmee-chanegriha-recoit-le-co-president-de-la-commission-mixte-algero-emiratie-chargee-de-la-cooperation-militaire\/\" \/>\n<meta property=\"og:locale\" content=\"fr_FR\" \/>\n<meta property=\"og:type\" content=\"article\" \/>\n<meta property=\"og:title\" content=\"Le G\u00e9n\u00e9ral d&rsquo;Arm\u00e9e Chanegriha re\u00e7oit le co-pr\u00e9sident de la Commission mixte alg\u00e9ro-\u00e9miratie charg\u00e9e de la coop\u00e9ration militaire - La Sentinelle\" \/>\n<meta property=\"og:description\" content=\"Le G\u00e9n\u00e9ral d\u2019Arm\u00e9e, Sa\u00efd Chanegriha, Chef d\u2019Etat-Major de l\u2019Arm\u00e9e nationale populaire (ANP) a re\u00e7u en audience, hier, au si\u00e8ge de\" \/>\n<meta property=\"og:url\" content=\"https:\/\/lasentinelle.dz\/index.php\/2023\/02\/01\/le-general-darmee-chanegriha-recoit-le-co-president-de-la-commission-mixte-algero-emiratie-chargee-de-la-cooperation-militaire\/\" \/>\n<meta property=\"og:site_name\" content=\"La Sentinelle\" \/>\n<meta property=\"article:publisher\" content=\"https:\/\/www.facebook.com\/La-Sentinelle-104059864394773\" \/>\n<meta property=\"article:published_time\" content=\"2023-02-01T21:05:00+00:00\" \/>\n<meta property=\"og:image\" content=\"https:\/\/lasentinelle.dz\/wp-content\/uploads\/2023\/02\/Sans-titre-2.png\" \/>\n\t<meta property=\"og:image:width\" content=\"1350\" \/>\n\t<meta property=\"og:image:height\" content=\"900\" \/>\n\t<meta property=\"og:image:type\" content=\"image\/png\" \/>\n<meta name=\"author\" content=\"La Sentinelle\" \/>\n<meta name=\"twitter:card\" content=\"summary_large_image\" \/>\n<meta name=\"twitter:label1\" content=\"\u00c9crit par\" \/>\n\t<meta name=\"twitter:data1\" content=\"La Sentinelle\" \/>\n\t<meta name=\"twitter:label2\" content=\"Dur\u00e9e de lecture estim\u00e9e\" \/>\n\t<meta name=\"twitter:data2\" content=\"1 minute\" \/>\n<script type=\"application\/ld+json\" class=\"yoast-schema-graph\">{\"@context\":\"https:\\\/\\\/schema.org\",\"@graph\":[{\"@type\":\"Article\",\"@id\":\"https:\\\/\\\/lasentinelle.dz\\\/index.php\\\/2023\\\/02\\\/01\\\/le-general-darmee-chanegriha-recoit-le-co-president-de-la-commission-mixte-algero-emiratie-chargee-de-la-cooperation-militaire\\\/#article\",\"isPartOf\":{\"@id\":\"https:\\\/\\\/lasentinelle.dz\\\/index.php\\\/2023\\\/02\\\/01\\\/le-general-darmee-chanegriha-recoit-le-co-president-de-la-commission-mixte-algero-emiratie-chargee-de-la-cooperation-militaire\\\/\"},\"author\":{\"name\":\"La Sentinelle\",\"@id\":\"https:\\\/\\\/lasentinelle.dz\\\/#\\\/schema\\\/person\\\/d865044e22e70a75174ce8bcad3acfb3\"},\"headline\":\"Le G\u00e9n\u00e9ral d&rsquo;Arm\u00e9e Chanegriha re\u00e7oit le co-pr\u00e9sident de la Commission mixte alg\u00e9ro-\u00e9miratie charg\u00e9e de la coop\u00e9ration militaire\",\"datePublished\":\"2023-02-01T21:05:00+00:00\",\"mainEntityOfPage\":{\"@id\":\"https:\\\/\\\/lasentinelle.dz\\\/index.php\\\/2023\\\/02\\\/01\\\/le-general-darmee-chanegriha-recoit-le-co-president-de-la-commission-mixte-algero-emiratie-chargee-de-la-cooperation-militaire\\\/\"},\"wordCount\":239,\"commentCount\":0,\"publisher\":{\"@id\":\"https:\\\/\\\/lasentinelle.dz\\\/#organization\"},\"image\":{\"@id\":\"https:\\\/\\\/lasentinelle.dz\\\/index.php\\\/2023\\\/02\\\/01\\\/le-general-darmee-chanegriha-recoit-le-co-president-de-la-commission-mixte-algero-emiratie-chargee-de-la-cooperation-militaire\\\/#primaryimage\"},\"thumbnailUrl\":\"https:\\\/\\\/lasentinelle.dz\\\/wp-content\\\/uploads\\\/2023\\\/02\\\/Sans-titre-2.png\",\"articleSection\":[\"Actualit\u00e9\"],\"inLanguage\":\"fr-FR\",\"potentialAction\":[{\"@type\":\"CommentAction\",\"name\":\"Comment\",\"target\":[\"https:\\\/\\\/lasentinelle.dz\\\/index.php\\\/2023\\\/02\\\/01\\\/le-general-darmee-chanegriha-recoit-le-co-president-de-la-commission-mixte-algero-emiratie-chargee-de-la-cooperation-militaire\\\/#respond\"]}]},{\"@type\":\"WebPage\",\"@id\":\"https:\\\/\\\/lasentinelle.dz\\\/index.php\\\/2023\\\/02\\\/01\\\/le-general-darmee-chanegriha-recoit-le-co-president-de-la-commission-mixte-algero-emiratie-chargee-de-la-cooperation-militaire\\\/\",\"url\":\"https:\\\/\\\/lasentinelle.dz\\\/index.php\\\/2023\\\/02\\\/01\\\/le-general-darmee-chanegriha-recoit-le-co-president-de-la-commission-mixte-algero-emiratie-chargee-de-la-cooperation-militaire\\\/\",\"name\":\"Le G\u00e9n\u00e9ral d&rsquo;Arm\u00e9e Chanegriha re\u00e7oit le co-pr\u00e9sident de la Commission mixte alg\u00e9ro-\u00e9miratie charg\u00e9e de la coop\u00e9ration militaire - La Sentinelle\",\"isPartOf\":{\"@id\":\"https:\\\/\\\/lasentinelle.dz\\\/#website\"},\"primaryImageOfPage\":{\"@id\":\"https:\\\/\\\/lasentinelle.dz\\\/index.php\\\/2023\\\/02\\\/01\\\/le-general-darmee-chanegriha-recoit-le-co-president-de-la-commission-mixte-algero-emiratie-chargee-de-la-cooperation-militaire\\\/#primaryimage\"},\"image\":{\"@id\":\"https:\\\/\\\/lasentinelle.dz\\\/index.php\\\/2023\\\/02\\\/01\\\/le-general-darmee-chanegriha-recoit-le-co-president-de-la-commission-mixte-algero-emiratie-chargee-de-la-cooperation-militaire\\\/#primaryimage\"},\"thumbnailUrl\":\"https:\\\/\\\/lasentinelle.dz\\\/wp-content\\\/uploads\\\/2023\\\/02\\\/Sans-titre-2.png\",\"datePublished\":\"2023-02-01T21:05:00+00:00\",\"breadcrumb\":{\"@id\":\"https:\\\/\\\/lasentinelle.dz\\\/index.php\\\/2023\\\/02\\\/01\\\/le-general-darmee-chanegriha-recoit-le-co-president-de-la-commission-mixte-algero-emiratie-chargee-de-la-cooperation-militaire\\\/#breadcrumb\"},\"inLanguage\":\"fr-FR\",\"potentialAction\":[{\"@type\":\"ReadAction\",\"target\":[\"https:\\\/\\\/lasentinelle.dz\\\/index.php\\\/2023\\\/02\\\/01\\\/le-general-darmee-chanegriha-recoit-le-co-president-de-la-commission-mixte-algero-emiratie-chargee-de-la-cooperation-militaire\\\/\"]}]},{\"@type\":\"ImageObject\",\"inLanguage\":\"fr-FR\",\"@id\":\"https:\\\/\\\/lasentinelle.dz\\\/index.php\\\/2023\\\/02\\\/01\\\/le-general-darmee-chanegriha-recoit-le-co-president-de-la-commission-mixte-algero-emiratie-chargee-de-la-cooperation-militaire\\\/#primaryimage\",\"url\":\"https:\\\/\\\/lasentinelle.dz\\\/wp-content\\\/uploads\\\/2023\\\/02\\\/Sans-titre-2.png\",\"contentUrl\":\"https:\\\/\\\/lasentinelle.dz\\\/wp-content\\\/uploads\\\/2023\\\/02\\\/Sans-titre-2.png\",\"width\":1350,\"height\":900},{\"@type\":\"BreadcrumbList\",\"@id\":\"https:\\\/\\\/lasentinelle.dz\\\/index.php\\\/2023\\\/02\\\/01\\\/le-general-darmee-chanegriha-recoit-le-co-president-de-la-commission-mixte-algero-emiratie-chargee-de-la-cooperation-militaire\\\/#breadcrumb\",\"itemListElement\":[{\"@type\":\"ListItem\",\"position\":1,\"name\":\"Accueil\",\"item\":\"https:\\\/\\\/lasentinelle.dz\\\/\"},{\"@type\":\"ListItem\",\"position\":2,\"name\":\"Le G\u00e9n\u00e9ral d&rsquo;Arm\u00e9e Chanegriha re\u00e7oit le co-pr\u00e9sident de la Commission mixte alg\u00e9ro-\u00e9miratie charg\u00e9e de la coop\u00e9ration militaire\"}]},{\"@type\":\"WebSite\",\"@id\":\"https:\\\/\\\/lasentinelle.dz\\\/#website\",\"url\":\"https:\\\/\\\/lasentinelle.dz\\\/\",\"name\":\"La Sentinelle\",\"description\":\"Quotidien national d&#039;information\",\"publisher\":{\"@id\":\"https:\\\/\\\/lasentinelle.dz\\\/#organization\"},\"potentialAction\":[{\"@type\":\"SearchAction\",\"target\":{\"@type\":\"EntryPoint\",\"urlTemplate\":\"https:\\\/\\\/lasentinelle.dz\\\/?s={search_term_string}\"},\"query-input\":{\"@type\":\"PropertyValueSpecification\",\"valueRequired\":true,\"valueName\":\"search_term_string\"}}],\"inLanguage\":\"fr-FR\"},{\"@type\":\"Organization\",\"@id\":\"https:\\\/\\\/lasentinelle.dz\\\/#organization\",\"name\":\"Quotidien La Sentinelle\",\"url\":\"https:\\\/\\\/lasentinelle.dz\\\/\",\"logo\":{\"@type\":\"ImageObject\",\"inLanguage\":\"fr-FR\",\"@id\":\"https:\\\/\\\/lasentinelle.dz\\\/#\\\/schema\\\/logo\\\/image\\\/\",\"url\":\"https:\\\/\\\/lasentinelle.dz\\\/wp-content\\\/uploads\\\/2021\\\/09\\\/logo-sentinelleSLOGAN-1.png\",\"contentUrl\":\"https:\\\/\\\/lasentinelle.dz\\\/wp-content\\\/uploads\\\/2021\\\/09\\\/logo-sentinelleSLOGAN-1.png\",\"width\":615,\"height\":142,\"caption\":\"Quotidien La Sentinelle\"},\"image\":{\"@id\":\"https:\\\/\\\/lasentinelle.dz\\\/#\\\/schema\\\/logo\\\/image\\\/\"},\"sameAs\":[\"https:\\\/\\\/www.facebook.com\\\/La-Sentinelle-104059864394773\"]},{\"@type\":\"Person\",\"@id\":\"https:\\\/\\\/lasentinelle.dz\\\/#\\\/schema\\\/person\\\/d865044e22e70a75174ce8bcad3acfb3\",\"name\":\"La Sentinelle\",\"image\":{\"@type\":\"ImageObject\",\"inLanguage\":\"fr-FR\",\"@id\":\"https:\\\/\\\/secure.gravatar.com\\\/avatar\\\/57de8e5d4b15d43fb361a71fbb36338450fe67865b528a43dd10ef7c51a20392?s=96&d=mm&r=g\",\"url\":\"https:\\\/\\\/secure.gravatar.com\\\/avatar\\\/57de8e5d4b15d43fb361a71fbb36338450fe67865b528a43dd10ef7c51a20392?s=96&d=mm&r=g\",\"contentUrl\":\"https:\\\/\\\/secure.gravatar.com\\\/avatar\\\/57de8e5d4b15d43fb361a71fbb36338450fe67865b528a43dd10ef7c51a20392?s=96&d=mm&r=g\",\"caption\":\"La Sentinelle\"},\"sameAs\":[\"http:\\\/\\\/www.lasentinelle.dz\"],\"url\":\"https:\\\/\\\/lasentinelle.dz\\\/author\\\/redaction\\\/\"}]}<\/script>\n<!-- \/ Yoast SEO plugin. -->","yoast_head_json":{"title":"Le G\u00e9n\u00e9ral d&rsquo;Arm\u00e9e Chanegriha re\u00e7oit le co-pr\u00e9sident de la Commission mixte alg\u00e9ro-\u00e9miratie charg\u00e9e de la coop\u00e9ration militaire - La Sentinelle","robots":{"index":"index","follow":"follow","max-snippet":"max-snippet:-1","max-image-preview":"max-image-preview:large","max-video-preview":"max-video-preview:-1"},"canonical":"https:\/\/lasentinelle.dz\/index.php\/2023\/02\/01\/le-general-darmee-chanegriha-recoit-le-co-president-de-la-commission-mixte-algero-emiratie-chargee-de-la-cooperation-militaire\/","og_locale":"fr_FR","og_type":"article","og_title":"Le G\u00e9n\u00e9ral d&rsquo;Arm\u00e9e Chanegriha re\u00e7oit le co-pr\u00e9sident de la Commission mixte alg\u00e9ro-\u00e9miratie charg\u00e9e de la coop\u00e9ration militaire - La Sentinelle","og_description":"Le G\u00e9n\u00e9ral d\u2019Arm\u00e9e, Sa\u00efd Chanegriha, Chef d\u2019Etat-Major de l\u2019Arm\u00e9e nationale populaire (ANP) a re\u00e7u en audience, hier, au si\u00e8ge de","og_url":"https:\/\/lasentinelle.dz\/index.php\/2023\/02\/01\/le-general-darmee-chanegriha-recoit-le-co-president-de-la-commission-mixte-algero-emiratie-chargee-de-la-cooperation-militaire\/","og_site_name":"La Sentinelle","article_publisher":"https:\/\/www.facebook.com\/La-Sentinelle-104059864394773","article_published_time":"2023-02-01T21:05:00+00:00","og_image":[{"width":1350,"height":900,"url":"https:\/\/lasentinelle.dz\/wp-content\/uploads\/2023\/02\/Sans-titre-2.png","type":"image\/png"}],"author":"La Sentinelle","twitter_card":"summary_large_image","twitter_misc":{"\u00c9crit par":"La Sentinelle","Dur\u00e9e de lecture estim\u00e9e":"1 minute"},"schema":{"@context":"https:\/\/schema.org","@graph":[{"@type":"Article","@id":"https:\/\/lasentinelle.dz\/index.php\/2023\/02\/01\/le-general-darmee-chanegriha-recoit-le-co-president-de-la-commission-mixte-algero-emiratie-chargee-de-la-cooperation-militaire\/#article","isPartOf":{"@id":"https:\/\/lasentinelle.dz\/index.php\/2023\/02\/01\/le-general-darmee-chanegriha-recoit-le-co-president-de-la-commission-mixte-algero-emiratie-chargee-de-la-cooperation-militaire\/"},"author":{"name":"La Sentinelle","@id":"https:\/\/lasentinelle.dz\/#\/schema\/person\/d865044e22e70a75174ce8bcad3acfb3"},"headline":"Le G\u00e9n\u00e9ral d&rsquo;Arm\u00e9e Chanegriha re\u00e7oit le co-pr\u00e9sident de la Commission mixte alg\u00e9ro-\u00e9miratie charg\u00e9e de la coop\u00e9ration militaire","datePublished":"2023-02-01T21:05:00+00:00","mainEntityOfPage":{"@id":"https:\/\/lasentinelle.dz\/index.php\/2023\/02\/01\/le-general-darmee-chanegriha-recoit-le-co-president-de-la-commission-mixte-algero-emiratie-chargee-de-la-cooperation-militaire\/"},"wordCount":239,"commentCount":0,"publisher":{"@id":"https:\/\/lasentinelle.dz\/#organization"},"image":{"@id":"https:\/\/lasentinelle.dz\/index.php\/2023\/02\/01\/le-general-darmee-chanegriha-recoit-le-co-president-de-la-commission-mixte-algero-emiratie-chargee-de-la-cooperation-militaire\/#primaryimage"},"thumbnailUrl":"https:\/\/lasentinelle.dz\/wp-content\/uploads\/2023\/02\/Sans-titre-2.png","articleSection":["Actualit\u00e9"],"inLanguage":"fr-FR","potentialAction":[{"@type":"CommentAction","name":"Comment","target":["https:\/\/lasentinelle.dz\/index.php\/2023\/02\/01\/le-general-darmee-chanegriha-recoit-le-co-president-de-la-commission-mixte-algero-emiratie-chargee-de-la-cooperation-militaire\/#respond"]}]},{"@type":"WebPage","@id":"https:\/\/lasentinelle.dz\/index.php\/2023\/02\/01\/le-general-darmee-chanegriha-recoit-le-co-president-de-la-commission-mixte-algero-emiratie-chargee-de-la-cooperation-militaire\/","url":"https:\/\/lasentinelle.dz\/index.php\/2023\/02\/01\/le-general-darmee-chanegriha-recoit-le-co-president-de-la-commission-mixte-algero-emiratie-chargee-de-la-cooperation-militaire\/","name":"Le G\u00e9n\u00e9ral d&rsquo;Arm\u00e9e Chanegriha re\u00e7oit le co-pr\u00e9sident de la Commission mixte alg\u00e9ro-\u00e9miratie charg\u00e9e de la coop\u00e9ration militaire - La Sentinelle","isPartOf":{"@id":"https:\/\/lasentinelle.dz\/#website"},"primaryImageOfPage":{"@id":"https:\/\/lasentinelle.dz\/index.php\/2023\/02\/01\/le-general-darmee-chanegriha-recoit-le-co-president-de-la-commission-mixte-algero-emiratie-chargee-de-la-cooperation-militaire\/#primaryimage"},"image":{"@id":"https:\/\/lasentinelle.dz\/index.php\/2023\/02\/01\/le-general-darmee-chanegriha-recoit-le-co-president-de-la-commission-mixte-algero-emiratie-chargee-de-la-cooperation-militaire\/#primaryimage"},"thumbnailUrl":"https:\/\/lasentinelle.dz\/wp-content\/uploads\/2023\/02\/Sans-titre-2.png","datePublished":"2023-02-01T21:05:00+00:00","breadcrumb":{"@id":"https:\/\/lasentinelle.dz\/index.php\/2023\/02\/01\/le-general-darmee-chanegriha-recoit-le-co-president-de-la-commission-mixte-algero-emiratie-chargee-de-la-cooperation-militaire\/#breadcrumb"},"inLanguage":"fr-FR","potentialAction":[{"@type":"ReadAction","target":["https:\/\/lasentinelle.dz\/index.php\/2023\/02\/01\/le-general-darmee-chanegriha-recoit-le-co-president-de-la-commission-mixte-algero-emiratie-chargee-de-la-cooperation-militaire\/"]}]},{"@type":"ImageObject","inLanguage":"fr-FR","@id":"https:\/\/lasentinelle.dz\/index.php\/2023\/02\/01\/le-general-darmee-chanegriha-recoit-le-co-president-de-la-commission-mixte-algero-emiratie-chargee-de-la-cooperation-militaire\/#primaryimage","url":"https:\/\/lasentinelle.dz\/wp-content\/uploads\/2023\/02\/Sans-titre-2.png","contentUrl":"https:\/\/lasentinelle.dz\/wp-content\/uploads\/2023\/02\/Sans-titre-2.png","width":1350,"height":900},{"@type":"BreadcrumbList","@id":"https:\/\/lasentinelle.dz\/index.php\/2023\/02\/01\/le-general-darmee-chanegriha-recoit-le-co-president-de-la-commission-mixte-algero-emiratie-chargee-de-la-cooperation-militaire\/#breadcrumb","itemListElement":[{"@type":"ListItem","position":1,"name":"Accueil","item":"https:\/\/lasentinelle.dz\/"},{"@type":"ListItem","position":2,"name":"Le G\u00e9n\u00e9ral d&rsquo;Arm\u00e9e Chanegriha re\u00e7oit le co-pr\u00e9sident de la Commission mixte alg\u00e9ro-\u00e9miratie charg\u00e9e de la coop\u00e9ration militaire"}]},{"@type":"WebSite","@id":"https:\/\/lasentinelle.dz\/#website","url":"https:\/\/lasentinelle.dz\/","name":"La Sentinelle","description":"Quotidien national d&#039;information","publisher":{"@id":"https:\/\/lasentinelle.dz\/#organization"},"potentialAction":[{"@type":"SearchAction","target":{"@type":"EntryPoint","urlTemplate":"https:\/\/lasentinelle.dz\/?s={search_term_string}"},"query-input":{"@type":"PropertyValueSpecification","valueRequired":true,"valueName":"search_term_string"}}],"inLanguage":"fr-FR"},{"@type":"Organization","@id":"https:\/\/lasentinelle.dz\/#organization","name":"Quotidien La Sentinelle","url":"https:\/\/lasentinelle.dz\/","logo":{"@type":"ImageObject","inLanguage":"fr-FR","@id":"https:\/\/lasentinelle.dz\/#\/schema\/logo\/image\/","url":"https:\/\/lasentinelle.dz\/wp-content\/uploads\/2021\/09\/logo-sentinelleSLOGAN-1.png","contentUrl":"https:\/\/lasentinelle.dz\/wp-content\/uploads\/2021\/09\/logo-sentinelleSLOGAN-1.png","width":615,"height":142,"caption":"Quotidien La Sentinelle"},"image":{"@id":"https:\/\/lasentinelle.dz\/#\/schema\/logo\/image\/"},"sameAs":["https:\/\/www.facebook.com\/La-Sentinelle-104059864394773"]},{"@type":"Person","@id":"https:\/\/lasentinelle.dz\/#\/schema\/person\/d865044e22e70a75174ce8bcad3acfb3","name":"La Sentinelle","image":{"@type":"ImageObject","inLanguage":"fr-FR","@id":"https:\/\/secure.gravatar.com\/avatar\/57de8e5d4b15d43fb361a71fbb36338450fe67865b528a43dd10ef7c51a20392?s=96&d=mm&r=g","url":"https:\/\/secure.gravatar.com\/avatar\/57de8e5d4b15d43fb361a71fbb36338450fe67865b528a43dd10ef7c51a20392?s=96&d=mm&r=g","contentUrl":"https:\/\/secure.gravatar.com\/avatar\/57de8e5d4b15d43fb361a71fbb36338450fe67865b528a43dd10ef7c51a20392?s=96&d=mm&r=g","caption":"La Sentinelle"},"sameAs":["http:\/\/www.lasentinelle.dz"],"url":"https:\/\/lasentinelle.dz\/author\/redaction\/"}]}},"_links":{"self":[{"href":"https:\/\/lasentinelle.dz\/index.php\/wp-json\/wp\/v2\/posts\/35391","targetHints":{"allow":["GET"]}}],"collection":[{"href":"https:\/\/lasentinelle.dz\/index.php\/wp-json\/wp\/v2\/posts"}],"about":[{"href":"https:\/\/lasentinelle.dz\/index.php\/wp-json\/wp\/v2\/types\/post"}],"author":[{"embeddable":true,"href":"https:\/\/lasentinelle.dz\/index.php\/wp-json\/wp\/v2\/users\/3"}],"replies":[{"embeddable":true,"href":"https:\/\/lasentinelle.dz\/index.php\/wp-json\/wp\/v2\/comments?post=35391"}],"version-history":[{"count":1,"href":"https:\/\/lasentinelle.dz\/index.php\/wp-json\/wp\/v2\/posts\/35391\/revisions"}],"predecessor-version":[{"id":35411,"href":"https:\/\/lasentinelle.dz\/index.php\/wp-json\/wp\/v2\/posts\/35391\/revisions\/35411"}],"wp:featuredmedia":[{"embeddable":true,"href":"https:\/\/lasentinelle.dz\/index.php\/wp-json\/wp\/v2\/media\/35408"}],"wp:attachment":[{"href":"https:\/\/lasentinelle.dz\/index.php\/wp-json\/wp\/v2\/media?parent=35391"}],"wp:term":[{"taxonomy":"category","embeddable":true,"href":"https:\/\/lasentinelle.dz\/index.php\/wp-json\/wp\/v2\/categories?post=35391"},{"taxonomy":"post_tag","embeddable":true,"href":"https:\/\/lasentinelle.dz\/index.php\/wp-json\/wp\/v2\/tags?post=35391"}],"curies":[{"name":"wp","href":"https:\/\/api.w.org\/{rel}","templated":true}]}}