{"id":35414,"date":"2023-02-01T22:00:00","date_gmt":"2023-02-01T21:00:00","guid":{"rendered":"https:\/\/lasentinelle.dz\/?p=35414"},"modified":"2023-02-01T18:51:01","modified_gmt":"2023-02-01T17:51:01","slug":"can-2023-u17-lalgerie-dans-un-groupe-a-difficile","status":"publish","type":"post","link":"https:\/\/lasentinelle.dz\/index.php\/2023\/02\/01\/can-2023-u17-lalgerie-dans-un-groupe-a-difficile\/","title":{"rendered":"CAN-2023 U17 : L\u2019Alg\u00e9rie dans un groupe A difficile"},"content":{"rendered":"\n<p>Les Cadets de l\u2019EN connaissent d\u00e9sormais leurs adversaires lors de la phase de poules de la Coupe d\u2019Afrique des Nations des U17 qui se tiendra en Alg\u00e9rie du 29 avril au 19 mai prochains.<\/p>\n\n\n\n<p>A l\u2019issue de la c\u00e9r\u00e9monie de tirage au sort organis\u00e9e hier au Cercle national de l\u2019Arm\u00e9e \u00e0 Alger, l\u2019Alg\u00e9rie est vers\u00e9e dans le groupe A. Un groupe qui s\u2019annonce difficile vu qu\u2019elle devra affronter le S\u00e9n\u00e9gal, le Congo et la Somalie.<\/p>\n\n\n\n<p>Un tirage qui ne d\u00e9monte pour autant le s\u00e9lectionneur des Verts qui croit dur comme fer en ses poulains et en leurs chances de faire de belles r\u00e9alisations lors de ce tournoi.&nbsp; Arezki Remmane, a ainsi assur\u00e9 hier que son \u00e9quipe \u00ab&nbsp;aura son mot \u00e0 dire\u00a0\u00bb pour, dans un premier temps, se qualifier au Mondial 2023 au P\u00e9rou, et ensuite \u00ab&nbsp;remporter le troph\u00e9e&nbsp;\u00bb \u00e0 domicile. \u00ab&nbsp;Il n&rsquo;y pas plus de petite ou de grande nation, toutes les \u00e9quipes qualifi\u00e9es \u00e0 la CAN U17 se valent. Nous aurons notre mot \u00e0 dire d&rsquo;autant plus que nous \u00e9voluerons \u00e0 domicile. Nous allons faire le maximum pour, dans un premier temps, se qualifier au Mondial 2023 et ensuite, pourquoi pas, remporter le troph\u00e9e devant notre public&nbsp;\u00bb, a d\u00e9clar\u00e9&nbsp; Remmane \u00e0 l&rsquo;APS, \u00e0 l&rsquo;issue de la c\u00e9r\u00e9monie de tirage au sort de la CAN U17 2023.\u00a0\u00bbTous les groupes sont difficiles, car pratiquement toutes les \u00e9quipes ont la m\u00eame valeur et \u00e9voluent avec des effectifs de qualit\u00e9. Les \u00e9quipes africaines ont d\u00e9j\u00e0 jou\u00e9 les premiers r\u00f4les lors des pr\u00e9c\u00e9dentes \u00e9ditions des Mondiaux de la cat\u00e9gorie. Mais malgr\u00e9 la difficult\u00e9 de la t\u00e2che, nous sommes pr\u00eats \u00e0 relever le d\u00e9fi\u00a0\u00bb, a-t-il ajout\u00e9.Avant d&rsquo;enchainer : \u00ab\u00a0Les joueurs sont conscients de la mission qui les attend. Ils savent qu&rsquo;ils seront attendus par notre public, qui a d\u00e9j\u00e0 montr\u00e9 son d\u00e9vouement lors du sacre en Coupe arabe en septembre dernier. J&rsquo;esp\u00e8re que nous serons encore une fois \u00e0 la hauteur des esp\u00e9rances en atteignant nos objectifs\u00a0\u00bb.Concernant la pr\u00e9paration des Verts, le s\u00e9lectionneur national a fait savoir que son \u00e9quipe a intensifi\u00e9 la charge de travail \u00e0 deux mois du d\u00e9but du tournoi, en enchainant les stages bloqu\u00e9s.\u00a0\u00bbNous nous sommes jamais arr\u00eat\u00e9s de travailler depuis d\u00e9j\u00e0 deux ann\u00e9es. Nous&nbsp; avons effectu\u00e9 beaucoup de stages de pr\u00e9paration pour tester le maximum de joueurs et choisir les meilleurs \u00e9l\u00e9ments. Nous tenons notre groupe avec qui nous avons trac\u00e9 un programme jusqu&rsquo;au d\u00e9but du tournoi\u00a0\u00bb, a-t-il dit.L&rsquo;\u00e9dition 2023 de la CAN U17 qui va regrouper les meilleures s\u00e9lections africaines dont le tenant du titre le Cameroun, s&rsquo;annonce ouverte et ind\u00e9cise.Les huit autres nations engag\u00e9es dans cette phase finale, connaissent \u00e9galement leurs adversaires \u00e0 l&rsquo;issue du tirage au sort, qui a donn\u00e9 lieu \u00e0 de belles confrontations \u00e0 venir.Le Nigeria, double vainqueur du troph\u00e9e (2001 et 2007) a \u00e9t\u00e9 vers\u00e9 dans le groupe B avec le Maroc, l\u2019Afrique du Sud et la Zambie, alors que le Cameroun, tenant du troph\u00e9e, \u00e9voluera dans la poule C avec le Mali, triple vainqueur de la comp\u00e9tition, le Burkina Faso et le Soudan du Sud.<\/p>\n\n\n\n<p>Trois stades ont \u00e9t\u00e9 retenus pour ce tournoi \u00e0 savoir le stade Nelson Mandela d\u2019Alger (groupe A), le stade Chahid Hamlaoui de Constantine (groupe B) et le stade du 19 mai 1956 d\u2019Annaba (groupe C).Les deux premiers de chaque groupe ainsi que les deux meilleurs troisi\u00e8mes se qualifieront pour les quarts de finale, alors que les quatre demi-finalistes obtiendront leur billet pour la Coupe du monde U17 2023, pr\u00e9vue au P\u00e9rou.<\/p>\n\n\n\n<p>R.S.<\/p>\n","protected":false},"excerpt":{"rendered":"<p>Les Cadets de l\u2019EN connaissent d\u00e9sormais leurs adversaires lors de la phase de poules de la Coupe d\u2019Afrique des Nations<\/p>\n","protected":false},"author":3,"featured_media":35415,"comment_status":"open","ping_status":"closed","sticky":false,"template":"","format":"standard","meta":{"colormag_page_container_layout":"default_layout","colormag_page_sidebar_layout":"default_layout","om_disable_all_campaigns":false,"_monsterinsights_skip_tracking":false,"_monsterinsights_sitenote_active":false,"_monsterinsights_sitenote_note":"","_monsterinsights_sitenote_category":0,"footnotes":"","_wpscppro_dont_share_socialmedia":false,"_wpscppro_custom_social_share_image":0,"_facebook_share_type":"","_twitter_share_type":"","_linkedin_share_type":"","_pinterest_share_type":"","_linkedin_share_type_page":"","_instagram_share_type":"","_medium_share_type":"","_threads_share_type":"","_google_business_share_type":"","_selected_social_profile":[],"_wpsp_enable_custom_social_template":false,"_wpsp_social_scheduling":{"enabled":false,"datetime":null,"platforms":[],"status":"template_only","dateOption":"today","timeOption":"now","customDays":"","customHours":"","customDate":"","customTime":"","schedulingType":"absolute"},"_wpsp_active_default_template":true},"categories":[33],"tags":[],"class_list":["post-35414","post","type-post","status-publish","format-standard","has-post-thumbnail","hentry","category-sports"],"aioseo_notices":[],"yoast_head":"<!-- This site is optimized with the Yoast SEO plugin v27.5 - https:\/\/yoast.com\/product\/yoast-seo-wordpress\/ -->\n<title>CAN-2023 U17 : L\u2019Alg\u00e9rie dans un groupe A difficile - La Sentinelle<\/title>\n<meta name=\"robots\" content=\"index, follow, max-snippet:-1, max-image-preview:large, max-video-preview:-1\" \/>\n<link rel=\"canonical\" href=\"https:\/\/lasentinelle.dz\/index.php\/2023\/02\/01\/can-2023-u17-lalgerie-dans-un-groupe-a-difficile\/\" \/>\n<meta property=\"og:locale\" content=\"fr_FR\" \/>\n<meta property=\"og:type\" content=\"article\" \/>\n<meta property=\"og:title\" content=\"CAN-2023 U17 : L\u2019Alg\u00e9rie dans un groupe A difficile - La Sentinelle\" \/>\n<meta property=\"og:description\" content=\"Les Cadets de l\u2019EN connaissent d\u00e9sormais leurs adversaires lors de la phase de poules de la Coupe d\u2019Afrique des Nations\" \/>\n<meta property=\"og:url\" content=\"https:\/\/lasentinelle.dz\/index.php\/2023\/02\/01\/can-2023-u17-lalgerie-dans-un-groupe-a-difficile\/\" \/>\n<meta property=\"og:site_name\" content=\"La Sentinelle\" \/>\n<meta property=\"article:publisher\" content=\"https:\/\/www.facebook.com\/La-Sentinelle-104059864394773\" \/>\n<meta property=\"article:published_time\" content=\"2023-02-01T21:00:00+00:00\" \/>\n<meta property=\"og:image\" content=\"https:\/\/lasentinelle.dz\/wp-content\/uploads\/2023\/02\/CAN-U17.jpeg\" \/>\n\t<meta property=\"og:image:width\" content=\"886\" \/>\n\t<meta property=\"og:image:height\" content=\"500\" \/>\n\t<meta property=\"og:image:type\" content=\"image\/jpeg\" \/>\n<meta name=\"author\" content=\"La Sentinelle\" \/>\n<meta name=\"twitter:card\" content=\"summary_large_image\" \/>\n<meta name=\"twitter:label1\" content=\"\u00c9crit par\" \/>\n\t<meta name=\"twitter:data1\" content=\"La Sentinelle\" \/>\n\t<meta name=\"twitter:label2\" content=\"Dur\u00e9e de lecture estim\u00e9e\" \/>\n\t<meta name=\"twitter:data2\" content=\"3 minutes\" \/>\n<script type=\"application\/ld+json\" class=\"yoast-schema-graph\">{\"@context\":\"https:\\\/\\\/schema.org\",\"@graph\":[{\"@type\":\"Article\",\"@id\":\"https:\\\/\\\/lasentinelle.dz\\\/index.php\\\/2023\\\/02\\\/01\\\/can-2023-u17-lalgerie-dans-un-groupe-a-difficile\\\/#article\",\"isPartOf\":{\"@id\":\"https:\\\/\\\/lasentinelle.dz\\\/index.php\\\/2023\\\/02\\\/01\\\/can-2023-u17-lalgerie-dans-un-groupe-a-difficile\\\/\"},\"author\":{\"name\":\"La Sentinelle\",\"@id\":\"https:\\\/\\\/lasentinelle.dz\\\/#\\\/schema\\\/person\\\/d865044e22e70a75174ce8bcad3acfb3\"},\"headline\":\"CAN-2023 U17 : L\u2019Alg\u00e9rie dans un groupe A difficile\",\"datePublished\":\"2023-02-01T21:00:00+00:00\",\"mainEntityOfPage\":{\"@id\":\"https:\\\/\\\/lasentinelle.dz\\\/index.php\\\/2023\\\/02\\\/01\\\/can-2023-u17-lalgerie-dans-un-groupe-a-difficile\\\/\"},\"wordCount\":648,\"commentCount\":0,\"publisher\":{\"@id\":\"https:\\\/\\\/lasentinelle.dz\\\/#organization\"},\"image\":{\"@id\":\"https:\\\/\\\/lasentinelle.dz\\\/index.php\\\/2023\\\/02\\\/01\\\/can-2023-u17-lalgerie-dans-un-groupe-a-difficile\\\/#primaryimage\"},\"thumbnailUrl\":\"https:\\\/\\\/lasentinelle.dz\\\/wp-content\\\/uploads\\\/2023\\\/02\\\/CAN-U17.jpeg\",\"articleSection\":[\"Sports\"],\"inLanguage\":\"fr-FR\",\"potentialAction\":[{\"@type\":\"CommentAction\",\"name\":\"Comment\",\"target\":[\"https:\\\/\\\/lasentinelle.dz\\\/index.php\\\/2023\\\/02\\\/01\\\/can-2023-u17-lalgerie-dans-un-groupe-a-difficile\\\/#respond\"]}]},{\"@type\":\"WebPage\",\"@id\":\"https:\\\/\\\/lasentinelle.dz\\\/index.php\\\/2023\\\/02\\\/01\\\/can-2023-u17-lalgerie-dans-un-groupe-a-difficile\\\/\",\"url\":\"https:\\\/\\\/lasentinelle.dz\\\/index.php\\\/2023\\\/02\\\/01\\\/can-2023-u17-lalgerie-dans-un-groupe-a-difficile\\\/\",\"name\":\"CAN-2023 U17 : L\u2019Alg\u00e9rie dans un groupe A difficile - La Sentinelle\",\"isPartOf\":{\"@id\":\"https:\\\/\\\/lasentinelle.dz\\\/#website\"},\"primaryImageOfPage\":{\"@id\":\"https:\\\/\\\/lasentinelle.dz\\\/index.php\\\/2023\\\/02\\\/01\\\/can-2023-u17-lalgerie-dans-un-groupe-a-difficile\\\/#primaryimage\"},\"image\":{\"@id\":\"https:\\\/\\\/lasentinelle.dz\\\/index.php\\\/2023\\\/02\\\/01\\\/can-2023-u17-lalgerie-dans-un-groupe-a-difficile\\\/#primaryimage\"},\"thumbnailUrl\":\"https:\\\/\\\/lasentinelle.dz\\\/wp-content\\\/uploads\\\/2023\\\/02\\\/CAN-U17.jpeg\",\"datePublished\":\"2023-02-01T21:00:00+00:00\",\"breadcrumb\":{\"@id\":\"https:\\\/\\\/lasentinelle.dz\\\/index.php\\\/2023\\\/02\\\/01\\\/can-2023-u17-lalgerie-dans-un-groupe-a-difficile\\\/#breadcrumb\"},\"inLanguage\":\"fr-FR\",\"potentialAction\":[{\"@type\":\"ReadAction\",\"target\":[\"https:\\\/\\\/lasentinelle.dz\\\/index.php\\\/2023\\\/02\\\/01\\\/can-2023-u17-lalgerie-dans-un-groupe-a-difficile\\\/\"]}]},{\"@type\":\"ImageObject\",\"inLanguage\":\"fr-FR\",\"@id\":\"https:\\\/\\\/lasentinelle.dz\\\/index.php\\\/2023\\\/02\\\/01\\\/can-2023-u17-lalgerie-dans-un-groupe-a-difficile\\\/#primaryimage\",\"url\":\"https:\\\/\\\/lasentinelle.dz\\\/wp-content\\\/uploads\\\/2023\\\/02\\\/CAN-U17.jpeg\",\"contentUrl\":\"https:\\\/\\\/lasentinelle.dz\\\/wp-content\\\/uploads\\\/2023\\\/02\\\/CAN-U17.jpeg\",\"width\":886,\"height\":500},{\"@type\":\"BreadcrumbList\",\"@id\":\"https:\\\/\\\/lasentinelle.dz\\\/index.php\\\/2023\\\/02\\\/01\\\/can-2023-u17-lalgerie-dans-un-groupe-a-difficile\\\/#breadcrumb\",\"itemListElement\":[{\"@type\":\"ListItem\",\"position\":1,\"name\":\"Accueil\",\"item\":\"https:\\\/\\\/lasentinelle.dz\\\/\"},{\"@type\":\"ListItem\",\"position\":2,\"name\":\"CAN-2023 U17 : L\u2019Alg\u00e9rie dans un groupe A difficile\"}]},{\"@type\":\"WebSite\",\"@id\":\"https:\\\/\\\/lasentinelle.dz\\\/#website\",\"url\":\"https:\\\/\\\/lasentinelle.dz\\\/\",\"name\":\"La Sentinelle\",\"description\":\"Quotidien national d&#039;information\",\"publisher\":{\"@id\":\"https:\\\/\\\/lasentinelle.dz\\\/#organization\"},\"potentialAction\":[{\"@type\":\"SearchAction\",\"target\":{\"@type\":\"EntryPoint\",\"urlTemplate\":\"https:\\\/\\\/lasentinelle.dz\\\/?s={search_term_string}\"},\"query-input\":{\"@type\":\"PropertyValueSpecification\",\"valueRequired\":true,\"valueName\":\"search_term_string\"}}],\"inLanguage\":\"fr-FR\"},{\"@type\":\"Organization\",\"@id\":\"https:\\\/\\\/lasentinelle.dz\\\/#organization\",\"name\":\"Quotidien La Sentinelle\",\"url\":\"https:\\\/\\\/lasentinelle.dz\\\/\",\"logo\":{\"@type\":\"ImageObject\",\"inLanguage\":\"fr-FR\",\"@id\":\"https:\\\/\\\/lasentinelle.dz\\\/#\\\/schema\\\/logo\\\/image\\\/\",\"url\":\"https:\\\/\\\/lasentinelle.dz\\\/wp-content\\\/uploads\\\/2021\\\/09\\\/logo-sentinelleSLOGAN-1.png\",\"contentUrl\":\"https:\\\/\\\/lasentinelle.dz\\\/wp-content\\\/uploads\\\/2021\\\/09\\\/logo-sentinelleSLOGAN-1.png\",\"width\":615,\"height\":142,\"caption\":\"Quotidien La Sentinelle\"},\"image\":{\"@id\":\"https:\\\/\\\/lasentinelle.dz\\\/#\\\/schema\\\/logo\\\/image\\\/\"},\"sameAs\":[\"https:\\\/\\\/www.facebook.com\\\/La-Sentinelle-104059864394773\"]},{\"@type\":\"Person\",\"@id\":\"https:\\\/\\\/lasentinelle.dz\\\/#\\\/schema\\\/person\\\/d865044e22e70a75174ce8bcad3acfb3\",\"name\":\"La Sentinelle\",\"image\":{\"@type\":\"ImageObject\",\"inLanguage\":\"fr-FR\",\"@id\":\"https:\\\/\\\/secure.gravatar.com\\\/avatar\\\/57de8e5d4b15d43fb361a71fbb36338450fe67865b528a43dd10ef7c51a20392?s=96&d=mm&r=g\",\"url\":\"https:\\\/\\\/secure.gravatar.com\\\/avatar\\\/57de8e5d4b15d43fb361a71fbb36338450fe67865b528a43dd10ef7c51a20392?s=96&d=mm&r=g\",\"contentUrl\":\"https:\\\/\\\/secure.gravatar.com\\\/avatar\\\/57de8e5d4b15d43fb361a71fbb36338450fe67865b528a43dd10ef7c51a20392?s=96&d=mm&r=g\",\"caption\":\"La Sentinelle\"},\"sameAs\":[\"http:\\\/\\\/www.lasentinelle.dz\"],\"url\":\"https:\\\/\\\/lasentinelle.dz\\\/author\\\/redaction\\\/\"}]}<\/script>\n<!-- \/ Yoast SEO plugin. -->","yoast_head_json":{"title":"CAN-2023 U17 : L\u2019Alg\u00e9rie dans un groupe A difficile - La Sentinelle","robots":{"index":"index","follow":"follow","max-snippet":"max-snippet:-1","max-image-preview":"max-image-preview:large","max-video-preview":"max-video-preview:-1"},"canonical":"https:\/\/lasentinelle.dz\/index.php\/2023\/02\/01\/can-2023-u17-lalgerie-dans-un-groupe-a-difficile\/","og_locale":"fr_FR","og_type":"article","og_title":"CAN-2023 U17 : L\u2019Alg\u00e9rie dans un groupe A difficile - La Sentinelle","og_description":"Les Cadets de l\u2019EN connaissent d\u00e9sormais leurs adversaires lors de la phase de poules de la Coupe d\u2019Afrique des Nations","og_url":"https:\/\/lasentinelle.dz\/index.php\/2023\/02\/01\/can-2023-u17-lalgerie-dans-un-groupe-a-difficile\/","og_site_name":"La Sentinelle","article_publisher":"https:\/\/www.facebook.com\/La-Sentinelle-104059864394773","article_published_time":"2023-02-01T21:00:00+00:00","og_image":[{"width":886,"height":500,"url":"https:\/\/lasentinelle.dz\/wp-content\/uploads\/2023\/02\/CAN-U17.jpeg","type":"image\/jpeg"}],"author":"La Sentinelle","twitter_card":"summary_large_image","twitter_misc":{"\u00c9crit par":"La Sentinelle","Dur\u00e9e de lecture estim\u00e9e":"3 minutes"},"schema":{"@context":"https:\/\/schema.org","@graph":[{"@type":"Article","@id":"https:\/\/lasentinelle.dz\/index.php\/2023\/02\/01\/can-2023-u17-lalgerie-dans-un-groupe-a-difficile\/#article","isPartOf":{"@id":"https:\/\/lasentinelle.dz\/index.php\/2023\/02\/01\/can-2023-u17-lalgerie-dans-un-groupe-a-difficile\/"},"author":{"name":"La Sentinelle","@id":"https:\/\/lasentinelle.dz\/#\/schema\/person\/d865044e22e70a75174ce8bcad3acfb3"},"headline":"CAN-2023 U17 : L\u2019Alg\u00e9rie dans un groupe A difficile","datePublished":"2023-02-01T21:00:00+00:00","mainEntityOfPage":{"@id":"https:\/\/lasentinelle.dz\/index.php\/2023\/02\/01\/can-2023-u17-lalgerie-dans-un-groupe-a-difficile\/"},"wordCount":648,"commentCount":0,"publisher":{"@id":"https:\/\/lasentinelle.dz\/#organization"},"image":{"@id":"https:\/\/lasentinelle.dz\/index.php\/2023\/02\/01\/can-2023-u17-lalgerie-dans-un-groupe-a-difficile\/#primaryimage"},"thumbnailUrl":"https:\/\/lasentinelle.dz\/wp-content\/uploads\/2023\/02\/CAN-U17.jpeg","articleSection":["Sports"],"inLanguage":"fr-FR","potentialAction":[{"@type":"CommentAction","name":"Comment","target":["https:\/\/lasentinelle.dz\/index.php\/2023\/02\/01\/can-2023-u17-lalgerie-dans-un-groupe-a-difficile\/#respond"]}]},{"@type":"WebPage","@id":"https:\/\/lasentinelle.dz\/index.php\/2023\/02\/01\/can-2023-u17-lalgerie-dans-un-groupe-a-difficile\/","url":"https:\/\/lasentinelle.dz\/index.php\/2023\/02\/01\/can-2023-u17-lalgerie-dans-un-groupe-a-difficile\/","name":"CAN-2023 U17 : L\u2019Alg\u00e9rie dans un groupe A difficile - La Sentinelle","isPartOf":{"@id":"https:\/\/lasentinelle.dz\/#website"},"primaryImageOfPage":{"@id":"https:\/\/lasentinelle.dz\/index.php\/2023\/02\/01\/can-2023-u17-lalgerie-dans-un-groupe-a-difficile\/#primaryimage"},"image":{"@id":"https:\/\/lasentinelle.dz\/index.php\/2023\/02\/01\/can-2023-u17-lalgerie-dans-un-groupe-a-difficile\/#primaryimage"},"thumbnailUrl":"https:\/\/lasentinelle.dz\/wp-content\/uploads\/2023\/02\/CAN-U17.jpeg","datePublished":"2023-02-01T21:00:00+00:00","breadcrumb":{"@id":"https:\/\/lasentinelle.dz\/index.php\/2023\/02\/01\/can-2023-u17-lalgerie-dans-un-groupe-a-difficile\/#breadcrumb"},"inLanguage":"fr-FR","potentialAction":[{"@type":"ReadAction","target":["https:\/\/lasentinelle.dz\/index.php\/2023\/02\/01\/can-2023-u17-lalgerie-dans-un-groupe-a-difficile\/"]}]},{"@type":"ImageObject","inLanguage":"fr-FR","@id":"https:\/\/lasentinelle.dz\/index.php\/2023\/02\/01\/can-2023-u17-lalgerie-dans-un-groupe-a-difficile\/#primaryimage","url":"https:\/\/lasentinelle.dz\/wp-content\/uploads\/2023\/02\/CAN-U17.jpeg","contentUrl":"https:\/\/lasentinelle.dz\/wp-content\/uploads\/2023\/02\/CAN-U17.jpeg","width":886,"height":500},{"@type":"BreadcrumbList","@id":"https:\/\/lasentinelle.dz\/index.php\/2023\/02\/01\/can-2023-u17-lalgerie-dans-un-groupe-a-difficile\/#breadcrumb","itemListElement":[{"@type":"ListItem","position":1,"name":"Accueil","item":"https:\/\/lasentinelle.dz\/"},{"@type":"ListItem","position":2,"name":"CAN-2023 U17 : L\u2019Alg\u00e9rie dans un groupe A difficile"}]},{"@type":"WebSite","@id":"https:\/\/lasentinelle.dz\/#website","url":"https:\/\/lasentinelle.dz\/","name":"La Sentinelle","description":"Quotidien national d&#039;information","publisher":{"@id":"https:\/\/lasentinelle.dz\/#organization"},"potentialAction":[{"@type":"SearchAction","target":{"@type":"EntryPoint","urlTemplate":"https:\/\/lasentinelle.dz\/?s={search_term_string}"},"query-input":{"@type":"PropertyValueSpecification","valueRequired":true,"valueName":"search_term_string"}}],"inLanguage":"fr-FR"},{"@type":"Organization","@id":"https:\/\/lasentinelle.dz\/#organization","name":"Quotidien La Sentinelle","url":"https:\/\/lasentinelle.dz\/","logo":{"@type":"ImageObject","inLanguage":"fr-FR","@id":"https:\/\/lasentinelle.dz\/#\/schema\/logo\/image\/","url":"https:\/\/lasentinelle.dz\/wp-content\/uploads\/2021\/09\/logo-sentinelleSLOGAN-1.png","contentUrl":"https:\/\/lasentinelle.dz\/wp-content\/uploads\/2021\/09\/logo-sentinelleSLOGAN-1.png","width":615,"height":142,"caption":"Quotidien La Sentinelle"},"image":{"@id":"https:\/\/lasentinelle.dz\/#\/schema\/logo\/image\/"},"sameAs":["https:\/\/www.facebook.com\/La-Sentinelle-104059864394773"]},{"@type":"Person","@id":"https:\/\/lasentinelle.dz\/#\/schema\/person\/d865044e22e70a75174ce8bcad3acfb3","name":"La Sentinelle","image":{"@type":"ImageObject","inLanguage":"fr-FR","@id":"https:\/\/secure.gravatar.com\/avatar\/57de8e5d4b15d43fb361a71fbb36338450fe67865b528a43dd10ef7c51a20392?s=96&d=mm&r=g","url":"https:\/\/secure.gravatar.com\/avatar\/57de8e5d4b15d43fb361a71fbb36338450fe67865b528a43dd10ef7c51a20392?s=96&d=mm&r=g","contentUrl":"https:\/\/secure.gravatar.com\/avatar\/57de8e5d4b15d43fb361a71fbb36338450fe67865b528a43dd10ef7c51a20392?s=96&d=mm&r=g","caption":"La Sentinelle"},"sameAs":["http:\/\/www.lasentinelle.dz"],"url":"https:\/\/lasentinelle.dz\/author\/redaction\/"}]}},"_links":{"self":[{"href":"https:\/\/lasentinelle.dz\/index.php\/wp-json\/wp\/v2\/posts\/35414","targetHints":{"allow":["GET"]}}],"collection":[{"href":"https:\/\/lasentinelle.dz\/index.php\/wp-json\/wp\/v2\/posts"}],"about":[{"href":"https:\/\/lasentinelle.dz\/index.php\/wp-json\/wp\/v2\/types\/post"}],"author":[{"embeddable":true,"href":"https:\/\/lasentinelle.dz\/index.php\/wp-json\/wp\/v2\/users\/3"}],"replies":[{"embeddable":true,"href":"https:\/\/lasentinelle.dz\/index.php\/wp-json\/wp\/v2\/comments?post=35414"}],"version-history":[{"count":1,"href":"https:\/\/lasentinelle.dz\/index.php\/wp-json\/wp\/v2\/posts\/35414\/revisions"}],"predecessor-version":[{"id":35416,"href":"https:\/\/lasentinelle.dz\/index.php\/wp-json\/wp\/v2\/posts\/35414\/revisions\/35416"}],"wp:featuredmedia":[{"embeddable":true,"href":"https:\/\/lasentinelle.dz\/index.php\/wp-json\/wp\/v2\/media\/35415"}],"wp:attachment":[{"href":"https:\/\/lasentinelle.dz\/index.php\/wp-json\/wp\/v2\/media?parent=35414"}],"wp:term":[{"taxonomy":"category","embeddable":true,"href":"https:\/\/lasentinelle.dz\/index.php\/wp-json\/wp\/v2\/categories?post=35414"},{"taxonomy":"post_tag","embeddable":true,"href":"https:\/\/lasentinelle.dz\/index.php\/wp-json\/wp\/v2\/tags?post=35414"}],"curies":[{"name":"wp","href":"https:\/\/api.w.org\/{rel}","templated":true}]}}