{"id":35477,"date":"2023-02-04T22:00:00","date_gmt":"2023-02-04T21:00:00","guid":{"rendered":"https:\/\/lasentinelle.dz\/?p=35477"},"modified":"2023-02-04T18:45:35","modified_gmt":"2023-02-04T17:45:35","slug":"usma-rca-fixe-au-8-fevrier-la-ligue-1-reprend-ses-droits","status":"publish","type":"post","link":"https:\/\/lasentinelle.dz\/index.php\/2023\/02\/04\/usma-rca-fixe-au-8-fevrier-la-ligue-1-reprend-ses-droits\/","title":{"rendered":"USMA \u2013 RCA fix\u00e9 au 8 f\u00e9vrier\u00a0: La Ligue 1 reprend ses droits"},"content":{"rendered":"\n<p>Avec la fin samedi du Championnat d\u2019Afrique des Nations organis\u00e9 en Alg\u00e9rie, et l\u2019interm\u00e8de qu\u2019il a impos\u00e9, le championnat national de Ligue 1 reprend ses droits. Et les clubs de Ligue 1 retrouveront d\u00e8s le week-end prochain le gazon de leurs stades respectifs, certains plus t\u00f4t m\u00eame. C\u2019est le cas de l\u2019USM Alger et du RC Larbaa qui croiseront le fer mercredi (15h00) au stade de Dar El Beida pour le compte de la mise \u00e0 jour de la 11e journ\u00e9e du championnat national de Ligue 1 Mobilis, selon le calendrier \u00e9tabli par la Ligue de football professionnel (LFP) et publi\u00e9 sur son site officiel.Il est utile de rappelerque les Rouge et Noir qui sont actuellement \u00e0 la huiti\u00e8me place au classement, avec un total de 22 points, auront donc l\u2019occasion de rejoindre le MC Alger sur la 3e marche du podium, en cas de victoire. Quant au RC Larbaa (11e avec un total de 19 points), il tentera de d\u00e9jouer les plans de son h\u00f4te afin de grappiller le maximum de points pour conforter sa place dans le ventre mou du tableau.<\/p>\n\n\n\n<p>Par ailleurs, et en plus de la programmation de cette partie, la LFP a \u00e9galement communiqu\u00e9 la date de la reprise du championnat, qui co\u00efncide avec la 16e journ\u00e9e, pr\u00e9vue pour le vendredi 10 et le dimanche 12 f\u00e9vrier. La 17e journ\u00e9e du championnat professionnel d\u00e9butera \u00e0 partir du vendredi 17 f\u00e9vrier, alors que la 18e journ\u00e9e aura lieu le vendredi 24 et le 25 f\u00e9vrier.<\/p>\n\n\n\n<p>R.S.<\/p>\n","protected":false},"excerpt":{"rendered":"<p>Avec la fin samedi du Championnat d\u2019Afrique des Nations organis\u00e9 en Alg\u00e9rie, et l\u2019interm\u00e8de qu\u2019il a impos\u00e9, le championnat national<\/p>\n","protected":false},"author":3,"featured_media":35498,"comment_status":"open","ping_status":"closed","sticky":false,"template":"","format":"standard","meta":{"colormag_page_container_layout":"default_layout","colormag_page_sidebar_layout":"default_layout","om_disable_all_campaigns":false,"_monsterinsights_skip_tracking":false,"_monsterinsights_sitenote_active":false,"_monsterinsights_sitenote_note":"","_monsterinsights_sitenote_category":0,"footnotes":"","_wpscppro_dont_share_socialmedia":false,"_wpscppro_custom_social_share_image":0,"_facebook_share_type":"","_twitter_share_type":"","_linkedin_share_type":"","_pinterest_share_type":"","_linkedin_share_type_page":"","_instagram_share_type":"","_medium_share_type":"","_threads_share_type":"","_google_business_share_type":"","_selected_social_profile":[],"_wpsp_enable_custom_social_template":false,"_wpsp_social_scheduling":{"enabled":false,"datetime":null,"platforms":[],"status":"template_only","dateOption":"today","timeOption":"now","customDays":"","customHours":"","customDate":"","customTime":"","schedulingType":"absolute"},"_wpsp_active_default_template":true},"categories":[33],"tags":[],"class_list":["post-35477","post","type-post","status-publish","format-standard","has-post-thumbnail","hentry","category-sports"],"aioseo_notices":[],"yoast_head":"<!-- This site is optimized with the Yoast SEO plugin v27.5 - https:\/\/yoast.com\/product\/yoast-seo-wordpress\/ -->\n<title>USMA \u2013 RCA fix\u00e9 au 8 f\u00e9vrier\u00a0: La Ligue 1 reprend ses droits - La Sentinelle<\/title>\n<meta name=\"robots\" content=\"index, follow, max-snippet:-1, max-image-preview:large, max-video-preview:-1\" \/>\n<link rel=\"canonical\" href=\"https:\/\/lasentinelle.dz\/index.php\/2023\/02\/04\/usma-rca-fixe-au-8-fevrier-la-ligue-1-reprend-ses-droits\/\" \/>\n<meta property=\"og:locale\" content=\"fr_FR\" \/>\n<meta property=\"og:type\" content=\"article\" \/>\n<meta property=\"og:title\" content=\"USMA \u2013 RCA fix\u00e9 au 8 f\u00e9vrier\u00a0: La Ligue 1 reprend ses droits - La Sentinelle\" \/>\n<meta property=\"og:description\" content=\"Avec la fin samedi du Championnat d\u2019Afrique des Nations organis\u00e9 en Alg\u00e9rie, et l\u2019interm\u00e8de qu\u2019il a impos\u00e9, le championnat national\" \/>\n<meta property=\"og:url\" content=\"https:\/\/lasentinelle.dz\/index.php\/2023\/02\/04\/usma-rca-fixe-au-8-fevrier-la-ligue-1-reprend-ses-droits\/\" \/>\n<meta property=\"og:site_name\" content=\"La Sentinelle\" \/>\n<meta property=\"article:publisher\" content=\"https:\/\/www.facebook.com\/La-Sentinelle-104059864394773\" \/>\n<meta property=\"article:published_time\" content=\"2023-02-04T21:00:00+00:00\" \/>\n<meta property=\"og:image\" content=\"https:\/\/lasentinelle.dz\/wp-content\/uploads\/2023\/02\/LFP.jpeg\" \/>\n\t<meta property=\"og:image:width\" content=\"811\" \/>\n\t<meta property=\"og:image:height\" content=\"541\" \/>\n\t<meta property=\"og:image:type\" content=\"image\/jpeg\" \/>\n<meta name=\"author\" content=\"La Sentinelle\" \/>\n<meta name=\"twitter:card\" content=\"summary_large_image\" \/>\n<meta name=\"twitter:label1\" content=\"\u00c9crit par\" \/>\n\t<meta name=\"twitter:data1\" content=\"La Sentinelle\" \/>\n\t<meta name=\"twitter:label2\" content=\"Dur\u00e9e de lecture estim\u00e9e\" \/>\n\t<meta name=\"twitter:data2\" content=\"2 minutes\" \/>\n<script type=\"application\/ld+json\" class=\"yoast-schema-graph\">{\"@context\":\"https:\\\/\\\/schema.org\",\"@graph\":[{\"@type\":\"Article\",\"@id\":\"https:\\\/\\\/lasentinelle.dz\\\/index.php\\\/2023\\\/02\\\/04\\\/usma-rca-fixe-au-8-fevrier-la-ligue-1-reprend-ses-droits\\\/#article\",\"isPartOf\":{\"@id\":\"https:\\\/\\\/lasentinelle.dz\\\/index.php\\\/2023\\\/02\\\/04\\\/usma-rca-fixe-au-8-fevrier-la-ligue-1-reprend-ses-droits\\\/\"},\"author\":{\"name\":\"La Sentinelle\",\"@id\":\"https:\\\/\\\/lasentinelle.dz\\\/#\\\/schema\\\/person\\\/d865044e22e70a75174ce8bcad3acfb3\"},\"headline\":\"USMA \u2013 RCA fix\u00e9 au 8 f\u00e9vrier\u00a0: La Ligue 1 reprend ses droits\",\"datePublished\":\"2023-02-04T21:00:00+00:00\",\"mainEntityOfPage\":{\"@id\":\"https:\\\/\\\/lasentinelle.dz\\\/index.php\\\/2023\\\/02\\\/04\\\/usma-rca-fixe-au-8-fevrier-la-ligue-1-reprend-ses-droits\\\/\"},\"wordCount\":274,\"commentCount\":0,\"publisher\":{\"@id\":\"https:\\\/\\\/lasentinelle.dz\\\/#organization\"},\"image\":{\"@id\":\"https:\\\/\\\/lasentinelle.dz\\\/index.php\\\/2023\\\/02\\\/04\\\/usma-rca-fixe-au-8-fevrier-la-ligue-1-reprend-ses-droits\\\/#primaryimage\"},\"thumbnailUrl\":\"https:\\\/\\\/lasentinelle.dz\\\/wp-content\\\/uploads\\\/2023\\\/02\\\/LFP.jpeg\",\"articleSection\":[\"Sports\"],\"inLanguage\":\"fr-FR\",\"potentialAction\":[{\"@type\":\"CommentAction\",\"name\":\"Comment\",\"target\":[\"https:\\\/\\\/lasentinelle.dz\\\/index.php\\\/2023\\\/02\\\/04\\\/usma-rca-fixe-au-8-fevrier-la-ligue-1-reprend-ses-droits\\\/#respond\"]}]},{\"@type\":\"WebPage\",\"@id\":\"https:\\\/\\\/lasentinelle.dz\\\/index.php\\\/2023\\\/02\\\/04\\\/usma-rca-fixe-au-8-fevrier-la-ligue-1-reprend-ses-droits\\\/\",\"url\":\"https:\\\/\\\/lasentinelle.dz\\\/index.php\\\/2023\\\/02\\\/04\\\/usma-rca-fixe-au-8-fevrier-la-ligue-1-reprend-ses-droits\\\/\",\"name\":\"USMA \u2013 RCA fix\u00e9 au 8 f\u00e9vrier\u00a0: La Ligue 1 reprend ses droits - La Sentinelle\",\"isPartOf\":{\"@id\":\"https:\\\/\\\/lasentinelle.dz\\\/#website\"},\"primaryImageOfPage\":{\"@id\":\"https:\\\/\\\/lasentinelle.dz\\\/index.php\\\/2023\\\/02\\\/04\\\/usma-rca-fixe-au-8-fevrier-la-ligue-1-reprend-ses-droits\\\/#primaryimage\"},\"image\":{\"@id\":\"https:\\\/\\\/lasentinelle.dz\\\/index.php\\\/2023\\\/02\\\/04\\\/usma-rca-fixe-au-8-fevrier-la-ligue-1-reprend-ses-droits\\\/#primaryimage\"},\"thumbnailUrl\":\"https:\\\/\\\/lasentinelle.dz\\\/wp-content\\\/uploads\\\/2023\\\/02\\\/LFP.jpeg\",\"datePublished\":\"2023-02-04T21:00:00+00:00\",\"breadcrumb\":{\"@id\":\"https:\\\/\\\/lasentinelle.dz\\\/index.php\\\/2023\\\/02\\\/04\\\/usma-rca-fixe-au-8-fevrier-la-ligue-1-reprend-ses-droits\\\/#breadcrumb\"},\"inLanguage\":\"fr-FR\",\"potentialAction\":[{\"@type\":\"ReadAction\",\"target\":[\"https:\\\/\\\/lasentinelle.dz\\\/index.php\\\/2023\\\/02\\\/04\\\/usma-rca-fixe-au-8-fevrier-la-ligue-1-reprend-ses-droits\\\/\"]}]},{\"@type\":\"ImageObject\",\"inLanguage\":\"fr-FR\",\"@id\":\"https:\\\/\\\/lasentinelle.dz\\\/index.php\\\/2023\\\/02\\\/04\\\/usma-rca-fixe-au-8-fevrier-la-ligue-1-reprend-ses-droits\\\/#primaryimage\",\"url\":\"https:\\\/\\\/lasentinelle.dz\\\/wp-content\\\/uploads\\\/2023\\\/02\\\/LFP.jpeg\",\"contentUrl\":\"https:\\\/\\\/lasentinelle.dz\\\/wp-content\\\/uploads\\\/2023\\\/02\\\/LFP.jpeg\",\"width\":811,\"height\":541},{\"@type\":\"BreadcrumbList\",\"@id\":\"https:\\\/\\\/lasentinelle.dz\\\/index.php\\\/2023\\\/02\\\/04\\\/usma-rca-fixe-au-8-fevrier-la-ligue-1-reprend-ses-droits\\\/#breadcrumb\",\"itemListElement\":[{\"@type\":\"ListItem\",\"position\":1,\"name\":\"Accueil\",\"item\":\"https:\\\/\\\/lasentinelle.dz\\\/\"},{\"@type\":\"ListItem\",\"position\":2,\"name\":\"USMA \u2013 RCA fix\u00e9 au 8 f\u00e9vrier\u00a0: La Ligue 1 reprend ses droits\"}]},{\"@type\":\"WebSite\",\"@id\":\"https:\\\/\\\/lasentinelle.dz\\\/#website\",\"url\":\"https:\\\/\\\/lasentinelle.dz\\\/\",\"name\":\"La Sentinelle\",\"description\":\"Quotidien national d&#039;information\",\"publisher\":{\"@id\":\"https:\\\/\\\/lasentinelle.dz\\\/#organization\"},\"potentialAction\":[{\"@type\":\"SearchAction\",\"target\":{\"@type\":\"EntryPoint\",\"urlTemplate\":\"https:\\\/\\\/lasentinelle.dz\\\/?s={search_term_string}\"},\"query-input\":{\"@type\":\"PropertyValueSpecification\",\"valueRequired\":true,\"valueName\":\"search_term_string\"}}],\"inLanguage\":\"fr-FR\"},{\"@type\":\"Organization\",\"@id\":\"https:\\\/\\\/lasentinelle.dz\\\/#organization\",\"name\":\"Quotidien La Sentinelle\",\"url\":\"https:\\\/\\\/lasentinelle.dz\\\/\",\"logo\":{\"@type\":\"ImageObject\",\"inLanguage\":\"fr-FR\",\"@id\":\"https:\\\/\\\/lasentinelle.dz\\\/#\\\/schema\\\/logo\\\/image\\\/\",\"url\":\"https:\\\/\\\/lasentinelle.dz\\\/wp-content\\\/uploads\\\/2021\\\/09\\\/logo-sentinelleSLOGAN-1.png\",\"contentUrl\":\"https:\\\/\\\/lasentinelle.dz\\\/wp-content\\\/uploads\\\/2021\\\/09\\\/logo-sentinelleSLOGAN-1.png\",\"width\":615,\"height\":142,\"caption\":\"Quotidien La Sentinelle\"},\"image\":{\"@id\":\"https:\\\/\\\/lasentinelle.dz\\\/#\\\/schema\\\/logo\\\/image\\\/\"},\"sameAs\":[\"https:\\\/\\\/www.facebook.com\\\/La-Sentinelle-104059864394773\"]},{\"@type\":\"Person\",\"@id\":\"https:\\\/\\\/lasentinelle.dz\\\/#\\\/schema\\\/person\\\/d865044e22e70a75174ce8bcad3acfb3\",\"name\":\"La Sentinelle\",\"image\":{\"@type\":\"ImageObject\",\"inLanguage\":\"fr-FR\",\"@id\":\"https:\\\/\\\/secure.gravatar.com\\\/avatar\\\/57de8e5d4b15d43fb361a71fbb36338450fe67865b528a43dd10ef7c51a20392?s=96&d=mm&r=g\",\"url\":\"https:\\\/\\\/secure.gravatar.com\\\/avatar\\\/57de8e5d4b15d43fb361a71fbb36338450fe67865b528a43dd10ef7c51a20392?s=96&d=mm&r=g\",\"contentUrl\":\"https:\\\/\\\/secure.gravatar.com\\\/avatar\\\/57de8e5d4b15d43fb361a71fbb36338450fe67865b528a43dd10ef7c51a20392?s=96&d=mm&r=g\",\"caption\":\"La Sentinelle\"},\"sameAs\":[\"http:\\\/\\\/www.lasentinelle.dz\"],\"url\":\"https:\\\/\\\/lasentinelle.dz\\\/author\\\/redaction\\\/\"}]}<\/script>\n<!-- \/ Yoast SEO plugin. -->","yoast_head_json":{"title":"USMA \u2013 RCA fix\u00e9 au 8 f\u00e9vrier\u00a0: La Ligue 1 reprend ses droits - La Sentinelle","robots":{"index":"index","follow":"follow","max-snippet":"max-snippet:-1","max-image-preview":"max-image-preview:large","max-video-preview":"max-video-preview:-1"},"canonical":"https:\/\/lasentinelle.dz\/index.php\/2023\/02\/04\/usma-rca-fixe-au-8-fevrier-la-ligue-1-reprend-ses-droits\/","og_locale":"fr_FR","og_type":"article","og_title":"USMA \u2013 RCA fix\u00e9 au 8 f\u00e9vrier\u00a0: La Ligue 1 reprend ses droits - La Sentinelle","og_description":"Avec la fin samedi du Championnat d\u2019Afrique des Nations organis\u00e9 en Alg\u00e9rie, et l\u2019interm\u00e8de qu\u2019il a impos\u00e9, le championnat national","og_url":"https:\/\/lasentinelle.dz\/index.php\/2023\/02\/04\/usma-rca-fixe-au-8-fevrier-la-ligue-1-reprend-ses-droits\/","og_site_name":"La Sentinelle","article_publisher":"https:\/\/www.facebook.com\/La-Sentinelle-104059864394773","article_published_time":"2023-02-04T21:00:00+00:00","og_image":[{"width":811,"height":541,"url":"https:\/\/lasentinelle.dz\/wp-content\/uploads\/2023\/02\/LFP.jpeg","type":"image\/jpeg"}],"author":"La Sentinelle","twitter_card":"summary_large_image","twitter_misc":{"\u00c9crit par":"La Sentinelle","Dur\u00e9e de lecture estim\u00e9e":"2 minutes"},"schema":{"@context":"https:\/\/schema.org","@graph":[{"@type":"Article","@id":"https:\/\/lasentinelle.dz\/index.php\/2023\/02\/04\/usma-rca-fixe-au-8-fevrier-la-ligue-1-reprend-ses-droits\/#article","isPartOf":{"@id":"https:\/\/lasentinelle.dz\/index.php\/2023\/02\/04\/usma-rca-fixe-au-8-fevrier-la-ligue-1-reprend-ses-droits\/"},"author":{"name":"La Sentinelle","@id":"https:\/\/lasentinelle.dz\/#\/schema\/person\/d865044e22e70a75174ce8bcad3acfb3"},"headline":"USMA \u2013 RCA fix\u00e9 au 8 f\u00e9vrier\u00a0: La Ligue 1 reprend ses droits","datePublished":"2023-02-04T21:00:00+00:00","mainEntityOfPage":{"@id":"https:\/\/lasentinelle.dz\/index.php\/2023\/02\/04\/usma-rca-fixe-au-8-fevrier-la-ligue-1-reprend-ses-droits\/"},"wordCount":274,"commentCount":0,"publisher":{"@id":"https:\/\/lasentinelle.dz\/#organization"},"image":{"@id":"https:\/\/lasentinelle.dz\/index.php\/2023\/02\/04\/usma-rca-fixe-au-8-fevrier-la-ligue-1-reprend-ses-droits\/#primaryimage"},"thumbnailUrl":"https:\/\/lasentinelle.dz\/wp-content\/uploads\/2023\/02\/LFP.jpeg","articleSection":["Sports"],"inLanguage":"fr-FR","potentialAction":[{"@type":"CommentAction","name":"Comment","target":["https:\/\/lasentinelle.dz\/index.php\/2023\/02\/04\/usma-rca-fixe-au-8-fevrier-la-ligue-1-reprend-ses-droits\/#respond"]}]},{"@type":"WebPage","@id":"https:\/\/lasentinelle.dz\/index.php\/2023\/02\/04\/usma-rca-fixe-au-8-fevrier-la-ligue-1-reprend-ses-droits\/","url":"https:\/\/lasentinelle.dz\/index.php\/2023\/02\/04\/usma-rca-fixe-au-8-fevrier-la-ligue-1-reprend-ses-droits\/","name":"USMA \u2013 RCA fix\u00e9 au 8 f\u00e9vrier\u00a0: La Ligue 1 reprend ses droits - La Sentinelle","isPartOf":{"@id":"https:\/\/lasentinelle.dz\/#website"},"primaryImageOfPage":{"@id":"https:\/\/lasentinelle.dz\/index.php\/2023\/02\/04\/usma-rca-fixe-au-8-fevrier-la-ligue-1-reprend-ses-droits\/#primaryimage"},"image":{"@id":"https:\/\/lasentinelle.dz\/index.php\/2023\/02\/04\/usma-rca-fixe-au-8-fevrier-la-ligue-1-reprend-ses-droits\/#primaryimage"},"thumbnailUrl":"https:\/\/lasentinelle.dz\/wp-content\/uploads\/2023\/02\/LFP.jpeg","datePublished":"2023-02-04T21:00:00+00:00","breadcrumb":{"@id":"https:\/\/lasentinelle.dz\/index.php\/2023\/02\/04\/usma-rca-fixe-au-8-fevrier-la-ligue-1-reprend-ses-droits\/#breadcrumb"},"inLanguage":"fr-FR","potentialAction":[{"@type":"ReadAction","target":["https:\/\/lasentinelle.dz\/index.php\/2023\/02\/04\/usma-rca-fixe-au-8-fevrier-la-ligue-1-reprend-ses-droits\/"]}]},{"@type":"ImageObject","inLanguage":"fr-FR","@id":"https:\/\/lasentinelle.dz\/index.php\/2023\/02\/04\/usma-rca-fixe-au-8-fevrier-la-ligue-1-reprend-ses-droits\/#primaryimage","url":"https:\/\/lasentinelle.dz\/wp-content\/uploads\/2023\/02\/LFP.jpeg","contentUrl":"https:\/\/lasentinelle.dz\/wp-content\/uploads\/2023\/02\/LFP.jpeg","width":811,"height":541},{"@type":"BreadcrumbList","@id":"https:\/\/lasentinelle.dz\/index.php\/2023\/02\/04\/usma-rca-fixe-au-8-fevrier-la-ligue-1-reprend-ses-droits\/#breadcrumb","itemListElement":[{"@type":"ListItem","position":1,"name":"Accueil","item":"https:\/\/lasentinelle.dz\/"},{"@type":"ListItem","position":2,"name":"USMA \u2013 RCA fix\u00e9 au 8 f\u00e9vrier\u00a0: La Ligue 1 reprend ses droits"}]},{"@type":"WebSite","@id":"https:\/\/lasentinelle.dz\/#website","url":"https:\/\/lasentinelle.dz\/","name":"La Sentinelle","description":"Quotidien national d&#039;information","publisher":{"@id":"https:\/\/lasentinelle.dz\/#organization"},"potentialAction":[{"@type":"SearchAction","target":{"@type":"EntryPoint","urlTemplate":"https:\/\/lasentinelle.dz\/?s={search_term_string}"},"query-input":{"@type":"PropertyValueSpecification","valueRequired":true,"valueName":"search_term_string"}}],"inLanguage":"fr-FR"},{"@type":"Organization","@id":"https:\/\/lasentinelle.dz\/#organization","name":"Quotidien La Sentinelle","url":"https:\/\/lasentinelle.dz\/","logo":{"@type":"ImageObject","inLanguage":"fr-FR","@id":"https:\/\/lasentinelle.dz\/#\/schema\/logo\/image\/","url":"https:\/\/lasentinelle.dz\/wp-content\/uploads\/2021\/09\/logo-sentinelleSLOGAN-1.png","contentUrl":"https:\/\/lasentinelle.dz\/wp-content\/uploads\/2021\/09\/logo-sentinelleSLOGAN-1.png","width":615,"height":142,"caption":"Quotidien La Sentinelle"},"image":{"@id":"https:\/\/lasentinelle.dz\/#\/schema\/logo\/image\/"},"sameAs":["https:\/\/www.facebook.com\/La-Sentinelle-104059864394773"]},{"@type":"Person","@id":"https:\/\/lasentinelle.dz\/#\/schema\/person\/d865044e22e70a75174ce8bcad3acfb3","name":"La Sentinelle","image":{"@type":"ImageObject","inLanguage":"fr-FR","@id":"https:\/\/secure.gravatar.com\/avatar\/57de8e5d4b15d43fb361a71fbb36338450fe67865b528a43dd10ef7c51a20392?s=96&d=mm&r=g","url":"https:\/\/secure.gravatar.com\/avatar\/57de8e5d4b15d43fb361a71fbb36338450fe67865b528a43dd10ef7c51a20392?s=96&d=mm&r=g","contentUrl":"https:\/\/secure.gravatar.com\/avatar\/57de8e5d4b15d43fb361a71fbb36338450fe67865b528a43dd10ef7c51a20392?s=96&d=mm&r=g","caption":"La Sentinelle"},"sameAs":["http:\/\/www.lasentinelle.dz"],"url":"https:\/\/lasentinelle.dz\/author\/redaction\/"}]}},"_links":{"self":[{"href":"https:\/\/lasentinelle.dz\/index.php\/wp-json\/wp\/v2\/posts\/35477","targetHints":{"allow":["GET"]}}],"collection":[{"href":"https:\/\/lasentinelle.dz\/index.php\/wp-json\/wp\/v2\/posts"}],"about":[{"href":"https:\/\/lasentinelle.dz\/index.php\/wp-json\/wp\/v2\/types\/post"}],"author":[{"embeddable":true,"href":"https:\/\/lasentinelle.dz\/index.php\/wp-json\/wp\/v2\/users\/3"}],"replies":[{"embeddable":true,"href":"https:\/\/lasentinelle.dz\/index.php\/wp-json\/wp\/v2\/comments?post=35477"}],"version-history":[{"count":1,"href":"https:\/\/lasentinelle.dz\/index.php\/wp-json\/wp\/v2\/posts\/35477\/revisions"}],"predecessor-version":[{"id":35499,"href":"https:\/\/lasentinelle.dz\/index.php\/wp-json\/wp\/v2\/posts\/35477\/revisions\/35499"}],"wp:featuredmedia":[{"embeddable":true,"href":"https:\/\/lasentinelle.dz\/index.php\/wp-json\/wp\/v2\/media\/35498"}],"wp:attachment":[{"href":"https:\/\/lasentinelle.dz\/index.php\/wp-json\/wp\/v2\/media?parent=35477"}],"wp:term":[{"taxonomy":"category","embeddable":true,"href":"https:\/\/lasentinelle.dz\/index.php\/wp-json\/wp\/v2\/categories?post=35477"},{"taxonomy":"post_tag","embeddable":true,"href":"https:\/\/lasentinelle.dz\/index.php\/wp-json\/wp\/v2\/tags?post=35477"}],"curies":[{"name":"wp","href":"https:\/\/api.w.org\/{rel}","templated":true}]}}