{"id":35495,"date":"2023-02-04T22:10:00","date_gmt":"2023-02-04T21:10:00","guid":{"rendered":"https:\/\/lasentinelle.dz\/?p=35495"},"modified":"2023-02-04T20:33:56","modified_gmt":"2023-02-04T19:33:56","slug":"restrictions-a-limportation-de-pret-porter-les-inquietudes-des-franchises","status":"publish","type":"post","link":"https:\/\/lasentinelle.dz\/index.php\/2023\/02\/04\/restrictions-a-limportation-de-pret-porter-les-inquietudes-des-franchises\/","title":{"rendered":"Restrictions \u00e0 l\u2019importation de pr\u00eat-porter\u00a0: Les inqui\u00e9tudes des franchis\u00e9s"},"content":{"rendered":"\n<p>Les op\u00e9rateurs \u00e9conomiques activant dans le domaine de l\u2019importation et de la vente en l\u2019\u00e9tat de l&rsquo;habillement et chaussures se sont dits pr\u00eats \u00e0 \u00ab\u00a0accompagner les producteurs locaux pour b\u00e9n\u00e9ficier de l&rsquo;expertise des marques internationales qu\u2019ils repr\u00e9sentent et pour lancer la production en Alg\u00e9rie pour la commercialisation locale ainsi que pour l&rsquo;exportation\u00a0\u00bb. Un processus qui, selon eux, n\u00e9cessite de \u00ab\u00a0r\u00e9unir les conditions objectives n\u00e9cessaires\u00a0\u00bb. Entre temps, ils expriment leur pr\u00e9occupation \u00ab\u00a0quant au devenir de leurs activit\u00e9s en raison des restrictions d\u2019importations de produits destin\u00e9s \u00e0 la revente en l\u2019\u00e9tat\u00a0\u00bb.<\/p>\n\n\n\n<p>L&rsquo;Ex\u00e9cutif se penche actuellement sur la fili\u00e8re textile et cuir. C&rsquo;est dans cette optique que des \u00ab\u00a0assises nationales sur l&rsquo;\u00e9tat et les perspectives de d\u00e9veloppement de l&rsquo;industrie du cuir et du textile\u00a0\u00bb, ont \u00e9t\u00e9 organis\u00e9es par le minist\u00e8re de l&rsquo;Industrie les 30 et 31 janvier dernier. A ce titre, et quelques jours seulement apr\u00e8s la tenue de ces assises, un groupe d&rsquo;op\u00e9rateurs \u00e9conomiques activant dans le domaine de \u00ab\u00a0l\u2019importation et de la revente en l\u2019\u00e9tat, les repr\u00e9sentants de marques internationales et des enseignes connues sous le nom de franchise\u00a0\u00bb, se sont r\u00e9unis avec la pr\u00e9sidente de la Conf\u00e9d\u00e9ration g\u00e9n\u00e9rale des entreprises alg\u00e9riennes (CGEA),Saida Neghza, selon un communiqu\u00e9 de l\u2019organisation patronale transmis \u00e0 notre r\u00e9daction. Ils se sont dits, \u00e0 cet effet, \u00ab\u00a0pleinement pr\u00e9par\u00e9s et engag\u00e9s\u00a0\u00bb \u00e0 se mettre au diapason de la politique \u00e9conomique nationale visant \u00e0 \u00ab\u00a0\u00e0 d\u00e9velopper l&rsquo;\u00e9conomie nationale et \u00e0 promouvoir les exportations\u00a0\u00bb, et ce, \u00ab\u00a0en concluant des partenariats qui garantissent le transfert du savoir-faire dans les domaines du pr\u00eat \u00e0 porter, de la chaussure et du textile au service de l&rsquo;\u00e9conomie nationale\u00a0\u00bb. Ces franchis\u00e9s ont, par ailleurs, \u00ab\u00a0montr\u00e9 leur enti\u00e8re volont\u00e9 d\u2019accompagner les producteurs locaux pour b\u00e9n\u00e9ficier de l&rsquo;expertise des marques internationales qu\u2019ils repr\u00e9sentent et pour lancer la production en Alg\u00e9rie pour la commercialisation locale ainsi que pour l&rsquo;exportation\u00a0\u00bb. Ils ont m\u00eame, selon le m\u00eame communiqu\u00e9, \u00ab\u00a0tenu des n\u00e9gociations directes avec les diff\u00e9rentes marques \u00e9trang\u00e8res et les usines de productions locales, qu\u2019ils ont visit\u00e9es pour traiter les questions techniques et pr\u00e9parer la production et l\u2019exportation d\u00e8s que possible\u00a0\u00bb. N\u00e9anmoins, ajoutent-ils, \u00ab\u00a0le processus de production n\u00e9cessite la r\u00e9union de conditions objectives n\u00e9cessaires\u00a0\u00bb. Et d&rsquo;ici l\u00e0, il semble que leur situation, dans le moment actuel, est plut\u00f4t difficile, si l&rsquo;on croit les termes du communiqu\u00e9. Ainsi, ces op\u00e9rateurs \u00e9conomiques ont exprim\u00e9 \u00ab\u00a0leurs pr\u00e9occupations quant au devenir de leurs activit\u00e9s en raison des restrictions d\u2019importations de produits et de mat\u00e9riaux dans le cadre de la revente en l\u2019\u00e9tat\u00a0\u00bb, avant d&rsquo;ajouter que \u00ab\u00a0les magasins de tous les centres commerciaux du pays sont presque vides\u00a0\u00bb. Ils avancent le chiffre de \u00ab\u00a0plus de 30.000 postes d&#8217;emploi\u00a0\u00bb, directs ou indirects li\u00e9s \u00e0 cette activit\u00e9.Il est vrai que plusieurs mesures ont \u00e9t\u00e9 prises dans le but de faire baisser la facture des importations, notamment pour ce qui est des biens produits localement. Lors de ces assises sur l&rsquo;\u00e9tat et les perspectives de d\u00e9veloppement de l&rsquo;industrie du cuir et du textile, le ministre du Commerce, Kamel Rezig, a d&rsquo;ailleurs indiqu\u00e9 que \u00ab\u00a0les importations de l&rsquo;Alg\u00e9rie en textile et cuir avaient connu un recul sensible en 2022\u00a0\u00bb, par rapport \u00e0 2021 puisqu&rsquo;elles avaient chut\u00e9 \u00e0 749 millions de dollars durant les 11 premiers mois de l&rsquo;ann\u00e9e pass\u00e9e, contre 1,1 milliards de dollars en 2021.<\/p>\n\n\n\n<p><strong>Programmes d\u2019importation<\/strong><\/p>\n\n\n\n<p>Donc, au-del\u00e0 de la reprise, m\u00eame relative, de la production nationale, cette baisse s&rsquo;expliquerait par les restrictions impos\u00e9es par les autorit\u00e9s dans le souci de r\u00e9guler le march\u00e9 et de faire baisser la facture, pour ce qui est des importations des produits destin\u00e9s \u00e0 la revente en l&rsquo;\u00e9tat. Et l&rsquo;habillement est vraisemblablement concern\u00e9 aussi. Il faut dire \u00e0 ce propos qu&rsquo;au-del\u00e0 des produits des marques internationales, dont la bonne qualit\u00e9 est av\u00e9r\u00e9e, les importations concernent aussi de l&rsquo;habillement et chaussures, sans marques pr\u00e9cises, \u00e0 l&rsquo;origine douteuse, et qui peuvent m\u00eame avoir des cons\u00e9quences sur la sant\u00e9. C&rsquo;est dans ce sens-l\u00e0 que ces op\u00e9rateurs qui se sont r\u00e9unis chez la CGEA ont tenu \u00e0 pr\u00e9ciser que \u00ab\u00a0les produits commercialis\u00e9s sont d\u2019une haute qualit\u00e9\u00a0\u00bb et \u00ab\u00a0garantissent les m\u00eames conditions de vente appliqu\u00e9es \u00e0 l&rsquo;\u00e9tranger comme garantie, \u00e9change et retour\u00a0\u00bb. Ils sollicitent, \u00e0 cet effet, les services du minist\u00e8re du Commerce pour leur communiquer \u00ab\u00a0les programme d\u2019importations \u00e0 court et moyen terme, ainsi que les sommes allou\u00e9es \u00e0 chaque agent par I\u2019agence ALGEX\u00a0\u00bb, ce qui, selon leurs dires, \u00ab\u00a0leur permettrait d\u2019exercer sereinement leur activit\u00e9 et de respecter tous les engagements envers leurs fournisseurs, usines de production locales, travailleurs, centres commerciaux, &#8230;etc\u00a0\u00bb. Dans tous les cas de figure, les autorit\u00e9s sont d\u00e9cid\u00e9es, selon toute vraisemblance, \u00e0 tout mettre en \u0153uvre pour encourager la production locale, y compris donc dans la fili\u00e8re textile et cuir. D&rsquo;ailleurs, lors de la m\u00eame r\u00e9union, la Pr\u00e9sidente de la CGEA a soulign\u00e9, face aux op\u00e9rateurs r\u00e9unis, \u00ab\u00a0la n\u00e9cessit\u00e9 de respecter les instructions des hautes autorit\u00e9s du pays, qui visent \u00e0 d\u00e9velopper la production nationale et \u00e0 promouvoir les exportations en dehors des hydrocarbures\u00a0\u00bb. Les assises organis\u00e9es les 30 et 31 janvier dernier avaient, rappelons-le, comme objectif de \u00ab\u00a0sensibiliser les op\u00e9rateurs \u00e0 la n\u00e9cessit\u00e9 d&rsquo;adh\u00e9rer aux d\u00e9marches du minist\u00e8re de l&rsquo;Industrie visant \u00e0 organiser les cha\u00eenes de valeur de ces deux fili\u00e8res industrielles, \u00e0 r\u00e9habiliter le produit national, \u00e0 accro\u00eetre sa comp\u00e9titivit\u00e9 et \u00e0 am\u00e9liorer sa qualit\u00e9, de mani\u00e8re \u00e0 satisfaire les besoins du march\u00e9 national et \u00e0 cr\u00e9er la richesse, la valeur ajout\u00e9e et des postes d&#8217;emplois pour les jeunes\u00a0\u00bb.<\/p>\n\n\n\n<p><strong>Elyas Nour<\/strong><\/p>\n","protected":false},"excerpt":{"rendered":"<p>Les op\u00e9rateurs \u00e9conomiques activant dans le domaine de l\u2019importation et de la vente en l\u2019\u00e9tat de l&rsquo;habillement et chaussures se<\/p>\n","protected":false},"author":3,"featured_media":35502,"comment_status":"open","ping_status":"closed","sticky":false,"template":"","format":"standard","meta":{"colormag_page_container_layout":"default_layout","colormag_page_sidebar_layout":"default_layout","om_disable_all_campaigns":false,"_monsterinsights_skip_tracking":false,"_monsterinsights_sitenote_active":false,"_monsterinsights_sitenote_note":"","_monsterinsights_sitenote_category":0,"footnotes":"","_wpscppro_dont_share_socialmedia":false,"_wpscppro_custom_social_share_image":0,"_facebook_share_type":"","_twitter_share_type":"","_linkedin_share_type":"","_pinterest_share_type":"","_linkedin_share_type_page":"","_instagram_share_type":"","_medium_share_type":"","_threads_share_type":"","_google_business_share_type":"","_selected_social_profile":[],"_wpsp_enable_custom_social_template":false,"_wpsp_social_scheduling":{"enabled":false,"datetime":null,"platforms":[],"status":"template_only","dateOption":"today","timeOption":"now","customDays":"","customHours":"","customDate":"","customTime":"","schedulingType":"absolute"},"_wpsp_active_default_template":true},"categories":[52,29],"tags":[],"class_list":["post-35495","post","type-post","status-publish","format-standard","has-post-thumbnail","hentry","category-a-la-une","category-economie"],"aioseo_notices":[],"yoast_head":"<!-- This site is optimized with the Yoast SEO plugin v27.5 - https:\/\/yoast.com\/product\/yoast-seo-wordpress\/ -->\n<title>Restrictions \u00e0 l\u2019importation de pr\u00eat-porter\u00a0: Les inqui\u00e9tudes des franchis\u00e9s - La Sentinelle<\/title>\n<meta name=\"robots\" content=\"index, follow, max-snippet:-1, max-image-preview:large, max-video-preview:-1\" \/>\n<link rel=\"canonical\" href=\"https:\/\/lasentinelle.dz\/index.php\/2023\/02\/04\/restrictions-a-limportation-de-pret-porter-les-inquietudes-des-franchises\/\" \/>\n<meta property=\"og:locale\" content=\"fr_FR\" \/>\n<meta property=\"og:type\" content=\"article\" \/>\n<meta property=\"og:title\" content=\"Restrictions \u00e0 l\u2019importation de pr\u00eat-porter\u00a0: Les inqui\u00e9tudes des franchis\u00e9s - La Sentinelle\" \/>\n<meta property=\"og:description\" content=\"Les op\u00e9rateurs \u00e9conomiques activant dans le domaine de l\u2019importation et de la vente en l\u2019\u00e9tat de l&rsquo;habillement et chaussures se\" \/>\n<meta property=\"og:url\" content=\"https:\/\/lasentinelle.dz\/index.php\/2023\/02\/04\/restrictions-a-limportation-de-pret-porter-les-inquietudes-des-franchises\/\" \/>\n<meta property=\"og:site_name\" content=\"La Sentinelle\" \/>\n<meta property=\"article:publisher\" content=\"https:\/\/www.facebook.com\/La-Sentinelle-104059864394773\" \/>\n<meta property=\"article:published_time\" content=\"2023-02-04T21:10:00+00:00\" \/>\n<meta property=\"og:image\" content=\"https:\/\/lasentinelle.dz\/wp-content\/uploads\/2023\/02\/franchises.png\" \/>\n\t<meta property=\"og:image:width\" content=\"1200\" \/>\n\t<meta property=\"og:image:height\" content=\"900\" \/>\n\t<meta property=\"og:image:type\" content=\"image\/png\" \/>\n<meta name=\"author\" content=\"La Sentinelle\" \/>\n<meta name=\"twitter:card\" content=\"summary_large_image\" \/>\n<meta name=\"twitter:label1\" content=\"\u00c9crit par\" \/>\n\t<meta name=\"twitter:data1\" content=\"La Sentinelle\" \/>\n\t<meta name=\"twitter:label2\" content=\"Dur\u00e9e de lecture estim\u00e9e\" \/>\n\t<meta name=\"twitter:data2\" content=\"5 minutes\" \/>\n<script type=\"application\/ld+json\" class=\"yoast-schema-graph\">{\"@context\":\"https:\\\/\\\/schema.org\",\"@graph\":[{\"@type\":\"Article\",\"@id\":\"https:\\\/\\\/lasentinelle.dz\\\/index.php\\\/2023\\\/02\\\/04\\\/restrictions-a-limportation-de-pret-porter-les-inquietudes-des-franchises\\\/#article\",\"isPartOf\":{\"@id\":\"https:\\\/\\\/lasentinelle.dz\\\/index.php\\\/2023\\\/02\\\/04\\\/restrictions-a-limportation-de-pret-porter-les-inquietudes-des-franchises\\\/\"},\"author\":{\"name\":\"La Sentinelle\",\"@id\":\"https:\\\/\\\/lasentinelle.dz\\\/#\\\/schema\\\/person\\\/d865044e22e70a75174ce8bcad3acfb3\"},\"headline\":\"Restrictions \u00e0 l\u2019importation de pr\u00eat-porter\u00a0: Les inqui\u00e9tudes des franchis\u00e9s\",\"datePublished\":\"2023-02-04T21:10:00+00:00\",\"mainEntityOfPage\":{\"@id\":\"https:\\\/\\\/lasentinelle.dz\\\/index.php\\\/2023\\\/02\\\/04\\\/restrictions-a-limportation-de-pret-porter-les-inquietudes-des-franchises\\\/\"},\"wordCount\":1025,\"commentCount\":0,\"publisher\":{\"@id\":\"https:\\\/\\\/lasentinelle.dz\\\/#organization\"},\"image\":{\"@id\":\"https:\\\/\\\/lasentinelle.dz\\\/index.php\\\/2023\\\/02\\\/04\\\/restrictions-a-limportation-de-pret-porter-les-inquietudes-des-franchises\\\/#primaryimage\"},\"thumbnailUrl\":\"https:\\\/\\\/lasentinelle.dz\\\/wp-content\\\/uploads\\\/2023\\\/02\\\/franchises.png\",\"articleSection\":[\"\u00c0 la Une\",\"\u00c9conomie\"],\"inLanguage\":\"fr-FR\",\"potentialAction\":[{\"@type\":\"CommentAction\",\"name\":\"Comment\",\"target\":[\"https:\\\/\\\/lasentinelle.dz\\\/index.php\\\/2023\\\/02\\\/04\\\/restrictions-a-limportation-de-pret-porter-les-inquietudes-des-franchises\\\/#respond\"]}]},{\"@type\":\"WebPage\",\"@id\":\"https:\\\/\\\/lasentinelle.dz\\\/index.php\\\/2023\\\/02\\\/04\\\/restrictions-a-limportation-de-pret-porter-les-inquietudes-des-franchises\\\/\",\"url\":\"https:\\\/\\\/lasentinelle.dz\\\/index.php\\\/2023\\\/02\\\/04\\\/restrictions-a-limportation-de-pret-porter-les-inquietudes-des-franchises\\\/\",\"name\":\"Restrictions \u00e0 l\u2019importation de pr\u00eat-porter\u00a0: Les inqui\u00e9tudes des franchis\u00e9s - La Sentinelle\",\"isPartOf\":{\"@id\":\"https:\\\/\\\/lasentinelle.dz\\\/#website\"},\"primaryImageOfPage\":{\"@id\":\"https:\\\/\\\/lasentinelle.dz\\\/index.php\\\/2023\\\/02\\\/04\\\/restrictions-a-limportation-de-pret-porter-les-inquietudes-des-franchises\\\/#primaryimage\"},\"image\":{\"@id\":\"https:\\\/\\\/lasentinelle.dz\\\/index.php\\\/2023\\\/02\\\/04\\\/restrictions-a-limportation-de-pret-porter-les-inquietudes-des-franchises\\\/#primaryimage\"},\"thumbnailUrl\":\"https:\\\/\\\/lasentinelle.dz\\\/wp-content\\\/uploads\\\/2023\\\/02\\\/franchises.png\",\"datePublished\":\"2023-02-04T21:10:00+00:00\",\"breadcrumb\":{\"@id\":\"https:\\\/\\\/lasentinelle.dz\\\/index.php\\\/2023\\\/02\\\/04\\\/restrictions-a-limportation-de-pret-porter-les-inquietudes-des-franchises\\\/#breadcrumb\"},\"inLanguage\":\"fr-FR\",\"potentialAction\":[{\"@type\":\"ReadAction\",\"target\":[\"https:\\\/\\\/lasentinelle.dz\\\/index.php\\\/2023\\\/02\\\/04\\\/restrictions-a-limportation-de-pret-porter-les-inquietudes-des-franchises\\\/\"]}]},{\"@type\":\"ImageObject\",\"inLanguage\":\"fr-FR\",\"@id\":\"https:\\\/\\\/lasentinelle.dz\\\/index.php\\\/2023\\\/02\\\/04\\\/restrictions-a-limportation-de-pret-porter-les-inquietudes-des-franchises\\\/#primaryimage\",\"url\":\"https:\\\/\\\/lasentinelle.dz\\\/wp-content\\\/uploads\\\/2023\\\/02\\\/franchises.png\",\"contentUrl\":\"https:\\\/\\\/lasentinelle.dz\\\/wp-content\\\/uploads\\\/2023\\\/02\\\/franchises.png\",\"width\":1200,\"height\":900},{\"@type\":\"BreadcrumbList\",\"@id\":\"https:\\\/\\\/lasentinelle.dz\\\/index.php\\\/2023\\\/02\\\/04\\\/restrictions-a-limportation-de-pret-porter-les-inquietudes-des-franchises\\\/#breadcrumb\",\"itemListElement\":[{\"@type\":\"ListItem\",\"position\":1,\"name\":\"Accueil\",\"item\":\"https:\\\/\\\/lasentinelle.dz\\\/\"},{\"@type\":\"ListItem\",\"position\":2,\"name\":\"Restrictions \u00e0 l\u2019importation de pr\u00eat-porter\u00a0: Les inqui\u00e9tudes des franchis\u00e9s\"}]},{\"@type\":\"WebSite\",\"@id\":\"https:\\\/\\\/lasentinelle.dz\\\/#website\",\"url\":\"https:\\\/\\\/lasentinelle.dz\\\/\",\"name\":\"La Sentinelle\",\"description\":\"Quotidien national d&#039;information\",\"publisher\":{\"@id\":\"https:\\\/\\\/lasentinelle.dz\\\/#organization\"},\"potentialAction\":[{\"@type\":\"SearchAction\",\"target\":{\"@type\":\"EntryPoint\",\"urlTemplate\":\"https:\\\/\\\/lasentinelle.dz\\\/?s={search_term_string}\"},\"query-input\":{\"@type\":\"PropertyValueSpecification\",\"valueRequired\":true,\"valueName\":\"search_term_string\"}}],\"inLanguage\":\"fr-FR\"},{\"@type\":\"Organization\",\"@id\":\"https:\\\/\\\/lasentinelle.dz\\\/#organization\",\"name\":\"Quotidien La Sentinelle\",\"url\":\"https:\\\/\\\/lasentinelle.dz\\\/\",\"logo\":{\"@type\":\"ImageObject\",\"inLanguage\":\"fr-FR\",\"@id\":\"https:\\\/\\\/lasentinelle.dz\\\/#\\\/schema\\\/logo\\\/image\\\/\",\"url\":\"https:\\\/\\\/lasentinelle.dz\\\/wp-content\\\/uploads\\\/2021\\\/09\\\/logo-sentinelleSLOGAN-1.png\",\"contentUrl\":\"https:\\\/\\\/lasentinelle.dz\\\/wp-content\\\/uploads\\\/2021\\\/09\\\/logo-sentinelleSLOGAN-1.png\",\"width\":615,\"height\":142,\"caption\":\"Quotidien La Sentinelle\"},\"image\":{\"@id\":\"https:\\\/\\\/lasentinelle.dz\\\/#\\\/schema\\\/logo\\\/image\\\/\"},\"sameAs\":[\"https:\\\/\\\/www.facebook.com\\\/La-Sentinelle-104059864394773\"]},{\"@type\":\"Person\",\"@id\":\"https:\\\/\\\/lasentinelle.dz\\\/#\\\/schema\\\/person\\\/d865044e22e70a75174ce8bcad3acfb3\",\"name\":\"La Sentinelle\",\"image\":{\"@type\":\"ImageObject\",\"inLanguage\":\"fr-FR\",\"@id\":\"https:\\\/\\\/secure.gravatar.com\\\/avatar\\\/57de8e5d4b15d43fb361a71fbb36338450fe67865b528a43dd10ef7c51a20392?s=96&d=mm&r=g\",\"url\":\"https:\\\/\\\/secure.gravatar.com\\\/avatar\\\/57de8e5d4b15d43fb361a71fbb36338450fe67865b528a43dd10ef7c51a20392?s=96&d=mm&r=g\",\"contentUrl\":\"https:\\\/\\\/secure.gravatar.com\\\/avatar\\\/57de8e5d4b15d43fb361a71fbb36338450fe67865b528a43dd10ef7c51a20392?s=96&d=mm&r=g\",\"caption\":\"La Sentinelle\"},\"sameAs\":[\"http:\\\/\\\/www.lasentinelle.dz\"],\"url\":\"https:\\\/\\\/lasentinelle.dz\\\/author\\\/redaction\\\/\"}]}<\/script>\n<!-- \/ Yoast SEO plugin. -->","yoast_head_json":{"title":"Restrictions \u00e0 l\u2019importation de pr\u00eat-porter\u00a0: Les inqui\u00e9tudes des franchis\u00e9s - La Sentinelle","robots":{"index":"index","follow":"follow","max-snippet":"max-snippet:-1","max-image-preview":"max-image-preview:large","max-video-preview":"max-video-preview:-1"},"canonical":"https:\/\/lasentinelle.dz\/index.php\/2023\/02\/04\/restrictions-a-limportation-de-pret-porter-les-inquietudes-des-franchises\/","og_locale":"fr_FR","og_type":"article","og_title":"Restrictions \u00e0 l\u2019importation de pr\u00eat-porter\u00a0: Les inqui\u00e9tudes des franchis\u00e9s - La Sentinelle","og_description":"Les op\u00e9rateurs \u00e9conomiques activant dans le domaine de l\u2019importation et de la vente en l\u2019\u00e9tat de l&rsquo;habillement et chaussures se","og_url":"https:\/\/lasentinelle.dz\/index.php\/2023\/02\/04\/restrictions-a-limportation-de-pret-porter-les-inquietudes-des-franchises\/","og_site_name":"La Sentinelle","article_publisher":"https:\/\/www.facebook.com\/La-Sentinelle-104059864394773","article_published_time":"2023-02-04T21:10:00+00:00","og_image":[{"width":1200,"height":900,"url":"https:\/\/lasentinelle.dz\/wp-content\/uploads\/2023\/02\/franchises.png","type":"image\/png"}],"author":"La Sentinelle","twitter_card":"summary_large_image","twitter_misc":{"\u00c9crit par":"La Sentinelle","Dur\u00e9e de lecture estim\u00e9e":"5 minutes"},"schema":{"@context":"https:\/\/schema.org","@graph":[{"@type":"Article","@id":"https:\/\/lasentinelle.dz\/index.php\/2023\/02\/04\/restrictions-a-limportation-de-pret-porter-les-inquietudes-des-franchises\/#article","isPartOf":{"@id":"https:\/\/lasentinelle.dz\/index.php\/2023\/02\/04\/restrictions-a-limportation-de-pret-porter-les-inquietudes-des-franchises\/"},"author":{"name":"La Sentinelle","@id":"https:\/\/lasentinelle.dz\/#\/schema\/person\/d865044e22e70a75174ce8bcad3acfb3"},"headline":"Restrictions \u00e0 l\u2019importation de pr\u00eat-porter\u00a0: Les inqui\u00e9tudes des franchis\u00e9s","datePublished":"2023-02-04T21:10:00+00:00","mainEntityOfPage":{"@id":"https:\/\/lasentinelle.dz\/index.php\/2023\/02\/04\/restrictions-a-limportation-de-pret-porter-les-inquietudes-des-franchises\/"},"wordCount":1025,"commentCount":0,"publisher":{"@id":"https:\/\/lasentinelle.dz\/#organization"},"image":{"@id":"https:\/\/lasentinelle.dz\/index.php\/2023\/02\/04\/restrictions-a-limportation-de-pret-porter-les-inquietudes-des-franchises\/#primaryimage"},"thumbnailUrl":"https:\/\/lasentinelle.dz\/wp-content\/uploads\/2023\/02\/franchises.png","articleSection":["\u00c0 la Une","\u00c9conomie"],"inLanguage":"fr-FR","potentialAction":[{"@type":"CommentAction","name":"Comment","target":["https:\/\/lasentinelle.dz\/index.php\/2023\/02\/04\/restrictions-a-limportation-de-pret-porter-les-inquietudes-des-franchises\/#respond"]}]},{"@type":"WebPage","@id":"https:\/\/lasentinelle.dz\/index.php\/2023\/02\/04\/restrictions-a-limportation-de-pret-porter-les-inquietudes-des-franchises\/","url":"https:\/\/lasentinelle.dz\/index.php\/2023\/02\/04\/restrictions-a-limportation-de-pret-porter-les-inquietudes-des-franchises\/","name":"Restrictions \u00e0 l\u2019importation de pr\u00eat-porter\u00a0: Les inqui\u00e9tudes des franchis\u00e9s - La Sentinelle","isPartOf":{"@id":"https:\/\/lasentinelle.dz\/#website"},"primaryImageOfPage":{"@id":"https:\/\/lasentinelle.dz\/index.php\/2023\/02\/04\/restrictions-a-limportation-de-pret-porter-les-inquietudes-des-franchises\/#primaryimage"},"image":{"@id":"https:\/\/lasentinelle.dz\/index.php\/2023\/02\/04\/restrictions-a-limportation-de-pret-porter-les-inquietudes-des-franchises\/#primaryimage"},"thumbnailUrl":"https:\/\/lasentinelle.dz\/wp-content\/uploads\/2023\/02\/franchises.png","datePublished":"2023-02-04T21:10:00+00:00","breadcrumb":{"@id":"https:\/\/lasentinelle.dz\/index.php\/2023\/02\/04\/restrictions-a-limportation-de-pret-porter-les-inquietudes-des-franchises\/#breadcrumb"},"inLanguage":"fr-FR","potentialAction":[{"@type":"ReadAction","target":["https:\/\/lasentinelle.dz\/index.php\/2023\/02\/04\/restrictions-a-limportation-de-pret-porter-les-inquietudes-des-franchises\/"]}]},{"@type":"ImageObject","inLanguage":"fr-FR","@id":"https:\/\/lasentinelle.dz\/index.php\/2023\/02\/04\/restrictions-a-limportation-de-pret-porter-les-inquietudes-des-franchises\/#primaryimage","url":"https:\/\/lasentinelle.dz\/wp-content\/uploads\/2023\/02\/franchises.png","contentUrl":"https:\/\/lasentinelle.dz\/wp-content\/uploads\/2023\/02\/franchises.png","width":1200,"height":900},{"@type":"BreadcrumbList","@id":"https:\/\/lasentinelle.dz\/index.php\/2023\/02\/04\/restrictions-a-limportation-de-pret-porter-les-inquietudes-des-franchises\/#breadcrumb","itemListElement":[{"@type":"ListItem","position":1,"name":"Accueil","item":"https:\/\/lasentinelle.dz\/"},{"@type":"ListItem","position":2,"name":"Restrictions \u00e0 l\u2019importation de pr\u00eat-porter\u00a0: Les inqui\u00e9tudes des franchis\u00e9s"}]},{"@type":"WebSite","@id":"https:\/\/lasentinelle.dz\/#website","url":"https:\/\/lasentinelle.dz\/","name":"La Sentinelle","description":"Quotidien national d&#039;information","publisher":{"@id":"https:\/\/lasentinelle.dz\/#organization"},"potentialAction":[{"@type":"SearchAction","target":{"@type":"EntryPoint","urlTemplate":"https:\/\/lasentinelle.dz\/?s={search_term_string}"},"query-input":{"@type":"PropertyValueSpecification","valueRequired":true,"valueName":"search_term_string"}}],"inLanguage":"fr-FR"},{"@type":"Organization","@id":"https:\/\/lasentinelle.dz\/#organization","name":"Quotidien La Sentinelle","url":"https:\/\/lasentinelle.dz\/","logo":{"@type":"ImageObject","inLanguage":"fr-FR","@id":"https:\/\/lasentinelle.dz\/#\/schema\/logo\/image\/","url":"https:\/\/lasentinelle.dz\/wp-content\/uploads\/2021\/09\/logo-sentinelleSLOGAN-1.png","contentUrl":"https:\/\/lasentinelle.dz\/wp-content\/uploads\/2021\/09\/logo-sentinelleSLOGAN-1.png","width":615,"height":142,"caption":"Quotidien La Sentinelle"},"image":{"@id":"https:\/\/lasentinelle.dz\/#\/schema\/logo\/image\/"},"sameAs":["https:\/\/www.facebook.com\/La-Sentinelle-104059864394773"]},{"@type":"Person","@id":"https:\/\/lasentinelle.dz\/#\/schema\/person\/d865044e22e70a75174ce8bcad3acfb3","name":"La Sentinelle","image":{"@type":"ImageObject","inLanguage":"fr-FR","@id":"https:\/\/secure.gravatar.com\/avatar\/57de8e5d4b15d43fb361a71fbb36338450fe67865b528a43dd10ef7c51a20392?s=96&d=mm&r=g","url":"https:\/\/secure.gravatar.com\/avatar\/57de8e5d4b15d43fb361a71fbb36338450fe67865b528a43dd10ef7c51a20392?s=96&d=mm&r=g","contentUrl":"https:\/\/secure.gravatar.com\/avatar\/57de8e5d4b15d43fb361a71fbb36338450fe67865b528a43dd10ef7c51a20392?s=96&d=mm&r=g","caption":"La Sentinelle"},"sameAs":["http:\/\/www.lasentinelle.dz"],"url":"https:\/\/lasentinelle.dz\/author\/redaction\/"}]}},"_links":{"self":[{"href":"https:\/\/lasentinelle.dz\/index.php\/wp-json\/wp\/v2\/posts\/35495","targetHints":{"allow":["GET"]}}],"collection":[{"href":"https:\/\/lasentinelle.dz\/index.php\/wp-json\/wp\/v2\/posts"}],"about":[{"href":"https:\/\/lasentinelle.dz\/index.php\/wp-json\/wp\/v2\/types\/post"}],"author":[{"embeddable":true,"href":"https:\/\/lasentinelle.dz\/index.php\/wp-json\/wp\/v2\/users\/3"}],"replies":[{"embeddable":true,"href":"https:\/\/lasentinelle.dz\/index.php\/wp-json\/wp\/v2\/comments?post=35495"}],"version-history":[{"count":2,"href":"https:\/\/lasentinelle.dz\/index.php\/wp-json\/wp\/v2\/posts\/35495\/revisions"}],"predecessor-version":[{"id":35527,"href":"https:\/\/lasentinelle.dz\/index.php\/wp-json\/wp\/v2\/posts\/35495\/revisions\/35527"}],"wp:featuredmedia":[{"embeddable":true,"href":"https:\/\/lasentinelle.dz\/index.php\/wp-json\/wp\/v2\/media\/35502"}],"wp:attachment":[{"href":"https:\/\/lasentinelle.dz\/index.php\/wp-json\/wp\/v2\/media?parent=35495"}],"wp:term":[{"taxonomy":"category","embeddable":true,"href":"https:\/\/lasentinelle.dz\/index.php\/wp-json\/wp\/v2\/categories?post=35495"},{"taxonomy":"post_tag","embeddable":true,"href":"https:\/\/lasentinelle.dz\/index.php\/wp-json\/wp\/v2\/tags?post=35495"}],"curies":[{"name":"wp","href":"https:\/\/api.w.org\/{rel}","templated":true}]}}