{"id":35505,"date":"2023-02-04T22:05:00","date_gmt":"2023-02-04T21:05:00","guid":{"rendered":"https:\/\/lasentinelle.dz\/?p=35505"},"modified":"2023-02-04T19:58:47","modified_gmt":"2023-02-04T18:58:47","slug":"2e-sommet-de-dakar-sur-le-financement-des-infrastructures-en-afrique-le-continent-se-tourne-vers-ses-capacites-internes","status":"publish","type":"post","link":"https:\/\/lasentinelle.dz\/index.php\/2023\/02\/04\/2e-sommet-de-dakar-sur-le-financement-des-infrastructures-en-afrique-le-continent-se-tourne-vers-ses-capacites-internes\/","title":{"rendered":"2e Sommet de Dakar sur le financement des infrastructures en Afrique\u00a0: Le continent se tourne vers ses capacit\u00e9s internes"},"content":{"rendered":"\n<p>L\u2019Afrique vit aujourd\u2019hui. Un \u00e9veil politique et \u00e9conomique qui renforce ses aspirations pour un d\u00e9veloppement propre et une \u00e9mancipation qui doit parachever son processus de d\u00e9colonisation entam\u00e9 au milieu di si\u00e8cle pass\u00e9. Sur le plan \u00e9conomique et malgr\u00e9 les richesses dont dispose le continent, celui-ci doit faire avec des lacunes flagrantes en mati\u00e8re d\u2019infrastructures et de services de base. Que ce soit en mati\u00e8re d\u2019infrastructures \u00e9nerg\u00e9tique, de ressources en eau, ou d\u2019infrastructures de transport, tout reste en Afrique, laquelle s\u2019impose pour la prochaine comme \u00e9tant le principal relais de croissance de l\u2019\u00e9conomie mondiale. C\u2019est dans ce contexte que les participants2e Sommet de Dakar sur le financement des infrastructures en Afrique ont soulign\u00e9 la n\u00e9cessit\u00e9 pour le contient de compter d&rsquo;abord sur ses investissements internes pour d\u00e9velopper ses infrastructures et r\u00e9aliser le d\u00e9veloppement \u00e9conomique.<\/p>\n\n\n\n<p>La D\u00e9claration de Dakar, sanctionnant le sommet qui s\u2019est tenu jeudi et vendredi demande \u00e0 l&rsquo;Agence de d\u00e9veloppement de l&rsquo;Union africaine (AUDA-NEPAD) de soumettre, lors du prochain sommet de l&rsquo;Union africaine (UA), un rapport sur l&rsquo;\u00e9tat d&rsquo;avancement des projets de r\u00e9alisation d&rsquo;infrastructures.Les participants ont propos\u00e9 la cr\u00e9ation d&rsquo;un fonds fiduciaire multi-donateurs au sein de l&rsquo;AUDA NEPAD, invitant le secteur priv\u00e9 et les investisseurs tels que les Fonds souverains et les Fonds de pension \u00e0 investir dans les projets du Programme de renforcement des capacit\u00e9s.La D\u00e9claration de Dakar exhorte les Gouvernements des pays africains, les institutions de financement du d\u00e9veloppement et les partenaires internationaux \u00e0 accro\u00eetre leur soutien et leurs financements aux projets infrastructurels.Les participants ont \u00e9galement appel\u00e9 la Banque africaine de d\u00e9veloppement (BAD) \u00e0 \u0153uvrer en \u00e9troite collaboration avec l&rsquo;Agence de d\u00e9veloppement de l&rsquo;Union africaine pour contribuer via la plateforme du Forum africain d&rsquo;investissement \u00e0 drainer davantage d&rsquo;investissements en faveur des projets de d\u00e9veloppement.La D\u00e9claration de Dakar exhorte aussi les partenaires techniques et financiers, les institutions financi\u00e8res de d\u00e9veloppement, les Fonds de garantie, le Consortium pour les infrastructures en Afrique (ICA) et les secteurs bancaire et financier \u00e0 travailler \u00ab\u00a0en \u00e9troite collaboration avec les institutions r\u00e9gionales et continentales pour cr\u00e9er une synergie entre les diff\u00e9rents m\u00e9canismes de financement des infrastructures aux niveaux national et r\u00e9gional\u00a0\u00bb.Les participants ont, par ailleurs, insist\u00e9 sur la coordination avec la Commission de l&rsquo;Union africaine, la Banque africaine de d\u00e9veloppement et les Communaut\u00e9s \u00e9conomiques r\u00e9gionales en Afrique (CER) pour mettre en place un m\u00e9canisme de suivi des r\u00e9sultats de la r\u00e9union de Dakar, invitant l&rsquo;Assembl\u00e9e de l&rsquo;UA \u00e0 inscrire le Sommet de Dakar sur le financement des infrastructures \u00e0 l&rsquo;ordre du jour des r\u00e9unions de l&rsquo;organisation africaine.<\/p>\n\n\n\n<p><strong>Un r\u00f4le pivot pour l\u2019Alg\u00e9rie<\/strong><\/p>\n\n\n\n<p>Notons que lors de ce sommet, les participants ont salu\u00e9 le r\u00f4le pivot de l&rsquo;Alg\u00e9rie en tant que locomotive de d\u00e9veloppement en Afrique. Ainsi, la Commissaire des infrastructures et \u00e9nergie de l&rsquo;Union africaine, Amani Abou Zeid, a salu\u00e9 le r\u00f4le axial et pionnier de l&rsquo;Alg\u00e9rie en Afrique de mani\u00e8re g\u00e9n\u00e9rale, \u00abpas seulement sur le plan des projets d&rsquo;infrastructures ou les projets d&rsquo;int\u00e9gration r\u00e9gionale, mais \u00e9galement par rapport \u00e0 l&rsquo;ensemble des questions qui concernent le continent\u00bb.Mme Abou Zeid a \u00e9galement insist\u00e9 sur l&rsquo;int\u00e9r\u00eat particulier accord\u00e9 par l&rsquo;UA aux programmes d&rsquo;infrastructures et d&rsquo;int\u00e9gration r\u00e9gionale, car \u00e9tant la colonne vert\u00e9brale du d\u00e9veloppement en Afrique.Elle a rappel\u00e9, dans ce sens, que trois ou quatre pays africains constituaient la locomotive de l&rsquo;\u00e9conomie africaine, l&rsquo;Alg\u00e9rie ent\u00eate, avec un r\u00f4le majeur, sans exclure l&rsquo;Egypte, le Nigeria et l&rsquo;Afrique du Sud\u00bb.Mme Abou Zeid a affirm\u00e9 que l&rsquo;UA avait concr\u00e9tis\u00e9 un nombre important de projets d&rsquo;infrastructures sur les plans r\u00e9gional et continental avec la participation de plusieurs organisations et pays africains, lesquels ont \u00e9t\u00e9 pr\u00e9sent\u00e9s, lors du Sommet de Dakar, aux responsables africains \u00e0 haut niveau.Selon la Commissaire de l&rsquo;UA, l&rsquo;importance de ces projets n&rsquo;a cess\u00e9 de grandir sur les trois derni\u00e8res ann\u00e9es suite aux crises successives auquel a fait face le monde en raison de la pand\u00e9mie de Covid-19 et des conjonctures g\u00e9opolitiques.Ces crises ayant touch\u00e9 le continent africain, il est aujourd&rsquo;hui n\u00e9cessaire de r\u00e9aliser davantage d&rsquo;int\u00e9gration r\u00e9gionale et continentale, notamment dans le domaine de l&rsquo;\u00e9nergie, a-t-elle indiqu\u00e9.Et d&rsquo;ajouter que l&rsquo;Alg\u00e9rie joue un r\u00f4le pivot en mati\u00e8re d&rsquo;\u00e9nergie d&rsquo;abord au niveau r\u00e9gional, puis en tant que partenaire africain contribuant \u00e0 l&rsquo;ouverture sur l&rsquo;Europe.De son c\u00f4t\u00e9, la Directrice g\u00e9n\u00e9rale (DG) de l&rsquo;Agence de d\u00e9veloppement de l&rsquo;UA (AUDA-NEPAD), Mme Nardos Bekele-Thomas a assur\u00e9 que \u00abl&rsquo;Alg\u00e9rie joue un r\u00f4le hautement important en tant que membre fondateur du NEPAD et membre actif en faveur du r\u00e8glement des questions auxquelles fait face l&rsquo;Afrique\u00bb.L&rsquo;Alg\u00e9rie dispose de capacit\u00e9s technologiques et de ressources humaines importantes qui lui permettent de jouer un r\u00f4le dans la r\u00e9alisation de plusieurs projets de d\u00e9veloppement dans le continent, a-t-elle ajout\u00e9.Par ailleurs, le pr\u00e9sident s\u00e9n\u00e9galais a salu\u00e9 les efforts de l&rsquo;Alg\u00e9rie, en tant que \u00abpays pivot dans la r\u00e9gion\u00bb, pour le renforcement des m\u00e9canismes infrastructurels en Afrique, \u00e0 travers son engagement constructif en mati\u00e8re d&rsquo;infrastructures et ses efforts dans le cadre de l&rsquo;Initiative africaine pour le d\u00e9veloppement de l&rsquo;Afrique (NEPAD), dont elle est un des pays fondateurs.Il a mis en avant, \u00e0 ce propos, \u00ables contributions louables de l&rsquo;Alg\u00e9rie en faveur du continent africain pour le d\u00e9veloppement des infrastructures et la promotion de l&rsquo;int\u00e9gration continentale\u00bb.<\/p>\n\n\n\n<p><strong>Chokri Hafed<\/strong><\/p>\n","protected":false},"excerpt":{"rendered":"<p>L\u2019Afrique vit aujourd\u2019hui. Un \u00e9veil politique et \u00e9conomique qui renforce ses aspirations pour un d\u00e9veloppement propre et une \u00e9mancipation qui<\/p>\n","protected":false},"author":3,"featured_media":35511,"comment_status":"open","ping_status":"closed","sticky":false,"template":"","format":"standard","meta":{"colormag_page_container_layout":"default_layout","colormag_page_sidebar_layout":"default_layout","om_disable_all_campaigns":false,"_monsterinsights_skip_tracking":false,"_monsterinsights_sitenote_active":false,"_monsterinsights_sitenote_note":"","_monsterinsights_sitenote_category":0,"footnotes":"","_wpscppro_dont_share_socialmedia":false,"_wpscppro_custom_social_share_image":0,"_facebook_share_type":"","_twitter_share_type":"","_linkedin_share_type":"","_pinterest_share_type":"","_linkedin_share_type_page":"","_instagram_share_type":"","_medium_share_type":"","_threads_share_type":"","_google_business_share_type":"","_selected_social_profile":[],"_wpsp_enable_custom_social_template":false,"_wpsp_social_scheduling":{"enabled":false,"datetime":null,"platforms":[],"status":"template_only","dateOption":"today","timeOption":"now","customDays":"","customHours":"","customDate":"","customTime":"","schedulingType":"absolute"},"_wpsp_active_default_template":true},"categories":[27],"tags":[],"class_list":["post-35505","post","type-post","status-publish","format-standard","has-post-thumbnail","hentry","category-actualite"],"aioseo_notices":[],"yoast_head":"<!-- This site is optimized with the Yoast SEO plugin v27.5 - https:\/\/yoast.com\/product\/yoast-seo-wordpress\/ -->\n<title>2e Sommet de Dakar sur le financement des infrastructures en Afrique\u00a0: Le continent se tourne vers ses capacit\u00e9s internes - La Sentinelle<\/title>\n<meta name=\"robots\" content=\"index, follow, max-snippet:-1, max-image-preview:large, max-video-preview:-1\" \/>\n<link rel=\"canonical\" href=\"https:\/\/lasentinelle.dz\/index.php\/2023\/02\/04\/2e-sommet-de-dakar-sur-le-financement-des-infrastructures-en-afrique-le-continent-se-tourne-vers-ses-capacites-internes\/\" \/>\n<meta property=\"og:locale\" content=\"fr_FR\" \/>\n<meta property=\"og:type\" content=\"article\" \/>\n<meta property=\"og:title\" content=\"2e Sommet de Dakar sur le financement des infrastructures en Afrique\u00a0: Le continent se tourne vers ses capacit\u00e9s internes - La Sentinelle\" \/>\n<meta property=\"og:description\" content=\"L\u2019Afrique vit aujourd\u2019hui. Un \u00e9veil politique et \u00e9conomique qui renforce ses aspirations pour un d\u00e9veloppement propre et une \u00e9mancipation qui\" \/>\n<meta property=\"og:url\" content=\"https:\/\/lasentinelle.dz\/index.php\/2023\/02\/04\/2e-sommet-de-dakar-sur-le-financement-des-infrastructures-en-afrique-le-continent-se-tourne-vers-ses-capacites-internes\/\" \/>\n<meta property=\"og:site_name\" content=\"La Sentinelle\" \/>\n<meta property=\"article:publisher\" content=\"https:\/\/www.facebook.com\/La-Sentinelle-104059864394773\" \/>\n<meta property=\"article:published_time\" content=\"2023-02-04T21:05:00+00:00\" \/>\n<meta property=\"og:image\" content=\"https:\/\/lasentinelle.dz\/wp-content\/uploads\/2023\/02\/Sans-titre-2-1.png\" \/>\n\t<meta property=\"og:image:width\" content=\"1199\" \/>\n\t<meta property=\"og:image:height\" content=\"900\" \/>\n\t<meta property=\"og:image:type\" content=\"image\/png\" \/>\n<meta name=\"author\" content=\"La Sentinelle\" \/>\n<meta name=\"twitter:card\" content=\"summary_large_image\" \/>\n<meta name=\"twitter:label1\" content=\"\u00c9crit par\" \/>\n\t<meta name=\"twitter:data1\" content=\"La Sentinelle\" \/>\n\t<meta name=\"twitter:label2\" content=\"Dur\u00e9e de lecture estim\u00e9e\" \/>\n\t<meta name=\"twitter:data2\" content=\"5 minutes\" \/>\n<script type=\"application\/ld+json\" class=\"yoast-schema-graph\">{\"@context\":\"https:\\\/\\\/schema.org\",\"@graph\":[{\"@type\":\"Article\",\"@id\":\"https:\\\/\\\/lasentinelle.dz\\\/index.php\\\/2023\\\/02\\\/04\\\/2e-sommet-de-dakar-sur-le-financement-des-infrastructures-en-afrique-le-continent-se-tourne-vers-ses-capacites-internes\\\/#article\",\"isPartOf\":{\"@id\":\"https:\\\/\\\/lasentinelle.dz\\\/index.php\\\/2023\\\/02\\\/04\\\/2e-sommet-de-dakar-sur-le-financement-des-infrastructures-en-afrique-le-continent-se-tourne-vers-ses-capacites-internes\\\/\"},\"author\":{\"name\":\"La Sentinelle\",\"@id\":\"https:\\\/\\\/lasentinelle.dz\\\/#\\\/schema\\\/person\\\/d865044e22e70a75174ce8bcad3acfb3\"},\"headline\":\"2e Sommet de Dakar sur le financement des infrastructures en Afrique\u00a0: Le continent se tourne vers ses capacit\u00e9s internes\",\"datePublished\":\"2023-02-04T21:05:00+00:00\",\"mainEntityOfPage\":{\"@id\":\"https:\\\/\\\/lasentinelle.dz\\\/index.php\\\/2023\\\/02\\\/04\\\/2e-sommet-de-dakar-sur-le-financement-des-infrastructures-en-afrique-le-continent-se-tourne-vers-ses-capacites-internes\\\/\"},\"wordCount\":1031,\"commentCount\":0,\"publisher\":{\"@id\":\"https:\\\/\\\/lasentinelle.dz\\\/#organization\"},\"image\":{\"@id\":\"https:\\\/\\\/lasentinelle.dz\\\/index.php\\\/2023\\\/02\\\/04\\\/2e-sommet-de-dakar-sur-le-financement-des-infrastructures-en-afrique-le-continent-se-tourne-vers-ses-capacites-internes\\\/#primaryimage\"},\"thumbnailUrl\":\"https:\\\/\\\/lasentinelle.dz\\\/wp-content\\\/uploads\\\/2023\\\/02\\\/Sans-titre-2-1.png\",\"articleSection\":[\"Actualit\u00e9\"],\"inLanguage\":\"fr-FR\",\"potentialAction\":[{\"@type\":\"CommentAction\",\"name\":\"Comment\",\"target\":[\"https:\\\/\\\/lasentinelle.dz\\\/index.php\\\/2023\\\/02\\\/04\\\/2e-sommet-de-dakar-sur-le-financement-des-infrastructures-en-afrique-le-continent-se-tourne-vers-ses-capacites-internes\\\/#respond\"]}]},{\"@type\":\"WebPage\",\"@id\":\"https:\\\/\\\/lasentinelle.dz\\\/index.php\\\/2023\\\/02\\\/04\\\/2e-sommet-de-dakar-sur-le-financement-des-infrastructures-en-afrique-le-continent-se-tourne-vers-ses-capacites-internes\\\/\",\"url\":\"https:\\\/\\\/lasentinelle.dz\\\/index.php\\\/2023\\\/02\\\/04\\\/2e-sommet-de-dakar-sur-le-financement-des-infrastructures-en-afrique-le-continent-se-tourne-vers-ses-capacites-internes\\\/\",\"name\":\"2e Sommet de Dakar sur le financement des infrastructures en Afrique\u00a0: Le continent se tourne vers ses capacit\u00e9s internes - La Sentinelle\",\"isPartOf\":{\"@id\":\"https:\\\/\\\/lasentinelle.dz\\\/#website\"},\"primaryImageOfPage\":{\"@id\":\"https:\\\/\\\/lasentinelle.dz\\\/index.php\\\/2023\\\/02\\\/04\\\/2e-sommet-de-dakar-sur-le-financement-des-infrastructures-en-afrique-le-continent-se-tourne-vers-ses-capacites-internes\\\/#primaryimage\"},\"image\":{\"@id\":\"https:\\\/\\\/lasentinelle.dz\\\/index.php\\\/2023\\\/02\\\/04\\\/2e-sommet-de-dakar-sur-le-financement-des-infrastructures-en-afrique-le-continent-se-tourne-vers-ses-capacites-internes\\\/#primaryimage\"},\"thumbnailUrl\":\"https:\\\/\\\/lasentinelle.dz\\\/wp-content\\\/uploads\\\/2023\\\/02\\\/Sans-titre-2-1.png\",\"datePublished\":\"2023-02-04T21:05:00+00:00\",\"breadcrumb\":{\"@id\":\"https:\\\/\\\/lasentinelle.dz\\\/index.php\\\/2023\\\/02\\\/04\\\/2e-sommet-de-dakar-sur-le-financement-des-infrastructures-en-afrique-le-continent-se-tourne-vers-ses-capacites-internes\\\/#breadcrumb\"},\"inLanguage\":\"fr-FR\",\"potentialAction\":[{\"@type\":\"ReadAction\",\"target\":[\"https:\\\/\\\/lasentinelle.dz\\\/index.php\\\/2023\\\/02\\\/04\\\/2e-sommet-de-dakar-sur-le-financement-des-infrastructures-en-afrique-le-continent-se-tourne-vers-ses-capacites-internes\\\/\"]}]},{\"@type\":\"ImageObject\",\"inLanguage\":\"fr-FR\",\"@id\":\"https:\\\/\\\/lasentinelle.dz\\\/index.php\\\/2023\\\/02\\\/04\\\/2e-sommet-de-dakar-sur-le-financement-des-infrastructures-en-afrique-le-continent-se-tourne-vers-ses-capacites-internes\\\/#primaryimage\",\"url\":\"https:\\\/\\\/lasentinelle.dz\\\/wp-content\\\/uploads\\\/2023\\\/02\\\/Sans-titre-2-1.png\",\"contentUrl\":\"https:\\\/\\\/lasentinelle.dz\\\/wp-content\\\/uploads\\\/2023\\\/02\\\/Sans-titre-2-1.png\",\"width\":1199,\"height\":900},{\"@type\":\"BreadcrumbList\",\"@id\":\"https:\\\/\\\/lasentinelle.dz\\\/index.php\\\/2023\\\/02\\\/04\\\/2e-sommet-de-dakar-sur-le-financement-des-infrastructures-en-afrique-le-continent-se-tourne-vers-ses-capacites-internes\\\/#breadcrumb\",\"itemListElement\":[{\"@type\":\"ListItem\",\"position\":1,\"name\":\"Accueil\",\"item\":\"https:\\\/\\\/lasentinelle.dz\\\/\"},{\"@type\":\"ListItem\",\"position\":2,\"name\":\"2e Sommet de Dakar sur le financement des infrastructures en Afrique\u00a0: Le continent se tourne vers ses capacit\u00e9s internes\"}]},{\"@type\":\"WebSite\",\"@id\":\"https:\\\/\\\/lasentinelle.dz\\\/#website\",\"url\":\"https:\\\/\\\/lasentinelle.dz\\\/\",\"name\":\"La Sentinelle\",\"description\":\"Quotidien national d&#039;information\",\"publisher\":{\"@id\":\"https:\\\/\\\/lasentinelle.dz\\\/#organization\"},\"potentialAction\":[{\"@type\":\"SearchAction\",\"target\":{\"@type\":\"EntryPoint\",\"urlTemplate\":\"https:\\\/\\\/lasentinelle.dz\\\/?s={search_term_string}\"},\"query-input\":{\"@type\":\"PropertyValueSpecification\",\"valueRequired\":true,\"valueName\":\"search_term_string\"}}],\"inLanguage\":\"fr-FR\"},{\"@type\":\"Organization\",\"@id\":\"https:\\\/\\\/lasentinelle.dz\\\/#organization\",\"name\":\"Quotidien La Sentinelle\",\"url\":\"https:\\\/\\\/lasentinelle.dz\\\/\",\"logo\":{\"@type\":\"ImageObject\",\"inLanguage\":\"fr-FR\",\"@id\":\"https:\\\/\\\/lasentinelle.dz\\\/#\\\/schema\\\/logo\\\/image\\\/\",\"url\":\"https:\\\/\\\/lasentinelle.dz\\\/wp-content\\\/uploads\\\/2021\\\/09\\\/logo-sentinelleSLOGAN-1.png\",\"contentUrl\":\"https:\\\/\\\/lasentinelle.dz\\\/wp-content\\\/uploads\\\/2021\\\/09\\\/logo-sentinelleSLOGAN-1.png\",\"width\":615,\"height\":142,\"caption\":\"Quotidien La Sentinelle\"},\"image\":{\"@id\":\"https:\\\/\\\/lasentinelle.dz\\\/#\\\/schema\\\/logo\\\/image\\\/\"},\"sameAs\":[\"https:\\\/\\\/www.facebook.com\\\/La-Sentinelle-104059864394773\"]},{\"@type\":\"Person\",\"@id\":\"https:\\\/\\\/lasentinelle.dz\\\/#\\\/schema\\\/person\\\/d865044e22e70a75174ce8bcad3acfb3\",\"name\":\"La Sentinelle\",\"image\":{\"@type\":\"ImageObject\",\"inLanguage\":\"fr-FR\",\"@id\":\"https:\\\/\\\/secure.gravatar.com\\\/avatar\\\/57de8e5d4b15d43fb361a71fbb36338450fe67865b528a43dd10ef7c51a20392?s=96&d=mm&r=g\",\"url\":\"https:\\\/\\\/secure.gravatar.com\\\/avatar\\\/57de8e5d4b15d43fb361a71fbb36338450fe67865b528a43dd10ef7c51a20392?s=96&d=mm&r=g\",\"contentUrl\":\"https:\\\/\\\/secure.gravatar.com\\\/avatar\\\/57de8e5d4b15d43fb361a71fbb36338450fe67865b528a43dd10ef7c51a20392?s=96&d=mm&r=g\",\"caption\":\"La Sentinelle\"},\"sameAs\":[\"http:\\\/\\\/www.lasentinelle.dz\"],\"url\":\"https:\\\/\\\/lasentinelle.dz\\\/author\\\/redaction\\\/\"}]}<\/script>\n<!-- \/ Yoast SEO plugin. -->","yoast_head_json":{"title":"2e Sommet de Dakar sur le financement des infrastructures en Afrique\u00a0: Le continent se tourne vers ses capacit\u00e9s internes - La Sentinelle","robots":{"index":"index","follow":"follow","max-snippet":"max-snippet:-1","max-image-preview":"max-image-preview:large","max-video-preview":"max-video-preview:-1"},"canonical":"https:\/\/lasentinelle.dz\/index.php\/2023\/02\/04\/2e-sommet-de-dakar-sur-le-financement-des-infrastructures-en-afrique-le-continent-se-tourne-vers-ses-capacites-internes\/","og_locale":"fr_FR","og_type":"article","og_title":"2e Sommet de Dakar sur le financement des infrastructures en Afrique\u00a0: Le continent se tourne vers ses capacit\u00e9s internes - La Sentinelle","og_description":"L\u2019Afrique vit aujourd\u2019hui. Un \u00e9veil politique et \u00e9conomique qui renforce ses aspirations pour un d\u00e9veloppement propre et une \u00e9mancipation qui","og_url":"https:\/\/lasentinelle.dz\/index.php\/2023\/02\/04\/2e-sommet-de-dakar-sur-le-financement-des-infrastructures-en-afrique-le-continent-se-tourne-vers-ses-capacites-internes\/","og_site_name":"La Sentinelle","article_publisher":"https:\/\/www.facebook.com\/La-Sentinelle-104059864394773","article_published_time":"2023-02-04T21:05:00+00:00","og_image":[{"width":1199,"height":900,"url":"https:\/\/lasentinelle.dz\/wp-content\/uploads\/2023\/02\/Sans-titre-2-1.png","type":"image\/png"}],"author":"La Sentinelle","twitter_card":"summary_large_image","twitter_misc":{"\u00c9crit par":"La Sentinelle","Dur\u00e9e de lecture estim\u00e9e":"5 minutes"},"schema":{"@context":"https:\/\/schema.org","@graph":[{"@type":"Article","@id":"https:\/\/lasentinelle.dz\/index.php\/2023\/02\/04\/2e-sommet-de-dakar-sur-le-financement-des-infrastructures-en-afrique-le-continent-se-tourne-vers-ses-capacites-internes\/#article","isPartOf":{"@id":"https:\/\/lasentinelle.dz\/index.php\/2023\/02\/04\/2e-sommet-de-dakar-sur-le-financement-des-infrastructures-en-afrique-le-continent-se-tourne-vers-ses-capacites-internes\/"},"author":{"name":"La Sentinelle","@id":"https:\/\/lasentinelle.dz\/#\/schema\/person\/d865044e22e70a75174ce8bcad3acfb3"},"headline":"2e Sommet de Dakar sur le financement des infrastructures en Afrique\u00a0: Le continent se tourne vers ses capacit\u00e9s internes","datePublished":"2023-02-04T21:05:00+00:00","mainEntityOfPage":{"@id":"https:\/\/lasentinelle.dz\/index.php\/2023\/02\/04\/2e-sommet-de-dakar-sur-le-financement-des-infrastructures-en-afrique-le-continent-se-tourne-vers-ses-capacites-internes\/"},"wordCount":1031,"commentCount":0,"publisher":{"@id":"https:\/\/lasentinelle.dz\/#organization"},"image":{"@id":"https:\/\/lasentinelle.dz\/index.php\/2023\/02\/04\/2e-sommet-de-dakar-sur-le-financement-des-infrastructures-en-afrique-le-continent-se-tourne-vers-ses-capacites-internes\/#primaryimage"},"thumbnailUrl":"https:\/\/lasentinelle.dz\/wp-content\/uploads\/2023\/02\/Sans-titre-2-1.png","articleSection":["Actualit\u00e9"],"inLanguage":"fr-FR","potentialAction":[{"@type":"CommentAction","name":"Comment","target":["https:\/\/lasentinelle.dz\/index.php\/2023\/02\/04\/2e-sommet-de-dakar-sur-le-financement-des-infrastructures-en-afrique-le-continent-se-tourne-vers-ses-capacites-internes\/#respond"]}]},{"@type":"WebPage","@id":"https:\/\/lasentinelle.dz\/index.php\/2023\/02\/04\/2e-sommet-de-dakar-sur-le-financement-des-infrastructures-en-afrique-le-continent-se-tourne-vers-ses-capacites-internes\/","url":"https:\/\/lasentinelle.dz\/index.php\/2023\/02\/04\/2e-sommet-de-dakar-sur-le-financement-des-infrastructures-en-afrique-le-continent-se-tourne-vers-ses-capacites-internes\/","name":"2e Sommet de Dakar sur le financement des infrastructures en Afrique\u00a0: Le continent se tourne vers ses capacit\u00e9s internes - La Sentinelle","isPartOf":{"@id":"https:\/\/lasentinelle.dz\/#website"},"primaryImageOfPage":{"@id":"https:\/\/lasentinelle.dz\/index.php\/2023\/02\/04\/2e-sommet-de-dakar-sur-le-financement-des-infrastructures-en-afrique-le-continent-se-tourne-vers-ses-capacites-internes\/#primaryimage"},"image":{"@id":"https:\/\/lasentinelle.dz\/index.php\/2023\/02\/04\/2e-sommet-de-dakar-sur-le-financement-des-infrastructures-en-afrique-le-continent-se-tourne-vers-ses-capacites-internes\/#primaryimage"},"thumbnailUrl":"https:\/\/lasentinelle.dz\/wp-content\/uploads\/2023\/02\/Sans-titre-2-1.png","datePublished":"2023-02-04T21:05:00+00:00","breadcrumb":{"@id":"https:\/\/lasentinelle.dz\/index.php\/2023\/02\/04\/2e-sommet-de-dakar-sur-le-financement-des-infrastructures-en-afrique-le-continent-se-tourne-vers-ses-capacites-internes\/#breadcrumb"},"inLanguage":"fr-FR","potentialAction":[{"@type":"ReadAction","target":["https:\/\/lasentinelle.dz\/index.php\/2023\/02\/04\/2e-sommet-de-dakar-sur-le-financement-des-infrastructures-en-afrique-le-continent-se-tourne-vers-ses-capacites-internes\/"]}]},{"@type":"ImageObject","inLanguage":"fr-FR","@id":"https:\/\/lasentinelle.dz\/index.php\/2023\/02\/04\/2e-sommet-de-dakar-sur-le-financement-des-infrastructures-en-afrique-le-continent-se-tourne-vers-ses-capacites-internes\/#primaryimage","url":"https:\/\/lasentinelle.dz\/wp-content\/uploads\/2023\/02\/Sans-titre-2-1.png","contentUrl":"https:\/\/lasentinelle.dz\/wp-content\/uploads\/2023\/02\/Sans-titre-2-1.png","width":1199,"height":900},{"@type":"BreadcrumbList","@id":"https:\/\/lasentinelle.dz\/index.php\/2023\/02\/04\/2e-sommet-de-dakar-sur-le-financement-des-infrastructures-en-afrique-le-continent-se-tourne-vers-ses-capacites-internes\/#breadcrumb","itemListElement":[{"@type":"ListItem","position":1,"name":"Accueil","item":"https:\/\/lasentinelle.dz\/"},{"@type":"ListItem","position":2,"name":"2e Sommet de Dakar sur le financement des infrastructures en Afrique\u00a0: Le continent se tourne vers ses capacit\u00e9s internes"}]},{"@type":"WebSite","@id":"https:\/\/lasentinelle.dz\/#website","url":"https:\/\/lasentinelle.dz\/","name":"La Sentinelle","description":"Quotidien national d&#039;information","publisher":{"@id":"https:\/\/lasentinelle.dz\/#organization"},"potentialAction":[{"@type":"SearchAction","target":{"@type":"EntryPoint","urlTemplate":"https:\/\/lasentinelle.dz\/?s={search_term_string}"},"query-input":{"@type":"PropertyValueSpecification","valueRequired":true,"valueName":"search_term_string"}}],"inLanguage":"fr-FR"},{"@type":"Organization","@id":"https:\/\/lasentinelle.dz\/#organization","name":"Quotidien La Sentinelle","url":"https:\/\/lasentinelle.dz\/","logo":{"@type":"ImageObject","inLanguage":"fr-FR","@id":"https:\/\/lasentinelle.dz\/#\/schema\/logo\/image\/","url":"https:\/\/lasentinelle.dz\/wp-content\/uploads\/2021\/09\/logo-sentinelleSLOGAN-1.png","contentUrl":"https:\/\/lasentinelle.dz\/wp-content\/uploads\/2021\/09\/logo-sentinelleSLOGAN-1.png","width":615,"height":142,"caption":"Quotidien La Sentinelle"},"image":{"@id":"https:\/\/lasentinelle.dz\/#\/schema\/logo\/image\/"},"sameAs":["https:\/\/www.facebook.com\/La-Sentinelle-104059864394773"]},{"@type":"Person","@id":"https:\/\/lasentinelle.dz\/#\/schema\/person\/d865044e22e70a75174ce8bcad3acfb3","name":"La Sentinelle","image":{"@type":"ImageObject","inLanguage":"fr-FR","@id":"https:\/\/secure.gravatar.com\/avatar\/57de8e5d4b15d43fb361a71fbb36338450fe67865b528a43dd10ef7c51a20392?s=96&d=mm&r=g","url":"https:\/\/secure.gravatar.com\/avatar\/57de8e5d4b15d43fb361a71fbb36338450fe67865b528a43dd10ef7c51a20392?s=96&d=mm&r=g","contentUrl":"https:\/\/secure.gravatar.com\/avatar\/57de8e5d4b15d43fb361a71fbb36338450fe67865b528a43dd10ef7c51a20392?s=96&d=mm&r=g","caption":"La Sentinelle"},"sameAs":["http:\/\/www.lasentinelle.dz"],"url":"https:\/\/lasentinelle.dz\/author\/redaction\/"}]}},"_links":{"self":[{"href":"https:\/\/lasentinelle.dz\/index.php\/wp-json\/wp\/v2\/posts\/35505","targetHints":{"allow":["GET"]}}],"collection":[{"href":"https:\/\/lasentinelle.dz\/index.php\/wp-json\/wp\/v2\/posts"}],"about":[{"href":"https:\/\/lasentinelle.dz\/index.php\/wp-json\/wp\/v2\/types\/post"}],"author":[{"embeddable":true,"href":"https:\/\/lasentinelle.dz\/index.php\/wp-json\/wp\/v2\/users\/3"}],"replies":[{"embeddable":true,"href":"https:\/\/lasentinelle.dz\/index.php\/wp-json\/wp\/v2\/comments?post=35505"}],"version-history":[{"count":1,"href":"https:\/\/lasentinelle.dz\/index.php\/wp-json\/wp\/v2\/posts\/35505\/revisions"}],"predecessor-version":[{"id":35512,"href":"https:\/\/lasentinelle.dz\/index.php\/wp-json\/wp\/v2\/posts\/35505\/revisions\/35512"}],"wp:featuredmedia":[{"embeddable":true,"href":"https:\/\/lasentinelle.dz\/index.php\/wp-json\/wp\/v2\/media\/35511"}],"wp:attachment":[{"href":"https:\/\/lasentinelle.dz\/index.php\/wp-json\/wp\/v2\/media?parent=35505"}],"wp:term":[{"taxonomy":"category","embeddable":true,"href":"https:\/\/lasentinelle.dz\/index.php\/wp-json\/wp\/v2\/categories?post=35505"},{"taxonomy":"post_tag","embeddable":true,"href":"https:\/\/lasentinelle.dz\/index.php\/wp-json\/wp\/v2\/tags?post=35505"}],"curies":[{"name":"wp","href":"https:\/\/api.w.org\/{rel}","templated":true}]}}