{"id":35602,"date":"2023-02-05T22:17:00","date_gmt":"2023-02-05T21:17:00","guid":{"rendered":"https:\/\/lasentinelle.dz\/?p=35602"},"modified":"2023-02-05T21:57:09","modified_gmt":"2023-02-05T20:57:09","slug":"amelioration-des-prestations-de-soins-en-cancerologie-et-en-cardiologie-cap-sur-la-medecine-nucleaire","status":"publish","type":"post","link":"https:\/\/lasentinelle.dz\/index.php\/2023\/02\/05\/amelioration-des-prestations-de-soins-en-cancerologie-et-en-cardiologie-cap-sur-la-medecine-nucleaire\/","title":{"rendered":"Am\u00e9lioration des prestations de soins en canc\u00e9rologie et en cardiologie : Cap sur la m\u00e9decine nucl\u00e9aire"},"content":{"rendered":"\n<p>Le pr\u00e9sident de la R\u00e9publique a ordonn\u00e9 hier au cours de la r\u00e9union du Conseil des ministres d\u2019orienter les investissements en mati\u00e8re d\u2019\u00e9nergie \u00e9lectronucl\u00e9aire vers le d\u00e9veloppement de la m\u00e9decine nucl\u00e9aire.<\/p>\n\n\n\n<p>L\u2019am\u00e9lioration des prestations de soins est l\u2019une des priorit\u00e9s du d\u00e9partement de la Sant\u00e9. Au-del\u00e0 de la r\u00e9habilitation et de la modernisation des structures de sant\u00e9, de la refonte des services vitaux, \u00e0 l\u2019image des urgences m\u00e9dicales, et de la num\u00e9risation du secteur, la prise en charge des maladies lourdes, comme le cancer, et l\u2019am\u00e9lioration des traitements en direction des patients atteints de ces maladies sont un d\u00e9fi que les pouvoirs publics entendent relever. C\u2019est dans cet objectif que le pr\u00e9sident de la R\u00e9publique, Abdelmadjid Tebboune a donn\u00e9 des instructions pour orienter les investissements vers la m\u00e9decine nucl\u00e9aire. Au cours de la r\u00e9union p\u00e9riodique du Conseil des ministres, et qui a eu \u00e0 se pencher sur les investissements dans les domaines de l\u2019\u00e9nergie solaire et l\u2019\u00e9nergie \u00e9lectronucl\u00e9aire, le pr\u00e9sident de la R\u00e9publique a donn\u00e9des instructions pour \u00ab&nbsp;orienter l&rsquo;investissement dans l&rsquo;\u00e9nergie \u00e9lectronucl\u00e9aire vers l&rsquo;usage m\u00e9dical, notamment la radioth\u00e9rapie pour les patients atteints de cancer ou d&rsquo;autres maladies n\u00e9cessitant cette technologie&nbsp;\u00bb. Il est vrai que les applications en mati\u00e8re de m\u00e9decine nucl\u00e9aire ne sont pas nouvelles en Alg\u00e9rie. le premier service d\u00e9di\u00e9e \u00e0 cette sp\u00e9cialit\u00e9 a \u00e9t\u00e9 mis en place au niveau du Centre Pierre et Marie Curie au CHU Mustpaha Bacha en 1978. Depuis les centres de ce type se sont multipli\u00e9s aussi bien dans le secteur public que priv\u00e9. L\u2019Alg\u00e9rie dispose d\u2019ailleurs de comp\u00e9tences av\u00e9r\u00e9es en la mati\u00e8re. Cependant, elle p\u00e2tit de certaines lacunes qui affecte le d\u00e9veloppement de cette m\u00e9decine au c\u0153ur des traitements du cancer. Car que ce soit en mati\u00e8re d\u2019imagerie m\u00e9dicale ou de radioth\u00e9rapie, les \u00e9quipements sont import\u00e9s, sans oublier que certains \u00e9quipements d\u2019imagerie m\u00e9dicale qui permettent de faire avancer le diagnostic manquent. C\u2019est ce qui explique la volont\u00e9 des pouvoirs publics d\u2019aller vers le d\u00e9veloppement des applications de l\u2019\u00e9nergie \u00e9lectronucl\u00e9aire \u00e0 la m\u00e9decine d\u2019autant que l\u2019Alg\u00e9rie ambitionne de d\u00e9velopper son programme d\u2019\u00e9nergie nucl\u00e9aire pour des applications civiles. Cela permettra d\u2019am\u00e9liorer le traitement du cancer, mais aussi d\u2019autres maladies notamment cardiaques.<\/p>\n\n\n\n<p>En ce qui concerne le second volet de ce dossier et qui relatif au d\u00e9veloppement des \u00e9nergies alternatives, la r\u00e9union a permis de se pencher sur les perspectives de d\u00e9veloppement de l\u2019\u00e9nergie solaire. Le Pr\u00e9sident Tebboune a dans ce sens ordonn\u00e9 d\u2019intensifier \u00ab&nbsp;les recherches scientifiques conjointes avec les grands \u00e9tablissements mondiaux sp\u00e9cialis\u00e9s pour augmenter la capacit\u00e9 de stockage de l&rsquo;\u00e9nergie solaire, selon un programme aux objectifs biens d\u00e9finis en coordination entre les minist\u00e8res de l&rsquo;Energie et de l&rsquo;Enseignement sup\u00e9rieur&nbsp;\u00bb.<\/p>\n\n\n\n<p><strong>Ouverture de l\u2019universit\u00e9 au priv\u00e9<\/strong><\/p>\n\n\n\n<p>L\u2019autre dossier central trait\u00e9 au cours du Conseil des ministre est celui de l\u2019universit\u00e9 et de la refonte de l\u2019enseignement sup\u00e9rieur. Une refonte assise sur la r\u00e9vision des syst\u00e8mes de formation, mais aussi sur l\u2019ouverture de l\u2019universit\u00e9 \u00e0 l\u2019investissement priv\u00e9. Dans ce contexte, le pr\u00e9sident de la R\u00e9publique a donn\u00e9 des instructions pour \u00ab&nbsp;l&rsquo;ouverture du secteur aux universit\u00e9s priv\u00e9es, suivant les standards internationaux, notamment en termes d&rsquo;infrastructures, avec possibilit\u00e9 de financements bancaires pour leur r\u00e9alisation&nbsp;\u00bb.en ce qui concerne les syst\u00e8mes de formation, il s\u2019agit de la\u00ab&nbsp;r\u00e9vision minutieuse de l&rsquo;organisation actuelle des deux syst\u00e8mes LMD et classique, selon une vision consensuelle de la famille universitaire, les propositions devant \u00eatre soumises au Conseil du Gouvernement avant de les pr\u00e9senter au niveau du Conseil des ministres&nbsp;\u00bb. Le chef de l\u2019\u00c9tat a \u00e9galement donn\u00e9 des instructions pour l\u2019\u00e9laboration \u00ab&nbsp;d&rsquo;une nomenclature des sp\u00e9cialit\u00e9s scientifiques pour l&rsquo;\u00e9quivalence des dipl\u00f4mes des universit\u00e9s \u00e9trang\u00e8res, syst\u00e9matiquement, pour les dipl\u00f4m\u00e9s Alg\u00e9riens, en vue de faciliter le retour des comp\u00e9tences et de b\u00e9n\u00e9ficier de leur formation sup\u00e9rieure et des exp\u00e9riences de nos \u00e9tudiants et de nos enseignants venant de l&rsquo;\u00e9tranger&nbsp;\u00bb. Le syst\u00e8me des \u0153uvres universitairesdevra \u00e9galement \u00eatre au c\u0153ur de r\u00e9formes \u00ab&nbsp;qualitatives et quantitatives&nbsp;\u00bb.<\/p>\n\n\n\n<p>Le Pr\u00e9sident Tebboune a \u00e9galement insist\u00e9 sur le renforcement de la coh\u00e9sion relev\u00e9e entre les secteurs de l&rsquo;Enseignement sup\u00e9rieur et des Start-up, saluant l&rsquo;unification des efforts au service de l&rsquo;\u00e9conomie nationale. Une question qui a d\u2019ailleurs \u00e9t\u00e9 au c\u0153ur du troisi\u00e8me dossier \u00e0 l\u2019ordre du jour de cette r\u00e9union. Dans ce sens le pr\u00e9sident de la R\u00e9publique a salu\u00e9 la dynamique que connait le syst\u00e8me de l&rsquo;enseignement sup\u00e9rieur, visant \u00e0 encourager les \u00e9tudiants \u00e0 cr\u00e9er leurs start-up, et ordonn\u00e9 de poursuivre la coordination \u00e0 ce niveau. En ce qui concerne le d\u00e9veloppement des micro-entreprises le chef de l\u2019\u00c9tat a estim\u00e9 que ce dossier \u00ab&nbsp;devrait \u00eatre soumis \u00e0 nouveau au Conseil du Gouvernement pour \u00eatre expos\u00e9 ensuite en Conseil des ministres pour trancher d\u00e9finitivement cette question&nbsp;\u00bb. Il a \u00e9galement r\u00e9affirm\u00e9 \u00ab&nbsp;l&rsquo;engagement de l&rsquo;Etat \u00e0 encourager les jeunes et \u00e0 soutenir les start-up et les d\u00e9velopper, tout en cr\u00e9ant un environnement propice \u00e0 m\u00eame de contribuer \u00e0 la relance de l&rsquo;\u00e9conomie nationale&nbsp;\u00bb.<\/p>\n\n\n\n<p>Enfin et suite \u00e0 un expos\u00e9 sur le dossier du Coran en braille \u00e9dit\u00e9 en Alg\u00e9rie, le Pr\u00e9sident Tebboune a ordonn\u00e9 de l&rsquo;imprimer et de le distribuer, \u00e0 titre gracieux, \u00e0 l&rsquo;int\u00e9rieur et \u00e0 l&rsquo;ext\u00e9rieur du pays, y compris \u00e0 la Mosqu\u00e9e de Paris, afin que les membres des communaut\u00e9s musulmanes du monde entier \u00e9tablis en France puissent en b\u00e9n\u00e9ficier, et d&rsquo;y apposer le drapeau alg\u00e9rien et l&rsquo;expression \u00ab&nbsp;Distribu\u00e9 gratuitement&nbsp;\u00bb.<\/p>\n\n\n\n<p><strong>Chokri Hafed<\/strong><\/p>\n","protected":false},"excerpt":{"rendered":"<p>Le pr\u00e9sident de la R\u00e9publique a ordonn\u00e9 hier au cours de la r\u00e9union du Conseil des ministres d\u2019orienter les investissements<\/p>\n","protected":false},"author":3,"featured_media":35614,"comment_status":"open","ping_status":"closed","sticky":false,"template":"","format":"standard","meta":{"colormag_page_container_layout":"default_layout","colormag_page_sidebar_layout":"default_layout","om_disable_all_campaigns":false,"_monsterinsights_skip_tracking":false,"_monsterinsights_sitenote_active":false,"_monsterinsights_sitenote_note":"","_monsterinsights_sitenote_category":0,"footnotes":"","_wpscppro_dont_share_socialmedia":false,"_wpscppro_custom_social_share_image":0,"_facebook_share_type":"","_twitter_share_type":"","_linkedin_share_type":"","_pinterest_share_type":"","_linkedin_share_type_page":"","_instagram_share_type":"","_medium_share_type":"","_threads_share_type":"","_google_business_share_type":"","_selected_social_profile":[],"_wpsp_enable_custom_social_template":false,"_wpsp_social_scheduling":{"enabled":false,"datetime":null,"platforms":[],"status":"template_only","dateOption":"today","timeOption":"now","customDays":"","customHours":"","customDate":"","customTime":"","schedulingType":"absolute"},"_wpsp_active_default_template":true},"categories":[52,27],"tags":[],"class_list":["post-35602","post","type-post","status-publish","format-standard","has-post-thumbnail","hentry","category-a-la-une","category-actualite"],"aioseo_notices":[],"yoast_head":"<!-- This site is optimized with the Yoast SEO plugin v27.5 - https:\/\/yoast.com\/product\/yoast-seo-wordpress\/ -->\n<title>Am\u00e9lioration des prestations de soins en canc\u00e9rologie et en cardiologie : Cap sur la m\u00e9decine nucl\u00e9aire - La Sentinelle<\/title>\n<meta name=\"robots\" content=\"index, follow, max-snippet:-1, max-image-preview:large, max-video-preview:-1\" \/>\n<link rel=\"canonical\" href=\"https:\/\/lasentinelle.dz\/index.php\/2023\/02\/05\/amelioration-des-prestations-de-soins-en-cancerologie-et-en-cardiologie-cap-sur-la-medecine-nucleaire\/\" \/>\n<meta property=\"og:locale\" content=\"fr_FR\" \/>\n<meta property=\"og:type\" content=\"article\" \/>\n<meta property=\"og:title\" content=\"Am\u00e9lioration des prestations de soins en canc\u00e9rologie et en cardiologie : Cap sur la m\u00e9decine nucl\u00e9aire - La Sentinelle\" \/>\n<meta property=\"og:description\" content=\"Le pr\u00e9sident de la R\u00e9publique a ordonn\u00e9 hier au cours de la r\u00e9union du Conseil des ministres d\u2019orienter les investissements\" \/>\n<meta property=\"og:url\" content=\"https:\/\/lasentinelle.dz\/index.php\/2023\/02\/05\/amelioration-des-prestations-de-soins-en-cancerologie-et-en-cardiologie-cap-sur-la-medecine-nucleaire\/\" \/>\n<meta property=\"og:site_name\" content=\"La Sentinelle\" \/>\n<meta property=\"article:publisher\" content=\"https:\/\/www.facebook.com\/La-Sentinelle-104059864394773\" \/>\n<meta property=\"article:published_time\" content=\"2023-02-05T21:17:00+00:00\" \/>\n<meta property=\"og:image\" content=\"https:\/\/lasentinelle.dz\/wp-content\/uploads\/2023\/02\/medecine-nucleaire.png\" \/>\n\t<meta property=\"og:image:width\" content=\"1600\" \/>\n\t<meta property=\"og:image:height\" content=\"900\" \/>\n\t<meta property=\"og:image:type\" content=\"image\/png\" \/>\n<meta name=\"author\" content=\"La Sentinelle\" \/>\n<meta name=\"twitter:card\" content=\"summary_large_image\" \/>\n<meta name=\"twitter:label1\" content=\"\u00c9crit par\" \/>\n\t<meta name=\"twitter:data1\" content=\"La Sentinelle\" \/>\n\t<meta name=\"twitter:label2\" content=\"Dur\u00e9e de lecture estim\u00e9e\" \/>\n\t<meta name=\"twitter:data2\" content=\"5 minutes\" \/>\n<script type=\"application\/ld+json\" class=\"yoast-schema-graph\">{\"@context\":\"https:\\\/\\\/schema.org\",\"@graph\":[{\"@type\":\"Article\",\"@id\":\"https:\\\/\\\/lasentinelle.dz\\\/index.php\\\/2023\\\/02\\\/05\\\/amelioration-des-prestations-de-soins-en-cancerologie-et-en-cardiologie-cap-sur-la-medecine-nucleaire\\\/#article\",\"isPartOf\":{\"@id\":\"https:\\\/\\\/lasentinelle.dz\\\/index.php\\\/2023\\\/02\\\/05\\\/amelioration-des-prestations-de-soins-en-cancerologie-et-en-cardiologie-cap-sur-la-medecine-nucleaire\\\/\"},\"author\":{\"name\":\"La Sentinelle\",\"@id\":\"https:\\\/\\\/lasentinelle.dz\\\/#\\\/schema\\\/person\\\/d865044e22e70a75174ce8bcad3acfb3\"},\"headline\":\"Am\u00e9lioration des prestations de soins en canc\u00e9rologie et en cardiologie : Cap sur la m\u00e9decine nucl\u00e9aire\",\"datePublished\":\"2023-02-05T21:17:00+00:00\",\"mainEntityOfPage\":{\"@id\":\"https:\\\/\\\/lasentinelle.dz\\\/index.php\\\/2023\\\/02\\\/05\\\/amelioration-des-prestations-de-soins-en-cancerologie-et-en-cardiologie-cap-sur-la-medecine-nucleaire\\\/\"},\"wordCount\":1069,\"commentCount\":0,\"publisher\":{\"@id\":\"https:\\\/\\\/lasentinelle.dz\\\/#organization\"},\"image\":{\"@id\":\"https:\\\/\\\/lasentinelle.dz\\\/index.php\\\/2023\\\/02\\\/05\\\/amelioration-des-prestations-de-soins-en-cancerologie-et-en-cardiologie-cap-sur-la-medecine-nucleaire\\\/#primaryimage\"},\"thumbnailUrl\":\"https:\\\/\\\/lasentinelle.dz\\\/wp-content\\\/uploads\\\/2023\\\/02\\\/medecine-nucleaire.png\",\"articleSection\":[\"\u00c0 la Une\",\"Actualit\u00e9\"],\"inLanguage\":\"fr-FR\",\"potentialAction\":[{\"@type\":\"CommentAction\",\"name\":\"Comment\",\"target\":[\"https:\\\/\\\/lasentinelle.dz\\\/index.php\\\/2023\\\/02\\\/05\\\/amelioration-des-prestations-de-soins-en-cancerologie-et-en-cardiologie-cap-sur-la-medecine-nucleaire\\\/#respond\"]}]},{\"@type\":\"WebPage\",\"@id\":\"https:\\\/\\\/lasentinelle.dz\\\/index.php\\\/2023\\\/02\\\/05\\\/amelioration-des-prestations-de-soins-en-cancerologie-et-en-cardiologie-cap-sur-la-medecine-nucleaire\\\/\",\"url\":\"https:\\\/\\\/lasentinelle.dz\\\/index.php\\\/2023\\\/02\\\/05\\\/amelioration-des-prestations-de-soins-en-cancerologie-et-en-cardiologie-cap-sur-la-medecine-nucleaire\\\/\",\"name\":\"Am\u00e9lioration des prestations de soins en canc\u00e9rologie et en cardiologie : Cap sur la m\u00e9decine nucl\u00e9aire - La Sentinelle\",\"isPartOf\":{\"@id\":\"https:\\\/\\\/lasentinelle.dz\\\/#website\"},\"primaryImageOfPage\":{\"@id\":\"https:\\\/\\\/lasentinelle.dz\\\/index.php\\\/2023\\\/02\\\/05\\\/amelioration-des-prestations-de-soins-en-cancerologie-et-en-cardiologie-cap-sur-la-medecine-nucleaire\\\/#primaryimage\"},\"image\":{\"@id\":\"https:\\\/\\\/lasentinelle.dz\\\/index.php\\\/2023\\\/02\\\/05\\\/amelioration-des-prestations-de-soins-en-cancerologie-et-en-cardiologie-cap-sur-la-medecine-nucleaire\\\/#primaryimage\"},\"thumbnailUrl\":\"https:\\\/\\\/lasentinelle.dz\\\/wp-content\\\/uploads\\\/2023\\\/02\\\/medecine-nucleaire.png\",\"datePublished\":\"2023-02-05T21:17:00+00:00\",\"breadcrumb\":{\"@id\":\"https:\\\/\\\/lasentinelle.dz\\\/index.php\\\/2023\\\/02\\\/05\\\/amelioration-des-prestations-de-soins-en-cancerologie-et-en-cardiologie-cap-sur-la-medecine-nucleaire\\\/#breadcrumb\"},\"inLanguage\":\"fr-FR\",\"potentialAction\":[{\"@type\":\"ReadAction\",\"target\":[\"https:\\\/\\\/lasentinelle.dz\\\/index.php\\\/2023\\\/02\\\/05\\\/amelioration-des-prestations-de-soins-en-cancerologie-et-en-cardiologie-cap-sur-la-medecine-nucleaire\\\/\"]}]},{\"@type\":\"ImageObject\",\"inLanguage\":\"fr-FR\",\"@id\":\"https:\\\/\\\/lasentinelle.dz\\\/index.php\\\/2023\\\/02\\\/05\\\/amelioration-des-prestations-de-soins-en-cancerologie-et-en-cardiologie-cap-sur-la-medecine-nucleaire\\\/#primaryimage\",\"url\":\"https:\\\/\\\/lasentinelle.dz\\\/wp-content\\\/uploads\\\/2023\\\/02\\\/medecine-nucleaire.png\",\"contentUrl\":\"https:\\\/\\\/lasentinelle.dz\\\/wp-content\\\/uploads\\\/2023\\\/02\\\/medecine-nucleaire.png\",\"width\":1600,\"height\":900},{\"@type\":\"BreadcrumbList\",\"@id\":\"https:\\\/\\\/lasentinelle.dz\\\/index.php\\\/2023\\\/02\\\/05\\\/amelioration-des-prestations-de-soins-en-cancerologie-et-en-cardiologie-cap-sur-la-medecine-nucleaire\\\/#breadcrumb\",\"itemListElement\":[{\"@type\":\"ListItem\",\"position\":1,\"name\":\"Accueil\",\"item\":\"https:\\\/\\\/lasentinelle.dz\\\/\"},{\"@type\":\"ListItem\",\"position\":2,\"name\":\"Am\u00e9lioration des prestations de soins en canc\u00e9rologie et en cardiologie : Cap sur la m\u00e9decine nucl\u00e9aire\"}]},{\"@type\":\"WebSite\",\"@id\":\"https:\\\/\\\/lasentinelle.dz\\\/#website\",\"url\":\"https:\\\/\\\/lasentinelle.dz\\\/\",\"name\":\"La Sentinelle\",\"description\":\"Quotidien national d&#039;information\",\"publisher\":{\"@id\":\"https:\\\/\\\/lasentinelle.dz\\\/#organization\"},\"potentialAction\":[{\"@type\":\"SearchAction\",\"target\":{\"@type\":\"EntryPoint\",\"urlTemplate\":\"https:\\\/\\\/lasentinelle.dz\\\/?s={search_term_string}\"},\"query-input\":{\"@type\":\"PropertyValueSpecification\",\"valueRequired\":true,\"valueName\":\"search_term_string\"}}],\"inLanguage\":\"fr-FR\"},{\"@type\":\"Organization\",\"@id\":\"https:\\\/\\\/lasentinelle.dz\\\/#organization\",\"name\":\"Quotidien La Sentinelle\",\"url\":\"https:\\\/\\\/lasentinelle.dz\\\/\",\"logo\":{\"@type\":\"ImageObject\",\"inLanguage\":\"fr-FR\",\"@id\":\"https:\\\/\\\/lasentinelle.dz\\\/#\\\/schema\\\/logo\\\/image\\\/\",\"url\":\"https:\\\/\\\/lasentinelle.dz\\\/wp-content\\\/uploads\\\/2021\\\/09\\\/logo-sentinelleSLOGAN-1.png\",\"contentUrl\":\"https:\\\/\\\/lasentinelle.dz\\\/wp-content\\\/uploads\\\/2021\\\/09\\\/logo-sentinelleSLOGAN-1.png\",\"width\":615,\"height\":142,\"caption\":\"Quotidien La Sentinelle\"},\"image\":{\"@id\":\"https:\\\/\\\/lasentinelle.dz\\\/#\\\/schema\\\/logo\\\/image\\\/\"},\"sameAs\":[\"https:\\\/\\\/www.facebook.com\\\/La-Sentinelle-104059864394773\"]},{\"@type\":\"Person\",\"@id\":\"https:\\\/\\\/lasentinelle.dz\\\/#\\\/schema\\\/person\\\/d865044e22e70a75174ce8bcad3acfb3\",\"name\":\"La Sentinelle\",\"image\":{\"@type\":\"ImageObject\",\"inLanguage\":\"fr-FR\",\"@id\":\"https:\\\/\\\/secure.gravatar.com\\\/avatar\\\/57de8e5d4b15d43fb361a71fbb36338450fe67865b528a43dd10ef7c51a20392?s=96&d=mm&r=g\",\"url\":\"https:\\\/\\\/secure.gravatar.com\\\/avatar\\\/57de8e5d4b15d43fb361a71fbb36338450fe67865b528a43dd10ef7c51a20392?s=96&d=mm&r=g\",\"contentUrl\":\"https:\\\/\\\/secure.gravatar.com\\\/avatar\\\/57de8e5d4b15d43fb361a71fbb36338450fe67865b528a43dd10ef7c51a20392?s=96&d=mm&r=g\",\"caption\":\"La Sentinelle\"},\"sameAs\":[\"http:\\\/\\\/www.lasentinelle.dz\"],\"url\":\"https:\\\/\\\/lasentinelle.dz\\\/author\\\/redaction\\\/\"}]}<\/script>\n<!-- \/ Yoast SEO plugin. -->","yoast_head_json":{"title":"Am\u00e9lioration des prestations de soins en canc\u00e9rologie et en cardiologie : Cap sur la m\u00e9decine nucl\u00e9aire - La Sentinelle","robots":{"index":"index","follow":"follow","max-snippet":"max-snippet:-1","max-image-preview":"max-image-preview:large","max-video-preview":"max-video-preview:-1"},"canonical":"https:\/\/lasentinelle.dz\/index.php\/2023\/02\/05\/amelioration-des-prestations-de-soins-en-cancerologie-et-en-cardiologie-cap-sur-la-medecine-nucleaire\/","og_locale":"fr_FR","og_type":"article","og_title":"Am\u00e9lioration des prestations de soins en canc\u00e9rologie et en cardiologie : Cap sur la m\u00e9decine nucl\u00e9aire - La Sentinelle","og_description":"Le pr\u00e9sident de la R\u00e9publique a ordonn\u00e9 hier au cours de la r\u00e9union du Conseil des ministres d\u2019orienter les investissements","og_url":"https:\/\/lasentinelle.dz\/index.php\/2023\/02\/05\/amelioration-des-prestations-de-soins-en-cancerologie-et-en-cardiologie-cap-sur-la-medecine-nucleaire\/","og_site_name":"La Sentinelle","article_publisher":"https:\/\/www.facebook.com\/La-Sentinelle-104059864394773","article_published_time":"2023-02-05T21:17:00+00:00","og_image":[{"width":1600,"height":900,"url":"https:\/\/lasentinelle.dz\/wp-content\/uploads\/2023\/02\/medecine-nucleaire.png","type":"image\/png"}],"author":"La Sentinelle","twitter_card":"summary_large_image","twitter_misc":{"\u00c9crit par":"La Sentinelle","Dur\u00e9e de lecture estim\u00e9e":"5 minutes"},"schema":{"@context":"https:\/\/schema.org","@graph":[{"@type":"Article","@id":"https:\/\/lasentinelle.dz\/index.php\/2023\/02\/05\/amelioration-des-prestations-de-soins-en-cancerologie-et-en-cardiologie-cap-sur-la-medecine-nucleaire\/#article","isPartOf":{"@id":"https:\/\/lasentinelle.dz\/index.php\/2023\/02\/05\/amelioration-des-prestations-de-soins-en-cancerologie-et-en-cardiologie-cap-sur-la-medecine-nucleaire\/"},"author":{"name":"La Sentinelle","@id":"https:\/\/lasentinelle.dz\/#\/schema\/person\/d865044e22e70a75174ce8bcad3acfb3"},"headline":"Am\u00e9lioration des prestations de soins en canc\u00e9rologie et en cardiologie : Cap sur la m\u00e9decine nucl\u00e9aire","datePublished":"2023-02-05T21:17:00+00:00","mainEntityOfPage":{"@id":"https:\/\/lasentinelle.dz\/index.php\/2023\/02\/05\/amelioration-des-prestations-de-soins-en-cancerologie-et-en-cardiologie-cap-sur-la-medecine-nucleaire\/"},"wordCount":1069,"commentCount":0,"publisher":{"@id":"https:\/\/lasentinelle.dz\/#organization"},"image":{"@id":"https:\/\/lasentinelle.dz\/index.php\/2023\/02\/05\/amelioration-des-prestations-de-soins-en-cancerologie-et-en-cardiologie-cap-sur-la-medecine-nucleaire\/#primaryimage"},"thumbnailUrl":"https:\/\/lasentinelle.dz\/wp-content\/uploads\/2023\/02\/medecine-nucleaire.png","articleSection":["\u00c0 la Une","Actualit\u00e9"],"inLanguage":"fr-FR","potentialAction":[{"@type":"CommentAction","name":"Comment","target":["https:\/\/lasentinelle.dz\/index.php\/2023\/02\/05\/amelioration-des-prestations-de-soins-en-cancerologie-et-en-cardiologie-cap-sur-la-medecine-nucleaire\/#respond"]}]},{"@type":"WebPage","@id":"https:\/\/lasentinelle.dz\/index.php\/2023\/02\/05\/amelioration-des-prestations-de-soins-en-cancerologie-et-en-cardiologie-cap-sur-la-medecine-nucleaire\/","url":"https:\/\/lasentinelle.dz\/index.php\/2023\/02\/05\/amelioration-des-prestations-de-soins-en-cancerologie-et-en-cardiologie-cap-sur-la-medecine-nucleaire\/","name":"Am\u00e9lioration des prestations de soins en canc\u00e9rologie et en cardiologie : Cap sur la m\u00e9decine nucl\u00e9aire - La Sentinelle","isPartOf":{"@id":"https:\/\/lasentinelle.dz\/#website"},"primaryImageOfPage":{"@id":"https:\/\/lasentinelle.dz\/index.php\/2023\/02\/05\/amelioration-des-prestations-de-soins-en-cancerologie-et-en-cardiologie-cap-sur-la-medecine-nucleaire\/#primaryimage"},"image":{"@id":"https:\/\/lasentinelle.dz\/index.php\/2023\/02\/05\/amelioration-des-prestations-de-soins-en-cancerologie-et-en-cardiologie-cap-sur-la-medecine-nucleaire\/#primaryimage"},"thumbnailUrl":"https:\/\/lasentinelle.dz\/wp-content\/uploads\/2023\/02\/medecine-nucleaire.png","datePublished":"2023-02-05T21:17:00+00:00","breadcrumb":{"@id":"https:\/\/lasentinelle.dz\/index.php\/2023\/02\/05\/amelioration-des-prestations-de-soins-en-cancerologie-et-en-cardiologie-cap-sur-la-medecine-nucleaire\/#breadcrumb"},"inLanguage":"fr-FR","potentialAction":[{"@type":"ReadAction","target":["https:\/\/lasentinelle.dz\/index.php\/2023\/02\/05\/amelioration-des-prestations-de-soins-en-cancerologie-et-en-cardiologie-cap-sur-la-medecine-nucleaire\/"]}]},{"@type":"ImageObject","inLanguage":"fr-FR","@id":"https:\/\/lasentinelle.dz\/index.php\/2023\/02\/05\/amelioration-des-prestations-de-soins-en-cancerologie-et-en-cardiologie-cap-sur-la-medecine-nucleaire\/#primaryimage","url":"https:\/\/lasentinelle.dz\/wp-content\/uploads\/2023\/02\/medecine-nucleaire.png","contentUrl":"https:\/\/lasentinelle.dz\/wp-content\/uploads\/2023\/02\/medecine-nucleaire.png","width":1600,"height":900},{"@type":"BreadcrumbList","@id":"https:\/\/lasentinelle.dz\/index.php\/2023\/02\/05\/amelioration-des-prestations-de-soins-en-cancerologie-et-en-cardiologie-cap-sur-la-medecine-nucleaire\/#breadcrumb","itemListElement":[{"@type":"ListItem","position":1,"name":"Accueil","item":"https:\/\/lasentinelle.dz\/"},{"@type":"ListItem","position":2,"name":"Am\u00e9lioration des prestations de soins en canc\u00e9rologie et en cardiologie : Cap sur la m\u00e9decine nucl\u00e9aire"}]},{"@type":"WebSite","@id":"https:\/\/lasentinelle.dz\/#website","url":"https:\/\/lasentinelle.dz\/","name":"La Sentinelle","description":"Quotidien national d&#039;information","publisher":{"@id":"https:\/\/lasentinelle.dz\/#organization"},"potentialAction":[{"@type":"SearchAction","target":{"@type":"EntryPoint","urlTemplate":"https:\/\/lasentinelle.dz\/?s={search_term_string}"},"query-input":{"@type":"PropertyValueSpecification","valueRequired":true,"valueName":"search_term_string"}}],"inLanguage":"fr-FR"},{"@type":"Organization","@id":"https:\/\/lasentinelle.dz\/#organization","name":"Quotidien La Sentinelle","url":"https:\/\/lasentinelle.dz\/","logo":{"@type":"ImageObject","inLanguage":"fr-FR","@id":"https:\/\/lasentinelle.dz\/#\/schema\/logo\/image\/","url":"https:\/\/lasentinelle.dz\/wp-content\/uploads\/2021\/09\/logo-sentinelleSLOGAN-1.png","contentUrl":"https:\/\/lasentinelle.dz\/wp-content\/uploads\/2021\/09\/logo-sentinelleSLOGAN-1.png","width":615,"height":142,"caption":"Quotidien La Sentinelle"},"image":{"@id":"https:\/\/lasentinelle.dz\/#\/schema\/logo\/image\/"},"sameAs":["https:\/\/www.facebook.com\/La-Sentinelle-104059864394773"]},{"@type":"Person","@id":"https:\/\/lasentinelle.dz\/#\/schema\/person\/d865044e22e70a75174ce8bcad3acfb3","name":"La Sentinelle","image":{"@type":"ImageObject","inLanguage":"fr-FR","@id":"https:\/\/secure.gravatar.com\/avatar\/57de8e5d4b15d43fb361a71fbb36338450fe67865b528a43dd10ef7c51a20392?s=96&d=mm&r=g","url":"https:\/\/secure.gravatar.com\/avatar\/57de8e5d4b15d43fb361a71fbb36338450fe67865b528a43dd10ef7c51a20392?s=96&d=mm&r=g","contentUrl":"https:\/\/secure.gravatar.com\/avatar\/57de8e5d4b15d43fb361a71fbb36338450fe67865b528a43dd10ef7c51a20392?s=96&d=mm&r=g","caption":"La Sentinelle"},"sameAs":["http:\/\/www.lasentinelle.dz"],"url":"https:\/\/lasentinelle.dz\/author\/redaction\/"}]}},"_links":{"self":[{"href":"https:\/\/lasentinelle.dz\/index.php\/wp-json\/wp\/v2\/posts\/35602","targetHints":{"allow":["GET"]}}],"collection":[{"href":"https:\/\/lasentinelle.dz\/index.php\/wp-json\/wp\/v2\/posts"}],"about":[{"href":"https:\/\/lasentinelle.dz\/index.php\/wp-json\/wp\/v2\/types\/post"}],"author":[{"embeddable":true,"href":"https:\/\/lasentinelle.dz\/index.php\/wp-json\/wp\/v2\/users\/3"}],"replies":[{"embeddable":true,"href":"https:\/\/lasentinelle.dz\/index.php\/wp-json\/wp\/v2\/comments?post=35602"}],"version-history":[{"count":1,"href":"https:\/\/lasentinelle.dz\/index.php\/wp-json\/wp\/v2\/posts\/35602\/revisions"}],"predecessor-version":[{"id":35615,"href":"https:\/\/lasentinelle.dz\/index.php\/wp-json\/wp\/v2\/posts\/35602\/revisions\/35615"}],"wp:featuredmedia":[{"embeddable":true,"href":"https:\/\/lasentinelle.dz\/index.php\/wp-json\/wp\/v2\/media\/35614"}],"wp:attachment":[{"href":"https:\/\/lasentinelle.dz\/index.php\/wp-json\/wp\/v2\/media?parent=35602"}],"wp:term":[{"taxonomy":"category","embeddable":true,"href":"https:\/\/lasentinelle.dz\/index.php\/wp-json\/wp\/v2\/categories?post=35602"},{"taxonomy":"post_tag","embeddable":true,"href":"https:\/\/lasentinelle.dz\/index.php\/wp-json\/wp\/v2\/tags?post=35602"}],"curies":[{"name":"wp","href":"https:\/\/api.w.org\/{rel}","templated":true}]}}