{"id":35638,"date":"2023-02-06T22:08:00","date_gmt":"2023-02-06T21:08:00","guid":{"rendered":"https:\/\/lasentinelle.dz\/?p=35638"},"modified":"2023-02-06T21:30:02","modified_gmt":"2023-02-06T20:30:02","slug":"annaba-regularisation-des-terres-aarch","status":"publish","type":"post","link":"https:\/\/lasentinelle.dz\/index.php\/2023\/02\/06\/annaba-regularisation-des-terres-aarch\/","title":{"rendered":"Annaba\u00a0: R\u00e9gularisation des terres Aarch"},"content":{"rendered":"\n<p>Le foncier agricole relevant du domaine de l&rsquo;\u00c9tat et exploit\u00e9 dans le cadre \u00ab&nbsp;Aarch&nbsp;\u00bb, va faire&nbsp; l\u2019objet d&rsquo;une r\u00e9gularisation, pour l\u2019octroi d&rsquo;actes de concession aux exploitants. Le processus vient d\u2019\u00eatre lanc\u00e9 officiellement dans la commune de Ch\u00e9taibi dans la wilaya d\u2019Annaba.<\/p>\n\n\n\n<p>L&rsquo;Assembl\u00e9e populaire communale de Chetaibi est la premi\u00e8re \u00e0 avoir annonc\u00e9 le lancement effectif de l&rsquo;op\u00e9ration de r\u00e9gularisation des terres Aarch. Un foncier agricole relevant du domaine de l\u2019\u00c9tat, exploit\u00e9 depuis plusieurs d\u00e9cennies par des agriculteurs,&nbsp; d\u00e9tenteurs de concessions pour les uns et avec acte administratif pour les autres. Ainsi, les exploitants du foncier agricole&nbsp; se trouvant dans le territoire de la commune sont appel\u00e9s \u00e0 se rapprocher des services agricoles afin d&rsquo;\u00eatre inform\u00e9s des proc\u00e9dures et des documents n\u00e9cessaires \u00e0 cette op\u00e9ration. Les terres&nbsp; Aarch feront l&rsquo;objet d&rsquo;une r\u00e9gularisation sur la base de l&rsquo;obtention d&rsquo;actes de concession, dans le cadre de l&rsquo;application de l&rsquo;arr\u00eat\u00e9 interminist\u00e9riel publi\u00e9 en 2018 et relatif \u00e0 l&rsquo;assainissement du foncier agricole. Ce d\u00e9cret pr\u00e9voit l&rsquo;acc\u00e9l\u00e9ration de la r\u00e9gularisation des situations en suspens et le lancement d&rsquo;un recensement global des b\u00e9n\u00e9ficiaires des terres sans titres \u00e0 travers le territoire national, ce qui permettra au d\u00e9partement de l&rsquo;Agriculture de les \u00e9tudier et r\u00e9gulariser la situation conform\u00e9ment \u00e0 la loi. Ceci refl\u00e8te la volont\u00e9 des&nbsp; pouvoirs publics d&rsquo;optimiser le rendement des terres agricoles&nbsp; dite terres&nbsp; Aarch. Ces terres agricoles qui&nbsp; s\u2019\u00e9talent sur pr\u00e8s de deux millions d\u2019hectares \u00e0 l\u2019\u00e9chelle nationale b\u00e9n\u00e9ficient depuis longtemps d\u2019un statut assez particulier. Aborder le sujet de terres dites Aarch a de tous temps \u00e9tait un tabou, que les autorit\u00e9s \u00e9vitent d\u2019\u00e9voquer pour des raisons sociales et historiques.&nbsp; Ces terres&nbsp; dites Aarch sont depuis des ann\u00e9es \u00e0 l\u2019origine de conflits entre les exploitants. Plusieurs affaires sont devant les tribunaux&nbsp; \u00e0 Annaba, \u00e0 l\u2019image du cas opposant un exploitant de terre Aarch dans la commune de Chorfa et \u00e9leveur de b\u00e9tail. Apr\u00e8s 5 ann\u00e9es, le conflit est au statu-co, faute d\u2019un cadre juridique d\u00e9finissant le droit d\u2019exploitation pour l\u2019un comme pour l\u2019autre. D\u2019autres cas similaires sont enregistr\u00e9s dans plusieurs communes de la wilaya d\u2019Annaba \u00e0 El Eulma entre autres. Ainsi, selon certains observateurs, il devient imp\u00e9ratif de passer \u00e0 l\u2019application des textes de loi r\u00e9gissant le foncier agricole relevant du domaine de l\u2019Etat et r\u00e9gulariser son exploitation dans le cadre du Aarch. Ce qui va permettre, nous explique-on, l\u2019int\u00e9gration&nbsp; de ces terres&nbsp; dites Aarch dans la dimension \u00e9conomique du secteur de l\u2019agriculture. Puisquerelevant du domaine r\u00e9serv\u00e9 de l\u2019Etat, il est dans l\u2019int\u00e9r\u00eat de l\u2019\u00e9conomie agricole&nbsp; nationale que ces terres soient valoris\u00e9es. Et les&nbsp; exploitants au nom du Aarch doivent \u00eatre confort\u00e9s par des d\u00e9cisions administratives, \u00e0 savoir des actes de concession ou de propri\u00e9t\u00e9 \u00e0 l\u2019effet d\u2019int\u00e9grer le circuit r\u00e8glementaire.<\/p>\n\n\n\n<p><strong>Sofia Chahine<\/strong><\/p>\n","protected":false},"excerpt":{"rendered":"<p>Le foncier agricole relevant du domaine de l&rsquo;\u00c9tat et exploit\u00e9 dans le cadre \u00ab&nbsp;Aarch&nbsp;\u00bb, va faire&nbsp; l\u2019objet d&rsquo;une r\u00e9gularisation, pour<\/p>\n","protected":false},"author":3,"featured_media":35699,"comment_status":"open","ping_status":"closed","sticky":false,"template":"","format":"standard","meta":{"colormag_page_container_layout":"default_layout","colormag_page_sidebar_layout":"default_layout","om_disable_all_campaigns":false,"_monsterinsights_skip_tracking":false,"_monsterinsights_sitenote_active":false,"_monsterinsights_sitenote_note":"","_monsterinsights_sitenote_category":0,"footnotes":"","_wpscppro_dont_share_socialmedia":false,"_wpscppro_custom_social_share_image":0,"_facebook_share_type":"","_twitter_share_type":"","_linkedin_share_type":"","_pinterest_share_type":"","_linkedin_share_type_page":"","_instagram_share_type":"","_medium_share_type":"","_threads_share_type":"","_google_business_share_type":"","_selected_social_profile":[],"_wpsp_enable_custom_social_template":false,"_wpsp_social_scheduling":{"enabled":false,"datetime":null,"platforms":[],"status":"template_only","dateOption":"today","timeOption":"now","customDays":"","customHours":"","customDate":"","customTime":"","schedulingType":"absolute"},"_wpsp_active_default_template":true},"categories":[52,31],"tags":[],"class_list":["post-35638","post","type-post","status-publish","format-standard","has-post-thumbnail","hentry","category-a-la-une","category-regions"],"aioseo_notices":[],"yoast_head":"<!-- This site is optimized with the Yoast SEO plugin v27.5 - https:\/\/yoast.com\/product\/yoast-seo-wordpress\/ -->\n<title>Annaba\u00a0: R\u00e9gularisation des terres Aarch - La Sentinelle<\/title>\n<meta name=\"robots\" content=\"index, follow, max-snippet:-1, max-image-preview:large, max-video-preview:-1\" \/>\n<link rel=\"canonical\" href=\"https:\/\/lasentinelle.dz\/index.php\/2023\/02\/06\/annaba-regularisation-des-terres-aarch\/\" \/>\n<meta property=\"og:locale\" content=\"fr_FR\" \/>\n<meta property=\"og:type\" content=\"article\" \/>\n<meta property=\"og:title\" content=\"Annaba\u00a0: R\u00e9gularisation des terres Aarch - La Sentinelle\" \/>\n<meta property=\"og:description\" content=\"Le foncier agricole relevant du domaine de l&rsquo;\u00c9tat et exploit\u00e9 dans le cadre \u00ab&nbsp;Aarch&nbsp;\u00bb, va faire&nbsp; l\u2019objet d&rsquo;une r\u00e9gularisation, pour\" \/>\n<meta property=\"og:url\" content=\"https:\/\/lasentinelle.dz\/index.php\/2023\/02\/06\/annaba-regularisation-des-terres-aarch\/\" \/>\n<meta property=\"og:site_name\" content=\"La Sentinelle\" \/>\n<meta property=\"article:publisher\" content=\"https:\/\/www.facebook.com\/La-Sentinelle-104059864394773\" \/>\n<meta property=\"article:published_time\" content=\"2023-02-06T21:08:00+00:00\" \/>\n<meta property=\"og:image\" content=\"https:\/\/lasentinelle.dz\/wp-content\/uploads\/2023\/02\/Sans-titre-4-2.png\" \/>\n\t<meta property=\"og:image:width\" content=\"1427\" \/>\n\t<meta property=\"og:image:height\" content=\"900\" \/>\n\t<meta property=\"og:image:type\" content=\"image\/png\" \/>\n<meta name=\"author\" content=\"La Sentinelle\" \/>\n<meta name=\"twitter:card\" content=\"summary_large_image\" \/>\n<meta name=\"twitter:label1\" content=\"\u00c9crit par\" \/>\n\t<meta name=\"twitter:data1\" content=\"La Sentinelle\" \/>\n\t<meta name=\"twitter:label2\" content=\"Dur\u00e9e de lecture estim\u00e9e\" \/>\n\t<meta name=\"twitter:data2\" content=\"3 minutes\" \/>\n<script type=\"application\/ld+json\" class=\"yoast-schema-graph\">{\"@context\":\"https:\\\/\\\/schema.org\",\"@graph\":[{\"@type\":\"Article\",\"@id\":\"https:\\\/\\\/lasentinelle.dz\\\/index.php\\\/2023\\\/02\\\/06\\\/annaba-regularisation-des-terres-aarch\\\/#article\",\"isPartOf\":{\"@id\":\"https:\\\/\\\/lasentinelle.dz\\\/index.php\\\/2023\\\/02\\\/06\\\/annaba-regularisation-des-terres-aarch\\\/\"},\"author\":{\"name\":\"La Sentinelle\",\"@id\":\"https:\\\/\\\/lasentinelle.dz\\\/#\\\/schema\\\/person\\\/d865044e22e70a75174ce8bcad3acfb3\"},\"headline\":\"Annaba\u00a0: R\u00e9gularisation des terres Aarch\",\"datePublished\":\"2023-02-06T21:08:00+00:00\",\"mainEntityOfPage\":{\"@id\":\"https:\\\/\\\/lasentinelle.dz\\\/index.php\\\/2023\\\/02\\\/06\\\/annaba-regularisation-des-terres-aarch\\\/\"},\"wordCount\":549,\"commentCount\":0,\"publisher\":{\"@id\":\"https:\\\/\\\/lasentinelle.dz\\\/#organization\"},\"image\":{\"@id\":\"https:\\\/\\\/lasentinelle.dz\\\/index.php\\\/2023\\\/02\\\/06\\\/annaba-regularisation-des-terres-aarch\\\/#primaryimage\"},\"thumbnailUrl\":\"https:\\\/\\\/lasentinelle.dz\\\/wp-content\\\/uploads\\\/2023\\\/02\\\/Sans-titre-4-2.png\",\"articleSection\":[\"\u00c0 la Une\",\"R\u00e9gions\"],\"inLanguage\":\"fr-FR\",\"potentialAction\":[{\"@type\":\"CommentAction\",\"name\":\"Comment\",\"target\":[\"https:\\\/\\\/lasentinelle.dz\\\/index.php\\\/2023\\\/02\\\/06\\\/annaba-regularisation-des-terres-aarch\\\/#respond\"]}]},{\"@type\":\"WebPage\",\"@id\":\"https:\\\/\\\/lasentinelle.dz\\\/index.php\\\/2023\\\/02\\\/06\\\/annaba-regularisation-des-terres-aarch\\\/\",\"url\":\"https:\\\/\\\/lasentinelle.dz\\\/index.php\\\/2023\\\/02\\\/06\\\/annaba-regularisation-des-terres-aarch\\\/\",\"name\":\"Annaba\u00a0: R\u00e9gularisation des terres Aarch - La Sentinelle\",\"isPartOf\":{\"@id\":\"https:\\\/\\\/lasentinelle.dz\\\/#website\"},\"primaryImageOfPage\":{\"@id\":\"https:\\\/\\\/lasentinelle.dz\\\/index.php\\\/2023\\\/02\\\/06\\\/annaba-regularisation-des-terres-aarch\\\/#primaryimage\"},\"image\":{\"@id\":\"https:\\\/\\\/lasentinelle.dz\\\/index.php\\\/2023\\\/02\\\/06\\\/annaba-regularisation-des-terres-aarch\\\/#primaryimage\"},\"thumbnailUrl\":\"https:\\\/\\\/lasentinelle.dz\\\/wp-content\\\/uploads\\\/2023\\\/02\\\/Sans-titre-4-2.png\",\"datePublished\":\"2023-02-06T21:08:00+00:00\",\"breadcrumb\":{\"@id\":\"https:\\\/\\\/lasentinelle.dz\\\/index.php\\\/2023\\\/02\\\/06\\\/annaba-regularisation-des-terres-aarch\\\/#breadcrumb\"},\"inLanguage\":\"fr-FR\",\"potentialAction\":[{\"@type\":\"ReadAction\",\"target\":[\"https:\\\/\\\/lasentinelle.dz\\\/index.php\\\/2023\\\/02\\\/06\\\/annaba-regularisation-des-terres-aarch\\\/\"]}]},{\"@type\":\"ImageObject\",\"inLanguage\":\"fr-FR\",\"@id\":\"https:\\\/\\\/lasentinelle.dz\\\/index.php\\\/2023\\\/02\\\/06\\\/annaba-regularisation-des-terres-aarch\\\/#primaryimage\",\"url\":\"https:\\\/\\\/lasentinelle.dz\\\/wp-content\\\/uploads\\\/2023\\\/02\\\/Sans-titre-4-2.png\",\"contentUrl\":\"https:\\\/\\\/lasentinelle.dz\\\/wp-content\\\/uploads\\\/2023\\\/02\\\/Sans-titre-4-2.png\",\"width\":1427,\"height\":900},{\"@type\":\"BreadcrumbList\",\"@id\":\"https:\\\/\\\/lasentinelle.dz\\\/index.php\\\/2023\\\/02\\\/06\\\/annaba-regularisation-des-terres-aarch\\\/#breadcrumb\",\"itemListElement\":[{\"@type\":\"ListItem\",\"position\":1,\"name\":\"Accueil\",\"item\":\"https:\\\/\\\/lasentinelle.dz\\\/\"},{\"@type\":\"ListItem\",\"position\":2,\"name\":\"Annaba\u00a0: R\u00e9gularisation des terres Aarch\"}]},{\"@type\":\"WebSite\",\"@id\":\"https:\\\/\\\/lasentinelle.dz\\\/#website\",\"url\":\"https:\\\/\\\/lasentinelle.dz\\\/\",\"name\":\"La Sentinelle\",\"description\":\"Quotidien national d&#039;information\",\"publisher\":{\"@id\":\"https:\\\/\\\/lasentinelle.dz\\\/#organization\"},\"potentialAction\":[{\"@type\":\"SearchAction\",\"target\":{\"@type\":\"EntryPoint\",\"urlTemplate\":\"https:\\\/\\\/lasentinelle.dz\\\/?s={search_term_string}\"},\"query-input\":{\"@type\":\"PropertyValueSpecification\",\"valueRequired\":true,\"valueName\":\"search_term_string\"}}],\"inLanguage\":\"fr-FR\"},{\"@type\":\"Organization\",\"@id\":\"https:\\\/\\\/lasentinelle.dz\\\/#organization\",\"name\":\"Quotidien La Sentinelle\",\"url\":\"https:\\\/\\\/lasentinelle.dz\\\/\",\"logo\":{\"@type\":\"ImageObject\",\"inLanguage\":\"fr-FR\",\"@id\":\"https:\\\/\\\/lasentinelle.dz\\\/#\\\/schema\\\/logo\\\/image\\\/\",\"url\":\"https:\\\/\\\/lasentinelle.dz\\\/wp-content\\\/uploads\\\/2021\\\/09\\\/logo-sentinelleSLOGAN-1.png\",\"contentUrl\":\"https:\\\/\\\/lasentinelle.dz\\\/wp-content\\\/uploads\\\/2021\\\/09\\\/logo-sentinelleSLOGAN-1.png\",\"width\":615,\"height\":142,\"caption\":\"Quotidien La Sentinelle\"},\"image\":{\"@id\":\"https:\\\/\\\/lasentinelle.dz\\\/#\\\/schema\\\/logo\\\/image\\\/\"},\"sameAs\":[\"https:\\\/\\\/www.facebook.com\\\/La-Sentinelle-104059864394773\"]},{\"@type\":\"Person\",\"@id\":\"https:\\\/\\\/lasentinelle.dz\\\/#\\\/schema\\\/person\\\/d865044e22e70a75174ce8bcad3acfb3\",\"name\":\"La Sentinelle\",\"image\":{\"@type\":\"ImageObject\",\"inLanguage\":\"fr-FR\",\"@id\":\"https:\\\/\\\/secure.gravatar.com\\\/avatar\\\/57de8e5d4b15d43fb361a71fbb36338450fe67865b528a43dd10ef7c51a20392?s=96&d=mm&r=g\",\"url\":\"https:\\\/\\\/secure.gravatar.com\\\/avatar\\\/57de8e5d4b15d43fb361a71fbb36338450fe67865b528a43dd10ef7c51a20392?s=96&d=mm&r=g\",\"contentUrl\":\"https:\\\/\\\/secure.gravatar.com\\\/avatar\\\/57de8e5d4b15d43fb361a71fbb36338450fe67865b528a43dd10ef7c51a20392?s=96&d=mm&r=g\",\"caption\":\"La Sentinelle\"},\"sameAs\":[\"http:\\\/\\\/www.lasentinelle.dz\"],\"url\":\"https:\\\/\\\/lasentinelle.dz\\\/author\\\/redaction\\\/\"}]}<\/script>\n<!-- \/ Yoast SEO plugin. -->","yoast_head_json":{"title":"Annaba\u00a0: R\u00e9gularisation des terres Aarch - La Sentinelle","robots":{"index":"index","follow":"follow","max-snippet":"max-snippet:-1","max-image-preview":"max-image-preview:large","max-video-preview":"max-video-preview:-1"},"canonical":"https:\/\/lasentinelle.dz\/index.php\/2023\/02\/06\/annaba-regularisation-des-terres-aarch\/","og_locale":"fr_FR","og_type":"article","og_title":"Annaba\u00a0: R\u00e9gularisation des terres Aarch - La Sentinelle","og_description":"Le foncier agricole relevant du domaine de l&rsquo;\u00c9tat et exploit\u00e9 dans le cadre \u00ab&nbsp;Aarch&nbsp;\u00bb, va faire&nbsp; l\u2019objet d&rsquo;une r\u00e9gularisation, pour","og_url":"https:\/\/lasentinelle.dz\/index.php\/2023\/02\/06\/annaba-regularisation-des-terres-aarch\/","og_site_name":"La Sentinelle","article_publisher":"https:\/\/www.facebook.com\/La-Sentinelle-104059864394773","article_published_time":"2023-02-06T21:08:00+00:00","og_image":[{"width":1427,"height":900,"url":"https:\/\/lasentinelle.dz\/wp-content\/uploads\/2023\/02\/Sans-titre-4-2.png","type":"image\/png"}],"author":"La Sentinelle","twitter_card":"summary_large_image","twitter_misc":{"\u00c9crit par":"La Sentinelle","Dur\u00e9e de lecture estim\u00e9e":"3 minutes"},"schema":{"@context":"https:\/\/schema.org","@graph":[{"@type":"Article","@id":"https:\/\/lasentinelle.dz\/index.php\/2023\/02\/06\/annaba-regularisation-des-terres-aarch\/#article","isPartOf":{"@id":"https:\/\/lasentinelle.dz\/index.php\/2023\/02\/06\/annaba-regularisation-des-terres-aarch\/"},"author":{"name":"La Sentinelle","@id":"https:\/\/lasentinelle.dz\/#\/schema\/person\/d865044e22e70a75174ce8bcad3acfb3"},"headline":"Annaba\u00a0: R\u00e9gularisation des terres Aarch","datePublished":"2023-02-06T21:08:00+00:00","mainEntityOfPage":{"@id":"https:\/\/lasentinelle.dz\/index.php\/2023\/02\/06\/annaba-regularisation-des-terres-aarch\/"},"wordCount":549,"commentCount":0,"publisher":{"@id":"https:\/\/lasentinelle.dz\/#organization"},"image":{"@id":"https:\/\/lasentinelle.dz\/index.php\/2023\/02\/06\/annaba-regularisation-des-terres-aarch\/#primaryimage"},"thumbnailUrl":"https:\/\/lasentinelle.dz\/wp-content\/uploads\/2023\/02\/Sans-titre-4-2.png","articleSection":["\u00c0 la Une","R\u00e9gions"],"inLanguage":"fr-FR","potentialAction":[{"@type":"CommentAction","name":"Comment","target":["https:\/\/lasentinelle.dz\/index.php\/2023\/02\/06\/annaba-regularisation-des-terres-aarch\/#respond"]}]},{"@type":"WebPage","@id":"https:\/\/lasentinelle.dz\/index.php\/2023\/02\/06\/annaba-regularisation-des-terres-aarch\/","url":"https:\/\/lasentinelle.dz\/index.php\/2023\/02\/06\/annaba-regularisation-des-terres-aarch\/","name":"Annaba\u00a0: R\u00e9gularisation des terres Aarch - La Sentinelle","isPartOf":{"@id":"https:\/\/lasentinelle.dz\/#website"},"primaryImageOfPage":{"@id":"https:\/\/lasentinelle.dz\/index.php\/2023\/02\/06\/annaba-regularisation-des-terres-aarch\/#primaryimage"},"image":{"@id":"https:\/\/lasentinelle.dz\/index.php\/2023\/02\/06\/annaba-regularisation-des-terres-aarch\/#primaryimage"},"thumbnailUrl":"https:\/\/lasentinelle.dz\/wp-content\/uploads\/2023\/02\/Sans-titre-4-2.png","datePublished":"2023-02-06T21:08:00+00:00","breadcrumb":{"@id":"https:\/\/lasentinelle.dz\/index.php\/2023\/02\/06\/annaba-regularisation-des-terres-aarch\/#breadcrumb"},"inLanguage":"fr-FR","potentialAction":[{"@type":"ReadAction","target":["https:\/\/lasentinelle.dz\/index.php\/2023\/02\/06\/annaba-regularisation-des-terres-aarch\/"]}]},{"@type":"ImageObject","inLanguage":"fr-FR","@id":"https:\/\/lasentinelle.dz\/index.php\/2023\/02\/06\/annaba-regularisation-des-terres-aarch\/#primaryimage","url":"https:\/\/lasentinelle.dz\/wp-content\/uploads\/2023\/02\/Sans-titre-4-2.png","contentUrl":"https:\/\/lasentinelle.dz\/wp-content\/uploads\/2023\/02\/Sans-titre-4-2.png","width":1427,"height":900},{"@type":"BreadcrumbList","@id":"https:\/\/lasentinelle.dz\/index.php\/2023\/02\/06\/annaba-regularisation-des-terres-aarch\/#breadcrumb","itemListElement":[{"@type":"ListItem","position":1,"name":"Accueil","item":"https:\/\/lasentinelle.dz\/"},{"@type":"ListItem","position":2,"name":"Annaba\u00a0: R\u00e9gularisation des terres Aarch"}]},{"@type":"WebSite","@id":"https:\/\/lasentinelle.dz\/#website","url":"https:\/\/lasentinelle.dz\/","name":"La Sentinelle","description":"Quotidien national d&#039;information","publisher":{"@id":"https:\/\/lasentinelle.dz\/#organization"},"potentialAction":[{"@type":"SearchAction","target":{"@type":"EntryPoint","urlTemplate":"https:\/\/lasentinelle.dz\/?s={search_term_string}"},"query-input":{"@type":"PropertyValueSpecification","valueRequired":true,"valueName":"search_term_string"}}],"inLanguage":"fr-FR"},{"@type":"Organization","@id":"https:\/\/lasentinelle.dz\/#organization","name":"Quotidien La Sentinelle","url":"https:\/\/lasentinelle.dz\/","logo":{"@type":"ImageObject","inLanguage":"fr-FR","@id":"https:\/\/lasentinelle.dz\/#\/schema\/logo\/image\/","url":"https:\/\/lasentinelle.dz\/wp-content\/uploads\/2021\/09\/logo-sentinelleSLOGAN-1.png","contentUrl":"https:\/\/lasentinelle.dz\/wp-content\/uploads\/2021\/09\/logo-sentinelleSLOGAN-1.png","width":615,"height":142,"caption":"Quotidien La Sentinelle"},"image":{"@id":"https:\/\/lasentinelle.dz\/#\/schema\/logo\/image\/"},"sameAs":["https:\/\/www.facebook.com\/La-Sentinelle-104059864394773"]},{"@type":"Person","@id":"https:\/\/lasentinelle.dz\/#\/schema\/person\/d865044e22e70a75174ce8bcad3acfb3","name":"La Sentinelle","image":{"@type":"ImageObject","inLanguage":"fr-FR","@id":"https:\/\/secure.gravatar.com\/avatar\/57de8e5d4b15d43fb361a71fbb36338450fe67865b528a43dd10ef7c51a20392?s=96&d=mm&r=g","url":"https:\/\/secure.gravatar.com\/avatar\/57de8e5d4b15d43fb361a71fbb36338450fe67865b528a43dd10ef7c51a20392?s=96&d=mm&r=g","contentUrl":"https:\/\/secure.gravatar.com\/avatar\/57de8e5d4b15d43fb361a71fbb36338450fe67865b528a43dd10ef7c51a20392?s=96&d=mm&r=g","caption":"La Sentinelle"},"sameAs":["http:\/\/www.lasentinelle.dz"],"url":"https:\/\/lasentinelle.dz\/author\/redaction\/"}]}},"_links":{"self":[{"href":"https:\/\/lasentinelle.dz\/index.php\/wp-json\/wp\/v2\/posts\/35638","targetHints":{"allow":["GET"]}}],"collection":[{"href":"https:\/\/lasentinelle.dz\/index.php\/wp-json\/wp\/v2\/posts"}],"about":[{"href":"https:\/\/lasentinelle.dz\/index.php\/wp-json\/wp\/v2\/types\/post"}],"author":[{"embeddable":true,"href":"https:\/\/lasentinelle.dz\/index.php\/wp-json\/wp\/v2\/users\/3"}],"replies":[{"embeddable":true,"href":"https:\/\/lasentinelle.dz\/index.php\/wp-json\/wp\/v2\/comments?post=35638"}],"version-history":[{"count":2,"href":"https:\/\/lasentinelle.dz\/index.php\/wp-json\/wp\/v2\/posts\/35638\/revisions"}],"predecessor-version":[{"id":35697,"href":"https:\/\/lasentinelle.dz\/index.php\/wp-json\/wp\/v2\/posts\/35638\/revisions\/35697"}],"wp:featuredmedia":[{"embeddable":true,"href":"https:\/\/lasentinelle.dz\/index.php\/wp-json\/wp\/v2\/media\/35699"}],"wp:attachment":[{"href":"https:\/\/lasentinelle.dz\/index.php\/wp-json\/wp\/v2\/media?parent=35638"}],"wp:term":[{"taxonomy":"category","embeddable":true,"href":"https:\/\/lasentinelle.dz\/index.php\/wp-json\/wp\/v2\/categories?post=35638"},{"taxonomy":"post_tag","embeddable":true,"href":"https:\/\/lasentinelle.dz\/index.php\/wp-json\/wp\/v2\/tags?post=35638"}],"curies":[{"name":"wp","href":"https:\/\/api.w.org\/{rel}","templated":true}]}}