{"id":35647,"date":"2023-02-06T22:05:00","date_gmt":"2023-02-06T21:05:00","guid":{"rendered":"https:\/\/lasentinelle.dz\/?p=35647"},"modified":"2023-02-06T21:17:23","modified_gmt":"2023-02-06T20:17:23","slug":"le-sg-du-mdn-recoit-lambassadeur-de-la-republique-de-coree","status":"publish","type":"post","link":"https:\/\/lasentinelle.dz\/index.php\/2023\/02\/06\/le-sg-du-mdn-recoit-lambassadeur-de-la-republique-de-coree\/","title":{"rendered":"Le SG du MDN re\u00e7oit l&rsquo;ambassadeur de la R\u00e9publique de Cor\u00e9e"},"content":{"rendered":"\n<p>Le G\u00e9n\u00e9ral-Major Mohamed Salah Benbicha, secr\u00e9taire g\u00e9n\u00e9ral du minist\u00e8re de la D\u00e9fense nationale (MDN) a re\u00e7u en audience, lundi, au niveau du si\u00e8ge du minist\u00e8re de la D\u00e9fense nationale, l&rsquo;ambassadeur de la R\u00e9publique de Cor\u00e9e en Alg\u00e9rie, Kim Changmo, \u00e0 la t\u00eate d&rsquo;une d\u00e9l\u00e9gation de haut niveau, indique un communiqu\u00e9 du MDN.A l&rsquo;occasion, \u00ab\u00a0les deux parties ont tenu des discussions bilat\u00e9rales portant sur les domaines d\u2019int\u00e9r\u00eat commun, et ce, en pr\u00e9sence du G\u00e9n\u00e9ral-Major, directeur des Relations ext\u00e9rieures et de la Coop\u00e9ration du minist\u00e8re de la D\u00e9fense nationale et des membres de la d\u00e9l\u00e9gation qui l\u2019accompagne\u00a0\u00bb, ajoute le communiqu\u00e9.Selon la m\u00eame source, \u00e0 l\u2019issue de l&rsquo;audience, \u00ab\u00a0les deux parties ont \u00e9chang\u00e9 des pr\u00e9sents symboliques\u00a0\u00bb.<\/p>\n\n\n\n<p>APS<\/p>\n","protected":false},"excerpt":{"rendered":"<p>Le G\u00e9n\u00e9ral-Major Mohamed Salah Benbicha, secr\u00e9taire g\u00e9n\u00e9ral du minist\u00e8re de la D\u00e9fense nationale (MDN) a re\u00e7u en audience, lundi, au<\/p>\n","protected":false},"author":3,"featured_media":18642,"comment_status":"open","ping_status":"closed","sticky":false,"template":"","format":"standard","meta":{"colormag_page_container_layout":"default_layout","colormag_page_sidebar_layout":"default_layout","om_disable_all_campaigns":false,"_monsterinsights_skip_tracking":false,"_monsterinsights_sitenote_active":false,"_monsterinsights_sitenote_note":"","_monsterinsights_sitenote_category":0,"footnotes":"","_wpscppro_dont_share_socialmedia":false,"_wpscppro_custom_social_share_image":0,"_facebook_share_type":"","_twitter_share_type":"","_linkedin_share_type":"","_pinterest_share_type":"","_linkedin_share_type_page":"","_instagram_share_type":"","_medium_share_type":"","_threads_share_type":"","_google_business_share_type":"","_selected_social_profile":[],"_wpsp_enable_custom_social_template":false,"_wpsp_social_scheduling":{"enabled":false,"datetime":null,"platforms":[],"status":"template_only","dateOption":"today","timeOption":"now","customDays":"","customHours":"","customDate":"","customTime":"","schedulingType":"absolute"},"_wpsp_active_default_template":true},"categories":[27],"tags":[],"class_list":["post-35647","post","type-post","status-publish","format-standard","has-post-thumbnail","hentry","category-actualite"],"aioseo_notices":[],"yoast_head":"<!-- This site is optimized with the Yoast SEO plugin v27.5 - https:\/\/yoast.com\/product\/yoast-seo-wordpress\/ -->\n<title>Le SG du MDN re\u00e7oit l&rsquo;ambassadeur de la R\u00e9publique de Cor\u00e9e - La Sentinelle<\/title>\n<meta name=\"robots\" content=\"index, follow, max-snippet:-1, max-image-preview:large, max-video-preview:-1\" \/>\n<link rel=\"canonical\" href=\"https:\/\/lasentinelle.dz\/index.php\/2023\/02\/06\/le-sg-du-mdn-recoit-lambassadeur-de-la-republique-de-coree\/\" \/>\n<meta property=\"og:locale\" content=\"fr_FR\" \/>\n<meta property=\"og:type\" content=\"article\" \/>\n<meta property=\"og:title\" content=\"Le SG du MDN re\u00e7oit l&rsquo;ambassadeur de la R\u00e9publique de Cor\u00e9e - La Sentinelle\" \/>\n<meta property=\"og:description\" content=\"Le G\u00e9n\u00e9ral-Major Mohamed Salah Benbicha, secr\u00e9taire g\u00e9n\u00e9ral du minist\u00e8re de la D\u00e9fense nationale (MDN) a re\u00e7u en audience, lundi, au\" \/>\n<meta property=\"og:url\" content=\"https:\/\/lasentinelle.dz\/index.php\/2023\/02\/06\/le-sg-du-mdn-recoit-lambassadeur-de-la-republique-de-coree\/\" \/>\n<meta property=\"og:site_name\" content=\"La Sentinelle\" \/>\n<meta property=\"article:publisher\" content=\"https:\/\/www.facebook.com\/La-Sentinelle-104059864394773\" \/>\n<meta property=\"article:published_time\" content=\"2023-02-06T21:05:00+00:00\" \/>\n<meta property=\"og:image\" content=\"https:\/\/lasentinelle.dz\/wp-content\/uploads\/2022\/03\/mdn.png\" \/>\n\t<meta property=\"og:image:width\" content=\"1354\" \/>\n\t<meta property=\"og:image:height\" content=\"900\" \/>\n\t<meta property=\"og:image:type\" content=\"image\/png\" \/>\n<meta name=\"author\" content=\"La Sentinelle\" \/>\n<meta name=\"twitter:card\" content=\"summary_large_image\" \/>\n<meta name=\"twitter:label1\" content=\"\u00c9crit par\" \/>\n\t<meta name=\"twitter:data1\" content=\"La Sentinelle\" \/>\n\t<meta name=\"twitter:label2\" content=\"Dur\u00e9e de lecture estim\u00e9e\" \/>\n\t<meta name=\"twitter:data2\" content=\"1 minute\" \/>\n<script type=\"application\/ld+json\" class=\"yoast-schema-graph\">{\"@context\":\"https:\\\/\\\/schema.org\",\"@graph\":[{\"@type\":\"Article\",\"@id\":\"https:\\\/\\\/lasentinelle.dz\\\/index.php\\\/2023\\\/02\\\/06\\\/le-sg-du-mdn-recoit-lambassadeur-de-la-republique-de-coree\\\/#article\",\"isPartOf\":{\"@id\":\"https:\\\/\\\/lasentinelle.dz\\\/index.php\\\/2023\\\/02\\\/06\\\/le-sg-du-mdn-recoit-lambassadeur-de-la-republique-de-coree\\\/\"},\"author\":{\"name\":\"La Sentinelle\",\"@id\":\"https:\\\/\\\/lasentinelle.dz\\\/#\\\/schema\\\/person\\\/d865044e22e70a75174ce8bcad3acfb3\"},\"headline\":\"Le SG du MDN re\u00e7oit l&rsquo;ambassadeur de la R\u00e9publique de Cor\u00e9e\",\"datePublished\":\"2023-02-06T21:05:00+00:00\",\"mainEntityOfPage\":{\"@id\":\"https:\\\/\\\/lasentinelle.dz\\\/index.php\\\/2023\\\/02\\\/06\\\/le-sg-du-mdn-recoit-lambassadeur-de-la-republique-de-coree\\\/\"},\"wordCount\":168,\"commentCount\":0,\"publisher\":{\"@id\":\"https:\\\/\\\/lasentinelle.dz\\\/#organization\"},\"image\":{\"@id\":\"https:\\\/\\\/lasentinelle.dz\\\/index.php\\\/2023\\\/02\\\/06\\\/le-sg-du-mdn-recoit-lambassadeur-de-la-republique-de-coree\\\/#primaryimage\"},\"thumbnailUrl\":\"https:\\\/\\\/lasentinelle.dz\\\/wp-content\\\/uploads\\\/2022\\\/03\\\/mdn.png\",\"articleSection\":[\"Actualit\u00e9\"],\"inLanguage\":\"fr-FR\",\"potentialAction\":[{\"@type\":\"CommentAction\",\"name\":\"Comment\",\"target\":[\"https:\\\/\\\/lasentinelle.dz\\\/index.php\\\/2023\\\/02\\\/06\\\/le-sg-du-mdn-recoit-lambassadeur-de-la-republique-de-coree\\\/#respond\"]}]},{\"@type\":\"WebPage\",\"@id\":\"https:\\\/\\\/lasentinelle.dz\\\/index.php\\\/2023\\\/02\\\/06\\\/le-sg-du-mdn-recoit-lambassadeur-de-la-republique-de-coree\\\/\",\"url\":\"https:\\\/\\\/lasentinelle.dz\\\/index.php\\\/2023\\\/02\\\/06\\\/le-sg-du-mdn-recoit-lambassadeur-de-la-republique-de-coree\\\/\",\"name\":\"Le SG du MDN re\u00e7oit l&rsquo;ambassadeur de la R\u00e9publique de Cor\u00e9e - La Sentinelle\",\"isPartOf\":{\"@id\":\"https:\\\/\\\/lasentinelle.dz\\\/#website\"},\"primaryImageOfPage\":{\"@id\":\"https:\\\/\\\/lasentinelle.dz\\\/index.php\\\/2023\\\/02\\\/06\\\/le-sg-du-mdn-recoit-lambassadeur-de-la-republique-de-coree\\\/#primaryimage\"},\"image\":{\"@id\":\"https:\\\/\\\/lasentinelle.dz\\\/index.php\\\/2023\\\/02\\\/06\\\/le-sg-du-mdn-recoit-lambassadeur-de-la-republique-de-coree\\\/#primaryimage\"},\"thumbnailUrl\":\"https:\\\/\\\/lasentinelle.dz\\\/wp-content\\\/uploads\\\/2022\\\/03\\\/mdn.png\",\"datePublished\":\"2023-02-06T21:05:00+00:00\",\"breadcrumb\":{\"@id\":\"https:\\\/\\\/lasentinelle.dz\\\/index.php\\\/2023\\\/02\\\/06\\\/le-sg-du-mdn-recoit-lambassadeur-de-la-republique-de-coree\\\/#breadcrumb\"},\"inLanguage\":\"fr-FR\",\"potentialAction\":[{\"@type\":\"ReadAction\",\"target\":[\"https:\\\/\\\/lasentinelle.dz\\\/index.php\\\/2023\\\/02\\\/06\\\/le-sg-du-mdn-recoit-lambassadeur-de-la-republique-de-coree\\\/\"]}]},{\"@type\":\"ImageObject\",\"inLanguage\":\"fr-FR\",\"@id\":\"https:\\\/\\\/lasentinelle.dz\\\/index.php\\\/2023\\\/02\\\/06\\\/le-sg-du-mdn-recoit-lambassadeur-de-la-republique-de-coree\\\/#primaryimage\",\"url\":\"https:\\\/\\\/lasentinelle.dz\\\/wp-content\\\/uploads\\\/2022\\\/03\\\/mdn.png\",\"contentUrl\":\"https:\\\/\\\/lasentinelle.dz\\\/wp-content\\\/uploads\\\/2022\\\/03\\\/mdn.png\",\"width\":1354,\"height\":900},{\"@type\":\"BreadcrumbList\",\"@id\":\"https:\\\/\\\/lasentinelle.dz\\\/index.php\\\/2023\\\/02\\\/06\\\/le-sg-du-mdn-recoit-lambassadeur-de-la-republique-de-coree\\\/#breadcrumb\",\"itemListElement\":[{\"@type\":\"ListItem\",\"position\":1,\"name\":\"Accueil\",\"item\":\"https:\\\/\\\/lasentinelle.dz\\\/\"},{\"@type\":\"ListItem\",\"position\":2,\"name\":\"Le SG du MDN re\u00e7oit l&rsquo;ambassadeur de la R\u00e9publique de Cor\u00e9e\"}]},{\"@type\":\"WebSite\",\"@id\":\"https:\\\/\\\/lasentinelle.dz\\\/#website\",\"url\":\"https:\\\/\\\/lasentinelle.dz\\\/\",\"name\":\"La Sentinelle\",\"description\":\"Quotidien national d&#039;information\",\"publisher\":{\"@id\":\"https:\\\/\\\/lasentinelle.dz\\\/#organization\"},\"potentialAction\":[{\"@type\":\"SearchAction\",\"target\":{\"@type\":\"EntryPoint\",\"urlTemplate\":\"https:\\\/\\\/lasentinelle.dz\\\/?s={search_term_string}\"},\"query-input\":{\"@type\":\"PropertyValueSpecification\",\"valueRequired\":true,\"valueName\":\"search_term_string\"}}],\"inLanguage\":\"fr-FR\"},{\"@type\":\"Organization\",\"@id\":\"https:\\\/\\\/lasentinelle.dz\\\/#organization\",\"name\":\"Quotidien La Sentinelle\",\"url\":\"https:\\\/\\\/lasentinelle.dz\\\/\",\"logo\":{\"@type\":\"ImageObject\",\"inLanguage\":\"fr-FR\",\"@id\":\"https:\\\/\\\/lasentinelle.dz\\\/#\\\/schema\\\/logo\\\/image\\\/\",\"url\":\"https:\\\/\\\/lasentinelle.dz\\\/wp-content\\\/uploads\\\/2021\\\/09\\\/logo-sentinelleSLOGAN-1.png\",\"contentUrl\":\"https:\\\/\\\/lasentinelle.dz\\\/wp-content\\\/uploads\\\/2021\\\/09\\\/logo-sentinelleSLOGAN-1.png\",\"width\":615,\"height\":142,\"caption\":\"Quotidien La Sentinelle\"},\"image\":{\"@id\":\"https:\\\/\\\/lasentinelle.dz\\\/#\\\/schema\\\/logo\\\/image\\\/\"},\"sameAs\":[\"https:\\\/\\\/www.facebook.com\\\/La-Sentinelle-104059864394773\"]},{\"@type\":\"Person\",\"@id\":\"https:\\\/\\\/lasentinelle.dz\\\/#\\\/schema\\\/person\\\/d865044e22e70a75174ce8bcad3acfb3\",\"name\":\"La Sentinelle\",\"image\":{\"@type\":\"ImageObject\",\"inLanguage\":\"fr-FR\",\"@id\":\"https:\\\/\\\/secure.gravatar.com\\\/avatar\\\/57de8e5d4b15d43fb361a71fbb36338450fe67865b528a43dd10ef7c51a20392?s=96&d=mm&r=g\",\"url\":\"https:\\\/\\\/secure.gravatar.com\\\/avatar\\\/57de8e5d4b15d43fb361a71fbb36338450fe67865b528a43dd10ef7c51a20392?s=96&d=mm&r=g\",\"contentUrl\":\"https:\\\/\\\/secure.gravatar.com\\\/avatar\\\/57de8e5d4b15d43fb361a71fbb36338450fe67865b528a43dd10ef7c51a20392?s=96&d=mm&r=g\",\"caption\":\"La Sentinelle\"},\"sameAs\":[\"http:\\\/\\\/www.lasentinelle.dz\"],\"url\":\"https:\\\/\\\/lasentinelle.dz\\\/author\\\/redaction\\\/\"}]}<\/script>\n<!-- \/ Yoast SEO plugin. -->","yoast_head_json":{"title":"Le SG du MDN re\u00e7oit l&rsquo;ambassadeur de la R\u00e9publique de Cor\u00e9e - La Sentinelle","robots":{"index":"index","follow":"follow","max-snippet":"max-snippet:-1","max-image-preview":"max-image-preview:large","max-video-preview":"max-video-preview:-1"},"canonical":"https:\/\/lasentinelle.dz\/index.php\/2023\/02\/06\/le-sg-du-mdn-recoit-lambassadeur-de-la-republique-de-coree\/","og_locale":"fr_FR","og_type":"article","og_title":"Le SG du MDN re\u00e7oit l&rsquo;ambassadeur de la R\u00e9publique de Cor\u00e9e - La Sentinelle","og_description":"Le G\u00e9n\u00e9ral-Major Mohamed Salah Benbicha, secr\u00e9taire g\u00e9n\u00e9ral du minist\u00e8re de la D\u00e9fense nationale (MDN) a re\u00e7u en audience, lundi, au","og_url":"https:\/\/lasentinelle.dz\/index.php\/2023\/02\/06\/le-sg-du-mdn-recoit-lambassadeur-de-la-republique-de-coree\/","og_site_name":"La Sentinelle","article_publisher":"https:\/\/www.facebook.com\/La-Sentinelle-104059864394773","article_published_time":"2023-02-06T21:05:00+00:00","og_image":[{"width":1354,"height":900,"url":"https:\/\/lasentinelle.dz\/wp-content\/uploads\/2022\/03\/mdn.png","type":"image\/png"}],"author":"La Sentinelle","twitter_card":"summary_large_image","twitter_misc":{"\u00c9crit par":"La Sentinelle","Dur\u00e9e de lecture estim\u00e9e":"1 minute"},"schema":{"@context":"https:\/\/schema.org","@graph":[{"@type":"Article","@id":"https:\/\/lasentinelle.dz\/index.php\/2023\/02\/06\/le-sg-du-mdn-recoit-lambassadeur-de-la-republique-de-coree\/#article","isPartOf":{"@id":"https:\/\/lasentinelle.dz\/index.php\/2023\/02\/06\/le-sg-du-mdn-recoit-lambassadeur-de-la-republique-de-coree\/"},"author":{"name":"La Sentinelle","@id":"https:\/\/lasentinelle.dz\/#\/schema\/person\/d865044e22e70a75174ce8bcad3acfb3"},"headline":"Le SG du MDN re\u00e7oit l&rsquo;ambassadeur de la R\u00e9publique de Cor\u00e9e","datePublished":"2023-02-06T21:05:00+00:00","mainEntityOfPage":{"@id":"https:\/\/lasentinelle.dz\/index.php\/2023\/02\/06\/le-sg-du-mdn-recoit-lambassadeur-de-la-republique-de-coree\/"},"wordCount":168,"commentCount":0,"publisher":{"@id":"https:\/\/lasentinelle.dz\/#organization"},"image":{"@id":"https:\/\/lasentinelle.dz\/index.php\/2023\/02\/06\/le-sg-du-mdn-recoit-lambassadeur-de-la-republique-de-coree\/#primaryimage"},"thumbnailUrl":"https:\/\/lasentinelle.dz\/wp-content\/uploads\/2022\/03\/mdn.png","articleSection":["Actualit\u00e9"],"inLanguage":"fr-FR","potentialAction":[{"@type":"CommentAction","name":"Comment","target":["https:\/\/lasentinelle.dz\/index.php\/2023\/02\/06\/le-sg-du-mdn-recoit-lambassadeur-de-la-republique-de-coree\/#respond"]}]},{"@type":"WebPage","@id":"https:\/\/lasentinelle.dz\/index.php\/2023\/02\/06\/le-sg-du-mdn-recoit-lambassadeur-de-la-republique-de-coree\/","url":"https:\/\/lasentinelle.dz\/index.php\/2023\/02\/06\/le-sg-du-mdn-recoit-lambassadeur-de-la-republique-de-coree\/","name":"Le SG du MDN re\u00e7oit l&rsquo;ambassadeur de la R\u00e9publique de Cor\u00e9e - La Sentinelle","isPartOf":{"@id":"https:\/\/lasentinelle.dz\/#website"},"primaryImageOfPage":{"@id":"https:\/\/lasentinelle.dz\/index.php\/2023\/02\/06\/le-sg-du-mdn-recoit-lambassadeur-de-la-republique-de-coree\/#primaryimage"},"image":{"@id":"https:\/\/lasentinelle.dz\/index.php\/2023\/02\/06\/le-sg-du-mdn-recoit-lambassadeur-de-la-republique-de-coree\/#primaryimage"},"thumbnailUrl":"https:\/\/lasentinelle.dz\/wp-content\/uploads\/2022\/03\/mdn.png","datePublished":"2023-02-06T21:05:00+00:00","breadcrumb":{"@id":"https:\/\/lasentinelle.dz\/index.php\/2023\/02\/06\/le-sg-du-mdn-recoit-lambassadeur-de-la-republique-de-coree\/#breadcrumb"},"inLanguage":"fr-FR","potentialAction":[{"@type":"ReadAction","target":["https:\/\/lasentinelle.dz\/index.php\/2023\/02\/06\/le-sg-du-mdn-recoit-lambassadeur-de-la-republique-de-coree\/"]}]},{"@type":"ImageObject","inLanguage":"fr-FR","@id":"https:\/\/lasentinelle.dz\/index.php\/2023\/02\/06\/le-sg-du-mdn-recoit-lambassadeur-de-la-republique-de-coree\/#primaryimage","url":"https:\/\/lasentinelle.dz\/wp-content\/uploads\/2022\/03\/mdn.png","contentUrl":"https:\/\/lasentinelle.dz\/wp-content\/uploads\/2022\/03\/mdn.png","width":1354,"height":900},{"@type":"BreadcrumbList","@id":"https:\/\/lasentinelle.dz\/index.php\/2023\/02\/06\/le-sg-du-mdn-recoit-lambassadeur-de-la-republique-de-coree\/#breadcrumb","itemListElement":[{"@type":"ListItem","position":1,"name":"Accueil","item":"https:\/\/lasentinelle.dz\/"},{"@type":"ListItem","position":2,"name":"Le SG du MDN re\u00e7oit l&rsquo;ambassadeur de la R\u00e9publique de Cor\u00e9e"}]},{"@type":"WebSite","@id":"https:\/\/lasentinelle.dz\/#website","url":"https:\/\/lasentinelle.dz\/","name":"La Sentinelle","description":"Quotidien national d&#039;information","publisher":{"@id":"https:\/\/lasentinelle.dz\/#organization"},"potentialAction":[{"@type":"SearchAction","target":{"@type":"EntryPoint","urlTemplate":"https:\/\/lasentinelle.dz\/?s={search_term_string}"},"query-input":{"@type":"PropertyValueSpecification","valueRequired":true,"valueName":"search_term_string"}}],"inLanguage":"fr-FR"},{"@type":"Organization","@id":"https:\/\/lasentinelle.dz\/#organization","name":"Quotidien La Sentinelle","url":"https:\/\/lasentinelle.dz\/","logo":{"@type":"ImageObject","inLanguage":"fr-FR","@id":"https:\/\/lasentinelle.dz\/#\/schema\/logo\/image\/","url":"https:\/\/lasentinelle.dz\/wp-content\/uploads\/2021\/09\/logo-sentinelleSLOGAN-1.png","contentUrl":"https:\/\/lasentinelle.dz\/wp-content\/uploads\/2021\/09\/logo-sentinelleSLOGAN-1.png","width":615,"height":142,"caption":"Quotidien La Sentinelle"},"image":{"@id":"https:\/\/lasentinelle.dz\/#\/schema\/logo\/image\/"},"sameAs":["https:\/\/www.facebook.com\/La-Sentinelle-104059864394773"]},{"@type":"Person","@id":"https:\/\/lasentinelle.dz\/#\/schema\/person\/d865044e22e70a75174ce8bcad3acfb3","name":"La Sentinelle","image":{"@type":"ImageObject","inLanguage":"fr-FR","@id":"https:\/\/secure.gravatar.com\/avatar\/57de8e5d4b15d43fb361a71fbb36338450fe67865b528a43dd10ef7c51a20392?s=96&d=mm&r=g","url":"https:\/\/secure.gravatar.com\/avatar\/57de8e5d4b15d43fb361a71fbb36338450fe67865b528a43dd10ef7c51a20392?s=96&d=mm&r=g","contentUrl":"https:\/\/secure.gravatar.com\/avatar\/57de8e5d4b15d43fb361a71fbb36338450fe67865b528a43dd10ef7c51a20392?s=96&d=mm&r=g","caption":"La Sentinelle"},"sameAs":["http:\/\/www.lasentinelle.dz"],"url":"https:\/\/lasentinelle.dz\/author\/redaction\/"}]}},"_links":{"self":[{"href":"https:\/\/lasentinelle.dz\/index.php\/wp-json\/wp\/v2\/posts\/35647","targetHints":{"allow":["GET"]}}],"collection":[{"href":"https:\/\/lasentinelle.dz\/index.php\/wp-json\/wp\/v2\/posts"}],"about":[{"href":"https:\/\/lasentinelle.dz\/index.php\/wp-json\/wp\/v2\/types\/post"}],"author":[{"embeddable":true,"href":"https:\/\/lasentinelle.dz\/index.php\/wp-json\/wp\/v2\/users\/3"}],"replies":[{"embeddable":true,"href":"https:\/\/lasentinelle.dz\/index.php\/wp-json\/wp\/v2\/comments?post=35647"}],"version-history":[{"count":1,"href":"https:\/\/lasentinelle.dz\/index.php\/wp-json\/wp\/v2\/posts\/35647\/revisions"}],"predecessor-version":[{"id":35687,"href":"https:\/\/lasentinelle.dz\/index.php\/wp-json\/wp\/v2\/posts\/35647\/revisions\/35687"}],"wp:featuredmedia":[{"embeddable":true,"href":"https:\/\/lasentinelle.dz\/index.php\/wp-json\/wp\/v2\/media\/18642"}],"wp:attachment":[{"href":"https:\/\/lasentinelle.dz\/index.php\/wp-json\/wp\/v2\/media?parent=35647"}],"wp:term":[{"taxonomy":"category","embeddable":true,"href":"https:\/\/lasentinelle.dz\/index.php\/wp-json\/wp\/v2\/categories?post=35647"},{"taxonomy":"post_tag","embeddable":true,"href":"https:\/\/lasentinelle.dz\/index.php\/wp-json\/wp\/v2\/tags?post=35647"}],"curies":[{"name":"wp","href":"https:\/\/api.w.org\/{rel}","templated":true}]}}