{"id":35667,"date":"2023-02-06T22:08:00","date_gmt":"2023-02-06T21:08:00","guid":{"rendered":"https:\/\/lasentinelle.dz\/?p=35667"},"modified":"2023-02-06T21:28:22","modified_gmt":"2023-02-06T20:28:22","slug":"rapport-du-wgc-sur-les-reserves-dor-en-2022-lalgerie-sur-le-toit-de-lafrique","status":"publish","type":"post","link":"https:\/\/lasentinelle.dz\/index.php\/2023\/02\/06\/rapport-du-wgc-sur-les-reserves-dor-en-2022-lalgerie-sur-le-toit-de-lafrique\/","title":{"rendered":"Rapport du WGC sur les r\u00e9serves d\u2019or en 2022\u00a0: L\u2019Alg\u00e9rie sur le toit de l\u2019Afrique"},"content":{"rendered":"\n<p>L\u2019Alg\u00e9rie d\u00e9tient les r\u00e9serves les plus importantes d\u2019or avec 173,6 tonnes, devant l\u2019Afrique du Sud avec 125,3 tonnes, alors que la Libye, avec ses 116,6 tonnes, occupe la troisi\u00e8me place. En chute libre, l\u2019Egypte, avec 80 tonnes seulement, occupe le pied du podium, tandis que le Maroc s\u2019est \u00e9loign\u00e9 du Top-3 et occupe la cinqui\u00e8me place avec seulement 22,1 tonnes de r\u00e9serves d\u2019or.<\/p>\n\n\n\n<p>Pour la deuxi\u00e8me ann\u00e9e cons\u00e9cutive, l\u2019Alg\u00e9rie occupe la premi\u00e8re place au plan continental en r\u00e9serves d\u2019or, selon le dernier rapport, mis \u00e0 jour, par World Gold Council (WGC). Dominant le march\u00e9 continental, avec une stabilit\u00e9 en r\u00e9serves de cette mati\u00e8re pr\u00e9cieuse, l\u2019Alg\u00e9rie se hisse au premier rang, d\u00e9tr\u00f4nant l\u2019Afrique du Sud, le Maroc, l\u2019Egypte et la Libye. Selon cette organisation, les r\u00e9serves d\u00e9tenus par l\u2019Alg\u00e9rie de ce pr\u00e9cieux m\u00e9tal s\u2019\u00e9l\u00e8vent \u00e0 173,6 tonnes, soulignant que \u00ab le stock d\u2019or de l\u2019Alg\u00e9rie est rest\u00e9 le m\u00eame depuis quelques ann\u00e9es d\u00e9j\u00e0 \u00bb, sachant que c\u2019est le m\u00eame volume qui ressort dans les rapports publi\u00e9s par le WGC en 2020 et 2021. Il faut relever que cette stabilit\u00e9 des r\u00e9serves est principalement due \u00e0 la crise sanitaire caus\u00e9e par la Covid-19 et qui a pr\u00e9valu dans le pays depuis le mois de mars 2020. Cet \u00e9tat de fait a provoqu\u00e9 une nette augmentation des prix de l\u2019or et cette quantit\u00e9 importante a permis \u00e0 l\u2019Alg\u00e9rie de dominer le classement africain durant les ann\u00e9es 2021 et 2022. En moyenne, et durant deux ann\u00e9es cons\u00e9cutives, le prix de l\u2019once d\u2019or en Alg\u00e9rie \u00e9tait de 255.169 dinars, alors que le prix du gramme d\u2019or oscillait entre 8 000 et 9 000 dinars pour le 24 carat, entre 7 500 et 8 000 dinars pour le 22 carat, entre 6.500 \u00e0 7.000 dinars pour le 21 carat et entre 6.000 et 6.500 dinars pour le 18 carat. Une v\u00e9ritable aubaine pour les professionnels de cette fili\u00e8re, m\u00eame si la tendance inflationniste a sensiblement influ\u00e9 sur la baisse des ventes en 2022, contrairement aux ann\u00e9es 2020 et 2021 o\u00f9 l\u2019or s\u2019est tr\u00e8s bien vendu, constituant une valeur refuge pour de nombreux professionnels et autres clients qui voulaient se pr\u00e9munir contre les risques d\u2019augmentation des co\u00fbts sur le march\u00e9. Selon WGC, l\u2019Afrique du Sud arrive juste derri\u00e8re l\u2019Alg\u00e9rie, avec 125,3 tonnes pour occuper la deuxi\u00e8me place, alors que la Libye, avec ses 116,6 tonnes, occupe la troisi\u00e8me place. En chute libre, l\u2019Egypte, avec 80 tonnes seulement, occupe le pied du podium, tandis que le Maroc s\u2019est \u00e9loign\u00e9 du Top-3 et occupe la cinqui\u00e8me place avec 22,1 tonnes. Plusieurs pays du continent ont enregistr\u00e9 une l\u00e9g\u00e8re et timide hausse des r\u00e9serves, \u00e0 l\u2019instar du Nigeria (21,3 tonnes), l\u2019\u00eele Maurice (12,4 tonnes), le Ghana (8,7 tonnes), la Tunisie (6,8 tonnes) et le Mozambique (3,9 tonnes) pour ainsi figurer dans le Top-10 du classement de WGC en Afrique. En revanche, l\u2019Alg\u00e9rie occupe la troisi\u00e8me place dans le tableau de WGC dans le monde arabe. Selon WGC, c\u2019est l\u2019Arabie Saoudite, avec 323,1 tonnes, et le Liban, avec 286,8 tonnes, qui se hissent aux deux premi\u00e8res places du classement de cette organisation qui r\u00e9v\u00e8le que les r\u00e9serves des banques centrales du monde de l\u2019or s\u2019\u00e9levaient \u00e0 35 568,40 tonnes. Du reste, note-on, l\u2019Alg\u00e9rie occupe la 24\u00e8me place au plan mondial, alors que l\u2019Afrique du Sud pointe \u00e0 la 31\u00e8me place, toujours selon ce m\u00eame classement du WGC. Il faut \u00e9galement relever que les prix de l\u2019or se sont envol\u00e9s depuis le d\u00e9but du mois en cours, atteignant leurs plus hauts niveaux apr\u00e8s que la R\u00e9serve f\u00e9d\u00e9rale ait relev\u00e9 les taux d\u2019int\u00e9r\u00eat de 25 points de base, sachant que les \u00c9tats-Unis, avec leurs r\u00e9serves d\u2019or de 8 133 tonnes, d\u00e9tiennent le plus grand stock d\u2019or au monde, dont la quantit\u00e9 repr\u00e9sente 78,1 % du stock total. Du coup, l\u2019or au comptant a augment\u00e9 de 0,1% \u00e0 1 951,79 dollars l\u2019once, apr\u00e8s avoir atteint son plus haut niveau depuis avril 2022. Les contrats \u00e0 terme sur l\u2019or am\u00e9ricain ont augment\u00e9 de 1,3% \u00e0 1 967,40 dollars, alors que l\u2019argent au comptant a augment\u00e9 de 0,8% \u00e0 24,17dollars l\u2019once, atteignant un sommet d\u2019une semaine.<\/p>\n\n\n\n<p><strong>Riad Lamara<\/strong><\/p>\n","protected":false},"excerpt":{"rendered":"<p>L\u2019Alg\u00e9rie d\u00e9tient les r\u00e9serves les plus importantes d\u2019or avec 173,6 tonnes, devant l\u2019Afrique du Sud avec 125,3 tonnes, alors que<\/p>\n","protected":false},"author":3,"featured_media":35668,"comment_status":"open","ping_status":"closed","sticky":false,"template":"","format":"standard","meta":{"colormag_page_container_layout":"default_layout","colormag_page_sidebar_layout":"default_layout","om_disable_all_campaigns":false,"_monsterinsights_skip_tracking":false,"_monsterinsights_sitenote_active":false,"_monsterinsights_sitenote_note":"","_monsterinsights_sitenote_category":0,"footnotes":"","_wpscppro_dont_share_socialmedia":false,"_wpscppro_custom_social_share_image":0,"_facebook_share_type":"","_twitter_share_type":"","_linkedin_share_type":"","_pinterest_share_type":"","_linkedin_share_type_page":"","_instagram_share_type":"","_medium_share_type":"","_threads_share_type":"","_google_business_share_type":"","_selected_social_profile":[],"_wpsp_enable_custom_social_template":false,"_wpsp_social_scheduling":{"enabled":false,"datetime":null,"platforms":[],"status":"template_only","dateOption":"today","timeOption":"now","customDays":"","customHours":"","customDate":"","customTime":"","schedulingType":"absolute"},"_wpsp_active_default_template":true},"categories":[52,29],"tags":[],"class_list":["post-35667","post","type-post","status-publish","format-standard","has-post-thumbnail","hentry","category-a-la-une","category-economie"],"aioseo_notices":[],"yoast_head":"<!-- This site is optimized with the Yoast SEO plugin v27.5 - https:\/\/yoast.com\/product\/yoast-seo-wordpress\/ -->\n<title>Rapport du WGC sur les r\u00e9serves d\u2019or en 2022\u00a0: L\u2019Alg\u00e9rie sur le toit de l\u2019Afrique - La Sentinelle<\/title>\n<meta name=\"robots\" content=\"index, follow, max-snippet:-1, max-image-preview:large, max-video-preview:-1\" \/>\n<link rel=\"canonical\" href=\"https:\/\/lasentinelle.dz\/index.php\/2023\/02\/06\/rapport-du-wgc-sur-les-reserves-dor-en-2022-lalgerie-sur-le-toit-de-lafrique\/\" \/>\n<meta property=\"og:locale\" content=\"fr_FR\" \/>\n<meta property=\"og:type\" content=\"article\" \/>\n<meta property=\"og:title\" content=\"Rapport du WGC sur les r\u00e9serves d\u2019or en 2022\u00a0: L\u2019Alg\u00e9rie sur le toit de l\u2019Afrique - La Sentinelle\" \/>\n<meta property=\"og:description\" content=\"L\u2019Alg\u00e9rie d\u00e9tient les r\u00e9serves les plus importantes d\u2019or avec 173,6 tonnes, devant l\u2019Afrique du Sud avec 125,3 tonnes, alors que\" \/>\n<meta property=\"og:url\" content=\"https:\/\/lasentinelle.dz\/index.php\/2023\/02\/06\/rapport-du-wgc-sur-les-reserves-dor-en-2022-lalgerie-sur-le-toit-de-lafrique\/\" \/>\n<meta property=\"og:site_name\" content=\"La Sentinelle\" \/>\n<meta property=\"article:publisher\" content=\"https:\/\/www.facebook.com\/La-Sentinelle-104059864394773\" \/>\n<meta property=\"article:published_time\" content=\"2023-02-06T21:08:00+00:00\" \/>\n<meta property=\"og:image\" content=\"https:\/\/lasentinelle.dz\/wp-content\/uploads\/2023\/02\/or.png\" \/>\n\t<meta property=\"og:image:width\" content=\"1533\" \/>\n\t<meta property=\"og:image:height\" content=\"900\" \/>\n\t<meta property=\"og:image:type\" content=\"image\/png\" \/>\n<meta name=\"author\" content=\"La Sentinelle\" \/>\n<meta name=\"twitter:card\" content=\"summary_large_image\" \/>\n<meta name=\"twitter:label1\" content=\"\u00c9crit par\" \/>\n\t<meta name=\"twitter:data1\" content=\"La Sentinelle\" \/>\n\t<meta name=\"twitter:label2\" content=\"Dur\u00e9e de lecture estim\u00e9e\" \/>\n\t<meta name=\"twitter:data2\" content=\"4 minutes\" \/>\n<script type=\"application\/ld+json\" class=\"yoast-schema-graph\">{\"@context\":\"https:\\\/\\\/schema.org\",\"@graph\":[{\"@type\":\"Article\",\"@id\":\"https:\\\/\\\/lasentinelle.dz\\\/index.php\\\/2023\\\/02\\\/06\\\/rapport-du-wgc-sur-les-reserves-dor-en-2022-lalgerie-sur-le-toit-de-lafrique\\\/#article\",\"isPartOf\":{\"@id\":\"https:\\\/\\\/lasentinelle.dz\\\/index.php\\\/2023\\\/02\\\/06\\\/rapport-du-wgc-sur-les-reserves-dor-en-2022-lalgerie-sur-le-toit-de-lafrique\\\/\"},\"author\":{\"name\":\"La Sentinelle\",\"@id\":\"https:\\\/\\\/lasentinelle.dz\\\/#\\\/schema\\\/person\\\/d865044e22e70a75174ce8bcad3acfb3\"},\"headline\":\"Rapport du WGC sur les r\u00e9serves d\u2019or en 2022\u00a0: L\u2019Alg\u00e9rie sur le toit de l\u2019Afrique\",\"datePublished\":\"2023-02-06T21:08:00+00:00\",\"mainEntityOfPage\":{\"@id\":\"https:\\\/\\\/lasentinelle.dz\\\/index.php\\\/2023\\\/02\\\/06\\\/rapport-du-wgc-sur-les-reserves-dor-en-2022-lalgerie-sur-le-toit-de-lafrique\\\/\"},\"wordCount\":751,\"commentCount\":0,\"publisher\":{\"@id\":\"https:\\\/\\\/lasentinelle.dz\\\/#organization\"},\"image\":{\"@id\":\"https:\\\/\\\/lasentinelle.dz\\\/index.php\\\/2023\\\/02\\\/06\\\/rapport-du-wgc-sur-les-reserves-dor-en-2022-lalgerie-sur-le-toit-de-lafrique\\\/#primaryimage\"},\"thumbnailUrl\":\"https:\\\/\\\/lasentinelle.dz\\\/wp-content\\\/uploads\\\/2023\\\/02\\\/or.png\",\"articleSection\":[\"\u00c0 la Une\",\"\u00c9conomie\"],\"inLanguage\":\"fr-FR\",\"potentialAction\":[{\"@type\":\"CommentAction\",\"name\":\"Comment\",\"target\":[\"https:\\\/\\\/lasentinelle.dz\\\/index.php\\\/2023\\\/02\\\/06\\\/rapport-du-wgc-sur-les-reserves-dor-en-2022-lalgerie-sur-le-toit-de-lafrique\\\/#respond\"]}]},{\"@type\":\"WebPage\",\"@id\":\"https:\\\/\\\/lasentinelle.dz\\\/index.php\\\/2023\\\/02\\\/06\\\/rapport-du-wgc-sur-les-reserves-dor-en-2022-lalgerie-sur-le-toit-de-lafrique\\\/\",\"url\":\"https:\\\/\\\/lasentinelle.dz\\\/index.php\\\/2023\\\/02\\\/06\\\/rapport-du-wgc-sur-les-reserves-dor-en-2022-lalgerie-sur-le-toit-de-lafrique\\\/\",\"name\":\"Rapport du WGC sur les r\u00e9serves d\u2019or en 2022\u00a0: L\u2019Alg\u00e9rie sur le toit de l\u2019Afrique - La Sentinelle\",\"isPartOf\":{\"@id\":\"https:\\\/\\\/lasentinelle.dz\\\/#website\"},\"primaryImageOfPage\":{\"@id\":\"https:\\\/\\\/lasentinelle.dz\\\/index.php\\\/2023\\\/02\\\/06\\\/rapport-du-wgc-sur-les-reserves-dor-en-2022-lalgerie-sur-le-toit-de-lafrique\\\/#primaryimage\"},\"image\":{\"@id\":\"https:\\\/\\\/lasentinelle.dz\\\/index.php\\\/2023\\\/02\\\/06\\\/rapport-du-wgc-sur-les-reserves-dor-en-2022-lalgerie-sur-le-toit-de-lafrique\\\/#primaryimage\"},\"thumbnailUrl\":\"https:\\\/\\\/lasentinelle.dz\\\/wp-content\\\/uploads\\\/2023\\\/02\\\/or.png\",\"datePublished\":\"2023-02-06T21:08:00+00:00\",\"breadcrumb\":{\"@id\":\"https:\\\/\\\/lasentinelle.dz\\\/index.php\\\/2023\\\/02\\\/06\\\/rapport-du-wgc-sur-les-reserves-dor-en-2022-lalgerie-sur-le-toit-de-lafrique\\\/#breadcrumb\"},\"inLanguage\":\"fr-FR\",\"potentialAction\":[{\"@type\":\"ReadAction\",\"target\":[\"https:\\\/\\\/lasentinelle.dz\\\/index.php\\\/2023\\\/02\\\/06\\\/rapport-du-wgc-sur-les-reserves-dor-en-2022-lalgerie-sur-le-toit-de-lafrique\\\/\"]}]},{\"@type\":\"ImageObject\",\"inLanguage\":\"fr-FR\",\"@id\":\"https:\\\/\\\/lasentinelle.dz\\\/index.php\\\/2023\\\/02\\\/06\\\/rapport-du-wgc-sur-les-reserves-dor-en-2022-lalgerie-sur-le-toit-de-lafrique\\\/#primaryimage\",\"url\":\"https:\\\/\\\/lasentinelle.dz\\\/wp-content\\\/uploads\\\/2023\\\/02\\\/or.png\",\"contentUrl\":\"https:\\\/\\\/lasentinelle.dz\\\/wp-content\\\/uploads\\\/2023\\\/02\\\/or.png\",\"width\":1533,\"height\":900},{\"@type\":\"BreadcrumbList\",\"@id\":\"https:\\\/\\\/lasentinelle.dz\\\/index.php\\\/2023\\\/02\\\/06\\\/rapport-du-wgc-sur-les-reserves-dor-en-2022-lalgerie-sur-le-toit-de-lafrique\\\/#breadcrumb\",\"itemListElement\":[{\"@type\":\"ListItem\",\"position\":1,\"name\":\"Accueil\",\"item\":\"https:\\\/\\\/lasentinelle.dz\\\/\"},{\"@type\":\"ListItem\",\"position\":2,\"name\":\"Rapport du WGC sur les r\u00e9serves d\u2019or en 2022\u00a0: L\u2019Alg\u00e9rie sur le toit de l\u2019Afrique\"}]},{\"@type\":\"WebSite\",\"@id\":\"https:\\\/\\\/lasentinelle.dz\\\/#website\",\"url\":\"https:\\\/\\\/lasentinelle.dz\\\/\",\"name\":\"La Sentinelle\",\"description\":\"Quotidien national d&#039;information\",\"publisher\":{\"@id\":\"https:\\\/\\\/lasentinelle.dz\\\/#organization\"},\"potentialAction\":[{\"@type\":\"SearchAction\",\"target\":{\"@type\":\"EntryPoint\",\"urlTemplate\":\"https:\\\/\\\/lasentinelle.dz\\\/?s={search_term_string}\"},\"query-input\":{\"@type\":\"PropertyValueSpecification\",\"valueRequired\":true,\"valueName\":\"search_term_string\"}}],\"inLanguage\":\"fr-FR\"},{\"@type\":\"Organization\",\"@id\":\"https:\\\/\\\/lasentinelle.dz\\\/#organization\",\"name\":\"Quotidien La Sentinelle\",\"url\":\"https:\\\/\\\/lasentinelle.dz\\\/\",\"logo\":{\"@type\":\"ImageObject\",\"inLanguage\":\"fr-FR\",\"@id\":\"https:\\\/\\\/lasentinelle.dz\\\/#\\\/schema\\\/logo\\\/image\\\/\",\"url\":\"https:\\\/\\\/lasentinelle.dz\\\/wp-content\\\/uploads\\\/2021\\\/09\\\/logo-sentinelleSLOGAN-1.png\",\"contentUrl\":\"https:\\\/\\\/lasentinelle.dz\\\/wp-content\\\/uploads\\\/2021\\\/09\\\/logo-sentinelleSLOGAN-1.png\",\"width\":615,\"height\":142,\"caption\":\"Quotidien La Sentinelle\"},\"image\":{\"@id\":\"https:\\\/\\\/lasentinelle.dz\\\/#\\\/schema\\\/logo\\\/image\\\/\"},\"sameAs\":[\"https:\\\/\\\/www.facebook.com\\\/La-Sentinelle-104059864394773\"]},{\"@type\":\"Person\",\"@id\":\"https:\\\/\\\/lasentinelle.dz\\\/#\\\/schema\\\/person\\\/d865044e22e70a75174ce8bcad3acfb3\",\"name\":\"La Sentinelle\",\"image\":{\"@type\":\"ImageObject\",\"inLanguage\":\"fr-FR\",\"@id\":\"https:\\\/\\\/secure.gravatar.com\\\/avatar\\\/57de8e5d4b15d43fb361a71fbb36338450fe67865b528a43dd10ef7c51a20392?s=96&d=mm&r=g\",\"url\":\"https:\\\/\\\/secure.gravatar.com\\\/avatar\\\/57de8e5d4b15d43fb361a71fbb36338450fe67865b528a43dd10ef7c51a20392?s=96&d=mm&r=g\",\"contentUrl\":\"https:\\\/\\\/secure.gravatar.com\\\/avatar\\\/57de8e5d4b15d43fb361a71fbb36338450fe67865b528a43dd10ef7c51a20392?s=96&d=mm&r=g\",\"caption\":\"La Sentinelle\"},\"sameAs\":[\"http:\\\/\\\/www.lasentinelle.dz\"],\"url\":\"https:\\\/\\\/lasentinelle.dz\\\/author\\\/redaction\\\/\"}]}<\/script>\n<!-- \/ Yoast SEO plugin. -->","yoast_head_json":{"title":"Rapport du WGC sur les r\u00e9serves d\u2019or en 2022\u00a0: L\u2019Alg\u00e9rie sur le toit de l\u2019Afrique - La Sentinelle","robots":{"index":"index","follow":"follow","max-snippet":"max-snippet:-1","max-image-preview":"max-image-preview:large","max-video-preview":"max-video-preview:-1"},"canonical":"https:\/\/lasentinelle.dz\/index.php\/2023\/02\/06\/rapport-du-wgc-sur-les-reserves-dor-en-2022-lalgerie-sur-le-toit-de-lafrique\/","og_locale":"fr_FR","og_type":"article","og_title":"Rapport du WGC sur les r\u00e9serves d\u2019or en 2022\u00a0: L\u2019Alg\u00e9rie sur le toit de l\u2019Afrique - La Sentinelle","og_description":"L\u2019Alg\u00e9rie d\u00e9tient les r\u00e9serves les plus importantes d\u2019or avec 173,6 tonnes, devant l\u2019Afrique du Sud avec 125,3 tonnes, alors que","og_url":"https:\/\/lasentinelle.dz\/index.php\/2023\/02\/06\/rapport-du-wgc-sur-les-reserves-dor-en-2022-lalgerie-sur-le-toit-de-lafrique\/","og_site_name":"La Sentinelle","article_publisher":"https:\/\/www.facebook.com\/La-Sentinelle-104059864394773","article_published_time":"2023-02-06T21:08:00+00:00","og_image":[{"width":1533,"height":900,"url":"https:\/\/lasentinelle.dz\/wp-content\/uploads\/2023\/02\/or.png","type":"image\/png"}],"author":"La Sentinelle","twitter_card":"summary_large_image","twitter_misc":{"\u00c9crit par":"La Sentinelle","Dur\u00e9e de lecture estim\u00e9e":"4 minutes"},"schema":{"@context":"https:\/\/schema.org","@graph":[{"@type":"Article","@id":"https:\/\/lasentinelle.dz\/index.php\/2023\/02\/06\/rapport-du-wgc-sur-les-reserves-dor-en-2022-lalgerie-sur-le-toit-de-lafrique\/#article","isPartOf":{"@id":"https:\/\/lasentinelle.dz\/index.php\/2023\/02\/06\/rapport-du-wgc-sur-les-reserves-dor-en-2022-lalgerie-sur-le-toit-de-lafrique\/"},"author":{"name":"La Sentinelle","@id":"https:\/\/lasentinelle.dz\/#\/schema\/person\/d865044e22e70a75174ce8bcad3acfb3"},"headline":"Rapport du WGC sur les r\u00e9serves d\u2019or en 2022\u00a0: L\u2019Alg\u00e9rie sur le toit de l\u2019Afrique","datePublished":"2023-02-06T21:08:00+00:00","mainEntityOfPage":{"@id":"https:\/\/lasentinelle.dz\/index.php\/2023\/02\/06\/rapport-du-wgc-sur-les-reserves-dor-en-2022-lalgerie-sur-le-toit-de-lafrique\/"},"wordCount":751,"commentCount":0,"publisher":{"@id":"https:\/\/lasentinelle.dz\/#organization"},"image":{"@id":"https:\/\/lasentinelle.dz\/index.php\/2023\/02\/06\/rapport-du-wgc-sur-les-reserves-dor-en-2022-lalgerie-sur-le-toit-de-lafrique\/#primaryimage"},"thumbnailUrl":"https:\/\/lasentinelle.dz\/wp-content\/uploads\/2023\/02\/or.png","articleSection":["\u00c0 la Une","\u00c9conomie"],"inLanguage":"fr-FR","potentialAction":[{"@type":"CommentAction","name":"Comment","target":["https:\/\/lasentinelle.dz\/index.php\/2023\/02\/06\/rapport-du-wgc-sur-les-reserves-dor-en-2022-lalgerie-sur-le-toit-de-lafrique\/#respond"]}]},{"@type":"WebPage","@id":"https:\/\/lasentinelle.dz\/index.php\/2023\/02\/06\/rapport-du-wgc-sur-les-reserves-dor-en-2022-lalgerie-sur-le-toit-de-lafrique\/","url":"https:\/\/lasentinelle.dz\/index.php\/2023\/02\/06\/rapport-du-wgc-sur-les-reserves-dor-en-2022-lalgerie-sur-le-toit-de-lafrique\/","name":"Rapport du WGC sur les r\u00e9serves d\u2019or en 2022\u00a0: L\u2019Alg\u00e9rie sur le toit de l\u2019Afrique - La Sentinelle","isPartOf":{"@id":"https:\/\/lasentinelle.dz\/#website"},"primaryImageOfPage":{"@id":"https:\/\/lasentinelle.dz\/index.php\/2023\/02\/06\/rapport-du-wgc-sur-les-reserves-dor-en-2022-lalgerie-sur-le-toit-de-lafrique\/#primaryimage"},"image":{"@id":"https:\/\/lasentinelle.dz\/index.php\/2023\/02\/06\/rapport-du-wgc-sur-les-reserves-dor-en-2022-lalgerie-sur-le-toit-de-lafrique\/#primaryimage"},"thumbnailUrl":"https:\/\/lasentinelle.dz\/wp-content\/uploads\/2023\/02\/or.png","datePublished":"2023-02-06T21:08:00+00:00","breadcrumb":{"@id":"https:\/\/lasentinelle.dz\/index.php\/2023\/02\/06\/rapport-du-wgc-sur-les-reserves-dor-en-2022-lalgerie-sur-le-toit-de-lafrique\/#breadcrumb"},"inLanguage":"fr-FR","potentialAction":[{"@type":"ReadAction","target":["https:\/\/lasentinelle.dz\/index.php\/2023\/02\/06\/rapport-du-wgc-sur-les-reserves-dor-en-2022-lalgerie-sur-le-toit-de-lafrique\/"]}]},{"@type":"ImageObject","inLanguage":"fr-FR","@id":"https:\/\/lasentinelle.dz\/index.php\/2023\/02\/06\/rapport-du-wgc-sur-les-reserves-dor-en-2022-lalgerie-sur-le-toit-de-lafrique\/#primaryimage","url":"https:\/\/lasentinelle.dz\/wp-content\/uploads\/2023\/02\/or.png","contentUrl":"https:\/\/lasentinelle.dz\/wp-content\/uploads\/2023\/02\/or.png","width":1533,"height":900},{"@type":"BreadcrumbList","@id":"https:\/\/lasentinelle.dz\/index.php\/2023\/02\/06\/rapport-du-wgc-sur-les-reserves-dor-en-2022-lalgerie-sur-le-toit-de-lafrique\/#breadcrumb","itemListElement":[{"@type":"ListItem","position":1,"name":"Accueil","item":"https:\/\/lasentinelle.dz\/"},{"@type":"ListItem","position":2,"name":"Rapport du WGC sur les r\u00e9serves d\u2019or en 2022\u00a0: L\u2019Alg\u00e9rie sur le toit de l\u2019Afrique"}]},{"@type":"WebSite","@id":"https:\/\/lasentinelle.dz\/#website","url":"https:\/\/lasentinelle.dz\/","name":"La Sentinelle","description":"Quotidien national d&#039;information","publisher":{"@id":"https:\/\/lasentinelle.dz\/#organization"},"potentialAction":[{"@type":"SearchAction","target":{"@type":"EntryPoint","urlTemplate":"https:\/\/lasentinelle.dz\/?s={search_term_string}"},"query-input":{"@type":"PropertyValueSpecification","valueRequired":true,"valueName":"search_term_string"}}],"inLanguage":"fr-FR"},{"@type":"Organization","@id":"https:\/\/lasentinelle.dz\/#organization","name":"Quotidien La Sentinelle","url":"https:\/\/lasentinelle.dz\/","logo":{"@type":"ImageObject","inLanguage":"fr-FR","@id":"https:\/\/lasentinelle.dz\/#\/schema\/logo\/image\/","url":"https:\/\/lasentinelle.dz\/wp-content\/uploads\/2021\/09\/logo-sentinelleSLOGAN-1.png","contentUrl":"https:\/\/lasentinelle.dz\/wp-content\/uploads\/2021\/09\/logo-sentinelleSLOGAN-1.png","width":615,"height":142,"caption":"Quotidien La Sentinelle"},"image":{"@id":"https:\/\/lasentinelle.dz\/#\/schema\/logo\/image\/"},"sameAs":["https:\/\/www.facebook.com\/La-Sentinelle-104059864394773"]},{"@type":"Person","@id":"https:\/\/lasentinelle.dz\/#\/schema\/person\/d865044e22e70a75174ce8bcad3acfb3","name":"La Sentinelle","image":{"@type":"ImageObject","inLanguage":"fr-FR","@id":"https:\/\/secure.gravatar.com\/avatar\/57de8e5d4b15d43fb361a71fbb36338450fe67865b528a43dd10ef7c51a20392?s=96&d=mm&r=g","url":"https:\/\/secure.gravatar.com\/avatar\/57de8e5d4b15d43fb361a71fbb36338450fe67865b528a43dd10ef7c51a20392?s=96&d=mm&r=g","contentUrl":"https:\/\/secure.gravatar.com\/avatar\/57de8e5d4b15d43fb361a71fbb36338450fe67865b528a43dd10ef7c51a20392?s=96&d=mm&r=g","caption":"La Sentinelle"},"sameAs":["http:\/\/www.lasentinelle.dz"],"url":"https:\/\/lasentinelle.dz\/author\/redaction\/"}]}},"_links":{"self":[{"href":"https:\/\/lasentinelle.dz\/index.php\/wp-json\/wp\/v2\/posts\/35667","targetHints":{"allow":["GET"]}}],"collection":[{"href":"https:\/\/lasentinelle.dz\/index.php\/wp-json\/wp\/v2\/posts"}],"about":[{"href":"https:\/\/lasentinelle.dz\/index.php\/wp-json\/wp\/v2\/types\/post"}],"author":[{"embeddable":true,"href":"https:\/\/lasentinelle.dz\/index.php\/wp-json\/wp\/v2\/users\/3"}],"replies":[{"embeddable":true,"href":"https:\/\/lasentinelle.dz\/index.php\/wp-json\/wp\/v2\/comments?post=35667"}],"version-history":[{"count":2,"href":"https:\/\/lasentinelle.dz\/index.php\/wp-json\/wp\/v2\/posts\/35667\/revisions"}],"predecessor-version":[{"id":35696,"href":"https:\/\/lasentinelle.dz\/index.php\/wp-json\/wp\/v2\/posts\/35667\/revisions\/35696"}],"wp:featuredmedia":[{"embeddable":true,"href":"https:\/\/lasentinelle.dz\/index.php\/wp-json\/wp\/v2\/media\/35668"}],"wp:attachment":[{"href":"https:\/\/lasentinelle.dz\/index.php\/wp-json\/wp\/v2\/media?parent=35667"}],"wp:term":[{"taxonomy":"category","embeddable":true,"href":"https:\/\/lasentinelle.dz\/index.php\/wp-json\/wp\/v2\/categories?post=35667"},{"taxonomy":"post_tag","embeddable":true,"href":"https:\/\/lasentinelle.dz\/index.php\/wp-json\/wp\/v2\/tags?post=35667"}],"curies":[{"name":"wp","href":"https:\/\/api.w.org\/{rel}","templated":true}]}}