{"id":35691,"date":"2023-02-06T22:05:00","date_gmt":"2023-02-06T21:05:00","guid":{"rendered":"https:\/\/lasentinelle.dz\/?p=35691"},"modified":"2023-02-06T22:01:46","modified_gmt":"2023-02-06T21:01:46","slug":"arkab-aborde-avec-lambassadrice-americaine-les-perspectives-des-relations-bilaterales","status":"publish","type":"post","link":"https:\/\/lasentinelle.dz\/index.php\/2023\/02\/06\/arkab-aborde-avec-lambassadrice-americaine-les-perspectives-des-relations-bilaterales\/","title":{"rendered":"Arkab aborde avec l&rsquo;ambassadrice am\u00e9ricaine les perspectives des relations bilat\u00e9rales"},"content":{"rendered":"\n<p>Le ministre de l&rsquo;Energie et des Mines, Mohamed Arkab a re\u00e7u, lundi \u00e0 Alger, l&rsquo;ambassadrice des Etats-Unis d&rsquo;Am\u00e9rique en Alg\u00e9rie, Elizabeth Moore Aubin, avec laquelle il a abord\u00e9 les relations bilat\u00e9rales dans le domaine de l&rsquo;\u00e9nergie et des mines, ainsi que les perspectives de leur renforcement, a indiqu\u00e9 un communiqu\u00e9 du minist\u00e8re.Les deux parties ont mis en avant, lors de cette rencontre tenue au si\u00e8ge du minist\u00e8re, \u00ab\u00a0les opportunit\u00e9s d&rsquo;investissement et les \u00e9changes d&rsquo;exp\u00e9rience entre les deux pays dans le domaine des hydrocarbures, les \u00e9nergies nouvelles et renouvelables, ainsi que dans le domaine des mines\u00a0\u00bb, a pr\u00e9cis\u00e9 le document.A cet effet, M. Arkab a, \u00e0 cette occasion, invit\u00e9 les compagnies am\u00e9ricaines \u00ab\u00a0\u00e0 investir dans le domaine minier en Alg\u00e9rie et de cr\u00e9er des partenariats avec les entreprises alg\u00e9riennes mutuellement b\u00e9n\u00e9fiques avec un transfert du savoir-faire et la formation\u00a0\u00bb, est-il mentionn\u00e9 dans le communiqu\u00e9.Les deux parties ont, \u00e9galement, \u00e9chang\u00e9 sur les perspectives de coop\u00e9ration qui seront discut\u00e9es \u00e0 l&rsquo;occasion de la participation du secteur de l&rsquo;\u00e9nergie aux travaux de la conf\u00e9rence \u00ab\u00a0CERAWEEK\u00a0\u00bb, pr\u00e9vue au Texas en mars 2023.<\/p>\n\n\n\n<p>APS<\/p>\n","protected":false},"excerpt":{"rendered":"<p>Le ministre de l&rsquo;Energie et des Mines, Mohamed Arkab a re\u00e7u, lundi \u00e0 Alger, l&rsquo;ambassadrice des Etats-Unis d&rsquo;Am\u00e9rique en Alg\u00e9rie,<\/p>\n","protected":false},"author":3,"featured_media":35707,"comment_status":"open","ping_status":"closed","sticky":false,"template":"","format":"standard","meta":{"colormag_page_container_layout":"default_layout","colormag_page_sidebar_layout":"default_layout","om_disable_all_campaigns":false,"_monsterinsights_skip_tracking":false,"_monsterinsights_sitenote_active":false,"_monsterinsights_sitenote_note":"","_monsterinsights_sitenote_category":0,"footnotes":"","_wpscppro_dont_share_socialmedia":false,"_wpscppro_custom_social_share_image":0,"_facebook_share_type":"","_twitter_share_type":"","_linkedin_share_type":"","_pinterest_share_type":"","_linkedin_share_type_page":"","_instagram_share_type":"","_medium_share_type":"","_threads_share_type":"","_google_business_share_type":"","_selected_social_profile":[],"_wpsp_enable_custom_social_template":false,"_wpsp_social_scheduling":{"enabled":false,"datetime":null,"platforms":[],"status":"template_only","dateOption":"today","timeOption":"now","customDays":"","customHours":"","customDate":"","customTime":"","schedulingType":"absolute"},"_wpsp_active_default_template":true},"categories":[29],"tags":[],"class_list":["post-35691","post","type-post","status-publish","format-standard","has-post-thumbnail","hentry","category-economie"],"aioseo_notices":[],"yoast_head":"<!-- This site is optimized with the Yoast SEO plugin v27.5 - https:\/\/yoast.com\/product\/yoast-seo-wordpress\/ -->\n<title>Arkab aborde avec l&rsquo;ambassadrice am\u00e9ricaine les perspectives des relations bilat\u00e9rales - La Sentinelle<\/title>\n<meta name=\"robots\" content=\"index, follow, max-snippet:-1, max-image-preview:large, max-video-preview:-1\" \/>\n<link rel=\"canonical\" href=\"https:\/\/lasentinelle.dz\/index.php\/2023\/02\/06\/arkab-aborde-avec-lambassadrice-americaine-les-perspectives-des-relations-bilaterales\/\" \/>\n<meta property=\"og:locale\" content=\"fr_FR\" \/>\n<meta property=\"og:type\" content=\"article\" \/>\n<meta property=\"og:title\" content=\"Arkab aborde avec l&rsquo;ambassadrice am\u00e9ricaine les perspectives des relations bilat\u00e9rales - La Sentinelle\" \/>\n<meta property=\"og:description\" content=\"Le ministre de l&rsquo;Energie et des Mines, Mohamed Arkab a re\u00e7u, lundi \u00e0 Alger, l&rsquo;ambassadrice des Etats-Unis d&rsquo;Am\u00e9rique en Alg\u00e9rie,\" \/>\n<meta property=\"og:url\" content=\"https:\/\/lasentinelle.dz\/index.php\/2023\/02\/06\/arkab-aborde-avec-lambassadrice-americaine-les-perspectives-des-relations-bilaterales\/\" \/>\n<meta property=\"og:site_name\" content=\"La Sentinelle\" \/>\n<meta property=\"article:publisher\" content=\"https:\/\/www.facebook.com\/La-Sentinelle-104059864394773\" \/>\n<meta property=\"article:published_time\" content=\"2023-02-06T21:05:00+00:00\" \/>\n<meta property=\"og:image\" content=\"https:\/\/lasentinelle.dz\/wp-content\/uploads\/2023\/02\/image_2023-02-06_220039519.png\" \/>\n\t<meta property=\"og:image:width\" content=\"1080\" \/>\n\t<meta property=\"og:image:height\" content=\"720\" \/>\n\t<meta property=\"og:image:type\" content=\"image\/png\" \/>\n<meta name=\"author\" content=\"La Sentinelle\" \/>\n<meta name=\"twitter:card\" content=\"summary_large_image\" \/>\n<meta name=\"twitter:label1\" content=\"\u00c9crit par\" \/>\n\t<meta name=\"twitter:data1\" content=\"La Sentinelle\" \/>\n\t<meta name=\"twitter:label2\" content=\"Dur\u00e9e de lecture estim\u00e9e\" \/>\n\t<meta name=\"twitter:data2\" content=\"1 minute\" \/>\n<script type=\"application\/ld+json\" class=\"yoast-schema-graph\">{\"@context\":\"https:\\\/\\\/schema.org\",\"@graph\":[{\"@type\":\"Article\",\"@id\":\"https:\\\/\\\/lasentinelle.dz\\\/index.php\\\/2023\\\/02\\\/06\\\/arkab-aborde-avec-lambassadrice-americaine-les-perspectives-des-relations-bilaterales\\\/#article\",\"isPartOf\":{\"@id\":\"https:\\\/\\\/lasentinelle.dz\\\/index.php\\\/2023\\\/02\\\/06\\\/arkab-aborde-avec-lambassadrice-americaine-les-perspectives-des-relations-bilaterales\\\/\"},\"author\":{\"name\":\"La Sentinelle\",\"@id\":\"https:\\\/\\\/lasentinelle.dz\\\/#\\\/schema\\\/person\\\/d865044e22e70a75174ce8bcad3acfb3\"},\"headline\":\"Arkab aborde avec l&rsquo;ambassadrice am\u00e9ricaine les perspectives des relations bilat\u00e9rales\",\"datePublished\":\"2023-02-06T21:05:00+00:00\",\"mainEntityOfPage\":{\"@id\":\"https:\\\/\\\/lasentinelle.dz\\\/index.php\\\/2023\\\/02\\\/06\\\/arkab-aborde-avec-lambassadrice-americaine-les-perspectives-des-relations-bilaterales\\\/\"},\"wordCount\":218,\"commentCount\":0,\"publisher\":{\"@id\":\"https:\\\/\\\/lasentinelle.dz\\\/#organization\"},\"image\":{\"@id\":\"https:\\\/\\\/lasentinelle.dz\\\/index.php\\\/2023\\\/02\\\/06\\\/arkab-aborde-avec-lambassadrice-americaine-les-perspectives-des-relations-bilaterales\\\/#primaryimage\"},\"thumbnailUrl\":\"https:\\\/\\\/lasentinelle.dz\\\/wp-content\\\/uploads\\\/2023\\\/02\\\/image_2023-02-06_220039519.png\",\"articleSection\":[\"\u00c9conomie\"],\"inLanguage\":\"fr-FR\",\"potentialAction\":[{\"@type\":\"CommentAction\",\"name\":\"Comment\",\"target\":[\"https:\\\/\\\/lasentinelle.dz\\\/index.php\\\/2023\\\/02\\\/06\\\/arkab-aborde-avec-lambassadrice-americaine-les-perspectives-des-relations-bilaterales\\\/#respond\"]}]},{\"@type\":\"WebPage\",\"@id\":\"https:\\\/\\\/lasentinelle.dz\\\/index.php\\\/2023\\\/02\\\/06\\\/arkab-aborde-avec-lambassadrice-americaine-les-perspectives-des-relations-bilaterales\\\/\",\"url\":\"https:\\\/\\\/lasentinelle.dz\\\/index.php\\\/2023\\\/02\\\/06\\\/arkab-aborde-avec-lambassadrice-americaine-les-perspectives-des-relations-bilaterales\\\/\",\"name\":\"Arkab aborde avec l&rsquo;ambassadrice am\u00e9ricaine les perspectives des relations bilat\u00e9rales - La Sentinelle\",\"isPartOf\":{\"@id\":\"https:\\\/\\\/lasentinelle.dz\\\/#website\"},\"primaryImageOfPage\":{\"@id\":\"https:\\\/\\\/lasentinelle.dz\\\/index.php\\\/2023\\\/02\\\/06\\\/arkab-aborde-avec-lambassadrice-americaine-les-perspectives-des-relations-bilaterales\\\/#primaryimage\"},\"image\":{\"@id\":\"https:\\\/\\\/lasentinelle.dz\\\/index.php\\\/2023\\\/02\\\/06\\\/arkab-aborde-avec-lambassadrice-americaine-les-perspectives-des-relations-bilaterales\\\/#primaryimage\"},\"thumbnailUrl\":\"https:\\\/\\\/lasentinelle.dz\\\/wp-content\\\/uploads\\\/2023\\\/02\\\/image_2023-02-06_220039519.png\",\"datePublished\":\"2023-02-06T21:05:00+00:00\",\"breadcrumb\":{\"@id\":\"https:\\\/\\\/lasentinelle.dz\\\/index.php\\\/2023\\\/02\\\/06\\\/arkab-aborde-avec-lambassadrice-americaine-les-perspectives-des-relations-bilaterales\\\/#breadcrumb\"},\"inLanguage\":\"fr-FR\",\"potentialAction\":[{\"@type\":\"ReadAction\",\"target\":[\"https:\\\/\\\/lasentinelle.dz\\\/index.php\\\/2023\\\/02\\\/06\\\/arkab-aborde-avec-lambassadrice-americaine-les-perspectives-des-relations-bilaterales\\\/\"]}]},{\"@type\":\"ImageObject\",\"inLanguage\":\"fr-FR\",\"@id\":\"https:\\\/\\\/lasentinelle.dz\\\/index.php\\\/2023\\\/02\\\/06\\\/arkab-aborde-avec-lambassadrice-americaine-les-perspectives-des-relations-bilaterales\\\/#primaryimage\",\"url\":\"https:\\\/\\\/lasentinelle.dz\\\/wp-content\\\/uploads\\\/2023\\\/02\\\/image_2023-02-06_220039519.png\",\"contentUrl\":\"https:\\\/\\\/lasentinelle.dz\\\/wp-content\\\/uploads\\\/2023\\\/02\\\/image_2023-02-06_220039519.png\",\"width\":1080,\"height\":720},{\"@type\":\"BreadcrumbList\",\"@id\":\"https:\\\/\\\/lasentinelle.dz\\\/index.php\\\/2023\\\/02\\\/06\\\/arkab-aborde-avec-lambassadrice-americaine-les-perspectives-des-relations-bilaterales\\\/#breadcrumb\",\"itemListElement\":[{\"@type\":\"ListItem\",\"position\":1,\"name\":\"Accueil\",\"item\":\"https:\\\/\\\/lasentinelle.dz\\\/\"},{\"@type\":\"ListItem\",\"position\":2,\"name\":\"Arkab aborde avec l&rsquo;ambassadrice am\u00e9ricaine les perspectives des relations bilat\u00e9rales\"}]},{\"@type\":\"WebSite\",\"@id\":\"https:\\\/\\\/lasentinelle.dz\\\/#website\",\"url\":\"https:\\\/\\\/lasentinelle.dz\\\/\",\"name\":\"La Sentinelle\",\"description\":\"Quotidien national d&#039;information\",\"publisher\":{\"@id\":\"https:\\\/\\\/lasentinelle.dz\\\/#organization\"},\"potentialAction\":[{\"@type\":\"SearchAction\",\"target\":{\"@type\":\"EntryPoint\",\"urlTemplate\":\"https:\\\/\\\/lasentinelle.dz\\\/?s={search_term_string}\"},\"query-input\":{\"@type\":\"PropertyValueSpecification\",\"valueRequired\":true,\"valueName\":\"search_term_string\"}}],\"inLanguage\":\"fr-FR\"},{\"@type\":\"Organization\",\"@id\":\"https:\\\/\\\/lasentinelle.dz\\\/#organization\",\"name\":\"Quotidien La Sentinelle\",\"url\":\"https:\\\/\\\/lasentinelle.dz\\\/\",\"logo\":{\"@type\":\"ImageObject\",\"inLanguage\":\"fr-FR\",\"@id\":\"https:\\\/\\\/lasentinelle.dz\\\/#\\\/schema\\\/logo\\\/image\\\/\",\"url\":\"https:\\\/\\\/lasentinelle.dz\\\/wp-content\\\/uploads\\\/2021\\\/09\\\/logo-sentinelleSLOGAN-1.png\",\"contentUrl\":\"https:\\\/\\\/lasentinelle.dz\\\/wp-content\\\/uploads\\\/2021\\\/09\\\/logo-sentinelleSLOGAN-1.png\",\"width\":615,\"height\":142,\"caption\":\"Quotidien La Sentinelle\"},\"image\":{\"@id\":\"https:\\\/\\\/lasentinelle.dz\\\/#\\\/schema\\\/logo\\\/image\\\/\"},\"sameAs\":[\"https:\\\/\\\/www.facebook.com\\\/La-Sentinelle-104059864394773\"]},{\"@type\":\"Person\",\"@id\":\"https:\\\/\\\/lasentinelle.dz\\\/#\\\/schema\\\/person\\\/d865044e22e70a75174ce8bcad3acfb3\",\"name\":\"La Sentinelle\",\"image\":{\"@type\":\"ImageObject\",\"inLanguage\":\"fr-FR\",\"@id\":\"https:\\\/\\\/secure.gravatar.com\\\/avatar\\\/57de8e5d4b15d43fb361a71fbb36338450fe67865b528a43dd10ef7c51a20392?s=96&d=mm&r=g\",\"url\":\"https:\\\/\\\/secure.gravatar.com\\\/avatar\\\/57de8e5d4b15d43fb361a71fbb36338450fe67865b528a43dd10ef7c51a20392?s=96&d=mm&r=g\",\"contentUrl\":\"https:\\\/\\\/secure.gravatar.com\\\/avatar\\\/57de8e5d4b15d43fb361a71fbb36338450fe67865b528a43dd10ef7c51a20392?s=96&d=mm&r=g\",\"caption\":\"La Sentinelle\"},\"sameAs\":[\"http:\\\/\\\/www.lasentinelle.dz\"],\"url\":\"https:\\\/\\\/lasentinelle.dz\\\/author\\\/redaction\\\/\"}]}<\/script>\n<!-- \/ Yoast SEO plugin. -->","yoast_head_json":{"title":"Arkab aborde avec l&rsquo;ambassadrice am\u00e9ricaine les perspectives des relations bilat\u00e9rales - La Sentinelle","robots":{"index":"index","follow":"follow","max-snippet":"max-snippet:-1","max-image-preview":"max-image-preview:large","max-video-preview":"max-video-preview:-1"},"canonical":"https:\/\/lasentinelle.dz\/index.php\/2023\/02\/06\/arkab-aborde-avec-lambassadrice-americaine-les-perspectives-des-relations-bilaterales\/","og_locale":"fr_FR","og_type":"article","og_title":"Arkab aborde avec l&rsquo;ambassadrice am\u00e9ricaine les perspectives des relations bilat\u00e9rales - La Sentinelle","og_description":"Le ministre de l&rsquo;Energie et des Mines, Mohamed Arkab a re\u00e7u, lundi \u00e0 Alger, l&rsquo;ambassadrice des Etats-Unis d&rsquo;Am\u00e9rique en Alg\u00e9rie,","og_url":"https:\/\/lasentinelle.dz\/index.php\/2023\/02\/06\/arkab-aborde-avec-lambassadrice-americaine-les-perspectives-des-relations-bilaterales\/","og_site_name":"La Sentinelle","article_publisher":"https:\/\/www.facebook.com\/La-Sentinelle-104059864394773","article_published_time":"2023-02-06T21:05:00+00:00","og_image":[{"width":1080,"height":720,"url":"https:\/\/lasentinelle.dz\/wp-content\/uploads\/2023\/02\/image_2023-02-06_220039519.png","type":"image\/png"}],"author":"La Sentinelle","twitter_card":"summary_large_image","twitter_misc":{"\u00c9crit par":"La Sentinelle","Dur\u00e9e de lecture estim\u00e9e":"1 minute"},"schema":{"@context":"https:\/\/schema.org","@graph":[{"@type":"Article","@id":"https:\/\/lasentinelle.dz\/index.php\/2023\/02\/06\/arkab-aborde-avec-lambassadrice-americaine-les-perspectives-des-relations-bilaterales\/#article","isPartOf":{"@id":"https:\/\/lasentinelle.dz\/index.php\/2023\/02\/06\/arkab-aborde-avec-lambassadrice-americaine-les-perspectives-des-relations-bilaterales\/"},"author":{"name":"La Sentinelle","@id":"https:\/\/lasentinelle.dz\/#\/schema\/person\/d865044e22e70a75174ce8bcad3acfb3"},"headline":"Arkab aborde avec l&rsquo;ambassadrice am\u00e9ricaine les perspectives des relations bilat\u00e9rales","datePublished":"2023-02-06T21:05:00+00:00","mainEntityOfPage":{"@id":"https:\/\/lasentinelle.dz\/index.php\/2023\/02\/06\/arkab-aborde-avec-lambassadrice-americaine-les-perspectives-des-relations-bilaterales\/"},"wordCount":218,"commentCount":0,"publisher":{"@id":"https:\/\/lasentinelle.dz\/#organization"},"image":{"@id":"https:\/\/lasentinelle.dz\/index.php\/2023\/02\/06\/arkab-aborde-avec-lambassadrice-americaine-les-perspectives-des-relations-bilaterales\/#primaryimage"},"thumbnailUrl":"https:\/\/lasentinelle.dz\/wp-content\/uploads\/2023\/02\/image_2023-02-06_220039519.png","articleSection":["\u00c9conomie"],"inLanguage":"fr-FR","potentialAction":[{"@type":"CommentAction","name":"Comment","target":["https:\/\/lasentinelle.dz\/index.php\/2023\/02\/06\/arkab-aborde-avec-lambassadrice-americaine-les-perspectives-des-relations-bilaterales\/#respond"]}]},{"@type":"WebPage","@id":"https:\/\/lasentinelle.dz\/index.php\/2023\/02\/06\/arkab-aborde-avec-lambassadrice-americaine-les-perspectives-des-relations-bilaterales\/","url":"https:\/\/lasentinelle.dz\/index.php\/2023\/02\/06\/arkab-aborde-avec-lambassadrice-americaine-les-perspectives-des-relations-bilaterales\/","name":"Arkab aborde avec l&rsquo;ambassadrice am\u00e9ricaine les perspectives des relations bilat\u00e9rales - La Sentinelle","isPartOf":{"@id":"https:\/\/lasentinelle.dz\/#website"},"primaryImageOfPage":{"@id":"https:\/\/lasentinelle.dz\/index.php\/2023\/02\/06\/arkab-aborde-avec-lambassadrice-americaine-les-perspectives-des-relations-bilaterales\/#primaryimage"},"image":{"@id":"https:\/\/lasentinelle.dz\/index.php\/2023\/02\/06\/arkab-aborde-avec-lambassadrice-americaine-les-perspectives-des-relations-bilaterales\/#primaryimage"},"thumbnailUrl":"https:\/\/lasentinelle.dz\/wp-content\/uploads\/2023\/02\/image_2023-02-06_220039519.png","datePublished":"2023-02-06T21:05:00+00:00","breadcrumb":{"@id":"https:\/\/lasentinelle.dz\/index.php\/2023\/02\/06\/arkab-aborde-avec-lambassadrice-americaine-les-perspectives-des-relations-bilaterales\/#breadcrumb"},"inLanguage":"fr-FR","potentialAction":[{"@type":"ReadAction","target":["https:\/\/lasentinelle.dz\/index.php\/2023\/02\/06\/arkab-aborde-avec-lambassadrice-americaine-les-perspectives-des-relations-bilaterales\/"]}]},{"@type":"ImageObject","inLanguage":"fr-FR","@id":"https:\/\/lasentinelle.dz\/index.php\/2023\/02\/06\/arkab-aborde-avec-lambassadrice-americaine-les-perspectives-des-relations-bilaterales\/#primaryimage","url":"https:\/\/lasentinelle.dz\/wp-content\/uploads\/2023\/02\/image_2023-02-06_220039519.png","contentUrl":"https:\/\/lasentinelle.dz\/wp-content\/uploads\/2023\/02\/image_2023-02-06_220039519.png","width":1080,"height":720},{"@type":"BreadcrumbList","@id":"https:\/\/lasentinelle.dz\/index.php\/2023\/02\/06\/arkab-aborde-avec-lambassadrice-americaine-les-perspectives-des-relations-bilaterales\/#breadcrumb","itemListElement":[{"@type":"ListItem","position":1,"name":"Accueil","item":"https:\/\/lasentinelle.dz\/"},{"@type":"ListItem","position":2,"name":"Arkab aborde avec l&rsquo;ambassadrice am\u00e9ricaine les perspectives des relations bilat\u00e9rales"}]},{"@type":"WebSite","@id":"https:\/\/lasentinelle.dz\/#website","url":"https:\/\/lasentinelle.dz\/","name":"La Sentinelle","description":"Quotidien national d&#039;information","publisher":{"@id":"https:\/\/lasentinelle.dz\/#organization"},"potentialAction":[{"@type":"SearchAction","target":{"@type":"EntryPoint","urlTemplate":"https:\/\/lasentinelle.dz\/?s={search_term_string}"},"query-input":{"@type":"PropertyValueSpecification","valueRequired":true,"valueName":"search_term_string"}}],"inLanguage":"fr-FR"},{"@type":"Organization","@id":"https:\/\/lasentinelle.dz\/#organization","name":"Quotidien La Sentinelle","url":"https:\/\/lasentinelle.dz\/","logo":{"@type":"ImageObject","inLanguage":"fr-FR","@id":"https:\/\/lasentinelle.dz\/#\/schema\/logo\/image\/","url":"https:\/\/lasentinelle.dz\/wp-content\/uploads\/2021\/09\/logo-sentinelleSLOGAN-1.png","contentUrl":"https:\/\/lasentinelle.dz\/wp-content\/uploads\/2021\/09\/logo-sentinelleSLOGAN-1.png","width":615,"height":142,"caption":"Quotidien La Sentinelle"},"image":{"@id":"https:\/\/lasentinelle.dz\/#\/schema\/logo\/image\/"},"sameAs":["https:\/\/www.facebook.com\/La-Sentinelle-104059864394773"]},{"@type":"Person","@id":"https:\/\/lasentinelle.dz\/#\/schema\/person\/d865044e22e70a75174ce8bcad3acfb3","name":"La Sentinelle","image":{"@type":"ImageObject","inLanguage":"fr-FR","@id":"https:\/\/secure.gravatar.com\/avatar\/57de8e5d4b15d43fb361a71fbb36338450fe67865b528a43dd10ef7c51a20392?s=96&d=mm&r=g","url":"https:\/\/secure.gravatar.com\/avatar\/57de8e5d4b15d43fb361a71fbb36338450fe67865b528a43dd10ef7c51a20392?s=96&d=mm&r=g","contentUrl":"https:\/\/secure.gravatar.com\/avatar\/57de8e5d4b15d43fb361a71fbb36338450fe67865b528a43dd10ef7c51a20392?s=96&d=mm&r=g","caption":"La Sentinelle"},"sameAs":["http:\/\/www.lasentinelle.dz"],"url":"https:\/\/lasentinelle.dz\/author\/redaction\/"}]}},"_links":{"self":[{"href":"https:\/\/lasentinelle.dz\/index.php\/wp-json\/wp\/v2\/posts\/35691","targetHints":{"allow":["GET"]}}],"collection":[{"href":"https:\/\/lasentinelle.dz\/index.php\/wp-json\/wp\/v2\/posts"}],"about":[{"href":"https:\/\/lasentinelle.dz\/index.php\/wp-json\/wp\/v2\/types\/post"}],"author":[{"embeddable":true,"href":"https:\/\/lasentinelle.dz\/index.php\/wp-json\/wp\/v2\/users\/3"}],"replies":[{"embeddable":true,"href":"https:\/\/lasentinelle.dz\/index.php\/wp-json\/wp\/v2\/comments?post=35691"}],"version-history":[{"count":1,"href":"https:\/\/lasentinelle.dz\/index.php\/wp-json\/wp\/v2\/posts\/35691\/revisions"}],"predecessor-version":[{"id":35709,"href":"https:\/\/lasentinelle.dz\/index.php\/wp-json\/wp\/v2\/posts\/35691\/revisions\/35709"}],"wp:featuredmedia":[{"embeddable":true,"href":"https:\/\/lasentinelle.dz\/index.php\/wp-json\/wp\/v2\/media\/35707"}],"wp:attachment":[{"href":"https:\/\/lasentinelle.dz\/index.php\/wp-json\/wp\/v2\/media?parent=35691"}],"wp:term":[{"taxonomy":"category","embeddable":true,"href":"https:\/\/lasentinelle.dz\/index.php\/wp-json\/wp\/v2\/categories?post=35691"},{"taxonomy":"post_tag","embeddable":true,"href":"https:\/\/lasentinelle.dz\/index.php\/wp-json\/wp\/v2\/tags?post=35691"}],"curies":[{"name":"wp","href":"https:\/\/api.w.org\/{rel}","templated":true}]}}