{"id":35713,"date":"2023-02-07T22:00:00","date_gmt":"2023-02-07T21:00:00","guid":{"rendered":"https:\/\/lasentinelle.dz\/?p=35713"},"modified":"2023-02-07T15:01:46","modified_gmt":"2023-02-07T14:01:46","slug":"peninsule-coreenne-pyongyang-annonce-lelargissement-et-lintensification-de-ses-exercices-militaires","status":"publish","type":"post","link":"https:\/\/lasentinelle.dz\/index.php\/2023\/02\/07\/peninsule-coreenne-pyongyang-annonce-lelargissement-et-lintensification-de-ses-exercices-militaires\/","title":{"rendered":"P\u00e9ninsule cor\u00e9enne\u00a0: Pyongyang annonce \u00abl&rsquo;\u00e9largissement et l&rsquo;intensification\u00bb de ses exercices militaires"},"content":{"rendered":"\n<p>L&rsquo;arm\u00e9e nord-cor\u00e9enne a d\u00e9clar\u00e9 qu&rsquo;elle allait \u00e9tendre et intensifier ses exercices militaires en vue de \u00abla pr\u00e9paration \u00e0 la guerre\u00bb, ont rapport\u00e9 hier les m\u00e9dias d&rsquo;\u00c9tat, \u00e0 l&rsquo;approche d&rsquo;une importante parade militaire. Cet engagement a \u00e9t\u00e9 pris lors d&rsquo;une r\u00e9union tenue lundi sous la direction du dirigeant nord-cor\u00e9en Kim Jong-un, \u00e0 la suite d&rsquo;exercices a\u00e9riens conjoints de la Cor\u00e9e du Sud et des \u00c9tats-Unis la semaine pass\u00e9e. \u00c0 l&rsquo;ordre du jour, figurait \u00abl&rsquo;\u00e9largissement et l&rsquo;intensification constants des op\u00e9rations et des exercices de combat de l&rsquo;Arm\u00e9e populaire cor\u00e9enne (&#8230;) afin de strictement perfectionner la pr\u00e9paration \u00e0 la guerre\u00bb, selon l&rsquo;agence officielle KCNA. En parall\u00e8le, des images satellites priv\u00e9es sugg\u00e8rent que \u00abdes pr\u00e9paratifs importants en vue d&rsquo;une parade\u00bb militaire sont en cours dans la capitale Pyongyang, en amont de f\u00eates nationales qui auront lieu en f\u00e9vrier. La Cor\u00e9e du Nord c\u00e9l\u00e8bre aujourd\u2019hui l&rsquo;anniversaire de la fondation de ses forces arm\u00e9es, et le 16 f\u00e9vrier, l&rsquo;anniversaire de Kim Jong-il, p\u00e8re et pr\u00e9d\u00e9cesseur de l&rsquo;actuel leader nord-cor\u00e9en, Kim Jong-un. L&rsquo;\u00e9tat-major inter-arm\u00e9es sud-cor\u00e9en a d\u00e9clar\u00e9 hier surveiller de pr\u00e8s les zones entourant le terrain d&rsquo;entra\u00eenement militaire de Pyongyang, ajoutant y avoir constat\u00e9 une \u00abforte augmentation du personnel et des v\u00e9hicules\u00bb ces derniers jours. La semaine derni\u00e8re, S\u00e9oul et Washington ont organis\u00e9 des exercices a\u00e9riens avec des bombardiers strat\u00e9giques et des avions de chasse furtifs, provoquant la col\u00e8re de Pyongyang, qui a d\u00e9clar\u00e9 que de telles man\u0153uvres pourraient \u00abd\u00e9clencher une confrontation totale\u00bb. Cette d\u00e9monstration de force des deux puissances alli\u00e9es intervient apr\u00e8s que le secr\u00e9taire am\u00e9ricain \u00e0 la D\u00e9fense, Lloyd Austin, et son homologue sud-cor\u00e9en ont annonc\u00e9 une coop\u00e9ration accrue en mati\u00e8re de s\u00e9curit\u00e9 face \u00e0 Pyongyang. Pour la Cor\u00e9e du Nord, qui per\u00e7oit ces man\u0153uvres a\u00e9riennes comme des r\u00e9p\u00e9titions en vue d&rsquo;une invasion de son territoire, la d\u00e9cision de S\u00e9oul et Washington d&rsquo;intensifier leurs exercices conjoints a franchi \u00abune ligne rouge extr\u00eame\u00bb, a d\u00e9clar\u00e9 le ministre nord-cor\u00e9en des Affaires \u00e9trang\u00e8res. Le minist\u00e8re sud-cor\u00e9en de la D\u00e9fense a d\u00e9clar\u00e9 lundi qu&rsquo;un ballon nord-cor\u00e9en avait travers\u00e9 son espace a\u00e9rien au cours du week-end, mais a conclu qu&rsquo;il ne repr\u00e9sentait pas une menace. Il s&rsquo;agirait d&rsquo;un ballon m\u00e9t\u00e9orologique, a rapport\u00e9 l&rsquo;agence de presse Yonhap qui cite des responsables. Le minist\u00e8re de la D\u00e9fense a d\u00e9clar\u00e9 avoir pris des \u00abmesures\u00bb sans donner plus de d\u00e9tails. A rappeler que le dirigeant nord-cor\u00e9en avait appel\u00e9 d\u00e9but janvier \u00e0 une \u00abaugmentation exponentielle de l&rsquo;arsenal nucl\u00e9aire\u00bb de la Cor\u00e9e du Nord, incluant la production en masse d&rsquo;armes nucl\u00e9aires tactiques et le d\u00e9veloppement de nouveaux missiles balistiques intercontinentaux (ICBM). Kim Jong-un a \u00e9galement d\u00e9clar\u00e9 que son pays devait \u00abrenforcer massivement (sa) force militaire\u00bb en 2023 en r\u00e9ponse \u00abaux man\u0153uvres militaires inqui\u00e9tantes des \u00c9tats-Unis et d&rsquo;autres forces hostiles\u00bb.<\/p>\n\n\n\n<p>K.L. et agences<\/p>\n","protected":false},"excerpt":{"rendered":"<p>L&rsquo;arm\u00e9e nord-cor\u00e9enne a d\u00e9clar\u00e9 qu&rsquo;elle allait \u00e9tendre et intensifier ses exercices militaires en vue de \u00abla pr\u00e9paration \u00e0 la guerre\u00bb,<\/p>\n","protected":false},"author":3,"featured_media":35727,"comment_status":"open","ping_status":"closed","sticky":false,"template":"","format":"standard","meta":{"colormag_page_container_layout":"default_layout","colormag_page_sidebar_layout":"default_layout","om_disable_all_campaigns":false,"_monsterinsights_skip_tracking":false,"_monsterinsights_sitenote_active":false,"_monsterinsights_sitenote_note":"","_monsterinsights_sitenote_category":0,"footnotes":"","_wpscppro_dont_share_socialmedia":false,"_wpscppro_custom_social_share_image":0,"_facebook_share_type":"","_twitter_share_type":"","_linkedin_share_type":"","_pinterest_share_type":"","_linkedin_share_type_page":"","_instagram_share_type":"","_medium_share_type":"","_threads_share_type":"","_google_business_share_type":"","_selected_social_profile":[],"_wpsp_enable_custom_social_template":false,"_wpsp_social_scheduling":{"enabled":false,"datetime":null,"platforms":[],"status":"template_only","dateOption":"today","timeOption":"now","customDays":"","customHours":"","customDate":"","customTime":"","schedulingType":"absolute"},"_wpsp_active_default_template":true},"categories":[37],"tags":[],"class_list":["post-35713","post","type-post","status-publish","format-standard","has-post-thumbnail","hentry","category-monde"],"aioseo_notices":[],"yoast_head":"<!-- This site is optimized with the Yoast SEO plugin v27.5 - https:\/\/yoast.com\/product\/yoast-seo-wordpress\/ -->\n<title>P\u00e9ninsule cor\u00e9enne\u00a0: Pyongyang annonce \u00abl&rsquo;\u00e9largissement et l&rsquo;intensification\u00bb de ses exercices militaires - La Sentinelle<\/title>\n<meta name=\"robots\" content=\"index, follow, max-snippet:-1, max-image-preview:large, max-video-preview:-1\" \/>\n<link rel=\"canonical\" href=\"https:\/\/lasentinelle.dz\/index.php\/2023\/02\/07\/peninsule-coreenne-pyongyang-annonce-lelargissement-et-lintensification-de-ses-exercices-militaires\/\" \/>\n<meta property=\"og:locale\" content=\"fr_FR\" \/>\n<meta property=\"og:type\" content=\"article\" \/>\n<meta property=\"og:title\" content=\"P\u00e9ninsule cor\u00e9enne\u00a0: Pyongyang annonce \u00abl&rsquo;\u00e9largissement et l&rsquo;intensification\u00bb de ses exercices militaires - La Sentinelle\" \/>\n<meta property=\"og:description\" content=\"L&rsquo;arm\u00e9e nord-cor\u00e9enne a d\u00e9clar\u00e9 qu&rsquo;elle allait \u00e9tendre et intensifier ses exercices militaires en vue de \u00abla pr\u00e9paration \u00e0 la guerre\u00bb,\" \/>\n<meta property=\"og:url\" content=\"https:\/\/lasentinelle.dz\/index.php\/2023\/02\/07\/peninsule-coreenne-pyongyang-annonce-lelargissement-et-lintensification-de-ses-exercices-militaires\/\" \/>\n<meta property=\"og:site_name\" content=\"La Sentinelle\" \/>\n<meta property=\"article:publisher\" content=\"https:\/\/www.facebook.com\/La-Sentinelle-104059864394773\" \/>\n<meta property=\"article:published_time\" content=\"2023-02-07T21:00:00+00:00\" \/>\n<meta property=\"og:image\" content=\"https:\/\/lasentinelle.dz\/wp-content\/uploads\/2023\/02\/image_2023-02-07_150025323.png\" \/>\n\t<meta property=\"og:image:width\" content=\"1280\" \/>\n\t<meta property=\"og:image:height\" content=\"720\" \/>\n\t<meta property=\"og:image:type\" content=\"image\/png\" \/>\n<meta name=\"author\" content=\"La Sentinelle\" \/>\n<meta name=\"twitter:card\" content=\"summary_large_image\" \/>\n<meta name=\"twitter:label1\" content=\"\u00c9crit par\" \/>\n\t<meta name=\"twitter:data1\" content=\"La Sentinelle\" \/>\n\t<meta name=\"twitter:label2\" content=\"Dur\u00e9e de lecture estim\u00e9e\" \/>\n\t<meta name=\"twitter:data2\" content=\"3 minutes\" \/>\n<script type=\"application\/ld+json\" class=\"yoast-schema-graph\">{\"@context\":\"https:\\\/\\\/schema.org\",\"@graph\":[{\"@type\":\"Article\",\"@id\":\"https:\\\/\\\/lasentinelle.dz\\\/index.php\\\/2023\\\/02\\\/07\\\/peninsule-coreenne-pyongyang-annonce-lelargissement-et-lintensification-de-ses-exercices-militaires\\\/#article\",\"isPartOf\":{\"@id\":\"https:\\\/\\\/lasentinelle.dz\\\/index.php\\\/2023\\\/02\\\/07\\\/peninsule-coreenne-pyongyang-annonce-lelargissement-et-lintensification-de-ses-exercices-militaires\\\/\"},\"author\":{\"name\":\"La Sentinelle\",\"@id\":\"https:\\\/\\\/lasentinelle.dz\\\/#\\\/schema\\\/person\\\/d865044e22e70a75174ce8bcad3acfb3\"},\"headline\":\"P\u00e9ninsule cor\u00e9enne\u00a0: Pyongyang annonce \u00abl&rsquo;\u00e9largissement et l&rsquo;intensification\u00bb de ses exercices militaires\",\"datePublished\":\"2023-02-07T21:00:00+00:00\",\"mainEntityOfPage\":{\"@id\":\"https:\\\/\\\/lasentinelle.dz\\\/index.php\\\/2023\\\/02\\\/07\\\/peninsule-coreenne-pyongyang-annonce-lelargissement-et-lintensification-de-ses-exercices-militaires\\\/\"},\"wordCount\":570,\"commentCount\":0,\"publisher\":{\"@id\":\"https:\\\/\\\/lasentinelle.dz\\\/#organization\"},\"image\":{\"@id\":\"https:\\\/\\\/lasentinelle.dz\\\/index.php\\\/2023\\\/02\\\/07\\\/peninsule-coreenne-pyongyang-annonce-lelargissement-et-lintensification-de-ses-exercices-militaires\\\/#primaryimage\"},\"thumbnailUrl\":\"https:\\\/\\\/lasentinelle.dz\\\/wp-content\\\/uploads\\\/2023\\\/02\\\/image_2023-02-07_150025323.png\",\"articleSection\":[\"Monde\"],\"inLanguage\":\"fr-FR\",\"potentialAction\":[{\"@type\":\"CommentAction\",\"name\":\"Comment\",\"target\":[\"https:\\\/\\\/lasentinelle.dz\\\/index.php\\\/2023\\\/02\\\/07\\\/peninsule-coreenne-pyongyang-annonce-lelargissement-et-lintensification-de-ses-exercices-militaires\\\/#respond\"]}]},{\"@type\":\"WebPage\",\"@id\":\"https:\\\/\\\/lasentinelle.dz\\\/index.php\\\/2023\\\/02\\\/07\\\/peninsule-coreenne-pyongyang-annonce-lelargissement-et-lintensification-de-ses-exercices-militaires\\\/\",\"url\":\"https:\\\/\\\/lasentinelle.dz\\\/index.php\\\/2023\\\/02\\\/07\\\/peninsule-coreenne-pyongyang-annonce-lelargissement-et-lintensification-de-ses-exercices-militaires\\\/\",\"name\":\"P\u00e9ninsule cor\u00e9enne\u00a0: Pyongyang annonce \u00abl&rsquo;\u00e9largissement et l&rsquo;intensification\u00bb de ses exercices militaires - La Sentinelle\",\"isPartOf\":{\"@id\":\"https:\\\/\\\/lasentinelle.dz\\\/#website\"},\"primaryImageOfPage\":{\"@id\":\"https:\\\/\\\/lasentinelle.dz\\\/index.php\\\/2023\\\/02\\\/07\\\/peninsule-coreenne-pyongyang-annonce-lelargissement-et-lintensification-de-ses-exercices-militaires\\\/#primaryimage\"},\"image\":{\"@id\":\"https:\\\/\\\/lasentinelle.dz\\\/index.php\\\/2023\\\/02\\\/07\\\/peninsule-coreenne-pyongyang-annonce-lelargissement-et-lintensification-de-ses-exercices-militaires\\\/#primaryimage\"},\"thumbnailUrl\":\"https:\\\/\\\/lasentinelle.dz\\\/wp-content\\\/uploads\\\/2023\\\/02\\\/image_2023-02-07_150025323.png\",\"datePublished\":\"2023-02-07T21:00:00+00:00\",\"breadcrumb\":{\"@id\":\"https:\\\/\\\/lasentinelle.dz\\\/index.php\\\/2023\\\/02\\\/07\\\/peninsule-coreenne-pyongyang-annonce-lelargissement-et-lintensification-de-ses-exercices-militaires\\\/#breadcrumb\"},\"inLanguage\":\"fr-FR\",\"potentialAction\":[{\"@type\":\"ReadAction\",\"target\":[\"https:\\\/\\\/lasentinelle.dz\\\/index.php\\\/2023\\\/02\\\/07\\\/peninsule-coreenne-pyongyang-annonce-lelargissement-et-lintensification-de-ses-exercices-militaires\\\/\"]}]},{\"@type\":\"ImageObject\",\"inLanguage\":\"fr-FR\",\"@id\":\"https:\\\/\\\/lasentinelle.dz\\\/index.php\\\/2023\\\/02\\\/07\\\/peninsule-coreenne-pyongyang-annonce-lelargissement-et-lintensification-de-ses-exercices-militaires\\\/#primaryimage\",\"url\":\"https:\\\/\\\/lasentinelle.dz\\\/wp-content\\\/uploads\\\/2023\\\/02\\\/image_2023-02-07_150025323.png\",\"contentUrl\":\"https:\\\/\\\/lasentinelle.dz\\\/wp-content\\\/uploads\\\/2023\\\/02\\\/image_2023-02-07_150025323.png\",\"width\":1280,\"height\":720},{\"@type\":\"BreadcrumbList\",\"@id\":\"https:\\\/\\\/lasentinelle.dz\\\/index.php\\\/2023\\\/02\\\/07\\\/peninsule-coreenne-pyongyang-annonce-lelargissement-et-lintensification-de-ses-exercices-militaires\\\/#breadcrumb\",\"itemListElement\":[{\"@type\":\"ListItem\",\"position\":1,\"name\":\"Accueil\",\"item\":\"https:\\\/\\\/lasentinelle.dz\\\/\"},{\"@type\":\"ListItem\",\"position\":2,\"name\":\"P\u00e9ninsule cor\u00e9enne\u00a0: Pyongyang annonce \u00abl&rsquo;\u00e9largissement et l&rsquo;intensification\u00bb de ses exercices militaires\"}]},{\"@type\":\"WebSite\",\"@id\":\"https:\\\/\\\/lasentinelle.dz\\\/#website\",\"url\":\"https:\\\/\\\/lasentinelle.dz\\\/\",\"name\":\"La Sentinelle\",\"description\":\"Quotidien national d&#039;information\",\"publisher\":{\"@id\":\"https:\\\/\\\/lasentinelle.dz\\\/#organization\"},\"potentialAction\":[{\"@type\":\"SearchAction\",\"target\":{\"@type\":\"EntryPoint\",\"urlTemplate\":\"https:\\\/\\\/lasentinelle.dz\\\/?s={search_term_string}\"},\"query-input\":{\"@type\":\"PropertyValueSpecification\",\"valueRequired\":true,\"valueName\":\"search_term_string\"}}],\"inLanguage\":\"fr-FR\"},{\"@type\":\"Organization\",\"@id\":\"https:\\\/\\\/lasentinelle.dz\\\/#organization\",\"name\":\"Quotidien La Sentinelle\",\"url\":\"https:\\\/\\\/lasentinelle.dz\\\/\",\"logo\":{\"@type\":\"ImageObject\",\"inLanguage\":\"fr-FR\",\"@id\":\"https:\\\/\\\/lasentinelle.dz\\\/#\\\/schema\\\/logo\\\/image\\\/\",\"url\":\"https:\\\/\\\/lasentinelle.dz\\\/wp-content\\\/uploads\\\/2021\\\/09\\\/logo-sentinelleSLOGAN-1.png\",\"contentUrl\":\"https:\\\/\\\/lasentinelle.dz\\\/wp-content\\\/uploads\\\/2021\\\/09\\\/logo-sentinelleSLOGAN-1.png\",\"width\":615,\"height\":142,\"caption\":\"Quotidien La Sentinelle\"},\"image\":{\"@id\":\"https:\\\/\\\/lasentinelle.dz\\\/#\\\/schema\\\/logo\\\/image\\\/\"},\"sameAs\":[\"https:\\\/\\\/www.facebook.com\\\/La-Sentinelle-104059864394773\"]},{\"@type\":\"Person\",\"@id\":\"https:\\\/\\\/lasentinelle.dz\\\/#\\\/schema\\\/person\\\/d865044e22e70a75174ce8bcad3acfb3\",\"name\":\"La Sentinelle\",\"image\":{\"@type\":\"ImageObject\",\"inLanguage\":\"fr-FR\",\"@id\":\"https:\\\/\\\/secure.gravatar.com\\\/avatar\\\/57de8e5d4b15d43fb361a71fbb36338450fe67865b528a43dd10ef7c51a20392?s=96&d=mm&r=g\",\"url\":\"https:\\\/\\\/secure.gravatar.com\\\/avatar\\\/57de8e5d4b15d43fb361a71fbb36338450fe67865b528a43dd10ef7c51a20392?s=96&d=mm&r=g\",\"contentUrl\":\"https:\\\/\\\/secure.gravatar.com\\\/avatar\\\/57de8e5d4b15d43fb361a71fbb36338450fe67865b528a43dd10ef7c51a20392?s=96&d=mm&r=g\",\"caption\":\"La Sentinelle\"},\"sameAs\":[\"http:\\\/\\\/www.lasentinelle.dz\"],\"url\":\"https:\\\/\\\/lasentinelle.dz\\\/author\\\/redaction\\\/\"}]}<\/script>\n<!-- \/ Yoast SEO plugin. -->","yoast_head_json":{"title":"P\u00e9ninsule cor\u00e9enne\u00a0: Pyongyang annonce \u00abl&rsquo;\u00e9largissement et l&rsquo;intensification\u00bb de ses exercices militaires - La Sentinelle","robots":{"index":"index","follow":"follow","max-snippet":"max-snippet:-1","max-image-preview":"max-image-preview:large","max-video-preview":"max-video-preview:-1"},"canonical":"https:\/\/lasentinelle.dz\/index.php\/2023\/02\/07\/peninsule-coreenne-pyongyang-annonce-lelargissement-et-lintensification-de-ses-exercices-militaires\/","og_locale":"fr_FR","og_type":"article","og_title":"P\u00e9ninsule cor\u00e9enne\u00a0: Pyongyang annonce \u00abl&rsquo;\u00e9largissement et l&rsquo;intensification\u00bb de ses exercices militaires - La Sentinelle","og_description":"L&rsquo;arm\u00e9e nord-cor\u00e9enne a d\u00e9clar\u00e9 qu&rsquo;elle allait \u00e9tendre et intensifier ses exercices militaires en vue de \u00abla pr\u00e9paration \u00e0 la guerre\u00bb,","og_url":"https:\/\/lasentinelle.dz\/index.php\/2023\/02\/07\/peninsule-coreenne-pyongyang-annonce-lelargissement-et-lintensification-de-ses-exercices-militaires\/","og_site_name":"La Sentinelle","article_publisher":"https:\/\/www.facebook.com\/La-Sentinelle-104059864394773","article_published_time":"2023-02-07T21:00:00+00:00","og_image":[{"width":1280,"height":720,"url":"https:\/\/lasentinelle.dz\/wp-content\/uploads\/2023\/02\/image_2023-02-07_150025323.png","type":"image\/png"}],"author":"La Sentinelle","twitter_card":"summary_large_image","twitter_misc":{"\u00c9crit par":"La Sentinelle","Dur\u00e9e de lecture estim\u00e9e":"3 minutes"},"schema":{"@context":"https:\/\/schema.org","@graph":[{"@type":"Article","@id":"https:\/\/lasentinelle.dz\/index.php\/2023\/02\/07\/peninsule-coreenne-pyongyang-annonce-lelargissement-et-lintensification-de-ses-exercices-militaires\/#article","isPartOf":{"@id":"https:\/\/lasentinelle.dz\/index.php\/2023\/02\/07\/peninsule-coreenne-pyongyang-annonce-lelargissement-et-lintensification-de-ses-exercices-militaires\/"},"author":{"name":"La Sentinelle","@id":"https:\/\/lasentinelle.dz\/#\/schema\/person\/d865044e22e70a75174ce8bcad3acfb3"},"headline":"P\u00e9ninsule cor\u00e9enne\u00a0: Pyongyang annonce \u00abl&rsquo;\u00e9largissement et l&rsquo;intensification\u00bb de ses exercices militaires","datePublished":"2023-02-07T21:00:00+00:00","mainEntityOfPage":{"@id":"https:\/\/lasentinelle.dz\/index.php\/2023\/02\/07\/peninsule-coreenne-pyongyang-annonce-lelargissement-et-lintensification-de-ses-exercices-militaires\/"},"wordCount":570,"commentCount":0,"publisher":{"@id":"https:\/\/lasentinelle.dz\/#organization"},"image":{"@id":"https:\/\/lasentinelle.dz\/index.php\/2023\/02\/07\/peninsule-coreenne-pyongyang-annonce-lelargissement-et-lintensification-de-ses-exercices-militaires\/#primaryimage"},"thumbnailUrl":"https:\/\/lasentinelle.dz\/wp-content\/uploads\/2023\/02\/image_2023-02-07_150025323.png","articleSection":["Monde"],"inLanguage":"fr-FR","potentialAction":[{"@type":"CommentAction","name":"Comment","target":["https:\/\/lasentinelle.dz\/index.php\/2023\/02\/07\/peninsule-coreenne-pyongyang-annonce-lelargissement-et-lintensification-de-ses-exercices-militaires\/#respond"]}]},{"@type":"WebPage","@id":"https:\/\/lasentinelle.dz\/index.php\/2023\/02\/07\/peninsule-coreenne-pyongyang-annonce-lelargissement-et-lintensification-de-ses-exercices-militaires\/","url":"https:\/\/lasentinelle.dz\/index.php\/2023\/02\/07\/peninsule-coreenne-pyongyang-annonce-lelargissement-et-lintensification-de-ses-exercices-militaires\/","name":"P\u00e9ninsule cor\u00e9enne\u00a0: Pyongyang annonce \u00abl&rsquo;\u00e9largissement et l&rsquo;intensification\u00bb de ses exercices militaires - La Sentinelle","isPartOf":{"@id":"https:\/\/lasentinelle.dz\/#website"},"primaryImageOfPage":{"@id":"https:\/\/lasentinelle.dz\/index.php\/2023\/02\/07\/peninsule-coreenne-pyongyang-annonce-lelargissement-et-lintensification-de-ses-exercices-militaires\/#primaryimage"},"image":{"@id":"https:\/\/lasentinelle.dz\/index.php\/2023\/02\/07\/peninsule-coreenne-pyongyang-annonce-lelargissement-et-lintensification-de-ses-exercices-militaires\/#primaryimage"},"thumbnailUrl":"https:\/\/lasentinelle.dz\/wp-content\/uploads\/2023\/02\/image_2023-02-07_150025323.png","datePublished":"2023-02-07T21:00:00+00:00","breadcrumb":{"@id":"https:\/\/lasentinelle.dz\/index.php\/2023\/02\/07\/peninsule-coreenne-pyongyang-annonce-lelargissement-et-lintensification-de-ses-exercices-militaires\/#breadcrumb"},"inLanguage":"fr-FR","potentialAction":[{"@type":"ReadAction","target":["https:\/\/lasentinelle.dz\/index.php\/2023\/02\/07\/peninsule-coreenne-pyongyang-annonce-lelargissement-et-lintensification-de-ses-exercices-militaires\/"]}]},{"@type":"ImageObject","inLanguage":"fr-FR","@id":"https:\/\/lasentinelle.dz\/index.php\/2023\/02\/07\/peninsule-coreenne-pyongyang-annonce-lelargissement-et-lintensification-de-ses-exercices-militaires\/#primaryimage","url":"https:\/\/lasentinelle.dz\/wp-content\/uploads\/2023\/02\/image_2023-02-07_150025323.png","contentUrl":"https:\/\/lasentinelle.dz\/wp-content\/uploads\/2023\/02\/image_2023-02-07_150025323.png","width":1280,"height":720},{"@type":"BreadcrumbList","@id":"https:\/\/lasentinelle.dz\/index.php\/2023\/02\/07\/peninsule-coreenne-pyongyang-annonce-lelargissement-et-lintensification-de-ses-exercices-militaires\/#breadcrumb","itemListElement":[{"@type":"ListItem","position":1,"name":"Accueil","item":"https:\/\/lasentinelle.dz\/"},{"@type":"ListItem","position":2,"name":"P\u00e9ninsule cor\u00e9enne\u00a0: Pyongyang annonce \u00abl&rsquo;\u00e9largissement et l&rsquo;intensification\u00bb de ses exercices militaires"}]},{"@type":"WebSite","@id":"https:\/\/lasentinelle.dz\/#website","url":"https:\/\/lasentinelle.dz\/","name":"La Sentinelle","description":"Quotidien national d&#039;information","publisher":{"@id":"https:\/\/lasentinelle.dz\/#organization"},"potentialAction":[{"@type":"SearchAction","target":{"@type":"EntryPoint","urlTemplate":"https:\/\/lasentinelle.dz\/?s={search_term_string}"},"query-input":{"@type":"PropertyValueSpecification","valueRequired":true,"valueName":"search_term_string"}}],"inLanguage":"fr-FR"},{"@type":"Organization","@id":"https:\/\/lasentinelle.dz\/#organization","name":"Quotidien La Sentinelle","url":"https:\/\/lasentinelle.dz\/","logo":{"@type":"ImageObject","inLanguage":"fr-FR","@id":"https:\/\/lasentinelle.dz\/#\/schema\/logo\/image\/","url":"https:\/\/lasentinelle.dz\/wp-content\/uploads\/2021\/09\/logo-sentinelleSLOGAN-1.png","contentUrl":"https:\/\/lasentinelle.dz\/wp-content\/uploads\/2021\/09\/logo-sentinelleSLOGAN-1.png","width":615,"height":142,"caption":"Quotidien La Sentinelle"},"image":{"@id":"https:\/\/lasentinelle.dz\/#\/schema\/logo\/image\/"},"sameAs":["https:\/\/www.facebook.com\/La-Sentinelle-104059864394773"]},{"@type":"Person","@id":"https:\/\/lasentinelle.dz\/#\/schema\/person\/d865044e22e70a75174ce8bcad3acfb3","name":"La Sentinelle","image":{"@type":"ImageObject","inLanguage":"fr-FR","@id":"https:\/\/secure.gravatar.com\/avatar\/57de8e5d4b15d43fb361a71fbb36338450fe67865b528a43dd10ef7c51a20392?s=96&d=mm&r=g","url":"https:\/\/secure.gravatar.com\/avatar\/57de8e5d4b15d43fb361a71fbb36338450fe67865b528a43dd10ef7c51a20392?s=96&d=mm&r=g","contentUrl":"https:\/\/secure.gravatar.com\/avatar\/57de8e5d4b15d43fb361a71fbb36338450fe67865b528a43dd10ef7c51a20392?s=96&d=mm&r=g","caption":"La Sentinelle"},"sameAs":["http:\/\/www.lasentinelle.dz"],"url":"https:\/\/lasentinelle.dz\/author\/redaction\/"}]}},"_links":{"self":[{"href":"https:\/\/lasentinelle.dz\/index.php\/wp-json\/wp\/v2\/posts\/35713","targetHints":{"allow":["GET"]}}],"collection":[{"href":"https:\/\/lasentinelle.dz\/index.php\/wp-json\/wp\/v2\/posts"}],"about":[{"href":"https:\/\/lasentinelle.dz\/index.php\/wp-json\/wp\/v2\/types\/post"}],"author":[{"embeddable":true,"href":"https:\/\/lasentinelle.dz\/index.php\/wp-json\/wp\/v2\/users\/3"}],"replies":[{"embeddable":true,"href":"https:\/\/lasentinelle.dz\/index.php\/wp-json\/wp\/v2\/comments?post=35713"}],"version-history":[{"count":1,"href":"https:\/\/lasentinelle.dz\/index.php\/wp-json\/wp\/v2\/posts\/35713\/revisions"}],"predecessor-version":[{"id":35728,"href":"https:\/\/lasentinelle.dz\/index.php\/wp-json\/wp\/v2\/posts\/35713\/revisions\/35728"}],"wp:featuredmedia":[{"embeddable":true,"href":"https:\/\/lasentinelle.dz\/index.php\/wp-json\/wp\/v2\/media\/35727"}],"wp:attachment":[{"href":"https:\/\/lasentinelle.dz\/index.php\/wp-json\/wp\/v2\/media?parent=35713"}],"wp:term":[{"taxonomy":"category","embeddable":true,"href":"https:\/\/lasentinelle.dz\/index.php\/wp-json\/wp\/v2\/categories?post=35713"},{"taxonomy":"post_tag","embeddable":true,"href":"https:\/\/lasentinelle.dz\/index.php\/wp-json\/wp\/v2\/tags?post=35713"}],"curies":[{"name":"wp","href":"https:\/\/api.w.org\/{rel}","templated":true}]}}