{"id":35775,"date":"2023-02-07T22:08:00","date_gmt":"2023-02-07T21:08:00","guid":{"rendered":"https:\/\/lasentinelle.dz\/?p=35775"},"modified":"2023-02-07T20:24:44","modified_gmt":"2023-02-07T19:24:44","slug":"medicaments-anti-cancer-les-assurances-du-ministre-de-la-sante","status":"publish","type":"post","link":"https:\/\/lasentinelle.dz\/index.php\/2023\/02\/07\/medicaments-anti-cancer-les-assurances-du-ministre-de-la-sante\/","title":{"rendered":"M\u00e9dicaments anti-cancer\u00a0: Les assurances du ministre de la Sant\u00e9"},"content":{"rendered":"\n<p>Le ministre de la Sant\u00e9, Abdelhak Saihi, a affirm\u00e9, hier en marge d&rsquo;une rencontre intitul\u00e9e \u00ab\u00a0m\u00e9dicaments essentiels : pour un meilleur acc\u00e8s aux soinsorganis\u00e9e \u00e0 Alger, que son d\u00e9partement a pris les dispositions n\u00e9cessaires pour faire face aux perturbations li\u00e9es \u00e0 la disponibilit\u00e9 des m\u00e9dicaments destin\u00e9s au traitement du cancer, assurant que le nombre des m\u00e9dicaments disponibles actuellement est port\u00e9 \u00e0 7 parmi les 12 concern\u00e9s par la rupture.\u00a0\u00bbNous avons pris des dispositions pour faire face aux perturbations li\u00e9es au traitement du cancer\u00a0\u00bb, a indiqu\u00e9 le ministre avant de pr\u00e9ciser qu&rsquo;avec les traitements import\u00e9s r\u00e9cemment, \u00ab\u00a0le nombre des m\u00e9dicaments anti-cancer disponibles est port\u00e9 \u00e0 7, en attendant l&rsquo;aboutissement des d\u00e9marches aupr\u00e8s du march\u00e9 mondial pour l&rsquo;acquisition des 5 m\u00e9dicaments restants\u00a0\u00bb.Le ministre a ajout\u00e9, par la m\u00eame occasion, que gr\u00e2ce aux efforts de l&rsquo;Etat, le taux de disponibilit\u00e9 des m\u00e9dicaments essentiels est pass\u00e9 de 67 % \u00e0 85 % des besoins nationaux. Le premier responsable du d\u00e9partement de la sant\u00e9 a, toutefois soulign\u00e9 la n\u00e9cessit\u00e9 d\u2019\u00e9laborer \u00ab&nbsp;une strat\u00e9gie r\u00e9elle pour une gestion efficiente des m\u00e9dicaments essentiels&nbsp;\u00bb.\u00a0\u00bbNous devons \u00e9laborer une strat\u00e9gie r\u00e9elle \u00e0 m\u00eame de garantir une gestion efficiente des m\u00e9dicaments essentiels et devons \u0153uvrer sans tarder pour offrir les meilleures solutions aux \u00e9quipes soignantes\u00a0\u00bb, a-t-il indiqu\u00e9.&nbsp; Evoquant \u00ab\u00a0l&rsquo;imp\u00e9ratif\u00a0\u00bb de la disponibilit\u00e9 des produits pharmaceutiques, et plus pr\u00e9cis\u00e9ment des m\u00e9dicaments essentiels, il a appel\u00e9 \u00e0 \u00ab\u00a0l&rsquo;implication de tous pour lever les contraintes li\u00e9es \u00e0 l\u2019approvisionnement, l\u2019optimisation et la qualit\u00e9\u00a0\u00bb de ces produits.M. Saihi a affirm\u00e9, \u00e0 ce titre, \u00ab\u00a0la d\u00e9termination des pouvoirs publics \u00e0 garantir aux citoyens des prestations de soins selon des normes internationales et \u00e0 consentir le maximum d\u2019efforts pour aboutir \u00e0 des solutions fiables et durables\u00a0\u00bb.Et de pr\u00e9ciser, citant la d\u00e9finition faite par l\u2019Organisation mondiale de la Sant\u00e9 (OMS), que les m\u00e9dicaments essentiels sont ceux qui \u00ab\u00a0r\u00e9pondent aux besoins prioritaires de sant\u00e9 de la population, avec un acc\u00e8s facile et un prix abordable\u00a0\u00bb.<\/p>\n\n\n\n<p>Le ministre qui est \u00e9galement revenu sur les derni\u00e8res orientations du pr\u00e9sident de la R\u00e9publique en Conseil des ministres concernant la r\u00e9orientation des investissements en \u00e9nergie \u00e9lectronucl\u00e9aire vers la m\u00e9decine nucl\u00e9aire.&nbsp; Il a soulign\u00e9, dans ce contexte, \u00ab\u00a0le travail s\u00e9rieux\u00a0\u00bb entrepris par le minist\u00e8re de la Sant\u00e9, en partenariat avec celui de l&rsquo;Energie et des Mines, pour la prise en charge du chantier de d\u00e9veloppement de la m\u00e9decine nucl\u00e9aire intervenant dans le traitement du cancer.<\/p>\n\n\n\n<p>Notons que l\u2019expert clinicien en cardiologie, Djamel Eddine Nibouche, est intervenu sur le th\u00e8me de \u00ab\u00a0la conception, la pertinence et le r\u00f4le des m\u00e9dicaments essentiels ainsi que leur acc\u00e8s dans le syst\u00e8me alg\u00e9rien de sant\u00e9\u00a0\u00bb, en insistant sur la n\u00e9cessit\u00e9 d\u2019\u00e9laborer \u00ab\u00a0une liste des maladies pr\u00e9valentes\u00a0\u00bb \u00e0 l\u2019\u00e9chelle nationale. Un avis partag\u00e9 par Amar Tebaibia, expert clinicien en m\u00e9decine interne, qui a \u00e9galement plaid\u00e9 pour l\u2019encouragement des m\u00e9dicaments innovants ayant d\u00e9montr\u00e9 leur efficacit\u00e9 th\u00e9rapeutique, en solutionnant, toutefois au pr\u00e9alable, l\u2019aspect li\u00e9 \u00e0 leur co\u00fbt afin d\u2019en garantir une large accessibilit\u00e9.<\/p>\n\n\n\n<p><strong>Chokri Hafed<\/strong><\/p>\n","protected":false},"excerpt":{"rendered":"<p>Le ministre de la Sant\u00e9, Abdelhak Saihi, a affirm\u00e9, hier en marge d&rsquo;une rencontre intitul\u00e9e \u00ab\u00a0m\u00e9dicaments essentiels : pour un<\/p>\n","protected":false},"author":3,"featured_media":35776,"comment_status":"open","ping_status":"closed","sticky":false,"template":"","format":"standard","meta":{"colormag_page_container_layout":"default_layout","colormag_page_sidebar_layout":"default_layout","om_disable_all_campaigns":false,"_monsterinsights_skip_tracking":false,"_monsterinsights_sitenote_active":false,"_monsterinsights_sitenote_note":"","_monsterinsights_sitenote_category":0,"footnotes":"","_wpscppro_dont_share_socialmedia":false,"_wpscppro_custom_social_share_image":0,"_facebook_share_type":"","_twitter_share_type":"","_linkedin_share_type":"","_pinterest_share_type":"","_linkedin_share_type_page":"","_instagram_share_type":"","_medium_share_type":"","_threads_share_type":"","_google_business_share_type":"","_selected_social_profile":[],"_wpsp_enable_custom_social_template":false,"_wpsp_social_scheduling":{"enabled":false,"datetime":null,"platforms":[],"status":"template_only","dateOption":"today","timeOption":"now","customDays":"","customHours":"","customDate":"","customTime":"","schedulingType":"absolute"},"_wpsp_active_default_template":true},"categories":[52,27],"tags":[],"class_list":["post-35775","post","type-post","status-publish","format-standard","has-post-thumbnail","hentry","category-a-la-une","category-actualite"],"aioseo_notices":[],"yoast_head":"<!-- This site is optimized with the Yoast SEO plugin v27.4 - https:\/\/yoast.com\/product\/yoast-seo-wordpress\/ -->\n<title>M\u00e9dicaments anti-cancer\u00a0: Les assurances du ministre de la Sant\u00e9 - La Sentinelle<\/title>\n<meta name=\"robots\" content=\"index, follow, max-snippet:-1, max-image-preview:large, max-video-preview:-1\" \/>\n<link rel=\"canonical\" href=\"https:\/\/lasentinelle.dz\/index.php\/2023\/02\/07\/medicaments-anti-cancer-les-assurances-du-ministre-de-la-sante\/\" \/>\n<meta property=\"og:locale\" content=\"fr_FR\" \/>\n<meta property=\"og:type\" content=\"article\" \/>\n<meta property=\"og:title\" content=\"M\u00e9dicaments anti-cancer\u00a0: Les assurances du ministre de la Sant\u00e9 - La Sentinelle\" \/>\n<meta property=\"og:description\" content=\"Le ministre de la Sant\u00e9, Abdelhak Saihi, a affirm\u00e9, hier en marge d&rsquo;une rencontre intitul\u00e9e \u00ab\u00a0m\u00e9dicaments essentiels : pour un\" \/>\n<meta property=\"og:url\" content=\"https:\/\/lasentinelle.dz\/index.php\/2023\/02\/07\/medicaments-anti-cancer-les-assurances-du-ministre-de-la-sante\/\" \/>\n<meta property=\"og:site_name\" content=\"La Sentinelle\" \/>\n<meta property=\"article:publisher\" content=\"https:\/\/www.facebook.com\/La-Sentinelle-104059864394773\" \/>\n<meta property=\"article:published_time\" content=\"2023-02-07T21:08:00+00:00\" \/>\n<meta property=\"og:image\" content=\"https:\/\/lasentinelle.dz\/wp-content\/uploads\/2023\/02\/saihi.png\" \/>\n\t<meta property=\"og:image:width\" content=\"1351\" \/>\n\t<meta property=\"og:image:height\" content=\"900\" \/>\n\t<meta property=\"og:image:type\" content=\"image\/png\" \/>\n<meta name=\"author\" content=\"La Sentinelle\" \/>\n<meta name=\"twitter:card\" content=\"summary_large_image\" \/>\n<meta name=\"twitter:label1\" content=\"\u00c9crit par\" \/>\n\t<meta name=\"twitter:data1\" content=\"La Sentinelle\" \/>\n\t<meta name=\"twitter:label2\" content=\"Dur\u00e9e de lecture estim\u00e9e\" \/>\n\t<meta name=\"twitter:data2\" content=\"3 minutes\" \/>\n<script type=\"application\/ld+json\" class=\"yoast-schema-graph\">{\"@context\":\"https:\\\/\\\/schema.org\",\"@graph\":[{\"@type\":\"Article\",\"@id\":\"https:\\\/\\\/lasentinelle.dz\\\/index.php\\\/2023\\\/02\\\/07\\\/medicaments-anti-cancer-les-assurances-du-ministre-de-la-sante\\\/#article\",\"isPartOf\":{\"@id\":\"https:\\\/\\\/lasentinelle.dz\\\/index.php\\\/2023\\\/02\\\/07\\\/medicaments-anti-cancer-les-assurances-du-ministre-de-la-sante\\\/\"},\"author\":{\"name\":\"La Sentinelle\",\"@id\":\"https:\\\/\\\/lasentinelle.dz\\\/#\\\/schema\\\/person\\\/d865044e22e70a75174ce8bcad3acfb3\"},\"headline\":\"M\u00e9dicaments anti-cancer\u00a0: Les assurances du ministre de la Sant\u00e9\",\"datePublished\":\"2023-02-07T21:08:00+00:00\",\"mainEntityOfPage\":{\"@id\":\"https:\\\/\\\/lasentinelle.dz\\\/index.php\\\/2023\\\/02\\\/07\\\/medicaments-anti-cancer-les-assurances-du-ministre-de-la-sante\\\/\"},\"wordCount\":564,\"commentCount\":0,\"publisher\":{\"@id\":\"https:\\\/\\\/lasentinelle.dz\\\/#organization\"},\"image\":{\"@id\":\"https:\\\/\\\/lasentinelle.dz\\\/index.php\\\/2023\\\/02\\\/07\\\/medicaments-anti-cancer-les-assurances-du-ministre-de-la-sante\\\/#primaryimage\"},\"thumbnailUrl\":\"https:\\\/\\\/lasentinelle.dz\\\/wp-content\\\/uploads\\\/2023\\\/02\\\/saihi.png\",\"articleSection\":[\"\u00c0 la Une\",\"Actualit\u00e9\"],\"inLanguage\":\"fr-FR\",\"potentialAction\":[{\"@type\":\"CommentAction\",\"name\":\"Comment\",\"target\":[\"https:\\\/\\\/lasentinelle.dz\\\/index.php\\\/2023\\\/02\\\/07\\\/medicaments-anti-cancer-les-assurances-du-ministre-de-la-sante\\\/#respond\"]}]},{\"@type\":\"WebPage\",\"@id\":\"https:\\\/\\\/lasentinelle.dz\\\/index.php\\\/2023\\\/02\\\/07\\\/medicaments-anti-cancer-les-assurances-du-ministre-de-la-sante\\\/\",\"url\":\"https:\\\/\\\/lasentinelle.dz\\\/index.php\\\/2023\\\/02\\\/07\\\/medicaments-anti-cancer-les-assurances-du-ministre-de-la-sante\\\/\",\"name\":\"M\u00e9dicaments anti-cancer\u00a0: Les assurances du ministre de la Sant\u00e9 - La Sentinelle\",\"isPartOf\":{\"@id\":\"https:\\\/\\\/lasentinelle.dz\\\/#website\"},\"primaryImageOfPage\":{\"@id\":\"https:\\\/\\\/lasentinelle.dz\\\/index.php\\\/2023\\\/02\\\/07\\\/medicaments-anti-cancer-les-assurances-du-ministre-de-la-sante\\\/#primaryimage\"},\"image\":{\"@id\":\"https:\\\/\\\/lasentinelle.dz\\\/index.php\\\/2023\\\/02\\\/07\\\/medicaments-anti-cancer-les-assurances-du-ministre-de-la-sante\\\/#primaryimage\"},\"thumbnailUrl\":\"https:\\\/\\\/lasentinelle.dz\\\/wp-content\\\/uploads\\\/2023\\\/02\\\/saihi.png\",\"datePublished\":\"2023-02-07T21:08:00+00:00\",\"breadcrumb\":{\"@id\":\"https:\\\/\\\/lasentinelle.dz\\\/index.php\\\/2023\\\/02\\\/07\\\/medicaments-anti-cancer-les-assurances-du-ministre-de-la-sante\\\/#breadcrumb\"},\"inLanguage\":\"fr-FR\",\"potentialAction\":[{\"@type\":\"ReadAction\",\"target\":[\"https:\\\/\\\/lasentinelle.dz\\\/index.php\\\/2023\\\/02\\\/07\\\/medicaments-anti-cancer-les-assurances-du-ministre-de-la-sante\\\/\"]}]},{\"@type\":\"ImageObject\",\"inLanguage\":\"fr-FR\",\"@id\":\"https:\\\/\\\/lasentinelle.dz\\\/index.php\\\/2023\\\/02\\\/07\\\/medicaments-anti-cancer-les-assurances-du-ministre-de-la-sante\\\/#primaryimage\",\"url\":\"https:\\\/\\\/lasentinelle.dz\\\/wp-content\\\/uploads\\\/2023\\\/02\\\/saihi.png\",\"contentUrl\":\"https:\\\/\\\/lasentinelle.dz\\\/wp-content\\\/uploads\\\/2023\\\/02\\\/saihi.png\",\"width\":1351,\"height\":900},{\"@type\":\"BreadcrumbList\",\"@id\":\"https:\\\/\\\/lasentinelle.dz\\\/index.php\\\/2023\\\/02\\\/07\\\/medicaments-anti-cancer-les-assurances-du-ministre-de-la-sante\\\/#breadcrumb\",\"itemListElement\":[{\"@type\":\"ListItem\",\"position\":1,\"name\":\"Accueil\",\"item\":\"https:\\\/\\\/lasentinelle.dz\\\/\"},{\"@type\":\"ListItem\",\"position\":2,\"name\":\"M\u00e9dicaments anti-cancer\u00a0: Les assurances du ministre de la Sant\u00e9\"}]},{\"@type\":\"WebSite\",\"@id\":\"https:\\\/\\\/lasentinelle.dz\\\/#website\",\"url\":\"https:\\\/\\\/lasentinelle.dz\\\/\",\"name\":\"La Sentinelle\",\"description\":\"Quotidien national d&#039;information\",\"publisher\":{\"@id\":\"https:\\\/\\\/lasentinelle.dz\\\/#organization\"},\"potentialAction\":[{\"@type\":\"SearchAction\",\"target\":{\"@type\":\"EntryPoint\",\"urlTemplate\":\"https:\\\/\\\/lasentinelle.dz\\\/?s={search_term_string}\"},\"query-input\":{\"@type\":\"PropertyValueSpecification\",\"valueRequired\":true,\"valueName\":\"search_term_string\"}}],\"inLanguage\":\"fr-FR\"},{\"@type\":\"Organization\",\"@id\":\"https:\\\/\\\/lasentinelle.dz\\\/#organization\",\"name\":\"Quotidien La Sentinelle\",\"url\":\"https:\\\/\\\/lasentinelle.dz\\\/\",\"logo\":{\"@type\":\"ImageObject\",\"inLanguage\":\"fr-FR\",\"@id\":\"https:\\\/\\\/lasentinelle.dz\\\/#\\\/schema\\\/logo\\\/image\\\/\",\"url\":\"https:\\\/\\\/lasentinelle.dz\\\/wp-content\\\/uploads\\\/2021\\\/09\\\/logo-sentinelleSLOGAN-1.png\",\"contentUrl\":\"https:\\\/\\\/lasentinelle.dz\\\/wp-content\\\/uploads\\\/2021\\\/09\\\/logo-sentinelleSLOGAN-1.png\",\"width\":615,\"height\":142,\"caption\":\"Quotidien La Sentinelle\"},\"image\":{\"@id\":\"https:\\\/\\\/lasentinelle.dz\\\/#\\\/schema\\\/logo\\\/image\\\/\"},\"sameAs\":[\"https:\\\/\\\/www.facebook.com\\\/La-Sentinelle-104059864394773\"]},{\"@type\":\"Person\",\"@id\":\"https:\\\/\\\/lasentinelle.dz\\\/#\\\/schema\\\/person\\\/d865044e22e70a75174ce8bcad3acfb3\",\"name\":\"La Sentinelle\",\"image\":{\"@type\":\"ImageObject\",\"inLanguage\":\"fr-FR\",\"@id\":\"https:\\\/\\\/secure.gravatar.com\\\/avatar\\\/57de8e5d4b15d43fb361a71fbb36338450fe67865b528a43dd10ef7c51a20392?s=96&d=mm&r=g\",\"url\":\"https:\\\/\\\/secure.gravatar.com\\\/avatar\\\/57de8e5d4b15d43fb361a71fbb36338450fe67865b528a43dd10ef7c51a20392?s=96&d=mm&r=g\",\"contentUrl\":\"https:\\\/\\\/secure.gravatar.com\\\/avatar\\\/57de8e5d4b15d43fb361a71fbb36338450fe67865b528a43dd10ef7c51a20392?s=96&d=mm&r=g\",\"caption\":\"La Sentinelle\"},\"sameAs\":[\"http:\\\/\\\/www.lasentinelle.dz\"],\"url\":\"https:\\\/\\\/lasentinelle.dz\\\/author\\\/redaction\\\/\"}]}<\/script>\n<!-- \/ Yoast SEO plugin. -->","yoast_head_json":{"title":"M\u00e9dicaments anti-cancer\u00a0: Les assurances du ministre de la Sant\u00e9 - La Sentinelle","robots":{"index":"index","follow":"follow","max-snippet":"max-snippet:-1","max-image-preview":"max-image-preview:large","max-video-preview":"max-video-preview:-1"},"canonical":"https:\/\/lasentinelle.dz\/index.php\/2023\/02\/07\/medicaments-anti-cancer-les-assurances-du-ministre-de-la-sante\/","og_locale":"fr_FR","og_type":"article","og_title":"M\u00e9dicaments anti-cancer\u00a0: Les assurances du ministre de la Sant\u00e9 - La Sentinelle","og_description":"Le ministre de la Sant\u00e9, Abdelhak Saihi, a affirm\u00e9, hier en marge d&rsquo;une rencontre intitul\u00e9e \u00ab\u00a0m\u00e9dicaments essentiels : pour un","og_url":"https:\/\/lasentinelle.dz\/index.php\/2023\/02\/07\/medicaments-anti-cancer-les-assurances-du-ministre-de-la-sante\/","og_site_name":"La Sentinelle","article_publisher":"https:\/\/www.facebook.com\/La-Sentinelle-104059864394773","article_published_time":"2023-02-07T21:08:00+00:00","og_image":[{"width":1351,"height":900,"url":"https:\/\/lasentinelle.dz\/wp-content\/uploads\/2023\/02\/saihi.png","type":"image\/png"}],"author":"La Sentinelle","twitter_card":"summary_large_image","twitter_misc":{"\u00c9crit par":"La Sentinelle","Dur\u00e9e de lecture estim\u00e9e":"3 minutes"},"schema":{"@context":"https:\/\/schema.org","@graph":[{"@type":"Article","@id":"https:\/\/lasentinelle.dz\/index.php\/2023\/02\/07\/medicaments-anti-cancer-les-assurances-du-ministre-de-la-sante\/#article","isPartOf":{"@id":"https:\/\/lasentinelle.dz\/index.php\/2023\/02\/07\/medicaments-anti-cancer-les-assurances-du-ministre-de-la-sante\/"},"author":{"name":"La Sentinelle","@id":"https:\/\/lasentinelle.dz\/#\/schema\/person\/d865044e22e70a75174ce8bcad3acfb3"},"headline":"M\u00e9dicaments anti-cancer\u00a0: Les assurances du ministre de la Sant\u00e9","datePublished":"2023-02-07T21:08:00+00:00","mainEntityOfPage":{"@id":"https:\/\/lasentinelle.dz\/index.php\/2023\/02\/07\/medicaments-anti-cancer-les-assurances-du-ministre-de-la-sante\/"},"wordCount":564,"commentCount":0,"publisher":{"@id":"https:\/\/lasentinelle.dz\/#organization"},"image":{"@id":"https:\/\/lasentinelle.dz\/index.php\/2023\/02\/07\/medicaments-anti-cancer-les-assurances-du-ministre-de-la-sante\/#primaryimage"},"thumbnailUrl":"https:\/\/lasentinelle.dz\/wp-content\/uploads\/2023\/02\/saihi.png","articleSection":["\u00c0 la Une","Actualit\u00e9"],"inLanguage":"fr-FR","potentialAction":[{"@type":"CommentAction","name":"Comment","target":["https:\/\/lasentinelle.dz\/index.php\/2023\/02\/07\/medicaments-anti-cancer-les-assurances-du-ministre-de-la-sante\/#respond"]}]},{"@type":"WebPage","@id":"https:\/\/lasentinelle.dz\/index.php\/2023\/02\/07\/medicaments-anti-cancer-les-assurances-du-ministre-de-la-sante\/","url":"https:\/\/lasentinelle.dz\/index.php\/2023\/02\/07\/medicaments-anti-cancer-les-assurances-du-ministre-de-la-sante\/","name":"M\u00e9dicaments anti-cancer\u00a0: Les assurances du ministre de la Sant\u00e9 - La Sentinelle","isPartOf":{"@id":"https:\/\/lasentinelle.dz\/#website"},"primaryImageOfPage":{"@id":"https:\/\/lasentinelle.dz\/index.php\/2023\/02\/07\/medicaments-anti-cancer-les-assurances-du-ministre-de-la-sante\/#primaryimage"},"image":{"@id":"https:\/\/lasentinelle.dz\/index.php\/2023\/02\/07\/medicaments-anti-cancer-les-assurances-du-ministre-de-la-sante\/#primaryimage"},"thumbnailUrl":"https:\/\/lasentinelle.dz\/wp-content\/uploads\/2023\/02\/saihi.png","datePublished":"2023-02-07T21:08:00+00:00","breadcrumb":{"@id":"https:\/\/lasentinelle.dz\/index.php\/2023\/02\/07\/medicaments-anti-cancer-les-assurances-du-ministre-de-la-sante\/#breadcrumb"},"inLanguage":"fr-FR","potentialAction":[{"@type":"ReadAction","target":["https:\/\/lasentinelle.dz\/index.php\/2023\/02\/07\/medicaments-anti-cancer-les-assurances-du-ministre-de-la-sante\/"]}]},{"@type":"ImageObject","inLanguage":"fr-FR","@id":"https:\/\/lasentinelle.dz\/index.php\/2023\/02\/07\/medicaments-anti-cancer-les-assurances-du-ministre-de-la-sante\/#primaryimage","url":"https:\/\/lasentinelle.dz\/wp-content\/uploads\/2023\/02\/saihi.png","contentUrl":"https:\/\/lasentinelle.dz\/wp-content\/uploads\/2023\/02\/saihi.png","width":1351,"height":900},{"@type":"BreadcrumbList","@id":"https:\/\/lasentinelle.dz\/index.php\/2023\/02\/07\/medicaments-anti-cancer-les-assurances-du-ministre-de-la-sante\/#breadcrumb","itemListElement":[{"@type":"ListItem","position":1,"name":"Accueil","item":"https:\/\/lasentinelle.dz\/"},{"@type":"ListItem","position":2,"name":"M\u00e9dicaments anti-cancer\u00a0: Les assurances du ministre de la Sant\u00e9"}]},{"@type":"WebSite","@id":"https:\/\/lasentinelle.dz\/#website","url":"https:\/\/lasentinelle.dz\/","name":"La Sentinelle","description":"Quotidien national d&#039;information","publisher":{"@id":"https:\/\/lasentinelle.dz\/#organization"},"potentialAction":[{"@type":"SearchAction","target":{"@type":"EntryPoint","urlTemplate":"https:\/\/lasentinelle.dz\/?s={search_term_string}"},"query-input":{"@type":"PropertyValueSpecification","valueRequired":true,"valueName":"search_term_string"}}],"inLanguage":"fr-FR"},{"@type":"Organization","@id":"https:\/\/lasentinelle.dz\/#organization","name":"Quotidien La Sentinelle","url":"https:\/\/lasentinelle.dz\/","logo":{"@type":"ImageObject","inLanguage":"fr-FR","@id":"https:\/\/lasentinelle.dz\/#\/schema\/logo\/image\/","url":"https:\/\/lasentinelle.dz\/wp-content\/uploads\/2021\/09\/logo-sentinelleSLOGAN-1.png","contentUrl":"https:\/\/lasentinelle.dz\/wp-content\/uploads\/2021\/09\/logo-sentinelleSLOGAN-1.png","width":615,"height":142,"caption":"Quotidien La Sentinelle"},"image":{"@id":"https:\/\/lasentinelle.dz\/#\/schema\/logo\/image\/"},"sameAs":["https:\/\/www.facebook.com\/La-Sentinelle-104059864394773"]},{"@type":"Person","@id":"https:\/\/lasentinelle.dz\/#\/schema\/person\/d865044e22e70a75174ce8bcad3acfb3","name":"La Sentinelle","image":{"@type":"ImageObject","inLanguage":"fr-FR","@id":"https:\/\/secure.gravatar.com\/avatar\/57de8e5d4b15d43fb361a71fbb36338450fe67865b528a43dd10ef7c51a20392?s=96&d=mm&r=g","url":"https:\/\/secure.gravatar.com\/avatar\/57de8e5d4b15d43fb361a71fbb36338450fe67865b528a43dd10ef7c51a20392?s=96&d=mm&r=g","contentUrl":"https:\/\/secure.gravatar.com\/avatar\/57de8e5d4b15d43fb361a71fbb36338450fe67865b528a43dd10ef7c51a20392?s=96&d=mm&r=g","caption":"La Sentinelle"},"sameAs":["http:\/\/www.lasentinelle.dz"],"url":"https:\/\/lasentinelle.dz\/author\/redaction\/"}]}},"_links":{"self":[{"href":"https:\/\/lasentinelle.dz\/index.php\/wp-json\/wp\/v2\/posts\/35775","targetHints":{"allow":["GET"]}}],"collection":[{"href":"https:\/\/lasentinelle.dz\/index.php\/wp-json\/wp\/v2\/posts"}],"about":[{"href":"https:\/\/lasentinelle.dz\/index.php\/wp-json\/wp\/v2\/types\/post"}],"author":[{"embeddable":true,"href":"https:\/\/lasentinelle.dz\/index.php\/wp-json\/wp\/v2\/users\/3"}],"replies":[{"embeddable":true,"href":"https:\/\/lasentinelle.dz\/index.php\/wp-json\/wp\/v2\/comments?post=35775"}],"version-history":[{"count":1,"href":"https:\/\/lasentinelle.dz\/index.php\/wp-json\/wp\/v2\/posts\/35775\/revisions"}],"predecessor-version":[{"id":35780,"href":"https:\/\/lasentinelle.dz\/index.php\/wp-json\/wp\/v2\/posts\/35775\/revisions\/35780"}],"wp:featuredmedia":[{"embeddable":true,"href":"https:\/\/lasentinelle.dz\/index.php\/wp-json\/wp\/v2\/media\/35776"}],"wp:attachment":[{"href":"https:\/\/lasentinelle.dz\/index.php\/wp-json\/wp\/v2\/media?parent=35775"}],"wp:term":[{"taxonomy":"category","embeddable":true,"href":"https:\/\/lasentinelle.dz\/index.php\/wp-json\/wp\/v2\/categories?post=35775"},{"taxonomy":"post_tag","embeddable":true,"href":"https:\/\/lasentinelle.dz\/index.php\/wp-json\/wp\/v2\/tags?post=35775"}],"curies":[{"name":"wp","href":"https:\/\/api.w.org\/{rel}","templated":true}]}}