{"id":35811,"date":"2023-02-08T22:00:00","date_gmt":"2023-02-08T21:00:00","guid":{"rendered":"https:\/\/lasentinelle.dz\/?p=35811"},"modified":"2023-02-08T19:35:32","modified_gmt":"2023-02-08T18:35:32","slug":"ccls-de-belkheir-guelma-plus-de-86-000-quintaux-de-semences-commercialises","status":"publish","type":"post","link":"https:\/\/lasentinelle.dz\/index.php\/2023\/02\/08\/ccls-de-belkheir-guelma-plus-de-86-000-quintaux-de-semences-commercialises\/","title":{"rendered":"CCLS de Belkheir (Guelma)\u00a0: Plus de 86.000 quintaux de semences commercialis\u00e9s"},"content":{"rendered":"\n<p>Dans le cadre de la promotion des grandes cultures agricoles au niveau local pour la campagne agricole&nbsp; 2022\/23, la direction&nbsp; de la CCLS de Belkheir m\u00e8ne une course contre la montre, pour la distribution et la vente des intrants agricole.<\/p>\n\n\n\n<p>Selon une source de la coop\u00e9rative, l\u2019op\u00e9ration a touch\u00e9 les producteurs des c\u00e9r\u00e9ales et les agriculteurs actifs dans les grandes fili\u00e8res agricoles.&nbsp; Afin de permettre aux professionnels de l\u2019agriculture&nbsp; d&rsquo;acqu\u00e9rir des semences et des engrais, dans des conditions normales, la direction de la CCLS a mobilis\u00e9 tous les moyens humains et&nbsp; mat\u00e9riels&nbsp; n\u00e9cessaires \u00e0 la r\u00e9ussite de l\u2019op\u00e9ration, nous explique-on., au titre de ses activit\u00e9s, la coop\u00e9rative des c\u00e9r\u00e9ales et des l\u00e9gumes secs de la wilaya de Guelma a commercialis\u00e9&nbsp; 98.552,10 qx de semences, toutes esp\u00e8ces confondues, 60 506 66 qx de bl\u00e9 dur et 17 529 00 qx de bl\u00e9 tendre, en plus d\u2019environ 2 652,50 qx d&rsquo;orge et 120 000 qx d&rsquo;avoine. S\u2019agissant des fertilisants, il est fait \u00e9tat de 113.027 qx de fertilisants destin\u00e9s \u00e0 l\u2019emblavement et l\u2019engraissement&nbsp; de 90.000 hectares de terre c\u00e9r\u00e9ali\u00e8re. Ces fertilisants sont r\u00e9partis entre 50 233 61 qx d&rsquo;engrais phosphat\u00e9s et plus de 51 mille qx d&rsquo;engrais de couverture. Il est pr\u00e9vu que des quantit\u00e9s suppl\u00e9mentaires soient re\u00e7ues en plusieurs \u00e9tapes afin de r\u00e9pondre \u00e0 tous les besoins des agriculteurs sur ce produit sensible, notamment pour la r\u00e9gion sud de la wilaya, ont expliqu\u00e9 nos sources.&nbsp; Cet organisme a d\u00e9cid\u00e9 de se consacrer \u00e0 la commercialisation des l\u00e9gumes secs dont la production annuelle a atteint 83.508 qx. Selon notre source, la direction de la coop\u00e9rative des c\u00e9r\u00e9ales et des l\u00e9gumes secs a \u00e9galement ouvert 11 points de vente \u00e0 travers la wilaya pour la commercialisation de l\u00e9gumes&nbsp; secs au profit des m\u00e9nages . Des points implant\u00e9s dans le chef-lieu de la wilaya de Guelma, Oued-Zenati, Ain-Regada, Ain-Trab, Ain-Makhlouf, Tamlouka, Roknia, Mejez-Amar et Oued-Cheham, a fait savoir notre source, citant \u00e0 titre indicatif les pois chiches et les lentilles c\u00e9d\u00e9s respectivement \u00e0 150 et 140 DA\/kg et les produits d\u2019importation, \u00e0 savoir les haricots et le riz&nbsp; tax\u00e9s \u00e0 260 et 140 DA\/ kg. Des tarifs&nbsp; jug\u00e9s abordables et permettront aux familles modestes&nbsp; de se ravitailler en ces produits de large consommation.&nbsp; AinsiConscient de la pratique des commer\u00e7ants ind\u00e9licats, avides de gains faciles, la direction de la CCLS&nbsp; \u0153uvre par cette contribution \u00e0 la consolidation du pouvoir d\u2019achat des consommateurs.<\/p>\n\n\n\n<p><strong>Sofia Chahine<\/strong><\/p>\n","protected":false},"excerpt":{"rendered":"<p>Dans le cadre de la promotion des grandes cultures agricoles au niveau local pour la campagne agricole&nbsp; 2022\/23, la direction&nbsp;<\/p>\n","protected":false},"author":3,"featured_media":35812,"comment_status":"open","ping_status":"closed","sticky":false,"template":"","format":"standard","meta":{"colormag_page_container_layout":"default_layout","colormag_page_sidebar_layout":"default_layout","om_disable_all_campaigns":false,"_monsterinsights_skip_tracking":false,"_monsterinsights_sitenote_active":false,"_monsterinsights_sitenote_note":"","_monsterinsights_sitenote_category":0,"footnotes":"","_wpscppro_dont_share_socialmedia":false,"_wpscppro_custom_social_share_image":0,"_facebook_share_type":"","_twitter_share_type":"","_linkedin_share_type":"","_pinterest_share_type":"","_linkedin_share_type_page":"","_instagram_share_type":"","_medium_share_type":"","_threads_share_type":"","_google_business_share_type":"","_selected_social_profile":[],"_wpsp_enable_custom_social_template":false,"_wpsp_social_scheduling":{"enabled":false,"datetime":null,"platforms":[],"status":"template_only","dateOption":"today","timeOption":"now","customDays":"","customHours":"","customDate":"","customTime":"","schedulingType":"absolute"},"_wpsp_active_default_template":true},"categories":[31],"tags":[],"class_list":["post-35811","post","type-post","status-publish","format-standard","has-post-thumbnail","hentry","category-regions"],"aioseo_notices":[],"yoast_head":"<!-- This site is optimized with the Yoast SEO plugin v27.5 - https:\/\/yoast.com\/product\/yoast-seo-wordpress\/ -->\n<title>CCLS de Belkheir (Guelma)\u00a0: Plus de 86.000 quintaux de semences commercialis\u00e9s - La Sentinelle<\/title>\n<meta name=\"robots\" content=\"index, follow, max-snippet:-1, max-image-preview:large, max-video-preview:-1\" \/>\n<link rel=\"canonical\" href=\"https:\/\/lasentinelle.dz\/index.php\/2023\/02\/08\/ccls-de-belkheir-guelma-plus-de-86-000-quintaux-de-semences-commercialises\/\" \/>\n<meta property=\"og:locale\" content=\"fr_FR\" \/>\n<meta property=\"og:type\" content=\"article\" \/>\n<meta property=\"og:title\" content=\"CCLS de Belkheir (Guelma)\u00a0: Plus de 86.000 quintaux de semences commercialis\u00e9s - La Sentinelle\" \/>\n<meta property=\"og:description\" content=\"Dans le cadre de la promotion des grandes cultures agricoles au niveau local pour la campagne agricole&nbsp; 2022\/23, la direction&nbsp;\" \/>\n<meta property=\"og:url\" content=\"https:\/\/lasentinelle.dz\/index.php\/2023\/02\/08\/ccls-de-belkheir-guelma-plus-de-86-000-quintaux-de-semences-commercialises\/\" \/>\n<meta property=\"og:site_name\" content=\"La Sentinelle\" \/>\n<meta property=\"article:publisher\" content=\"https:\/\/www.facebook.com\/La-Sentinelle-104059864394773\" \/>\n<meta property=\"article:published_time\" content=\"2023-02-08T21:00:00+00:00\" \/>\n<meta property=\"og:image\" content=\"https:\/\/lasentinelle.dz\/wp-content\/uploads\/2023\/02\/semences.png\" \/>\n\t<meta property=\"og:image:width\" content=\"1345\" \/>\n\t<meta property=\"og:image:height\" content=\"900\" \/>\n\t<meta property=\"og:image:type\" content=\"image\/png\" \/>\n<meta name=\"author\" content=\"La Sentinelle\" \/>\n<meta name=\"twitter:card\" content=\"summary_large_image\" \/>\n<meta name=\"twitter:label1\" content=\"\u00c9crit par\" \/>\n\t<meta name=\"twitter:data1\" content=\"La Sentinelle\" \/>\n\t<meta name=\"twitter:label2\" content=\"Dur\u00e9e de lecture estim\u00e9e\" \/>\n\t<meta name=\"twitter:data2\" content=\"3 minutes\" \/>\n<script type=\"application\/ld+json\" class=\"yoast-schema-graph\">{\"@context\":\"https:\\\/\\\/schema.org\",\"@graph\":[{\"@type\":\"Article\",\"@id\":\"https:\\\/\\\/lasentinelle.dz\\\/index.php\\\/2023\\\/02\\\/08\\\/ccls-de-belkheir-guelma-plus-de-86-000-quintaux-de-semences-commercialises\\\/#article\",\"isPartOf\":{\"@id\":\"https:\\\/\\\/lasentinelle.dz\\\/index.php\\\/2023\\\/02\\\/08\\\/ccls-de-belkheir-guelma-plus-de-86-000-quintaux-de-semences-commercialises\\\/\"},\"author\":{\"name\":\"La Sentinelle\",\"@id\":\"https:\\\/\\\/lasentinelle.dz\\\/#\\\/schema\\\/person\\\/d865044e22e70a75174ce8bcad3acfb3\"},\"headline\":\"CCLS de Belkheir (Guelma)\u00a0: Plus de 86.000 quintaux de semences commercialis\u00e9s\",\"datePublished\":\"2023-02-08T21:00:00+00:00\",\"mainEntityOfPage\":{\"@id\":\"https:\\\/\\\/lasentinelle.dz\\\/index.php\\\/2023\\\/02\\\/08\\\/ccls-de-belkheir-guelma-plus-de-86-000-quintaux-de-semences-commercialises\\\/\"},\"wordCount\":449,\"commentCount\":0,\"publisher\":{\"@id\":\"https:\\\/\\\/lasentinelle.dz\\\/#organization\"},\"image\":{\"@id\":\"https:\\\/\\\/lasentinelle.dz\\\/index.php\\\/2023\\\/02\\\/08\\\/ccls-de-belkheir-guelma-plus-de-86-000-quintaux-de-semences-commercialises\\\/#primaryimage\"},\"thumbnailUrl\":\"https:\\\/\\\/lasentinelle.dz\\\/wp-content\\\/uploads\\\/2023\\\/02\\\/semences.png\",\"articleSection\":[\"R\u00e9gions\"],\"inLanguage\":\"fr-FR\",\"potentialAction\":[{\"@type\":\"CommentAction\",\"name\":\"Comment\",\"target\":[\"https:\\\/\\\/lasentinelle.dz\\\/index.php\\\/2023\\\/02\\\/08\\\/ccls-de-belkheir-guelma-plus-de-86-000-quintaux-de-semences-commercialises\\\/#respond\"]}]},{\"@type\":\"WebPage\",\"@id\":\"https:\\\/\\\/lasentinelle.dz\\\/index.php\\\/2023\\\/02\\\/08\\\/ccls-de-belkheir-guelma-plus-de-86-000-quintaux-de-semences-commercialises\\\/\",\"url\":\"https:\\\/\\\/lasentinelle.dz\\\/index.php\\\/2023\\\/02\\\/08\\\/ccls-de-belkheir-guelma-plus-de-86-000-quintaux-de-semences-commercialises\\\/\",\"name\":\"CCLS de Belkheir (Guelma)\u00a0: Plus de 86.000 quintaux de semences commercialis\u00e9s - La Sentinelle\",\"isPartOf\":{\"@id\":\"https:\\\/\\\/lasentinelle.dz\\\/#website\"},\"primaryImageOfPage\":{\"@id\":\"https:\\\/\\\/lasentinelle.dz\\\/index.php\\\/2023\\\/02\\\/08\\\/ccls-de-belkheir-guelma-plus-de-86-000-quintaux-de-semences-commercialises\\\/#primaryimage\"},\"image\":{\"@id\":\"https:\\\/\\\/lasentinelle.dz\\\/index.php\\\/2023\\\/02\\\/08\\\/ccls-de-belkheir-guelma-plus-de-86-000-quintaux-de-semences-commercialises\\\/#primaryimage\"},\"thumbnailUrl\":\"https:\\\/\\\/lasentinelle.dz\\\/wp-content\\\/uploads\\\/2023\\\/02\\\/semences.png\",\"datePublished\":\"2023-02-08T21:00:00+00:00\",\"breadcrumb\":{\"@id\":\"https:\\\/\\\/lasentinelle.dz\\\/index.php\\\/2023\\\/02\\\/08\\\/ccls-de-belkheir-guelma-plus-de-86-000-quintaux-de-semences-commercialises\\\/#breadcrumb\"},\"inLanguage\":\"fr-FR\",\"potentialAction\":[{\"@type\":\"ReadAction\",\"target\":[\"https:\\\/\\\/lasentinelle.dz\\\/index.php\\\/2023\\\/02\\\/08\\\/ccls-de-belkheir-guelma-plus-de-86-000-quintaux-de-semences-commercialises\\\/\"]}]},{\"@type\":\"ImageObject\",\"inLanguage\":\"fr-FR\",\"@id\":\"https:\\\/\\\/lasentinelle.dz\\\/index.php\\\/2023\\\/02\\\/08\\\/ccls-de-belkheir-guelma-plus-de-86-000-quintaux-de-semences-commercialises\\\/#primaryimage\",\"url\":\"https:\\\/\\\/lasentinelle.dz\\\/wp-content\\\/uploads\\\/2023\\\/02\\\/semences.png\",\"contentUrl\":\"https:\\\/\\\/lasentinelle.dz\\\/wp-content\\\/uploads\\\/2023\\\/02\\\/semences.png\",\"width\":1345,\"height\":900},{\"@type\":\"BreadcrumbList\",\"@id\":\"https:\\\/\\\/lasentinelle.dz\\\/index.php\\\/2023\\\/02\\\/08\\\/ccls-de-belkheir-guelma-plus-de-86-000-quintaux-de-semences-commercialises\\\/#breadcrumb\",\"itemListElement\":[{\"@type\":\"ListItem\",\"position\":1,\"name\":\"Accueil\",\"item\":\"https:\\\/\\\/lasentinelle.dz\\\/\"},{\"@type\":\"ListItem\",\"position\":2,\"name\":\"CCLS de Belkheir (Guelma)\u00a0: Plus de 86.000 quintaux de semences commercialis\u00e9s\"}]},{\"@type\":\"WebSite\",\"@id\":\"https:\\\/\\\/lasentinelle.dz\\\/#website\",\"url\":\"https:\\\/\\\/lasentinelle.dz\\\/\",\"name\":\"La Sentinelle\",\"description\":\"Quotidien national d&#039;information\",\"publisher\":{\"@id\":\"https:\\\/\\\/lasentinelle.dz\\\/#organization\"},\"potentialAction\":[{\"@type\":\"SearchAction\",\"target\":{\"@type\":\"EntryPoint\",\"urlTemplate\":\"https:\\\/\\\/lasentinelle.dz\\\/?s={search_term_string}\"},\"query-input\":{\"@type\":\"PropertyValueSpecification\",\"valueRequired\":true,\"valueName\":\"search_term_string\"}}],\"inLanguage\":\"fr-FR\"},{\"@type\":\"Organization\",\"@id\":\"https:\\\/\\\/lasentinelle.dz\\\/#organization\",\"name\":\"Quotidien La Sentinelle\",\"url\":\"https:\\\/\\\/lasentinelle.dz\\\/\",\"logo\":{\"@type\":\"ImageObject\",\"inLanguage\":\"fr-FR\",\"@id\":\"https:\\\/\\\/lasentinelle.dz\\\/#\\\/schema\\\/logo\\\/image\\\/\",\"url\":\"https:\\\/\\\/lasentinelle.dz\\\/wp-content\\\/uploads\\\/2021\\\/09\\\/logo-sentinelleSLOGAN-1.png\",\"contentUrl\":\"https:\\\/\\\/lasentinelle.dz\\\/wp-content\\\/uploads\\\/2021\\\/09\\\/logo-sentinelleSLOGAN-1.png\",\"width\":615,\"height\":142,\"caption\":\"Quotidien La Sentinelle\"},\"image\":{\"@id\":\"https:\\\/\\\/lasentinelle.dz\\\/#\\\/schema\\\/logo\\\/image\\\/\"},\"sameAs\":[\"https:\\\/\\\/www.facebook.com\\\/La-Sentinelle-104059864394773\"]},{\"@type\":\"Person\",\"@id\":\"https:\\\/\\\/lasentinelle.dz\\\/#\\\/schema\\\/person\\\/d865044e22e70a75174ce8bcad3acfb3\",\"name\":\"La Sentinelle\",\"image\":{\"@type\":\"ImageObject\",\"inLanguage\":\"fr-FR\",\"@id\":\"https:\\\/\\\/secure.gravatar.com\\\/avatar\\\/57de8e5d4b15d43fb361a71fbb36338450fe67865b528a43dd10ef7c51a20392?s=96&d=mm&r=g\",\"url\":\"https:\\\/\\\/secure.gravatar.com\\\/avatar\\\/57de8e5d4b15d43fb361a71fbb36338450fe67865b528a43dd10ef7c51a20392?s=96&d=mm&r=g\",\"contentUrl\":\"https:\\\/\\\/secure.gravatar.com\\\/avatar\\\/57de8e5d4b15d43fb361a71fbb36338450fe67865b528a43dd10ef7c51a20392?s=96&d=mm&r=g\",\"caption\":\"La Sentinelle\"},\"sameAs\":[\"http:\\\/\\\/www.lasentinelle.dz\"],\"url\":\"https:\\\/\\\/lasentinelle.dz\\\/author\\\/redaction\\\/\"}]}<\/script>\n<!-- \/ Yoast SEO plugin. -->","yoast_head_json":{"title":"CCLS de Belkheir (Guelma)\u00a0: Plus de 86.000 quintaux de semences commercialis\u00e9s - La Sentinelle","robots":{"index":"index","follow":"follow","max-snippet":"max-snippet:-1","max-image-preview":"max-image-preview:large","max-video-preview":"max-video-preview:-1"},"canonical":"https:\/\/lasentinelle.dz\/index.php\/2023\/02\/08\/ccls-de-belkheir-guelma-plus-de-86-000-quintaux-de-semences-commercialises\/","og_locale":"fr_FR","og_type":"article","og_title":"CCLS de Belkheir (Guelma)\u00a0: Plus de 86.000 quintaux de semences commercialis\u00e9s - La Sentinelle","og_description":"Dans le cadre de la promotion des grandes cultures agricoles au niveau local pour la campagne agricole&nbsp; 2022\/23, la direction&nbsp;","og_url":"https:\/\/lasentinelle.dz\/index.php\/2023\/02\/08\/ccls-de-belkheir-guelma-plus-de-86-000-quintaux-de-semences-commercialises\/","og_site_name":"La Sentinelle","article_publisher":"https:\/\/www.facebook.com\/La-Sentinelle-104059864394773","article_published_time":"2023-02-08T21:00:00+00:00","og_image":[{"width":1345,"height":900,"url":"https:\/\/lasentinelle.dz\/wp-content\/uploads\/2023\/02\/semences.png","type":"image\/png"}],"author":"La Sentinelle","twitter_card":"summary_large_image","twitter_misc":{"\u00c9crit par":"La Sentinelle","Dur\u00e9e de lecture estim\u00e9e":"3 minutes"},"schema":{"@context":"https:\/\/schema.org","@graph":[{"@type":"Article","@id":"https:\/\/lasentinelle.dz\/index.php\/2023\/02\/08\/ccls-de-belkheir-guelma-plus-de-86-000-quintaux-de-semences-commercialises\/#article","isPartOf":{"@id":"https:\/\/lasentinelle.dz\/index.php\/2023\/02\/08\/ccls-de-belkheir-guelma-plus-de-86-000-quintaux-de-semences-commercialises\/"},"author":{"name":"La Sentinelle","@id":"https:\/\/lasentinelle.dz\/#\/schema\/person\/d865044e22e70a75174ce8bcad3acfb3"},"headline":"CCLS de Belkheir (Guelma)\u00a0: Plus de 86.000 quintaux de semences commercialis\u00e9s","datePublished":"2023-02-08T21:00:00+00:00","mainEntityOfPage":{"@id":"https:\/\/lasentinelle.dz\/index.php\/2023\/02\/08\/ccls-de-belkheir-guelma-plus-de-86-000-quintaux-de-semences-commercialises\/"},"wordCount":449,"commentCount":0,"publisher":{"@id":"https:\/\/lasentinelle.dz\/#organization"},"image":{"@id":"https:\/\/lasentinelle.dz\/index.php\/2023\/02\/08\/ccls-de-belkheir-guelma-plus-de-86-000-quintaux-de-semences-commercialises\/#primaryimage"},"thumbnailUrl":"https:\/\/lasentinelle.dz\/wp-content\/uploads\/2023\/02\/semences.png","articleSection":["R\u00e9gions"],"inLanguage":"fr-FR","potentialAction":[{"@type":"CommentAction","name":"Comment","target":["https:\/\/lasentinelle.dz\/index.php\/2023\/02\/08\/ccls-de-belkheir-guelma-plus-de-86-000-quintaux-de-semences-commercialises\/#respond"]}]},{"@type":"WebPage","@id":"https:\/\/lasentinelle.dz\/index.php\/2023\/02\/08\/ccls-de-belkheir-guelma-plus-de-86-000-quintaux-de-semences-commercialises\/","url":"https:\/\/lasentinelle.dz\/index.php\/2023\/02\/08\/ccls-de-belkheir-guelma-plus-de-86-000-quintaux-de-semences-commercialises\/","name":"CCLS de Belkheir (Guelma)\u00a0: Plus de 86.000 quintaux de semences commercialis\u00e9s - La Sentinelle","isPartOf":{"@id":"https:\/\/lasentinelle.dz\/#website"},"primaryImageOfPage":{"@id":"https:\/\/lasentinelle.dz\/index.php\/2023\/02\/08\/ccls-de-belkheir-guelma-plus-de-86-000-quintaux-de-semences-commercialises\/#primaryimage"},"image":{"@id":"https:\/\/lasentinelle.dz\/index.php\/2023\/02\/08\/ccls-de-belkheir-guelma-plus-de-86-000-quintaux-de-semences-commercialises\/#primaryimage"},"thumbnailUrl":"https:\/\/lasentinelle.dz\/wp-content\/uploads\/2023\/02\/semences.png","datePublished":"2023-02-08T21:00:00+00:00","breadcrumb":{"@id":"https:\/\/lasentinelle.dz\/index.php\/2023\/02\/08\/ccls-de-belkheir-guelma-plus-de-86-000-quintaux-de-semences-commercialises\/#breadcrumb"},"inLanguage":"fr-FR","potentialAction":[{"@type":"ReadAction","target":["https:\/\/lasentinelle.dz\/index.php\/2023\/02\/08\/ccls-de-belkheir-guelma-plus-de-86-000-quintaux-de-semences-commercialises\/"]}]},{"@type":"ImageObject","inLanguage":"fr-FR","@id":"https:\/\/lasentinelle.dz\/index.php\/2023\/02\/08\/ccls-de-belkheir-guelma-plus-de-86-000-quintaux-de-semences-commercialises\/#primaryimage","url":"https:\/\/lasentinelle.dz\/wp-content\/uploads\/2023\/02\/semences.png","contentUrl":"https:\/\/lasentinelle.dz\/wp-content\/uploads\/2023\/02\/semences.png","width":1345,"height":900},{"@type":"BreadcrumbList","@id":"https:\/\/lasentinelle.dz\/index.php\/2023\/02\/08\/ccls-de-belkheir-guelma-plus-de-86-000-quintaux-de-semences-commercialises\/#breadcrumb","itemListElement":[{"@type":"ListItem","position":1,"name":"Accueil","item":"https:\/\/lasentinelle.dz\/"},{"@type":"ListItem","position":2,"name":"CCLS de Belkheir (Guelma)\u00a0: Plus de 86.000 quintaux de semences commercialis\u00e9s"}]},{"@type":"WebSite","@id":"https:\/\/lasentinelle.dz\/#website","url":"https:\/\/lasentinelle.dz\/","name":"La Sentinelle","description":"Quotidien national d&#039;information","publisher":{"@id":"https:\/\/lasentinelle.dz\/#organization"},"potentialAction":[{"@type":"SearchAction","target":{"@type":"EntryPoint","urlTemplate":"https:\/\/lasentinelle.dz\/?s={search_term_string}"},"query-input":{"@type":"PropertyValueSpecification","valueRequired":true,"valueName":"search_term_string"}}],"inLanguage":"fr-FR"},{"@type":"Organization","@id":"https:\/\/lasentinelle.dz\/#organization","name":"Quotidien La Sentinelle","url":"https:\/\/lasentinelle.dz\/","logo":{"@type":"ImageObject","inLanguage":"fr-FR","@id":"https:\/\/lasentinelle.dz\/#\/schema\/logo\/image\/","url":"https:\/\/lasentinelle.dz\/wp-content\/uploads\/2021\/09\/logo-sentinelleSLOGAN-1.png","contentUrl":"https:\/\/lasentinelle.dz\/wp-content\/uploads\/2021\/09\/logo-sentinelleSLOGAN-1.png","width":615,"height":142,"caption":"Quotidien La Sentinelle"},"image":{"@id":"https:\/\/lasentinelle.dz\/#\/schema\/logo\/image\/"},"sameAs":["https:\/\/www.facebook.com\/La-Sentinelle-104059864394773"]},{"@type":"Person","@id":"https:\/\/lasentinelle.dz\/#\/schema\/person\/d865044e22e70a75174ce8bcad3acfb3","name":"La Sentinelle","image":{"@type":"ImageObject","inLanguage":"fr-FR","@id":"https:\/\/secure.gravatar.com\/avatar\/57de8e5d4b15d43fb361a71fbb36338450fe67865b528a43dd10ef7c51a20392?s=96&d=mm&r=g","url":"https:\/\/secure.gravatar.com\/avatar\/57de8e5d4b15d43fb361a71fbb36338450fe67865b528a43dd10ef7c51a20392?s=96&d=mm&r=g","contentUrl":"https:\/\/secure.gravatar.com\/avatar\/57de8e5d4b15d43fb361a71fbb36338450fe67865b528a43dd10ef7c51a20392?s=96&d=mm&r=g","caption":"La Sentinelle"},"sameAs":["http:\/\/www.lasentinelle.dz"],"url":"https:\/\/lasentinelle.dz\/author\/redaction\/"}]}},"_links":{"self":[{"href":"https:\/\/lasentinelle.dz\/index.php\/wp-json\/wp\/v2\/posts\/35811","targetHints":{"allow":["GET"]}}],"collection":[{"href":"https:\/\/lasentinelle.dz\/index.php\/wp-json\/wp\/v2\/posts"}],"about":[{"href":"https:\/\/lasentinelle.dz\/index.php\/wp-json\/wp\/v2\/types\/post"}],"author":[{"embeddable":true,"href":"https:\/\/lasentinelle.dz\/index.php\/wp-json\/wp\/v2\/users\/3"}],"replies":[{"embeddable":true,"href":"https:\/\/lasentinelle.dz\/index.php\/wp-json\/wp\/v2\/comments?post=35811"}],"version-history":[{"count":2,"href":"https:\/\/lasentinelle.dz\/index.php\/wp-json\/wp\/v2\/posts\/35811\/revisions"}],"predecessor-version":[{"id":35858,"href":"https:\/\/lasentinelle.dz\/index.php\/wp-json\/wp\/v2\/posts\/35811\/revisions\/35858"}],"wp:featuredmedia":[{"embeddable":true,"href":"https:\/\/lasentinelle.dz\/index.php\/wp-json\/wp\/v2\/media\/35812"}],"wp:attachment":[{"href":"https:\/\/lasentinelle.dz\/index.php\/wp-json\/wp\/v2\/media?parent=35811"}],"wp:term":[{"taxonomy":"category","embeddable":true,"href":"https:\/\/lasentinelle.dz\/index.php\/wp-json\/wp\/v2\/categories?post=35811"},{"taxonomy":"post_tag","embeddable":true,"href":"https:\/\/lasentinelle.dz\/index.php\/wp-json\/wp\/v2\/tags?post=35811"}],"curies":[{"name":"wp","href":"https:\/\/api.w.org\/{rel}","templated":true}]}}