{"id":35815,"date":"2023-02-08T22:08:00","date_gmt":"2023-02-08T21:08:00","guid":{"rendered":"https:\/\/lasentinelle.dz\/?p=35815"},"modified":"2023-02-08T17:51:16","modified_gmt":"2023-02-08T16:51:16","slug":"ligue-des-champions-de-la-caf-le-crb-et-la-jsk-en-appel","status":"publish","type":"post","link":"https:\/\/lasentinelle.dz\/index.php\/2023\/02\/08\/ligue-des-champions-de-la-caf-le-crb-et-la-jsk-en-appel\/","title":{"rendered":"Ligue des champions de la CAF\u00a0: Le CRB et la JSK en appel"},"content":{"rendered":"\n<p>Le CR Belouizdad et la JS Kabylie, repr\u00e9sentants alg\u00e9riens en Ligue des champions de la CAF, entameront la phase de poules en d\u00e9placement et feront face au d\u00e9fi de mettre toutes les chances de leur c\u00f4t\u00e9, en rendant leur plus belle copie<\/p>\n\n\n\n<p>Le CR Belouizdad est \u00e0 pied d\u2019\u0153uvre au Caire en pr\u00e9vision de sa rencontre avec un poids lourds, un habitu\u00e9 de la comp\u00e9tition. Il doit affronter le club \u00e9gyptien de Zamalek demain soir au Cairo Stadium. Vers\u00e9 dans le groupe D, e Chabab, triple champion d\u2019Alg\u00e9rie esp\u00e8re d\u00e9marrer du bon pied, et revenir avec un bon r\u00e9sultat, d&rsquo;autant que cette comp\u00e9tition constitue un objectif majeur pour le club alg\u00e9rois, qui a enregistr\u00e9 un changement au niveau de sa direction cette semaine, avec la d\u00e9signation de Mehdi Rabehi en remplacement de Mohamed Ben Hadj.L&rsquo;entra\u00eeneur tunisien du CRB, Nabil Kouki est appel\u00e9 \u00e0 remobiliser son groupe, d&rsquo;autant que pas moins de 8 joueurs \u00e9taient engag\u00e9s avec l&rsquo;\u00e9quipe nationale A&rsquo; au Championnat d&rsquo;Afrique des nations CHAN-2022, dont l&rsquo;Alg\u00e9rie a perdu le titre samedi en finale face au S\u00e9n\u00e9gal (0-0, aux t.a.b : 4-5). Le club alg\u00e9rois sera priv\u00e9 des services du d\u00e9fenseur central et capitaine Sofiane Bouchar, suspendu. Le club alg\u00e9rien affrontera le Zamalek, o\u00f9 rien ne va plus, puisque la formation cairote traverse une mauvaise passe en championnat avec une s\u00e9rie de trois d\u00e9faites cons\u00e9cutives.Elimin\u00e9 en quarts de finale lors de la pr\u00e9c\u00e9dente \u00e9dition par le Wydad de Casablanca (aller : 0-1, retour : 0-0), le Chabab tentera d&rsquo;entamer cette nouvelle \u00e9dition du bon pied, face \u00e0 un adversaire habitu\u00e9 \u00e0 prendre part \u00e0 ce genre de rendez-vous.Dirig\u00e9 sur le banc par le Portugais Jesualdo Ferreira, \u00e9vinc\u00e9 dans un premier temps pour mauvais r\u00e9sultats avant d&rsquo;\u00eatre finalement maintenu, le&nbsp; Zamalek fait du surplace en championnat \u00e9gyptien, et occupe d\u00e9sormais la 4e&nbsp; place au classement avec 29 points, \u00e0 huit longueurs de retard sur le leader et \u00e9ternel rival Al-Ahly.Dans l&rsquo;autre match de ce groupe D, l&rsquo;Esp\u00e9rance de Tunis, demi-finaliste de la derni\u00e8re \u00e9dition, entamera cette phase de poules \u00e0 domicile face aux Soudanais d&rsquo;Al-Merreikh. De son c\u00f4t\u00e9, la JS Kabylie, qui signe son retour sur le plan continental apr\u00e8s deux ann\u00e9es d&rsquo;absence, affrontera dans le groupe A, la coriace formation angolaise de Petro Atl\u00e9tico, actuel leader du championnat et qui reste sur une belle s\u00e9rie de quatre victoires et un nul.Rel\u00e9gable au terme de la phase aller de la Ligue 1 (15e, 12 pts), la formation kabyle devra puiser dans ses ressources pour faire de cette \u00e9preuve une source de motivation afin de relever la t\u00eate dans la seconde partie de la saison.Les \u00ab\u00a0Canaris\u00a0\u00bb, dirig\u00e9s sur le banc par Miloud Hamdi, restent sur trois revers de rang en championnat. La direction du club a profit\u00e9 du mercato d&rsquo;hiver pour renforcer l&rsquo;effectif dans l&rsquo;objectif, tout d&rsquo;abord, d&rsquo;assurer le maintien et ensuite, aller le plus loin possible dans la comp\u00e9tition continentale. Pour recharger les batteries, la JSK a effectu\u00e9 un stage en Turquie ponctu\u00e9 par une s\u00e9rie de matchs amicaux.L&rsquo;autre match de cette poule entre les Marocains du Wydad Casablanca, d\u00e9tenteurs du titre, et les Congolais de l&rsquo;AS Vita Club, a \u00e9t\u00e9 report\u00e9 \u00e0 mars prochain, en raison de l&rsquo;engagement du WAC au Mondial des clubs.<\/p>\n\n\n\n<p>Chokri Hafed<\/p>\n","protected":false},"excerpt":{"rendered":"<p>Le CR Belouizdad et la JS Kabylie, repr\u00e9sentants alg\u00e9riens en Ligue des champions de la CAF, entameront la phase de<\/p>\n","protected":false},"author":3,"featured_media":35822,"comment_status":"open","ping_status":"closed","sticky":false,"template":"","format":"standard","meta":{"colormag_page_container_layout":"default_layout","colormag_page_sidebar_layout":"default_layout","om_disable_all_campaigns":false,"_monsterinsights_skip_tracking":false,"_monsterinsights_sitenote_active":false,"_monsterinsights_sitenote_note":"","_monsterinsights_sitenote_category":0,"footnotes":"","_wpscppro_dont_share_socialmedia":false,"_wpscppro_custom_social_share_image":0,"_facebook_share_type":"","_twitter_share_type":"","_linkedin_share_type":"","_pinterest_share_type":"","_linkedin_share_type_page":"","_instagram_share_type":"","_medium_share_type":"","_threads_share_type":"","_google_business_share_type":"","_selected_social_profile":[],"_wpsp_enable_custom_social_template":false,"_wpsp_social_scheduling":{"enabled":false,"datetime":null,"platforms":[],"status":"template_only","dateOption":"today","timeOption":"now","customDays":"","customHours":"","customDate":"","customTime":"","schedulingType":"absolute"},"_wpsp_active_default_template":true},"categories":[52,33],"tags":[],"class_list":["post-35815","post","type-post","status-publish","format-standard","has-post-thumbnail","hentry","category-a-la-une","category-sports"],"aioseo_notices":[],"yoast_head":"<!-- This site is optimized with the Yoast SEO plugin v27.5 - https:\/\/yoast.com\/product\/yoast-seo-wordpress\/ -->\n<title>Ligue des champions de la CAF\u00a0: Le CRB et la JSK en appel - La Sentinelle<\/title>\n<meta name=\"robots\" content=\"index, follow, max-snippet:-1, max-image-preview:large, max-video-preview:-1\" \/>\n<link rel=\"canonical\" href=\"https:\/\/lasentinelle.dz\/index.php\/2023\/02\/08\/ligue-des-champions-de-la-caf-le-crb-et-la-jsk-en-appel\/\" \/>\n<meta property=\"og:locale\" content=\"fr_FR\" \/>\n<meta property=\"og:type\" content=\"article\" \/>\n<meta property=\"og:title\" content=\"Ligue des champions de la CAF\u00a0: Le CRB et la JSK en appel - La Sentinelle\" \/>\n<meta property=\"og:description\" content=\"Le CR Belouizdad et la JS Kabylie, repr\u00e9sentants alg\u00e9riens en Ligue des champions de la CAF, entameront la phase de\" \/>\n<meta property=\"og:url\" content=\"https:\/\/lasentinelle.dz\/index.php\/2023\/02\/08\/ligue-des-champions-de-la-caf-le-crb-et-la-jsk-en-appel\/\" \/>\n<meta property=\"og:site_name\" content=\"La Sentinelle\" \/>\n<meta property=\"article:publisher\" content=\"https:\/\/www.facebook.com\/La-Sentinelle-104059864394773\" \/>\n<meta property=\"article:published_time\" content=\"2023-02-08T21:08:00+00:00\" \/>\n<meta property=\"og:image\" content=\"https:\/\/lasentinelle.dz\/wp-content\/uploads\/2023\/02\/Ligue-des-Champions-CAF.png\" \/>\n\t<meta property=\"og:image:width\" content=\"1595\" \/>\n\t<meta property=\"og:image:height\" content=\"900\" \/>\n\t<meta property=\"og:image:type\" content=\"image\/png\" \/>\n<meta name=\"author\" content=\"La Sentinelle\" \/>\n<meta name=\"twitter:card\" content=\"summary_large_image\" \/>\n<meta name=\"twitter:label1\" content=\"\u00c9crit par\" \/>\n\t<meta name=\"twitter:data1\" content=\"La Sentinelle\" \/>\n\t<meta name=\"twitter:label2\" content=\"Dur\u00e9e de lecture estim\u00e9e\" \/>\n\t<meta name=\"twitter:data2\" content=\"3 minutes\" \/>\n<script type=\"application\/ld+json\" class=\"yoast-schema-graph\">{\"@context\":\"https:\\\/\\\/schema.org\",\"@graph\":[{\"@type\":\"Article\",\"@id\":\"https:\\\/\\\/lasentinelle.dz\\\/index.php\\\/2023\\\/02\\\/08\\\/ligue-des-champions-de-la-caf-le-crb-et-la-jsk-en-appel\\\/#article\",\"isPartOf\":{\"@id\":\"https:\\\/\\\/lasentinelle.dz\\\/index.php\\\/2023\\\/02\\\/08\\\/ligue-des-champions-de-la-caf-le-crb-et-la-jsk-en-appel\\\/\"},\"author\":{\"name\":\"La Sentinelle\",\"@id\":\"https:\\\/\\\/lasentinelle.dz\\\/#\\\/schema\\\/person\\\/d865044e22e70a75174ce8bcad3acfb3\"},\"headline\":\"Ligue des champions de la CAF\u00a0: Le CRB et la JSK en appel\",\"datePublished\":\"2023-02-08T21:08:00+00:00\",\"mainEntityOfPage\":{\"@id\":\"https:\\\/\\\/lasentinelle.dz\\\/index.php\\\/2023\\\/02\\\/08\\\/ligue-des-champions-de-la-caf-le-crb-et-la-jsk-en-appel\\\/\"},\"wordCount\":609,\"commentCount\":0,\"publisher\":{\"@id\":\"https:\\\/\\\/lasentinelle.dz\\\/#organization\"},\"image\":{\"@id\":\"https:\\\/\\\/lasentinelle.dz\\\/index.php\\\/2023\\\/02\\\/08\\\/ligue-des-champions-de-la-caf-le-crb-et-la-jsk-en-appel\\\/#primaryimage\"},\"thumbnailUrl\":\"https:\\\/\\\/lasentinelle.dz\\\/wp-content\\\/uploads\\\/2023\\\/02\\\/Ligue-des-Champions-CAF.png\",\"articleSection\":[\"\u00c0 la Une\",\"Sports\"],\"inLanguage\":\"fr-FR\",\"potentialAction\":[{\"@type\":\"CommentAction\",\"name\":\"Comment\",\"target\":[\"https:\\\/\\\/lasentinelle.dz\\\/index.php\\\/2023\\\/02\\\/08\\\/ligue-des-champions-de-la-caf-le-crb-et-la-jsk-en-appel\\\/#respond\"]}]},{\"@type\":\"WebPage\",\"@id\":\"https:\\\/\\\/lasentinelle.dz\\\/index.php\\\/2023\\\/02\\\/08\\\/ligue-des-champions-de-la-caf-le-crb-et-la-jsk-en-appel\\\/\",\"url\":\"https:\\\/\\\/lasentinelle.dz\\\/index.php\\\/2023\\\/02\\\/08\\\/ligue-des-champions-de-la-caf-le-crb-et-la-jsk-en-appel\\\/\",\"name\":\"Ligue des champions de la CAF\u00a0: Le CRB et la JSK en appel - La Sentinelle\",\"isPartOf\":{\"@id\":\"https:\\\/\\\/lasentinelle.dz\\\/#website\"},\"primaryImageOfPage\":{\"@id\":\"https:\\\/\\\/lasentinelle.dz\\\/index.php\\\/2023\\\/02\\\/08\\\/ligue-des-champions-de-la-caf-le-crb-et-la-jsk-en-appel\\\/#primaryimage\"},\"image\":{\"@id\":\"https:\\\/\\\/lasentinelle.dz\\\/index.php\\\/2023\\\/02\\\/08\\\/ligue-des-champions-de-la-caf-le-crb-et-la-jsk-en-appel\\\/#primaryimage\"},\"thumbnailUrl\":\"https:\\\/\\\/lasentinelle.dz\\\/wp-content\\\/uploads\\\/2023\\\/02\\\/Ligue-des-Champions-CAF.png\",\"datePublished\":\"2023-02-08T21:08:00+00:00\",\"breadcrumb\":{\"@id\":\"https:\\\/\\\/lasentinelle.dz\\\/index.php\\\/2023\\\/02\\\/08\\\/ligue-des-champions-de-la-caf-le-crb-et-la-jsk-en-appel\\\/#breadcrumb\"},\"inLanguage\":\"fr-FR\",\"potentialAction\":[{\"@type\":\"ReadAction\",\"target\":[\"https:\\\/\\\/lasentinelle.dz\\\/index.php\\\/2023\\\/02\\\/08\\\/ligue-des-champions-de-la-caf-le-crb-et-la-jsk-en-appel\\\/\"]}]},{\"@type\":\"ImageObject\",\"inLanguage\":\"fr-FR\",\"@id\":\"https:\\\/\\\/lasentinelle.dz\\\/index.php\\\/2023\\\/02\\\/08\\\/ligue-des-champions-de-la-caf-le-crb-et-la-jsk-en-appel\\\/#primaryimage\",\"url\":\"https:\\\/\\\/lasentinelle.dz\\\/wp-content\\\/uploads\\\/2023\\\/02\\\/Ligue-des-Champions-CAF.png\",\"contentUrl\":\"https:\\\/\\\/lasentinelle.dz\\\/wp-content\\\/uploads\\\/2023\\\/02\\\/Ligue-des-Champions-CAF.png\",\"width\":1595,\"height\":900},{\"@type\":\"BreadcrumbList\",\"@id\":\"https:\\\/\\\/lasentinelle.dz\\\/index.php\\\/2023\\\/02\\\/08\\\/ligue-des-champions-de-la-caf-le-crb-et-la-jsk-en-appel\\\/#breadcrumb\",\"itemListElement\":[{\"@type\":\"ListItem\",\"position\":1,\"name\":\"Accueil\",\"item\":\"https:\\\/\\\/lasentinelle.dz\\\/\"},{\"@type\":\"ListItem\",\"position\":2,\"name\":\"Ligue des champions de la CAF\u00a0: Le CRB et la JSK en appel\"}]},{\"@type\":\"WebSite\",\"@id\":\"https:\\\/\\\/lasentinelle.dz\\\/#website\",\"url\":\"https:\\\/\\\/lasentinelle.dz\\\/\",\"name\":\"La Sentinelle\",\"description\":\"Quotidien national d&#039;information\",\"publisher\":{\"@id\":\"https:\\\/\\\/lasentinelle.dz\\\/#organization\"},\"potentialAction\":[{\"@type\":\"SearchAction\",\"target\":{\"@type\":\"EntryPoint\",\"urlTemplate\":\"https:\\\/\\\/lasentinelle.dz\\\/?s={search_term_string}\"},\"query-input\":{\"@type\":\"PropertyValueSpecification\",\"valueRequired\":true,\"valueName\":\"search_term_string\"}}],\"inLanguage\":\"fr-FR\"},{\"@type\":\"Organization\",\"@id\":\"https:\\\/\\\/lasentinelle.dz\\\/#organization\",\"name\":\"Quotidien La Sentinelle\",\"url\":\"https:\\\/\\\/lasentinelle.dz\\\/\",\"logo\":{\"@type\":\"ImageObject\",\"inLanguage\":\"fr-FR\",\"@id\":\"https:\\\/\\\/lasentinelle.dz\\\/#\\\/schema\\\/logo\\\/image\\\/\",\"url\":\"https:\\\/\\\/lasentinelle.dz\\\/wp-content\\\/uploads\\\/2021\\\/09\\\/logo-sentinelleSLOGAN-1.png\",\"contentUrl\":\"https:\\\/\\\/lasentinelle.dz\\\/wp-content\\\/uploads\\\/2021\\\/09\\\/logo-sentinelleSLOGAN-1.png\",\"width\":615,\"height\":142,\"caption\":\"Quotidien La Sentinelle\"},\"image\":{\"@id\":\"https:\\\/\\\/lasentinelle.dz\\\/#\\\/schema\\\/logo\\\/image\\\/\"},\"sameAs\":[\"https:\\\/\\\/www.facebook.com\\\/La-Sentinelle-104059864394773\"]},{\"@type\":\"Person\",\"@id\":\"https:\\\/\\\/lasentinelle.dz\\\/#\\\/schema\\\/person\\\/d865044e22e70a75174ce8bcad3acfb3\",\"name\":\"La Sentinelle\",\"image\":{\"@type\":\"ImageObject\",\"inLanguage\":\"fr-FR\",\"@id\":\"https:\\\/\\\/secure.gravatar.com\\\/avatar\\\/57de8e5d4b15d43fb361a71fbb36338450fe67865b528a43dd10ef7c51a20392?s=96&d=mm&r=g\",\"url\":\"https:\\\/\\\/secure.gravatar.com\\\/avatar\\\/57de8e5d4b15d43fb361a71fbb36338450fe67865b528a43dd10ef7c51a20392?s=96&d=mm&r=g\",\"contentUrl\":\"https:\\\/\\\/secure.gravatar.com\\\/avatar\\\/57de8e5d4b15d43fb361a71fbb36338450fe67865b528a43dd10ef7c51a20392?s=96&d=mm&r=g\",\"caption\":\"La Sentinelle\"},\"sameAs\":[\"http:\\\/\\\/www.lasentinelle.dz\"],\"url\":\"https:\\\/\\\/lasentinelle.dz\\\/author\\\/redaction\\\/\"}]}<\/script>\n<!-- \/ Yoast SEO plugin. -->","yoast_head_json":{"title":"Ligue des champions de la CAF\u00a0: Le CRB et la JSK en appel - La Sentinelle","robots":{"index":"index","follow":"follow","max-snippet":"max-snippet:-1","max-image-preview":"max-image-preview:large","max-video-preview":"max-video-preview:-1"},"canonical":"https:\/\/lasentinelle.dz\/index.php\/2023\/02\/08\/ligue-des-champions-de-la-caf-le-crb-et-la-jsk-en-appel\/","og_locale":"fr_FR","og_type":"article","og_title":"Ligue des champions de la CAF\u00a0: Le CRB et la JSK en appel - La Sentinelle","og_description":"Le CR Belouizdad et la JS Kabylie, repr\u00e9sentants alg\u00e9riens en Ligue des champions de la CAF, entameront la phase de","og_url":"https:\/\/lasentinelle.dz\/index.php\/2023\/02\/08\/ligue-des-champions-de-la-caf-le-crb-et-la-jsk-en-appel\/","og_site_name":"La Sentinelle","article_publisher":"https:\/\/www.facebook.com\/La-Sentinelle-104059864394773","article_published_time":"2023-02-08T21:08:00+00:00","og_image":[{"width":1595,"height":900,"url":"https:\/\/lasentinelle.dz\/wp-content\/uploads\/2023\/02\/Ligue-des-Champions-CAF.png","type":"image\/png"}],"author":"La Sentinelle","twitter_card":"summary_large_image","twitter_misc":{"\u00c9crit par":"La Sentinelle","Dur\u00e9e de lecture estim\u00e9e":"3 minutes"},"schema":{"@context":"https:\/\/schema.org","@graph":[{"@type":"Article","@id":"https:\/\/lasentinelle.dz\/index.php\/2023\/02\/08\/ligue-des-champions-de-la-caf-le-crb-et-la-jsk-en-appel\/#article","isPartOf":{"@id":"https:\/\/lasentinelle.dz\/index.php\/2023\/02\/08\/ligue-des-champions-de-la-caf-le-crb-et-la-jsk-en-appel\/"},"author":{"name":"La Sentinelle","@id":"https:\/\/lasentinelle.dz\/#\/schema\/person\/d865044e22e70a75174ce8bcad3acfb3"},"headline":"Ligue des champions de la CAF\u00a0: Le CRB et la JSK en appel","datePublished":"2023-02-08T21:08:00+00:00","mainEntityOfPage":{"@id":"https:\/\/lasentinelle.dz\/index.php\/2023\/02\/08\/ligue-des-champions-de-la-caf-le-crb-et-la-jsk-en-appel\/"},"wordCount":609,"commentCount":0,"publisher":{"@id":"https:\/\/lasentinelle.dz\/#organization"},"image":{"@id":"https:\/\/lasentinelle.dz\/index.php\/2023\/02\/08\/ligue-des-champions-de-la-caf-le-crb-et-la-jsk-en-appel\/#primaryimage"},"thumbnailUrl":"https:\/\/lasentinelle.dz\/wp-content\/uploads\/2023\/02\/Ligue-des-Champions-CAF.png","articleSection":["\u00c0 la Une","Sports"],"inLanguage":"fr-FR","potentialAction":[{"@type":"CommentAction","name":"Comment","target":["https:\/\/lasentinelle.dz\/index.php\/2023\/02\/08\/ligue-des-champions-de-la-caf-le-crb-et-la-jsk-en-appel\/#respond"]}]},{"@type":"WebPage","@id":"https:\/\/lasentinelle.dz\/index.php\/2023\/02\/08\/ligue-des-champions-de-la-caf-le-crb-et-la-jsk-en-appel\/","url":"https:\/\/lasentinelle.dz\/index.php\/2023\/02\/08\/ligue-des-champions-de-la-caf-le-crb-et-la-jsk-en-appel\/","name":"Ligue des champions de la CAF\u00a0: Le CRB et la JSK en appel - La Sentinelle","isPartOf":{"@id":"https:\/\/lasentinelle.dz\/#website"},"primaryImageOfPage":{"@id":"https:\/\/lasentinelle.dz\/index.php\/2023\/02\/08\/ligue-des-champions-de-la-caf-le-crb-et-la-jsk-en-appel\/#primaryimage"},"image":{"@id":"https:\/\/lasentinelle.dz\/index.php\/2023\/02\/08\/ligue-des-champions-de-la-caf-le-crb-et-la-jsk-en-appel\/#primaryimage"},"thumbnailUrl":"https:\/\/lasentinelle.dz\/wp-content\/uploads\/2023\/02\/Ligue-des-Champions-CAF.png","datePublished":"2023-02-08T21:08:00+00:00","breadcrumb":{"@id":"https:\/\/lasentinelle.dz\/index.php\/2023\/02\/08\/ligue-des-champions-de-la-caf-le-crb-et-la-jsk-en-appel\/#breadcrumb"},"inLanguage":"fr-FR","potentialAction":[{"@type":"ReadAction","target":["https:\/\/lasentinelle.dz\/index.php\/2023\/02\/08\/ligue-des-champions-de-la-caf-le-crb-et-la-jsk-en-appel\/"]}]},{"@type":"ImageObject","inLanguage":"fr-FR","@id":"https:\/\/lasentinelle.dz\/index.php\/2023\/02\/08\/ligue-des-champions-de-la-caf-le-crb-et-la-jsk-en-appel\/#primaryimage","url":"https:\/\/lasentinelle.dz\/wp-content\/uploads\/2023\/02\/Ligue-des-Champions-CAF.png","contentUrl":"https:\/\/lasentinelle.dz\/wp-content\/uploads\/2023\/02\/Ligue-des-Champions-CAF.png","width":1595,"height":900},{"@type":"BreadcrumbList","@id":"https:\/\/lasentinelle.dz\/index.php\/2023\/02\/08\/ligue-des-champions-de-la-caf-le-crb-et-la-jsk-en-appel\/#breadcrumb","itemListElement":[{"@type":"ListItem","position":1,"name":"Accueil","item":"https:\/\/lasentinelle.dz\/"},{"@type":"ListItem","position":2,"name":"Ligue des champions de la CAF\u00a0: Le CRB et la JSK en appel"}]},{"@type":"WebSite","@id":"https:\/\/lasentinelle.dz\/#website","url":"https:\/\/lasentinelle.dz\/","name":"La Sentinelle","description":"Quotidien national d&#039;information","publisher":{"@id":"https:\/\/lasentinelle.dz\/#organization"},"potentialAction":[{"@type":"SearchAction","target":{"@type":"EntryPoint","urlTemplate":"https:\/\/lasentinelle.dz\/?s={search_term_string}"},"query-input":{"@type":"PropertyValueSpecification","valueRequired":true,"valueName":"search_term_string"}}],"inLanguage":"fr-FR"},{"@type":"Organization","@id":"https:\/\/lasentinelle.dz\/#organization","name":"Quotidien La Sentinelle","url":"https:\/\/lasentinelle.dz\/","logo":{"@type":"ImageObject","inLanguage":"fr-FR","@id":"https:\/\/lasentinelle.dz\/#\/schema\/logo\/image\/","url":"https:\/\/lasentinelle.dz\/wp-content\/uploads\/2021\/09\/logo-sentinelleSLOGAN-1.png","contentUrl":"https:\/\/lasentinelle.dz\/wp-content\/uploads\/2021\/09\/logo-sentinelleSLOGAN-1.png","width":615,"height":142,"caption":"Quotidien La Sentinelle"},"image":{"@id":"https:\/\/lasentinelle.dz\/#\/schema\/logo\/image\/"},"sameAs":["https:\/\/www.facebook.com\/La-Sentinelle-104059864394773"]},{"@type":"Person","@id":"https:\/\/lasentinelle.dz\/#\/schema\/person\/d865044e22e70a75174ce8bcad3acfb3","name":"La Sentinelle","image":{"@type":"ImageObject","inLanguage":"fr-FR","@id":"https:\/\/secure.gravatar.com\/avatar\/57de8e5d4b15d43fb361a71fbb36338450fe67865b528a43dd10ef7c51a20392?s=96&d=mm&r=g","url":"https:\/\/secure.gravatar.com\/avatar\/57de8e5d4b15d43fb361a71fbb36338450fe67865b528a43dd10ef7c51a20392?s=96&d=mm&r=g","contentUrl":"https:\/\/secure.gravatar.com\/avatar\/57de8e5d4b15d43fb361a71fbb36338450fe67865b528a43dd10ef7c51a20392?s=96&d=mm&r=g","caption":"La Sentinelle"},"sameAs":["http:\/\/www.lasentinelle.dz"],"url":"https:\/\/lasentinelle.dz\/author\/redaction\/"}]}},"_links":{"self":[{"href":"https:\/\/lasentinelle.dz\/index.php\/wp-json\/wp\/v2\/posts\/35815","targetHints":{"allow":["GET"]}}],"collection":[{"href":"https:\/\/lasentinelle.dz\/index.php\/wp-json\/wp\/v2\/posts"}],"about":[{"href":"https:\/\/lasentinelle.dz\/index.php\/wp-json\/wp\/v2\/types\/post"}],"author":[{"embeddable":true,"href":"https:\/\/lasentinelle.dz\/index.php\/wp-json\/wp\/v2\/users\/3"}],"replies":[{"embeddable":true,"href":"https:\/\/lasentinelle.dz\/index.php\/wp-json\/wp\/v2\/comments?post=35815"}],"version-history":[{"count":1,"href":"https:\/\/lasentinelle.dz\/index.php\/wp-json\/wp\/v2\/posts\/35815\/revisions"}],"predecessor-version":[{"id":35823,"href":"https:\/\/lasentinelle.dz\/index.php\/wp-json\/wp\/v2\/posts\/35815\/revisions\/35823"}],"wp:featuredmedia":[{"embeddable":true,"href":"https:\/\/lasentinelle.dz\/index.php\/wp-json\/wp\/v2\/media\/35822"}],"wp:attachment":[{"href":"https:\/\/lasentinelle.dz\/index.php\/wp-json\/wp\/v2\/media?parent=35815"}],"wp:term":[{"taxonomy":"category","embeddable":true,"href":"https:\/\/lasentinelle.dz\/index.php\/wp-json\/wp\/v2\/categories?post=35815"},{"taxonomy":"post_tag","embeddable":true,"href":"https:\/\/lasentinelle.dz\/index.php\/wp-json\/wp\/v2\/tags?post=35815"}],"curies":[{"name":"wp","href":"https:\/\/api.w.org\/{rel}","templated":true}]}}