{"id":35816,"date":"2023-02-08T22:00:00","date_gmt":"2023-02-08T21:00:00","guid":{"rendered":"https:\/\/lasentinelle.dz\/?p=35816"},"modified":"2023-02-08T17:53:15","modified_gmt":"2023-02-08T16:53:15","slug":"chan-2022-quatre-joueurs-algeriens-dans-lequipe-type-de-la-caf","status":"publish","type":"post","link":"https:\/\/lasentinelle.dz\/index.php\/2023\/02\/08\/chan-2022-quatre-joueurs-algeriens-dans-lequipe-type-de-la-caf\/","title":{"rendered":"CHAN 2022\u00a0: Quatre joueurs alg\u00e9riens dans l&rsquo;\u00e9quipe type de la CAF"},"content":{"rendered":"\n<p>Quatre internationaux alg\u00e9riens figurent dans le Onze type du Championnat d&rsquo;Afrique des nations CHAN 2022 choisi par le groupe d\u2019\u00e9tude de la CAF, selon la liste d\u00e9voil\u00e9e mardi par l&rsquo;instance africaine.Les quatre joueurs alg\u00e9riens sont: le d\u00e9fenseur central droit Ayoub Abdellaoui, le d\u00e9fenseur central gauche Choua\u00efb Keddad, le milieu d\u00e9fensif&nbsp; Houssem Mrezigue et l&rsquo;attaquant de pointe&nbsp; Aymen Mahious.Le d\u00e9fenseur du MC Alger Abdellaoui a \u00e9t\u00e9 \u00e9tincelant tout au long de ce CHAN. Le capitaine des Verts a d\u00e9gout\u00e9 l&rsquo;ensemble des attaquants adverses. Des tacles pr\u00e9cieux, des retours salvateurs, une solidit\u00e9 de tous les instants dans le duel, imp\u00e9rial dans les airs. Bref, un championnat d\u2019Afrique des Nations en taille patron, a \u00e9crit la CAF sur son site officiel.Son co\u00e9quipier en d\u00e9fense Choua\u00efb Keddad, appel\u00e9 par Madjid Bougherra pour disputer ce CHAN, ne s&rsquo;est pas manqu\u00e9. Dominant dans les duels, pr\u00e9cieux dans les situations de profondeur, inspir\u00e9 \u00e0 la relance, le joueurs du CR Belouizdad a prouv\u00e9 qu&rsquo;il est un d\u00e9fenseur complet. Aux c\u00f4t\u00e9s d\u2019Abdellaoui, le joueur de 29 ans n&rsquo;a que tr\u00e8s rarement \u00e9t\u00e9 pris \u00e0 revers, \u00e0 l&rsquo;image de ses prestations \u00e9poustouflantes r\u00e9alis\u00e9es contre l\u2019Ethiopie ou encore le Niger.<\/p>\n\n\n\n<p>Parlons de r\u00e9v\u00e9lation pour certains, parlons plut\u00f4t de la confirmation pour d&rsquo;autres. Tel est le cas pour Houssem Mrezigue. Meilleur joueur de la comp\u00e9tition, le joueur du CR Belouizdad a rayonn\u00e9 dans l&rsquo;entrejeu des Verts. Grand artisan de la place de finaliste glan\u00e9e par les hommes de Madjid Bougherra, sa prestation majuscule r\u00e9alis\u00e9e face au Niger est \u00e0 montrer dans toutes les \u00e9coles de football.Brillant et impressionnant, ces deux mots d\u00e9crivent tr\u00e8s bien Aymen Mahious. Meilleur buteur de la comp\u00e9tition avec 5 r\u00e9alisations, son doubl\u00e9 face au Niger restera un des grands moments de ce tournoi. Son penalty rat\u00e9 en finale contre le S\u00e9n\u00e9gal n&rsquo;enl\u00e8ve en rien la dimension prise par l\u2019attquant de l&rsquo;USM Alger sur la sc\u00e8ne continentale.Outre les quatre internationaux alg\u00e9riens, le Onze type du CHAN 2022 est compos\u00e9 \u00e9galement de cinq joueurs s\u00e9n\u00e9galais et deux malgaches. Entre r\u00e9v\u00e9lations, esth\u00e8tes et g\u00e9nies de ce sport, cette formation organis\u00e9e en 4-3-3 retrace le gratin de cette comp\u00e9tition r\u00e9serv\u00e9e aux joueurs locaux.Le S\u00e9n\u00e9gal a remport\u00e9 pour la premi\u00e8re fois de son histoire le championnat d&rsquo;Afrique des nations au d\u00e9triment de l&rsquo;Alg\u00e9rie (0-0, 5-4 aux t.a.b.) samedi au stade Nelson Mandela de Baraki.<\/p>\n\n\n\n<p>APS<\/p>\n\n\n\n<p><\/p>\n\n\n\n<p><strong>Le Onze type du CHAN 2022:<\/strong><\/p>\n\n\n\n<p>Gardien: Pape SY (S\u00e9n\u00e9gal)<\/p>\n\n\n\n<p>D\u00e9fenseurs: Mamadou San\u00e9 (S\u00e9n\u00e9gal), Ayoub Abdellaoui (Alg\u00e9rie), Choua\u00efb Keddad (Alg\u00e9rie),Cheick Sidib\u00e9 (S\u00e9n\u00e9gal)<\/p>\n\n\n\n<p>Milieux de terrain: Lamine Camara (S\u00e9n\u00e9gal), Houssem Mrezigue<\/p>\n\n\n\n<p>Attaquants: Solomampionona Razafindranaivo Koloina (Madagascar), Papa Diallo (S\u00e9n\u00e9gal), Aymen Mahiouz (Alg\u00e9rie).<\/p>\n","protected":false},"excerpt":{"rendered":"<p>Quatre internationaux alg\u00e9riens figurent dans le Onze type du Championnat d&rsquo;Afrique des nations CHAN 2022 choisi par le groupe d\u2019\u00e9tude<\/p>\n","protected":false},"author":3,"featured_media":35826,"comment_status":"open","ping_status":"closed","sticky":false,"template":"","format":"standard","meta":{"colormag_page_container_layout":"default_layout","colormag_page_sidebar_layout":"default_layout","om_disable_all_campaigns":false,"_monsterinsights_skip_tracking":false,"_monsterinsights_sitenote_active":false,"_monsterinsights_sitenote_note":"","_monsterinsights_sitenote_category":0,"footnotes":"","_wpscppro_dont_share_socialmedia":false,"_wpscppro_custom_social_share_image":0,"_facebook_share_type":"","_twitter_share_type":"","_linkedin_share_type":"","_pinterest_share_type":"","_linkedin_share_type_page":"","_instagram_share_type":"","_medium_share_type":"","_threads_share_type":"","_google_business_share_type":"","_selected_social_profile":[],"_wpsp_enable_custom_social_template":false,"_wpsp_social_scheduling":{"enabled":false,"datetime":null,"platforms":[],"status":"template_only","dateOption":"today","timeOption":"now","customDays":"","customHours":"","customDate":"","customTime":"","schedulingType":"absolute"},"_wpsp_active_default_template":true},"categories":[33],"tags":[],"class_list":["post-35816","post","type-post","status-publish","format-standard","has-post-thumbnail","hentry","category-sports"],"aioseo_notices":[],"yoast_head":"<!-- This site is optimized with the Yoast SEO plugin v27.5 - https:\/\/yoast.com\/product\/yoast-seo-wordpress\/ -->\n<title>CHAN 2022\u00a0: Quatre joueurs alg\u00e9riens dans l&rsquo;\u00e9quipe type de la CAF - La Sentinelle<\/title>\n<meta name=\"robots\" content=\"index, follow, max-snippet:-1, max-image-preview:large, max-video-preview:-1\" \/>\n<link rel=\"canonical\" href=\"https:\/\/lasentinelle.dz\/index.php\/2023\/02\/08\/chan-2022-quatre-joueurs-algeriens-dans-lequipe-type-de-la-caf\/\" \/>\n<meta property=\"og:locale\" content=\"fr_FR\" \/>\n<meta property=\"og:type\" content=\"article\" \/>\n<meta property=\"og:title\" content=\"CHAN 2022\u00a0: Quatre joueurs alg\u00e9riens dans l&rsquo;\u00e9quipe type de la CAF - La Sentinelle\" \/>\n<meta property=\"og:description\" content=\"Quatre internationaux alg\u00e9riens figurent dans le Onze type du Championnat d&rsquo;Afrique des nations CHAN 2022 choisi par le groupe d\u2019\u00e9tude\" \/>\n<meta property=\"og:url\" content=\"https:\/\/lasentinelle.dz\/index.php\/2023\/02\/08\/chan-2022-quatre-joueurs-algeriens-dans-lequipe-type-de-la-caf\/\" \/>\n<meta property=\"og:site_name\" content=\"La Sentinelle\" \/>\n<meta property=\"article:publisher\" content=\"https:\/\/www.facebook.com\/La-Sentinelle-104059864394773\" \/>\n<meta property=\"article:published_time\" content=\"2023-02-08T21:00:00+00:00\" \/>\n<meta property=\"og:image\" content=\"https:\/\/lasentinelle.dz\/wp-content\/uploads\/2023\/02\/equipe-type.png\" \/>\n\t<meta property=\"og:image:width\" content=\"2560\" \/>\n\t<meta property=\"og:image:height\" content=\"1440\" \/>\n\t<meta property=\"og:image:type\" content=\"image\/png\" \/>\n<meta name=\"author\" content=\"La Sentinelle\" \/>\n<meta name=\"twitter:card\" content=\"summary_large_image\" \/>\n<meta name=\"twitter:label1\" content=\"\u00c9crit par\" \/>\n\t<meta name=\"twitter:data1\" content=\"La Sentinelle\" \/>\n\t<meta name=\"twitter:label2\" content=\"Dur\u00e9e de lecture estim\u00e9e\" \/>\n\t<meta name=\"twitter:data2\" content=\"3 minutes\" \/>\n<script type=\"application\/ld+json\" class=\"yoast-schema-graph\">{\"@context\":\"https:\\\/\\\/schema.org\",\"@graph\":[{\"@type\":\"Article\",\"@id\":\"https:\\\/\\\/lasentinelle.dz\\\/index.php\\\/2023\\\/02\\\/08\\\/chan-2022-quatre-joueurs-algeriens-dans-lequipe-type-de-la-caf\\\/#article\",\"isPartOf\":{\"@id\":\"https:\\\/\\\/lasentinelle.dz\\\/index.php\\\/2023\\\/02\\\/08\\\/chan-2022-quatre-joueurs-algeriens-dans-lequipe-type-de-la-caf\\\/\"},\"author\":{\"name\":\"La Sentinelle\",\"@id\":\"https:\\\/\\\/lasentinelle.dz\\\/#\\\/schema\\\/person\\\/d865044e22e70a75174ce8bcad3acfb3\"},\"headline\":\"CHAN 2022\u00a0: Quatre joueurs alg\u00e9riens dans l&rsquo;\u00e9quipe type de la CAF\",\"datePublished\":\"2023-02-08T21:00:00+00:00\",\"mainEntityOfPage\":{\"@id\":\"https:\\\/\\\/lasentinelle.dz\\\/index.php\\\/2023\\\/02\\\/08\\\/chan-2022-quatre-joueurs-algeriens-dans-lequipe-type-de-la-caf\\\/\"},\"wordCount\":527,\"commentCount\":0,\"publisher\":{\"@id\":\"https:\\\/\\\/lasentinelle.dz\\\/#organization\"},\"image\":{\"@id\":\"https:\\\/\\\/lasentinelle.dz\\\/index.php\\\/2023\\\/02\\\/08\\\/chan-2022-quatre-joueurs-algeriens-dans-lequipe-type-de-la-caf\\\/#primaryimage\"},\"thumbnailUrl\":\"https:\\\/\\\/lasentinelle.dz\\\/wp-content\\\/uploads\\\/2023\\\/02\\\/equipe-type.png\",\"articleSection\":[\"Sports\"],\"inLanguage\":\"fr-FR\",\"potentialAction\":[{\"@type\":\"CommentAction\",\"name\":\"Comment\",\"target\":[\"https:\\\/\\\/lasentinelle.dz\\\/index.php\\\/2023\\\/02\\\/08\\\/chan-2022-quatre-joueurs-algeriens-dans-lequipe-type-de-la-caf\\\/#respond\"]}]},{\"@type\":\"WebPage\",\"@id\":\"https:\\\/\\\/lasentinelle.dz\\\/index.php\\\/2023\\\/02\\\/08\\\/chan-2022-quatre-joueurs-algeriens-dans-lequipe-type-de-la-caf\\\/\",\"url\":\"https:\\\/\\\/lasentinelle.dz\\\/index.php\\\/2023\\\/02\\\/08\\\/chan-2022-quatre-joueurs-algeriens-dans-lequipe-type-de-la-caf\\\/\",\"name\":\"CHAN 2022\u00a0: Quatre joueurs alg\u00e9riens dans l&rsquo;\u00e9quipe type de la CAF - La Sentinelle\",\"isPartOf\":{\"@id\":\"https:\\\/\\\/lasentinelle.dz\\\/#website\"},\"primaryImageOfPage\":{\"@id\":\"https:\\\/\\\/lasentinelle.dz\\\/index.php\\\/2023\\\/02\\\/08\\\/chan-2022-quatre-joueurs-algeriens-dans-lequipe-type-de-la-caf\\\/#primaryimage\"},\"image\":{\"@id\":\"https:\\\/\\\/lasentinelle.dz\\\/index.php\\\/2023\\\/02\\\/08\\\/chan-2022-quatre-joueurs-algeriens-dans-lequipe-type-de-la-caf\\\/#primaryimage\"},\"thumbnailUrl\":\"https:\\\/\\\/lasentinelle.dz\\\/wp-content\\\/uploads\\\/2023\\\/02\\\/equipe-type.png\",\"datePublished\":\"2023-02-08T21:00:00+00:00\",\"breadcrumb\":{\"@id\":\"https:\\\/\\\/lasentinelle.dz\\\/index.php\\\/2023\\\/02\\\/08\\\/chan-2022-quatre-joueurs-algeriens-dans-lequipe-type-de-la-caf\\\/#breadcrumb\"},\"inLanguage\":\"fr-FR\",\"potentialAction\":[{\"@type\":\"ReadAction\",\"target\":[\"https:\\\/\\\/lasentinelle.dz\\\/index.php\\\/2023\\\/02\\\/08\\\/chan-2022-quatre-joueurs-algeriens-dans-lequipe-type-de-la-caf\\\/\"]}]},{\"@type\":\"ImageObject\",\"inLanguage\":\"fr-FR\",\"@id\":\"https:\\\/\\\/lasentinelle.dz\\\/index.php\\\/2023\\\/02\\\/08\\\/chan-2022-quatre-joueurs-algeriens-dans-lequipe-type-de-la-caf\\\/#primaryimage\",\"url\":\"https:\\\/\\\/lasentinelle.dz\\\/wp-content\\\/uploads\\\/2023\\\/02\\\/equipe-type.png\",\"contentUrl\":\"https:\\\/\\\/lasentinelle.dz\\\/wp-content\\\/uploads\\\/2023\\\/02\\\/equipe-type.png\",\"width\":2560,\"height\":1440},{\"@type\":\"BreadcrumbList\",\"@id\":\"https:\\\/\\\/lasentinelle.dz\\\/index.php\\\/2023\\\/02\\\/08\\\/chan-2022-quatre-joueurs-algeriens-dans-lequipe-type-de-la-caf\\\/#breadcrumb\",\"itemListElement\":[{\"@type\":\"ListItem\",\"position\":1,\"name\":\"Accueil\",\"item\":\"https:\\\/\\\/lasentinelle.dz\\\/\"},{\"@type\":\"ListItem\",\"position\":2,\"name\":\"CHAN 2022\u00a0: Quatre joueurs alg\u00e9riens dans l&rsquo;\u00e9quipe type de la CAF\"}]},{\"@type\":\"WebSite\",\"@id\":\"https:\\\/\\\/lasentinelle.dz\\\/#website\",\"url\":\"https:\\\/\\\/lasentinelle.dz\\\/\",\"name\":\"La Sentinelle\",\"description\":\"Quotidien national d&#039;information\",\"publisher\":{\"@id\":\"https:\\\/\\\/lasentinelle.dz\\\/#organization\"},\"potentialAction\":[{\"@type\":\"SearchAction\",\"target\":{\"@type\":\"EntryPoint\",\"urlTemplate\":\"https:\\\/\\\/lasentinelle.dz\\\/?s={search_term_string}\"},\"query-input\":{\"@type\":\"PropertyValueSpecification\",\"valueRequired\":true,\"valueName\":\"search_term_string\"}}],\"inLanguage\":\"fr-FR\"},{\"@type\":\"Organization\",\"@id\":\"https:\\\/\\\/lasentinelle.dz\\\/#organization\",\"name\":\"Quotidien La Sentinelle\",\"url\":\"https:\\\/\\\/lasentinelle.dz\\\/\",\"logo\":{\"@type\":\"ImageObject\",\"inLanguage\":\"fr-FR\",\"@id\":\"https:\\\/\\\/lasentinelle.dz\\\/#\\\/schema\\\/logo\\\/image\\\/\",\"url\":\"https:\\\/\\\/lasentinelle.dz\\\/wp-content\\\/uploads\\\/2021\\\/09\\\/logo-sentinelleSLOGAN-1.png\",\"contentUrl\":\"https:\\\/\\\/lasentinelle.dz\\\/wp-content\\\/uploads\\\/2021\\\/09\\\/logo-sentinelleSLOGAN-1.png\",\"width\":615,\"height\":142,\"caption\":\"Quotidien La Sentinelle\"},\"image\":{\"@id\":\"https:\\\/\\\/lasentinelle.dz\\\/#\\\/schema\\\/logo\\\/image\\\/\"},\"sameAs\":[\"https:\\\/\\\/www.facebook.com\\\/La-Sentinelle-104059864394773\"]},{\"@type\":\"Person\",\"@id\":\"https:\\\/\\\/lasentinelle.dz\\\/#\\\/schema\\\/person\\\/d865044e22e70a75174ce8bcad3acfb3\",\"name\":\"La Sentinelle\",\"image\":{\"@type\":\"ImageObject\",\"inLanguage\":\"fr-FR\",\"@id\":\"https:\\\/\\\/secure.gravatar.com\\\/avatar\\\/57de8e5d4b15d43fb361a71fbb36338450fe67865b528a43dd10ef7c51a20392?s=96&d=mm&r=g\",\"url\":\"https:\\\/\\\/secure.gravatar.com\\\/avatar\\\/57de8e5d4b15d43fb361a71fbb36338450fe67865b528a43dd10ef7c51a20392?s=96&d=mm&r=g\",\"contentUrl\":\"https:\\\/\\\/secure.gravatar.com\\\/avatar\\\/57de8e5d4b15d43fb361a71fbb36338450fe67865b528a43dd10ef7c51a20392?s=96&d=mm&r=g\",\"caption\":\"La Sentinelle\"},\"sameAs\":[\"http:\\\/\\\/www.lasentinelle.dz\"],\"url\":\"https:\\\/\\\/lasentinelle.dz\\\/author\\\/redaction\\\/\"}]}<\/script>\n<!-- \/ Yoast SEO plugin. -->","yoast_head_json":{"title":"CHAN 2022\u00a0: Quatre joueurs alg\u00e9riens dans l&rsquo;\u00e9quipe type de la CAF - La Sentinelle","robots":{"index":"index","follow":"follow","max-snippet":"max-snippet:-1","max-image-preview":"max-image-preview:large","max-video-preview":"max-video-preview:-1"},"canonical":"https:\/\/lasentinelle.dz\/index.php\/2023\/02\/08\/chan-2022-quatre-joueurs-algeriens-dans-lequipe-type-de-la-caf\/","og_locale":"fr_FR","og_type":"article","og_title":"CHAN 2022\u00a0: Quatre joueurs alg\u00e9riens dans l&rsquo;\u00e9quipe type de la CAF - La Sentinelle","og_description":"Quatre internationaux alg\u00e9riens figurent dans le Onze type du Championnat d&rsquo;Afrique des nations CHAN 2022 choisi par le groupe d\u2019\u00e9tude","og_url":"https:\/\/lasentinelle.dz\/index.php\/2023\/02\/08\/chan-2022-quatre-joueurs-algeriens-dans-lequipe-type-de-la-caf\/","og_site_name":"La Sentinelle","article_publisher":"https:\/\/www.facebook.com\/La-Sentinelle-104059864394773","article_published_time":"2023-02-08T21:00:00+00:00","og_image":[{"width":2560,"height":1440,"url":"https:\/\/lasentinelle.dz\/wp-content\/uploads\/2023\/02\/equipe-type.png","type":"image\/png"}],"author":"La Sentinelle","twitter_card":"summary_large_image","twitter_misc":{"\u00c9crit par":"La Sentinelle","Dur\u00e9e de lecture estim\u00e9e":"3 minutes"},"schema":{"@context":"https:\/\/schema.org","@graph":[{"@type":"Article","@id":"https:\/\/lasentinelle.dz\/index.php\/2023\/02\/08\/chan-2022-quatre-joueurs-algeriens-dans-lequipe-type-de-la-caf\/#article","isPartOf":{"@id":"https:\/\/lasentinelle.dz\/index.php\/2023\/02\/08\/chan-2022-quatre-joueurs-algeriens-dans-lequipe-type-de-la-caf\/"},"author":{"name":"La Sentinelle","@id":"https:\/\/lasentinelle.dz\/#\/schema\/person\/d865044e22e70a75174ce8bcad3acfb3"},"headline":"CHAN 2022\u00a0: Quatre joueurs alg\u00e9riens dans l&rsquo;\u00e9quipe type de la CAF","datePublished":"2023-02-08T21:00:00+00:00","mainEntityOfPage":{"@id":"https:\/\/lasentinelle.dz\/index.php\/2023\/02\/08\/chan-2022-quatre-joueurs-algeriens-dans-lequipe-type-de-la-caf\/"},"wordCount":527,"commentCount":0,"publisher":{"@id":"https:\/\/lasentinelle.dz\/#organization"},"image":{"@id":"https:\/\/lasentinelle.dz\/index.php\/2023\/02\/08\/chan-2022-quatre-joueurs-algeriens-dans-lequipe-type-de-la-caf\/#primaryimage"},"thumbnailUrl":"https:\/\/lasentinelle.dz\/wp-content\/uploads\/2023\/02\/equipe-type.png","articleSection":["Sports"],"inLanguage":"fr-FR","potentialAction":[{"@type":"CommentAction","name":"Comment","target":["https:\/\/lasentinelle.dz\/index.php\/2023\/02\/08\/chan-2022-quatre-joueurs-algeriens-dans-lequipe-type-de-la-caf\/#respond"]}]},{"@type":"WebPage","@id":"https:\/\/lasentinelle.dz\/index.php\/2023\/02\/08\/chan-2022-quatre-joueurs-algeriens-dans-lequipe-type-de-la-caf\/","url":"https:\/\/lasentinelle.dz\/index.php\/2023\/02\/08\/chan-2022-quatre-joueurs-algeriens-dans-lequipe-type-de-la-caf\/","name":"CHAN 2022\u00a0: Quatre joueurs alg\u00e9riens dans l&rsquo;\u00e9quipe type de la CAF - La Sentinelle","isPartOf":{"@id":"https:\/\/lasentinelle.dz\/#website"},"primaryImageOfPage":{"@id":"https:\/\/lasentinelle.dz\/index.php\/2023\/02\/08\/chan-2022-quatre-joueurs-algeriens-dans-lequipe-type-de-la-caf\/#primaryimage"},"image":{"@id":"https:\/\/lasentinelle.dz\/index.php\/2023\/02\/08\/chan-2022-quatre-joueurs-algeriens-dans-lequipe-type-de-la-caf\/#primaryimage"},"thumbnailUrl":"https:\/\/lasentinelle.dz\/wp-content\/uploads\/2023\/02\/equipe-type.png","datePublished":"2023-02-08T21:00:00+00:00","breadcrumb":{"@id":"https:\/\/lasentinelle.dz\/index.php\/2023\/02\/08\/chan-2022-quatre-joueurs-algeriens-dans-lequipe-type-de-la-caf\/#breadcrumb"},"inLanguage":"fr-FR","potentialAction":[{"@type":"ReadAction","target":["https:\/\/lasentinelle.dz\/index.php\/2023\/02\/08\/chan-2022-quatre-joueurs-algeriens-dans-lequipe-type-de-la-caf\/"]}]},{"@type":"ImageObject","inLanguage":"fr-FR","@id":"https:\/\/lasentinelle.dz\/index.php\/2023\/02\/08\/chan-2022-quatre-joueurs-algeriens-dans-lequipe-type-de-la-caf\/#primaryimage","url":"https:\/\/lasentinelle.dz\/wp-content\/uploads\/2023\/02\/equipe-type.png","contentUrl":"https:\/\/lasentinelle.dz\/wp-content\/uploads\/2023\/02\/equipe-type.png","width":2560,"height":1440},{"@type":"BreadcrumbList","@id":"https:\/\/lasentinelle.dz\/index.php\/2023\/02\/08\/chan-2022-quatre-joueurs-algeriens-dans-lequipe-type-de-la-caf\/#breadcrumb","itemListElement":[{"@type":"ListItem","position":1,"name":"Accueil","item":"https:\/\/lasentinelle.dz\/"},{"@type":"ListItem","position":2,"name":"CHAN 2022\u00a0: Quatre joueurs alg\u00e9riens dans l&rsquo;\u00e9quipe type de la CAF"}]},{"@type":"WebSite","@id":"https:\/\/lasentinelle.dz\/#website","url":"https:\/\/lasentinelle.dz\/","name":"La Sentinelle","description":"Quotidien national d&#039;information","publisher":{"@id":"https:\/\/lasentinelle.dz\/#organization"},"potentialAction":[{"@type":"SearchAction","target":{"@type":"EntryPoint","urlTemplate":"https:\/\/lasentinelle.dz\/?s={search_term_string}"},"query-input":{"@type":"PropertyValueSpecification","valueRequired":true,"valueName":"search_term_string"}}],"inLanguage":"fr-FR"},{"@type":"Organization","@id":"https:\/\/lasentinelle.dz\/#organization","name":"Quotidien La Sentinelle","url":"https:\/\/lasentinelle.dz\/","logo":{"@type":"ImageObject","inLanguage":"fr-FR","@id":"https:\/\/lasentinelle.dz\/#\/schema\/logo\/image\/","url":"https:\/\/lasentinelle.dz\/wp-content\/uploads\/2021\/09\/logo-sentinelleSLOGAN-1.png","contentUrl":"https:\/\/lasentinelle.dz\/wp-content\/uploads\/2021\/09\/logo-sentinelleSLOGAN-1.png","width":615,"height":142,"caption":"Quotidien La Sentinelle"},"image":{"@id":"https:\/\/lasentinelle.dz\/#\/schema\/logo\/image\/"},"sameAs":["https:\/\/www.facebook.com\/La-Sentinelle-104059864394773"]},{"@type":"Person","@id":"https:\/\/lasentinelle.dz\/#\/schema\/person\/d865044e22e70a75174ce8bcad3acfb3","name":"La Sentinelle","image":{"@type":"ImageObject","inLanguage":"fr-FR","@id":"https:\/\/secure.gravatar.com\/avatar\/57de8e5d4b15d43fb361a71fbb36338450fe67865b528a43dd10ef7c51a20392?s=96&d=mm&r=g","url":"https:\/\/secure.gravatar.com\/avatar\/57de8e5d4b15d43fb361a71fbb36338450fe67865b528a43dd10ef7c51a20392?s=96&d=mm&r=g","contentUrl":"https:\/\/secure.gravatar.com\/avatar\/57de8e5d4b15d43fb361a71fbb36338450fe67865b528a43dd10ef7c51a20392?s=96&d=mm&r=g","caption":"La Sentinelle"},"sameAs":["http:\/\/www.lasentinelle.dz"],"url":"https:\/\/lasentinelle.dz\/author\/redaction\/"}]}},"_links":{"self":[{"href":"https:\/\/lasentinelle.dz\/index.php\/wp-json\/wp\/v2\/posts\/35816","targetHints":{"allow":["GET"]}}],"collection":[{"href":"https:\/\/lasentinelle.dz\/index.php\/wp-json\/wp\/v2\/posts"}],"about":[{"href":"https:\/\/lasentinelle.dz\/index.php\/wp-json\/wp\/v2\/types\/post"}],"author":[{"embeddable":true,"href":"https:\/\/lasentinelle.dz\/index.php\/wp-json\/wp\/v2\/users\/3"}],"replies":[{"embeddable":true,"href":"https:\/\/lasentinelle.dz\/index.php\/wp-json\/wp\/v2\/comments?post=35816"}],"version-history":[{"count":1,"href":"https:\/\/lasentinelle.dz\/index.php\/wp-json\/wp\/v2\/posts\/35816\/revisions"}],"predecessor-version":[{"id":35827,"href":"https:\/\/lasentinelle.dz\/index.php\/wp-json\/wp\/v2\/posts\/35816\/revisions\/35827"}],"wp:featuredmedia":[{"embeddable":true,"href":"https:\/\/lasentinelle.dz\/index.php\/wp-json\/wp\/v2\/media\/35826"}],"wp:attachment":[{"href":"https:\/\/lasentinelle.dz\/index.php\/wp-json\/wp\/v2\/media?parent=35816"}],"wp:term":[{"taxonomy":"category","embeddable":true,"href":"https:\/\/lasentinelle.dz\/index.php\/wp-json\/wp\/v2\/categories?post=35816"},{"taxonomy":"post_tag","embeddable":true,"href":"https:\/\/lasentinelle.dz\/index.php\/wp-json\/wp\/v2\/tags?post=35816"}],"curies":[{"name":"wp","href":"https:\/\/api.w.org\/{rel}","templated":true}]}}