{"id":35820,"date":"2023-02-08T22:05:00","date_gmt":"2023-02-08T21:05:00","guid":{"rendered":"https:\/\/lasentinelle.dz\/?p=35820"},"modified":"2023-02-08T21:08:32","modified_gmt":"2023-02-08T20:08:32","slug":"bilan-operationnel-de-lanp-3-quintaux-de-kif-saisis-aux-frontieres-avec-le-maroc","status":"publish","type":"post","link":"https:\/\/lasentinelle.dz\/index.php\/2023\/02\/08\/bilan-operationnel-de-lanp-3-quintaux-de-kif-saisis-aux-frontieres-avec-le-maroc\/","title":{"rendered":"Bilan op\u00e9rationnel de l\u2019ANP\u00a0: 3 quintaux de kif saisis aux fronti\u00e8res avec le Maroc"},"content":{"rendered":"\n<p>Des tentatives d&rsquo;introduction de 3,24 quintaux de kif trait\u00e9 via les fronti\u00e8res avec le Maroc ont \u00e9t\u00e9 mises en \u00e9chec, alors que 108 narcotrafiquants ont \u00e9t\u00e9 arr\u00eat\u00e9s dans des op\u00e9rations men\u00e9es par des d\u00e9tachements combin\u00e9es de l&rsquo;Arm\u00e9e nationale populaire (ANP), durant la p\u00e9riode du 1 au 7 f\u00e9vrier, indique un bilan op\u00e9rationnel rendu public hierpar le minist\u00e8re de la D\u00e9fense nationale.Dans la dynamique des efforts soutenus de la lutte antiterroriste et contre la criminalit\u00e9 organis\u00e9e multiforme, des unit\u00e9s et des d\u00e9tachements de l&rsquo;ANP ont ex\u00e9cut\u00e9, durant la p\u00e9riode du 1 au 7 f\u00e9vrier 2023, plusieurs op\u00e9rations ayant abouti \u00e0 des r\u00e9sultats de qualit\u00e9 qui refl\u00e8tent le haut professionnalisme, la vigilance et la disponibilit\u00e9 permanente de nos Forces arm\u00e9es \u00e0 travers tout le territoire national\u00a0\u00bb, pr\u00e9cise le bilan.\u00a0\u00bbDans le cadre de la lutte contre la criminalit\u00e9 organis\u00e9e et en continuit\u00e9 des efforts soutenus visant \u00e0 contrecarrer le fl\u00e9au du narcotrafic dans notre pays, des d\u00e9tachements combin\u00e9s de l&rsquo;ANP ont arr\u00eat\u00e9, en coordination avec les diff\u00e9rents services de s\u00e9curit\u00e9 lors d&rsquo;op\u00e9rations ex\u00e9cut\u00e9es \u00e0 travers les R\u00e9gions militaires, 108 narcotrafiquants et mis en \u00e9chec des tentatives d&rsquo;introduction de quantit\u00e9s de drogues provenant des fronti\u00e8res avec le Maroc, s&rsquo;\u00e9levant \u00e0 3 quintaux et 24 kilogrammes de kif trait\u00e9 et saisi 712.624 comprim\u00e9s de psychotropes\u00a0\u00bb, pr\u00e9cise le communiqu\u00e9.<\/p>\n\n\n\n<p>Au volet de la lutte antiterroriste et de la s\u00e9curisation des fronti\u00e8res, la m\u00eame source a fait \u00e9tat de l&rsquo;arrestation par des d\u00e9tachements combin\u00e9s de l&rsquo;ANP de 02 \u00e9l\u00e9ments de soutien aux groupes terroristes dans des op\u00e9rations distinctes \u00e0 travers le territoire national. Dans le m\u00eame contexte, ladite source a ajout\u00e9 qu\u2019une cache pour les groupes terroristes et quatre bombes de confection artisanale ont \u00e9t\u00e9 d\u00e9couvertes et d\u00e9truites lors d\u2019une op\u00e9ration de fouille et de ratissage \u00e0 Djelfa. Sur un autre registre et dans le cadre de la lutte contre la criminalit\u00e9 organis\u00e9e, la m\u00eame source a indiqu\u00e9 que des d\u00e9tachements de l&rsquo;ANP ont intercept\u00e9 \u00e0&nbsp; Tamanrasset, Bordj Badji Mokhtar, In Guezzam et Tindouf, 1.937 individus et saisi 42 v\u00e9hicules, 179 groupes \u00e9lectrog\u00e8nes, 86 marteaux piqueurs, 05 d\u00e9tecteurs de m\u00e9taux, ainsi que des quantit\u00e9s d&rsquo;explosifs, d&rsquo;outils de d\u00e9tonation et d&rsquo;\u00e9quipements utilis\u00e9s dans des op\u00e9rations d&rsquo;orpaillage illicite. S\u2019agissant de la lutte contre la contrebande et la sp\u00e9culation, plusieurs op\u00e9rations distinctes ont \u00e9t\u00e9 men\u00e9es \u00e0 travers le territoire national, aboutissant \u00e0 l\u2019arrestation de 29&nbsp; contrebandiers&nbsp; et la saisie de 08 fusils de chasse, de grandes quantit\u00e9s de cartouches pour fusils de chasse, d\u2019immenses quantit\u00e9s de denr\u00e9es alimentaires destin\u00e9es \u00e0 la contrebande et la sp\u00e9culation s\u2019\u00e9levant \u00e0 210 tonnes, ainsi que 10 tonnes de d\u00e9chets de cuivre et 26,5 qx de tabacs. Dans le m\u00eame ordre d\u2019id\u00e9es ,&nbsp; les Garde-fronti\u00e8res de leur c\u00f4t\u00e9, ont en coordination avec les services de la Gendarmerie Nationale, mis en \u00e9chec des tentatives de contrebande de grandes quantit\u00e9s de carburants s&rsquo;\u00e9levant \u00e0 77.620 litres \u00e0 Bordj Badji Mokhtar, Souk Ahras, El-Tarf et T\u00e9bessa, a ajout\u00e9 ladite source.&nbsp;&nbsp; Les Garde-c\u00f4tes ont, quant \u00e0 eux d\u00e9jou\u00e9, au niveau de nos c\u00f4tes nationales, des tentatives d&rsquo;\u00e9migration clandestine et ont proc\u00e9d\u00e9 au sauvetage de 44 individus \u00e0 bord d\u2019embarcations de construction artisanale, tandis que&nbsp; 161 immigrants clandestins de diff\u00e9rentes nationalit\u00e9s&nbsp; ont \u00e9t\u00e9 arr\u00eat\u00e9s \u00e0 travers le territoire national, a conclu le communiqu\u00e9 du MDN.<\/p>\n\n\n\n<p><strong>S.Chahine<\/strong><\/p>\n","protected":false},"excerpt":{"rendered":"<p>Des tentatives d&rsquo;introduction de 3,24 quintaux de kif trait\u00e9 via les fronti\u00e8res avec le Maroc ont \u00e9t\u00e9 mises en \u00e9chec,<\/p>\n","protected":false},"author":3,"featured_media":35872,"comment_status":"open","ping_status":"closed","sticky":false,"template":"","format":"standard","meta":{"colormag_page_container_layout":"default_layout","colormag_page_sidebar_layout":"default_layout","om_disable_all_campaigns":false,"_monsterinsights_skip_tracking":false,"_monsterinsights_sitenote_active":false,"_monsterinsights_sitenote_note":"","_monsterinsights_sitenote_category":0,"footnotes":"","_wpscppro_dont_share_socialmedia":false,"_wpscppro_custom_social_share_image":0,"_facebook_share_type":"","_twitter_share_type":"","_linkedin_share_type":"","_pinterest_share_type":"","_linkedin_share_type_page":"","_instagram_share_type":"","_medium_share_type":"","_threads_share_type":"","_google_business_share_type":"","_selected_social_profile":[],"_wpsp_enable_custom_social_template":false,"_wpsp_social_scheduling":{"enabled":false,"datetime":null,"platforms":[],"status":"template_only","dateOption":"today","timeOption":"now","customDays":"","customHours":"","customDate":"","customTime":"","schedulingType":"absolute"},"_wpsp_active_default_template":true},"categories":[27],"tags":[],"class_list":["post-35820","post","type-post","status-publish","format-standard","has-post-thumbnail","hentry","category-actualite"],"aioseo_notices":[],"yoast_head":"<!-- This site is optimized with the Yoast SEO plugin v27.5 - https:\/\/yoast.com\/product\/yoast-seo-wordpress\/ -->\n<title>Bilan op\u00e9rationnel de l\u2019ANP\u00a0: 3 quintaux de kif saisis aux fronti\u00e8res avec le Maroc - La Sentinelle<\/title>\n<meta name=\"robots\" content=\"index, follow, max-snippet:-1, max-image-preview:large, max-video-preview:-1\" \/>\n<link rel=\"canonical\" href=\"https:\/\/lasentinelle.dz\/index.php\/2023\/02\/08\/bilan-operationnel-de-lanp-3-quintaux-de-kif-saisis-aux-frontieres-avec-le-maroc\/\" \/>\n<meta property=\"og:locale\" content=\"fr_FR\" \/>\n<meta property=\"og:type\" content=\"article\" \/>\n<meta property=\"og:title\" content=\"Bilan op\u00e9rationnel de l\u2019ANP\u00a0: 3 quintaux de kif saisis aux fronti\u00e8res avec le Maroc - La Sentinelle\" \/>\n<meta property=\"og:description\" content=\"Des tentatives d&rsquo;introduction de 3,24 quintaux de kif trait\u00e9 via les fronti\u00e8res avec le Maroc ont \u00e9t\u00e9 mises en \u00e9chec,\" \/>\n<meta property=\"og:url\" content=\"https:\/\/lasentinelle.dz\/index.php\/2023\/02\/08\/bilan-operationnel-de-lanp-3-quintaux-de-kif-saisis-aux-frontieres-avec-le-maroc\/\" \/>\n<meta property=\"og:site_name\" content=\"La Sentinelle\" \/>\n<meta property=\"article:publisher\" content=\"https:\/\/www.facebook.com\/La-Sentinelle-104059864394773\" \/>\n<meta property=\"article:published_time\" content=\"2023-02-08T21:05:00+00:00\" \/>\n<meta property=\"og:image\" content=\"https:\/\/lasentinelle.dz\/wp-content\/uploads\/2023\/02\/image_2023-02-08_210816574.png\" \/>\n\t<meta property=\"og:image:width\" content=\"1080\" \/>\n\t<meta property=\"og:image:height\" content=\"609\" \/>\n\t<meta property=\"og:image:type\" content=\"image\/png\" \/>\n<meta name=\"author\" content=\"La Sentinelle\" \/>\n<meta name=\"twitter:card\" content=\"summary_large_image\" \/>\n<meta name=\"twitter:label1\" content=\"\u00c9crit par\" \/>\n\t<meta name=\"twitter:data1\" content=\"La Sentinelle\" \/>\n\t<meta name=\"twitter:label2\" content=\"Dur\u00e9e de lecture estim\u00e9e\" \/>\n\t<meta name=\"twitter:data2\" content=\"3 minutes\" \/>\n<script type=\"application\/ld+json\" class=\"yoast-schema-graph\">{\"@context\":\"https:\\\/\\\/schema.org\",\"@graph\":[{\"@type\":\"Article\",\"@id\":\"https:\\\/\\\/lasentinelle.dz\\\/index.php\\\/2023\\\/02\\\/08\\\/bilan-operationnel-de-lanp-3-quintaux-de-kif-saisis-aux-frontieres-avec-le-maroc\\\/#article\",\"isPartOf\":{\"@id\":\"https:\\\/\\\/lasentinelle.dz\\\/index.php\\\/2023\\\/02\\\/08\\\/bilan-operationnel-de-lanp-3-quintaux-de-kif-saisis-aux-frontieres-avec-le-maroc\\\/\"},\"author\":{\"name\":\"La Sentinelle\",\"@id\":\"https:\\\/\\\/lasentinelle.dz\\\/#\\\/schema\\\/person\\\/d865044e22e70a75174ce8bcad3acfb3\"},\"headline\":\"Bilan op\u00e9rationnel de l\u2019ANP\u00a0: 3 quintaux de kif saisis aux fronti\u00e8res avec le Maroc\",\"datePublished\":\"2023-02-08T21:05:00+00:00\",\"mainEntityOfPage\":{\"@id\":\"https:\\\/\\\/lasentinelle.dz\\\/index.php\\\/2023\\\/02\\\/08\\\/bilan-operationnel-de-lanp-3-quintaux-de-kif-saisis-aux-frontieres-avec-le-maroc\\\/\"},\"wordCount\":628,\"commentCount\":0,\"publisher\":{\"@id\":\"https:\\\/\\\/lasentinelle.dz\\\/#organization\"},\"image\":{\"@id\":\"https:\\\/\\\/lasentinelle.dz\\\/index.php\\\/2023\\\/02\\\/08\\\/bilan-operationnel-de-lanp-3-quintaux-de-kif-saisis-aux-frontieres-avec-le-maroc\\\/#primaryimage\"},\"thumbnailUrl\":\"https:\\\/\\\/lasentinelle.dz\\\/wp-content\\\/uploads\\\/2023\\\/02\\\/image_2023-02-08_210816574.png\",\"articleSection\":[\"Actualit\u00e9\"],\"inLanguage\":\"fr-FR\",\"potentialAction\":[{\"@type\":\"CommentAction\",\"name\":\"Comment\",\"target\":[\"https:\\\/\\\/lasentinelle.dz\\\/index.php\\\/2023\\\/02\\\/08\\\/bilan-operationnel-de-lanp-3-quintaux-de-kif-saisis-aux-frontieres-avec-le-maroc\\\/#respond\"]}]},{\"@type\":\"WebPage\",\"@id\":\"https:\\\/\\\/lasentinelle.dz\\\/index.php\\\/2023\\\/02\\\/08\\\/bilan-operationnel-de-lanp-3-quintaux-de-kif-saisis-aux-frontieres-avec-le-maroc\\\/\",\"url\":\"https:\\\/\\\/lasentinelle.dz\\\/index.php\\\/2023\\\/02\\\/08\\\/bilan-operationnel-de-lanp-3-quintaux-de-kif-saisis-aux-frontieres-avec-le-maroc\\\/\",\"name\":\"Bilan op\u00e9rationnel de l\u2019ANP\u00a0: 3 quintaux de kif saisis aux fronti\u00e8res avec le Maroc - La Sentinelle\",\"isPartOf\":{\"@id\":\"https:\\\/\\\/lasentinelle.dz\\\/#website\"},\"primaryImageOfPage\":{\"@id\":\"https:\\\/\\\/lasentinelle.dz\\\/index.php\\\/2023\\\/02\\\/08\\\/bilan-operationnel-de-lanp-3-quintaux-de-kif-saisis-aux-frontieres-avec-le-maroc\\\/#primaryimage\"},\"image\":{\"@id\":\"https:\\\/\\\/lasentinelle.dz\\\/index.php\\\/2023\\\/02\\\/08\\\/bilan-operationnel-de-lanp-3-quintaux-de-kif-saisis-aux-frontieres-avec-le-maroc\\\/#primaryimage\"},\"thumbnailUrl\":\"https:\\\/\\\/lasentinelle.dz\\\/wp-content\\\/uploads\\\/2023\\\/02\\\/image_2023-02-08_210816574.png\",\"datePublished\":\"2023-02-08T21:05:00+00:00\",\"breadcrumb\":{\"@id\":\"https:\\\/\\\/lasentinelle.dz\\\/index.php\\\/2023\\\/02\\\/08\\\/bilan-operationnel-de-lanp-3-quintaux-de-kif-saisis-aux-frontieres-avec-le-maroc\\\/#breadcrumb\"},\"inLanguage\":\"fr-FR\",\"potentialAction\":[{\"@type\":\"ReadAction\",\"target\":[\"https:\\\/\\\/lasentinelle.dz\\\/index.php\\\/2023\\\/02\\\/08\\\/bilan-operationnel-de-lanp-3-quintaux-de-kif-saisis-aux-frontieres-avec-le-maroc\\\/\"]}]},{\"@type\":\"ImageObject\",\"inLanguage\":\"fr-FR\",\"@id\":\"https:\\\/\\\/lasentinelle.dz\\\/index.php\\\/2023\\\/02\\\/08\\\/bilan-operationnel-de-lanp-3-quintaux-de-kif-saisis-aux-frontieres-avec-le-maroc\\\/#primaryimage\",\"url\":\"https:\\\/\\\/lasentinelle.dz\\\/wp-content\\\/uploads\\\/2023\\\/02\\\/image_2023-02-08_210816574.png\",\"contentUrl\":\"https:\\\/\\\/lasentinelle.dz\\\/wp-content\\\/uploads\\\/2023\\\/02\\\/image_2023-02-08_210816574.png\",\"width\":1080,\"height\":609},{\"@type\":\"BreadcrumbList\",\"@id\":\"https:\\\/\\\/lasentinelle.dz\\\/index.php\\\/2023\\\/02\\\/08\\\/bilan-operationnel-de-lanp-3-quintaux-de-kif-saisis-aux-frontieres-avec-le-maroc\\\/#breadcrumb\",\"itemListElement\":[{\"@type\":\"ListItem\",\"position\":1,\"name\":\"Accueil\",\"item\":\"https:\\\/\\\/lasentinelle.dz\\\/\"},{\"@type\":\"ListItem\",\"position\":2,\"name\":\"Bilan op\u00e9rationnel de l\u2019ANP\u00a0: 3 quintaux de kif saisis aux fronti\u00e8res avec le Maroc\"}]},{\"@type\":\"WebSite\",\"@id\":\"https:\\\/\\\/lasentinelle.dz\\\/#website\",\"url\":\"https:\\\/\\\/lasentinelle.dz\\\/\",\"name\":\"La Sentinelle\",\"description\":\"Quotidien national d&#039;information\",\"publisher\":{\"@id\":\"https:\\\/\\\/lasentinelle.dz\\\/#organization\"},\"potentialAction\":[{\"@type\":\"SearchAction\",\"target\":{\"@type\":\"EntryPoint\",\"urlTemplate\":\"https:\\\/\\\/lasentinelle.dz\\\/?s={search_term_string}\"},\"query-input\":{\"@type\":\"PropertyValueSpecification\",\"valueRequired\":true,\"valueName\":\"search_term_string\"}}],\"inLanguage\":\"fr-FR\"},{\"@type\":\"Organization\",\"@id\":\"https:\\\/\\\/lasentinelle.dz\\\/#organization\",\"name\":\"Quotidien La Sentinelle\",\"url\":\"https:\\\/\\\/lasentinelle.dz\\\/\",\"logo\":{\"@type\":\"ImageObject\",\"inLanguage\":\"fr-FR\",\"@id\":\"https:\\\/\\\/lasentinelle.dz\\\/#\\\/schema\\\/logo\\\/image\\\/\",\"url\":\"https:\\\/\\\/lasentinelle.dz\\\/wp-content\\\/uploads\\\/2021\\\/09\\\/logo-sentinelleSLOGAN-1.png\",\"contentUrl\":\"https:\\\/\\\/lasentinelle.dz\\\/wp-content\\\/uploads\\\/2021\\\/09\\\/logo-sentinelleSLOGAN-1.png\",\"width\":615,\"height\":142,\"caption\":\"Quotidien La Sentinelle\"},\"image\":{\"@id\":\"https:\\\/\\\/lasentinelle.dz\\\/#\\\/schema\\\/logo\\\/image\\\/\"},\"sameAs\":[\"https:\\\/\\\/www.facebook.com\\\/La-Sentinelle-104059864394773\"]},{\"@type\":\"Person\",\"@id\":\"https:\\\/\\\/lasentinelle.dz\\\/#\\\/schema\\\/person\\\/d865044e22e70a75174ce8bcad3acfb3\",\"name\":\"La Sentinelle\",\"image\":{\"@type\":\"ImageObject\",\"inLanguage\":\"fr-FR\",\"@id\":\"https:\\\/\\\/secure.gravatar.com\\\/avatar\\\/57de8e5d4b15d43fb361a71fbb36338450fe67865b528a43dd10ef7c51a20392?s=96&d=mm&r=g\",\"url\":\"https:\\\/\\\/secure.gravatar.com\\\/avatar\\\/57de8e5d4b15d43fb361a71fbb36338450fe67865b528a43dd10ef7c51a20392?s=96&d=mm&r=g\",\"contentUrl\":\"https:\\\/\\\/secure.gravatar.com\\\/avatar\\\/57de8e5d4b15d43fb361a71fbb36338450fe67865b528a43dd10ef7c51a20392?s=96&d=mm&r=g\",\"caption\":\"La Sentinelle\"},\"sameAs\":[\"http:\\\/\\\/www.lasentinelle.dz\"],\"url\":\"https:\\\/\\\/lasentinelle.dz\\\/author\\\/redaction\\\/\"}]}<\/script>\n<!-- \/ Yoast SEO plugin. -->","yoast_head_json":{"title":"Bilan op\u00e9rationnel de l\u2019ANP\u00a0: 3 quintaux de kif saisis aux fronti\u00e8res avec le Maroc - La Sentinelle","robots":{"index":"index","follow":"follow","max-snippet":"max-snippet:-1","max-image-preview":"max-image-preview:large","max-video-preview":"max-video-preview:-1"},"canonical":"https:\/\/lasentinelle.dz\/index.php\/2023\/02\/08\/bilan-operationnel-de-lanp-3-quintaux-de-kif-saisis-aux-frontieres-avec-le-maroc\/","og_locale":"fr_FR","og_type":"article","og_title":"Bilan op\u00e9rationnel de l\u2019ANP\u00a0: 3 quintaux de kif saisis aux fronti\u00e8res avec le Maroc - La Sentinelle","og_description":"Des tentatives d&rsquo;introduction de 3,24 quintaux de kif trait\u00e9 via les fronti\u00e8res avec le Maroc ont \u00e9t\u00e9 mises en \u00e9chec,","og_url":"https:\/\/lasentinelle.dz\/index.php\/2023\/02\/08\/bilan-operationnel-de-lanp-3-quintaux-de-kif-saisis-aux-frontieres-avec-le-maroc\/","og_site_name":"La Sentinelle","article_publisher":"https:\/\/www.facebook.com\/La-Sentinelle-104059864394773","article_published_time":"2023-02-08T21:05:00+00:00","og_image":[{"width":1080,"height":609,"url":"https:\/\/lasentinelle.dz\/wp-content\/uploads\/2023\/02\/image_2023-02-08_210816574.png","type":"image\/png"}],"author":"La Sentinelle","twitter_card":"summary_large_image","twitter_misc":{"\u00c9crit par":"La Sentinelle","Dur\u00e9e de lecture estim\u00e9e":"3 minutes"},"schema":{"@context":"https:\/\/schema.org","@graph":[{"@type":"Article","@id":"https:\/\/lasentinelle.dz\/index.php\/2023\/02\/08\/bilan-operationnel-de-lanp-3-quintaux-de-kif-saisis-aux-frontieres-avec-le-maroc\/#article","isPartOf":{"@id":"https:\/\/lasentinelle.dz\/index.php\/2023\/02\/08\/bilan-operationnel-de-lanp-3-quintaux-de-kif-saisis-aux-frontieres-avec-le-maroc\/"},"author":{"name":"La Sentinelle","@id":"https:\/\/lasentinelle.dz\/#\/schema\/person\/d865044e22e70a75174ce8bcad3acfb3"},"headline":"Bilan op\u00e9rationnel de l\u2019ANP\u00a0: 3 quintaux de kif saisis aux fronti\u00e8res avec le Maroc","datePublished":"2023-02-08T21:05:00+00:00","mainEntityOfPage":{"@id":"https:\/\/lasentinelle.dz\/index.php\/2023\/02\/08\/bilan-operationnel-de-lanp-3-quintaux-de-kif-saisis-aux-frontieres-avec-le-maroc\/"},"wordCount":628,"commentCount":0,"publisher":{"@id":"https:\/\/lasentinelle.dz\/#organization"},"image":{"@id":"https:\/\/lasentinelle.dz\/index.php\/2023\/02\/08\/bilan-operationnel-de-lanp-3-quintaux-de-kif-saisis-aux-frontieres-avec-le-maroc\/#primaryimage"},"thumbnailUrl":"https:\/\/lasentinelle.dz\/wp-content\/uploads\/2023\/02\/image_2023-02-08_210816574.png","articleSection":["Actualit\u00e9"],"inLanguage":"fr-FR","potentialAction":[{"@type":"CommentAction","name":"Comment","target":["https:\/\/lasentinelle.dz\/index.php\/2023\/02\/08\/bilan-operationnel-de-lanp-3-quintaux-de-kif-saisis-aux-frontieres-avec-le-maroc\/#respond"]}]},{"@type":"WebPage","@id":"https:\/\/lasentinelle.dz\/index.php\/2023\/02\/08\/bilan-operationnel-de-lanp-3-quintaux-de-kif-saisis-aux-frontieres-avec-le-maroc\/","url":"https:\/\/lasentinelle.dz\/index.php\/2023\/02\/08\/bilan-operationnel-de-lanp-3-quintaux-de-kif-saisis-aux-frontieres-avec-le-maroc\/","name":"Bilan op\u00e9rationnel de l\u2019ANP\u00a0: 3 quintaux de kif saisis aux fronti\u00e8res avec le Maroc - La Sentinelle","isPartOf":{"@id":"https:\/\/lasentinelle.dz\/#website"},"primaryImageOfPage":{"@id":"https:\/\/lasentinelle.dz\/index.php\/2023\/02\/08\/bilan-operationnel-de-lanp-3-quintaux-de-kif-saisis-aux-frontieres-avec-le-maroc\/#primaryimage"},"image":{"@id":"https:\/\/lasentinelle.dz\/index.php\/2023\/02\/08\/bilan-operationnel-de-lanp-3-quintaux-de-kif-saisis-aux-frontieres-avec-le-maroc\/#primaryimage"},"thumbnailUrl":"https:\/\/lasentinelle.dz\/wp-content\/uploads\/2023\/02\/image_2023-02-08_210816574.png","datePublished":"2023-02-08T21:05:00+00:00","breadcrumb":{"@id":"https:\/\/lasentinelle.dz\/index.php\/2023\/02\/08\/bilan-operationnel-de-lanp-3-quintaux-de-kif-saisis-aux-frontieres-avec-le-maroc\/#breadcrumb"},"inLanguage":"fr-FR","potentialAction":[{"@type":"ReadAction","target":["https:\/\/lasentinelle.dz\/index.php\/2023\/02\/08\/bilan-operationnel-de-lanp-3-quintaux-de-kif-saisis-aux-frontieres-avec-le-maroc\/"]}]},{"@type":"ImageObject","inLanguage":"fr-FR","@id":"https:\/\/lasentinelle.dz\/index.php\/2023\/02\/08\/bilan-operationnel-de-lanp-3-quintaux-de-kif-saisis-aux-frontieres-avec-le-maroc\/#primaryimage","url":"https:\/\/lasentinelle.dz\/wp-content\/uploads\/2023\/02\/image_2023-02-08_210816574.png","contentUrl":"https:\/\/lasentinelle.dz\/wp-content\/uploads\/2023\/02\/image_2023-02-08_210816574.png","width":1080,"height":609},{"@type":"BreadcrumbList","@id":"https:\/\/lasentinelle.dz\/index.php\/2023\/02\/08\/bilan-operationnel-de-lanp-3-quintaux-de-kif-saisis-aux-frontieres-avec-le-maroc\/#breadcrumb","itemListElement":[{"@type":"ListItem","position":1,"name":"Accueil","item":"https:\/\/lasentinelle.dz\/"},{"@type":"ListItem","position":2,"name":"Bilan op\u00e9rationnel de l\u2019ANP\u00a0: 3 quintaux de kif saisis aux fronti\u00e8res avec le Maroc"}]},{"@type":"WebSite","@id":"https:\/\/lasentinelle.dz\/#website","url":"https:\/\/lasentinelle.dz\/","name":"La Sentinelle","description":"Quotidien national d&#039;information","publisher":{"@id":"https:\/\/lasentinelle.dz\/#organization"},"potentialAction":[{"@type":"SearchAction","target":{"@type":"EntryPoint","urlTemplate":"https:\/\/lasentinelle.dz\/?s={search_term_string}"},"query-input":{"@type":"PropertyValueSpecification","valueRequired":true,"valueName":"search_term_string"}}],"inLanguage":"fr-FR"},{"@type":"Organization","@id":"https:\/\/lasentinelle.dz\/#organization","name":"Quotidien La Sentinelle","url":"https:\/\/lasentinelle.dz\/","logo":{"@type":"ImageObject","inLanguage":"fr-FR","@id":"https:\/\/lasentinelle.dz\/#\/schema\/logo\/image\/","url":"https:\/\/lasentinelle.dz\/wp-content\/uploads\/2021\/09\/logo-sentinelleSLOGAN-1.png","contentUrl":"https:\/\/lasentinelle.dz\/wp-content\/uploads\/2021\/09\/logo-sentinelleSLOGAN-1.png","width":615,"height":142,"caption":"Quotidien La Sentinelle"},"image":{"@id":"https:\/\/lasentinelle.dz\/#\/schema\/logo\/image\/"},"sameAs":["https:\/\/www.facebook.com\/La-Sentinelle-104059864394773"]},{"@type":"Person","@id":"https:\/\/lasentinelle.dz\/#\/schema\/person\/d865044e22e70a75174ce8bcad3acfb3","name":"La Sentinelle","image":{"@type":"ImageObject","inLanguage":"fr-FR","@id":"https:\/\/secure.gravatar.com\/avatar\/57de8e5d4b15d43fb361a71fbb36338450fe67865b528a43dd10ef7c51a20392?s=96&d=mm&r=g","url":"https:\/\/secure.gravatar.com\/avatar\/57de8e5d4b15d43fb361a71fbb36338450fe67865b528a43dd10ef7c51a20392?s=96&d=mm&r=g","contentUrl":"https:\/\/secure.gravatar.com\/avatar\/57de8e5d4b15d43fb361a71fbb36338450fe67865b528a43dd10ef7c51a20392?s=96&d=mm&r=g","caption":"La Sentinelle"},"sameAs":["http:\/\/www.lasentinelle.dz"],"url":"https:\/\/lasentinelle.dz\/author\/redaction\/"}]}},"_links":{"self":[{"href":"https:\/\/lasentinelle.dz\/index.php\/wp-json\/wp\/v2\/posts\/35820","targetHints":{"allow":["GET"]}}],"collection":[{"href":"https:\/\/lasentinelle.dz\/index.php\/wp-json\/wp\/v2\/posts"}],"about":[{"href":"https:\/\/lasentinelle.dz\/index.php\/wp-json\/wp\/v2\/types\/post"}],"author":[{"embeddable":true,"href":"https:\/\/lasentinelle.dz\/index.php\/wp-json\/wp\/v2\/users\/3"}],"replies":[{"embeddable":true,"href":"https:\/\/lasentinelle.dz\/index.php\/wp-json\/wp\/v2\/comments?post=35820"}],"version-history":[{"count":1,"href":"https:\/\/lasentinelle.dz\/index.php\/wp-json\/wp\/v2\/posts\/35820\/revisions"}],"predecessor-version":[{"id":35874,"href":"https:\/\/lasentinelle.dz\/index.php\/wp-json\/wp\/v2\/posts\/35820\/revisions\/35874"}],"wp:featuredmedia":[{"embeddable":true,"href":"https:\/\/lasentinelle.dz\/index.php\/wp-json\/wp\/v2\/media\/35872"}],"wp:attachment":[{"href":"https:\/\/lasentinelle.dz\/index.php\/wp-json\/wp\/v2\/media?parent=35820"}],"wp:term":[{"taxonomy":"category","embeddable":true,"href":"https:\/\/lasentinelle.dz\/index.php\/wp-json\/wp\/v2\/categories?post=35820"},{"taxonomy":"post_tag","embeddable":true,"href":"https:\/\/lasentinelle.dz\/index.php\/wp-json\/wp\/v2\/tags?post=35820"}],"curies":[{"name":"wp","href":"https:\/\/api.w.org\/{rel}","templated":true}]}}