{"id":35857,"date":"2023-02-08T22:05:00","date_gmt":"2023-02-08T21:05:00","guid":{"rendered":"https:\/\/lasentinelle.dz\/?p=35857"},"modified":"2023-02-08T21:06:06","modified_gmt":"2023-02-08T20:06:06","slug":"rapport-de-linstitut-stratfor-la-stabilite-de-lalgerie-et-sa-force-economique-un-levier-de-changement-sur-le-plan-international","status":"publish","type":"post","link":"https:\/\/lasentinelle.dz\/index.php\/2023\/02\/08\/rapport-de-linstitut-stratfor-la-stabilite-de-lalgerie-et-sa-force-economique-un-levier-de-changement-sur-le-plan-international\/","title":{"rendered":"Rapport de l\u2019Institut Stratfor\u00a0: \u00ab\u00a0La stabilit\u00e9 de l&rsquo;Alg\u00e9rie et sa force \u00e9conomique, un levier de changement sur le plan international\u00a0\u00bb"},"content":{"rendered":"\n<p>L&rsquo;institut am\u00e9ricain Stratfor, sp\u00e9cialis\u00e9 dans les \u00e9tudes strat\u00e9giques, a indiqu\u00e9 dans un rapport publi\u00e9 lundi que l\u2019\u00e9conomie et la politique \u00e9trang\u00e8re de l\u2019Alg\u00e9rie auront un effet de changement.Le rapport pr\u00e9cise que l&rsquo;Alg\u00e9rie s&rsquo;est dot\u00e9e d&rsquo;une nouvelle strat\u00e9gie de communication internationale, au moment o\u00f9 elle tente de moderniser son \u00e9conomie, indiquant que depuis le d\u00e9but de la pr\u00e9sidence de M. Abdelmadjid Tebboune, ce dernier a tent\u00e9 de faire sortir l\u2019Alg\u00e9rie de son isolement sur le plan de la politique internationale, qui caract\u00e9risait le pays durant la premi\u00e8re d\u00e9cennie du si\u00e8cle pr\u00e9sent et la derni\u00e8re d\u00e9cennie du vingti\u00e8me si\u00e8cle.<\/p>\n\n\n\n<p>Il a poursuivi qu\u2019\u00a0\u00bben 2022, le minist\u00e8re alg\u00e9rien des Affaires \u00e9trang\u00e8res a pris un certain nombre d\u2019initiatives qui confirme les efforts du pays de participer activement aux affaires en Afrique du Nord et de mani\u00e8re active aux plans mondiale et r\u00e9gionale\u00a0\u00bb.Le rapport estime que l&rsquo;Alg\u00e9rie conna\u00eet aujourd&rsquo;hui une certaine stabilit\u00e9 politique et une force \u00e9conomique qui lui permettent d&rsquo;\u00e9voluer sur les sc\u00e8nes internationales et r\u00e9gionales. Il ajoute que l&rsquo;Alg\u00e9rie conna\u00eet une certaine stabilit\u00e9 politique qui offrira au gouvernement la possibilit\u00e9 de se focaliser sur les questions de politique \u00e9trang\u00e8re.Selon la m\u00eame source, l&rsquo;\u00e9conomie alg\u00e9rienne a \u00e9t\u00e9 boost\u00e9 par la hausse des recettes&nbsp; d\u2019hydrocarbures en 2022, et le gaz naturel alg\u00e9rien est devenu une ressource tr\u00e8s demand\u00e9 par les pays europ\u00e9ens, qui cherchent \u00e0 diversifier leurs approvisionnements \u00e9nerg\u00e9tiques.Enfin, le rapport de Stratfor s&rsquo;attend \u00e0 ce que l&rsquo;Alg\u00e9rie poursuive ses efforts pour parvenir \u00e0 la r\u00e9conciliation entre les factions palestiniennes : le Hamas, le Fatah et les autres groupes, ce qui concr\u00e9tisera un engagement majeur de l&rsquo;Alg\u00e9rie \u00e0 soutenir le Mouvement des non-align\u00e9s, qui est un mouvement post-ind\u00e9pendance qui a rejet\u00e9 l&rsquo;alliance avec les grandes puissances pendant la guerre froide.<\/p>\n\n\n\n<p>R.N.<\/p>\n","protected":false},"excerpt":{"rendered":"<p>L&rsquo;institut am\u00e9ricain Stratfor, sp\u00e9cialis\u00e9 dans les \u00e9tudes strat\u00e9giques, a indiqu\u00e9 dans un rapport publi\u00e9 lundi que l\u2019\u00e9conomie et la politique<\/p>\n","protected":false},"author":3,"featured_media":35864,"comment_status":"open","ping_status":"closed","sticky":false,"template":"","format":"standard","meta":{"colormag_page_container_layout":"default_layout","colormag_page_sidebar_layout":"default_layout","om_disable_all_campaigns":false,"_monsterinsights_skip_tracking":false,"_monsterinsights_sitenote_active":false,"_monsterinsights_sitenote_note":"","_monsterinsights_sitenote_category":0,"footnotes":"","_wpscppro_dont_share_socialmedia":false,"_wpscppro_custom_social_share_image":0,"_facebook_share_type":"","_twitter_share_type":"","_linkedin_share_type":"","_pinterest_share_type":"","_linkedin_share_type_page":"","_instagram_share_type":"","_medium_share_type":"","_threads_share_type":"","_google_business_share_type":"","_selected_social_profile":[],"_wpsp_enable_custom_social_template":false,"_wpsp_social_scheduling":{"enabled":false,"datetime":null,"platforms":[],"status":"template_only","dateOption":"today","timeOption":"now","customDays":"","customHours":"","customDate":"","customTime":"","schedulingType":"absolute"},"_wpsp_active_default_template":true},"categories":[27],"tags":[],"class_list":["post-35857","post","type-post","status-publish","format-standard","has-post-thumbnail","hentry","category-actualite"],"aioseo_notices":[],"yoast_head":"<!-- This site is optimized with the Yoast SEO plugin v27.5 - https:\/\/yoast.com\/product\/yoast-seo-wordpress\/ -->\n<title>Rapport de l\u2019Institut Stratfor\u00a0: \u00ab\u00a0La stabilit\u00e9 de l&rsquo;Alg\u00e9rie et sa force \u00e9conomique, un levier de changement sur le plan international\u00a0\u00bb - La Sentinelle<\/title>\n<meta name=\"robots\" content=\"index, follow, max-snippet:-1, max-image-preview:large, max-video-preview:-1\" \/>\n<link rel=\"canonical\" href=\"https:\/\/lasentinelle.dz\/index.php\/2023\/02\/08\/rapport-de-linstitut-stratfor-la-stabilite-de-lalgerie-et-sa-force-economique-un-levier-de-changement-sur-le-plan-international\/\" \/>\n<meta property=\"og:locale\" content=\"fr_FR\" \/>\n<meta property=\"og:type\" content=\"article\" \/>\n<meta property=\"og:title\" content=\"Rapport de l\u2019Institut Stratfor\u00a0: \u00ab\u00a0La stabilit\u00e9 de l&rsquo;Alg\u00e9rie et sa force \u00e9conomique, un levier de changement sur le plan international\u00a0\u00bb - La Sentinelle\" \/>\n<meta property=\"og:description\" content=\"L&rsquo;institut am\u00e9ricain Stratfor, sp\u00e9cialis\u00e9 dans les \u00e9tudes strat\u00e9giques, a indiqu\u00e9 dans un rapport publi\u00e9 lundi que l\u2019\u00e9conomie et la politique\" \/>\n<meta property=\"og:url\" content=\"https:\/\/lasentinelle.dz\/index.php\/2023\/02\/08\/rapport-de-linstitut-stratfor-la-stabilite-de-lalgerie-et-sa-force-economique-un-levier-de-changement-sur-le-plan-international\/\" \/>\n<meta property=\"og:site_name\" content=\"La Sentinelle\" \/>\n<meta property=\"article:publisher\" content=\"https:\/\/www.facebook.com\/La-Sentinelle-104059864394773\" \/>\n<meta property=\"article:published_time\" content=\"2023-02-08T21:05:00+00:00\" \/>\n<meta property=\"og:image\" content=\"https:\/\/lasentinelle.dz\/wp-content\/uploads\/2023\/02\/image_2023-02-08_210410157.png\" \/>\n\t<meta property=\"og:image:width\" content=\"580\" \/>\n\t<meta property=\"og:image:height\" content=\"350\" \/>\n\t<meta property=\"og:image:type\" content=\"image\/png\" \/>\n<meta name=\"author\" content=\"La Sentinelle\" \/>\n<meta name=\"twitter:card\" content=\"summary_large_image\" \/>\n<meta name=\"twitter:label1\" content=\"\u00c9crit par\" \/>\n\t<meta name=\"twitter:data1\" content=\"La Sentinelle\" \/>\n\t<meta name=\"twitter:label2\" content=\"Dur\u00e9e de lecture estim\u00e9e\" \/>\n\t<meta name=\"twitter:data2\" content=\"2 minutes\" \/>\n<script type=\"application\/ld+json\" class=\"yoast-schema-graph\">{\"@context\":\"https:\\\/\\\/schema.org\",\"@graph\":[{\"@type\":\"Article\",\"@id\":\"https:\\\/\\\/lasentinelle.dz\\\/index.php\\\/2023\\\/02\\\/08\\\/rapport-de-linstitut-stratfor-la-stabilite-de-lalgerie-et-sa-force-economique-un-levier-de-changement-sur-le-plan-international\\\/#article\",\"isPartOf\":{\"@id\":\"https:\\\/\\\/lasentinelle.dz\\\/index.php\\\/2023\\\/02\\\/08\\\/rapport-de-linstitut-stratfor-la-stabilite-de-lalgerie-et-sa-force-economique-un-levier-de-changement-sur-le-plan-international\\\/\"},\"author\":{\"name\":\"La Sentinelle\",\"@id\":\"https:\\\/\\\/lasentinelle.dz\\\/#\\\/schema\\\/person\\\/d865044e22e70a75174ce8bcad3acfb3\"},\"headline\":\"Rapport de l\u2019Institut Stratfor\u00a0: \u00ab\u00a0La stabilit\u00e9 de l&rsquo;Alg\u00e9rie et sa force \u00e9conomique, un levier de changement sur le plan international\u00a0\u00bb\",\"datePublished\":\"2023-02-08T21:05:00+00:00\",\"mainEntityOfPage\":{\"@id\":\"https:\\\/\\\/lasentinelle.dz\\\/index.php\\\/2023\\\/02\\\/08\\\/rapport-de-linstitut-stratfor-la-stabilite-de-lalgerie-et-sa-force-economique-un-levier-de-changement-sur-le-plan-international\\\/\"},\"wordCount\":373,\"commentCount\":0,\"publisher\":{\"@id\":\"https:\\\/\\\/lasentinelle.dz\\\/#organization\"},\"image\":{\"@id\":\"https:\\\/\\\/lasentinelle.dz\\\/index.php\\\/2023\\\/02\\\/08\\\/rapport-de-linstitut-stratfor-la-stabilite-de-lalgerie-et-sa-force-economique-un-levier-de-changement-sur-le-plan-international\\\/#primaryimage\"},\"thumbnailUrl\":\"https:\\\/\\\/lasentinelle.dz\\\/wp-content\\\/uploads\\\/2023\\\/02\\\/image_2023-02-08_210410157.png\",\"articleSection\":[\"Actualit\u00e9\"],\"inLanguage\":\"fr-FR\",\"potentialAction\":[{\"@type\":\"CommentAction\",\"name\":\"Comment\",\"target\":[\"https:\\\/\\\/lasentinelle.dz\\\/index.php\\\/2023\\\/02\\\/08\\\/rapport-de-linstitut-stratfor-la-stabilite-de-lalgerie-et-sa-force-economique-un-levier-de-changement-sur-le-plan-international\\\/#respond\"]}]},{\"@type\":\"WebPage\",\"@id\":\"https:\\\/\\\/lasentinelle.dz\\\/index.php\\\/2023\\\/02\\\/08\\\/rapport-de-linstitut-stratfor-la-stabilite-de-lalgerie-et-sa-force-economique-un-levier-de-changement-sur-le-plan-international\\\/\",\"url\":\"https:\\\/\\\/lasentinelle.dz\\\/index.php\\\/2023\\\/02\\\/08\\\/rapport-de-linstitut-stratfor-la-stabilite-de-lalgerie-et-sa-force-economique-un-levier-de-changement-sur-le-plan-international\\\/\",\"name\":\"Rapport de l\u2019Institut Stratfor\u00a0: \u00ab\u00a0La stabilit\u00e9 de l&rsquo;Alg\u00e9rie et sa force \u00e9conomique, un levier de changement sur le plan international\u00a0\u00bb - La Sentinelle\",\"isPartOf\":{\"@id\":\"https:\\\/\\\/lasentinelle.dz\\\/#website\"},\"primaryImageOfPage\":{\"@id\":\"https:\\\/\\\/lasentinelle.dz\\\/index.php\\\/2023\\\/02\\\/08\\\/rapport-de-linstitut-stratfor-la-stabilite-de-lalgerie-et-sa-force-economique-un-levier-de-changement-sur-le-plan-international\\\/#primaryimage\"},\"image\":{\"@id\":\"https:\\\/\\\/lasentinelle.dz\\\/index.php\\\/2023\\\/02\\\/08\\\/rapport-de-linstitut-stratfor-la-stabilite-de-lalgerie-et-sa-force-economique-un-levier-de-changement-sur-le-plan-international\\\/#primaryimage\"},\"thumbnailUrl\":\"https:\\\/\\\/lasentinelle.dz\\\/wp-content\\\/uploads\\\/2023\\\/02\\\/image_2023-02-08_210410157.png\",\"datePublished\":\"2023-02-08T21:05:00+00:00\",\"breadcrumb\":{\"@id\":\"https:\\\/\\\/lasentinelle.dz\\\/index.php\\\/2023\\\/02\\\/08\\\/rapport-de-linstitut-stratfor-la-stabilite-de-lalgerie-et-sa-force-economique-un-levier-de-changement-sur-le-plan-international\\\/#breadcrumb\"},\"inLanguage\":\"fr-FR\",\"potentialAction\":[{\"@type\":\"ReadAction\",\"target\":[\"https:\\\/\\\/lasentinelle.dz\\\/index.php\\\/2023\\\/02\\\/08\\\/rapport-de-linstitut-stratfor-la-stabilite-de-lalgerie-et-sa-force-economique-un-levier-de-changement-sur-le-plan-international\\\/\"]}]},{\"@type\":\"ImageObject\",\"inLanguage\":\"fr-FR\",\"@id\":\"https:\\\/\\\/lasentinelle.dz\\\/index.php\\\/2023\\\/02\\\/08\\\/rapport-de-linstitut-stratfor-la-stabilite-de-lalgerie-et-sa-force-economique-un-levier-de-changement-sur-le-plan-international\\\/#primaryimage\",\"url\":\"https:\\\/\\\/lasentinelle.dz\\\/wp-content\\\/uploads\\\/2023\\\/02\\\/image_2023-02-08_210410157.png\",\"contentUrl\":\"https:\\\/\\\/lasentinelle.dz\\\/wp-content\\\/uploads\\\/2023\\\/02\\\/image_2023-02-08_210410157.png\",\"width\":580,\"height\":350},{\"@type\":\"BreadcrumbList\",\"@id\":\"https:\\\/\\\/lasentinelle.dz\\\/index.php\\\/2023\\\/02\\\/08\\\/rapport-de-linstitut-stratfor-la-stabilite-de-lalgerie-et-sa-force-economique-un-levier-de-changement-sur-le-plan-international\\\/#breadcrumb\",\"itemListElement\":[{\"@type\":\"ListItem\",\"position\":1,\"name\":\"Accueil\",\"item\":\"https:\\\/\\\/lasentinelle.dz\\\/\"},{\"@type\":\"ListItem\",\"position\":2,\"name\":\"Rapport de l\u2019Institut Stratfor\u00a0: \u00ab\u00a0La stabilit\u00e9 de l&rsquo;Alg\u00e9rie et sa force \u00e9conomique, un levier de changement sur le plan international\u00a0\u00bb\"}]},{\"@type\":\"WebSite\",\"@id\":\"https:\\\/\\\/lasentinelle.dz\\\/#website\",\"url\":\"https:\\\/\\\/lasentinelle.dz\\\/\",\"name\":\"La Sentinelle\",\"description\":\"Quotidien national d&#039;information\",\"publisher\":{\"@id\":\"https:\\\/\\\/lasentinelle.dz\\\/#organization\"},\"potentialAction\":[{\"@type\":\"SearchAction\",\"target\":{\"@type\":\"EntryPoint\",\"urlTemplate\":\"https:\\\/\\\/lasentinelle.dz\\\/?s={search_term_string}\"},\"query-input\":{\"@type\":\"PropertyValueSpecification\",\"valueRequired\":true,\"valueName\":\"search_term_string\"}}],\"inLanguage\":\"fr-FR\"},{\"@type\":\"Organization\",\"@id\":\"https:\\\/\\\/lasentinelle.dz\\\/#organization\",\"name\":\"Quotidien La Sentinelle\",\"url\":\"https:\\\/\\\/lasentinelle.dz\\\/\",\"logo\":{\"@type\":\"ImageObject\",\"inLanguage\":\"fr-FR\",\"@id\":\"https:\\\/\\\/lasentinelle.dz\\\/#\\\/schema\\\/logo\\\/image\\\/\",\"url\":\"https:\\\/\\\/lasentinelle.dz\\\/wp-content\\\/uploads\\\/2021\\\/09\\\/logo-sentinelleSLOGAN-1.png\",\"contentUrl\":\"https:\\\/\\\/lasentinelle.dz\\\/wp-content\\\/uploads\\\/2021\\\/09\\\/logo-sentinelleSLOGAN-1.png\",\"width\":615,\"height\":142,\"caption\":\"Quotidien La Sentinelle\"},\"image\":{\"@id\":\"https:\\\/\\\/lasentinelle.dz\\\/#\\\/schema\\\/logo\\\/image\\\/\"},\"sameAs\":[\"https:\\\/\\\/www.facebook.com\\\/La-Sentinelle-104059864394773\"]},{\"@type\":\"Person\",\"@id\":\"https:\\\/\\\/lasentinelle.dz\\\/#\\\/schema\\\/person\\\/d865044e22e70a75174ce8bcad3acfb3\",\"name\":\"La Sentinelle\",\"image\":{\"@type\":\"ImageObject\",\"inLanguage\":\"fr-FR\",\"@id\":\"https:\\\/\\\/secure.gravatar.com\\\/avatar\\\/57de8e5d4b15d43fb361a71fbb36338450fe67865b528a43dd10ef7c51a20392?s=96&d=mm&r=g\",\"url\":\"https:\\\/\\\/secure.gravatar.com\\\/avatar\\\/57de8e5d4b15d43fb361a71fbb36338450fe67865b528a43dd10ef7c51a20392?s=96&d=mm&r=g\",\"contentUrl\":\"https:\\\/\\\/secure.gravatar.com\\\/avatar\\\/57de8e5d4b15d43fb361a71fbb36338450fe67865b528a43dd10ef7c51a20392?s=96&d=mm&r=g\",\"caption\":\"La Sentinelle\"},\"sameAs\":[\"http:\\\/\\\/www.lasentinelle.dz\"],\"url\":\"https:\\\/\\\/lasentinelle.dz\\\/author\\\/redaction\\\/\"}]}<\/script>\n<!-- \/ Yoast SEO plugin. -->","yoast_head_json":{"title":"Rapport de l\u2019Institut Stratfor\u00a0: \u00ab\u00a0La stabilit\u00e9 de l&rsquo;Alg\u00e9rie et sa force \u00e9conomique, un levier de changement sur le plan international\u00a0\u00bb - La Sentinelle","robots":{"index":"index","follow":"follow","max-snippet":"max-snippet:-1","max-image-preview":"max-image-preview:large","max-video-preview":"max-video-preview:-1"},"canonical":"https:\/\/lasentinelle.dz\/index.php\/2023\/02\/08\/rapport-de-linstitut-stratfor-la-stabilite-de-lalgerie-et-sa-force-economique-un-levier-de-changement-sur-le-plan-international\/","og_locale":"fr_FR","og_type":"article","og_title":"Rapport de l\u2019Institut Stratfor\u00a0: \u00ab\u00a0La stabilit\u00e9 de l&rsquo;Alg\u00e9rie et sa force \u00e9conomique, un levier de changement sur le plan international\u00a0\u00bb - La Sentinelle","og_description":"L&rsquo;institut am\u00e9ricain Stratfor, sp\u00e9cialis\u00e9 dans les \u00e9tudes strat\u00e9giques, a indiqu\u00e9 dans un rapport publi\u00e9 lundi que l\u2019\u00e9conomie et la politique","og_url":"https:\/\/lasentinelle.dz\/index.php\/2023\/02\/08\/rapport-de-linstitut-stratfor-la-stabilite-de-lalgerie-et-sa-force-economique-un-levier-de-changement-sur-le-plan-international\/","og_site_name":"La Sentinelle","article_publisher":"https:\/\/www.facebook.com\/La-Sentinelle-104059864394773","article_published_time":"2023-02-08T21:05:00+00:00","og_image":[{"width":580,"height":350,"url":"https:\/\/lasentinelle.dz\/wp-content\/uploads\/2023\/02\/image_2023-02-08_210410157.png","type":"image\/png"}],"author":"La Sentinelle","twitter_card":"summary_large_image","twitter_misc":{"\u00c9crit par":"La Sentinelle","Dur\u00e9e de lecture estim\u00e9e":"2 minutes"},"schema":{"@context":"https:\/\/schema.org","@graph":[{"@type":"Article","@id":"https:\/\/lasentinelle.dz\/index.php\/2023\/02\/08\/rapport-de-linstitut-stratfor-la-stabilite-de-lalgerie-et-sa-force-economique-un-levier-de-changement-sur-le-plan-international\/#article","isPartOf":{"@id":"https:\/\/lasentinelle.dz\/index.php\/2023\/02\/08\/rapport-de-linstitut-stratfor-la-stabilite-de-lalgerie-et-sa-force-economique-un-levier-de-changement-sur-le-plan-international\/"},"author":{"name":"La Sentinelle","@id":"https:\/\/lasentinelle.dz\/#\/schema\/person\/d865044e22e70a75174ce8bcad3acfb3"},"headline":"Rapport de l\u2019Institut Stratfor\u00a0: \u00ab\u00a0La stabilit\u00e9 de l&rsquo;Alg\u00e9rie et sa force \u00e9conomique, un levier de changement sur le plan international\u00a0\u00bb","datePublished":"2023-02-08T21:05:00+00:00","mainEntityOfPage":{"@id":"https:\/\/lasentinelle.dz\/index.php\/2023\/02\/08\/rapport-de-linstitut-stratfor-la-stabilite-de-lalgerie-et-sa-force-economique-un-levier-de-changement-sur-le-plan-international\/"},"wordCount":373,"commentCount":0,"publisher":{"@id":"https:\/\/lasentinelle.dz\/#organization"},"image":{"@id":"https:\/\/lasentinelle.dz\/index.php\/2023\/02\/08\/rapport-de-linstitut-stratfor-la-stabilite-de-lalgerie-et-sa-force-economique-un-levier-de-changement-sur-le-plan-international\/#primaryimage"},"thumbnailUrl":"https:\/\/lasentinelle.dz\/wp-content\/uploads\/2023\/02\/image_2023-02-08_210410157.png","articleSection":["Actualit\u00e9"],"inLanguage":"fr-FR","potentialAction":[{"@type":"CommentAction","name":"Comment","target":["https:\/\/lasentinelle.dz\/index.php\/2023\/02\/08\/rapport-de-linstitut-stratfor-la-stabilite-de-lalgerie-et-sa-force-economique-un-levier-de-changement-sur-le-plan-international\/#respond"]}]},{"@type":"WebPage","@id":"https:\/\/lasentinelle.dz\/index.php\/2023\/02\/08\/rapport-de-linstitut-stratfor-la-stabilite-de-lalgerie-et-sa-force-economique-un-levier-de-changement-sur-le-plan-international\/","url":"https:\/\/lasentinelle.dz\/index.php\/2023\/02\/08\/rapport-de-linstitut-stratfor-la-stabilite-de-lalgerie-et-sa-force-economique-un-levier-de-changement-sur-le-plan-international\/","name":"Rapport de l\u2019Institut Stratfor\u00a0: \u00ab\u00a0La stabilit\u00e9 de l&rsquo;Alg\u00e9rie et sa force \u00e9conomique, un levier de changement sur le plan international\u00a0\u00bb - La Sentinelle","isPartOf":{"@id":"https:\/\/lasentinelle.dz\/#website"},"primaryImageOfPage":{"@id":"https:\/\/lasentinelle.dz\/index.php\/2023\/02\/08\/rapport-de-linstitut-stratfor-la-stabilite-de-lalgerie-et-sa-force-economique-un-levier-de-changement-sur-le-plan-international\/#primaryimage"},"image":{"@id":"https:\/\/lasentinelle.dz\/index.php\/2023\/02\/08\/rapport-de-linstitut-stratfor-la-stabilite-de-lalgerie-et-sa-force-economique-un-levier-de-changement-sur-le-plan-international\/#primaryimage"},"thumbnailUrl":"https:\/\/lasentinelle.dz\/wp-content\/uploads\/2023\/02\/image_2023-02-08_210410157.png","datePublished":"2023-02-08T21:05:00+00:00","breadcrumb":{"@id":"https:\/\/lasentinelle.dz\/index.php\/2023\/02\/08\/rapport-de-linstitut-stratfor-la-stabilite-de-lalgerie-et-sa-force-economique-un-levier-de-changement-sur-le-plan-international\/#breadcrumb"},"inLanguage":"fr-FR","potentialAction":[{"@type":"ReadAction","target":["https:\/\/lasentinelle.dz\/index.php\/2023\/02\/08\/rapport-de-linstitut-stratfor-la-stabilite-de-lalgerie-et-sa-force-economique-un-levier-de-changement-sur-le-plan-international\/"]}]},{"@type":"ImageObject","inLanguage":"fr-FR","@id":"https:\/\/lasentinelle.dz\/index.php\/2023\/02\/08\/rapport-de-linstitut-stratfor-la-stabilite-de-lalgerie-et-sa-force-economique-un-levier-de-changement-sur-le-plan-international\/#primaryimage","url":"https:\/\/lasentinelle.dz\/wp-content\/uploads\/2023\/02\/image_2023-02-08_210410157.png","contentUrl":"https:\/\/lasentinelle.dz\/wp-content\/uploads\/2023\/02\/image_2023-02-08_210410157.png","width":580,"height":350},{"@type":"BreadcrumbList","@id":"https:\/\/lasentinelle.dz\/index.php\/2023\/02\/08\/rapport-de-linstitut-stratfor-la-stabilite-de-lalgerie-et-sa-force-economique-un-levier-de-changement-sur-le-plan-international\/#breadcrumb","itemListElement":[{"@type":"ListItem","position":1,"name":"Accueil","item":"https:\/\/lasentinelle.dz\/"},{"@type":"ListItem","position":2,"name":"Rapport de l\u2019Institut Stratfor\u00a0: \u00ab\u00a0La stabilit\u00e9 de l&rsquo;Alg\u00e9rie et sa force \u00e9conomique, un levier de changement sur le plan international\u00a0\u00bb"}]},{"@type":"WebSite","@id":"https:\/\/lasentinelle.dz\/#website","url":"https:\/\/lasentinelle.dz\/","name":"La Sentinelle","description":"Quotidien national d&#039;information","publisher":{"@id":"https:\/\/lasentinelle.dz\/#organization"},"potentialAction":[{"@type":"SearchAction","target":{"@type":"EntryPoint","urlTemplate":"https:\/\/lasentinelle.dz\/?s={search_term_string}"},"query-input":{"@type":"PropertyValueSpecification","valueRequired":true,"valueName":"search_term_string"}}],"inLanguage":"fr-FR"},{"@type":"Organization","@id":"https:\/\/lasentinelle.dz\/#organization","name":"Quotidien La Sentinelle","url":"https:\/\/lasentinelle.dz\/","logo":{"@type":"ImageObject","inLanguage":"fr-FR","@id":"https:\/\/lasentinelle.dz\/#\/schema\/logo\/image\/","url":"https:\/\/lasentinelle.dz\/wp-content\/uploads\/2021\/09\/logo-sentinelleSLOGAN-1.png","contentUrl":"https:\/\/lasentinelle.dz\/wp-content\/uploads\/2021\/09\/logo-sentinelleSLOGAN-1.png","width":615,"height":142,"caption":"Quotidien La Sentinelle"},"image":{"@id":"https:\/\/lasentinelle.dz\/#\/schema\/logo\/image\/"},"sameAs":["https:\/\/www.facebook.com\/La-Sentinelle-104059864394773"]},{"@type":"Person","@id":"https:\/\/lasentinelle.dz\/#\/schema\/person\/d865044e22e70a75174ce8bcad3acfb3","name":"La Sentinelle","image":{"@type":"ImageObject","inLanguage":"fr-FR","@id":"https:\/\/secure.gravatar.com\/avatar\/57de8e5d4b15d43fb361a71fbb36338450fe67865b528a43dd10ef7c51a20392?s=96&d=mm&r=g","url":"https:\/\/secure.gravatar.com\/avatar\/57de8e5d4b15d43fb361a71fbb36338450fe67865b528a43dd10ef7c51a20392?s=96&d=mm&r=g","contentUrl":"https:\/\/secure.gravatar.com\/avatar\/57de8e5d4b15d43fb361a71fbb36338450fe67865b528a43dd10ef7c51a20392?s=96&d=mm&r=g","caption":"La Sentinelle"},"sameAs":["http:\/\/www.lasentinelle.dz"],"url":"https:\/\/lasentinelle.dz\/author\/redaction\/"}]}},"_links":{"self":[{"href":"https:\/\/lasentinelle.dz\/index.php\/wp-json\/wp\/v2\/posts\/35857","targetHints":{"allow":["GET"]}}],"collection":[{"href":"https:\/\/lasentinelle.dz\/index.php\/wp-json\/wp\/v2\/posts"}],"about":[{"href":"https:\/\/lasentinelle.dz\/index.php\/wp-json\/wp\/v2\/types\/post"}],"author":[{"embeddable":true,"href":"https:\/\/lasentinelle.dz\/index.php\/wp-json\/wp\/v2\/users\/3"}],"replies":[{"embeddable":true,"href":"https:\/\/lasentinelle.dz\/index.php\/wp-json\/wp\/v2\/comments?post=35857"}],"version-history":[{"count":1,"href":"https:\/\/lasentinelle.dz\/index.php\/wp-json\/wp\/v2\/posts\/35857\/revisions"}],"predecessor-version":[{"id":35867,"href":"https:\/\/lasentinelle.dz\/index.php\/wp-json\/wp\/v2\/posts\/35857\/revisions\/35867"}],"wp:featuredmedia":[{"embeddable":true,"href":"https:\/\/lasentinelle.dz\/index.php\/wp-json\/wp\/v2\/media\/35864"}],"wp:attachment":[{"href":"https:\/\/lasentinelle.dz\/index.php\/wp-json\/wp\/v2\/media?parent=35857"}],"wp:term":[{"taxonomy":"category","embeddable":true,"href":"https:\/\/lasentinelle.dz\/index.php\/wp-json\/wp\/v2\/categories?post=35857"},{"taxonomy":"post_tag","embeddable":true,"href":"https:\/\/lasentinelle.dz\/index.php\/wp-json\/wp\/v2\/tags?post=35857"}],"curies":[{"name":"wp","href":"https:\/\/api.w.org\/{rel}","templated":true}]}}