{"id":35891,"date":"2023-02-11T22:00:00","date_gmt":"2023-02-11T21:00:00","guid":{"rendered":"https:\/\/lasentinelle.dz\/?p=35891"},"modified":"2023-02-11T17:16:33","modified_gmt":"2023-02-11T16:16:33","slug":"ligue-des-champions-de-la-caf-le-crb-simpose-la-jsk-tenue-en-echec","status":"publish","type":"post","link":"https:\/\/lasentinelle.dz\/index.php\/2023\/02\/11\/ligue-des-champions-de-la-caf-le-crb-simpose-la-jsk-tenue-en-echec\/","title":{"rendered":"Ligue des Champions de la CAF\u00a0: Le CRB s\u2019impose, la JSK tenue en \u00e9chec"},"content":{"rendered":"\n<p>Les deux repr\u00e9sentants alg\u00e9riens en Ligues des Champions de la CAF ont entam\u00e9 la phase de poule ce week, lors de deux sorties qu\u2019il ne fallait surtout pas rater. Si le CRB a fait une belle op\u00e9ration en prenant le meilleur sur l\u2019un des plus grands clubs \u00c9gyptiens le Zamalek chez lui au Caire, la JSK, elle, a \u00e9t\u00e9 tenue en \u00e9chec face au Petro Atl\u00e9tico Luanda, avec un match nul en d\u00e9placement.<\/p>\n\n\n\n<p>La JS Kabylie et son homologue angolaise de Petro Atl\u00e9tico ont fait match nul (0-0), en match comptant pour la&nbsp; premi\u00e8re journ\u00e9e du groupe A de la Ligue des champions de la CAF, disput\u00e9 hier\u00e0 Luanda.A l&rsquo;issue de cette rencontre, le Petro Atletico et la JSK occupent provisoirement&nbsp; la 1\u00e8re place de leur groupe avec un point chacun.L&rsquo;autre match du groupe A, entre le WA Casablanca (MAR) et l&rsquo;AS Vita club (RDC) aura lieu le 3 mars prochain.Les co\u00e9quipiers de Boukhanchouche accueilleront, lors de la 2e journ\u00e9e, le Wydad de Casablanca, tenants du troph\u00e9e, avant de se d\u00e9placer \u00e0 Kinshasa pour croiser le fer avec les Congolais de l&rsquo;AS Vita Club.L&rsquo;autre repr\u00e9sentant alg\u00e9rien dans cette comp\u00e9titions, le CR Belouizdad (Groupe D) s&rsquo;est impos\u00e9 vendredi devant les Egyptiens du Zamalek (1-0) au stade international du Caire, gr\u00e2ce au but du Camerounais Wamba Djouffo Leonel (57 s.p).<\/p>\n\n\n\n<p>Et c\u2019est une premi\u00e8re dans l\u2019histoire des confrontations alg\u00e9ro-\u00e9gyptiennes, carle Chabab est devenu vendredi soir le premier club alg\u00e9rien \u00e0 avoir dam\u00e9 le pion au Zamalek sur ses terres. Alors que la premi\u00e8re mi-temps n\u2019a pas connu de changement au score, les Rouge et Blanc ont pris les devants en seconde p\u00e9riode, plus exactement \u00e0 la 57e minute, gr\u00e2ce \u00e0 un penalty transform\u00e9 par l\u2019international, Leonel Wamba.Les camarades de Mrezigue, de retour en club apr\u00e8s avoir disput\u00e9 le Championnat d\u2019Afrique des nations (CHAN 2022), avaient la possibilit\u00e9 de faire le&nbsp; break et m\u00eame aggraver le score \u00e0 de nombreuses reprises, mais ils ont p\u00each\u00e9 dans le dernier geste.<\/p>\n\n\n\n<p>M\u00eame si la victoire est courte, les trois points sont dans l\u2019escarcelle des Belouizdadis. Une belle entr\u00e9e en mati\u00e8re qui leur permet de prendre, en solo, les commandes du groupe D. Le CRB effectuera sa seconde sortie, le 17 ou le 18 f\u00e9vrier prochain au stade du 5 Juillet 1962, face \u00e0 l\u2019ES Tunis. Notons que les deux premiers de chaque groupe se qualifient pour les quarts de finale.<\/p>\n\n\n\n<p>R.S.<\/p>\n","protected":false},"excerpt":{"rendered":"<p>Les deux repr\u00e9sentants alg\u00e9riens en Ligues des Champions de la CAF ont entam\u00e9 la phase de poule ce week, lors<\/p>\n","protected":false},"author":3,"featured_media":35901,"comment_status":"open","ping_status":"closed","sticky":false,"template":"","format":"standard","meta":{"colormag_page_container_layout":"default_layout","colormag_page_sidebar_layout":"default_layout","om_disable_all_campaigns":false,"_monsterinsights_skip_tracking":false,"_monsterinsights_sitenote_active":false,"_monsterinsights_sitenote_note":"","_monsterinsights_sitenote_category":0,"footnotes":"","_wpscppro_dont_share_socialmedia":false,"_wpscppro_custom_social_share_image":0,"_facebook_share_type":"","_twitter_share_type":"","_linkedin_share_type":"","_pinterest_share_type":"","_linkedin_share_type_page":"","_instagram_share_type":"","_medium_share_type":"","_threads_share_type":"","_google_business_share_type":"","_selected_social_profile":[],"_wpsp_enable_custom_social_template":false,"_wpsp_social_scheduling":{"enabled":false,"datetime":null,"platforms":[],"status":"template_only","dateOption":"today","timeOption":"now","customDays":"","customHours":"","customDate":"","customTime":"","schedulingType":"absolute"},"_wpsp_active_default_template":true},"categories":[33],"tags":[],"class_list":["post-35891","post","type-post","status-publish","format-standard","has-post-thumbnail","hentry","category-sports"],"aioseo_notices":[],"yoast_head":"<!-- This site is optimized with the Yoast SEO plugin v27.5 - https:\/\/yoast.com\/product\/yoast-seo-wordpress\/ -->\n<title>Ligue des Champions de la CAF\u00a0: Le CRB s\u2019impose, la JSK tenue en \u00e9chec - La Sentinelle<\/title>\n<meta name=\"robots\" content=\"index, follow, max-snippet:-1, max-image-preview:large, max-video-preview:-1\" \/>\n<link rel=\"canonical\" href=\"https:\/\/lasentinelle.dz\/index.php\/2023\/02\/11\/ligue-des-champions-de-la-caf-le-crb-simpose-la-jsk-tenue-en-echec\/\" \/>\n<meta property=\"og:locale\" content=\"fr_FR\" \/>\n<meta property=\"og:type\" content=\"article\" \/>\n<meta property=\"og:title\" content=\"Ligue des Champions de la CAF\u00a0: Le CRB s\u2019impose, la JSK tenue en \u00e9chec - La Sentinelle\" \/>\n<meta property=\"og:description\" content=\"Les deux repr\u00e9sentants alg\u00e9riens en Ligues des Champions de la CAF ont entam\u00e9 la phase de poule ce week, lors\" \/>\n<meta property=\"og:url\" content=\"https:\/\/lasentinelle.dz\/index.php\/2023\/02\/11\/ligue-des-champions-de-la-caf-le-crb-simpose-la-jsk-tenue-en-echec\/\" \/>\n<meta property=\"og:site_name\" content=\"La Sentinelle\" \/>\n<meta property=\"article:publisher\" content=\"https:\/\/www.facebook.com\/La-Sentinelle-104059864394773\" \/>\n<meta property=\"article:published_time\" content=\"2023-02-11T21:00:00+00:00\" \/>\n<meta property=\"og:image\" content=\"https:\/\/lasentinelle.dz\/wp-content\/uploads\/2023\/02\/CRB-1.png\" \/>\n\t<meta property=\"og:image:width\" content=\"1200\" \/>\n\t<meta property=\"og:image:height\" content=\"900\" \/>\n\t<meta property=\"og:image:type\" content=\"image\/png\" \/>\n<meta name=\"author\" content=\"La Sentinelle\" \/>\n<meta name=\"twitter:card\" content=\"summary_large_image\" \/>\n<meta name=\"twitter:label1\" content=\"\u00c9crit par\" \/>\n\t<meta name=\"twitter:data1\" content=\"La Sentinelle\" \/>\n\t<meta name=\"twitter:label2\" content=\"Dur\u00e9e de lecture estim\u00e9e\" \/>\n\t<meta name=\"twitter:data2\" content=\"3 minutes\" \/>\n<script type=\"application\/ld+json\" class=\"yoast-schema-graph\">{\"@context\":\"https:\\\/\\\/schema.org\",\"@graph\":[{\"@type\":\"Article\",\"@id\":\"https:\\\/\\\/lasentinelle.dz\\\/index.php\\\/2023\\\/02\\\/11\\\/ligue-des-champions-de-la-caf-le-crb-simpose-la-jsk-tenue-en-echec\\\/#article\",\"isPartOf\":{\"@id\":\"https:\\\/\\\/lasentinelle.dz\\\/index.php\\\/2023\\\/02\\\/11\\\/ligue-des-champions-de-la-caf-le-crb-simpose-la-jsk-tenue-en-echec\\\/\"},\"author\":{\"name\":\"La Sentinelle\",\"@id\":\"https:\\\/\\\/lasentinelle.dz\\\/#\\\/schema\\\/person\\\/d865044e22e70a75174ce8bcad3acfb3\"},\"headline\":\"Ligue des Champions de la CAF\u00a0: Le CRB s\u2019impose, la JSK tenue en \u00e9chec\",\"datePublished\":\"2023-02-11T21:00:00+00:00\",\"mainEntityOfPage\":{\"@id\":\"https:\\\/\\\/lasentinelle.dz\\\/index.php\\\/2023\\\/02\\\/11\\\/ligue-des-champions-de-la-caf-le-crb-simpose-la-jsk-tenue-en-echec\\\/\"},\"wordCount\":453,\"commentCount\":0,\"publisher\":{\"@id\":\"https:\\\/\\\/lasentinelle.dz\\\/#organization\"},\"image\":{\"@id\":\"https:\\\/\\\/lasentinelle.dz\\\/index.php\\\/2023\\\/02\\\/11\\\/ligue-des-champions-de-la-caf-le-crb-simpose-la-jsk-tenue-en-echec\\\/#primaryimage\"},\"thumbnailUrl\":\"https:\\\/\\\/lasentinelle.dz\\\/wp-content\\\/uploads\\\/2023\\\/02\\\/CRB-1.png\",\"articleSection\":[\"Sports\"],\"inLanguage\":\"fr-FR\",\"potentialAction\":[{\"@type\":\"CommentAction\",\"name\":\"Comment\",\"target\":[\"https:\\\/\\\/lasentinelle.dz\\\/index.php\\\/2023\\\/02\\\/11\\\/ligue-des-champions-de-la-caf-le-crb-simpose-la-jsk-tenue-en-echec\\\/#respond\"]}]},{\"@type\":\"WebPage\",\"@id\":\"https:\\\/\\\/lasentinelle.dz\\\/index.php\\\/2023\\\/02\\\/11\\\/ligue-des-champions-de-la-caf-le-crb-simpose-la-jsk-tenue-en-echec\\\/\",\"url\":\"https:\\\/\\\/lasentinelle.dz\\\/index.php\\\/2023\\\/02\\\/11\\\/ligue-des-champions-de-la-caf-le-crb-simpose-la-jsk-tenue-en-echec\\\/\",\"name\":\"Ligue des Champions de la CAF\u00a0: Le CRB s\u2019impose, la JSK tenue en \u00e9chec - La Sentinelle\",\"isPartOf\":{\"@id\":\"https:\\\/\\\/lasentinelle.dz\\\/#website\"},\"primaryImageOfPage\":{\"@id\":\"https:\\\/\\\/lasentinelle.dz\\\/index.php\\\/2023\\\/02\\\/11\\\/ligue-des-champions-de-la-caf-le-crb-simpose-la-jsk-tenue-en-echec\\\/#primaryimage\"},\"image\":{\"@id\":\"https:\\\/\\\/lasentinelle.dz\\\/index.php\\\/2023\\\/02\\\/11\\\/ligue-des-champions-de-la-caf-le-crb-simpose-la-jsk-tenue-en-echec\\\/#primaryimage\"},\"thumbnailUrl\":\"https:\\\/\\\/lasentinelle.dz\\\/wp-content\\\/uploads\\\/2023\\\/02\\\/CRB-1.png\",\"datePublished\":\"2023-02-11T21:00:00+00:00\",\"breadcrumb\":{\"@id\":\"https:\\\/\\\/lasentinelle.dz\\\/index.php\\\/2023\\\/02\\\/11\\\/ligue-des-champions-de-la-caf-le-crb-simpose-la-jsk-tenue-en-echec\\\/#breadcrumb\"},\"inLanguage\":\"fr-FR\",\"potentialAction\":[{\"@type\":\"ReadAction\",\"target\":[\"https:\\\/\\\/lasentinelle.dz\\\/index.php\\\/2023\\\/02\\\/11\\\/ligue-des-champions-de-la-caf-le-crb-simpose-la-jsk-tenue-en-echec\\\/\"]}]},{\"@type\":\"ImageObject\",\"inLanguage\":\"fr-FR\",\"@id\":\"https:\\\/\\\/lasentinelle.dz\\\/index.php\\\/2023\\\/02\\\/11\\\/ligue-des-champions-de-la-caf-le-crb-simpose-la-jsk-tenue-en-echec\\\/#primaryimage\",\"url\":\"https:\\\/\\\/lasentinelle.dz\\\/wp-content\\\/uploads\\\/2023\\\/02\\\/CRB-1.png\",\"contentUrl\":\"https:\\\/\\\/lasentinelle.dz\\\/wp-content\\\/uploads\\\/2023\\\/02\\\/CRB-1.png\",\"width\":1200,\"height\":900},{\"@type\":\"BreadcrumbList\",\"@id\":\"https:\\\/\\\/lasentinelle.dz\\\/index.php\\\/2023\\\/02\\\/11\\\/ligue-des-champions-de-la-caf-le-crb-simpose-la-jsk-tenue-en-echec\\\/#breadcrumb\",\"itemListElement\":[{\"@type\":\"ListItem\",\"position\":1,\"name\":\"Accueil\",\"item\":\"https:\\\/\\\/lasentinelle.dz\\\/\"},{\"@type\":\"ListItem\",\"position\":2,\"name\":\"Ligue des Champions de la CAF\u00a0: Le CRB s\u2019impose, la JSK tenue en \u00e9chec\"}]},{\"@type\":\"WebSite\",\"@id\":\"https:\\\/\\\/lasentinelle.dz\\\/#website\",\"url\":\"https:\\\/\\\/lasentinelle.dz\\\/\",\"name\":\"La Sentinelle\",\"description\":\"Quotidien national d&#039;information\",\"publisher\":{\"@id\":\"https:\\\/\\\/lasentinelle.dz\\\/#organization\"},\"potentialAction\":[{\"@type\":\"SearchAction\",\"target\":{\"@type\":\"EntryPoint\",\"urlTemplate\":\"https:\\\/\\\/lasentinelle.dz\\\/?s={search_term_string}\"},\"query-input\":{\"@type\":\"PropertyValueSpecification\",\"valueRequired\":true,\"valueName\":\"search_term_string\"}}],\"inLanguage\":\"fr-FR\"},{\"@type\":\"Organization\",\"@id\":\"https:\\\/\\\/lasentinelle.dz\\\/#organization\",\"name\":\"Quotidien La Sentinelle\",\"url\":\"https:\\\/\\\/lasentinelle.dz\\\/\",\"logo\":{\"@type\":\"ImageObject\",\"inLanguage\":\"fr-FR\",\"@id\":\"https:\\\/\\\/lasentinelle.dz\\\/#\\\/schema\\\/logo\\\/image\\\/\",\"url\":\"https:\\\/\\\/lasentinelle.dz\\\/wp-content\\\/uploads\\\/2021\\\/09\\\/logo-sentinelleSLOGAN-1.png\",\"contentUrl\":\"https:\\\/\\\/lasentinelle.dz\\\/wp-content\\\/uploads\\\/2021\\\/09\\\/logo-sentinelleSLOGAN-1.png\",\"width\":615,\"height\":142,\"caption\":\"Quotidien La Sentinelle\"},\"image\":{\"@id\":\"https:\\\/\\\/lasentinelle.dz\\\/#\\\/schema\\\/logo\\\/image\\\/\"},\"sameAs\":[\"https:\\\/\\\/www.facebook.com\\\/La-Sentinelle-104059864394773\"]},{\"@type\":\"Person\",\"@id\":\"https:\\\/\\\/lasentinelle.dz\\\/#\\\/schema\\\/person\\\/d865044e22e70a75174ce8bcad3acfb3\",\"name\":\"La Sentinelle\",\"image\":{\"@type\":\"ImageObject\",\"inLanguage\":\"fr-FR\",\"@id\":\"https:\\\/\\\/secure.gravatar.com\\\/avatar\\\/57de8e5d4b15d43fb361a71fbb36338450fe67865b528a43dd10ef7c51a20392?s=96&d=mm&r=g\",\"url\":\"https:\\\/\\\/secure.gravatar.com\\\/avatar\\\/57de8e5d4b15d43fb361a71fbb36338450fe67865b528a43dd10ef7c51a20392?s=96&d=mm&r=g\",\"contentUrl\":\"https:\\\/\\\/secure.gravatar.com\\\/avatar\\\/57de8e5d4b15d43fb361a71fbb36338450fe67865b528a43dd10ef7c51a20392?s=96&d=mm&r=g\",\"caption\":\"La Sentinelle\"},\"sameAs\":[\"http:\\\/\\\/www.lasentinelle.dz\"],\"url\":\"https:\\\/\\\/lasentinelle.dz\\\/author\\\/redaction\\\/\"}]}<\/script>\n<!-- \/ Yoast SEO plugin. -->","yoast_head_json":{"title":"Ligue des Champions de la CAF\u00a0: Le CRB s\u2019impose, la JSK tenue en \u00e9chec - La Sentinelle","robots":{"index":"index","follow":"follow","max-snippet":"max-snippet:-1","max-image-preview":"max-image-preview:large","max-video-preview":"max-video-preview:-1"},"canonical":"https:\/\/lasentinelle.dz\/index.php\/2023\/02\/11\/ligue-des-champions-de-la-caf-le-crb-simpose-la-jsk-tenue-en-echec\/","og_locale":"fr_FR","og_type":"article","og_title":"Ligue des Champions de la CAF\u00a0: Le CRB s\u2019impose, la JSK tenue en \u00e9chec - La Sentinelle","og_description":"Les deux repr\u00e9sentants alg\u00e9riens en Ligues des Champions de la CAF ont entam\u00e9 la phase de poule ce week, lors","og_url":"https:\/\/lasentinelle.dz\/index.php\/2023\/02\/11\/ligue-des-champions-de-la-caf-le-crb-simpose-la-jsk-tenue-en-echec\/","og_site_name":"La Sentinelle","article_publisher":"https:\/\/www.facebook.com\/La-Sentinelle-104059864394773","article_published_time":"2023-02-11T21:00:00+00:00","og_image":[{"width":1200,"height":900,"url":"https:\/\/lasentinelle.dz\/wp-content\/uploads\/2023\/02\/CRB-1.png","type":"image\/png"}],"author":"La Sentinelle","twitter_card":"summary_large_image","twitter_misc":{"\u00c9crit par":"La Sentinelle","Dur\u00e9e de lecture estim\u00e9e":"3 minutes"},"schema":{"@context":"https:\/\/schema.org","@graph":[{"@type":"Article","@id":"https:\/\/lasentinelle.dz\/index.php\/2023\/02\/11\/ligue-des-champions-de-la-caf-le-crb-simpose-la-jsk-tenue-en-echec\/#article","isPartOf":{"@id":"https:\/\/lasentinelle.dz\/index.php\/2023\/02\/11\/ligue-des-champions-de-la-caf-le-crb-simpose-la-jsk-tenue-en-echec\/"},"author":{"name":"La Sentinelle","@id":"https:\/\/lasentinelle.dz\/#\/schema\/person\/d865044e22e70a75174ce8bcad3acfb3"},"headline":"Ligue des Champions de la CAF\u00a0: Le CRB s\u2019impose, la JSK tenue en \u00e9chec","datePublished":"2023-02-11T21:00:00+00:00","mainEntityOfPage":{"@id":"https:\/\/lasentinelle.dz\/index.php\/2023\/02\/11\/ligue-des-champions-de-la-caf-le-crb-simpose-la-jsk-tenue-en-echec\/"},"wordCount":453,"commentCount":0,"publisher":{"@id":"https:\/\/lasentinelle.dz\/#organization"},"image":{"@id":"https:\/\/lasentinelle.dz\/index.php\/2023\/02\/11\/ligue-des-champions-de-la-caf-le-crb-simpose-la-jsk-tenue-en-echec\/#primaryimage"},"thumbnailUrl":"https:\/\/lasentinelle.dz\/wp-content\/uploads\/2023\/02\/CRB-1.png","articleSection":["Sports"],"inLanguage":"fr-FR","potentialAction":[{"@type":"CommentAction","name":"Comment","target":["https:\/\/lasentinelle.dz\/index.php\/2023\/02\/11\/ligue-des-champions-de-la-caf-le-crb-simpose-la-jsk-tenue-en-echec\/#respond"]}]},{"@type":"WebPage","@id":"https:\/\/lasentinelle.dz\/index.php\/2023\/02\/11\/ligue-des-champions-de-la-caf-le-crb-simpose-la-jsk-tenue-en-echec\/","url":"https:\/\/lasentinelle.dz\/index.php\/2023\/02\/11\/ligue-des-champions-de-la-caf-le-crb-simpose-la-jsk-tenue-en-echec\/","name":"Ligue des Champions de la CAF\u00a0: Le CRB s\u2019impose, la JSK tenue en \u00e9chec - La Sentinelle","isPartOf":{"@id":"https:\/\/lasentinelle.dz\/#website"},"primaryImageOfPage":{"@id":"https:\/\/lasentinelle.dz\/index.php\/2023\/02\/11\/ligue-des-champions-de-la-caf-le-crb-simpose-la-jsk-tenue-en-echec\/#primaryimage"},"image":{"@id":"https:\/\/lasentinelle.dz\/index.php\/2023\/02\/11\/ligue-des-champions-de-la-caf-le-crb-simpose-la-jsk-tenue-en-echec\/#primaryimage"},"thumbnailUrl":"https:\/\/lasentinelle.dz\/wp-content\/uploads\/2023\/02\/CRB-1.png","datePublished":"2023-02-11T21:00:00+00:00","breadcrumb":{"@id":"https:\/\/lasentinelle.dz\/index.php\/2023\/02\/11\/ligue-des-champions-de-la-caf-le-crb-simpose-la-jsk-tenue-en-echec\/#breadcrumb"},"inLanguage":"fr-FR","potentialAction":[{"@type":"ReadAction","target":["https:\/\/lasentinelle.dz\/index.php\/2023\/02\/11\/ligue-des-champions-de-la-caf-le-crb-simpose-la-jsk-tenue-en-echec\/"]}]},{"@type":"ImageObject","inLanguage":"fr-FR","@id":"https:\/\/lasentinelle.dz\/index.php\/2023\/02\/11\/ligue-des-champions-de-la-caf-le-crb-simpose-la-jsk-tenue-en-echec\/#primaryimage","url":"https:\/\/lasentinelle.dz\/wp-content\/uploads\/2023\/02\/CRB-1.png","contentUrl":"https:\/\/lasentinelle.dz\/wp-content\/uploads\/2023\/02\/CRB-1.png","width":1200,"height":900},{"@type":"BreadcrumbList","@id":"https:\/\/lasentinelle.dz\/index.php\/2023\/02\/11\/ligue-des-champions-de-la-caf-le-crb-simpose-la-jsk-tenue-en-echec\/#breadcrumb","itemListElement":[{"@type":"ListItem","position":1,"name":"Accueil","item":"https:\/\/lasentinelle.dz\/"},{"@type":"ListItem","position":2,"name":"Ligue des Champions de la CAF\u00a0: Le CRB s\u2019impose, la JSK tenue en \u00e9chec"}]},{"@type":"WebSite","@id":"https:\/\/lasentinelle.dz\/#website","url":"https:\/\/lasentinelle.dz\/","name":"La Sentinelle","description":"Quotidien national d&#039;information","publisher":{"@id":"https:\/\/lasentinelle.dz\/#organization"},"potentialAction":[{"@type":"SearchAction","target":{"@type":"EntryPoint","urlTemplate":"https:\/\/lasentinelle.dz\/?s={search_term_string}"},"query-input":{"@type":"PropertyValueSpecification","valueRequired":true,"valueName":"search_term_string"}}],"inLanguage":"fr-FR"},{"@type":"Organization","@id":"https:\/\/lasentinelle.dz\/#organization","name":"Quotidien La Sentinelle","url":"https:\/\/lasentinelle.dz\/","logo":{"@type":"ImageObject","inLanguage":"fr-FR","@id":"https:\/\/lasentinelle.dz\/#\/schema\/logo\/image\/","url":"https:\/\/lasentinelle.dz\/wp-content\/uploads\/2021\/09\/logo-sentinelleSLOGAN-1.png","contentUrl":"https:\/\/lasentinelle.dz\/wp-content\/uploads\/2021\/09\/logo-sentinelleSLOGAN-1.png","width":615,"height":142,"caption":"Quotidien La Sentinelle"},"image":{"@id":"https:\/\/lasentinelle.dz\/#\/schema\/logo\/image\/"},"sameAs":["https:\/\/www.facebook.com\/La-Sentinelle-104059864394773"]},{"@type":"Person","@id":"https:\/\/lasentinelle.dz\/#\/schema\/person\/d865044e22e70a75174ce8bcad3acfb3","name":"La Sentinelle","image":{"@type":"ImageObject","inLanguage":"fr-FR","@id":"https:\/\/secure.gravatar.com\/avatar\/57de8e5d4b15d43fb361a71fbb36338450fe67865b528a43dd10ef7c51a20392?s=96&d=mm&r=g","url":"https:\/\/secure.gravatar.com\/avatar\/57de8e5d4b15d43fb361a71fbb36338450fe67865b528a43dd10ef7c51a20392?s=96&d=mm&r=g","contentUrl":"https:\/\/secure.gravatar.com\/avatar\/57de8e5d4b15d43fb361a71fbb36338450fe67865b528a43dd10ef7c51a20392?s=96&d=mm&r=g","caption":"La Sentinelle"},"sameAs":["http:\/\/www.lasentinelle.dz"],"url":"https:\/\/lasentinelle.dz\/author\/redaction\/"}]}},"_links":{"self":[{"href":"https:\/\/lasentinelle.dz\/index.php\/wp-json\/wp\/v2\/posts\/35891","targetHints":{"allow":["GET"]}}],"collection":[{"href":"https:\/\/lasentinelle.dz\/index.php\/wp-json\/wp\/v2\/posts"}],"about":[{"href":"https:\/\/lasentinelle.dz\/index.php\/wp-json\/wp\/v2\/types\/post"}],"author":[{"embeddable":true,"href":"https:\/\/lasentinelle.dz\/index.php\/wp-json\/wp\/v2\/users\/3"}],"replies":[{"embeddable":true,"href":"https:\/\/lasentinelle.dz\/index.php\/wp-json\/wp\/v2\/comments?post=35891"}],"version-history":[{"count":1,"href":"https:\/\/lasentinelle.dz\/index.php\/wp-json\/wp\/v2\/posts\/35891\/revisions"}],"predecessor-version":[{"id":35904,"href":"https:\/\/lasentinelle.dz\/index.php\/wp-json\/wp\/v2\/posts\/35891\/revisions\/35904"}],"wp:featuredmedia":[{"embeddable":true,"href":"https:\/\/lasentinelle.dz\/index.php\/wp-json\/wp\/v2\/media\/35901"}],"wp:attachment":[{"href":"https:\/\/lasentinelle.dz\/index.php\/wp-json\/wp\/v2\/media?parent=35891"}],"wp:term":[{"taxonomy":"category","embeddable":true,"href":"https:\/\/lasentinelle.dz\/index.php\/wp-json\/wp\/v2\/categories?post=35891"},{"taxonomy":"post_tag","embeddable":true,"href":"https:\/\/lasentinelle.dz\/index.php\/wp-json\/wp\/v2\/tags?post=35891"}],"curies":[{"name":"wp","href":"https:\/\/api.w.org\/{rel}","templated":true}]}}