{"id":35897,"date":"2023-02-11T22:00:00","date_gmt":"2023-02-11T21:00:00","guid":{"rendered":"https:\/\/lasentinelle.dz\/?p=35897"},"modified":"2023-02-11T16:50:26","modified_gmt":"2023-02-11T15:50:26","slug":"championnats-dafrique-de-cyclisme-lalgerie-en-tete-du-classement-avec-13-medailles","status":"publish","type":"post","link":"https:\/\/lasentinelle.dz\/index.php\/2023\/02\/11\/championnats-dafrique-de-cyclisme-lalgerie-en-tete-du-classement-avec-13-medailles\/","title":{"rendered":"Championnats d&rsquo;Afrique de cyclisme\u00a0: L\u2019Alg\u00e9rie en t\u00eate du classement avec 13 m\u00e9dailles"},"content":{"rendered":"\n<p>Avec 13 m\u00e9dailles l\u2019Alg\u00e9rie se trouve en t\u00eate du classement provisoire du championnat d\u2019Afrique de cyclisme qui se tient actuellement au Ghana.<\/p>\n\n\n\n<p>Les cyclistes alg\u00e9riennes Malak M\u00e9chab et Housna Belili ont d\u00e9croch\u00e9,hier, respectivement les m\u00e9dailles d&rsquo;or et d&rsquo;argent de la course en ligne (juniors filles) des championnat d&rsquo;Afrique sur route 2023 qui se d\u00e9roulent \u00e0 Accra (Ghana).<\/p>\n\n\n\n<p>L&rsquo;Alg\u00e9rie se trouve en t\u00eate du classement provisoire avec un total de treize (13) m\u00e9dailles depuis le d\u00e9but des \u00e9preuves : 7 or, 4 argent et 2 bronze. La journ\u00e9e d\u2019hier a \u00e9galement \u00e9t\u00e9 marqu\u00e9e par le d\u00e9roulement de la course en ligne juniors gar\u00e7ons (90 km). La s\u00e9lection alg\u00e9rienne est compos\u00e9e de Bachir Chenafi, Ryad Bakhti, Djaouad Nehari et Anes Riahi.<\/p>\n\n\n\n<p>Pour rappel, la s\u00e9lection alg\u00e9rienne de cyclisme sur route obtenu de deux m\u00e9dailles d&rsquo;argent vendredi gr\u00e2ce aux cadets et aux cadettes, ayant pris les uns comme les autres la deuxi\u00e8me place dans l&rsquo;\u00e9preuve du contre-la-montre par \u00e9quipes, disput\u00e9e vendredi.La s\u00e9lection nationale des cadets \u00e9tait compos\u00e9e de Sameh Rouabah, Abdeldjalil Boutebba, Hicham Tamezrout et Mohamed Kouider, alors que la s\u00e9lection f\u00e9minine comportait Yousra Zerrouki, Tansim Bahri, Nourhane Bechelaghem et Malak Othmane-El-Akeb.<\/p>\n\n\n\n<p>Les pr\u00e9c\u00e9dentes m\u00e9dailles ont \u00e9t\u00e9 glan\u00e9es par les s\u00e9lections juniors et seniors, \u00e9galement dans les \u00e9preuves du contre-la-montre par \u00e9quipes et en individuel, disput\u00e9es mercredi et jeudi.<\/p>\n\n\n\n<p>Dix-neuf nations dont l&rsquo;Alg\u00e9rie et le Ghana (Pays h\u00f4te) participent \u00e0 ces Championnats d&rsquo;Afrique 2023 de cyclisme sur route, qui se d\u00e9roulent du 8 au 13 f\u00e9vrier \u00e0 Accra.<\/p>\n\n\n\n<p>Outre l&rsquo;Alg\u00e9rie et le Ghana (pays h\u00f4te), les autres nations participantes sont le B\u00e9nin, l&rsquo;Angola, le Botswana, le Burkina Faso, le Burundi, l&rsquo;Egypte, la C\u00f4te d&rsquo;Ivoire, l&rsquo;Erythr\u00e9e, l&rsquo;Ethiopie, le Nigeria, le Rwanda, l&rsquo;Ouganda et bien d&rsquo;autres pays africains encore.<\/p>\n\n\n\n<p>R.S.<\/p>\n","protected":false},"excerpt":{"rendered":"<p>Avec 13 m\u00e9dailles l\u2019Alg\u00e9rie se trouve en t\u00eate du classement provisoire du championnat d\u2019Afrique de cyclisme qui se tient actuellement<\/p>\n","protected":false},"author":3,"featured_media":35898,"comment_status":"open","ping_status":"closed","sticky":false,"template":"","format":"standard","meta":{"colormag_page_container_layout":"default_layout","colormag_page_sidebar_layout":"default_layout","om_disable_all_campaigns":false,"_monsterinsights_skip_tracking":false,"_monsterinsights_sitenote_active":false,"_monsterinsights_sitenote_note":"","_monsterinsights_sitenote_category":0,"footnotes":"","_wpscppro_dont_share_socialmedia":false,"_wpscppro_custom_social_share_image":0,"_facebook_share_type":"","_twitter_share_type":"","_linkedin_share_type":"","_pinterest_share_type":"","_linkedin_share_type_page":"","_instagram_share_type":"","_medium_share_type":"","_threads_share_type":"","_google_business_share_type":"","_selected_social_profile":[],"_wpsp_enable_custom_social_template":false,"_wpsp_social_scheduling":{"enabled":false,"datetime":null,"platforms":[],"status":"template_only","dateOption":"today","timeOption":"now","customDays":"","customHours":"","customDate":"","customTime":"","schedulingType":"absolute"},"_wpsp_active_default_template":true},"categories":[33],"tags":[],"class_list":["post-35897","post","type-post","status-publish","format-standard","has-post-thumbnail","hentry","category-sports"],"aioseo_notices":[],"yoast_head":"<!-- This site is optimized with the Yoast SEO plugin v27.5 - https:\/\/yoast.com\/product\/yoast-seo-wordpress\/ -->\n<title>Championnats d&rsquo;Afrique de cyclisme\u00a0: L\u2019Alg\u00e9rie en t\u00eate du classement avec 13 m\u00e9dailles - La Sentinelle<\/title>\n<meta name=\"robots\" content=\"index, follow, max-snippet:-1, max-image-preview:large, max-video-preview:-1\" \/>\n<link rel=\"canonical\" href=\"https:\/\/lasentinelle.dz\/index.php\/2023\/02\/11\/championnats-dafrique-de-cyclisme-lalgerie-en-tete-du-classement-avec-13-medailles\/\" \/>\n<meta property=\"og:locale\" content=\"fr_FR\" \/>\n<meta property=\"og:type\" content=\"article\" \/>\n<meta property=\"og:title\" content=\"Championnats d&rsquo;Afrique de cyclisme\u00a0: L\u2019Alg\u00e9rie en t\u00eate du classement avec 13 m\u00e9dailles - La Sentinelle\" \/>\n<meta property=\"og:description\" content=\"Avec 13 m\u00e9dailles l\u2019Alg\u00e9rie se trouve en t\u00eate du classement provisoire du championnat d\u2019Afrique de cyclisme qui se tient actuellement\" \/>\n<meta property=\"og:url\" content=\"https:\/\/lasentinelle.dz\/index.php\/2023\/02\/11\/championnats-dafrique-de-cyclisme-lalgerie-en-tete-du-classement-avec-13-medailles\/\" \/>\n<meta property=\"og:site_name\" content=\"La Sentinelle\" \/>\n<meta property=\"article:publisher\" content=\"https:\/\/www.facebook.com\/La-Sentinelle-104059864394773\" \/>\n<meta property=\"article:published_time\" content=\"2023-02-11T21:00:00+00:00\" \/>\n<meta property=\"og:image\" content=\"https:\/\/lasentinelle.dz\/wp-content\/uploads\/2023\/02\/cyclisme.png\" \/>\n\t<meta property=\"og:image:width\" content=\"900\" \/>\n\t<meta property=\"og:image:height\" content=\"675\" \/>\n\t<meta property=\"og:image:type\" content=\"image\/png\" \/>\n<meta name=\"author\" content=\"La Sentinelle\" \/>\n<meta name=\"twitter:card\" content=\"summary_large_image\" \/>\n<meta name=\"twitter:label1\" content=\"\u00c9crit par\" \/>\n\t<meta name=\"twitter:data1\" content=\"La Sentinelle\" \/>\n\t<meta name=\"twitter:label2\" content=\"Dur\u00e9e de lecture estim\u00e9e\" \/>\n\t<meta name=\"twitter:data2\" content=\"2 minutes\" \/>\n<script type=\"application\/ld+json\" class=\"yoast-schema-graph\">{\"@context\":\"https:\\\/\\\/schema.org\",\"@graph\":[{\"@type\":\"Article\",\"@id\":\"https:\\\/\\\/lasentinelle.dz\\\/index.php\\\/2023\\\/02\\\/11\\\/championnats-dafrique-de-cyclisme-lalgerie-en-tete-du-classement-avec-13-medailles\\\/#article\",\"isPartOf\":{\"@id\":\"https:\\\/\\\/lasentinelle.dz\\\/index.php\\\/2023\\\/02\\\/11\\\/championnats-dafrique-de-cyclisme-lalgerie-en-tete-du-classement-avec-13-medailles\\\/\"},\"author\":{\"name\":\"La Sentinelle\",\"@id\":\"https:\\\/\\\/lasentinelle.dz\\\/#\\\/schema\\\/person\\\/d865044e22e70a75174ce8bcad3acfb3\"},\"headline\":\"Championnats d&rsquo;Afrique de cyclisme\u00a0: L\u2019Alg\u00e9rie en t\u00eate du classement avec 13 m\u00e9dailles\",\"datePublished\":\"2023-02-11T21:00:00+00:00\",\"mainEntityOfPage\":{\"@id\":\"https:\\\/\\\/lasentinelle.dz\\\/index.php\\\/2023\\\/02\\\/11\\\/championnats-dafrique-de-cyclisme-lalgerie-en-tete-du-classement-avec-13-medailles\\\/\"},\"wordCount\":354,\"commentCount\":0,\"publisher\":{\"@id\":\"https:\\\/\\\/lasentinelle.dz\\\/#organization\"},\"image\":{\"@id\":\"https:\\\/\\\/lasentinelle.dz\\\/index.php\\\/2023\\\/02\\\/11\\\/championnats-dafrique-de-cyclisme-lalgerie-en-tete-du-classement-avec-13-medailles\\\/#primaryimage\"},\"thumbnailUrl\":\"https:\\\/\\\/lasentinelle.dz\\\/wp-content\\\/uploads\\\/2023\\\/02\\\/cyclisme.png\",\"articleSection\":[\"Sports\"],\"inLanguage\":\"fr-FR\",\"potentialAction\":[{\"@type\":\"CommentAction\",\"name\":\"Comment\",\"target\":[\"https:\\\/\\\/lasentinelle.dz\\\/index.php\\\/2023\\\/02\\\/11\\\/championnats-dafrique-de-cyclisme-lalgerie-en-tete-du-classement-avec-13-medailles\\\/#respond\"]}]},{\"@type\":\"WebPage\",\"@id\":\"https:\\\/\\\/lasentinelle.dz\\\/index.php\\\/2023\\\/02\\\/11\\\/championnats-dafrique-de-cyclisme-lalgerie-en-tete-du-classement-avec-13-medailles\\\/\",\"url\":\"https:\\\/\\\/lasentinelle.dz\\\/index.php\\\/2023\\\/02\\\/11\\\/championnats-dafrique-de-cyclisme-lalgerie-en-tete-du-classement-avec-13-medailles\\\/\",\"name\":\"Championnats d&rsquo;Afrique de cyclisme\u00a0: L\u2019Alg\u00e9rie en t\u00eate du classement avec 13 m\u00e9dailles - La Sentinelle\",\"isPartOf\":{\"@id\":\"https:\\\/\\\/lasentinelle.dz\\\/#website\"},\"primaryImageOfPage\":{\"@id\":\"https:\\\/\\\/lasentinelle.dz\\\/index.php\\\/2023\\\/02\\\/11\\\/championnats-dafrique-de-cyclisme-lalgerie-en-tete-du-classement-avec-13-medailles\\\/#primaryimage\"},\"image\":{\"@id\":\"https:\\\/\\\/lasentinelle.dz\\\/index.php\\\/2023\\\/02\\\/11\\\/championnats-dafrique-de-cyclisme-lalgerie-en-tete-du-classement-avec-13-medailles\\\/#primaryimage\"},\"thumbnailUrl\":\"https:\\\/\\\/lasentinelle.dz\\\/wp-content\\\/uploads\\\/2023\\\/02\\\/cyclisme.png\",\"datePublished\":\"2023-02-11T21:00:00+00:00\",\"breadcrumb\":{\"@id\":\"https:\\\/\\\/lasentinelle.dz\\\/index.php\\\/2023\\\/02\\\/11\\\/championnats-dafrique-de-cyclisme-lalgerie-en-tete-du-classement-avec-13-medailles\\\/#breadcrumb\"},\"inLanguage\":\"fr-FR\",\"potentialAction\":[{\"@type\":\"ReadAction\",\"target\":[\"https:\\\/\\\/lasentinelle.dz\\\/index.php\\\/2023\\\/02\\\/11\\\/championnats-dafrique-de-cyclisme-lalgerie-en-tete-du-classement-avec-13-medailles\\\/\"]}]},{\"@type\":\"ImageObject\",\"inLanguage\":\"fr-FR\",\"@id\":\"https:\\\/\\\/lasentinelle.dz\\\/index.php\\\/2023\\\/02\\\/11\\\/championnats-dafrique-de-cyclisme-lalgerie-en-tete-du-classement-avec-13-medailles\\\/#primaryimage\",\"url\":\"https:\\\/\\\/lasentinelle.dz\\\/wp-content\\\/uploads\\\/2023\\\/02\\\/cyclisme.png\",\"contentUrl\":\"https:\\\/\\\/lasentinelle.dz\\\/wp-content\\\/uploads\\\/2023\\\/02\\\/cyclisme.png\",\"width\":900,\"height\":675},{\"@type\":\"BreadcrumbList\",\"@id\":\"https:\\\/\\\/lasentinelle.dz\\\/index.php\\\/2023\\\/02\\\/11\\\/championnats-dafrique-de-cyclisme-lalgerie-en-tete-du-classement-avec-13-medailles\\\/#breadcrumb\",\"itemListElement\":[{\"@type\":\"ListItem\",\"position\":1,\"name\":\"Accueil\",\"item\":\"https:\\\/\\\/lasentinelle.dz\\\/\"},{\"@type\":\"ListItem\",\"position\":2,\"name\":\"Championnats d&rsquo;Afrique de cyclisme\u00a0: L\u2019Alg\u00e9rie en t\u00eate du classement avec 13 m\u00e9dailles\"}]},{\"@type\":\"WebSite\",\"@id\":\"https:\\\/\\\/lasentinelle.dz\\\/#website\",\"url\":\"https:\\\/\\\/lasentinelle.dz\\\/\",\"name\":\"La Sentinelle\",\"description\":\"Quotidien national d&#039;information\",\"publisher\":{\"@id\":\"https:\\\/\\\/lasentinelle.dz\\\/#organization\"},\"potentialAction\":[{\"@type\":\"SearchAction\",\"target\":{\"@type\":\"EntryPoint\",\"urlTemplate\":\"https:\\\/\\\/lasentinelle.dz\\\/?s={search_term_string}\"},\"query-input\":{\"@type\":\"PropertyValueSpecification\",\"valueRequired\":true,\"valueName\":\"search_term_string\"}}],\"inLanguage\":\"fr-FR\"},{\"@type\":\"Organization\",\"@id\":\"https:\\\/\\\/lasentinelle.dz\\\/#organization\",\"name\":\"Quotidien La Sentinelle\",\"url\":\"https:\\\/\\\/lasentinelle.dz\\\/\",\"logo\":{\"@type\":\"ImageObject\",\"inLanguage\":\"fr-FR\",\"@id\":\"https:\\\/\\\/lasentinelle.dz\\\/#\\\/schema\\\/logo\\\/image\\\/\",\"url\":\"https:\\\/\\\/lasentinelle.dz\\\/wp-content\\\/uploads\\\/2021\\\/09\\\/logo-sentinelleSLOGAN-1.png\",\"contentUrl\":\"https:\\\/\\\/lasentinelle.dz\\\/wp-content\\\/uploads\\\/2021\\\/09\\\/logo-sentinelleSLOGAN-1.png\",\"width\":615,\"height\":142,\"caption\":\"Quotidien La Sentinelle\"},\"image\":{\"@id\":\"https:\\\/\\\/lasentinelle.dz\\\/#\\\/schema\\\/logo\\\/image\\\/\"},\"sameAs\":[\"https:\\\/\\\/www.facebook.com\\\/La-Sentinelle-104059864394773\"]},{\"@type\":\"Person\",\"@id\":\"https:\\\/\\\/lasentinelle.dz\\\/#\\\/schema\\\/person\\\/d865044e22e70a75174ce8bcad3acfb3\",\"name\":\"La Sentinelle\",\"image\":{\"@type\":\"ImageObject\",\"inLanguage\":\"fr-FR\",\"@id\":\"https:\\\/\\\/secure.gravatar.com\\\/avatar\\\/57de8e5d4b15d43fb361a71fbb36338450fe67865b528a43dd10ef7c51a20392?s=96&d=mm&r=g\",\"url\":\"https:\\\/\\\/secure.gravatar.com\\\/avatar\\\/57de8e5d4b15d43fb361a71fbb36338450fe67865b528a43dd10ef7c51a20392?s=96&d=mm&r=g\",\"contentUrl\":\"https:\\\/\\\/secure.gravatar.com\\\/avatar\\\/57de8e5d4b15d43fb361a71fbb36338450fe67865b528a43dd10ef7c51a20392?s=96&d=mm&r=g\",\"caption\":\"La Sentinelle\"},\"sameAs\":[\"http:\\\/\\\/www.lasentinelle.dz\"],\"url\":\"https:\\\/\\\/lasentinelle.dz\\\/author\\\/redaction\\\/\"}]}<\/script>\n<!-- \/ Yoast SEO plugin. -->","yoast_head_json":{"title":"Championnats d&rsquo;Afrique de cyclisme\u00a0: L\u2019Alg\u00e9rie en t\u00eate du classement avec 13 m\u00e9dailles - La Sentinelle","robots":{"index":"index","follow":"follow","max-snippet":"max-snippet:-1","max-image-preview":"max-image-preview:large","max-video-preview":"max-video-preview:-1"},"canonical":"https:\/\/lasentinelle.dz\/index.php\/2023\/02\/11\/championnats-dafrique-de-cyclisme-lalgerie-en-tete-du-classement-avec-13-medailles\/","og_locale":"fr_FR","og_type":"article","og_title":"Championnats d&rsquo;Afrique de cyclisme\u00a0: L\u2019Alg\u00e9rie en t\u00eate du classement avec 13 m\u00e9dailles - La Sentinelle","og_description":"Avec 13 m\u00e9dailles l\u2019Alg\u00e9rie se trouve en t\u00eate du classement provisoire du championnat d\u2019Afrique de cyclisme qui se tient actuellement","og_url":"https:\/\/lasentinelle.dz\/index.php\/2023\/02\/11\/championnats-dafrique-de-cyclisme-lalgerie-en-tete-du-classement-avec-13-medailles\/","og_site_name":"La Sentinelle","article_publisher":"https:\/\/www.facebook.com\/La-Sentinelle-104059864394773","article_published_time":"2023-02-11T21:00:00+00:00","og_image":[{"width":900,"height":675,"url":"https:\/\/lasentinelle.dz\/wp-content\/uploads\/2023\/02\/cyclisme.png","type":"image\/png"}],"author":"La Sentinelle","twitter_card":"summary_large_image","twitter_misc":{"\u00c9crit par":"La Sentinelle","Dur\u00e9e de lecture estim\u00e9e":"2 minutes"},"schema":{"@context":"https:\/\/schema.org","@graph":[{"@type":"Article","@id":"https:\/\/lasentinelle.dz\/index.php\/2023\/02\/11\/championnats-dafrique-de-cyclisme-lalgerie-en-tete-du-classement-avec-13-medailles\/#article","isPartOf":{"@id":"https:\/\/lasentinelle.dz\/index.php\/2023\/02\/11\/championnats-dafrique-de-cyclisme-lalgerie-en-tete-du-classement-avec-13-medailles\/"},"author":{"name":"La Sentinelle","@id":"https:\/\/lasentinelle.dz\/#\/schema\/person\/d865044e22e70a75174ce8bcad3acfb3"},"headline":"Championnats d&rsquo;Afrique de cyclisme\u00a0: L\u2019Alg\u00e9rie en t\u00eate du classement avec 13 m\u00e9dailles","datePublished":"2023-02-11T21:00:00+00:00","mainEntityOfPage":{"@id":"https:\/\/lasentinelle.dz\/index.php\/2023\/02\/11\/championnats-dafrique-de-cyclisme-lalgerie-en-tete-du-classement-avec-13-medailles\/"},"wordCount":354,"commentCount":0,"publisher":{"@id":"https:\/\/lasentinelle.dz\/#organization"},"image":{"@id":"https:\/\/lasentinelle.dz\/index.php\/2023\/02\/11\/championnats-dafrique-de-cyclisme-lalgerie-en-tete-du-classement-avec-13-medailles\/#primaryimage"},"thumbnailUrl":"https:\/\/lasentinelle.dz\/wp-content\/uploads\/2023\/02\/cyclisme.png","articleSection":["Sports"],"inLanguage":"fr-FR","potentialAction":[{"@type":"CommentAction","name":"Comment","target":["https:\/\/lasentinelle.dz\/index.php\/2023\/02\/11\/championnats-dafrique-de-cyclisme-lalgerie-en-tete-du-classement-avec-13-medailles\/#respond"]}]},{"@type":"WebPage","@id":"https:\/\/lasentinelle.dz\/index.php\/2023\/02\/11\/championnats-dafrique-de-cyclisme-lalgerie-en-tete-du-classement-avec-13-medailles\/","url":"https:\/\/lasentinelle.dz\/index.php\/2023\/02\/11\/championnats-dafrique-de-cyclisme-lalgerie-en-tete-du-classement-avec-13-medailles\/","name":"Championnats d&rsquo;Afrique de cyclisme\u00a0: L\u2019Alg\u00e9rie en t\u00eate du classement avec 13 m\u00e9dailles - La Sentinelle","isPartOf":{"@id":"https:\/\/lasentinelle.dz\/#website"},"primaryImageOfPage":{"@id":"https:\/\/lasentinelle.dz\/index.php\/2023\/02\/11\/championnats-dafrique-de-cyclisme-lalgerie-en-tete-du-classement-avec-13-medailles\/#primaryimage"},"image":{"@id":"https:\/\/lasentinelle.dz\/index.php\/2023\/02\/11\/championnats-dafrique-de-cyclisme-lalgerie-en-tete-du-classement-avec-13-medailles\/#primaryimage"},"thumbnailUrl":"https:\/\/lasentinelle.dz\/wp-content\/uploads\/2023\/02\/cyclisme.png","datePublished":"2023-02-11T21:00:00+00:00","breadcrumb":{"@id":"https:\/\/lasentinelle.dz\/index.php\/2023\/02\/11\/championnats-dafrique-de-cyclisme-lalgerie-en-tete-du-classement-avec-13-medailles\/#breadcrumb"},"inLanguage":"fr-FR","potentialAction":[{"@type":"ReadAction","target":["https:\/\/lasentinelle.dz\/index.php\/2023\/02\/11\/championnats-dafrique-de-cyclisme-lalgerie-en-tete-du-classement-avec-13-medailles\/"]}]},{"@type":"ImageObject","inLanguage":"fr-FR","@id":"https:\/\/lasentinelle.dz\/index.php\/2023\/02\/11\/championnats-dafrique-de-cyclisme-lalgerie-en-tete-du-classement-avec-13-medailles\/#primaryimage","url":"https:\/\/lasentinelle.dz\/wp-content\/uploads\/2023\/02\/cyclisme.png","contentUrl":"https:\/\/lasentinelle.dz\/wp-content\/uploads\/2023\/02\/cyclisme.png","width":900,"height":675},{"@type":"BreadcrumbList","@id":"https:\/\/lasentinelle.dz\/index.php\/2023\/02\/11\/championnats-dafrique-de-cyclisme-lalgerie-en-tete-du-classement-avec-13-medailles\/#breadcrumb","itemListElement":[{"@type":"ListItem","position":1,"name":"Accueil","item":"https:\/\/lasentinelle.dz\/"},{"@type":"ListItem","position":2,"name":"Championnats d&rsquo;Afrique de cyclisme\u00a0: L\u2019Alg\u00e9rie en t\u00eate du classement avec 13 m\u00e9dailles"}]},{"@type":"WebSite","@id":"https:\/\/lasentinelle.dz\/#website","url":"https:\/\/lasentinelle.dz\/","name":"La Sentinelle","description":"Quotidien national d&#039;information","publisher":{"@id":"https:\/\/lasentinelle.dz\/#organization"},"potentialAction":[{"@type":"SearchAction","target":{"@type":"EntryPoint","urlTemplate":"https:\/\/lasentinelle.dz\/?s={search_term_string}"},"query-input":{"@type":"PropertyValueSpecification","valueRequired":true,"valueName":"search_term_string"}}],"inLanguage":"fr-FR"},{"@type":"Organization","@id":"https:\/\/lasentinelle.dz\/#organization","name":"Quotidien La Sentinelle","url":"https:\/\/lasentinelle.dz\/","logo":{"@type":"ImageObject","inLanguage":"fr-FR","@id":"https:\/\/lasentinelle.dz\/#\/schema\/logo\/image\/","url":"https:\/\/lasentinelle.dz\/wp-content\/uploads\/2021\/09\/logo-sentinelleSLOGAN-1.png","contentUrl":"https:\/\/lasentinelle.dz\/wp-content\/uploads\/2021\/09\/logo-sentinelleSLOGAN-1.png","width":615,"height":142,"caption":"Quotidien La Sentinelle"},"image":{"@id":"https:\/\/lasentinelle.dz\/#\/schema\/logo\/image\/"},"sameAs":["https:\/\/www.facebook.com\/La-Sentinelle-104059864394773"]},{"@type":"Person","@id":"https:\/\/lasentinelle.dz\/#\/schema\/person\/d865044e22e70a75174ce8bcad3acfb3","name":"La Sentinelle","image":{"@type":"ImageObject","inLanguage":"fr-FR","@id":"https:\/\/secure.gravatar.com\/avatar\/57de8e5d4b15d43fb361a71fbb36338450fe67865b528a43dd10ef7c51a20392?s=96&d=mm&r=g","url":"https:\/\/secure.gravatar.com\/avatar\/57de8e5d4b15d43fb361a71fbb36338450fe67865b528a43dd10ef7c51a20392?s=96&d=mm&r=g","contentUrl":"https:\/\/secure.gravatar.com\/avatar\/57de8e5d4b15d43fb361a71fbb36338450fe67865b528a43dd10ef7c51a20392?s=96&d=mm&r=g","caption":"La Sentinelle"},"sameAs":["http:\/\/www.lasentinelle.dz"],"url":"https:\/\/lasentinelle.dz\/author\/redaction\/"}]}},"_links":{"self":[{"href":"https:\/\/lasentinelle.dz\/index.php\/wp-json\/wp\/v2\/posts\/35897","targetHints":{"allow":["GET"]}}],"collection":[{"href":"https:\/\/lasentinelle.dz\/index.php\/wp-json\/wp\/v2\/posts"}],"about":[{"href":"https:\/\/lasentinelle.dz\/index.php\/wp-json\/wp\/v2\/types\/post"}],"author":[{"embeddable":true,"href":"https:\/\/lasentinelle.dz\/index.php\/wp-json\/wp\/v2\/users\/3"}],"replies":[{"embeddable":true,"href":"https:\/\/lasentinelle.dz\/index.php\/wp-json\/wp\/v2\/comments?post=35897"}],"version-history":[{"count":1,"href":"https:\/\/lasentinelle.dz\/index.php\/wp-json\/wp\/v2\/posts\/35897\/revisions"}],"predecessor-version":[{"id":35899,"href":"https:\/\/lasentinelle.dz\/index.php\/wp-json\/wp\/v2\/posts\/35897\/revisions\/35899"}],"wp:featuredmedia":[{"embeddable":true,"href":"https:\/\/lasentinelle.dz\/index.php\/wp-json\/wp\/v2\/media\/35898"}],"wp:attachment":[{"href":"https:\/\/lasentinelle.dz\/index.php\/wp-json\/wp\/v2\/media?parent=35897"}],"wp:term":[{"taxonomy":"category","embeddable":true,"href":"https:\/\/lasentinelle.dz\/index.php\/wp-json\/wp\/v2\/categories?post=35897"},{"taxonomy":"post_tag","embeddable":true,"href":"https:\/\/lasentinelle.dz\/index.php\/wp-json\/wp\/v2\/tags?post=35897"}],"curies":[{"name":"wp","href":"https:\/\/api.w.org\/{rel}","templated":true}]}}