{"id":35900,"date":"2023-02-11T22:00:00","date_gmt":"2023-02-11T21:00:00","guid":{"rendered":"https:\/\/lasentinelle.dz\/?p=35900"},"modified":"2023-02-11T17:16:29","modified_gmt":"2023-02-11T16:16:29","slug":"ligue-1-mobilis-less-sur-le-podium-le-mca-et-lusmk-accroches-a-domicile","status":"publish","type":"post","link":"https:\/\/lasentinelle.dz\/index.php\/2023\/02\/11\/ligue-1-mobilis-less-sur-le-podium-le-mca-et-lusmk-accroches-a-domicile\/","title":{"rendered":"Ligue 1 Mobilis\u00a0: L&rsquo;ESS sur le podium, le MCA et l&rsquo;USMK accroch\u00e9s \u00e0 domicile"},"content":{"rendered":"\n<p>L&rsquo;Entente de S\u00e9tif s&rsquo;est hiss\u00e9e de la septi\u00e8me \u00e0 la troisi\u00e8me place, au classement g\u00e9n\u00e9ral de la Ligue 1 Mobilis, apr\u00e8s sa large victoire contre l&rsquo;US Biskra (3-1), en match disput\u00e9 vendredi, pour le compte de la 16e journ\u00e9e, ayant vu l&rsquo;USM Khenchela et le MC Alger se faire accrocher \u00e0 domicile, respectivement par le CS Constantine et la JS Saoura, sur le m\u00eame score d&rsquo;un but partout.Pour cette premi\u00e8re journ\u00e9e de la phase retour, l&rsquo;Aigle noir s&rsquo;est montr\u00e9 sans piti\u00e9 face aux Zibans, inscrivant pas moins de trois buts, gr\u00e2ce \u00e0 Walid Zamoum (25&prime;), Ghil\u00e8s Gu\u00e9naoui (50&prime;) et Hamza Salem 56&prime;, alors que Boura\u00e2da a attendu la 85&prime; pour sauver l&rsquo;honneur des visiteurs.Un pr\u00e9cieux succ\u00e8s, qui propulse l&rsquo;ESS sur la troisi\u00e8me marche du podium, qu&rsquo;elle partage ex aequo avec le MC Alger, avec 25 points pour chaque club.Malgr\u00e9 l&rsquo;avantage du terrain et le soutien d&rsquo;un public relativement nombreux, le Doyen a compl\u00e8tement rat\u00e9 son d\u00e9but de match, car non seulement il n&rsquo;avait pas r\u00e9ussi \u00e0 concr\u00e9tiser ses nombreuses occasions, mais il a fini par conc\u00e9der l&rsquo;ouverture du score devant Akacem, qui avait donn\u00e9 l&rsquo;avantage aux visiteurs d\u00e8s la 15e minute de jeu.Il a fallu attendre la 55e pour voir Oukil \u00e9galiser pour les Vert et Rouge. Ces derniers ont redoubl\u00e9 d&rsquo;efforts pendant la derni\u00e8re demi-heure avec l&rsquo;espoir d&rsquo;arracher la victoire, mais en vain.De son c\u00f4t\u00e9, l&rsquo;USM Khenchela avait mieux d\u00e9marr\u00e9 contre le CS Constantine, ouvrant le score d\u00e8s la 5e minute de jeu, gr\u00e2ce \u00e0 Athmani, avant de conc\u00e9der l&rsquo;\u00e9galisation en toute fin de rencontre, devant Madani (90&rsquo;+2).Dans le bas du tableau, le Paradou AC a confort\u00e9 sa place de premier club non rel\u00e9guable en dominant assez facilement le NC Magra, sur le score de trois buts \u00e0 un.Des r\u00e9alisation sign\u00e9es Boulebina (35&prime;), Zerrouki (sur p\u00e9nalty 39&prime;) et Titraoui (56&prime;), alors que Ladjabi avait sauv\u00e9 l&rsquo;honneur pour les visiteurs \u00e0 la 64&prime;.Les Pacistes portent ainsi leur capital \u00e0 16 points, ce qui les place d\u00e9sormais \u00e0 une petite longueur de leur pr\u00e9d\u00e9cesseur au classement g\u00e9n\u00e9ral, l&rsquo;ASO Chlef (13e\/17 pts).Les p\u00e9rip\u00e9ties de cette 16e journ\u00e9e se poursuivront dimanche, avec le d\u00e9roulement du choc MC Oran &#8211; RC Arba\u00e2, entre le 8e qui re\u00e7oit le 11e.Pour ce qui est des duels JS Kabylie &#8211; ASO Chlef, HB Chelghoum La\u00efd &#8211; CR Belouizdad et MC El Bayadh &#8211; USM Alger, ils ont \u00e9t\u00e9 report\u00e9s \u00e0 des dates ult\u00e9rieures, en raison de la participation des Canaris, du Chabab et des Rouge et Noir aux diff\u00e9rentes comp\u00e9titions continentales de la CAF.<\/p>\n\n\n\n<p><strong>APS<\/strong><\/p>\n","protected":false},"excerpt":{"rendered":"<p>L&rsquo;Entente de S\u00e9tif s&rsquo;est hiss\u00e9e de la septi\u00e8me \u00e0 la troisi\u00e8me place, au classement g\u00e9n\u00e9ral de la Ligue 1 Mobilis,<\/p>\n","protected":false},"author":3,"featured_media":35902,"comment_status":"open","ping_status":"closed","sticky":false,"template":"","format":"standard","meta":{"colormag_page_container_layout":"default_layout","colormag_page_sidebar_layout":"default_layout","om_disable_all_campaigns":false,"_monsterinsights_skip_tracking":false,"_monsterinsights_sitenote_active":false,"_monsterinsights_sitenote_note":"","_monsterinsights_sitenote_category":0,"footnotes":"","_wpscppro_dont_share_socialmedia":false,"_wpscppro_custom_social_share_image":0,"_facebook_share_type":"","_twitter_share_type":"","_linkedin_share_type":"","_pinterest_share_type":"","_linkedin_share_type_page":"","_instagram_share_type":"","_medium_share_type":"","_threads_share_type":"","_google_business_share_type":"","_selected_social_profile":[],"_wpsp_enable_custom_social_template":false,"_wpsp_social_scheduling":{"enabled":false,"datetime":null,"platforms":[],"status":"template_only","dateOption":"today","timeOption":"now","customDays":"","customHours":"","customDate":"","customTime":"","schedulingType":"absolute"},"_wpsp_active_default_template":true},"categories":[33],"tags":[],"class_list":["post-35900","post","type-post","status-publish","format-standard","has-post-thumbnail","hentry","category-sports"],"aioseo_notices":[],"yoast_head":"<!-- This site is optimized with the Yoast SEO plugin v27.5 - https:\/\/yoast.com\/product\/yoast-seo-wordpress\/ -->\n<title>Ligue 1 Mobilis\u00a0: L&rsquo;ESS sur le podium, le MCA et l&rsquo;USMK accroch\u00e9s \u00e0 domicile - La Sentinelle<\/title>\n<meta name=\"robots\" content=\"index, follow, max-snippet:-1, max-image-preview:large, max-video-preview:-1\" \/>\n<link rel=\"canonical\" href=\"https:\/\/lasentinelle.dz\/index.php\/2023\/02\/11\/ligue-1-mobilis-less-sur-le-podium-le-mca-et-lusmk-accroches-a-domicile\/\" \/>\n<meta property=\"og:locale\" content=\"fr_FR\" \/>\n<meta property=\"og:type\" content=\"article\" \/>\n<meta property=\"og:title\" content=\"Ligue 1 Mobilis\u00a0: L&rsquo;ESS sur le podium, le MCA et l&rsquo;USMK accroch\u00e9s \u00e0 domicile - La Sentinelle\" \/>\n<meta property=\"og:description\" content=\"L&rsquo;Entente de S\u00e9tif s&rsquo;est hiss\u00e9e de la septi\u00e8me \u00e0 la troisi\u00e8me place, au classement g\u00e9n\u00e9ral de la Ligue 1 Mobilis,\" \/>\n<meta property=\"og:url\" content=\"https:\/\/lasentinelle.dz\/index.php\/2023\/02\/11\/ligue-1-mobilis-less-sur-le-podium-le-mca-et-lusmk-accroches-a-domicile\/\" \/>\n<meta property=\"og:site_name\" content=\"La Sentinelle\" \/>\n<meta property=\"article:publisher\" content=\"https:\/\/www.facebook.com\/La-Sentinelle-104059864394773\" \/>\n<meta property=\"article:published_time\" content=\"2023-02-11T21:00:00+00:00\" \/>\n<meta property=\"og:image\" content=\"https:\/\/lasentinelle.dz\/wp-content\/uploads\/2023\/02\/image_2023-02-11_171620682.png\" \/>\n\t<meta property=\"og:image:width\" content=\"580\" \/>\n\t<meta property=\"og:image:height\" content=\"347\" \/>\n\t<meta property=\"og:image:type\" content=\"image\/png\" \/>\n<meta name=\"author\" content=\"La Sentinelle\" \/>\n<meta name=\"twitter:card\" content=\"summary_large_image\" \/>\n<meta name=\"twitter:label1\" content=\"\u00c9crit par\" \/>\n\t<meta name=\"twitter:data1\" content=\"La Sentinelle\" \/>\n\t<meta name=\"twitter:label2\" content=\"Dur\u00e9e de lecture estim\u00e9e\" \/>\n\t<meta name=\"twitter:data2\" content=\"3 minutes\" \/>\n<script type=\"application\/ld+json\" class=\"yoast-schema-graph\">{\"@context\":\"https:\\\/\\\/schema.org\",\"@graph\":[{\"@type\":\"Article\",\"@id\":\"https:\\\/\\\/lasentinelle.dz\\\/index.php\\\/2023\\\/02\\\/11\\\/ligue-1-mobilis-less-sur-le-podium-le-mca-et-lusmk-accroches-a-domicile\\\/#article\",\"isPartOf\":{\"@id\":\"https:\\\/\\\/lasentinelle.dz\\\/index.php\\\/2023\\\/02\\\/11\\\/ligue-1-mobilis-less-sur-le-podium-le-mca-et-lusmk-accroches-a-domicile\\\/\"},\"author\":{\"name\":\"La Sentinelle\",\"@id\":\"https:\\\/\\\/lasentinelle.dz\\\/#\\\/schema\\\/person\\\/d865044e22e70a75174ce8bcad3acfb3\"},\"headline\":\"Ligue 1 Mobilis\u00a0: L&rsquo;ESS sur le podium, le MCA et l&rsquo;USMK accroch\u00e9s \u00e0 domicile\",\"datePublished\":\"2023-02-11T21:00:00+00:00\",\"mainEntityOfPage\":{\"@id\":\"https:\\\/\\\/lasentinelle.dz\\\/index.php\\\/2023\\\/02\\\/11\\\/ligue-1-mobilis-less-sur-le-podium-le-mca-et-lusmk-accroches-a-domicile\\\/\"},\"wordCount\":494,\"commentCount\":0,\"publisher\":{\"@id\":\"https:\\\/\\\/lasentinelle.dz\\\/#organization\"},\"image\":{\"@id\":\"https:\\\/\\\/lasentinelle.dz\\\/index.php\\\/2023\\\/02\\\/11\\\/ligue-1-mobilis-less-sur-le-podium-le-mca-et-lusmk-accroches-a-domicile\\\/#primaryimage\"},\"thumbnailUrl\":\"https:\\\/\\\/lasentinelle.dz\\\/wp-content\\\/uploads\\\/2023\\\/02\\\/image_2023-02-11_171620682.png\",\"articleSection\":[\"Sports\"],\"inLanguage\":\"fr-FR\",\"potentialAction\":[{\"@type\":\"CommentAction\",\"name\":\"Comment\",\"target\":[\"https:\\\/\\\/lasentinelle.dz\\\/index.php\\\/2023\\\/02\\\/11\\\/ligue-1-mobilis-less-sur-le-podium-le-mca-et-lusmk-accroches-a-domicile\\\/#respond\"]}]},{\"@type\":\"WebPage\",\"@id\":\"https:\\\/\\\/lasentinelle.dz\\\/index.php\\\/2023\\\/02\\\/11\\\/ligue-1-mobilis-less-sur-le-podium-le-mca-et-lusmk-accroches-a-domicile\\\/\",\"url\":\"https:\\\/\\\/lasentinelle.dz\\\/index.php\\\/2023\\\/02\\\/11\\\/ligue-1-mobilis-less-sur-le-podium-le-mca-et-lusmk-accroches-a-domicile\\\/\",\"name\":\"Ligue 1 Mobilis\u00a0: L&rsquo;ESS sur le podium, le MCA et l&rsquo;USMK accroch\u00e9s \u00e0 domicile - La Sentinelle\",\"isPartOf\":{\"@id\":\"https:\\\/\\\/lasentinelle.dz\\\/#website\"},\"primaryImageOfPage\":{\"@id\":\"https:\\\/\\\/lasentinelle.dz\\\/index.php\\\/2023\\\/02\\\/11\\\/ligue-1-mobilis-less-sur-le-podium-le-mca-et-lusmk-accroches-a-domicile\\\/#primaryimage\"},\"image\":{\"@id\":\"https:\\\/\\\/lasentinelle.dz\\\/index.php\\\/2023\\\/02\\\/11\\\/ligue-1-mobilis-less-sur-le-podium-le-mca-et-lusmk-accroches-a-domicile\\\/#primaryimage\"},\"thumbnailUrl\":\"https:\\\/\\\/lasentinelle.dz\\\/wp-content\\\/uploads\\\/2023\\\/02\\\/image_2023-02-11_171620682.png\",\"datePublished\":\"2023-02-11T21:00:00+00:00\",\"breadcrumb\":{\"@id\":\"https:\\\/\\\/lasentinelle.dz\\\/index.php\\\/2023\\\/02\\\/11\\\/ligue-1-mobilis-less-sur-le-podium-le-mca-et-lusmk-accroches-a-domicile\\\/#breadcrumb\"},\"inLanguage\":\"fr-FR\",\"potentialAction\":[{\"@type\":\"ReadAction\",\"target\":[\"https:\\\/\\\/lasentinelle.dz\\\/index.php\\\/2023\\\/02\\\/11\\\/ligue-1-mobilis-less-sur-le-podium-le-mca-et-lusmk-accroches-a-domicile\\\/\"]}]},{\"@type\":\"ImageObject\",\"inLanguage\":\"fr-FR\",\"@id\":\"https:\\\/\\\/lasentinelle.dz\\\/index.php\\\/2023\\\/02\\\/11\\\/ligue-1-mobilis-less-sur-le-podium-le-mca-et-lusmk-accroches-a-domicile\\\/#primaryimage\",\"url\":\"https:\\\/\\\/lasentinelle.dz\\\/wp-content\\\/uploads\\\/2023\\\/02\\\/image_2023-02-11_171620682.png\",\"contentUrl\":\"https:\\\/\\\/lasentinelle.dz\\\/wp-content\\\/uploads\\\/2023\\\/02\\\/image_2023-02-11_171620682.png\",\"width\":580,\"height\":347},{\"@type\":\"BreadcrumbList\",\"@id\":\"https:\\\/\\\/lasentinelle.dz\\\/index.php\\\/2023\\\/02\\\/11\\\/ligue-1-mobilis-less-sur-le-podium-le-mca-et-lusmk-accroches-a-domicile\\\/#breadcrumb\",\"itemListElement\":[{\"@type\":\"ListItem\",\"position\":1,\"name\":\"Accueil\",\"item\":\"https:\\\/\\\/lasentinelle.dz\\\/\"},{\"@type\":\"ListItem\",\"position\":2,\"name\":\"Ligue 1 Mobilis\u00a0: L&rsquo;ESS sur le podium, le MCA et l&rsquo;USMK accroch\u00e9s \u00e0 domicile\"}]},{\"@type\":\"WebSite\",\"@id\":\"https:\\\/\\\/lasentinelle.dz\\\/#website\",\"url\":\"https:\\\/\\\/lasentinelle.dz\\\/\",\"name\":\"La Sentinelle\",\"description\":\"Quotidien national d&#039;information\",\"publisher\":{\"@id\":\"https:\\\/\\\/lasentinelle.dz\\\/#organization\"},\"potentialAction\":[{\"@type\":\"SearchAction\",\"target\":{\"@type\":\"EntryPoint\",\"urlTemplate\":\"https:\\\/\\\/lasentinelle.dz\\\/?s={search_term_string}\"},\"query-input\":{\"@type\":\"PropertyValueSpecification\",\"valueRequired\":true,\"valueName\":\"search_term_string\"}}],\"inLanguage\":\"fr-FR\"},{\"@type\":\"Organization\",\"@id\":\"https:\\\/\\\/lasentinelle.dz\\\/#organization\",\"name\":\"Quotidien La Sentinelle\",\"url\":\"https:\\\/\\\/lasentinelle.dz\\\/\",\"logo\":{\"@type\":\"ImageObject\",\"inLanguage\":\"fr-FR\",\"@id\":\"https:\\\/\\\/lasentinelle.dz\\\/#\\\/schema\\\/logo\\\/image\\\/\",\"url\":\"https:\\\/\\\/lasentinelle.dz\\\/wp-content\\\/uploads\\\/2021\\\/09\\\/logo-sentinelleSLOGAN-1.png\",\"contentUrl\":\"https:\\\/\\\/lasentinelle.dz\\\/wp-content\\\/uploads\\\/2021\\\/09\\\/logo-sentinelleSLOGAN-1.png\",\"width\":615,\"height\":142,\"caption\":\"Quotidien La Sentinelle\"},\"image\":{\"@id\":\"https:\\\/\\\/lasentinelle.dz\\\/#\\\/schema\\\/logo\\\/image\\\/\"},\"sameAs\":[\"https:\\\/\\\/www.facebook.com\\\/La-Sentinelle-104059864394773\"]},{\"@type\":\"Person\",\"@id\":\"https:\\\/\\\/lasentinelle.dz\\\/#\\\/schema\\\/person\\\/d865044e22e70a75174ce8bcad3acfb3\",\"name\":\"La Sentinelle\",\"image\":{\"@type\":\"ImageObject\",\"inLanguage\":\"fr-FR\",\"@id\":\"https:\\\/\\\/secure.gravatar.com\\\/avatar\\\/57de8e5d4b15d43fb361a71fbb36338450fe67865b528a43dd10ef7c51a20392?s=96&d=mm&r=g\",\"url\":\"https:\\\/\\\/secure.gravatar.com\\\/avatar\\\/57de8e5d4b15d43fb361a71fbb36338450fe67865b528a43dd10ef7c51a20392?s=96&d=mm&r=g\",\"contentUrl\":\"https:\\\/\\\/secure.gravatar.com\\\/avatar\\\/57de8e5d4b15d43fb361a71fbb36338450fe67865b528a43dd10ef7c51a20392?s=96&d=mm&r=g\",\"caption\":\"La Sentinelle\"},\"sameAs\":[\"http:\\\/\\\/www.lasentinelle.dz\"],\"url\":\"https:\\\/\\\/lasentinelle.dz\\\/author\\\/redaction\\\/\"}]}<\/script>\n<!-- \/ Yoast SEO plugin. -->","yoast_head_json":{"title":"Ligue 1 Mobilis\u00a0: L&rsquo;ESS sur le podium, le MCA et l&rsquo;USMK accroch\u00e9s \u00e0 domicile - La Sentinelle","robots":{"index":"index","follow":"follow","max-snippet":"max-snippet:-1","max-image-preview":"max-image-preview:large","max-video-preview":"max-video-preview:-1"},"canonical":"https:\/\/lasentinelle.dz\/index.php\/2023\/02\/11\/ligue-1-mobilis-less-sur-le-podium-le-mca-et-lusmk-accroches-a-domicile\/","og_locale":"fr_FR","og_type":"article","og_title":"Ligue 1 Mobilis\u00a0: L&rsquo;ESS sur le podium, le MCA et l&rsquo;USMK accroch\u00e9s \u00e0 domicile - La Sentinelle","og_description":"L&rsquo;Entente de S\u00e9tif s&rsquo;est hiss\u00e9e de la septi\u00e8me \u00e0 la troisi\u00e8me place, au classement g\u00e9n\u00e9ral de la Ligue 1 Mobilis,","og_url":"https:\/\/lasentinelle.dz\/index.php\/2023\/02\/11\/ligue-1-mobilis-less-sur-le-podium-le-mca-et-lusmk-accroches-a-domicile\/","og_site_name":"La Sentinelle","article_publisher":"https:\/\/www.facebook.com\/La-Sentinelle-104059864394773","article_published_time":"2023-02-11T21:00:00+00:00","og_image":[{"width":580,"height":347,"url":"https:\/\/lasentinelle.dz\/wp-content\/uploads\/2023\/02\/image_2023-02-11_171620682.png","type":"image\/png"}],"author":"La Sentinelle","twitter_card":"summary_large_image","twitter_misc":{"\u00c9crit par":"La Sentinelle","Dur\u00e9e de lecture estim\u00e9e":"3 minutes"},"schema":{"@context":"https:\/\/schema.org","@graph":[{"@type":"Article","@id":"https:\/\/lasentinelle.dz\/index.php\/2023\/02\/11\/ligue-1-mobilis-less-sur-le-podium-le-mca-et-lusmk-accroches-a-domicile\/#article","isPartOf":{"@id":"https:\/\/lasentinelle.dz\/index.php\/2023\/02\/11\/ligue-1-mobilis-less-sur-le-podium-le-mca-et-lusmk-accroches-a-domicile\/"},"author":{"name":"La Sentinelle","@id":"https:\/\/lasentinelle.dz\/#\/schema\/person\/d865044e22e70a75174ce8bcad3acfb3"},"headline":"Ligue 1 Mobilis\u00a0: L&rsquo;ESS sur le podium, le MCA et l&rsquo;USMK accroch\u00e9s \u00e0 domicile","datePublished":"2023-02-11T21:00:00+00:00","mainEntityOfPage":{"@id":"https:\/\/lasentinelle.dz\/index.php\/2023\/02\/11\/ligue-1-mobilis-less-sur-le-podium-le-mca-et-lusmk-accroches-a-domicile\/"},"wordCount":494,"commentCount":0,"publisher":{"@id":"https:\/\/lasentinelle.dz\/#organization"},"image":{"@id":"https:\/\/lasentinelle.dz\/index.php\/2023\/02\/11\/ligue-1-mobilis-less-sur-le-podium-le-mca-et-lusmk-accroches-a-domicile\/#primaryimage"},"thumbnailUrl":"https:\/\/lasentinelle.dz\/wp-content\/uploads\/2023\/02\/image_2023-02-11_171620682.png","articleSection":["Sports"],"inLanguage":"fr-FR","potentialAction":[{"@type":"CommentAction","name":"Comment","target":["https:\/\/lasentinelle.dz\/index.php\/2023\/02\/11\/ligue-1-mobilis-less-sur-le-podium-le-mca-et-lusmk-accroches-a-domicile\/#respond"]}]},{"@type":"WebPage","@id":"https:\/\/lasentinelle.dz\/index.php\/2023\/02\/11\/ligue-1-mobilis-less-sur-le-podium-le-mca-et-lusmk-accroches-a-domicile\/","url":"https:\/\/lasentinelle.dz\/index.php\/2023\/02\/11\/ligue-1-mobilis-less-sur-le-podium-le-mca-et-lusmk-accroches-a-domicile\/","name":"Ligue 1 Mobilis\u00a0: L&rsquo;ESS sur le podium, le MCA et l&rsquo;USMK accroch\u00e9s \u00e0 domicile - La Sentinelle","isPartOf":{"@id":"https:\/\/lasentinelle.dz\/#website"},"primaryImageOfPage":{"@id":"https:\/\/lasentinelle.dz\/index.php\/2023\/02\/11\/ligue-1-mobilis-less-sur-le-podium-le-mca-et-lusmk-accroches-a-domicile\/#primaryimage"},"image":{"@id":"https:\/\/lasentinelle.dz\/index.php\/2023\/02\/11\/ligue-1-mobilis-less-sur-le-podium-le-mca-et-lusmk-accroches-a-domicile\/#primaryimage"},"thumbnailUrl":"https:\/\/lasentinelle.dz\/wp-content\/uploads\/2023\/02\/image_2023-02-11_171620682.png","datePublished":"2023-02-11T21:00:00+00:00","breadcrumb":{"@id":"https:\/\/lasentinelle.dz\/index.php\/2023\/02\/11\/ligue-1-mobilis-less-sur-le-podium-le-mca-et-lusmk-accroches-a-domicile\/#breadcrumb"},"inLanguage":"fr-FR","potentialAction":[{"@type":"ReadAction","target":["https:\/\/lasentinelle.dz\/index.php\/2023\/02\/11\/ligue-1-mobilis-less-sur-le-podium-le-mca-et-lusmk-accroches-a-domicile\/"]}]},{"@type":"ImageObject","inLanguage":"fr-FR","@id":"https:\/\/lasentinelle.dz\/index.php\/2023\/02\/11\/ligue-1-mobilis-less-sur-le-podium-le-mca-et-lusmk-accroches-a-domicile\/#primaryimage","url":"https:\/\/lasentinelle.dz\/wp-content\/uploads\/2023\/02\/image_2023-02-11_171620682.png","contentUrl":"https:\/\/lasentinelle.dz\/wp-content\/uploads\/2023\/02\/image_2023-02-11_171620682.png","width":580,"height":347},{"@type":"BreadcrumbList","@id":"https:\/\/lasentinelle.dz\/index.php\/2023\/02\/11\/ligue-1-mobilis-less-sur-le-podium-le-mca-et-lusmk-accroches-a-domicile\/#breadcrumb","itemListElement":[{"@type":"ListItem","position":1,"name":"Accueil","item":"https:\/\/lasentinelle.dz\/"},{"@type":"ListItem","position":2,"name":"Ligue 1 Mobilis\u00a0: L&rsquo;ESS sur le podium, le MCA et l&rsquo;USMK accroch\u00e9s \u00e0 domicile"}]},{"@type":"WebSite","@id":"https:\/\/lasentinelle.dz\/#website","url":"https:\/\/lasentinelle.dz\/","name":"La Sentinelle","description":"Quotidien national d&#039;information","publisher":{"@id":"https:\/\/lasentinelle.dz\/#organization"},"potentialAction":[{"@type":"SearchAction","target":{"@type":"EntryPoint","urlTemplate":"https:\/\/lasentinelle.dz\/?s={search_term_string}"},"query-input":{"@type":"PropertyValueSpecification","valueRequired":true,"valueName":"search_term_string"}}],"inLanguage":"fr-FR"},{"@type":"Organization","@id":"https:\/\/lasentinelle.dz\/#organization","name":"Quotidien La Sentinelle","url":"https:\/\/lasentinelle.dz\/","logo":{"@type":"ImageObject","inLanguage":"fr-FR","@id":"https:\/\/lasentinelle.dz\/#\/schema\/logo\/image\/","url":"https:\/\/lasentinelle.dz\/wp-content\/uploads\/2021\/09\/logo-sentinelleSLOGAN-1.png","contentUrl":"https:\/\/lasentinelle.dz\/wp-content\/uploads\/2021\/09\/logo-sentinelleSLOGAN-1.png","width":615,"height":142,"caption":"Quotidien La Sentinelle"},"image":{"@id":"https:\/\/lasentinelle.dz\/#\/schema\/logo\/image\/"},"sameAs":["https:\/\/www.facebook.com\/La-Sentinelle-104059864394773"]},{"@type":"Person","@id":"https:\/\/lasentinelle.dz\/#\/schema\/person\/d865044e22e70a75174ce8bcad3acfb3","name":"La Sentinelle","image":{"@type":"ImageObject","inLanguage":"fr-FR","@id":"https:\/\/secure.gravatar.com\/avatar\/57de8e5d4b15d43fb361a71fbb36338450fe67865b528a43dd10ef7c51a20392?s=96&d=mm&r=g","url":"https:\/\/secure.gravatar.com\/avatar\/57de8e5d4b15d43fb361a71fbb36338450fe67865b528a43dd10ef7c51a20392?s=96&d=mm&r=g","contentUrl":"https:\/\/secure.gravatar.com\/avatar\/57de8e5d4b15d43fb361a71fbb36338450fe67865b528a43dd10ef7c51a20392?s=96&d=mm&r=g","caption":"La Sentinelle"},"sameAs":["http:\/\/www.lasentinelle.dz"],"url":"https:\/\/lasentinelle.dz\/author\/redaction\/"}]}},"_links":{"self":[{"href":"https:\/\/lasentinelle.dz\/index.php\/wp-json\/wp\/v2\/posts\/35900","targetHints":{"allow":["GET"]}}],"collection":[{"href":"https:\/\/lasentinelle.dz\/index.php\/wp-json\/wp\/v2\/posts"}],"about":[{"href":"https:\/\/lasentinelle.dz\/index.php\/wp-json\/wp\/v2\/types\/post"}],"author":[{"embeddable":true,"href":"https:\/\/lasentinelle.dz\/index.php\/wp-json\/wp\/v2\/users\/3"}],"replies":[{"embeddable":true,"href":"https:\/\/lasentinelle.dz\/index.php\/wp-json\/wp\/v2\/comments?post=35900"}],"version-history":[{"count":1,"href":"https:\/\/lasentinelle.dz\/index.php\/wp-json\/wp\/v2\/posts\/35900\/revisions"}],"predecessor-version":[{"id":35903,"href":"https:\/\/lasentinelle.dz\/index.php\/wp-json\/wp\/v2\/posts\/35900\/revisions\/35903"}],"wp:featuredmedia":[{"embeddable":true,"href":"https:\/\/lasentinelle.dz\/index.php\/wp-json\/wp\/v2\/media\/35902"}],"wp:attachment":[{"href":"https:\/\/lasentinelle.dz\/index.php\/wp-json\/wp\/v2\/media?parent=35900"}],"wp:term":[{"taxonomy":"category","embeddable":true,"href":"https:\/\/lasentinelle.dz\/index.php\/wp-json\/wp\/v2\/categories?post=35900"},{"taxonomy":"post_tag","embeddable":true,"href":"https:\/\/lasentinelle.dz\/index.php\/wp-json\/wp\/v2\/tags?post=35900"}],"curies":[{"name":"wp","href":"https:\/\/api.w.org\/{rel}","templated":true}]}}