{"id":35913,"date":"2023-02-11T22:05:00","date_gmt":"2023-02-11T21:05:00","guid":{"rendered":"https:\/\/lasentinelle.dz\/?p=35913"},"modified":"2023-02-11T18:38:48","modified_gmt":"2023-02-11T17:38:48","slug":"un-eurodepute-italien-arrete-a-naples-letau-se-resserre-sur-le-makhzen-et-ses-reseaux","status":"publish","type":"post","link":"https:\/\/lasentinelle.dz\/index.php\/2023\/02\/11\/un-eurodepute-italien-arrete-a-naples-letau-se-resserre-sur-le-makhzen-et-ses-reseaux\/","title":{"rendered":"Un eurod\u00e9put\u00e9 italien arr\u00eat\u00e9 \u00e0 Naples\u00a0: L\u2019\u00e9tau se resserre sur le Makhzen et ses r\u00e9seaux"},"content":{"rendered":"\n<p>Le Qatargate qui s\u2019est av\u00e9r\u00e9 \u00eatre en r\u00e9alit\u00e9 de Marocgate est en passe de faire tomber une bonne partie des relais du Makhzen au sein du Parlement en europ\u00e9en. Ces \u00ab&nbsp;amis&nbsp;\u00bb que le r\u00e9gime marocain a achet\u00e9 en monnaie sonnante et tr\u00e9buchante ont maille avec la justice europ\u00e9enne. Apr\u00e8s \u00c9va Kaili, Pier Antonio Panzeri, son assistant Francesco Giorgi et Marc Tabarella qui vient d\u2019ailleurs d\u2019\u00eatre \u00e9crou\u00e9 c\u2019est au tour de Andrea Cozzolino, ancien pr\u00e9sident de la d\u00e9l\u00e9gation du PE en charge des relations avec le Maghreb etdonc des liens avec le Maroc qui vient d\u2019\u00eatre arr\u00eat\u00e9.<\/p>\n\n\n\n<p>Selon l\u2019agence de presse italienne Ansa, Andrea Cozzolino, qui se trouvait dans une clinique de Naples (Sud) pour des examens m\u00e9dicaux, a \u00e9t\u00e9 arr\u00eat\u00e9 \u00e0 sa sortie de la clinique en vertu d&rsquo;un mandat d&rsquo;arr\u00eat europ\u00e9en.Son immunit\u00e9, ainsi que celle de l&rsquo;eurod\u00e9put\u00e9 belge Marc Tarabella, avait \u00e9t\u00e9 lev\u00e9e le 2 f\u00e9vrier par un vote du Parlement europ\u00e9en.Selon un rapport parlementaire, M. Cozzolino, qui \u00e9tait jusqu&rsquo;en janvier pr\u00e9sident de la d\u00e9l\u00e9gation du Parlement europ\u00e9en pour les relations avec le Maghreb, \u00ab\u00a0est soup\u00e7onn\u00e9 d&rsquo;avoir particip\u00e9 \u00e0 un accord avec d&rsquo;autres personnes qui pr\u00e9voyait une collaboration afin de prot\u00e9ger les int\u00e9r\u00eats d&rsquo;Etats \u00e9trangers au Parlement europ\u00e9en\u00a0\u00bb.Et ce \u00ab\u00a0notamment en emp\u00eachant l&rsquo;adoption de r\u00e9solutions parlementaires qui pourraient nuire aux int\u00e9r\u00eats de ces Etats, en \u00e9change de sommes d&rsquo;argent\u00a0\u00bb. Il est ais\u00e9 de comprendre de quel \u00c9tat \u00e9tranger, il s\u2019agit vu l\u2019implication du Maroc dans ce scandale, les r\u00e9v\u00e9lations des eurod\u00e9put\u00e9s interrog\u00e9s jusque-l\u00e0 ayant clairement d\u00e9montr\u00e9 de quelle mani\u00e8re les r\u00e9seaux de corruption au sein du PE ont \u00e9t\u00e9 mis en place, aliment\u00e9 et financ\u00e9 par le palais royal et les services de renseignement marocains.<\/p>\n\n\n\n<p>Notons que l&rsquo;eurod\u00e9put\u00e9 belge, Marc Tarabella, \u00e9t\u00e9 interpell\u00e9 par la police, vendredi matin. \u00ab\u00a0L&rsquo;\u00e9lu socialiste de 59 ans, domicili\u00e9 dans la r\u00e9gion de Li\u00e8ge (est), a \u00e9t\u00e9 emmen\u00e9 pour \u00eatre entendu dans les locaux de la police judiciaire f\u00e9d\u00e9rale \u00e0 Bruxelles\u00a0\u00bb, selon un porte-parole du parquet f\u00e9d\u00e9ral. A l&rsquo;issue de cette garde \u00e0 vue, qui ne peut exc\u00e9der 48 heures, il pourrait \u00eatre pr\u00e9sent\u00e9 au juge d&rsquo;instruction charg\u00e9 de l&rsquo;enqu\u00eate. Parall\u00e8lement \u00e0 l&rsquo;interpellation, plusieurs bureaux de la mairie d&rsquo;Anthisnes (est) &#8211;o\u00f9 M. Tarabella est bourgmestre (maire)- ont \u00e9t\u00e9 perquisitionn\u00e9s, a pr\u00e9cis\u00e9 le parquet f\u00e9d\u00e9ral. Une autre perquisition a \u00e9galement cibl\u00e9 \u00ab\u00a0un coffre bancaire situ\u00e9 \u00e0 Li\u00e8ge\u00a0\u00bb lui appartenant.<\/p>\n\n\n\n<p>Il est utile de rappeler dans ce contexte que dans cette vaste affaire de corruption, les enqu\u00eateurs belges ont mis la main sur 1,5 million d&rsquo;euros en liquide, saisis aux domiciles de Pier Antonio Panzeri, ancien eurod\u00e9put\u00e9 socialiste devenu dirigeant d&rsquo;ONG et qui fait figure de personnage central dans cette histoire, et de l&rsquo;eurod\u00e9put\u00e9e socialiste grecque Eva Kaili, ainsi que dans une valise transport\u00e9e par le p\u00e8re de celle-ci.Comme M. Panzeri, Mme Kaili est \u00e9crou\u00e9e, de m\u00eame que son compagnon, l&rsquo;Italien Francesco Giorgi, assistant parlementaire, un autre Italien, Niccolo Figa-Talamanca, responsable d&rsquo;ONG et le Belge Marc Tarabella. Ils sont inculp\u00e9s d'\u00a0\u00bbappartenance \u00e0 une organisation criminelle\u00a0\u00bb, \u00ab\u00a0blanchiment d&rsquo;argent\u00a0\u00bb et \u00ab\u00a0corruption\u00a0\u00bb.Francesco Giorgi aurait notamment expliqu\u00e9 aux juges que l&rsquo;eurod\u00e9put\u00e9 Andrea Cozzolino \u00e9tait impliqu\u00e9 dans cette affaire et a eu des contacts avec l&rsquo;ambassadeur du Maroc \u00e0 Varsovie, Abderrahim Atmoun, gr\u00e2ce \u00e0 Panzeri, qui \u00e9tait le pr\u00e9sident de la commission Maghreb et qui avait ensuite pass\u00e9 le relais \u00e0 Cozzolino.Accul\u00e9, Andrea Cozzolino a fini par d\u00e9missionner de la commission parlementaire sp\u00e9ciale sur le programme Pegasus (logiciel espion utilis\u00e9 notamment par le Maroc) et de la commission parlementaire mixte Maroc-Union europ\u00e9enne.Dans la foul\u00e9e des \u00e9v\u00e8nements, l&rsquo;eurod\u00e9put\u00e9 italien a demand\u00e9 \u00e0 la commission du d\u00e9veloppement r\u00e9gional du Parlement europ\u00e9en de retirer une s\u00e9rie de ses amendements, dont deux concernaient le Maroc.Cozzolino a \u00e9t\u00e9 suspendu le 16 d\u00e9cembre du registre des membres et \u00e9lecteurs du Parti d\u00e9mocrate ainsi que de tous les postes au sein du parti apr\u00e8s que son nom ait figur\u00e9 dans l&rsquo;enqu\u00eate du procureur belge.<\/p>\n\n\n\n<p><strong>Hocine Fadheli<\/strong><\/p>\n","protected":false},"excerpt":{"rendered":"<p>Le Qatargate qui s\u2019est av\u00e9r\u00e9 \u00eatre en r\u00e9alit\u00e9 de Marocgate est en passe de faire tomber une bonne partie des<\/p>\n","protected":false},"author":3,"featured_media":35916,"comment_status":"open","ping_status":"closed","sticky":false,"template":"","format":"standard","meta":{"colormag_page_container_layout":"default_layout","colormag_page_sidebar_layout":"default_layout","om_disable_all_campaigns":false,"_monsterinsights_skip_tracking":false,"_monsterinsights_sitenote_active":false,"_monsterinsights_sitenote_note":"","_monsterinsights_sitenote_category":0,"footnotes":"","_wpscppro_dont_share_socialmedia":false,"_wpscppro_custom_social_share_image":0,"_facebook_share_type":"","_twitter_share_type":"","_linkedin_share_type":"","_pinterest_share_type":"","_linkedin_share_type_page":"","_instagram_share_type":"","_medium_share_type":"","_threads_share_type":"","_google_business_share_type":"","_selected_social_profile":[],"_wpsp_enable_custom_social_template":false,"_wpsp_social_scheduling":{"enabled":false,"datetime":null,"platforms":[],"status":"template_only","dateOption":"today","timeOption":"now","customDays":"","customHours":"","customDate":"","customTime":"","schedulingType":"absolute"},"_wpsp_active_default_template":true},"categories":[27],"tags":[],"class_list":["post-35913","post","type-post","status-publish","format-standard","has-post-thumbnail","hentry","category-actualite"],"aioseo_notices":[],"yoast_head":"<!-- This site is optimized with the Yoast SEO plugin v27.5 - https:\/\/yoast.com\/product\/yoast-seo-wordpress\/ -->\n<title>Un eurod\u00e9put\u00e9 italien arr\u00eat\u00e9 \u00e0 Naples\u00a0: L\u2019\u00e9tau se resserre sur le Makhzen et ses r\u00e9seaux - La Sentinelle<\/title>\n<meta name=\"robots\" content=\"index, follow, max-snippet:-1, max-image-preview:large, max-video-preview:-1\" \/>\n<link rel=\"canonical\" href=\"https:\/\/lasentinelle.dz\/index.php\/2023\/02\/11\/un-eurodepute-italien-arrete-a-naples-letau-se-resserre-sur-le-makhzen-et-ses-reseaux\/\" \/>\n<meta property=\"og:locale\" content=\"fr_FR\" \/>\n<meta property=\"og:type\" content=\"article\" \/>\n<meta property=\"og:title\" content=\"Un eurod\u00e9put\u00e9 italien arr\u00eat\u00e9 \u00e0 Naples\u00a0: L\u2019\u00e9tau se resserre sur le Makhzen et ses r\u00e9seaux - La Sentinelle\" \/>\n<meta property=\"og:description\" content=\"Le Qatargate qui s\u2019est av\u00e9r\u00e9 \u00eatre en r\u00e9alit\u00e9 de Marocgate est en passe de faire tomber une bonne partie des\" \/>\n<meta property=\"og:url\" content=\"https:\/\/lasentinelle.dz\/index.php\/2023\/02\/11\/un-eurodepute-italien-arrete-a-naples-letau-se-resserre-sur-le-makhzen-et-ses-reseaux\/\" \/>\n<meta property=\"og:site_name\" content=\"La Sentinelle\" \/>\n<meta property=\"article:publisher\" content=\"https:\/\/www.facebook.com\/La-Sentinelle-104059864394773\" \/>\n<meta property=\"article:published_time\" content=\"2023-02-11T21:05:00+00:00\" \/>\n<meta property=\"og:image\" content=\"https:\/\/lasentinelle.dz\/wp-content\/uploads\/2023\/02\/Sans-titre-4-5.png\" \/>\n\t<meta property=\"og:image:width\" content=\"1600\" \/>\n\t<meta property=\"og:image:height\" content=\"900\" \/>\n\t<meta property=\"og:image:type\" content=\"image\/png\" \/>\n<meta name=\"author\" content=\"La Sentinelle\" \/>\n<meta name=\"twitter:card\" content=\"summary_large_image\" \/>\n<meta name=\"twitter:label1\" content=\"\u00c9crit par\" \/>\n\t<meta name=\"twitter:data1\" content=\"La Sentinelle\" \/>\n\t<meta name=\"twitter:label2\" content=\"Dur\u00e9e de lecture estim\u00e9e\" \/>\n\t<meta name=\"twitter:data2\" content=\"4 minutes\" \/>\n<script type=\"application\/ld+json\" class=\"yoast-schema-graph\">{\"@context\":\"https:\\\/\\\/schema.org\",\"@graph\":[{\"@type\":\"Article\",\"@id\":\"https:\\\/\\\/lasentinelle.dz\\\/index.php\\\/2023\\\/02\\\/11\\\/un-eurodepute-italien-arrete-a-naples-letau-se-resserre-sur-le-makhzen-et-ses-reseaux\\\/#article\",\"isPartOf\":{\"@id\":\"https:\\\/\\\/lasentinelle.dz\\\/index.php\\\/2023\\\/02\\\/11\\\/un-eurodepute-italien-arrete-a-naples-letau-se-resserre-sur-le-makhzen-et-ses-reseaux\\\/\"},\"author\":{\"name\":\"La Sentinelle\",\"@id\":\"https:\\\/\\\/lasentinelle.dz\\\/#\\\/schema\\\/person\\\/d865044e22e70a75174ce8bcad3acfb3\"},\"headline\":\"Un eurod\u00e9put\u00e9 italien arr\u00eat\u00e9 \u00e0 Naples\u00a0: L\u2019\u00e9tau se resserre sur le Makhzen et ses r\u00e9seaux\",\"datePublished\":\"2023-02-11T21:05:00+00:00\",\"mainEntityOfPage\":{\"@id\":\"https:\\\/\\\/lasentinelle.dz\\\/index.php\\\/2023\\\/02\\\/11\\\/un-eurodepute-italien-arrete-a-naples-letau-se-resserre-sur-le-makhzen-et-ses-reseaux\\\/\"},\"wordCount\":769,\"commentCount\":0,\"publisher\":{\"@id\":\"https:\\\/\\\/lasentinelle.dz\\\/#organization\"},\"image\":{\"@id\":\"https:\\\/\\\/lasentinelle.dz\\\/index.php\\\/2023\\\/02\\\/11\\\/un-eurodepute-italien-arrete-a-naples-letau-se-resserre-sur-le-makhzen-et-ses-reseaux\\\/#primaryimage\"},\"thumbnailUrl\":\"https:\\\/\\\/lasentinelle.dz\\\/wp-content\\\/uploads\\\/2023\\\/02\\\/Sans-titre-4-5.png\",\"articleSection\":[\"Actualit\u00e9\"],\"inLanguage\":\"fr-FR\",\"potentialAction\":[{\"@type\":\"CommentAction\",\"name\":\"Comment\",\"target\":[\"https:\\\/\\\/lasentinelle.dz\\\/index.php\\\/2023\\\/02\\\/11\\\/un-eurodepute-italien-arrete-a-naples-letau-se-resserre-sur-le-makhzen-et-ses-reseaux\\\/#respond\"]}]},{\"@type\":\"WebPage\",\"@id\":\"https:\\\/\\\/lasentinelle.dz\\\/index.php\\\/2023\\\/02\\\/11\\\/un-eurodepute-italien-arrete-a-naples-letau-se-resserre-sur-le-makhzen-et-ses-reseaux\\\/\",\"url\":\"https:\\\/\\\/lasentinelle.dz\\\/index.php\\\/2023\\\/02\\\/11\\\/un-eurodepute-italien-arrete-a-naples-letau-se-resserre-sur-le-makhzen-et-ses-reseaux\\\/\",\"name\":\"Un eurod\u00e9put\u00e9 italien arr\u00eat\u00e9 \u00e0 Naples\u00a0: L\u2019\u00e9tau se resserre sur le Makhzen et ses r\u00e9seaux - La Sentinelle\",\"isPartOf\":{\"@id\":\"https:\\\/\\\/lasentinelle.dz\\\/#website\"},\"primaryImageOfPage\":{\"@id\":\"https:\\\/\\\/lasentinelle.dz\\\/index.php\\\/2023\\\/02\\\/11\\\/un-eurodepute-italien-arrete-a-naples-letau-se-resserre-sur-le-makhzen-et-ses-reseaux\\\/#primaryimage\"},\"image\":{\"@id\":\"https:\\\/\\\/lasentinelle.dz\\\/index.php\\\/2023\\\/02\\\/11\\\/un-eurodepute-italien-arrete-a-naples-letau-se-resserre-sur-le-makhzen-et-ses-reseaux\\\/#primaryimage\"},\"thumbnailUrl\":\"https:\\\/\\\/lasentinelle.dz\\\/wp-content\\\/uploads\\\/2023\\\/02\\\/Sans-titre-4-5.png\",\"datePublished\":\"2023-02-11T21:05:00+00:00\",\"breadcrumb\":{\"@id\":\"https:\\\/\\\/lasentinelle.dz\\\/index.php\\\/2023\\\/02\\\/11\\\/un-eurodepute-italien-arrete-a-naples-letau-se-resserre-sur-le-makhzen-et-ses-reseaux\\\/#breadcrumb\"},\"inLanguage\":\"fr-FR\",\"potentialAction\":[{\"@type\":\"ReadAction\",\"target\":[\"https:\\\/\\\/lasentinelle.dz\\\/index.php\\\/2023\\\/02\\\/11\\\/un-eurodepute-italien-arrete-a-naples-letau-se-resserre-sur-le-makhzen-et-ses-reseaux\\\/\"]}]},{\"@type\":\"ImageObject\",\"inLanguage\":\"fr-FR\",\"@id\":\"https:\\\/\\\/lasentinelle.dz\\\/index.php\\\/2023\\\/02\\\/11\\\/un-eurodepute-italien-arrete-a-naples-letau-se-resserre-sur-le-makhzen-et-ses-reseaux\\\/#primaryimage\",\"url\":\"https:\\\/\\\/lasentinelle.dz\\\/wp-content\\\/uploads\\\/2023\\\/02\\\/Sans-titre-4-5.png\",\"contentUrl\":\"https:\\\/\\\/lasentinelle.dz\\\/wp-content\\\/uploads\\\/2023\\\/02\\\/Sans-titre-4-5.png\",\"width\":1600,\"height\":900},{\"@type\":\"BreadcrumbList\",\"@id\":\"https:\\\/\\\/lasentinelle.dz\\\/index.php\\\/2023\\\/02\\\/11\\\/un-eurodepute-italien-arrete-a-naples-letau-se-resserre-sur-le-makhzen-et-ses-reseaux\\\/#breadcrumb\",\"itemListElement\":[{\"@type\":\"ListItem\",\"position\":1,\"name\":\"Accueil\",\"item\":\"https:\\\/\\\/lasentinelle.dz\\\/\"},{\"@type\":\"ListItem\",\"position\":2,\"name\":\"Un eurod\u00e9put\u00e9 italien arr\u00eat\u00e9 \u00e0 Naples\u00a0: L\u2019\u00e9tau se resserre sur le Makhzen et ses r\u00e9seaux\"}]},{\"@type\":\"WebSite\",\"@id\":\"https:\\\/\\\/lasentinelle.dz\\\/#website\",\"url\":\"https:\\\/\\\/lasentinelle.dz\\\/\",\"name\":\"La Sentinelle\",\"description\":\"Quotidien national d&#039;information\",\"publisher\":{\"@id\":\"https:\\\/\\\/lasentinelle.dz\\\/#organization\"},\"potentialAction\":[{\"@type\":\"SearchAction\",\"target\":{\"@type\":\"EntryPoint\",\"urlTemplate\":\"https:\\\/\\\/lasentinelle.dz\\\/?s={search_term_string}\"},\"query-input\":{\"@type\":\"PropertyValueSpecification\",\"valueRequired\":true,\"valueName\":\"search_term_string\"}}],\"inLanguage\":\"fr-FR\"},{\"@type\":\"Organization\",\"@id\":\"https:\\\/\\\/lasentinelle.dz\\\/#organization\",\"name\":\"Quotidien La Sentinelle\",\"url\":\"https:\\\/\\\/lasentinelle.dz\\\/\",\"logo\":{\"@type\":\"ImageObject\",\"inLanguage\":\"fr-FR\",\"@id\":\"https:\\\/\\\/lasentinelle.dz\\\/#\\\/schema\\\/logo\\\/image\\\/\",\"url\":\"https:\\\/\\\/lasentinelle.dz\\\/wp-content\\\/uploads\\\/2021\\\/09\\\/logo-sentinelleSLOGAN-1.png\",\"contentUrl\":\"https:\\\/\\\/lasentinelle.dz\\\/wp-content\\\/uploads\\\/2021\\\/09\\\/logo-sentinelleSLOGAN-1.png\",\"width\":615,\"height\":142,\"caption\":\"Quotidien La Sentinelle\"},\"image\":{\"@id\":\"https:\\\/\\\/lasentinelle.dz\\\/#\\\/schema\\\/logo\\\/image\\\/\"},\"sameAs\":[\"https:\\\/\\\/www.facebook.com\\\/La-Sentinelle-104059864394773\"]},{\"@type\":\"Person\",\"@id\":\"https:\\\/\\\/lasentinelle.dz\\\/#\\\/schema\\\/person\\\/d865044e22e70a75174ce8bcad3acfb3\",\"name\":\"La Sentinelle\",\"image\":{\"@type\":\"ImageObject\",\"inLanguage\":\"fr-FR\",\"@id\":\"https:\\\/\\\/secure.gravatar.com\\\/avatar\\\/57de8e5d4b15d43fb361a71fbb36338450fe67865b528a43dd10ef7c51a20392?s=96&d=mm&r=g\",\"url\":\"https:\\\/\\\/secure.gravatar.com\\\/avatar\\\/57de8e5d4b15d43fb361a71fbb36338450fe67865b528a43dd10ef7c51a20392?s=96&d=mm&r=g\",\"contentUrl\":\"https:\\\/\\\/secure.gravatar.com\\\/avatar\\\/57de8e5d4b15d43fb361a71fbb36338450fe67865b528a43dd10ef7c51a20392?s=96&d=mm&r=g\",\"caption\":\"La Sentinelle\"},\"sameAs\":[\"http:\\\/\\\/www.lasentinelle.dz\"],\"url\":\"https:\\\/\\\/lasentinelle.dz\\\/author\\\/redaction\\\/\"}]}<\/script>\n<!-- \/ Yoast SEO plugin. -->","yoast_head_json":{"title":"Un eurod\u00e9put\u00e9 italien arr\u00eat\u00e9 \u00e0 Naples\u00a0: L\u2019\u00e9tau se resserre sur le Makhzen et ses r\u00e9seaux - La Sentinelle","robots":{"index":"index","follow":"follow","max-snippet":"max-snippet:-1","max-image-preview":"max-image-preview:large","max-video-preview":"max-video-preview:-1"},"canonical":"https:\/\/lasentinelle.dz\/index.php\/2023\/02\/11\/un-eurodepute-italien-arrete-a-naples-letau-se-resserre-sur-le-makhzen-et-ses-reseaux\/","og_locale":"fr_FR","og_type":"article","og_title":"Un eurod\u00e9put\u00e9 italien arr\u00eat\u00e9 \u00e0 Naples\u00a0: L\u2019\u00e9tau se resserre sur le Makhzen et ses r\u00e9seaux - La Sentinelle","og_description":"Le Qatargate qui s\u2019est av\u00e9r\u00e9 \u00eatre en r\u00e9alit\u00e9 de Marocgate est en passe de faire tomber une bonne partie des","og_url":"https:\/\/lasentinelle.dz\/index.php\/2023\/02\/11\/un-eurodepute-italien-arrete-a-naples-letau-se-resserre-sur-le-makhzen-et-ses-reseaux\/","og_site_name":"La Sentinelle","article_publisher":"https:\/\/www.facebook.com\/La-Sentinelle-104059864394773","article_published_time":"2023-02-11T21:05:00+00:00","og_image":[{"width":1600,"height":900,"url":"https:\/\/lasentinelle.dz\/wp-content\/uploads\/2023\/02\/Sans-titre-4-5.png","type":"image\/png"}],"author":"La Sentinelle","twitter_card":"summary_large_image","twitter_misc":{"\u00c9crit par":"La Sentinelle","Dur\u00e9e de lecture estim\u00e9e":"4 minutes"},"schema":{"@context":"https:\/\/schema.org","@graph":[{"@type":"Article","@id":"https:\/\/lasentinelle.dz\/index.php\/2023\/02\/11\/un-eurodepute-italien-arrete-a-naples-letau-se-resserre-sur-le-makhzen-et-ses-reseaux\/#article","isPartOf":{"@id":"https:\/\/lasentinelle.dz\/index.php\/2023\/02\/11\/un-eurodepute-italien-arrete-a-naples-letau-se-resserre-sur-le-makhzen-et-ses-reseaux\/"},"author":{"name":"La Sentinelle","@id":"https:\/\/lasentinelle.dz\/#\/schema\/person\/d865044e22e70a75174ce8bcad3acfb3"},"headline":"Un eurod\u00e9put\u00e9 italien arr\u00eat\u00e9 \u00e0 Naples\u00a0: L\u2019\u00e9tau se resserre sur le Makhzen et ses r\u00e9seaux","datePublished":"2023-02-11T21:05:00+00:00","mainEntityOfPage":{"@id":"https:\/\/lasentinelle.dz\/index.php\/2023\/02\/11\/un-eurodepute-italien-arrete-a-naples-letau-se-resserre-sur-le-makhzen-et-ses-reseaux\/"},"wordCount":769,"commentCount":0,"publisher":{"@id":"https:\/\/lasentinelle.dz\/#organization"},"image":{"@id":"https:\/\/lasentinelle.dz\/index.php\/2023\/02\/11\/un-eurodepute-italien-arrete-a-naples-letau-se-resserre-sur-le-makhzen-et-ses-reseaux\/#primaryimage"},"thumbnailUrl":"https:\/\/lasentinelle.dz\/wp-content\/uploads\/2023\/02\/Sans-titre-4-5.png","articleSection":["Actualit\u00e9"],"inLanguage":"fr-FR","potentialAction":[{"@type":"CommentAction","name":"Comment","target":["https:\/\/lasentinelle.dz\/index.php\/2023\/02\/11\/un-eurodepute-italien-arrete-a-naples-letau-se-resserre-sur-le-makhzen-et-ses-reseaux\/#respond"]}]},{"@type":"WebPage","@id":"https:\/\/lasentinelle.dz\/index.php\/2023\/02\/11\/un-eurodepute-italien-arrete-a-naples-letau-se-resserre-sur-le-makhzen-et-ses-reseaux\/","url":"https:\/\/lasentinelle.dz\/index.php\/2023\/02\/11\/un-eurodepute-italien-arrete-a-naples-letau-se-resserre-sur-le-makhzen-et-ses-reseaux\/","name":"Un eurod\u00e9put\u00e9 italien arr\u00eat\u00e9 \u00e0 Naples\u00a0: L\u2019\u00e9tau se resserre sur le Makhzen et ses r\u00e9seaux - La Sentinelle","isPartOf":{"@id":"https:\/\/lasentinelle.dz\/#website"},"primaryImageOfPage":{"@id":"https:\/\/lasentinelle.dz\/index.php\/2023\/02\/11\/un-eurodepute-italien-arrete-a-naples-letau-se-resserre-sur-le-makhzen-et-ses-reseaux\/#primaryimage"},"image":{"@id":"https:\/\/lasentinelle.dz\/index.php\/2023\/02\/11\/un-eurodepute-italien-arrete-a-naples-letau-se-resserre-sur-le-makhzen-et-ses-reseaux\/#primaryimage"},"thumbnailUrl":"https:\/\/lasentinelle.dz\/wp-content\/uploads\/2023\/02\/Sans-titre-4-5.png","datePublished":"2023-02-11T21:05:00+00:00","breadcrumb":{"@id":"https:\/\/lasentinelle.dz\/index.php\/2023\/02\/11\/un-eurodepute-italien-arrete-a-naples-letau-se-resserre-sur-le-makhzen-et-ses-reseaux\/#breadcrumb"},"inLanguage":"fr-FR","potentialAction":[{"@type":"ReadAction","target":["https:\/\/lasentinelle.dz\/index.php\/2023\/02\/11\/un-eurodepute-italien-arrete-a-naples-letau-se-resserre-sur-le-makhzen-et-ses-reseaux\/"]}]},{"@type":"ImageObject","inLanguage":"fr-FR","@id":"https:\/\/lasentinelle.dz\/index.php\/2023\/02\/11\/un-eurodepute-italien-arrete-a-naples-letau-se-resserre-sur-le-makhzen-et-ses-reseaux\/#primaryimage","url":"https:\/\/lasentinelle.dz\/wp-content\/uploads\/2023\/02\/Sans-titre-4-5.png","contentUrl":"https:\/\/lasentinelle.dz\/wp-content\/uploads\/2023\/02\/Sans-titre-4-5.png","width":1600,"height":900},{"@type":"BreadcrumbList","@id":"https:\/\/lasentinelle.dz\/index.php\/2023\/02\/11\/un-eurodepute-italien-arrete-a-naples-letau-se-resserre-sur-le-makhzen-et-ses-reseaux\/#breadcrumb","itemListElement":[{"@type":"ListItem","position":1,"name":"Accueil","item":"https:\/\/lasentinelle.dz\/"},{"@type":"ListItem","position":2,"name":"Un eurod\u00e9put\u00e9 italien arr\u00eat\u00e9 \u00e0 Naples\u00a0: L\u2019\u00e9tau se resserre sur le Makhzen et ses r\u00e9seaux"}]},{"@type":"WebSite","@id":"https:\/\/lasentinelle.dz\/#website","url":"https:\/\/lasentinelle.dz\/","name":"La Sentinelle","description":"Quotidien national d&#039;information","publisher":{"@id":"https:\/\/lasentinelle.dz\/#organization"},"potentialAction":[{"@type":"SearchAction","target":{"@type":"EntryPoint","urlTemplate":"https:\/\/lasentinelle.dz\/?s={search_term_string}"},"query-input":{"@type":"PropertyValueSpecification","valueRequired":true,"valueName":"search_term_string"}}],"inLanguage":"fr-FR"},{"@type":"Organization","@id":"https:\/\/lasentinelle.dz\/#organization","name":"Quotidien La Sentinelle","url":"https:\/\/lasentinelle.dz\/","logo":{"@type":"ImageObject","inLanguage":"fr-FR","@id":"https:\/\/lasentinelle.dz\/#\/schema\/logo\/image\/","url":"https:\/\/lasentinelle.dz\/wp-content\/uploads\/2021\/09\/logo-sentinelleSLOGAN-1.png","contentUrl":"https:\/\/lasentinelle.dz\/wp-content\/uploads\/2021\/09\/logo-sentinelleSLOGAN-1.png","width":615,"height":142,"caption":"Quotidien La Sentinelle"},"image":{"@id":"https:\/\/lasentinelle.dz\/#\/schema\/logo\/image\/"},"sameAs":["https:\/\/www.facebook.com\/La-Sentinelle-104059864394773"]},{"@type":"Person","@id":"https:\/\/lasentinelle.dz\/#\/schema\/person\/d865044e22e70a75174ce8bcad3acfb3","name":"La Sentinelle","image":{"@type":"ImageObject","inLanguage":"fr-FR","@id":"https:\/\/secure.gravatar.com\/avatar\/57de8e5d4b15d43fb361a71fbb36338450fe67865b528a43dd10ef7c51a20392?s=96&d=mm&r=g","url":"https:\/\/secure.gravatar.com\/avatar\/57de8e5d4b15d43fb361a71fbb36338450fe67865b528a43dd10ef7c51a20392?s=96&d=mm&r=g","contentUrl":"https:\/\/secure.gravatar.com\/avatar\/57de8e5d4b15d43fb361a71fbb36338450fe67865b528a43dd10ef7c51a20392?s=96&d=mm&r=g","caption":"La Sentinelle"},"sameAs":["http:\/\/www.lasentinelle.dz"],"url":"https:\/\/lasentinelle.dz\/author\/redaction\/"}]}},"_links":{"self":[{"href":"https:\/\/lasentinelle.dz\/index.php\/wp-json\/wp\/v2\/posts\/35913","targetHints":{"allow":["GET"]}}],"collection":[{"href":"https:\/\/lasentinelle.dz\/index.php\/wp-json\/wp\/v2\/posts"}],"about":[{"href":"https:\/\/lasentinelle.dz\/index.php\/wp-json\/wp\/v2\/types\/post"}],"author":[{"embeddable":true,"href":"https:\/\/lasentinelle.dz\/index.php\/wp-json\/wp\/v2\/users\/3"}],"replies":[{"embeddable":true,"href":"https:\/\/lasentinelle.dz\/index.php\/wp-json\/wp\/v2\/comments?post=35913"}],"version-history":[{"count":1,"href":"https:\/\/lasentinelle.dz\/index.php\/wp-json\/wp\/v2\/posts\/35913\/revisions"}],"predecessor-version":[{"id":35919,"href":"https:\/\/lasentinelle.dz\/index.php\/wp-json\/wp\/v2\/posts\/35913\/revisions\/35919"}],"wp:featuredmedia":[{"embeddable":true,"href":"https:\/\/lasentinelle.dz\/index.php\/wp-json\/wp\/v2\/media\/35916"}],"wp:attachment":[{"href":"https:\/\/lasentinelle.dz\/index.php\/wp-json\/wp\/v2\/media?parent=35913"}],"wp:term":[{"taxonomy":"category","embeddable":true,"href":"https:\/\/lasentinelle.dz\/index.php\/wp-json\/wp\/v2\/categories?post=35913"},{"taxonomy":"post_tag","embeddable":true,"href":"https:\/\/lasentinelle.dz\/index.php\/wp-json\/wp\/v2\/tags?post=35913"}],"curies":[{"name":"wp","href":"https:\/\/api.w.org\/{rel}","templated":true}]}}