{"id":35921,"date":"2023-02-11T22:05:00","date_gmt":"2023-02-11T21:05:00","guid":{"rendered":"https:\/\/lasentinelle.dz\/?p=35921"},"modified":"2023-02-11T18:47:51","modified_gmt":"2023-02-11T17:47:51","slug":"installation-des-tribunaux-de-commerce-garantir-la-stabilite-et-securite-juridiques","status":"publish","type":"post","link":"https:\/\/lasentinelle.dz\/index.php\/2023\/02\/11\/installation-des-tribunaux-de-commerce-garantir-la-stabilite-et-securite-juridiques\/","title":{"rendered":"Installation des tribunaux de commerce\u00a0: Garantir la stabilit\u00e9 et s\u00e9curit\u00e9 juridiques"},"content":{"rendered":"\n<p>Les participants aux travaux d\u2019une journ\u00e9e d\u2019\u00e9tude r\u00e9gionale sur ces juridictions sp\u00e9cialis\u00e9es organis\u00e9e hier \u00e0 l\u2019initiative de la Cour de justice et l\u2019Organisation des avocats de la r\u00e9gion de S\u00e9tif, ont soulign\u00e9 que les tribunaux de commerce avaient pour mission \u00ab\u00a0d&rsquo;am\u00e9liorer le climat du commerce et des affaires et \u00e0 assurer la s\u00e9curit\u00e9 juridiques dans ce domaine, dans le cadre des objectifs de l\u2019Etat et sa volont\u00e9 de renforcer les garanties introduites par la nouvelle loi sur l\u2019investissement et au regard des r\u00e9alit\u00e9s \u00e9conomiques actuelles\u00a0\u00bb.<\/p>\n\n\n\n<p>Le procureur g\u00e9n\u00e9ral pr\u00e8s la Cour de justice de S\u00e9tif, Fay\u00e7al Zerdazi, a affirm\u00e9 que \u00ab\u00a0le tribunal de commerce contribue \u00e0 trancher dans de nombreuses affaires et litiges complexes entre les commer\u00e7ants et les entreprises commerciales, ainsi que les litiges couverts par le droit a\u00e9rien, maritime et le commerce international, les litiges sur la propri\u00e9t\u00e9 intellectuelle, mais&nbsp; \u00e9galement les contentieux bancaires, des institutions financi\u00e8res et des assurances\u00a0\u00bb.M. Zerdazi a pr\u00e9cis\u00e9 que \u00ab\u00a0ces tribunaux sp\u00e9cialis\u00e9s comptent des juges sp\u00e9cialistes en droit commercial renforc\u00e9s par des assesseurs sp\u00e9cialis\u00e9s dans le commerce, ainsi que des juges sp\u00e9cialis\u00e9s dans le commerce, en application du d\u00e9cret d\u2019ex\u00e9cution 52\/23 en date du 14 janvier 2023. Ils ont de larges attributions en mati\u00e8re de questions commerciales et les diff\u00e9rents litiges port\u00e9s devant ces tribunaux\u00a0\u00bb.Cette rencontre ayant regroup\u00e9 les procureurs g\u00e9n\u00e9raux, les pr\u00e9sidents des cours de justice, les juges et le corps des avocats repr\u00e9sentant les wilayas de S\u00e9tif, de Constantine, de M\u2019sila et de Mila, vise \u00e0 expliquer l\u2019\u00e9volution de la l\u00e9gislation et les projets de lois, a indiqu\u00e9 le b\u00e2tonnier de l\u2019ordre des avocats au barreau de&nbsp; S\u00e9tif Ma\u00eetre Brahim Tairi.Cette journ\u00e9e d\u2019\u00e9tude a donn\u00e9 lieu \u00e0 plusieurs interventions, notamment, \u00ab\u00a0la formation des tribunaux de commerce sp\u00e9cialis\u00e9s et leurs attributions\u00a0\u00bb, \u00ab\u00a0la sp\u00e9cialisation qualitative et territoriale des tribunaux de commerce sp\u00e9cialis\u00e9s\u00a0\u00bb, \u00ab\u00a0les contentieux des institutions financi\u00e8res, des banques et des commer\u00e7ants, selon la loi 13\/22 entre l\u2019exercice et la r\u00e9alit\u00e9\u00a0\u00bb et \u00ab\u00a0les attributions du pr\u00e9sident du tribunal de commerce sp\u00e9cialis\u00e9 et les proc\u00e9dures de saisine\u00a0\u00bb.<\/p>\n\n\n\n<p>R.N.<\/p>\n","protected":false},"excerpt":{"rendered":"<p>Les participants aux travaux d\u2019une journ\u00e9e d\u2019\u00e9tude r\u00e9gionale sur ces juridictions sp\u00e9cialis\u00e9es organis\u00e9e hier \u00e0 l\u2019initiative de la Cour de<\/p>\n","protected":false},"author":3,"featured_media":35929,"comment_status":"open","ping_status":"closed","sticky":false,"template":"","format":"standard","meta":{"colormag_page_container_layout":"default_layout","colormag_page_sidebar_layout":"default_layout","om_disable_all_campaigns":false,"_monsterinsights_skip_tracking":false,"_monsterinsights_sitenote_active":false,"_monsterinsights_sitenote_note":"","_monsterinsights_sitenote_category":0,"footnotes":"","_wpscppro_dont_share_socialmedia":false,"_wpscppro_custom_social_share_image":0,"_facebook_share_type":"","_twitter_share_type":"","_linkedin_share_type":"","_pinterest_share_type":"","_linkedin_share_type_page":"","_instagram_share_type":"","_medium_share_type":"","_threads_share_type":"","_google_business_share_type":"","_selected_social_profile":[],"_wpsp_enable_custom_social_template":false,"_wpsp_social_scheduling":{"enabled":false,"datetime":null,"platforms":[],"status":"template_only","dateOption":"today","timeOption":"now","customDays":"","customHours":"","customDate":"","customTime":"","schedulingType":"absolute"},"_wpsp_active_default_template":true},"categories":[27],"tags":[],"class_list":["post-35921","post","type-post","status-publish","format-standard","has-post-thumbnail","hentry","category-actualite"],"aioseo_notices":[],"yoast_head":"<!-- This site is optimized with the Yoast SEO plugin v27.5 - https:\/\/yoast.com\/product\/yoast-seo-wordpress\/ -->\n<title>Installation des tribunaux de commerce\u00a0: Garantir la stabilit\u00e9 et s\u00e9curit\u00e9 juridiques - La Sentinelle<\/title>\n<meta name=\"robots\" content=\"index, follow, max-snippet:-1, max-image-preview:large, max-video-preview:-1\" \/>\n<link rel=\"canonical\" href=\"https:\/\/lasentinelle.dz\/index.php\/2023\/02\/11\/installation-des-tribunaux-de-commerce-garantir-la-stabilite-et-securite-juridiques\/\" \/>\n<meta property=\"og:locale\" content=\"fr_FR\" \/>\n<meta property=\"og:type\" content=\"article\" \/>\n<meta property=\"og:title\" content=\"Installation des tribunaux de commerce\u00a0: Garantir la stabilit\u00e9 et s\u00e9curit\u00e9 juridiques - La Sentinelle\" \/>\n<meta property=\"og:description\" content=\"Les participants aux travaux d\u2019une journ\u00e9e d\u2019\u00e9tude r\u00e9gionale sur ces juridictions sp\u00e9cialis\u00e9es organis\u00e9e hier \u00e0 l\u2019initiative de la Cour de\" \/>\n<meta property=\"og:url\" content=\"https:\/\/lasentinelle.dz\/index.php\/2023\/02\/11\/installation-des-tribunaux-de-commerce-garantir-la-stabilite-et-securite-juridiques\/\" \/>\n<meta property=\"og:site_name\" content=\"La Sentinelle\" \/>\n<meta property=\"article:publisher\" content=\"https:\/\/www.facebook.com\/La-Sentinelle-104059864394773\" \/>\n<meta property=\"article:published_time\" content=\"2023-02-11T21:05:00+00:00\" \/>\n<meta property=\"og:image\" content=\"https:\/\/lasentinelle.dz\/wp-content\/uploads\/2023\/02\/image_2023-02-11_184744167.png\" \/>\n\t<meta property=\"og:image:width\" content=\"580\" \/>\n\t<meta property=\"og:image:height\" content=\"350\" \/>\n\t<meta property=\"og:image:type\" content=\"image\/png\" \/>\n<meta name=\"author\" content=\"La Sentinelle\" \/>\n<meta name=\"twitter:card\" content=\"summary_large_image\" \/>\n<meta name=\"twitter:label1\" content=\"\u00c9crit par\" \/>\n\t<meta name=\"twitter:data1\" content=\"La Sentinelle\" \/>\n\t<meta name=\"twitter:label2\" content=\"Dur\u00e9e de lecture estim\u00e9e\" \/>\n\t<meta name=\"twitter:data2\" content=\"2 minutes\" \/>\n<script type=\"application\/ld+json\" class=\"yoast-schema-graph\">{\"@context\":\"https:\\\/\\\/schema.org\",\"@graph\":[{\"@type\":\"Article\",\"@id\":\"https:\\\/\\\/lasentinelle.dz\\\/index.php\\\/2023\\\/02\\\/11\\\/installation-des-tribunaux-de-commerce-garantir-la-stabilite-et-securite-juridiques\\\/#article\",\"isPartOf\":{\"@id\":\"https:\\\/\\\/lasentinelle.dz\\\/index.php\\\/2023\\\/02\\\/11\\\/installation-des-tribunaux-de-commerce-garantir-la-stabilite-et-securite-juridiques\\\/\"},\"author\":{\"name\":\"La Sentinelle\",\"@id\":\"https:\\\/\\\/lasentinelle.dz\\\/#\\\/schema\\\/person\\\/d865044e22e70a75174ce8bcad3acfb3\"},\"headline\":\"Installation des tribunaux de commerce\u00a0: Garantir la stabilit\u00e9 et s\u00e9curit\u00e9 juridiques\",\"datePublished\":\"2023-02-11T21:05:00+00:00\",\"mainEntityOfPage\":{\"@id\":\"https:\\\/\\\/lasentinelle.dz\\\/index.php\\\/2023\\\/02\\\/11\\\/installation-des-tribunaux-de-commerce-garantir-la-stabilite-et-securite-juridiques\\\/\"},\"wordCount\":411,\"commentCount\":0,\"publisher\":{\"@id\":\"https:\\\/\\\/lasentinelle.dz\\\/#organization\"},\"image\":{\"@id\":\"https:\\\/\\\/lasentinelle.dz\\\/index.php\\\/2023\\\/02\\\/11\\\/installation-des-tribunaux-de-commerce-garantir-la-stabilite-et-securite-juridiques\\\/#primaryimage\"},\"thumbnailUrl\":\"https:\\\/\\\/lasentinelle.dz\\\/wp-content\\\/uploads\\\/2023\\\/02\\\/image_2023-02-11_184744167.png\",\"articleSection\":[\"Actualit\u00e9\"],\"inLanguage\":\"fr-FR\",\"potentialAction\":[{\"@type\":\"CommentAction\",\"name\":\"Comment\",\"target\":[\"https:\\\/\\\/lasentinelle.dz\\\/index.php\\\/2023\\\/02\\\/11\\\/installation-des-tribunaux-de-commerce-garantir-la-stabilite-et-securite-juridiques\\\/#respond\"]}]},{\"@type\":\"WebPage\",\"@id\":\"https:\\\/\\\/lasentinelle.dz\\\/index.php\\\/2023\\\/02\\\/11\\\/installation-des-tribunaux-de-commerce-garantir-la-stabilite-et-securite-juridiques\\\/\",\"url\":\"https:\\\/\\\/lasentinelle.dz\\\/index.php\\\/2023\\\/02\\\/11\\\/installation-des-tribunaux-de-commerce-garantir-la-stabilite-et-securite-juridiques\\\/\",\"name\":\"Installation des tribunaux de commerce\u00a0: Garantir la stabilit\u00e9 et s\u00e9curit\u00e9 juridiques - La Sentinelle\",\"isPartOf\":{\"@id\":\"https:\\\/\\\/lasentinelle.dz\\\/#website\"},\"primaryImageOfPage\":{\"@id\":\"https:\\\/\\\/lasentinelle.dz\\\/index.php\\\/2023\\\/02\\\/11\\\/installation-des-tribunaux-de-commerce-garantir-la-stabilite-et-securite-juridiques\\\/#primaryimage\"},\"image\":{\"@id\":\"https:\\\/\\\/lasentinelle.dz\\\/index.php\\\/2023\\\/02\\\/11\\\/installation-des-tribunaux-de-commerce-garantir-la-stabilite-et-securite-juridiques\\\/#primaryimage\"},\"thumbnailUrl\":\"https:\\\/\\\/lasentinelle.dz\\\/wp-content\\\/uploads\\\/2023\\\/02\\\/image_2023-02-11_184744167.png\",\"datePublished\":\"2023-02-11T21:05:00+00:00\",\"breadcrumb\":{\"@id\":\"https:\\\/\\\/lasentinelle.dz\\\/index.php\\\/2023\\\/02\\\/11\\\/installation-des-tribunaux-de-commerce-garantir-la-stabilite-et-securite-juridiques\\\/#breadcrumb\"},\"inLanguage\":\"fr-FR\",\"potentialAction\":[{\"@type\":\"ReadAction\",\"target\":[\"https:\\\/\\\/lasentinelle.dz\\\/index.php\\\/2023\\\/02\\\/11\\\/installation-des-tribunaux-de-commerce-garantir-la-stabilite-et-securite-juridiques\\\/\"]}]},{\"@type\":\"ImageObject\",\"inLanguage\":\"fr-FR\",\"@id\":\"https:\\\/\\\/lasentinelle.dz\\\/index.php\\\/2023\\\/02\\\/11\\\/installation-des-tribunaux-de-commerce-garantir-la-stabilite-et-securite-juridiques\\\/#primaryimage\",\"url\":\"https:\\\/\\\/lasentinelle.dz\\\/wp-content\\\/uploads\\\/2023\\\/02\\\/image_2023-02-11_184744167.png\",\"contentUrl\":\"https:\\\/\\\/lasentinelle.dz\\\/wp-content\\\/uploads\\\/2023\\\/02\\\/image_2023-02-11_184744167.png\",\"width\":580,\"height\":350},{\"@type\":\"BreadcrumbList\",\"@id\":\"https:\\\/\\\/lasentinelle.dz\\\/index.php\\\/2023\\\/02\\\/11\\\/installation-des-tribunaux-de-commerce-garantir-la-stabilite-et-securite-juridiques\\\/#breadcrumb\",\"itemListElement\":[{\"@type\":\"ListItem\",\"position\":1,\"name\":\"Accueil\",\"item\":\"https:\\\/\\\/lasentinelle.dz\\\/\"},{\"@type\":\"ListItem\",\"position\":2,\"name\":\"Installation des tribunaux de commerce\u00a0: Garantir la stabilit\u00e9 et s\u00e9curit\u00e9 juridiques\"}]},{\"@type\":\"WebSite\",\"@id\":\"https:\\\/\\\/lasentinelle.dz\\\/#website\",\"url\":\"https:\\\/\\\/lasentinelle.dz\\\/\",\"name\":\"La Sentinelle\",\"description\":\"Quotidien national d&#039;information\",\"publisher\":{\"@id\":\"https:\\\/\\\/lasentinelle.dz\\\/#organization\"},\"potentialAction\":[{\"@type\":\"SearchAction\",\"target\":{\"@type\":\"EntryPoint\",\"urlTemplate\":\"https:\\\/\\\/lasentinelle.dz\\\/?s={search_term_string}\"},\"query-input\":{\"@type\":\"PropertyValueSpecification\",\"valueRequired\":true,\"valueName\":\"search_term_string\"}}],\"inLanguage\":\"fr-FR\"},{\"@type\":\"Organization\",\"@id\":\"https:\\\/\\\/lasentinelle.dz\\\/#organization\",\"name\":\"Quotidien La Sentinelle\",\"url\":\"https:\\\/\\\/lasentinelle.dz\\\/\",\"logo\":{\"@type\":\"ImageObject\",\"inLanguage\":\"fr-FR\",\"@id\":\"https:\\\/\\\/lasentinelle.dz\\\/#\\\/schema\\\/logo\\\/image\\\/\",\"url\":\"https:\\\/\\\/lasentinelle.dz\\\/wp-content\\\/uploads\\\/2021\\\/09\\\/logo-sentinelleSLOGAN-1.png\",\"contentUrl\":\"https:\\\/\\\/lasentinelle.dz\\\/wp-content\\\/uploads\\\/2021\\\/09\\\/logo-sentinelleSLOGAN-1.png\",\"width\":615,\"height\":142,\"caption\":\"Quotidien La Sentinelle\"},\"image\":{\"@id\":\"https:\\\/\\\/lasentinelle.dz\\\/#\\\/schema\\\/logo\\\/image\\\/\"},\"sameAs\":[\"https:\\\/\\\/www.facebook.com\\\/La-Sentinelle-104059864394773\"]},{\"@type\":\"Person\",\"@id\":\"https:\\\/\\\/lasentinelle.dz\\\/#\\\/schema\\\/person\\\/d865044e22e70a75174ce8bcad3acfb3\",\"name\":\"La Sentinelle\",\"image\":{\"@type\":\"ImageObject\",\"inLanguage\":\"fr-FR\",\"@id\":\"https:\\\/\\\/secure.gravatar.com\\\/avatar\\\/57de8e5d4b15d43fb361a71fbb36338450fe67865b528a43dd10ef7c51a20392?s=96&d=mm&r=g\",\"url\":\"https:\\\/\\\/secure.gravatar.com\\\/avatar\\\/57de8e5d4b15d43fb361a71fbb36338450fe67865b528a43dd10ef7c51a20392?s=96&d=mm&r=g\",\"contentUrl\":\"https:\\\/\\\/secure.gravatar.com\\\/avatar\\\/57de8e5d4b15d43fb361a71fbb36338450fe67865b528a43dd10ef7c51a20392?s=96&d=mm&r=g\",\"caption\":\"La Sentinelle\"},\"sameAs\":[\"http:\\\/\\\/www.lasentinelle.dz\"],\"url\":\"https:\\\/\\\/lasentinelle.dz\\\/author\\\/redaction\\\/\"}]}<\/script>\n<!-- \/ Yoast SEO plugin. -->","yoast_head_json":{"title":"Installation des tribunaux de commerce\u00a0: Garantir la stabilit\u00e9 et s\u00e9curit\u00e9 juridiques - La Sentinelle","robots":{"index":"index","follow":"follow","max-snippet":"max-snippet:-1","max-image-preview":"max-image-preview:large","max-video-preview":"max-video-preview:-1"},"canonical":"https:\/\/lasentinelle.dz\/index.php\/2023\/02\/11\/installation-des-tribunaux-de-commerce-garantir-la-stabilite-et-securite-juridiques\/","og_locale":"fr_FR","og_type":"article","og_title":"Installation des tribunaux de commerce\u00a0: Garantir la stabilit\u00e9 et s\u00e9curit\u00e9 juridiques - La Sentinelle","og_description":"Les participants aux travaux d\u2019une journ\u00e9e d\u2019\u00e9tude r\u00e9gionale sur ces juridictions sp\u00e9cialis\u00e9es organis\u00e9e hier \u00e0 l\u2019initiative de la Cour de","og_url":"https:\/\/lasentinelle.dz\/index.php\/2023\/02\/11\/installation-des-tribunaux-de-commerce-garantir-la-stabilite-et-securite-juridiques\/","og_site_name":"La Sentinelle","article_publisher":"https:\/\/www.facebook.com\/La-Sentinelle-104059864394773","article_published_time":"2023-02-11T21:05:00+00:00","og_image":[{"width":580,"height":350,"url":"https:\/\/lasentinelle.dz\/wp-content\/uploads\/2023\/02\/image_2023-02-11_184744167.png","type":"image\/png"}],"author":"La Sentinelle","twitter_card":"summary_large_image","twitter_misc":{"\u00c9crit par":"La Sentinelle","Dur\u00e9e de lecture estim\u00e9e":"2 minutes"},"schema":{"@context":"https:\/\/schema.org","@graph":[{"@type":"Article","@id":"https:\/\/lasentinelle.dz\/index.php\/2023\/02\/11\/installation-des-tribunaux-de-commerce-garantir-la-stabilite-et-securite-juridiques\/#article","isPartOf":{"@id":"https:\/\/lasentinelle.dz\/index.php\/2023\/02\/11\/installation-des-tribunaux-de-commerce-garantir-la-stabilite-et-securite-juridiques\/"},"author":{"name":"La Sentinelle","@id":"https:\/\/lasentinelle.dz\/#\/schema\/person\/d865044e22e70a75174ce8bcad3acfb3"},"headline":"Installation des tribunaux de commerce\u00a0: Garantir la stabilit\u00e9 et s\u00e9curit\u00e9 juridiques","datePublished":"2023-02-11T21:05:00+00:00","mainEntityOfPage":{"@id":"https:\/\/lasentinelle.dz\/index.php\/2023\/02\/11\/installation-des-tribunaux-de-commerce-garantir-la-stabilite-et-securite-juridiques\/"},"wordCount":411,"commentCount":0,"publisher":{"@id":"https:\/\/lasentinelle.dz\/#organization"},"image":{"@id":"https:\/\/lasentinelle.dz\/index.php\/2023\/02\/11\/installation-des-tribunaux-de-commerce-garantir-la-stabilite-et-securite-juridiques\/#primaryimage"},"thumbnailUrl":"https:\/\/lasentinelle.dz\/wp-content\/uploads\/2023\/02\/image_2023-02-11_184744167.png","articleSection":["Actualit\u00e9"],"inLanguage":"fr-FR","potentialAction":[{"@type":"CommentAction","name":"Comment","target":["https:\/\/lasentinelle.dz\/index.php\/2023\/02\/11\/installation-des-tribunaux-de-commerce-garantir-la-stabilite-et-securite-juridiques\/#respond"]}]},{"@type":"WebPage","@id":"https:\/\/lasentinelle.dz\/index.php\/2023\/02\/11\/installation-des-tribunaux-de-commerce-garantir-la-stabilite-et-securite-juridiques\/","url":"https:\/\/lasentinelle.dz\/index.php\/2023\/02\/11\/installation-des-tribunaux-de-commerce-garantir-la-stabilite-et-securite-juridiques\/","name":"Installation des tribunaux de commerce\u00a0: Garantir la stabilit\u00e9 et s\u00e9curit\u00e9 juridiques - La Sentinelle","isPartOf":{"@id":"https:\/\/lasentinelle.dz\/#website"},"primaryImageOfPage":{"@id":"https:\/\/lasentinelle.dz\/index.php\/2023\/02\/11\/installation-des-tribunaux-de-commerce-garantir-la-stabilite-et-securite-juridiques\/#primaryimage"},"image":{"@id":"https:\/\/lasentinelle.dz\/index.php\/2023\/02\/11\/installation-des-tribunaux-de-commerce-garantir-la-stabilite-et-securite-juridiques\/#primaryimage"},"thumbnailUrl":"https:\/\/lasentinelle.dz\/wp-content\/uploads\/2023\/02\/image_2023-02-11_184744167.png","datePublished":"2023-02-11T21:05:00+00:00","breadcrumb":{"@id":"https:\/\/lasentinelle.dz\/index.php\/2023\/02\/11\/installation-des-tribunaux-de-commerce-garantir-la-stabilite-et-securite-juridiques\/#breadcrumb"},"inLanguage":"fr-FR","potentialAction":[{"@type":"ReadAction","target":["https:\/\/lasentinelle.dz\/index.php\/2023\/02\/11\/installation-des-tribunaux-de-commerce-garantir-la-stabilite-et-securite-juridiques\/"]}]},{"@type":"ImageObject","inLanguage":"fr-FR","@id":"https:\/\/lasentinelle.dz\/index.php\/2023\/02\/11\/installation-des-tribunaux-de-commerce-garantir-la-stabilite-et-securite-juridiques\/#primaryimage","url":"https:\/\/lasentinelle.dz\/wp-content\/uploads\/2023\/02\/image_2023-02-11_184744167.png","contentUrl":"https:\/\/lasentinelle.dz\/wp-content\/uploads\/2023\/02\/image_2023-02-11_184744167.png","width":580,"height":350},{"@type":"BreadcrumbList","@id":"https:\/\/lasentinelle.dz\/index.php\/2023\/02\/11\/installation-des-tribunaux-de-commerce-garantir-la-stabilite-et-securite-juridiques\/#breadcrumb","itemListElement":[{"@type":"ListItem","position":1,"name":"Accueil","item":"https:\/\/lasentinelle.dz\/"},{"@type":"ListItem","position":2,"name":"Installation des tribunaux de commerce\u00a0: Garantir la stabilit\u00e9 et s\u00e9curit\u00e9 juridiques"}]},{"@type":"WebSite","@id":"https:\/\/lasentinelle.dz\/#website","url":"https:\/\/lasentinelle.dz\/","name":"La Sentinelle","description":"Quotidien national d&#039;information","publisher":{"@id":"https:\/\/lasentinelle.dz\/#organization"},"potentialAction":[{"@type":"SearchAction","target":{"@type":"EntryPoint","urlTemplate":"https:\/\/lasentinelle.dz\/?s={search_term_string}"},"query-input":{"@type":"PropertyValueSpecification","valueRequired":true,"valueName":"search_term_string"}}],"inLanguage":"fr-FR"},{"@type":"Organization","@id":"https:\/\/lasentinelle.dz\/#organization","name":"Quotidien La Sentinelle","url":"https:\/\/lasentinelle.dz\/","logo":{"@type":"ImageObject","inLanguage":"fr-FR","@id":"https:\/\/lasentinelle.dz\/#\/schema\/logo\/image\/","url":"https:\/\/lasentinelle.dz\/wp-content\/uploads\/2021\/09\/logo-sentinelleSLOGAN-1.png","contentUrl":"https:\/\/lasentinelle.dz\/wp-content\/uploads\/2021\/09\/logo-sentinelleSLOGAN-1.png","width":615,"height":142,"caption":"Quotidien La Sentinelle"},"image":{"@id":"https:\/\/lasentinelle.dz\/#\/schema\/logo\/image\/"},"sameAs":["https:\/\/www.facebook.com\/La-Sentinelle-104059864394773"]},{"@type":"Person","@id":"https:\/\/lasentinelle.dz\/#\/schema\/person\/d865044e22e70a75174ce8bcad3acfb3","name":"La Sentinelle","image":{"@type":"ImageObject","inLanguage":"fr-FR","@id":"https:\/\/secure.gravatar.com\/avatar\/57de8e5d4b15d43fb361a71fbb36338450fe67865b528a43dd10ef7c51a20392?s=96&d=mm&r=g","url":"https:\/\/secure.gravatar.com\/avatar\/57de8e5d4b15d43fb361a71fbb36338450fe67865b528a43dd10ef7c51a20392?s=96&d=mm&r=g","contentUrl":"https:\/\/secure.gravatar.com\/avatar\/57de8e5d4b15d43fb361a71fbb36338450fe67865b528a43dd10ef7c51a20392?s=96&d=mm&r=g","caption":"La Sentinelle"},"sameAs":["http:\/\/www.lasentinelle.dz"],"url":"https:\/\/lasentinelle.dz\/author\/redaction\/"}]}},"_links":{"self":[{"href":"https:\/\/lasentinelle.dz\/index.php\/wp-json\/wp\/v2\/posts\/35921","targetHints":{"allow":["GET"]}}],"collection":[{"href":"https:\/\/lasentinelle.dz\/index.php\/wp-json\/wp\/v2\/posts"}],"about":[{"href":"https:\/\/lasentinelle.dz\/index.php\/wp-json\/wp\/v2\/types\/post"}],"author":[{"embeddable":true,"href":"https:\/\/lasentinelle.dz\/index.php\/wp-json\/wp\/v2\/users\/3"}],"replies":[{"embeddable":true,"href":"https:\/\/lasentinelle.dz\/index.php\/wp-json\/wp\/v2\/comments?post=35921"}],"version-history":[{"count":1,"href":"https:\/\/lasentinelle.dz\/index.php\/wp-json\/wp\/v2\/posts\/35921\/revisions"}],"predecessor-version":[{"id":35930,"href":"https:\/\/lasentinelle.dz\/index.php\/wp-json\/wp\/v2\/posts\/35921\/revisions\/35930"}],"wp:featuredmedia":[{"embeddable":true,"href":"https:\/\/lasentinelle.dz\/index.php\/wp-json\/wp\/v2\/media\/35929"}],"wp:attachment":[{"href":"https:\/\/lasentinelle.dz\/index.php\/wp-json\/wp\/v2\/media?parent=35921"}],"wp:term":[{"taxonomy":"category","embeddable":true,"href":"https:\/\/lasentinelle.dz\/index.php\/wp-json\/wp\/v2\/categories?post=35921"},{"taxonomy":"post_tag","embeddable":true,"href":"https:\/\/lasentinelle.dz\/index.php\/wp-json\/wp\/v2\/tags?post=35921"}],"curies":[{"name":"wp","href":"https:\/\/api.w.org\/{rel}","templated":true}]}}