{"id":35940,"date":"2023-02-11T22:08:00","date_gmt":"2023-02-11T21:08:00","guid":{"rendered":"https:\/\/lasentinelle.dz\/?p=35940"},"modified":"2023-02-11T19:44:08","modified_gmt":"2023-02-11T18:44:08","slug":"seisme-en-turquie-les-depouilles-des-deux-victimes-algeriennes-rapatriees","status":"publish","type":"post","link":"https:\/\/lasentinelle.dz\/index.php\/2023\/02\/11\/seisme-en-turquie-les-depouilles-des-deux-victimes-algeriennes-rapatriees\/","title":{"rendered":"S\u00e9isme en Turquie\u00a0: Les d\u00e9pouilles des deux victimes alg\u00e9riennes rapatri\u00e9es"},"content":{"rendered":"\n<p>Les d\u00e9pouilles des deux ressortissantes alg\u00e9riennes d\u00e9c\u00e9d\u00e9es suite au s\u00e9isme d\u00e9vastateur qui a frapp\u00e9 le sud de la Turquie, sont arriv\u00e9es, hier, \u00e0 l&rsquo;A\u00e9roport international Houari-Boumediene. Rappelons que les deux victimes sont Serairi Samiha (44 ans) et de sa fille Berber Hadil (13 ans) dont les corps sans vie ont \u00e9t\u00e9 retrouv\u00e9s et identifi\u00e9s, jeudi dernier, dans la ville d&rsquo;Iskenderun dans la province de Hatay au sud de la Turquie.<\/p>\n\n\n\n<p>La ministre de la Solidarit\u00e9 nationale, de la Famille et de la Condition de la femme, Kaouter Krikou \u00e9tait pr\u00e9sente \u00e0 l&rsquo;arriv\u00e9e de l&rsquo;avion d&rsquo;Air Alg\u00e9rie transportant les deux d\u00e9pouilles, aux c\u00f4t\u00e9s des repr\u00e9sentants du minist\u00e8re des Affaires \u00e9trang\u00e8res et de la Communaut\u00e9 nationale \u00e0 l&rsquo;\u00e9tranger et de la famille des deux victimes.Dans sa d\u00e9claration, la ministre a pr\u00e9sent\u00e9 ses sinc\u00e8res condol\u00e9ances \u00e0 la famille des deux victimes et \u00e0 toutes les victimes du s\u00e9isme qui a frapp\u00e9 la Turquie et la Syrie. La famille des deux victimes a exprim\u00e9 sa reconnaissance pour les efforts d\u00e9ploy\u00e9s par les autorit\u00e9s alg\u00e9riennes pour faciliter le transport des deux d\u00e9pouilles.<\/p>\n\n\n\n<p>Le minist\u00e8re des Affaires \u00e9trang\u00e8res et de la Communaut\u00e9 nationale \u00e0 l&rsquo;\u00e9tranger avait annonc\u00e9 la mort de deux ressortissantes alg\u00e9riennes suite au s\u00e9isme d\u00e9vastateur qui a frapp\u00e9 lundi dernier le sud de la Turquie et le nord de la Syrie, faisant des milliers de morts et d&rsquo;importants d\u00e9g\u00e2ts mat\u00e9riels.Les services du Consulat g\u00e9n\u00e9ral d&rsquo;Alg\u00e9rie \u00e0 Istanbul en coordination avec les autorit\u00e9s turques, ont entrepris les proc\u00e9dures de transport des d\u00e9pouilles vers la ville d&rsquo;Istanbul pour leur rapatriement en Alg\u00e9rie. Les frais de transport et de rapatriement ont \u00e9t\u00e9 enti\u00e8rement pris en charge par l&rsquo;Etat alg\u00e9rien.<\/p>\n\n\n\n<p><strong>Des aides de 45 millions USD<\/strong><\/p>\n\n\n\n<p>Notons que des \u00e9quipes de la protection civile ont \u00e9t\u00e9 d\u00e9p\u00each\u00e9es sur les lieux en Turquie et en Syrie pour participer aux op\u00e9rations de secours d\u00e8s lundi. Suite \u00e0 la d\u00e9cision du Pr\u00e9sident Tebboune, l&rsquo;Alg\u00e9rie a d\u00e9p\u00each\u00e9 un d\u00e9tachement de 89 agents d&rsquo;intervention et de gestion des risques majeurs, r\u00e9partis en brigades, dont la brigade de recherche et de sauvetage-d\u00e9blaiement, la brigade cynotechnique et une \u00e9quipe m\u00e9dicale sp\u00e9cialis\u00e9e.Un deuxi\u00e8me d\u00e9tachement de 86 \u00e9l\u00e9ments de la Protection civile a \u00e9galement rejoint la Syrie.Ces \u00e9quipes ont secouru 13 personnes vivantes et retir\u00e9 des d\u00e9combres 108 corps, dans le cadre de leur mission de solidarit\u00e9 dans ces deux pays frapp\u00e9s par un violent s\u00e9isme lundi dernier, selon un nouveau bilan \u00e9tabli samedi par la Direction g\u00e9n\u00e9rale de la Protection civile.En Turquie, les interventions des d\u00e9tachements de la Protection civile ont permis de retirer, depuis le 6 f\u00e9vrier, un total de 86 victimes, \u00e0 savoir 12 personnes vivantes et 74 corps des d\u00e9combres, pr\u00e9cise la m\u00eame source, alors qu&rsquo;en Syrie, le bilan de la Protection civile fait \u00e9tat de 35 victimes, dont une personne secourue et 34 corps retir\u00e9s des d\u00e9combres. Par ailleurs, l&rsquo;Alg\u00e9rie a d\u00e9cid\u00e9, sur instruction du pr\u00e9sident de la R\u00e9publique, chef supr\u00eame des Forces arm\u00e9es, ministre de la D\u00e9fense nationale, M. Abdelmadjid Tebboune, de faire don de 30 millions de dollars \u00e0 la R\u00e9publique de Turquie et 15 millions de dollars \u00e0 la R\u00e9publique arabe syrienne.<\/p>\n\n\n\n<p>R.N.<\/p>\n","protected":false},"excerpt":{"rendered":"<p>Les d\u00e9pouilles des deux ressortissantes alg\u00e9riennes d\u00e9c\u00e9d\u00e9es suite au s\u00e9isme d\u00e9vastateur qui a frapp\u00e9 le sud de la Turquie, sont<\/p>\n","protected":false},"author":3,"featured_media":35941,"comment_status":"open","ping_status":"closed","sticky":false,"template":"","format":"standard","meta":{"colormag_page_container_layout":"default_layout","colormag_page_sidebar_layout":"default_layout","om_disable_all_campaigns":false,"_monsterinsights_skip_tracking":false,"_monsterinsights_sitenote_active":false,"_monsterinsights_sitenote_note":"","_monsterinsights_sitenote_category":0,"footnotes":"","_wpscppro_dont_share_socialmedia":false,"_wpscppro_custom_social_share_image":0,"_facebook_share_type":"","_twitter_share_type":"","_linkedin_share_type":"","_pinterest_share_type":"","_linkedin_share_type_page":"","_instagram_share_type":"","_medium_share_type":"","_threads_share_type":"","_google_business_share_type":"","_selected_social_profile":[],"_wpsp_enable_custom_social_template":false,"_wpsp_social_scheduling":{"enabled":false,"datetime":null,"platforms":[],"status":"template_only","dateOption":"today","timeOption":"now","customDays":"","customHours":"","customDate":"","customTime":"","schedulingType":"absolute"},"_wpsp_active_default_template":true},"categories":[52,27],"tags":[],"class_list":["post-35940","post","type-post","status-publish","format-standard","has-post-thumbnail","hentry","category-a-la-une","category-actualite"],"aioseo_notices":[],"yoast_head":"<!-- This site is optimized with the Yoast SEO plugin v27.5 - https:\/\/yoast.com\/product\/yoast-seo-wordpress\/ -->\n<title>S\u00e9isme en Turquie\u00a0: Les d\u00e9pouilles des deux victimes alg\u00e9riennes rapatri\u00e9es - La Sentinelle<\/title>\n<meta name=\"robots\" content=\"index, follow, max-snippet:-1, max-image-preview:large, max-video-preview:-1\" \/>\n<link rel=\"canonical\" href=\"https:\/\/lasentinelle.dz\/index.php\/2023\/02\/11\/seisme-en-turquie-les-depouilles-des-deux-victimes-algeriennes-rapatriees\/\" \/>\n<meta property=\"og:locale\" content=\"fr_FR\" \/>\n<meta property=\"og:type\" content=\"article\" \/>\n<meta property=\"og:title\" content=\"S\u00e9isme en Turquie\u00a0: Les d\u00e9pouilles des deux victimes alg\u00e9riennes rapatri\u00e9es - La Sentinelle\" \/>\n<meta property=\"og:description\" content=\"Les d\u00e9pouilles des deux ressortissantes alg\u00e9riennes d\u00e9c\u00e9d\u00e9es suite au s\u00e9isme d\u00e9vastateur qui a frapp\u00e9 le sud de la Turquie, sont\" \/>\n<meta property=\"og:url\" content=\"https:\/\/lasentinelle.dz\/index.php\/2023\/02\/11\/seisme-en-turquie-les-depouilles-des-deux-victimes-algeriennes-rapatriees\/\" \/>\n<meta property=\"og:site_name\" content=\"La Sentinelle\" \/>\n<meta property=\"article:publisher\" content=\"https:\/\/www.facebook.com\/La-Sentinelle-104059864394773\" \/>\n<meta property=\"article:published_time\" content=\"2023-02-11T21:08:00+00:00\" \/>\n<meta property=\"og:image\" content=\"https:\/\/lasentinelle.dz\/wp-content\/uploads\/2023\/02\/qqqqq.png\" \/>\n\t<meta property=\"og:image:width\" content=\"1099\" \/>\n\t<meta property=\"og:image:height\" content=\"900\" \/>\n\t<meta property=\"og:image:type\" content=\"image\/png\" \/>\n<meta name=\"author\" content=\"La Sentinelle\" \/>\n<meta name=\"twitter:card\" content=\"summary_large_image\" \/>\n<meta name=\"twitter:label1\" content=\"\u00c9crit par\" \/>\n\t<meta name=\"twitter:data1\" content=\"La Sentinelle\" \/>\n\t<meta name=\"twitter:label2\" content=\"Dur\u00e9e de lecture estim\u00e9e\" \/>\n\t<meta name=\"twitter:data2\" content=\"3 minutes\" \/>\n<script type=\"application\/ld+json\" class=\"yoast-schema-graph\">{\"@context\":\"https:\\\/\\\/schema.org\",\"@graph\":[{\"@type\":\"Article\",\"@id\":\"https:\\\/\\\/lasentinelle.dz\\\/index.php\\\/2023\\\/02\\\/11\\\/seisme-en-turquie-les-depouilles-des-deux-victimes-algeriennes-rapatriees\\\/#article\",\"isPartOf\":{\"@id\":\"https:\\\/\\\/lasentinelle.dz\\\/index.php\\\/2023\\\/02\\\/11\\\/seisme-en-turquie-les-depouilles-des-deux-victimes-algeriennes-rapatriees\\\/\"},\"author\":{\"name\":\"La Sentinelle\",\"@id\":\"https:\\\/\\\/lasentinelle.dz\\\/#\\\/schema\\\/person\\\/d865044e22e70a75174ce8bcad3acfb3\"},\"headline\":\"S\u00e9isme en Turquie\u00a0: Les d\u00e9pouilles des deux victimes alg\u00e9riennes rapatri\u00e9es\",\"datePublished\":\"2023-02-11T21:08:00+00:00\",\"mainEntityOfPage\":{\"@id\":\"https:\\\/\\\/lasentinelle.dz\\\/index.php\\\/2023\\\/02\\\/11\\\/seisme-en-turquie-les-depouilles-des-deux-victimes-algeriennes-rapatriees\\\/\"},\"wordCount\":610,\"commentCount\":0,\"publisher\":{\"@id\":\"https:\\\/\\\/lasentinelle.dz\\\/#organization\"},\"image\":{\"@id\":\"https:\\\/\\\/lasentinelle.dz\\\/index.php\\\/2023\\\/02\\\/11\\\/seisme-en-turquie-les-depouilles-des-deux-victimes-algeriennes-rapatriees\\\/#primaryimage\"},\"thumbnailUrl\":\"https:\\\/\\\/lasentinelle.dz\\\/wp-content\\\/uploads\\\/2023\\\/02\\\/qqqqq.png\",\"articleSection\":[\"\u00c0 la Une\",\"Actualit\u00e9\"],\"inLanguage\":\"fr-FR\",\"potentialAction\":[{\"@type\":\"CommentAction\",\"name\":\"Comment\",\"target\":[\"https:\\\/\\\/lasentinelle.dz\\\/index.php\\\/2023\\\/02\\\/11\\\/seisme-en-turquie-les-depouilles-des-deux-victimes-algeriennes-rapatriees\\\/#respond\"]}]},{\"@type\":\"WebPage\",\"@id\":\"https:\\\/\\\/lasentinelle.dz\\\/index.php\\\/2023\\\/02\\\/11\\\/seisme-en-turquie-les-depouilles-des-deux-victimes-algeriennes-rapatriees\\\/\",\"url\":\"https:\\\/\\\/lasentinelle.dz\\\/index.php\\\/2023\\\/02\\\/11\\\/seisme-en-turquie-les-depouilles-des-deux-victimes-algeriennes-rapatriees\\\/\",\"name\":\"S\u00e9isme en Turquie\u00a0: Les d\u00e9pouilles des deux victimes alg\u00e9riennes rapatri\u00e9es - La Sentinelle\",\"isPartOf\":{\"@id\":\"https:\\\/\\\/lasentinelle.dz\\\/#website\"},\"primaryImageOfPage\":{\"@id\":\"https:\\\/\\\/lasentinelle.dz\\\/index.php\\\/2023\\\/02\\\/11\\\/seisme-en-turquie-les-depouilles-des-deux-victimes-algeriennes-rapatriees\\\/#primaryimage\"},\"image\":{\"@id\":\"https:\\\/\\\/lasentinelle.dz\\\/index.php\\\/2023\\\/02\\\/11\\\/seisme-en-turquie-les-depouilles-des-deux-victimes-algeriennes-rapatriees\\\/#primaryimage\"},\"thumbnailUrl\":\"https:\\\/\\\/lasentinelle.dz\\\/wp-content\\\/uploads\\\/2023\\\/02\\\/qqqqq.png\",\"datePublished\":\"2023-02-11T21:08:00+00:00\",\"breadcrumb\":{\"@id\":\"https:\\\/\\\/lasentinelle.dz\\\/index.php\\\/2023\\\/02\\\/11\\\/seisme-en-turquie-les-depouilles-des-deux-victimes-algeriennes-rapatriees\\\/#breadcrumb\"},\"inLanguage\":\"fr-FR\",\"potentialAction\":[{\"@type\":\"ReadAction\",\"target\":[\"https:\\\/\\\/lasentinelle.dz\\\/index.php\\\/2023\\\/02\\\/11\\\/seisme-en-turquie-les-depouilles-des-deux-victimes-algeriennes-rapatriees\\\/\"]}]},{\"@type\":\"ImageObject\",\"inLanguage\":\"fr-FR\",\"@id\":\"https:\\\/\\\/lasentinelle.dz\\\/index.php\\\/2023\\\/02\\\/11\\\/seisme-en-turquie-les-depouilles-des-deux-victimes-algeriennes-rapatriees\\\/#primaryimage\",\"url\":\"https:\\\/\\\/lasentinelle.dz\\\/wp-content\\\/uploads\\\/2023\\\/02\\\/qqqqq.png\",\"contentUrl\":\"https:\\\/\\\/lasentinelle.dz\\\/wp-content\\\/uploads\\\/2023\\\/02\\\/qqqqq.png\",\"width\":1099,\"height\":900},{\"@type\":\"BreadcrumbList\",\"@id\":\"https:\\\/\\\/lasentinelle.dz\\\/index.php\\\/2023\\\/02\\\/11\\\/seisme-en-turquie-les-depouilles-des-deux-victimes-algeriennes-rapatriees\\\/#breadcrumb\",\"itemListElement\":[{\"@type\":\"ListItem\",\"position\":1,\"name\":\"Accueil\",\"item\":\"https:\\\/\\\/lasentinelle.dz\\\/\"},{\"@type\":\"ListItem\",\"position\":2,\"name\":\"S\u00e9isme en Turquie\u00a0: Les d\u00e9pouilles des deux victimes alg\u00e9riennes rapatri\u00e9es\"}]},{\"@type\":\"WebSite\",\"@id\":\"https:\\\/\\\/lasentinelle.dz\\\/#website\",\"url\":\"https:\\\/\\\/lasentinelle.dz\\\/\",\"name\":\"La Sentinelle\",\"description\":\"Quotidien national d&#039;information\",\"publisher\":{\"@id\":\"https:\\\/\\\/lasentinelle.dz\\\/#organization\"},\"potentialAction\":[{\"@type\":\"SearchAction\",\"target\":{\"@type\":\"EntryPoint\",\"urlTemplate\":\"https:\\\/\\\/lasentinelle.dz\\\/?s={search_term_string}\"},\"query-input\":{\"@type\":\"PropertyValueSpecification\",\"valueRequired\":true,\"valueName\":\"search_term_string\"}}],\"inLanguage\":\"fr-FR\"},{\"@type\":\"Organization\",\"@id\":\"https:\\\/\\\/lasentinelle.dz\\\/#organization\",\"name\":\"Quotidien La Sentinelle\",\"url\":\"https:\\\/\\\/lasentinelle.dz\\\/\",\"logo\":{\"@type\":\"ImageObject\",\"inLanguage\":\"fr-FR\",\"@id\":\"https:\\\/\\\/lasentinelle.dz\\\/#\\\/schema\\\/logo\\\/image\\\/\",\"url\":\"https:\\\/\\\/lasentinelle.dz\\\/wp-content\\\/uploads\\\/2021\\\/09\\\/logo-sentinelleSLOGAN-1.png\",\"contentUrl\":\"https:\\\/\\\/lasentinelle.dz\\\/wp-content\\\/uploads\\\/2021\\\/09\\\/logo-sentinelleSLOGAN-1.png\",\"width\":615,\"height\":142,\"caption\":\"Quotidien La Sentinelle\"},\"image\":{\"@id\":\"https:\\\/\\\/lasentinelle.dz\\\/#\\\/schema\\\/logo\\\/image\\\/\"},\"sameAs\":[\"https:\\\/\\\/www.facebook.com\\\/La-Sentinelle-104059864394773\"]},{\"@type\":\"Person\",\"@id\":\"https:\\\/\\\/lasentinelle.dz\\\/#\\\/schema\\\/person\\\/d865044e22e70a75174ce8bcad3acfb3\",\"name\":\"La Sentinelle\",\"image\":{\"@type\":\"ImageObject\",\"inLanguage\":\"fr-FR\",\"@id\":\"https:\\\/\\\/secure.gravatar.com\\\/avatar\\\/57de8e5d4b15d43fb361a71fbb36338450fe67865b528a43dd10ef7c51a20392?s=96&d=mm&r=g\",\"url\":\"https:\\\/\\\/secure.gravatar.com\\\/avatar\\\/57de8e5d4b15d43fb361a71fbb36338450fe67865b528a43dd10ef7c51a20392?s=96&d=mm&r=g\",\"contentUrl\":\"https:\\\/\\\/secure.gravatar.com\\\/avatar\\\/57de8e5d4b15d43fb361a71fbb36338450fe67865b528a43dd10ef7c51a20392?s=96&d=mm&r=g\",\"caption\":\"La Sentinelle\"},\"sameAs\":[\"http:\\\/\\\/www.lasentinelle.dz\"],\"url\":\"https:\\\/\\\/lasentinelle.dz\\\/author\\\/redaction\\\/\"}]}<\/script>\n<!-- \/ Yoast SEO plugin. -->","yoast_head_json":{"title":"S\u00e9isme en Turquie\u00a0: Les d\u00e9pouilles des deux victimes alg\u00e9riennes rapatri\u00e9es - La Sentinelle","robots":{"index":"index","follow":"follow","max-snippet":"max-snippet:-1","max-image-preview":"max-image-preview:large","max-video-preview":"max-video-preview:-1"},"canonical":"https:\/\/lasentinelle.dz\/index.php\/2023\/02\/11\/seisme-en-turquie-les-depouilles-des-deux-victimes-algeriennes-rapatriees\/","og_locale":"fr_FR","og_type":"article","og_title":"S\u00e9isme en Turquie\u00a0: Les d\u00e9pouilles des deux victimes alg\u00e9riennes rapatri\u00e9es - La Sentinelle","og_description":"Les d\u00e9pouilles des deux ressortissantes alg\u00e9riennes d\u00e9c\u00e9d\u00e9es suite au s\u00e9isme d\u00e9vastateur qui a frapp\u00e9 le sud de la Turquie, sont","og_url":"https:\/\/lasentinelle.dz\/index.php\/2023\/02\/11\/seisme-en-turquie-les-depouilles-des-deux-victimes-algeriennes-rapatriees\/","og_site_name":"La Sentinelle","article_publisher":"https:\/\/www.facebook.com\/La-Sentinelle-104059864394773","article_published_time":"2023-02-11T21:08:00+00:00","og_image":[{"width":1099,"height":900,"url":"https:\/\/lasentinelle.dz\/wp-content\/uploads\/2023\/02\/qqqqq.png","type":"image\/png"}],"author":"La Sentinelle","twitter_card":"summary_large_image","twitter_misc":{"\u00c9crit par":"La Sentinelle","Dur\u00e9e de lecture estim\u00e9e":"3 minutes"},"schema":{"@context":"https:\/\/schema.org","@graph":[{"@type":"Article","@id":"https:\/\/lasentinelle.dz\/index.php\/2023\/02\/11\/seisme-en-turquie-les-depouilles-des-deux-victimes-algeriennes-rapatriees\/#article","isPartOf":{"@id":"https:\/\/lasentinelle.dz\/index.php\/2023\/02\/11\/seisme-en-turquie-les-depouilles-des-deux-victimes-algeriennes-rapatriees\/"},"author":{"name":"La Sentinelle","@id":"https:\/\/lasentinelle.dz\/#\/schema\/person\/d865044e22e70a75174ce8bcad3acfb3"},"headline":"S\u00e9isme en Turquie\u00a0: Les d\u00e9pouilles des deux victimes alg\u00e9riennes rapatri\u00e9es","datePublished":"2023-02-11T21:08:00+00:00","mainEntityOfPage":{"@id":"https:\/\/lasentinelle.dz\/index.php\/2023\/02\/11\/seisme-en-turquie-les-depouilles-des-deux-victimes-algeriennes-rapatriees\/"},"wordCount":610,"commentCount":0,"publisher":{"@id":"https:\/\/lasentinelle.dz\/#organization"},"image":{"@id":"https:\/\/lasentinelle.dz\/index.php\/2023\/02\/11\/seisme-en-turquie-les-depouilles-des-deux-victimes-algeriennes-rapatriees\/#primaryimage"},"thumbnailUrl":"https:\/\/lasentinelle.dz\/wp-content\/uploads\/2023\/02\/qqqqq.png","articleSection":["\u00c0 la Une","Actualit\u00e9"],"inLanguage":"fr-FR","potentialAction":[{"@type":"CommentAction","name":"Comment","target":["https:\/\/lasentinelle.dz\/index.php\/2023\/02\/11\/seisme-en-turquie-les-depouilles-des-deux-victimes-algeriennes-rapatriees\/#respond"]}]},{"@type":"WebPage","@id":"https:\/\/lasentinelle.dz\/index.php\/2023\/02\/11\/seisme-en-turquie-les-depouilles-des-deux-victimes-algeriennes-rapatriees\/","url":"https:\/\/lasentinelle.dz\/index.php\/2023\/02\/11\/seisme-en-turquie-les-depouilles-des-deux-victimes-algeriennes-rapatriees\/","name":"S\u00e9isme en Turquie\u00a0: Les d\u00e9pouilles des deux victimes alg\u00e9riennes rapatri\u00e9es - La Sentinelle","isPartOf":{"@id":"https:\/\/lasentinelle.dz\/#website"},"primaryImageOfPage":{"@id":"https:\/\/lasentinelle.dz\/index.php\/2023\/02\/11\/seisme-en-turquie-les-depouilles-des-deux-victimes-algeriennes-rapatriees\/#primaryimage"},"image":{"@id":"https:\/\/lasentinelle.dz\/index.php\/2023\/02\/11\/seisme-en-turquie-les-depouilles-des-deux-victimes-algeriennes-rapatriees\/#primaryimage"},"thumbnailUrl":"https:\/\/lasentinelle.dz\/wp-content\/uploads\/2023\/02\/qqqqq.png","datePublished":"2023-02-11T21:08:00+00:00","breadcrumb":{"@id":"https:\/\/lasentinelle.dz\/index.php\/2023\/02\/11\/seisme-en-turquie-les-depouilles-des-deux-victimes-algeriennes-rapatriees\/#breadcrumb"},"inLanguage":"fr-FR","potentialAction":[{"@type":"ReadAction","target":["https:\/\/lasentinelle.dz\/index.php\/2023\/02\/11\/seisme-en-turquie-les-depouilles-des-deux-victimes-algeriennes-rapatriees\/"]}]},{"@type":"ImageObject","inLanguage":"fr-FR","@id":"https:\/\/lasentinelle.dz\/index.php\/2023\/02\/11\/seisme-en-turquie-les-depouilles-des-deux-victimes-algeriennes-rapatriees\/#primaryimage","url":"https:\/\/lasentinelle.dz\/wp-content\/uploads\/2023\/02\/qqqqq.png","contentUrl":"https:\/\/lasentinelle.dz\/wp-content\/uploads\/2023\/02\/qqqqq.png","width":1099,"height":900},{"@type":"BreadcrumbList","@id":"https:\/\/lasentinelle.dz\/index.php\/2023\/02\/11\/seisme-en-turquie-les-depouilles-des-deux-victimes-algeriennes-rapatriees\/#breadcrumb","itemListElement":[{"@type":"ListItem","position":1,"name":"Accueil","item":"https:\/\/lasentinelle.dz\/"},{"@type":"ListItem","position":2,"name":"S\u00e9isme en Turquie\u00a0: Les d\u00e9pouilles des deux victimes alg\u00e9riennes rapatri\u00e9es"}]},{"@type":"WebSite","@id":"https:\/\/lasentinelle.dz\/#website","url":"https:\/\/lasentinelle.dz\/","name":"La Sentinelle","description":"Quotidien national d&#039;information","publisher":{"@id":"https:\/\/lasentinelle.dz\/#organization"},"potentialAction":[{"@type":"SearchAction","target":{"@type":"EntryPoint","urlTemplate":"https:\/\/lasentinelle.dz\/?s={search_term_string}"},"query-input":{"@type":"PropertyValueSpecification","valueRequired":true,"valueName":"search_term_string"}}],"inLanguage":"fr-FR"},{"@type":"Organization","@id":"https:\/\/lasentinelle.dz\/#organization","name":"Quotidien La Sentinelle","url":"https:\/\/lasentinelle.dz\/","logo":{"@type":"ImageObject","inLanguage":"fr-FR","@id":"https:\/\/lasentinelle.dz\/#\/schema\/logo\/image\/","url":"https:\/\/lasentinelle.dz\/wp-content\/uploads\/2021\/09\/logo-sentinelleSLOGAN-1.png","contentUrl":"https:\/\/lasentinelle.dz\/wp-content\/uploads\/2021\/09\/logo-sentinelleSLOGAN-1.png","width":615,"height":142,"caption":"Quotidien La Sentinelle"},"image":{"@id":"https:\/\/lasentinelle.dz\/#\/schema\/logo\/image\/"},"sameAs":["https:\/\/www.facebook.com\/La-Sentinelle-104059864394773"]},{"@type":"Person","@id":"https:\/\/lasentinelle.dz\/#\/schema\/person\/d865044e22e70a75174ce8bcad3acfb3","name":"La Sentinelle","image":{"@type":"ImageObject","inLanguage":"fr-FR","@id":"https:\/\/secure.gravatar.com\/avatar\/57de8e5d4b15d43fb361a71fbb36338450fe67865b528a43dd10ef7c51a20392?s=96&d=mm&r=g","url":"https:\/\/secure.gravatar.com\/avatar\/57de8e5d4b15d43fb361a71fbb36338450fe67865b528a43dd10ef7c51a20392?s=96&d=mm&r=g","contentUrl":"https:\/\/secure.gravatar.com\/avatar\/57de8e5d4b15d43fb361a71fbb36338450fe67865b528a43dd10ef7c51a20392?s=96&d=mm&r=g","caption":"La Sentinelle"},"sameAs":["http:\/\/www.lasentinelle.dz"],"url":"https:\/\/lasentinelle.dz\/author\/redaction\/"}]}},"_links":{"self":[{"href":"https:\/\/lasentinelle.dz\/index.php\/wp-json\/wp\/v2\/posts\/35940","targetHints":{"allow":["GET"]}}],"collection":[{"href":"https:\/\/lasentinelle.dz\/index.php\/wp-json\/wp\/v2\/posts"}],"about":[{"href":"https:\/\/lasentinelle.dz\/index.php\/wp-json\/wp\/v2\/types\/post"}],"author":[{"embeddable":true,"href":"https:\/\/lasentinelle.dz\/index.php\/wp-json\/wp\/v2\/users\/3"}],"replies":[{"embeddable":true,"href":"https:\/\/lasentinelle.dz\/index.php\/wp-json\/wp\/v2\/comments?post=35940"}],"version-history":[{"count":2,"href":"https:\/\/lasentinelle.dz\/index.php\/wp-json\/wp\/v2\/posts\/35940\/revisions"}],"predecessor-version":[{"id":35948,"href":"https:\/\/lasentinelle.dz\/index.php\/wp-json\/wp\/v2\/posts\/35940\/revisions\/35948"}],"wp:featuredmedia":[{"embeddable":true,"href":"https:\/\/lasentinelle.dz\/index.php\/wp-json\/wp\/v2\/media\/35941"}],"wp:attachment":[{"href":"https:\/\/lasentinelle.dz\/index.php\/wp-json\/wp\/v2\/media?parent=35940"}],"wp:term":[{"taxonomy":"category","embeddable":true,"href":"https:\/\/lasentinelle.dz\/index.php\/wp-json\/wp\/v2\/categories?post=35940"},{"taxonomy":"post_tag","embeddable":true,"href":"https:\/\/lasentinelle.dz\/index.php\/wp-json\/wp\/v2\/tags?post=35940"}],"curies":[{"name":"wp","href":"https:\/\/api.w.org\/{rel}","templated":true}]}}