{"id":35965,"date":"2023-02-12T22:00:00","date_gmt":"2023-02-12T21:00:00","guid":{"rendered":"https:\/\/lasentinelle.dz\/?p=35965"},"modified":"2023-02-12T16:49:56","modified_gmt":"2023-02-12T15:49:56","slug":"annaba-vers-lannulation-de-13-projets-dinvestissement-a-draa-errich","status":"publish","type":"post","link":"https:\/\/lasentinelle.dz\/index.php\/2023\/02\/12\/annaba-vers-lannulation-de-13-projets-dinvestissement-a-draa-errich\/","title":{"rendered":"Annaba\u00a0: Vers l\u2019annulation de 13 projets d\u2019investissement \u00e0 Dra\u00e2 Errich\u00a0!"},"content":{"rendered":"\n<p>Bien que l\u2019investissement connaisse un essor tr\u00e8s appr\u00e9ciable dans la wilaya d\u2019Annaba, il demeure n\u00e9anmoins queplusieurs projets, notamment ceux de la nouvelle-ville de Draa Errich, n\u2019ont m\u00eame pas \u00e9t\u00e9 amorc\u00e9s. C\u2019est ce qui a \u00e9t\u00e9 constat\u00e9lors de la derni\u00e8re visite du wali d\u2019Annaba dans cette circonscription administrative. Suite \u00e0 quoi, une r\u00e9union a \u00e9t\u00e9 organis\u00e9e pour d\u00e9battre de cette situation.Une r\u00e9union qui a permis de pr\u00e9senter le bilan recensement, par les services de la wilaya, de pas moins de 18 projets d\u2019investissement dans la nouvelle ville Dra\u00e2 Errich. Parmi ces projets, on compte 13 investissements qui n\u2019ont toujours pas \u00e9t\u00e9 lanc\u00e9s. Une situation n\u00e9cessitant de d\u00e9battre des raisons, si elles existent, du retard dans le lancement de ces projets, pourtant importants pour cette nouvelle-ville et pour toute la wilaya d\u2019Annaba. \u00c0 l\u2019issue de cette r\u00e9union pr\u00e9sid\u00e9e par le chef de l\u2019ex\u00e9cutif local, en pr\u00e9sence des diff\u00e9rents acteurs concern\u00e9s, et dans le cadre des efforts d\u00e9ploy\u00e9s pour atteindre la relance \u00e9conomique vis\u00e9e par les autorit\u00e9s alg\u00e9riennes, Djamel Eddine Berrimi a \u00e9misle souhait d\u2019annuler totalement lesdits projets en souffrance. \u00c0 cet effet, le premier responsable de la wilaya d\u2019Annaba s\u2019est exprim\u00e9 sur la n\u00e9cessit\u00e9 de \u00ab&nbsp;prendre toutes les mesures l\u00e9gales afin d\u2019annuler les projets qui n\u2019ont pas \u00e9t\u00e9 lanc\u00e9s depuis plusieurs ann\u00e9es&nbsp;\u00bb. Il est important de pr\u00e9ciser qu\u2019un total de 13 investisseurs, dont les projets sont situ\u00e9s \u00e0 Dra\u00e2 Errich ont b\u00e9n\u00e9fici\u00e9 d\u2019un contrat de concession. Or, jusqu\u2019\u00e0 ce jour, les porteurs de ces projets d\u2019investissements n\u2019ont manifest\u00e9 aucune volont\u00e9 de concr\u00e9tiser leurs projets. Et pourtant, la cellule d\u2019\u00e9coute et d\u2019accompagnement, mise en place par le chef de l\u2019ex\u00e9cutif local, \u0153uvre \u00e0 la lev\u00e9e des obstacles techniques et bureaucratiques auxquels sont confront\u00e9s les investisseurs pour la r\u00e9alisation de leurs investissements. Cependant, plusieurs investisseurs ont fait l\u2019objet d\u2019une mise en demeure apr\u00e8s avoir d\u00e9pass\u00e9 les d\u00e9lais de r\u00e9alisation, en d\u00e9pit de toutes les facilitations assur\u00e9es, voire m\u00eame accord\u00e9es par les services de la wilaya. Tel est le cas de trois investissements ayant \u00e9t\u00e9 programm\u00e9s au niveau de la commune de Tr\u00e9at, relevant de la da\u00efra de Berrahal, dont les initiateurs n\u2019ont toujours pas lanc\u00e9 leurs projets. C\u2019est pourquoi, le wali d\u2019Annaba a, lors de cette r\u00e9union insist\u00e9 sur la n\u00e9cessit\u00e9 d\u2019annuler les projets pour lesquels les investisseurs n\u2019ont pas fait preuve d\u2019engagement et de s\u00e9rieux. Par ailleurs, il est \u00e0 rappeler que les efforts de la cellule d\u2019\u00e9coute et d\u2019accompagnement des investisseurs et des op\u00e9rateurs porteurs de projets est parvenue \u00e0 d\u00e9bloquer plusieurs projets en souffrance pour diverses raisons.Au total, 20 projets d&rsquo;investissement sont entr\u00e9s en phase d\u2019exploitation \u00e0 Annaba apr\u00e8s le parach\u00e8vement des proc\u00e9dures visant la lev\u00e9e des entraves. Il s\u2019agit, convient-il de le rappeler, d\u2019investissements en lien avec les secteurs de la production et des services, tels que l&rsquo;industrie et l&rsquo;agriculture, notamment des activit\u00e9s relatives \u00e0 la fabrication du verre, de conduites en acier, de d\u00e9tergents, d&rsquo;appareils \u00e9lectrom\u00e9nagers, d&rsquo;ustensiles de cuisine et de transformation de plastique. Les investissements concernent \u00e9galement des unit\u00e9s de production de viandes blanches et d&rsquo;autres pour le stockage des c\u00e9r\u00e9ales et le conditionnement, rappelle-t-on encore. Soulignons que les obstacles ayant entrav\u00e9 ces projets d\u2019investissement des ann\u00e9es durant ont \u00e9t\u00e9 lev\u00e9s \u00e0 la faveur des activit\u00e9s de la commission d&rsquo;\u00e9coute des investisseurs, pr\u00e9sid\u00e9e par le chef de l\u2019ex\u00e9cutif local, conform\u00e9ment aux mesures prises par les pouvoirs publics visant l\u2019encouragement et l\u2019accompagnement des investisseurs pour leur permettre de valoriser leurs investissements en les mettant en exploitation. Ces investissements vont, dans un premier temps, permettre la cr\u00e9ation d&rsquo;environ 1.000 emplois directs. Ces projets sont r\u00e9partis entre les zones industrielles de Berrahal, Ain El Berda et Laallalig, dans la commune d&rsquo;El Bouni, en plus de la zone d&rsquo;activit\u00e9 de Dra\u00e2 Errich dans la commune d\u2019Oued El Aneb. En outre, les proc\u00e9dures de lev\u00e9e des entraves et d&rsquo;accompagnement des investisseurs ont permis la reprise des travaux de plusieurs investissements qui pi\u00e9tinaient, notamment, une usine de construction de bateaux de p\u00eache et de plaisance dans la zone de Laallalig,(El Bouni), et des projets de cr\u00e9ation de complexes h\u00f4teliers et de services touristiques dans les zones d&rsquo;expansion touristique (ZET) d\u2019Annaba et de S\u00e9raidi.<\/p>\n\n\n\n<p><strong>Sofia Chahine<\/strong><\/p>\n","protected":false},"excerpt":{"rendered":"<p>Bien que l\u2019investissement connaisse un essor tr\u00e8s appr\u00e9ciable dans la wilaya d\u2019Annaba, il demeure n\u00e9anmoins queplusieurs projets, notamment ceux de<\/p>\n","protected":false},"author":3,"featured_media":35985,"comment_status":"open","ping_status":"closed","sticky":false,"template":"","format":"standard","meta":{"colormag_page_container_layout":"default_layout","colormag_page_sidebar_layout":"default_layout","om_disable_all_campaigns":false,"_monsterinsights_skip_tracking":false,"_monsterinsights_sitenote_active":false,"_monsterinsights_sitenote_note":"","_monsterinsights_sitenote_category":0,"footnotes":"","_wpscppro_dont_share_socialmedia":false,"_wpscppro_custom_social_share_image":0,"_facebook_share_type":"","_twitter_share_type":"","_linkedin_share_type":"","_pinterest_share_type":"","_linkedin_share_type_page":"","_instagram_share_type":"","_medium_share_type":"","_threads_share_type":"","_google_business_share_type":"","_selected_social_profile":[],"_wpsp_enable_custom_social_template":false,"_wpsp_social_scheduling":{"enabled":false,"datetime":null,"platforms":[],"status":"template_only","dateOption":"today","timeOption":"now","customDays":"","customHours":"","customDate":"","customTime":"","schedulingType":"absolute"},"_wpsp_active_default_template":true},"categories":[31],"tags":[],"class_list":["post-35965","post","type-post","status-publish","format-standard","has-post-thumbnail","hentry","category-regions"],"aioseo_notices":[],"yoast_head":"<!-- This site is optimized with the Yoast SEO plugin v27.5 - https:\/\/yoast.com\/product\/yoast-seo-wordpress\/ -->\n<title>Annaba\u00a0: Vers l\u2019annulation de 13 projets d\u2019investissement \u00e0 Dra\u00e2 Errich\u00a0! - La Sentinelle<\/title>\n<meta name=\"robots\" content=\"index, follow, max-snippet:-1, max-image-preview:large, max-video-preview:-1\" \/>\n<link rel=\"canonical\" href=\"https:\/\/lasentinelle.dz\/index.php\/2023\/02\/12\/annaba-vers-lannulation-de-13-projets-dinvestissement-a-draa-errich\/\" \/>\n<meta property=\"og:locale\" content=\"fr_FR\" \/>\n<meta property=\"og:type\" content=\"article\" \/>\n<meta property=\"og:title\" content=\"Annaba\u00a0: Vers l\u2019annulation de 13 projets d\u2019investissement \u00e0 Dra\u00e2 Errich\u00a0! - La Sentinelle\" \/>\n<meta property=\"og:description\" content=\"Bien que l\u2019investissement connaisse un essor tr\u00e8s appr\u00e9ciable dans la wilaya d\u2019Annaba, il demeure n\u00e9anmoins queplusieurs projets, notamment ceux de\" \/>\n<meta property=\"og:url\" content=\"https:\/\/lasentinelle.dz\/index.php\/2023\/02\/12\/annaba-vers-lannulation-de-13-projets-dinvestissement-a-draa-errich\/\" \/>\n<meta property=\"og:site_name\" content=\"La Sentinelle\" \/>\n<meta property=\"article:publisher\" content=\"https:\/\/www.facebook.com\/La-Sentinelle-104059864394773\" \/>\n<meta property=\"article:published_time\" content=\"2023-02-12T21:00:00+00:00\" \/>\n<meta property=\"og:image\" content=\"https:\/\/lasentinelle.dz\/wp-content\/uploads\/2023\/02\/image_2023-02-12_164931350.png\" \/>\n\t<meta property=\"og:image:width\" content=\"1351\" \/>\n\t<meta property=\"og:image:height\" content=\"900\" \/>\n\t<meta property=\"og:image:type\" content=\"image\/png\" \/>\n<meta name=\"author\" content=\"La Sentinelle\" \/>\n<meta name=\"twitter:card\" content=\"summary_large_image\" \/>\n<meta name=\"twitter:label1\" content=\"\u00c9crit par\" \/>\n\t<meta name=\"twitter:data1\" content=\"La Sentinelle\" \/>\n\t<meta name=\"twitter:label2\" content=\"Dur\u00e9e de lecture estim\u00e9e\" \/>\n\t<meta name=\"twitter:data2\" content=\"4 minutes\" \/>\n<script type=\"application\/ld+json\" class=\"yoast-schema-graph\">{\"@context\":\"https:\\\/\\\/schema.org\",\"@graph\":[{\"@type\":\"Article\",\"@id\":\"https:\\\/\\\/lasentinelle.dz\\\/index.php\\\/2023\\\/02\\\/12\\\/annaba-vers-lannulation-de-13-projets-dinvestissement-a-draa-errich\\\/#article\",\"isPartOf\":{\"@id\":\"https:\\\/\\\/lasentinelle.dz\\\/index.php\\\/2023\\\/02\\\/12\\\/annaba-vers-lannulation-de-13-projets-dinvestissement-a-draa-errich\\\/\"},\"author\":{\"name\":\"La Sentinelle\",\"@id\":\"https:\\\/\\\/lasentinelle.dz\\\/#\\\/schema\\\/person\\\/d865044e22e70a75174ce8bcad3acfb3\"},\"headline\":\"Annaba\u00a0: Vers l\u2019annulation de 13 projets d\u2019investissement \u00e0 Dra\u00e2 Errich\u00a0!\",\"datePublished\":\"2023-02-12T21:00:00+00:00\",\"mainEntityOfPage\":{\"@id\":\"https:\\\/\\\/lasentinelle.dz\\\/index.php\\\/2023\\\/02\\\/12\\\/annaba-vers-lannulation-de-13-projets-dinvestissement-a-draa-errich\\\/\"},\"wordCount\":817,\"commentCount\":0,\"publisher\":{\"@id\":\"https:\\\/\\\/lasentinelle.dz\\\/#organization\"},\"image\":{\"@id\":\"https:\\\/\\\/lasentinelle.dz\\\/index.php\\\/2023\\\/02\\\/12\\\/annaba-vers-lannulation-de-13-projets-dinvestissement-a-draa-errich\\\/#primaryimage\"},\"thumbnailUrl\":\"https:\\\/\\\/lasentinelle.dz\\\/wp-content\\\/uploads\\\/2023\\\/02\\\/image_2023-02-12_164931350.png\",\"articleSection\":[\"R\u00e9gions\"],\"inLanguage\":\"fr-FR\",\"potentialAction\":[{\"@type\":\"CommentAction\",\"name\":\"Comment\",\"target\":[\"https:\\\/\\\/lasentinelle.dz\\\/index.php\\\/2023\\\/02\\\/12\\\/annaba-vers-lannulation-de-13-projets-dinvestissement-a-draa-errich\\\/#respond\"]}]},{\"@type\":\"WebPage\",\"@id\":\"https:\\\/\\\/lasentinelle.dz\\\/index.php\\\/2023\\\/02\\\/12\\\/annaba-vers-lannulation-de-13-projets-dinvestissement-a-draa-errich\\\/\",\"url\":\"https:\\\/\\\/lasentinelle.dz\\\/index.php\\\/2023\\\/02\\\/12\\\/annaba-vers-lannulation-de-13-projets-dinvestissement-a-draa-errich\\\/\",\"name\":\"Annaba\u00a0: Vers l\u2019annulation de 13 projets d\u2019investissement \u00e0 Dra\u00e2 Errich\u00a0! - La Sentinelle\",\"isPartOf\":{\"@id\":\"https:\\\/\\\/lasentinelle.dz\\\/#website\"},\"primaryImageOfPage\":{\"@id\":\"https:\\\/\\\/lasentinelle.dz\\\/index.php\\\/2023\\\/02\\\/12\\\/annaba-vers-lannulation-de-13-projets-dinvestissement-a-draa-errich\\\/#primaryimage\"},\"image\":{\"@id\":\"https:\\\/\\\/lasentinelle.dz\\\/index.php\\\/2023\\\/02\\\/12\\\/annaba-vers-lannulation-de-13-projets-dinvestissement-a-draa-errich\\\/#primaryimage\"},\"thumbnailUrl\":\"https:\\\/\\\/lasentinelle.dz\\\/wp-content\\\/uploads\\\/2023\\\/02\\\/image_2023-02-12_164931350.png\",\"datePublished\":\"2023-02-12T21:00:00+00:00\",\"breadcrumb\":{\"@id\":\"https:\\\/\\\/lasentinelle.dz\\\/index.php\\\/2023\\\/02\\\/12\\\/annaba-vers-lannulation-de-13-projets-dinvestissement-a-draa-errich\\\/#breadcrumb\"},\"inLanguage\":\"fr-FR\",\"potentialAction\":[{\"@type\":\"ReadAction\",\"target\":[\"https:\\\/\\\/lasentinelle.dz\\\/index.php\\\/2023\\\/02\\\/12\\\/annaba-vers-lannulation-de-13-projets-dinvestissement-a-draa-errich\\\/\"]}]},{\"@type\":\"ImageObject\",\"inLanguage\":\"fr-FR\",\"@id\":\"https:\\\/\\\/lasentinelle.dz\\\/index.php\\\/2023\\\/02\\\/12\\\/annaba-vers-lannulation-de-13-projets-dinvestissement-a-draa-errich\\\/#primaryimage\",\"url\":\"https:\\\/\\\/lasentinelle.dz\\\/wp-content\\\/uploads\\\/2023\\\/02\\\/image_2023-02-12_164931350.png\",\"contentUrl\":\"https:\\\/\\\/lasentinelle.dz\\\/wp-content\\\/uploads\\\/2023\\\/02\\\/image_2023-02-12_164931350.png\",\"width\":1351,\"height\":900},{\"@type\":\"BreadcrumbList\",\"@id\":\"https:\\\/\\\/lasentinelle.dz\\\/index.php\\\/2023\\\/02\\\/12\\\/annaba-vers-lannulation-de-13-projets-dinvestissement-a-draa-errich\\\/#breadcrumb\",\"itemListElement\":[{\"@type\":\"ListItem\",\"position\":1,\"name\":\"Accueil\",\"item\":\"https:\\\/\\\/lasentinelle.dz\\\/\"},{\"@type\":\"ListItem\",\"position\":2,\"name\":\"Annaba\u00a0: Vers l\u2019annulation de 13 projets d\u2019investissement \u00e0 Dra\u00e2 Errich\u00a0!\"}]},{\"@type\":\"WebSite\",\"@id\":\"https:\\\/\\\/lasentinelle.dz\\\/#website\",\"url\":\"https:\\\/\\\/lasentinelle.dz\\\/\",\"name\":\"La Sentinelle\",\"description\":\"Quotidien national d&#039;information\",\"publisher\":{\"@id\":\"https:\\\/\\\/lasentinelle.dz\\\/#organization\"},\"potentialAction\":[{\"@type\":\"SearchAction\",\"target\":{\"@type\":\"EntryPoint\",\"urlTemplate\":\"https:\\\/\\\/lasentinelle.dz\\\/?s={search_term_string}\"},\"query-input\":{\"@type\":\"PropertyValueSpecification\",\"valueRequired\":true,\"valueName\":\"search_term_string\"}}],\"inLanguage\":\"fr-FR\"},{\"@type\":\"Organization\",\"@id\":\"https:\\\/\\\/lasentinelle.dz\\\/#organization\",\"name\":\"Quotidien La Sentinelle\",\"url\":\"https:\\\/\\\/lasentinelle.dz\\\/\",\"logo\":{\"@type\":\"ImageObject\",\"inLanguage\":\"fr-FR\",\"@id\":\"https:\\\/\\\/lasentinelle.dz\\\/#\\\/schema\\\/logo\\\/image\\\/\",\"url\":\"https:\\\/\\\/lasentinelle.dz\\\/wp-content\\\/uploads\\\/2021\\\/09\\\/logo-sentinelleSLOGAN-1.png\",\"contentUrl\":\"https:\\\/\\\/lasentinelle.dz\\\/wp-content\\\/uploads\\\/2021\\\/09\\\/logo-sentinelleSLOGAN-1.png\",\"width\":615,\"height\":142,\"caption\":\"Quotidien La Sentinelle\"},\"image\":{\"@id\":\"https:\\\/\\\/lasentinelle.dz\\\/#\\\/schema\\\/logo\\\/image\\\/\"},\"sameAs\":[\"https:\\\/\\\/www.facebook.com\\\/La-Sentinelle-104059864394773\"]},{\"@type\":\"Person\",\"@id\":\"https:\\\/\\\/lasentinelle.dz\\\/#\\\/schema\\\/person\\\/d865044e22e70a75174ce8bcad3acfb3\",\"name\":\"La Sentinelle\",\"image\":{\"@type\":\"ImageObject\",\"inLanguage\":\"fr-FR\",\"@id\":\"https:\\\/\\\/secure.gravatar.com\\\/avatar\\\/57de8e5d4b15d43fb361a71fbb36338450fe67865b528a43dd10ef7c51a20392?s=96&d=mm&r=g\",\"url\":\"https:\\\/\\\/secure.gravatar.com\\\/avatar\\\/57de8e5d4b15d43fb361a71fbb36338450fe67865b528a43dd10ef7c51a20392?s=96&d=mm&r=g\",\"contentUrl\":\"https:\\\/\\\/secure.gravatar.com\\\/avatar\\\/57de8e5d4b15d43fb361a71fbb36338450fe67865b528a43dd10ef7c51a20392?s=96&d=mm&r=g\",\"caption\":\"La Sentinelle\"},\"sameAs\":[\"http:\\\/\\\/www.lasentinelle.dz\"],\"url\":\"https:\\\/\\\/lasentinelle.dz\\\/author\\\/redaction\\\/\"}]}<\/script>\n<!-- \/ Yoast SEO plugin. -->","yoast_head_json":{"title":"Annaba\u00a0: Vers l\u2019annulation de 13 projets d\u2019investissement \u00e0 Dra\u00e2 Errich\u00a0! - La Sentinelle","robots":{"index":"index","follow":"follow","max-snippet":"max-snippet:-1","max-image-preview":"max-image-preview:large","max-video-preview":"max-video-preview:-1"},"canonical":"https:\/\/lasentinelle.dz\/index.php\/2023\/02\/12\/annaba-vers-lannulation-de-13-projets-dinvestissement-a-draa-errich\/","og_locale":"fr_FR","og_type":"article","og_title":"Annaba\u00a0: Vers l\u2019annulation de 13 projets d\u2019investissement \u00e0 Dra\u00e2 Errich\u00a0! - La Sentinelle","og_description":"Bien que l\u2019investissement connaisse un essor tr\u00e8s appr\u00e9ciable dans la wilaya d\u2019Annaba, il demeure n\u00e9anmoins queplusieurs projets, notamment ceux de","og_url":"https:\/\/lasentinelle.dz\/index.php\/2023\/02\/12\/annaba-vers-lannulation-de-13-projets-dinvestissement-a-draa-errich\/","og_site_name":"La Sentinelle","article_publisher":"https:\/\/www.facebook.com\/La-Sentinelle-104059864394773","article_published_time":"2023-02-12T21:00:00+00:00","og_image":[{"width":1351,"height":900,"url":"https:\/\/lasentinelle.dz\/wp-content\/uploads\/2023\/02\/image_2023-02-12_164931350.png","type":"image\/png"}],"author":"La Sentinelle","twitter_card":"summary_large_image","twitter_misc":{"\u00c9crit par":"La Sentinelle","Dur\u00e9e de lecture estim\u00e9e":"4 minutes"},"schema":{"@context":"https:\/\/schema.org","@graph":[{"@type":"Article","@id":"https:\/\/lasentinelle.dz\/index.php\/2023\/02\/12\/annaba-vers-lannulation-de-13-projets-dinvestissement-a-draa-errich\/#article","isPartOf":{"@id":"https:\/\/lasentinelle.dz\/index.php\/2023\/02\/12\/annaba-vers-lannulation-de-13-projets-dinvestissement-a-draa-errich\/"},"author":{"name":"La Sentinelle","@id":"https:\/\/lasentinelle.dz\/#\/schema\/person\/d865044e22e70a75174ce8bcad3acfb3"},"headline":"Annaba\u00a0: Vers l\u2019annulation de 13 projets d\u2019investissement \u00e0 Dra\u00e2 Errich\u00a0!","datePublished":"2023-02-12T21:00:00+00:00","mainEntityOfPage":{"@id":"https:\/\/lasentinelle.dz\/index.php\/2023\/02\/12\/annaba-vers-lannulation-de-13-projets-dinvestissement-a-draa-errich\/"},"wordCount":817,"commentCount":0,"publisher":{"@id":"https:\/\/lasentinelle.dz\/#organization"},"image":{"@id":"https:\/\/lasentinelle.dz\/index.php\/2023\/02\/12\/annaba-vers-lannulation-de-13-projets-dinvestissement-a-draa-errich\/#primaryimage"},"thumbnailUrl":"https:\/\/lasentinelle.dz\/wp-content\/uploads\/2023\/02\/image_2023-02-12_164931350.png","articleSection":["R\u00e9gions"],"inLanguage":"fr-FR","potentialAction":[{"@type":"CommentAction","name":"Comment","target":["https:\/\/lasentinelle.dz\/index.php\/2023\/02\/12\/annaba-vers-lannulation-de-13-projets-dinvestissement-a-draa-errich\/#respond"]}]},{"@type":"WebPage","@id":"https:\/\/lasentinelle.dz\/index.php\/2023\/02\/12\/annaba-vers-lannulation-de-13-projets-dinvestissement-a-draa-errich\/","url":"https:\/\/lasentinelle.dz\/index.php\/2023\/02\/12\/annaba-vers-lannulation-de-13-projets-dinvestissement-a-draa-errich\/","name":"Annaba\u00a0: Vers l\u2019annulation de 13 projets d\u2019investissement \u00e0 Dra\u00e2 Errich\u00a0! - La Sentinelle","isPartOf":{"@id":"https:\/\/lasentinelle.dz\/#website"},"primaryImageOfPage":{"@id":"https:\/\/lasentinelle.dz\/index.php\/2023\/02\/12\/annaba-vers-lannulation-de-13-projets-dinvestissement-a-draa-errich\/#primaryimage"},"image":{"@id":"https:\/\/lasentinelle.dz\/index.php\/2023\/02\/12\/annaba-vers-lannulation-de-13-projets-dinvestissement-a-draa-errich\/#primaryimage"},"thumbnailUrl":"https:\/\/lasentinelle.dz\/wp-content\/uploads\/2023\/02\/image_2023-02-12_164931350.png","datePublished":"2023-02-12T21:00:00+00:00","breadcrumb":{"@id":"https:\/\/lasentinelle.dz\/index.php\/2023\/02\/12\/annaba-vers-lannulation-de-13-projets-dinvestissement-a-draa-errich\/#breadcrumb"},"inLanguage":"fr-FR","potentialAction":[{"@type":"ReadAction","target":["https:\/\/lasentinelle.dz\/index.php\/2023\/02\/12\/annaba-vers-lannulation-de-13-projets-dinvestissement-a-draa-errich\/"]}]},{"@type":"ImageObject","inLanguage":"fr-FR","@id":"https:\/\/lasentinelle.dz\/index.php\/2023\/02\/12\/annaba-vers-lannulation-de-13-projets-dinvestissement-a-draa-errich\/#primaryimage","url":"https:\/\/lasentinelle.dz\/wp-content\/uploads\/2023\/02\/image_2023-02-12_164931350.png","contentUrl":"https:\/\/lasentinelle.dz\/wp-content\/uploads\/2023\/02\/image_2023-02-12_164931350.png","width":1351,"height":900},{"@type":"BreadcrumbList","@id":"https:\/\/lasentinelle.dz\/index.php\/2023\/02\/12\/annaba-vers-lannulation-de-13-projets-dinvestissement-a-draa-errich\/#breadcrumb","itemListElement":[{"@type":"ListItem","position":1,"name":"Accueil","item":"https:\/\/lasentinelle.dz\/"},{"@type":"ListItem","position":2,"name":"Annaba\u00a0: Vers l\u2019annulation de 13 projets d\u2019investissement \u00e0 Dra\u00e2 Errich\u00a0!"}]},{"@type":"WebSite","@id":"https:\/\/lasentinelle.dz\/#website","url":"https:\/\/lasentinelle.dz\/","name":"La Sentinelle","description":"Quotidien national d&#039;information","publisher":{"@id":"https:\/\/lasentinelle.dz\/#organization"},"potentialAction":[{"@type":"SearchAction","target":{"@type":"EntryPoint","urlTemplate":"https:\/\/lasentinelle.dz\/?s={search_term_string}"},"query-input":{"@type":"PropertyValueSpecification","valueRequired":true,"valueName":"search_term_string"}}],"inLanguage":"fr-FR"},{"@type":"Organization","@id":"https:\/\/lasentinelle.dz\/#organization","name":"Quotidien La Sentinelle","url":"https:\/\/lasentinelle.dz\/","logo":{"@type":"ImageObject","inLanguage":"fr-FR","@id":"https:\/\/lasentinelle.dz\/#\/schema\/logo\/image\/","url":"https:\/\/lasentinelle.dz\/wp-content\/uploads\/2021\/09\/logo-sentinelleSLOGAN-1.png","contentUrl":"https:\/\/lasentinelle.dz\/wp-content\/uploads\/2021\/09\/logo-sentinelleSLOGAN-1.png","width":615,"height":142,"caption":"Quotidien La Sentinelle"},"image":{"@id":"https:\/\/lasentinelle.dz\/#\/schema\/logo\/image\/"},"sameAs":["https:\/\/www.facebook.com\/La-Sentinelle-104059864394773"]},{"@type":"Person","@id":"https:\/\/lasentinelle.dz\/#\/schema\/person\/d865044e22e70a75174ce8bcad3acfb3","name":"La Sentinelle","image":{"@type":"ImageObject","inLanguage":"fr-FR","@id":"https:\/\/secure.gravatar.com\/avatar\/57de8e5d4b15d43fb361a71fbb36338450fe67865b528a43dd10ef7c51a20392?s=96&d=mm&r=g","url":"https:\/\/secure.gravatar.com\/avatar\/57de8e5d4b15d43fb361a71fbb36338450fe67865b528a43dd10ef7c51a20392?s=96&d=mm&r=g","contentUrl":"https:\/\/secure.gravatar.com\/avatar\/57de8e5d4b15d43fb361a71fbb36338450fe67865b528a43dd10ef7c51a20392?s=96&d=mm&r=g","caption":"La Sentinelle"},"sameAs":["http:\/\/www.lasentinelle.dz"],"url":"https:\/\/lasentinelle.dz\/author\/redaction\/"}]}},"_links":{"self":[{"href":"https:\/\/lasentinelle.dz\/index.php\/wp-json\/wp\/v2\/posts\/35965","targetHints":{"allow":["GET"]}}],"collection":[{"href":"https:\/\/lasentinelle.dz\/index.php\/wp-json\/wp\/v2\/posts"}],"about":[{"href":"https:\/\/lasentinelle.dz\/index.php\/wp-json\/wp\/v2\/types\/post"}],"author":[{"embeddable":true,"href":"https:\/\/lasentinelle.dz\/index.php\/wp-json\/wp\/v2\/users\/3"}],"replies":[{"embeddable":true,"href":"https:\/\/lasentinelle.dz\/index.php\/wp-json\/wp\/v2\/comments?post=35965"}],"version-history":[{"count":1,"href":"https:\/\/lasentinelle.dz\/index.php\/wp-json\/wp\/v2\/posts\/35965\/revisions"}],"predecessor-version":[{"id":35986,"href":"https:\/\/lasentinelle.dz\/index.php\/wp-json\/wp\/v2\/posts\/35965\/revisions\/35986"}],"wp:featuredmedia":[{"embeddable":true,"href":"https:\/\/lasentinelle.dz\/index.php\/wp-json\/wp\/v2\/media\/35985"}],"wp:attachment":[{"href":"https:\/\/lasentinelle.dz\/index.php\/wp-json\/wp\/v2\/media?parent=35965"}],"wp:term":[{"taxonomy":"category","embeddable":true,"href":"https:\/\/lasentinelle.dz\/index.php\/wp-json\/wp\/v2\/categories?post=35965"},{"taxonomy":"post_tag","embeddable":true,"href":"https:\/\/lasentinelle.dz\/index.php\/wp-json\/wp\/v2\/tags?post=35965"}],"curies":[{"name":"wp","href":"https:\/\/api.w.org\/{rel}","templated":true}]}}