{"id":35993,"date":"2023-02-12T22:00:00","date_gmt":"2023-02-12T21:00:00","guid":{"rendered":"https:\/\/lasentinelle.dz\/?p=35993"},"modified":"2023-02-12T17:31:46","modified_gmt":"2023-02-12T16:31:46","slug":"grand-prix-cycliste-didouche-mourad-ayoub-ferkous-sadjuge-le-maillot-jaune","status":"publish","type":"post","link":"https:\/\/lasentinelle.dz\/index.php\/2023\/02\/12\/grand-prix-cycliste-didouche-mourad-ayoub-ferkous-sadjuge-le-maillot-jaune\/","title":{"rendered":"Grand prix cycliste Didouche Mourad\u00a0: Ayoub Ferkous s&rsquo;adjuge le maillot jaune"},"content":{"rendered":"\n<p>Le cycliste&nbsp; Ayoub Ferkous du club d&rsquo;El Guerrara (Gharda\u00efa) s\u2019est adjug\u00e9 samedi \u00e0 Constantine le maillot jaune, tandis que es coureurs cyclistes des clubs d&rsquo;El Guerrara (Gharda\u00efa) et d&rsquo;El-Kantara (Biskra) ont remport\u00e9 avec brio la troisi\u00e8me et derni\u00e8re \u00e9tape du Grand Prix (GP) \u00ab\u00a0Didouche Mourad\u00a0\u00bb qui constitue la 2\u00e8me \u00e9tape de la Coupe d\u2019Alg\u00e9rie de cyclisme 2023.<\/p>\n\n\n\n<p>Le cycliste&nbsp; Ayoub Ferkous du club d&rsquo;El Guerrara (Gharda\u00efa) s\u2019est adjug\u00e9 samedi \u00e0 Constantine le maillot jaunedu Grand Prix (GP) \u00ab\u00a0Didouche Mourad\u00a0\u00bb qui constitue la 2\u00e8me \u00e9tape de la Coupe d\u2019Alg\u00e9rie de cyclisme 2023.Chez les S\u00e9niors, le classement g\u00e9n\u00e9ral individuel de la 2e \u00e9tape de la Coupe d&rsquo;Alg\u00e9rie de cyclisme prend en compte les trois \u00e9tapes du GP Didouche Mourad, \u00e0 savoir la course-contre-la-montre (1ere \u00e9tape), d\u00e9roul\u00e9e jeudi dans un circuit ferm\u00e9 et les \u00e9preuves de la course en ligne, Constantine-Skikda (128 km) ainsi que Constantine-Mila (107 km), tenues respectivement vendredi et samedi.Originaire de la wilaya de Constantine, Ayoub Ferkous, l\u2019\u00e9toile montante qui a remport\u00e9 ses premiers troph\u00e9es dans la ville des ponts suspendus, s\u2019est offert samedi&nbsp; dans sa ville natale le maillot jaune de la 2e \u00e9tape de la Coupe d\u2019Alg\u00e9rie avec son nouveau club, d\u2019El Guerrara (Gharda\u00efa), en cumulant un total de 5 h 50 min et 17 sec.Chez les Juniors, le classement prend en compte uniquement les deux premi\u00e8res \u00e9tapes du GP de Constantine, ce qui a permis \u00e0 Mounir Laloui (club El-Kantara-Biskra) de se distinguer, sans surprise, des siens apr\u00e8s avoir remport\u00e9 toutes les \u00e9tapes avec un total de 3 h 35 min et 45 sec.<\/p>\n\n\n\n<p>Notons que les coureurs cyclistes des clubs d&rsquo;El Guerrara (Gharda\u00efa) et d&rsquo;El-Kantara (Biskra) ont remport\u00e9 avec brio la troisi\u00e8me et derni\u00e8re \u00e9tape du Grand Prix (GP) \u00ab\u00a0Didouche Mourad\u00a0\u00bb du cyclisme, qui s&rsquo;est d\u00e9roul\u00e9e samedi entre les wilayas de Constantine et de Mila.L\u2019\u00e9preuve de la \u00ab\u00a0course en ligne\u00a0\u00bb qui s&rsquo;est tenue dans des conditions climatiques propices a permis aux cyclistes des deux \u00e9quipes de s&rsquo;imposer sans difficult\u00e9 sur une distance de 107 km, en partant de la commune de Didouche Mourad, passant par les communes de Hamma Bouziane, Constantine, Ain Smara, jusqu&rsquo;\u00e0 la wilaya de Mila via les Communes d&rsquo;Oued Athmania, Sidi Khalifa, Ain El Tinn, avant de revenir au point de d\u00e9part \u00e0 la commune de Didouche Mourad (Constantine) via les communes de Ben Ziad et Hamma Bouziane.Chez les seniors,&nbsp; Zaki Boudar et son co\u00e9quipiers Ayoub Farkous (Club El Guerrara- Gharda\u00efa) ont d\u00e9croch\u00e9 la premi\u00e8re place en franchissant, en m\u00eame temps, la ligne d&rsquo;arriv\u00e9e en 2h 26m, devant Abderrahmane Kessira (club de l\u2019Acad\u00e9mie de Constantine) avec 30 secondes de retard.Dans la cat\u00e9gorie des juniors, le cycliste Rayan Debbab (club d\u2019El-Kantara &#8211; Biskra) a termin\u00e9 premier en 2h 37m, suivi par Mustapha Harrou du club d\u2019El Biar d\u2019Alger (2h 38m) en deuxi\u00e8me position, tandis que le cycliste Ilyas Ben Touati du club Beni Aziz de S\u00e9tif a pris la troisi\u00e8me place en 2 h 39 min.Selon le pr\u00e9sident de la ligue de cyclisme de Constantine, Yacine Lafalla, la derni\u00e8re \u00e9tape du GP Didouche Mourad de cyclisme a vu la participation de plus de 70 cyclistes.<\/p>\n\n\n\n<p>En plus de son caract\u00e8re touristique qui a permis de sillonner quelques patrimoines de la ville du Vieux Rocher, cette comp\u00e9tition donnera la possibilit\u00e9 de fournir de nouvelles p\u00e9pites \u00e0 l\u2019\u00e9quipe nationale des U23, a indiqu\u00e9 Yacine Lafalla, pr\u00e9sident de la ligue de cyclisme de Constantine, organisatrice de cette 19\u00e8me \u00e9dition du GP Didouche Mourad en coordination avec la f\u00e9d\u00e9ration alg\u00e9rienne de la discipline.<\/p>\n\n\n\n<p>R.S.<\/p>\n","protected":false},"excerpt":{"rendered":"<p>Le cycliste&nbsp; Ayoub Ferkous du club d&rsquo;El Guerrara (Gharda\u00efa) s\u2019est adjug\u00e9 samedi \u00e0 Constantine le maillot jaune, tandis que es<\/p>\n","protected":false},"author":3,"featured_media":35994,"comment_status":"open","ping_status":"closed","sticky":false,"template":"","format":"standard","meta":{"colormag_page_container_layout":"default_layout","colormag_page_sidebar_layout":"default_layout","om_disable_all_campaigns":false,"_monsterinsights_skip_tracking":false,"_monsterinsights_sitenote_active":false,"_monsterinsights_sitenote_note":"","_monsterinsights_sitenote_category":0,"footnotes":"","_wpscppro_dont_share_socialmedia":false,"_wpscppro_custom_social_share_image":0,"_facebook_share_type":"","_twitter_share_type":"","_linkedin_share_type":"","_pinterest_share_type":"","_linkedin_share_type_page":"","_instagram_share_type":"","_medium_share_type":"","_threads_share_type":"","_google_business_share_type":"","_selected_social_profile":[],"_wpsp_enable_custom_social_template":false,"_wpsp_social_scheduling":{"enabled":false,"datetime":null,"platforms":[],"status":"template_only","dateOption":"today","timeOption":"now","customDays":"","customHours":"","customDate":"","customTime":"","schedulingType":"absolute"},"_wpsp_active_default_template":true},"categories":[33],"tags":[],"class_list":["post-35993","post","type-post","status-publish","format-standard","has-post-thumbnail","hentry","category-sports"],"aioseo_notices":[],"yoast_head":"<!-- This site is optimized with the Yoast SEO plugin v27.5 - https:\/\/yoast.com\/product\/yoast-seo-wordpress\/ -->\n<title>Grand prix cycliste Didouche Mourad\u00a0: Ayoub Ferkous s&rsquo;adjuge le maillot jaune - La Sentinelle<\/title>\n<meta name=\"robots\" content=\"index, follow, max-snippet:-1, max-image-preview:large, max-video-preview:-1\" \/>\n<link rel=\"canonical\" href=\"https:\/\/lasentinelle.dz\/index.php\/2023\/02\/12\/grand-prix-cycliste-didouche-mourad-ayoub-ferkous-sadjuge-le-maillot-jaune\/\" \/>\n<meta property=\"og:locale\" content=\"fr_FR\" \/>\n<meta property=\"og:type\" content=\"article\" \/>\n<meta property=\"og:title\" content=\"Grand prix cycliste Didouche Mourad\u00a0: Ayoub Ferkous s&rsquo;adjuge le maillot jaune - La Sentinelle\" \/>\n<meta property=\"og:description\" content=\"Le cycliste&nbsp; Ayoub Ferkous du club d&rsquo;El Guerrara (Gharda\u00efa) s\u2019est adjug\u00e9 samedi \u00e0 Constantine le maillot jaune, tandis que es\" \/>\n<meta property=\"og:url\" content=\"https:\/\/lasentinelle.dz\/index.php\/2023\/02\/12\/grand-prix-cycliste-didouche-mourad-ayoub-ferkous-sadjuge-le-maillot-jaune\/\" \/>\n<meta property=\"og:site_name\" content=\"La Sentinelle\" \/>\n<meta property=\"article:publisher\" content=\"https:\/\/www.facebook.com\/La-Sentinelle-104059864394773\" \/>\n<meta property=\"article:published_time\" content=\"2023-02-12T21:00:00+00:00\" \/>\n<meta property=\"og:image\" content=\"https:\/\/lasentinelle.dz\/wp-content\/uploads\/2023\/02\/cyclisme.jpeg\" \/>\n\t<meta property=\"og:image:width\" content=\"1536\" \/>\n\t<meta property=\"og:image:height\" content=\"2048\" \/>\n\t<meta property=\"og:image:type\" content=\"image\/jpeg\" \/>\n<meta name=\"author\" content=\"La Sentinelle\" \/>\n<meta name=\"twitter:card\" content=\"summary_large_image\" \/>\n<meta name=\"twitter:label1\" content=\"\u00c9crit par\" \/>\n\t<meta name=\"twitter:data1\" content=\"La Sentinelle\" \/>\n\t<meta name=\"twitter:label2\" content=\"Dur\u00e9e de lecture estim\u00e9e\" \/>\n\t<meta name=\"twitter:data2\" content=\"3 minutes\" \/>\n<script type=\"application\/ld+json\" class=\"yoast-schema-graph\">{\"@context\":\"https:\\\/\\\/schema.org\",\"@graph\":[{\"@type\":\"Article\",\"@id\":\"https:\\\/\\\/lasentinelle.dz\\\/index.php\\\/2023\\\/02\\\/12\\\/grand-prix-cycliste-didouche-mourad-ayoub-ferkous-sadjuge-le-maillot-jaune\\\/#article\",\"isPartOf\":{\"@id\":\"https:\\\/\\\/lasentinelle.dz\\\/index.php\\\/2023\\\/02\\\/12\\\/grand-prix-cycliste-didouche-mourad-ayoub-ferkous-sadjuge-le-maillot-jaune\\\/\"},\"author\":{\"name\":\"La Sentinelle\",\"@id\":\"https:\\\/\\\/lasentinelle.dz\\\/#\\\/schema\\\/person\\\/d865044e22e70a75174ce8bcad3acfb3\"},\"headline\":\"Grand prix cycliste Didouche Mourad\u00a0: Ayoub Ferkous s&rsquo;adjuge le maillot jaune\",\"datePublished\":\"2023-02-12T21:00:00+00:00\",\"mainEntityOfPage\":{\"@id\":\"https:\\\/\\\/lasentinelle.dz\\\/index.php\\\/2023\\\/02\\\/12\\\/grand-prix-cycliste-didouche-mourad-ayoub-ferkous-sadjuge-le-maillot-jaune\\\/\"},\"wordCount\":650,\"commentCount\":0,\"publisher\":{\"@id\":\"https:\\\/\\\/lasentinelle.dz\\\/#organization\"},\"image\":{\"@id\":\"https:\\\/\\\/lasentinelle.dz\\\/index.php\\\/2023\\\/02\\\/12\\\/grand-prix-cycliste-didouche-mourad-ayoub-ferkous-sadjuge-le-maillot-jaune\\\/#primaryimage\"},\"thumbnailUrl\":\"https:\\\/\\\/lasentinelle.dz\\\/wp-content\\\/uploads\\\/2023\\\/02\\\/cyclisme.jpeg\",\"articleSection\":[\"Sports\"],\"inLanguage\":\"fr-FR\",\"potentialAction\":[{\"@type\":\"CommentAction\",\"name\":\"Comment\",\"target\":[\"https:\\\/\\\/lasentinelle.dz\\\/index.php\\\/2023\\\/02\\\/12\\\/grand-prix-cycliste-didouche-mourad-ayoub-ferkous-sadjuge-le-maillot-jaune\\\/#respond\"]}]},{\"@type\":\"WebPage\",\"@id\":\"https:\\\/\\\/lasentinelle.dz\\\/index.php\\\/2023\\\/02\\\/12\\\/grand-prix-cycliste-didouche-mourad-ayoub-ferkous-sadjuge-le-maillot-jaune\\\/\",\"url\":\"https:\\\/\\\/lasentinelle.dz\\\/index.php\\\/2023\\\/02\\\/12\\\/grand-prix-cycliste-didouche-mourad-ayoub-ferkous-sadjuge-le-maillot-jaune\\\/\",\"name\":\"Grand prix cycliste Didouche Mourad\u00a0: Ayoub Ferkous s&rsquo;adjuge le maillot jaune - La Sentinelle\",\"isPartOf\":{\"@id\":\"https:\\\/\\\/lasentinelle.dz\\\/#website\"},\"primaryImageOfPage\":{\"@id\":\"https:\\\/\\\/lasentinelle.dz\\\/index.php\\\/2023\\\/02\\\/12\\\/grand-prix-cycliste-didouche-mourad-ayoub-ferkous-sadjuge-le-maillot-jaune\\\/#primaryimage\"},\"image\":{\"@id\":\"https:\\\/\\\/lasentinelle.dz\\\/index.php\\\/2023\\\/02\\\/12\\\/grand-prix-cycliste-didouche-mourad-ayoub-ferkous-sadjuge-le-maillot-jaune\\\/#primaryimage\"},\"thumbnailUrl\":\"https:\\\/\\\/lasentinelle.dz\\\/wp-content\\\/uploads\\\/2023\\\/02\\\/cyclisme.jpeg\",\"datePublished\":\"2023-02-12T21:00:00+00:00\",\"breadcrumb\":{\"@id\":\"https:\\\/\\\/lasentinelle.dz\\\/index.php\\\/2023\\\/02\\\/12\\\/grand-prix-cycliste-didouche-mourad-ayoub-ferkous-sadjuge-le-maillot-jaune\\\/#breadcrumb\"},\"inLanguage\":\"fr-FR\",\"potentialAction\":[{\"@type\":\"ReadAction\",\"target\":[\"https:\\\/\\\/lasentinelle.dz\\\/index.php\\\/2023\\\/02\\\/12\\\/grand-prix-cycliste-didouche-mourad-ayoub-ferkous-sadjuge-le-maillot-jaune\\\/\"]}]},{\"@type\":\"ImageObject\",\"inLanguage\":\"fr-FR\",\"@id\":\"https:\\\/\\\/lasentinelle.dz\\\/index.php\\\/2023\\\/02\\\/12\\\/grand-prix-cycliste-didouche-mourad-ayoub-ferkous-sadjuge-le-maillot-jaune\\\/#primaryimage\",\"url\":\"https:\\\/\\\/lasentinelle.dz\\\/wp-content\\\/uploads\\\/2023\\\/02\\\/cyclisme.jpeg\",\"contentUrl\":\"https:\\\/\\\/lasentinelle.dz\\\/wp-content\\\/uploads\\\/2023\\\/02\\\/cyclisme.jpeg\",\"width\":1536,\"height\":2048},{\"@type\":\"BreadcrumbList\",\"@id\":\"https:\\\/\\\/lasentinelle.dz\\\/index.php\\\/2023\\\/02\\\/12\\\/grand-prix-cycliste-didouche-mourad-ayoub-ferkous-sadjuge-le-maillot-jaune\\\/#breadcrumb\",\"itemListElement\":[{\"@type\":\"ListItem\",\"position\":1,\"name\":\"Accueil\",\"item\":\"https:\\\/\\\/lasentinelle.dz\\\/\"},{\"@type\":\"ListItem\",\"position\":2,\"name\":\"Grand prix cycliste Didouche Mourad\u00a0: Ayoub Ferkous s&rsquo;adjuge le maillot jaune\"}]},{\"@type\":\"WebSite\",\"@id\":\"https:\\\/\\\/lasentinelle.dz\\\/#website\",\"url\":\"https:\\\/\\\/lasentinelle.dz\\\/\",\"name\":\"La Sentinelle\",\"description\":\"Quotidien national d&#039;information\",\"publisher\":{\"@id\":\"https:\\\/\\\/lasentinelle.dz\\\/#organization\"},\"potentialAction\":[{\"@type\":\"SearchAction\",\"target\":{\"@type\":\"EntryPoint\",\"urlTemplate\":\"https:\\\/\\\/lasentinelle.dz\\\/?s={search_term_string}\"},\"query-input\":{\"@type\":\"PropertyValueSpecification\",\"valueRequired\":true,\"valueName\":\"search_term_string\"}}],\"inLanguage\":\"fr-FR\"},{\"@type\":\"Organization\",\"@id\":\"https:\\\/\\\/lasentinelle.dz\\\/#organization\",\"name\":\"Quotidien La Sentinelle\",\"url\":\"https:\\\/\\\/lasentinelle.dz\\\/\",\"logo\":{\"@type\":\"ImageObject\",\"inLanguage\":\"fr-FR\",\"@id\":\"https:\\\/\\\/lasentinelle.dz\\\/#\\\/schema\\\/logo\\\/image\\\/\",\"url\":\"https:\\\/\\\/lasentinelle.dz\\\/wp-content\\\/uploads\\\/2021\\\/09\\\/logo-sentinelleSLOGAN-1.png\",\"contentUrl\":\"https:\\\/\\\/lasentinelle.dz\\\/wp-content\\\/uploads\\\/2021\\\/09\\\/logo-sentinelleSLOGAN-1.png\",\"width\":615,\"height\":142,\"caption\":\"Quotidien La Sentinelle\"},\"image\":{\"@id\":\"https:\\\/\\\/lasentinelle.dz\\\/#\\\/schema\\\/logo\\\/image\\\/\"},\"sameAs\":[\"https:\\\/\\\/www.facebook.com\\\/La-Sentinelle-104059864394773\"]},{\"@type\":\"Person\",\"@id\":\"https:\\\/\\\/lasentinelle.dz\\\/#\\\/schema\\\/person\\\/d865044e22e70a75174ce8bcad3acfb3\",\"name\":\"La Sentinelle\",\"image\":{\"@type\":\"ImageObject\",\"inLanguage\":\"fr-FR\",\"@id\":\"https:\\\/\\\/secure.gravatar.com\\\/avatar\\\/57de8e5d4b15d43fb361a71fbb36338450fe67865b528a43dd10ef7c51a20392?s=96&d=mm&r=g\",\"url\":\"https:\\\/\\\/secure.gravatar.com\\\/avatar\\\/57de8e5d4b15d43fb361a71fbb36338450fe67865b528a43dd10ef7c51a20392?s=96&d=mm&r=g\",\"contentUrl\":\"https:\\\/\\\/secure.gravatar.com\\\/avatar\\\/57de8e5d4b15d43fb361a71fbb36338450fe67865b528a43dd10ef7c51a20392?s=96&d=mm&r=g\",\"caption\":\"La Sentinelle\"},\"sameAs\":[\"http:\\\/\\\/www.lasentinelle.dz\"],\"url\":\"https:\\\/\\\/lasentinelle.dz\\\/author\\\/redaction\\\/\"}]}<\/script>\n<!-- \/ Yoast SEO plugin. -->","yoast_head_json":{"title":"Grand prix cycliste Didouche Mourad\u00a0: Ayoub Ferkous s&rsquo;adjuge le maillot jaune - La Sentinelle","robots":{"index":"index","follow":"follow","max-snippet":"max-snippet:-1","max-image-preview":"max-image-preview:large","max-video-preview":"max-video-preview:-1"},"canonical":"https:\/\/lasentinelle.dz\/index.php\/2023\/02\/12\/grand-prix-cycliste-didouche-mourad-ayoub-ferkous-sadjuge-le-maillot-jaune\/","og_locale":"fr_FR","og_type":"article","og_title":"Grand prix cycliste Didouche Mourad\u00a0: Ayoub Ferkous s&rsquo;adjuge le maillot jaune - La Sentinelle","og_description":"Le cycliste&nbsp; Ayoub Ferkous du club d&rsquo;El Guerrara (Gharda\u00efa) s\u2019est adjug\u00e9 samedi \u00e0 Constantine le maillot jaune, tandis que es","og_url":"https:\/\/lasentinelle.dz\/index.php\/2023\/02\/12\/grand-prix-cycliste-didouche-mourad-ayoub-ferkous-sadjuge-le-maillot-jaune\/","og_site_name":"La Sentinelle","article_publisher":"https:\/\/www.facebook.com\/La-Sentinelle-104059864394773","article_published_time":"2023-02-12T21:00:00+00:00","og_image":[{"width":1536,"height":2048,"url":"https:\/\/lasentinelle.dz\/wp-content\/uploads\/2023\/02\/cyclisme.jpeg","type":"image\/jpeg"}],"author":"La Sentinelle","twitter_card":"summary_large_image","twitter_misc":{"\u00c9crit par":"La Sentinelle","Dur\u00e9e de lecture estim\u00e9e":"3 minutes"},"schema":{"@context":"https:\/\/schema.org","@graph":[{"@type":"Article","@id":"https:\/\/lasentinelle.dz\/index.php\/2023\/02\/12\/grand-prix-cycliste-didouche-mourad-ayoub-ferkous-sadjuge-le-maillot-jaune\/#article","isPartOf":{"@id":"https:\/\/lasentinelle.dz\/index.php\/2023\/02\/12\/grand-prix-cycliste-didouche-mourad-ayoub-ferkous-sadjuge-le-maillot-jaune\/"},"author":{"name":"La Sentinelle","@id":"https:\/\/lasentinelle.dz\/#\/schema\/person\/d865044e22e70a75174ce8bcad3acfb3"},"headline":"Grand prix cycliste Didouche Mourad\u00a0: Ayoub Ferkous s&rsquo;adjuge le maillot jaune","datePublished":"2023-02-12T21:00:00+00:00","mainEntityOfPage":{"@id":"https:\/\/lasentinelle.dz\/index.php\/2023\/02\/12\/grand-prix-cycliste-didouche-mourad-ayoub-ferkous-sadjuge-le-maillot-jaune\/"},"wordCount":650,"commentCount":0,"publisher":{"@id":"https:\/\/lasentinelle.dz\/#organization"},"image":{"@id":"https:\/\/lasentinelle.dz\/index.php\/2023\/02\/12\/grand-prix-cycliste-didouche-mourad-ayoub-ferkous-sadjuge-le-maillot-jaune\/#primaryimage"},"thumbnailUrl":"https:\/\/lasentinelle.dz\/wp-content\/uploads\/2023\/02\/cyclisme.jpeg","articleSection":["Sports"],"inLanguage":"fr-FR","potentialAction":[{"@type":"CommentAction","name":"Comment","target":["https:\/\/lasentinelle.dz\/index.php\/2023\/02\/12\/grand-prix-cycliste-didouche-mourad-ayoub-ferkous-sadjuge-le-maillot-jaune\/#respond"]}]},{"@type":"WebPage","@id":"https:\/\/lasentinelle.dz\/index.php\/2023\/02\/12\/grand-prix-cycliste-didouche-mourad-ayoub-ferkous-sadjuge-le-maillot-jaune\/","url":"https:\/\/lasentinelle.dz\/index.php\/2023\/02\/12\/grand-prix-cycliste-didouche-mourad-ayoub-ferkous-sadjuge-le-maillot-jaune\/","name":"Grand prix cycliste Didouche Mourad\u00a0: Ayoub Ferkous s&rsquo;adjuge le maillot jaune - La Sentinelle","isPartOf":{"@id":"https:\/\/lasentinelle.dz\/#website"},"primaryImageOfPage":{"@id":"https:\/\/lasentinelle.dz\/index.php\/2023\/02\/12\/grand-prix-cycliste-didouche-mourad-ayoub-ferkous-sadjuge-le-maillot-jaune\/#primaryimage"},"image":{"@id":"https:\/\/lasentinelle.dz\/index.php\/2023\/02\/12\/grand-prix-cycliste-didouche-mourad-ayoub-ferkous-sadjuge-le-maillot-jaune\/#primaryimage"},"thumbnailUrl":"https:\/\/lasentinelle.dz\/wp-content\/uploads\/2023\/02\/cyclisme.jpeg","datePublished":"2023-02-12T21:00:00+00:00","breadcrumb":{"@id":"https:\/\/lasentinelle.dz\/index.php\/2023\/02\/12\/grand-prix-cycliste-didouche-mourad-ayoub-ferkous-sadjuge-le-maillot-jaune\/#breadcrumb"},"inLanguage":"fr-FR","potentialAction":[{"@type":"ReadAction","target":["https:\/\/lasentinelle.dz\/index.php\/2023\/02\/12\/grand-prix-cycliste-didouche-mourad-ayoub-ferkous-sadjuge-le-maillot-jaune\/"]}]},{"@type":"ImageObject","inLanguage":"fr-FR","@id":"https:\/\/lasentinelle.dz\/index.php\/2023\/02\/12\/grand-prix-cycliste-didouche-mourad-ayoub-ferkous-sadjuge-le-maillot-jaune\/#primaryimage","url":"https:\/\/lasentinelle.dz\/wp-content\/uploads\/2023\/02\/cyclisme.jpeg","contentUrl":"https:\/\/lasentinelle.dz\/wp-content\/uploads\/2023\/02\/cyclisme.jpeg","width":1536,"height":2048},{"@type":"BreadcrumbList","@id":"https:\/\/lasentinelle.dz\/index.php\/2023\/02\/12\/grand-prix-cycliste-didouche-mourad-ayoub-ferkous-sadjuge-le-maillot-jaune\/#breadcrumb","itemListElement":[{"@type":"ListItem","position":1,"name":"Accueil","item":"https:\/\/lasentinelle.dz\/"},{"@type":"ListItem","position":2,"name":"Grand prix cycliste Didouche Mourad\u00a0: Ayoub Ferkous s&rsquo;adjuge le maillot jaune"}]},{"@type":"WebSite","@id":"https:\/\/lasentinelle.dz\/#website","url":"https:\/\/lasentinelle.dz\/","name":"La Sentinelle","description":"Quotidien national d&#039;information","publisher":{"@id":"https:\/\/lasentinelle.dz\/#organization"},"potentialAction":[{"@type":"SearchAction","target":{"@type":"EntryPoint","urlTemplate":"https:\/\/lasentinelle.dz\/?s={search_term_string}"},"query-input":{"@type":"PropertyValueSpecification","valueRequired":true,"valueName":"search_term_string"}}],"inLanguage":"fr-FR"},{"@type":"Organization","@id":"https:\/\/lasentinelle.dz\/#organization","name":"Quotidien La Sentinelle","url":"https:\/\/lasentinelle.dz\/","logo":{"@type":"ImageObject","inLanguage":"fr-FR","@id":"https:\/\/lasentinelle.dz\/#\/schema\/logo\/image\/","url":"https:\/\/lasentinelle.dz\/wp-content\/uploads\/2021\/09\/logo-sentinelleSLOGAN-1.png","contentUrl":"https:\/\/lasentinelle.dz\/wp-content\/uploads\/2021\/09\/logo-sentinelleSLOGAN-1.png","width":615,"height":142,"caption":"Quotidien La Sentinelle"},"image":{"@id":"https:\/\/lasentinelle.dz\/#\/schema\/logo\/image\/"},"sameAs":["https:\/\/www.facebook.com\/La-Sentinelle-104059864394773"]},{"@type":"Person","@id":"https:\/\/lasentinelle.dz\/#\/schema\/person\/d865044e22e70a75174ce8bcad3acfb3","name":"La Sentinelle","image":{"@type":"ImageObject","inLanguage":"fr-FR","@id":"https:\/\/secure.gravatar.com\/avatar\/57de8e5d4b15d43fb361a71fbb36338450fe67865b528a43dd10ef7c51a20392?s=96&d=mm&r=g","url":"https:\/\/secure.gravatar.com\/avatar\/57de8e5d4b15d43fb361a71fbb36338450fe67865b528a43dd10ef7c51a20392?s=96&d=mm&r=g","contentUrl":"https:\/\/secure.gravatar.com\/avatar\/57de8e5d4b15d43fb361a71fbb36338450fe67865b528a43dd10ef7c51a20392?s=96&d=mm&r=g","caption":"La Sentinelle"},"sameAs":["http:\/\/www.lasentinelle.dz"],"url":"https:\/\/lasentinelle.dz\/author\/redaction\/"}]}},"_links":{"self":[{"href":"https:\/\/lasentinelle.dz\/index.php\/wp-json\/wp\/v2\/posts\/35993","targetHints":{"allow":["GET"]}}],"collection":[{"href":"https:\/\/lasentinelle.dz\/index.php\/wp-json\/wp\/v2\/posts"}],"about":[{"href":"https:\/\/lasentinelle.dz\/index.php\/wp-json\/wp\/v2\/types\/post"}],"author":[{"embeddable":true,"href":"https:\/\/lasentinelle.dz\/index.php\/wp-json\/wp\/v2\/users\/3"}],"replies":[{"embeddable":true,"href":"https:\/\/lasentinelle.dz\/index.php\/wp-json\/wp\/v2\/comments?post=35993"}],"version-history":[{"count":1,"href":"https:\/\/lasentinelle.dz\/index.php\/wp-json\/wp\/v2\/posts\/35993\/revisions"}],"predecessor-version":[{"id":35995,"href":"https:\/\/lasentinelle.dz\/index.php\/wp-json\/wp\/v2\/posts\/35993\/revisions\/35995"}],"wp:featuredmedia":[{"embeddable":true,"href":"https:\/\/lasentinelle.dz\/index.php\/wp-json\/wp\/v2\/media\/35994"}],"wp:attachment":[{"href":"https:\/\/lasentinelle.dz\/index.php\/wp-json\/wp\/v2\/media?parent=35993"}],"wp:term":[{"taxonomy":"category","embeddable":true,"href":"https:\/\/lasentinelle.dz\/index.php\/wp-json\/wp\/v2\/categories?post=35993"},{"taxonomy":"post_tag","embeddable":true,"href":"https:\/\/lasentinelle.dz\/index.php\/wp-json\/wp\/v2\/tags?post=35993"}],"curies":[{"name":"wp","href":"https:\/\/api.w.org\/{rel}","templated":true}]}}