{"id":36030,"date":"2023-02-12T22:05:00","date_gmt":"2023-02-12T21:05:00","guid":{"rendered":"https:\/\/lasentinelle.dz\/?p=36030"},"modified":"2023-02-12T20:54:42","modified_gmt":"2023-02-12T19:54:42","slug":"disponibilite-des-medicaments-les-assurances-du-ministere-de-la-sante","status":"publish","type":"post","link":"https:\/\/lasentinelle.dz\/index.php\/2023\/02\/12\/disponibilite-des-medicaments-les-assurances-du-ministere-de-la-sante\/","title":{"rendered":"Disponibilit\u00e9 des m\u00e9dicaments\u00a0: Les assurances du minist\u00e8re de la Sant\u00e9"},"content":{"rendered":"\n<p>Le minist\u00e8re de la Sant\u00e9 a saisi plusieurs occasions pour donner des assurances quant \u00e0 la disponibilit\u00e9 des m\u00e9dicaments, notamment ceux li\u00e9s au traitement du cancer. Hier c\u2019\u00e9tait la directrice-adjointe\u00e0 la Direction g\u00e9n\u00e9rale de la pharmacie et des \u00e9quipements sanitaires au minist\u00e8re de la Sant\u00e9, Pr Hadia Mansouri d\u2019abonder dans le m\u00eame sens. Invit\u00e9e \u00e0 intervenir lors de la matinale de la premi\u00e8re chaine de la Radio alg\u00e9rienne, Mme Mansouri a rassur\u00e9 quant \u00e0 la disponibilit\u00e9 des m\u00e9dicaments, y compris ceux entrant dans la chimioth\u00e9rapie pour le traitement du cancer. Elle a \u00e9galement \u00e9voqu\u00e9 les m\u00e9dicaments innovants, qui rel\u00e8vent de la \u00ab m\u00e9decine de pr\u00e9cision \u00bb, et qui disponibles dans les semaines \u00e0 venir.<\/p>\n\n\n\n<p>La responsable du minist\u00e8re de la Sant\u00e9 a \u00e9galement mis en avant l\u2019\u00e9volution continue du taux de couverture des besoins du march\u00e9 par la production estimant que celui-ci est pass\u00e9 de 60% \u00e0 85%.<\/p>\n\n\n\n<p>Elle a \u00e9galement not\u00e9 l&rsquo;adoption par le minist\u00e8re de la Sant\u00e9 d&rsquo;une feuille de route en sept volets pour l\u2019am\u00e9lioration des prestations de soins au niveau des \u00e9tablissements de sant\u00e9, bas\u00e9e sur l\u2019approvisionnement en m\u00e9dicaments, les ressources humaines et mat\u00e9rielles, les structures, l&rsquo;organisation de l&rsquo;information, en plus del\u2019acc\u00e9l\u00e9ration de la num\u00e9risation du secteur et de la refonte des textes r\u00e9glementaires r\u00e9gissant la sant\u00e9.<\/p>\n\n\n\n<p><strong>M\u00e9dicaments contrefaits et r\u00e9seaux sociaux<\/strong><\/p>\n\n\n\n<p>Abordant, le volet li\u00e9 \u00e0 la pr\u00e9servation de la sant\u00e9 publique et le rapport qu\u2019ont les Alg\u00e9riens avec les m\u00e9dicaments, Mme Mansouri a tenu \u00e0 avertir contre certains ph\u00e9nom\u00e8nes qui peuvent repr\u00e9senter une menace pour la sant\u00e9 publique. Elle \u00e9voque ainsi les ph\u00e9nom\u00e8nes d\u2019autom\u00e9dication et de surconsommation d\u2019antibiotiques, m\u00eame si elle d\u00e9ment l\u2019existence d\u2019\u00e9tudes pr\u00e9cises sur ces ph\u00e9nom\u00e8nes. Si elle consid\u00e8re que l\u2019Alg\u00e9rie n\u2019est pas le seul pays \u00e0 \u00eatre touch\u00e9, elle indique que le minist\u00e8re de la Sant\u00e9 a pr\u00e9vu des mesures et des programmes pour r\u00e9duire le ph\u00e9nom\u00e8ne, dans le cadre de la sensibilisation \u00e0 la sant\u00e9.<\/p>\n\n\n\n<p>Mme Mansouri avertit surtout contre la commercialisation de m\u00e9dicaments sur les r\u00e9seaux sociaux. Des m\u00e9dicaments et \u00e9quipements pharmaceutiques contrefaits et qui repr\u00e9sentent une menace avertit-elle.<\/p>\n\n\n\n<p>L\u2019intervenante a \u00e9galementindiqu\u00e9 que 2023 sera l&rsquo;ann\u00e9e de la num\u00e9risation du secteur de la sant\u00e9, notant que le projet a d\u00e9marr\u00e9 au dernier semestre 2022 et conna\u00eet une avanc\u00e9e remarquable. Elle a indiqu\u00e9 que la Direction g\u00e9n\u00e9rale de la pharmacie et des fournitures sanitaires est soucieuse d&rsquo;am\u00e9liorer la maintenance pr\u00e9ventive des \u00e9quipements, en compl\u00e9ment de la mobilisation de ressources financi\u00e8res pour l&rsquo;acquisition d&rsquo;appareils de diagnostic et d&rsquo;\u00e9quipements de laboratoire. \u00ab&nbsp;Nous misons sur l&rsquo;usage rationnel et efficace des m\u00e9dicaments, nous continuons donc \u00e0 former et qualifier les pharmaciens hospitaliers et les pharmaciens priv\u00e9s \u00bb, a-t-elle.<\/p>\n\n\n\n<p><strong>Hocine Fadheli<\/strong><\/p>\n","protected":false},"excerpt":{"rendered":"<p>Le minist\u00e8re de la Sant\u00e9 a saisi plusieurs occasions pour donner des assurances quant \u00e0 la disponibilit\u00e9 des m\u00e9dicaments, notamment<\/p>\n","protected":false},"author":3,"featured_media":36040,"comment_status":"open","ping_status":"closed","sticky":false,"template":"","format":"standard","meta":{"colormag_page_container_layout":"default_layout","colormag_page_sidebar_layout":"default_layout","om_disable_all_campaigns":false,"_monsterinsights_skip_tracking":false,"_monsterinsights_sitenote_active":false,"_monsterinsights_sitenote_note":"","_monsterinsights_sitenote_category":0,"footnotes":"","_wpscppro_dont_share_socialmedia":false,"_wpscppro_custom_social_share_image":0,"_facebook_share_type":"","_twitter_share_type":"","_linkedin_share_type":"","_pinterest_share_type":"","_linkedin_share_type_page":"","_instagram_share_type":"","_medium_share_type":"","_threads_share_type":"","_google_business_share_type":"","_selected_social_profile":[],"_wpsp_enable_custom_social_template":false,"_wpsp_social_scheduling":{"enabled":false,"datetime":null,"platforms":[],"status":"template_only","dateOption":"today","timeOption":"now","customDays":"","customHours":"","customDate":"","customTime":"","schedulingType":"absolute"},"_wpsp_active_default_template":true},"categories":[27],"tags":[],"class_list":["post-36030","post","type-post","status-publish","format-standard","has-post-thumbnail","hentry","category-actualite"],"aioseo_notices":[],"yoast_head":"<!-- This site is optimized with the Yoast SEO plugin v27.5 - https:\/\/yoast.com\/product\/yoast-seo-wordpress\/ -->\n<title>Disponibilit\u00e9 des m\u00e9dicaments\u00a0: Les assurances du minist\u00e8re de la Sant\u00e9 - La Sentinelle<\/title>\n<meta name=\"robots\" content=\"index, follow, max-snippet:-1, max-image-preview:large, max-video-preview:-1\" \/>\n<link rel=\"canonical\" href=\"https:\/\/lasentinelle.dz\/index.php\/2023\/02\/12\/disponibilite-des-medicaments-les-assurances-du-ministere-de-la-sante\/\" \/>\n<meta property=\"og:locale\" content=\"fr_FR\" \/>\n<meta property=\"og:type\" content=\"article\" \/>\n<meta property=\"og:title\" content=\"Disponibilit\u00e9 des m\u00e9dicaments\u00a0: Les assurances du minist\u00e8re de la Sant\u00e9 - La Sentinelle\" \/>\n<meta property=\"og:description\" content=\"Le minist\u00e8re de la Sant\u00e9 a saisi plusieurs occasions pour donner des assurances quant \u00e0 la disponibilit\u00e9 des m\u00e9dicaments, notamment\" \/>\n<meta property=\"og:url\" content=\"https:\/\/lasentinelle.dz\/index.php\/2023\/02\/12\/disponibilite-des-medicaments-les-assurances-du-ministere-de-la-sante\/\" \/>\n<meta property=\"og:site_name\" content=\"La Sentinelle\" \/>\n<meta property=\"article:publisher\" content=\"https:\/\/www.facebook.com\/La-Sentinelle-104059864394773\" \/>\n<meta property=\"article:published_time\" content=\"2023-02-12T21:05:00+00:00\" \/>\n<meta property=\"og:image\" content=\"https:\/\/lasentinelle.dz\/wp-content\/uploads\/2023\/02\/image_2023-02-12_205322758.png\" \/>\n\t<meta property=\"og:image:width\" content=\"580\" \/>\n\t<meta property=\"og:image:height\" content=\"350\" \/>\n\t<meta property=\"og:image:type\" content=\"image\/png\" \/>\n<meta name=\"author\" content=\"La Sentinelle\" \/>\n<meta name=\"twitter:card\" content=\"summary_large_image\" \/>\n<meta name=\"twitter:label1\" content=\"\u00c9crit par\" \/>\n\t<meta name=\"twitter:data1\" content=\"La Sentinelle\" \/>\n\t<meta name=\"twitter:label2\" content=\"Dur\u00e9e de lecture estim\u00e9e\" \/>\n\t<meta name=\"twitter:data2\" content=\"3 minutes\" \/>\n<script type=\"application\/ld+json\" class=\"yoast-schema-graph\">{\"@context\":\"https:\\\/\\\/schema.org\",\"@graph\":[{\"@type\":\"Article\",\"@id\":\"https:\\\/\\\/lasentinelle.dz\\\/index.php\\\/2023\\\/02\\\/12\\\/disponibilite-des-medicaments-les-assurances-du-ministere-de-la-sante\\\/#article\",\"isPartOf\":{\"@id\":\"https:\\\/\\\/lasentinelle.dz\\\/index.php\\\/2023\\\/02\\\/12\\\/disponibilite-des-medicaments-les-assurances-du-ministere-de-la-sante\\\/\"},\"author\":{\"name\":\"La Sentinelle\",\"@id\":\"https:\\\/\\\/lasentinelle.dz\\\/#\\\/schema\\\/person\\\/d865044e22e70a75174ce8bcad3acfb3\"},\"headline\":\"Disponibilit\u00e9 des m\u00e9dicaments\u00a0: Les assurances du minist\u00e8re de la Sant\u00e9\",\"datePublished\":\"2023-02-12T21:05:00+00:00\",\"mainEntityOfPage\":{\"@id\":\"https:\\\/\\\/lasentinelle.dz\\\/index.php\\\/2023\\\/02\\\/12\\\/disponibilite-des-medicaments-les-assurances-du-ministere-de-la-sante\\\/\"},\"wordCount\":523,\"commentCount\":0,\"publisher\":{\"@id\":\"https:\\\/\\\/lasentinelle.dz\\\/#organization\"},\"image\":{\"@id\":\"https:\\\/\\\/lasentinelle.dz\\\/index.php\\\/2023\\\/02\\\/12\\\/disponibilite-des-medicaments-les-assurances-du-ministere-de-la-sante\\\/#primaryimage\"},\"thumbnailUrl\":\"https:\\\/\\\/lasentinelle.dz\\\/wp-content\\\/uploads\\\/2023\\\/02\\\/image_2023-02-12_205322758.png\",\"articleSection\":[\"Actualit\u00e9\"],\"inLanguage\":\"fr-FR\",\"potentialAction\":[{\"@type\":\"CommentAction\",\"name\":\"Comment\",\"target\":[\"https:\\\/\\\/lasentinelle.dz\\\/index.php\\\/2023\\\/02\\\/12\\\/disponibilite-des-medicaments-les-assurances-du-ministere-de-la-sante\\\/#respond\"]}]},{\"@type\":\"WebPage\",\"@id\":\"https:\\\/\\\/lasentinelle.dz\\\/index.php\\\/2023\\\/02\\\/12\\\/disponibilite-des-medicaments-les-assurances-du-ministere-de-la-sante\\\/\",\"url\":\"https:\\\/\\\/lasentinelle.dz\\\/index.php\\\/2023\\\/02\\\/12\\\/disponibilite-des-medicaments-les-assurances-du-ministere-de-la-sante\\\/\",\"name\":\"Disponibilit\u00e9 des m\u00e9dicaments\u00a0: Les assurances du minist\u00e8re de la Sant\u00e9 - La Sentinelle\",\"isPartOf\":{\"@id\":\"https:\\\/\\\/lasentinelle.dz\\\/#website\"},\"primaryImageOfPage\":{\"@id\":\"https:\\\/\\\/lasentinelle.dz\\\/index.php\\\/2023\\\/02\\\/12\\\/disponibilite-des-medicaments-les-assurances-du-ministere-de-la-sante\\\/#primaryimage\"},\"image\":{\"@id\":\"https:\\\/\\\/lasentinelle.dz\\\/index.php\\\/2023\\\/02\\\/12\\\/disponibilite-des-medicaments-les-assurances-du-ministere-de-la-sante\\\/#primaryimage\"},\"thumbnailUrl\":\"https:\\\/\\\/lasentinelle.dz\\\/wp-content\\\/uploads\\\/2023\\\/02\\\/image_2023-02-12_205322758.png\",\"datePublished\":\"2023-02-12T21:05:00+00:00\",\"breadcrumb\":{\"@id\":\"https:\\\/\\\/lasentinelle.dz\\\/index.php\\\/2023\\\/02\\\/12\\\/disponibilite-des-medicaments-les-assurances-du-ministere-de-la-sante\\\/#breadcrumb\"},\"inLanguage\":\"fr-FR\",\"potentialAction\":[{\"@type\":\"ReadAction\",\"target\":[\"https:\\\/\\\/lasentinelle.dz\\\/index.php\\\/2023\\\/02\\\/12\\\/disponibilite-des-medicaments-les-assurances-du-ministere-de-la-sante\\\/\"]}]},{\"@type\":\"ImageObject\",\"inLanguage\":\"fr-FR\",\"@id\":\"https:\\\/\\\/lasentinelle.dz\\\/index.php\\\/2023\\\/02\\\/12\\\/disponibilite-des-medicaments-les-assurances-du-ministere-de-la-sante\\\/#primaryimage\",\"url\":\"https:\\\/\\\/lasentinelle.dz\\\/wp-content\\\/uploads\\\/2023\\\/02\\\/image_2023-02-12_205322758.png\",\"contentUrl\":\"https:\\\/\\\/lasentinelle.dz\\\/wp-content\\\/uploads\\\/2023\\\/02\\\/image_2023-02-12_205322758.png\",\"width\":580,\"height\":350},{\"@type\":\"BreadcrumbList\",\"@id\":\"https:\\\/\\\/lasentinelle.dz\\\/index.php\\\/2023\\\/02\\\/12\\\/disponibilite-des-medicaments-les-assurances-du-ministere-de-la-sante\\\/#breadcrumb\",\"itemListElement\":[{\"@type\":\"ListItem\",\"position\":1,\"name\":\"Accueil\",\"item\":\"https:\\\/\\\/lasentinelle.dz\\\/\"},{\"@type\":\"ListItem\",\"position\":2,\"name\":\"Disponibilit\u00e9 des m\u00e9dicaments\u00a0: Les assurances du minist\u00e8re de la Sant\u00e9\"}]},{\"@type\":\"WebSite\",\"@id\":\"https:\\\/\\\/lasentinelle.dz\\\/#website\",\"url\":\"https:\\\/\\\/lasentinelle.dz\\\/\",\"name\":\"La Sentinelle\",\"description\":\"Quotidien national d&#039;information\",\"publisher\":{\"@id\":\"https:\\\/\\\/lasentinelle.dz\\\/#organization\"},\"potentialAction\":[{\"@type\":\"SearchAction\",\"target\":{\"@type\":\"EntryPoint\",\"urlTemplate\":\"https:\\\/\\\/lasentinelle.dz\\\/?s={search_term_string}\"},\"query-input\":{\"@type\":\"PropertyValueSpecification\",\"valueRequired\":true,\"valueName\":\"search_term_string\"}}],\"inLanguage\":\"fr-FR\"},{\"@type\":\"Organization\",\"@id\":\"https:\\\/\\\/lasentinelle.dz\\\/#organization\",\"name\":\"Quotidien La Sentinelle\",\"url\":\"https:\\\/\\\/lasentinelle.dz\\\/\",\"logo\":{\"@type\":\"ImageObject\",\"inLanguage\":\"fr-FR\",\"@id\":\"https:\\\/\\\/lasentinelle.dz\\\/#\\\/schema\\\/logo\\\/image\\\/\",\"url\":\"https:\\\/\\\/lasentinelle.dz\\\/wp-content\\\/uploads\\\/2021\\\/09\\\/logo-sentinelleSLOGAN-1.png\",\"contentUrl\":\"https:\\\/\\\/lasentinelle.dz\\\/wp-content\\\/uploads\\\/2021\\\/09\\\/logo-sentinelleSLOGAN-1.png\",\"width\":615,\"height\":142,\"caption\":\"Quotidien La Sentinelle\"},\"image\":{\"@id\":\"https:\\\/\\\/lasentinelle.dz\\\/#\\\/schema\\\/logo\\\/image\\\/\"},\"sameAs\":[\"https:\\\/\\\/www.facebook.com\\\/La-Sentinelle-104059864394773\"]},{\"@type\":\"Person\",\"@id\":\"https:\\\/\\\/lasentinelle.dz\\\/#\\\/schema\\\/person\\\/d865044e22e70a75174ce8bcad3acfb3\",\"name\":\"La Sentinelle\",\"image\":{\"@type\":\"ImageObject\",\"inLanguage\":\"fr-FR\",\"@id\":\"https:\\\/\\\/secure.gravatar.com\\\/avatar\\\/57de8e5d4b15d43fb361a71fbb36338450fe67865b528a43dd10ef7c51a20392?s=96&d=mm&r=g\",\"url\":\"https:\\\/\\\/secure.gravatar.com\\\/avatar\\\/57de8e5d4b15d43fb361a71fbb36338450fe67865b528a43dd10ef7c51a20392?s=96&d=mm&r=g\",\"contentUrl\":\"https:\\\/\\\/secure.gravatar.com\\\/avatar\\\/57de8e5d4b15d43fb361a71fbb36338450fe67865b528a43dd10ef7c51a20392?s=96&d=mm&r=g\",\"caption\":\"La Sentinelle\"},\"sameAs\":[\"http:\\\/\\\/www.lasentinelle.dz\"],\"url\":\"https:\\\/\\\/lasentinelle.dz\\\/author\\\/redaction\\\/\"}]}<\/script>\n<!-- \/ Yoast SEO plugin. -->","yoast_head_json":{"title":"Disponibilit\u00e9 des m\u00e9dicaments\u00a0: Les assurances du minist\u00e8re de la Sant\u00e9 - La Sentinelle","robots":{"index":"index","follow":"follow","max-snippet":"max-snippet:-1","max-image-preview":"max-image-preview:large","max-video-preview":"max-video-preview:-1"},"canonical":"https:\/\/lasentinelle.dz\/index.php\/2023\/02\/12\/disponibilite-des-medicaments-les-assurances-du-ministere-de-la-sante\/","og_locale":"fr_FR","og_type":"article","og_title":"Disponibilit\u00e9 des m\u00e9dicaments\u00a0: Les assurances du minist\u00e8re de la Sant\u00e9 - La Sentinelle","og_description":"Le minist\u00e8re de la Sant\u00e9 a saisi plusieurs occasions pour donner des assurances quant \u00e0 la disponibilit\u00e9 des m\u00e9dicaments, notamment","og_url":"https:\/\/lasentinelle.dz\/index.php\/2023\/02\/12\/disponibilite-des-medicaments-les-assurances-du-ministere-de-la-sante\/","og_site_name":"La Sentinelle","article_publisher":"https:\/\/www.facebook.com\/La-Sentinelle-104059864394773","article_published_time":"2023-02-12T21:05:00+00:00","og_image":[{"width":580,"height":350,"url":"https:\/\/lasentinelle.dz\/wp-content\/uploads\/2023\/02\/image_2023-02-12_205322758.png","type":"image\/png"}],"author":"La Sentinelle","twitter_card":"summary_large_image","twitter_misc":{"\u00c9crit par":"La Sentinelle","Dur\u00e9e de lecture estim\u00e9e":"3 minutes"},"schema":{"@context":"https:\/\/schema.org","@graph":[{"@type":"Article","@id":"https:\/\/lasentinelle.dz\/index.php\/2023\/02\/12\/disponibilite-des-medicaments-les-assurances-du-ministere-de-la-sante\/#article","isPartOf":{"@id":"https:\/\/lasentinelle.dz\/index.php\/2023\/02\/12\/disponibilite-des-medicaments-les-assurances-du-ministere-de-la-sante\/"},"author":{"name":"La Sentinelle","@id":"https:\/\/lasentinelle.dz\/#\/schema\/person\/d865044e22e70a75174ce8bcad3acfb3"},"headline":"Disponibilit\u00e9 des m\u00e9dicaments\u00a0: Les assurances du minist\u00e8re de la Sant\u00e9","datePublished":"2023-02-12T21:05:00+00:00","mainEntityOfPage":{"@id":"https:\/\/lasentinelle.dz\/index.php\/2023\/02\/12\/disponibilite-des-medicaments-les-assurances-du-ministere-de-la-sante\/"},"wordCount":523,"commentCount":0,"publisher":{"@id":"https:\/\/lasentinelle.dz\/#organization"},"image":{"@id":"https:\/\/lasentinelle.dz\/index.php\/2023\/02\/12\/disponibilite-des-medicaments-les-assurances-du-ministere-de-la-sante\/#primaryimage"},"thumbnailUrl":"https:\/\/lasentinelle.dz\/wp-content\/uploads\/2023\/02\/image_2023-02-12_205322758.png","articleSection":["Actualit\u00e9"],"inLanguage":"fr-FR","potentialAction":[{"@type":"CommentAction","name":"Comment","target":["https:\/\/lasentinelle.dz\/index.php\/2023\/02\/12\/disponibilite-des-medicaments-les-assurances-du-ministere-de-la-sante\/#respond"]}]},{"@type":"WebPage","@id":"https:\/\/lasentinelle.dz\/index.php\/2023\/02\/12\/disponibilite-des-medicaments-les-assurances-du-ministere-de-la-sante\/","url":"https:\/\/lasentinelle.dz\/index.php\/2023\/02\/12\/disponibilite-des-medicaments-les-assurances-du-ministere-de-la-sante\/","name":"Disponibilit\u00e9 des m\u00e9dicaments\u00a0: Les assurances du minist\u00e8re de la Sant\u00e9 - La Sentinelle","isPartOf":{"@id":"https:\/\/lasentinelle.dz\/#website"},"primaryImageOfPage":{"@id":"https:\/\/lasentinelle.dz\/index.php\/2023\/02\/12\/disponibilite-des-medicaments-les-assurances-du-ministere-de-la-sante\/#primaryimage"},"image":{"@id":"https:\/\/lasentinelle.dz\/index.php\/2023\/02\/12\/disponibilite-des-medicaments-les-assurances-du-ministere-de-la-sante\/#primaryimage"},"thumbnailUrl":"https:\/\/lasentinelle.dz\/wp-content\/uploads\/2023\/02\/image_2023-02-12_205322758.png","datePublished":"2023-02-12T21:05:00+00:00","breadcrumb":{"@id":"https:\/\/lasentinelle.dz\/index.php\/2023\/02\/12\/disponibilite-des-medicaments-les-assurances-du-ministere-de-la-sante\/#breadcrumb"},"inLanguage":"fr-FR","potentialAction":[{"@type":"ReadAction","target":["https:\/\/lasentinelle.dz\/index.php\/2023\/02\/12\/disponibilite-des-medicaments-les-assurances-du-ministere-de-la-sante\/"]}]},{"@type":"ImageObject","inLanguage":"fr-FR","@id":"https:\/\/lasentinelle.dz\/index.php\/2023\/02\/12\/disponibilite-des-medicaments-les-assurances-du-ministere-de-la-sante\/#primaryimage","url":"https:\/\/lasentinelle.dz\/wp-content\/uploads\/2023\/02\/image_2023-02-12_205322758.png","contentUrl":"https:\/\/lasentinelle.dz\/wp-content\/uploads\/2023\/02\/image_2023-02-12_205322758.png","width":580,"height":350},{"@type":"BreadcrumbList","@id":"https:\/\/lasentinelle.dz\/index.php\/2023\/02\/12\/disponibilite-des-medicaments-les-assurances-du-ministere-de-la-sante\/#breadcrumb","itemListElement":[{"@type":"ListItem","position":1,"name":"Accueil","item":"https:\/\/lasentinelle.dz\/"},{"@type":"ListItem","position":2,"name":"Disponibilit\u00e9 des m\u00e9dicaments\u00a0: Les assurances du minist\u00e8re de la Sant\u00e9"}]},{"@type":"WebSite","@id":"https:\/\/lasentinelle.dz\/#website","url":"https:\/\/lasentinelle.dz\/","name":"La Sentinelle","description":"Quotidien national d&#039;information","publisher":{"@id":"https:\/\/lasentinelle.dz\/#organization"},"potentialAction":[{"@type":"SearchAction","target":{"@type":"EntryPoint","urlTemplate":"https:\/\/lasentinelle.dz\/?s={search_term_string}"},"query-input":{"@type":"PropertyValueSpecification","valueRequired":true,"valueName":"search_term_string"}}],"inLanguage":"fr-FR"},{"@type":"Organization","@id":"https:\/\/lasentinelle.dz\/#organization","name":"Quotidien La Sentinelle","url":"https:\/\/lasentinelle.dz\/","logo":{"@type":"ImageObject","inLanguage":"fr-FR","@id":"https:\/\/lasentinelle.dz\/#\/schema\/logo\/image\/","url":"https:\/\/lasentinelle.dz\/wp-content\/uploads\/2021\/09\/logo-sentinelleSLOGAN-1.png","contentUrl":"https:\/\/lasentinelle.dz\/wp-content\/uploads\/2021\/09\/logo-sentinelleSLOGAN-1.png","width":615,"height":142,"caption":"Quotidien La Sentinelle"},"image":{"@id":"https:\/\/lasentinelle.dz\/#\/schema\/logo\/image\/"},"sameAs":["https:\/\/www.facebook.com\/La-Sentinelle-104059864394773"]},{"@type":"Person","@id":"https:\/\/lasentinelle.dz\/#\/schema\/person\/d865044e22e70a75174ce8bcad3acfb3","name":"La Sentinelle","image":{"@type":"ImageObject","inLanguage":"fr-FR","@id":"https:\/\/secure.gravatar.com\/avatar\/57de8e5d4b15d43fb361a71fbb36338450fe67865b528a43dd10ef7c51a20392?s=96&d=mm&r=g","url":"https:\/\/secure.gravatar.com\/avatar\/57de8e5d4b15d43fb361a71fbb36338450fe67865b528a43dd10ef7c51a20392?s=96&d=mm&r=g","contentUrl":"https:\/\/secure.gravatar.com\/avatar\/57de8e5d4b15d43fb361a71fbb36338450fe67865b528a43dd10ef7c51a20392?s=96&d=mm&r=g","caption":"La Sentinelle"},"sameAs":["http:\/\/www.lasentinelle.dz"],"url":"https:\/\/lasentinelle.dz\/author\/redaction\/"}]}},"_links":{"self":[{"href":"https:\/\/lasentinelle.dz\/index.php\/wp-json\/wp\/v2\/posts\/36030","targetHints":{"allow":["GET"]}}],"collection":[{"href":"https:\/\/lasentinelle.dz\/index.php\/wp-json\/wp\/v2\/posts"}],"about":[{"href":"https:\/\/lasentinelle.dz\/index.php\/wp-json\/wp\/v2\/types\/post"}],"author":[{"embeddable":true,"href":"https:\/\/lasentinelle.dz\/index.php\/wp-json\/wp\/v2\/users\/3"}],"replies":[{"embeddable":true,"href":"https:\/\/lasentinelle.dz\/index.php\/wp-json\/wp\/v2\/comments?post=36030"}],"version-history":[{"count":1,"href":"https:\/\/lasentinelle.dz\/index.php\/wp-json\/wp\/v2\/posts\/36030\/revisions"}],"predecessor-version":[{"id":36043,"href":"https:\/\/lasentinelle.dz\/index.php\/wp-json\/wp\/v2\/posts\/36030\/revisions\/36043"}],"wp:featuredmedia":[{"embeddable":true,"href":"https:\/\/lasentinelle.dz\/index.php\/wp-json\/wp\/v2\/media\/36040"}],"wp:attachment":[{"href":"https:\/\/lasentinelle.dz\/index.php\/wp-json\/wp\/v2\/media?parent=36030"}],"wp:term":[{"taxonomy":"category","embeddable":true,"href":"https:\/\/lasentinelle.dz\/index.php\/wp-json\/wp\/v2\/categories?post=36030"},{"taxonomy":"post_tag","embeddable":true,"href":"https:\/\/lasentinelle.dz\/index.php\/wp-json\/wp\/v2\/tags?post=36030"}],"curies":[{"name":"wp","href":"https:\/\/api.w.org\/{rel}","templated":true}]}}