{"id":36067,"date":"2023-02-13T22:00:00","date_gmt":"2023-02-13T21:00:00","guid":{"rendered":"https:\/\/lasentinelle.dz\/?p=36067"},"modified":"2023-02-13T16:35:33","modified_gmt":"2023-02-13T15:35:33","slug":"seisme-en-turquie-et-en-syrie-une-semaine-apres-le-bilan-depasse-les-35-000-morts","status":"publish","type":"post","link":"https:\/\/lasentinelle.dz\/index.php\/2023\/02\/13\/seisme-en-turquie-et-en-syrie-une-semaine-apres-le-bilan-depasse-les-35-000-morts\/","title":{"rendered":"S\u00e9isme en Turquie et en Syrie\u00a0: Une semaine apr\u00e8s, le bilan d\u00e9passe les 35.000 morts"},"content":{"rendered":"\n<p>Le bilan du violent s\u00e9isme qui a frapp\u00e9 le 6 f\u00e9vrier la Turquie et la Syrie s&rsquo;\u00e9levait hier matin \u00e0 35.225 morts, d&rsquo;apr\u00e8s les derniers bilans officiels. Le tremblement de terre de magnitude 7,8 a fait 31.643 morts dans le sud de la Turquie, a annonc\u00e9 hier l&rsquo;Afad, organisme public turc de gestion des catastrophes, tandis que les autorit\u00e9s ont d\u00e9nombr\u00e9 3581 morts en Syrie. L&rsquo;ONU a indiqu\u00e9 dimanche que le bilan pourrait encore \u00abdoubler\u00bb. Dans la nuit de dimanche \u00e0 lundi, sept personnes ont \u00e9t\u00e9 d\u00e9gag\u00e9es vivantes, selon la presse turque, dont un enfant de 3 ans \u00e0 Kahramanmaras et une femme de 60 ans \u00e0 Besni. Une femme de 40 ans a aussi \u00e9t\u00e9 sauv\u00e9e au bout de 170 heures \u00e0 Gaziantep. Au total, 34 717 personnes travaillent aux recherches de survivants actuellement, a d\u00e9clar\u00e9 le vice-pr\u00e9sident turc Fuat Oktay \u00e0 la presse locale. La phase de sauvetage apr\u00e8s les tremblements de terre en Turquie et en Syrie \u00ab\u00a0touche \u00e0 sa fin\u00a0\u00bb, l&rsquo;urgence portant notamment d\u00e9sormais sur la fourniture d&rsquo;abris, de nourriture et de soins psychosociaux, a d\u00e9clar\u00e9 Martin Griffiths, responsable de l&rsquo;aide humanitaire des Nations unies, lors d&rsquo;une visite hier \u00e0 Alep, dans le nord de la Syrie. Face \u00e0 la col\u00e8re qui gronde dans le pays contre les mafias du b\u00e2timent, relay\u00e9e par la presse et les r\u00e9seaux sociaux, les autorit\u00e9s turques r\u00e9agissent avec promptitude et les arrestations et mandats d&rsquo;arr\u00eat pleuvent. Dimanche, trois personnes ont \u00e9t\u00e9 \u00e9crou\u00e9es, sept interpell\u00e9es \u2013 dont deux promoteurs qui tentaient de s&rsquo;\u00e9chapper en G\u00e9orgie \u2013 et 114 sont toujours recherch\u00e9es, a annonc\u00e9 le ministre turc de la Justice, Bekir Bozdag. Au total, 134 enqu\u00eates ont \u00e9t\u00e9 lanc\u00e9es. La r\u00e9action du gouvernement, confront\u00e9 \u00e0 ce que le pr\u00e9sident Recep Tayyip Erdogan \u2013 en campagne \u00e9lectorale si les \u00e9lections du 14 mai sont maintenues \u2013 a qualifi\u00e9 de \u00ab\u00a0pire catastrophe de tous les temps\u00a0\u00bb pour la Turquie, est sans pr\u00e9c\u00e9dent. Jusqu&rsquo;alors, les promoteurs et entrepreneurs v\u00e9reux semblaient avoir de beaux jours devant eux malgr\u00e9 les alertes r\u00e9p\u00e9t\u00e9es d&rsquo;ing\u00e9nieurs et architectes reconnus. A signaler que les \u00c9tats-Unis ont appel\u00e9 dimanche le Conseil de s\u00e9curit\u00e9 de l&rsquo;ONU \u00e0 \u00ab\u00a0voter imm\u00e9diatement\u00a0\u00bb pour autoriser l&rsquo;acheminement de l&rsquo;aide de l&rsquo;ONU dans le nord-ouest de la Syrie, tenu par les rebelles, gr\u00e2ce \u00e0 davantage de passages frontaliers depuis la Turquie. Depuis 2014, l&rsquo;ONU a pu acheminer de l&rsquo;aide \u00e0 des millions de personnes dans le besoin dans le nord-ouest de la Syrie en guerre en passant par la Turquie, en vertu d&rsquo;un mandat du Conseil de s\u00e9curit\u00e9. Mais elle est actuellement limit\u00e9e \u00e0 l&rsquo;utilisation d&rsquo;un seul passage frontalier. \u00ab\u00a0En ce moment, chaque heure compte\u00a0\u00bb, a d\u00e9clar\u00e9 Linda Thomas-Greenfield, l&rsquo;ambassadrice am\u00e9ricaine aupr\u00e8s des Nations unies. \u00ab\u00a0Les gens dans les zones touch\u00e9es comptent sur nous.\u00a0\u00bb<\/p>\n\n\n\n<p>K.L.<\/p>\n","protected":false},"excerpt":{"rendered":"<p>Le bilan du violent s\u00e9isme qui a frapp\u00e9 le 6 f\u00e9vrier la Turquie et la Syrie s&rsquo;\u00e9levait hier matin \u00e0<\/p>\n","protected":false},"author":3,"featured_media":36069,"comment_status":"open","ping_status":"closed","sticky":false,"template":"","format":"standard","meta":{"colormag_page_container_layout":"default_layout","colormag_page_sidebar_layout":"default_layout","om_disable_all_campaigns":false,"_monsterinsights_skip_tracking":false,"_monsterinsights_sitenote_active":false,"_monsterinsights_sitenote_note":"","_monsterinsights_sitenote_category":0,"footnotes":"","_wpscppro_dont_share_socialmedia":false,"_wpscppro_custom_social_share_image":0,"_facebook_share_type":"","_twitter_share_type":"","_linkedin_share_type":"","_pinterest_share_type":"","_linkedin_share_type_page":"","_instagram_share_type":"","_medium_share_type":"","_threads_share_type":"","_google_business_share_type":"","_selected_social_profile":[],"_wpsp_enable_custom_social_template":false,"_wpsp_social_scheduling":{"enabled":false,"datetime":null,"platforms":[],"status":"template_only","dateOption":"today","timeOption":"now","customDays":"","customHours":"","customDate":"","customTime":"","schedulingType":"absolute"},"_wpsp_active_default_template":true},"categories":[37],"tags":[],"class_list":["post-36067","post","type-post","status-publish","format-standard","has-post-thumbnail","hentry","category-monde"],"aioseo_notices":[],"yoast_head":"<!-- This site is optimized with the Yoast SEO plugin v27.5 - https:\/\/yoast.com\/product\/yoast-seo-wordpress\/ -->\n<title>S\u00e9isme en Turquie et en Syrie\u00a0: Une semaine apr\u00e8s, le bilan d\u00e9passe les 35.000 morts - La Sentinelle<\/title>\n<meta name=\"robots\" content=\"index, follow, max-snippet:-1, max-image-preview:large, max-video-preview:-1\" \/>\n<link rel=\"canonical\" href=\"https:\/\/lasentinelle.dz\/index.php\/2023\/02\/13\/seisme-en-turquie-et-en-syrie-une-semaine-apres-le-bilan-depasse-les-35-000-morts\/\" \/>\n<meta property=\"og:locale\" content=\"fr_FR\" \/>\n<meta property=\"og:type\" content=\"article\" \/>\n<meta property=\"og:title\" content=\"S\u00e9isme en Turquie et en Syrie\u00a0: Une semaine apr\u00e8s, le bilan d\u00e9passe les 35.000 morts - La Sentinelle\" \/>\n<meta property=\"og:description\" content=\"Le bilan du violent s\u00e9isme qui a frapp\u00e9 le 6 f\u00e9vrier la Turquie et la Syrie s&rsquo;\u00e9levait hier matin \u00e0\" \/>\n<meta property=\"og:url\" content=\"https:\/\/lasentinelle.dz\/index.php\/2023\/02\/13\/seisme-en-turquie-et-en-syrie-une-semaine-apres-le-bilan-depasse-les-35-000-morts\/\" \/>\n<meta property=\"og:site_name\" content=\"La Sentinelle\" \/>\n<meta property=\"article:publisher\" content=\"https:\/\/www.facebook.com\/La-Sentinelle-104059864394773\" \/>\n<meta property=\"article:published_time\" content=\"2023-02-13T21:00:00+00:00\" \/>\n<meta property=\"og:image\" content=\"https:\/\/lasentinelle.dz\/wp-content\/uploads\/2023\/02\/image_2023-02-13_163316351.png\" \/>\n\t<meta property=\"og:image:width\" content=\"990\" \/>\n\t<meta property=\"og:image:height\" content=\"660\" \/>\n\t<meta property=\"og:image:type\" content=\"image\/png\" \/>\n<meta name=\"author\" content=\"La Sentinelle\" \/>\n<meta name=\"twitter:card\" content=\"summary_large_image\" \/>\n<meta name=\"twitter:label1\" content=\"\u00c9crit par\" \/>\n\t<meta name=\"twitter:data1\" content=\"La Sentinelle\" \/>\n\t<meta name=\"twitter:label2\" content=\"Dur\u00e9e de lecture estim\u00e9e\" \/>\n\t<meta name=\"twitter:data2\" content=\"3 minutes\" \/>\n<script type=\"application\/ld+json\" class=\"yoast-schema-graph\">{\"@context\":\"https:\\\/\\\/schema.org\",\"@graph\":[{\"@type\":\"Article\",\"@id\":\"https:\\\/\\\/lasentinelle.dz\\\/index.php\\\/2023\\\/02\\\/13\\\/seisme-en-turquie-et-en-syrie-une-semaine-apres-le-bilan-depasse-les-35-000-morts\\\/#article\",\"isPartOf\":{\"@id\":\"https:\\\/\\\/lasentinelle.dz\\\/index.php\\\/2023\\\/02\\\/13\\\/seisme-en-turquie-et-en-syrie-une-semaine-apres-le-bilan-depasse-les-35-000-morts\\\/\"},\"author\":{\"name\":\"La Sentinelle\",\"@id\":\"https:\\\/\\\/lasentinelle.dz\\\/#\\\/schema\\\/person\\\/d865044e22e70a75174ce8bcad3acfb3\"},\"headline\":\"S\u00e9isme en Turquie et en Syrie\u00a0: Une semaine apr\u00e8s, le bilan d\u00e9passe les 35.000 morts\",\"datePublished\":\"2023-02-13T21:00:00+00:00\",\"mainEntityOfPage\":{\"@id\":\"https:\\\/\\\/lasentinelle.dz\\\/index.php\\\/2023\\\/02\\\/13\\\/seisme-en-turquie-et-en-syrie-une-semaine-apres-le-bilan-depasse-les-35-000-morts\\\/\"},\"wordCount\":507,\"commentCount\":0,\"publisher\":{\"@id\":\"https:\\\/\\\/lasentinelle.dz\\\/#organization\"},\"image\":{\"@id\":\"https:\\\/\\\/lasentinelle.dz\\\/index.php\\\/2023\\\/02\\\/13\\\/seisme-en-turquie-et-en-syrie-une-semaine-apres-le-bilan-depasse-les-35-000-morts\\\/#primaryimage\"},\"thumbnailUrl\":\"https:\\\/\\\/lasentinelle.dz\\\/wp-content\\\/uploads\\\/2023\\\/02\\\/image_2023-02-13_163316351.png\",\"articleSection\":[\"Monde\"],\"inLanguage\":\"fr-FR\",\"potentialAction\":[{\"@type\":\"CommentAction\",\"name\":\"Comment\",\"target\":[\"https:\\\/\\\/lasentinelle.dz\\\/index.php\\\/2023\\\/02\\\/13\\\/seisme-en-turquie-et-en-syrie-une-semaine-apres-le-bilan-depasse-les-35-000-morts\\\/#respond\"]}]},{\"@type\":\"WebPage\",\"@id\":\"https:\\\/\\\/lasentinelle.dz\\\/index.php\\\/2023\\\/02\\\/13\\\/seisme-en-turquie-et-en-syrie-une-semaine-apres-le-bilan-depasse-les-35-000-morts\\\/\",\"url\":\"https:\\\/\\\/lasentinelle.dz\\\/index.php\\\/2023\\\/02\\\/13\\\/seisme-en-turquie-et-en-syrie-une-semaine-apres-le-bilan-depasse-les-35-000-morts\\\/\",\"name\":\"S\u00e9isme en Turquie et en Syrie\u00a0: Une semaine apr\u00e8s, le bilan d\u00e9passe les 35.000 morts - La Sentinelle\",\"isPartOf\":{\"@id\":\"https:\\\/\\\/lasentinelle.dz\\\/#website\"},\"primaryImageOfPage\":{\"@id\":\"https:\\\/\\\/lasentinelle.dz\\\/index.php\\\/2023\\\/02\\\/13\\\/seisme-en-turquie-et-en-syrie-une-semaine-apres-le-bilan-depasse-les-35-000-morts\\\/#primaryimage\"},\"image\":{\"@id\":\"https:\\\/\\\/lasentinelle.dz\\\/index.php\\\/2023\\\/02\\\/13\\\/seisme-en-turquie-et-en-syrie-une-semaine-apres-le-bilan-depasse-les-35-000-morts\\\/#primaryimage\"},\"thumbnailUrl\":\"https:\\\/\\\/lasentinelle.dz\\\/wp-content\\\/uploads\\\/2023\\\/02\\\/image_2023-02-13_163316351.png\",\"datePublished\":\"2023-02-13T21:00:00+00:00\",\"breadcrumb\":{\"@id\":\"https:\\\/\\\/lasentinelle.dz\\\/index.php\\\/2023\\\/02\\\/13\\\/seisme-en-turquie-et-en-syrie-une-semaine-apres-le-bilan-depasse-les-35-000-morts\\\/#breadcrumb\"},\"inLanguage\":\"fr-FR\",\"potentialAction\":[{\"@type\":\"ReadAction\",\"target\":[\"https:\\\/\\\/lasentinelle.dz\\\/index.php\\\/2023\\\/02\\\/13\\\/seisme-en-turquie-et-en-syrie-une-semaine-apres-le-bilan-depasse-les-35-000-morts\\\/\"]}]},{\"@type\":\"ImageObject\",\"inLanguage\":\"fr-FR\",\"@id\":\"https:\\\/\\\/lasentinelle.dz\\\/index.php\\\/2023\\\/02\\\/13\\\/seisme-en-turquie-et-en-syrie-une-semaine-apres-le-bilan-depasse-les-35-000-morts\\\/#primaryimage\",\"url\":\"https:\\\/\\\/lasentinelle.dz\\\/wp-content\\\/uploads\\\/2023\\\/02\\\/image_2023-02-13_163316351.png\",\"contentUrl\":\"https:\\\/\\\/lasentinelle.dz\\\/wp-content\\\/uploads\\\/2023\\\/02\\\/image_2023-02-13_163316351.png\",\"width\":990,\"height\":660},{\"@type\":\"BreadcrumbList\",\"@id\":\"https:\\\/\\\/lasentinelle.dz\\\/index.php\\\/2023\\\/02\\\/13\\\/seisme-en-turquie-et-en-syrie-une-semaine-apres-le-bilan-depasse-les-35-000-morts\\\/#breadcrumb\",\"itemListElement\":[{\"@type\":\"ListItem\",\"position\":1,\"name\":\"Accueil\",\"item\":\"https:\\\/\\\/lasentinelle.dz\\\/\"},{\"@type\":\"ListItem\",\"position\":2,\"name\":\"S\u00e9isme en Turquie et en Syrie\u00a0: Une semaine apr\u00e8s, le bilan d\u00e9passe les 35.000 morts\"}]},{\"@type\":\"WebSite\",\"@id\":\"https:\\\/\\\/lasentinelle.dz\\\/#website\",\"url\":\"https:\\\/\\\/lasentinelle.dz\\\/\",\"name\":\"La Sentinelle\",\"description\":\"Quotidien national d&#039;information\",\"publisher\":{\"@id\":\"https:\\\/\\\/lasentinelle.dz\\\/#organization\"},\"potentialAction\":[{\"@type\":\"SearchAction\",\"target\":{\"@type\":\"EntryPoint\",\"urlTemplate\":\"https:\\\/\\\/lasentinelle.dz\\\/?s={search_term_string}\"},\"query-input\":{\"@type\":\"PropertyValueSpecification\",\"valueRequired\":true,\"valueName\":\"search_term_string\"}}],\"inLanguage\":\"fr-FR\"},{\"@type\":\"Organization\",\"@id\":\"https:\\\/\\\/lasentinelle.dz\\\/#organization\",\"name\":\"Quotidien La Sentinelle\",\"url\":\"https:\\\/\\\/lasentinelle.dz\\\/\",\"logo\":{\"@type\":\"ImageObject\",\"inLanguage\":\"fr-FR\",\"@id\":\"https:\\\/\\\/lasentinelle.dz\\\/#\\\/schema\\\/logo\\\/image\\\/\",\"url\":\"https:\\\/\\\/lasentinelle.dz\\\/wp-content\\\/uploads\\\/2021\\\/09\\\/logo-sentinelleSLOGAN-1.png\",\"contentUrl\":\"https:\\\/\\\/lasentinelle.dz\\\/wp-content\\\/uploads\\\/2021\\\/09\\\/logo-sentinelleSLOGAN-1.png\",\"width\":615,\"height\":142,\"caption\":\"Quotidien La Sentinelle\"},\"image\":{\"@id\":\"https:\\\/\\\/lasentinelle.dz\\\/#\\\/schema\\\/logo\\\/image\\\/\"},\"sameAs\":[\"https:\\\/\\\/www.facebook.com\\\/La-Sentinelle-104059864394773\"]},{\"@type\":\"Person\",\"@id\":\"https:\\\/\\\/lasentinelle.dz\\\/#\\\/schema\\\/person\\\/d865044e22e70a75174ce8bcad3acfb3\",\"name\":\"La Sentinelle\",\"image\":{\"@type\":\"ImageObject\",\"inLanguage\":\"fr-FR\",\"@id\":\"https:\\\/\\\/secure.gravatar.com\\\/avatar\\\/57de8e5d4b15d43fb361a71fbb36338450fe67865b528a43dd10ef7c51a20392?s=96&d=mm&r=g\",\"url\":\"https:\\\/\\\/secure.gravatar.com\\\/avatar\\\/57de8e5d4b15d43fb361a71fbb36338450fe67865b528a43dd10ef7c51a20392?s=96&d=mm&r=g\",\"contentUrl\":\"https:\\\/\\\/secure.gravatar.com\\\/avatar\\\/57de8e5d4b15d43fb361a71fbb36338450fe67865b528a43dd10ef7c51a20392?s=96&d=mm&r=g\",\"caption\":\"La Sentinelle\"},\"sameAs\":[\"http:\\\/\\\/www.lasentinelle.dz\"],\"url\":\"https:\\\/\\\/lasentinelle.dz\\\/author\\\/redaction\\\/\"}]}<\/script>\n<!-- \/ Yoast SEO plugin. -->","yoast_head_json":{"title":"S\u00e9isme en Turquie et en Syrie\u00a0: Une semaine apr\u00e8s, le bilan d\u00e9passe les 35.000 morts - La Sentinelle","robots":{"index":"index","follow":"follow","max-snippet":"max-snippet:-1","max-image-preview":"max-image-preview:large","max-video-preview":"max-video-preview:-1"},"canonical":"https:\/\/lasentinelle.dz\/index.php\/2023\/02\/13\/seisme-en-turquie-et-en-syrie-une-semaine-apres-le-bilan-depasse-les-35-000-morts\/","og_locale":"fr_FR","og_type":"article","og_title":"S\u00e9isme en Turquie et en Syrie\u00a0: Une semaine apr\u00e8s, le bilan d\u00e9passe les 35.000 morts - La Sentinelle","og_description":"Le bilan du violent s\u00e9isme qui a frapp\u00e9 le 6 f\u00e9vrier la Turquie et la Syrie s&rsquo;\u00e9levait hier matin \u00e0","og_url":"https:\/\/lasentinelle.dz\/index.php\/2023\/02\/13\/seisme-en-turquie-et-en-syrie-une-semaine-apres-le-bilan-depasse-les-35-000-morts\/","og_site_name":"La Sentinelle","article_publisher":"https:\/\/www.facebook.com\/La-Sentinelle-104059864394773","article_published_time":"2023-02-13T21:00:00+00:00","og_image":[{"width":990,"height":660,"url":"https:\/\/lasentinelle.dz\/wp-content\/uploads\/2023\/02\/image_2023-02-13_163316351.png","type":"image\/png"}],"author":"La Sentinelle","twitter_card":"summary_large_image","twitter_misc":{"\u00c9crit par":"La Sentinelle","Dur\u00e9e de lecture estim\u00e9e":"3 minutes"},"schema":{"@context":"https:\/\/schema.org","@graph":[{"@type":"Article","@id":"https:\/\/lasentinelle.dz\/index.php\/2023\/02\/13\/seisme-en-turquie-et-en-syrie-une-semaine-apres-le-bilan-depasse-les-35-000-morts\/#article","isPartOf":{"@id":"https:\/\/lasentinelle.dz\/index.php\/2023\/02\/13\/seisme-en-turquie-et-en-syrie-une-semaine-apres-le-bilan-depasse-les-35-000-morts\/"},"author":{"name":"La Sentinelle","@id":"https:\/\/lasentinelle.dz\/#\/schema\/person\/d865044e22e70a75174ce8bcad3acfb3"},"headline":"S\u00e9isme en Turquie et en Syrie\u00a0: Une semaine apr\u00e8s, le bilan d\u00e9passe les 35.000 morts","datePublished":"2023-02-13T21:00:00+00:00","mainEntityOfPage":{"@id":"https:\/\/lasentinelle.dz\/index.php\/2023\/02\/13\/seisme-en-turquie-et-en-syrie-une-semaine-apres-le-bilan-depasse-les-35-000-morts\/"},"wordCount":507,"commentCount":0,"publisher":{"@id":"https:\/\/lasentinelle.dz\/#organization"},"image":{"@id":"https:\/\/lasentinelle.dz\/index.php\/2023\/02\/13\/seisme-en-turquie-et-en-syrie-une-semaine-apres-le-bilan-depasse-les-35-000-morts\/#primaryimage"},"thumbnailUrl":"https:\/\/lasentinelle.dz\/wp-content\/uploads\/2023\/02\/image_2023-02-13_163316351.png","articleSection":["Monde"],"inLanguage":"fr-FR","potentialAction":[{"@type":"CommentAction","name":"Comment","target":["https:\/\/lasentinelle.dz\/index.php\/2023\/02\/13\/seisme-en-turquie-et-en-syrie-une-semaine-apres-le-bilan-depasse-les-35-000-morts\/#respond"]}]},{"@type":"WebPage","@id":"https:\/\/lasentinelle.dz\/index.php\/2023\/02\/13\/seisme-en-turquie-et-en-syrie-une-semaine-apres-le-bilan-depasse-les-35-000-morts\/","url":"https:\/\/lasentinelle.dz\/index.php\/2023\/02\/13\/seisme-en-turquie-et-en-syrie-une-semaine-apres-le-bilan-depasse-les-35-000-morts\/","name":"S\u00e9isme en Turquie et en Syrie\u00a0: Une semaine apr\u00e8s, le bilan d\u00e9passe les 35.000 morts - La Sentinelle","isPartOf":{"@id":"https:\/\/lasentinelle.dz\/#website"},"primaryImageOfPage":{"@id":"https:\/\/lasentinelle.dz\/index.php\/2023\/02\/13\/seisme-en-turquie-et-en-syrie-une-semaine-apres-le-bilan-depasse-les-35-000-morts\/#primaryimage"},"image":{"@id":"https:\/\/lasentinelle.dz\/index.php\/2023\/02\/13\/seisme-en-turquie-et-en-syrie-une-semaine-apres-le-bilan-depasse-les-35-000-morts\/#primaryimage"},"thumbnailUrl":"https:\/\/lasentinelle.dz\/wp-content\/uploads\/2023\/02\/image_2023-02-13_163316351.png","datePublished":"2023-02-13T21:00:00+00:00","breadcrumb":{"@id":"https:\/\/lasentinelle.dz\/index.php\/2023\/02\/13\/seisme-en-turquie-et-en-syrie-une-semaine-apres-le-bilan-depasse-les-35-000-morts\/#breadcrumb"},"inLanguage":"fr-FR","potentialAction":[{"@type":"ReadAction","target":["https:\/\/lasentinelle.dz\/index.php\/2023\/02\/13\/seisme-en-turquie-et-en-syrie-une-semaine-apres-le-bilan-depasse-les-35-000-morts\/"]}]},{"@type":"ImageObject","inLanguage":"fr-FR","@id":"https:\/\/lasentinelle.dz\/index.php\/2023\/02\/13\/seisme-en-turquie-et-en-syrie-une-semaine-apres-le-bilan-depasse-les-35-000-morts\/#primaryimage","url":"https:\/\/lasentinelle.dz\/wp-content\/uploads\/2023\/02\/image_2023-02-13_163316351.png","contentUrl":"https:\/\/lasentinelle.dz\/wp-content\/uploads\/2023\/02\/image_2023-02-13_163316351.png","width":990,"height":660},{"@type":"BreadcrumbList","@id":"https:\/\/lasentinelle.dz\/index.php\/2023\/02\/13\/seisme-en-turquie-et-en-syrie-une-semaine-apres-le-bilan-depasse-les-35-000-morts\/#breadcrumb","itemListElement":[{"@type":"ListItem","position":1,"name":"Accueil","item":"https:\/\/lasentinelle.dz\/"},{"@type":"ListItem","position":2,"name":"S\u00e9isme en Turquie et en Syrie\u00a0: Une semaine apr\u00e8s, le bilan d\u00e9passe les 35.000 morts"}]},{"@type":"WebSite","@id":"https:\/\/lasentinelle.dz\/#website","url":"https:\/\/lasentinelle.dz\/","name":"La Sentinelle","description":"Quotidien national d&#039;information","publisher":{"@id":"https:\/\/lasentinelle.dz\/#organization"},"potentialAction":[{"@type":"SearchAction","target":{"@type":"EntryPoint","urlTemplate":"https:\/\/lasentinelle.dz\/?s={search_term_string}"},"query-input":{"@type":"PropertyValueSpecification","valueRequired":true,"valueName":"search_term_string"}}],"inLanguage":"fr-FR"},{"@type":"Organization","@id":"https:\/\/lasentinelle.dz\/#organization","name":"Quotidien La Sentinelle","url":"https:\/\/lasentinelle.dz\/","logo":{"@type":"ImageObject","inLanguage":"fr-FR","@id":"https:\/\/lasentinelle.dz\/#\/schema\/logo\/image\/","url":"https:\/\/lasentinelle.dz\/wp-content\/uploads\/2021\/09\/logo-sentinelleSLOGAN-1.png","contentUrl":"https:\/\/lasentinelle.dz\/wp-content\/uploads\/2021\/09\/logo-sentinelleSLOGAN-1.png","width":615,"height":142,"caption":"Quotidien La Sentinelle"},"image":{"@id":"https:\/\/lasentinelle.dz\/#\/schema\/logo\/image\/"},"sameAs":["https:\/\/www.facebook.com\/La-Sentinelle-104059864394773"]},{"@type":"Person","@id":"https:\/\/lasentinelle.dz\/#\/schema\/person\/d865044e22e70a75174ce8bcad3acfb3","name":"La Sentinelle","image":{"@type":"ImageObject","inLanguage":"fr-FR","@id":"https:\/\/secure.gravatar.com\/avatar\/57de8e5d4b15d43fb361a71fbb36338450fe67865b528a43dd10ef7c51a20392?s=96&d=mm&r=g","url":"https:\/\/secure.gravatar.com\/avatar\/57de8e5d4b15d43fb361a71fbb36338450fe67865b528a43dd10ef7c51a20392?s=96&d=mm&r=g","contentUrl":"https:\/\/secure.gravatar.com\/avatar\/57de8e5d4b15d43fb361a71fbb36338450fe67865b528a43dd10ef7c51a20392?s=96&d=mm&r=g","caption":"La Sentinelle"},"sameAs":["http:\/\/www.lasentinelle.dz"],"url":"https:\/\/lasentinelle.dz\/author\/redaction\/"}]}},"_links":{"self":[{"href":"https:\/\/lasentinelle.dz\/index.php\/wp-json\/wp\/v2\/posts\/36067","targetHints":{"allow":["GET"]}}],"collection":[{"href":"https:\/\/lasentinelle.dz\/index.php\/wp-json\/wp\/v2\/posts"}],"about":[{"href":"https:\/\/lasentinelle.dz\/index.php\/wp-json\/wp\/v2\/types\/post"}],"author":[{"embeddable":true,"href":"https:\/\/lasentinelle.dz\/index.php\/wp-json\/wp\/v2\/users\/3"}],"replies":[{"embeddable":true,"href":"https:\/\/lasentinelle.dz\/index.php\/wp-json\/wp\/v2\/comments?post=36067"}],"version-history":[{"count":1,"href":"https:\/\/lasentinelle.dz\/index.php\/wp-json\/wp\/v2\/posts\/36067\/revisions"}],"predecessor-version":[{"id":36073,"href":"https:\/\/lasentinelle.dz\/index.php\/wp-json\/wp\/v2\/posts\/36067\/revisions\/36073"}],"wp:featuredmedia":[{"embeddable":true,"href":"https:\/\/lasentinelle.dz\/index.php\/wp-json\/wp\/v2\/media\/36069"}],"wp:attachment":[{"href":"https:\/\/lasentinelle.dz\/index.php\/wp-json\/wp\/v2\/media?parent=36067"}],"wp:term":[{"taxonomy":"category","embeddable":true,"href":"https:\/\/lasentinelle.dz\/index.php\/wp-json\/wp\/v2\/categories?post=36067"},{"taxonomy":"post_tag","embeddable":true,"href":"https:\/\/lasentinelle.dz\/index.php\/wp-json\/wp\/v2\/tags?post=36067"}],"curies":[{"name":"wp","href":"https:\/\/api.w.org\/{rel}","templated":true}]}}