{"id":36082,"date":"2023-02-13T22:00:00","date_gmt":"2023-02-13T21:00:00","guid":{"rendered":"https:\/\/lasentinelle.dz\/?p=36082"},"modified":"2023-02-13T16:37:13","modified_gmt":"2023-02-13T15:37:13","slug":"cyber-attaques-une-menace-pour-la-securite-nationale","status":"publish","type":"post","link":"https:\/\/lasentinelle.dz\/index.php\/2023\/02\/13\/cyber-attaques-une-menace-pour-la-securite-nationale\/","title":{"rendered":"Cyber-attaques: une menace pour la s\u00e9curit\u00e9 nationale"},"content":{"rendered":"\n<p><strong>Par Abderrahmane Mebtoul<\/strong><\/p>\n\n\n\n<figure class=\"wp-block-image size-full\"><img loading=\"lazy\" decoding=\"async\" width=\"324\" height=\"162\" src=\"https:\/\/lasentinelle.dz\/wp-content\/uploads\/2022\/11\/Abderrahmane-Mebtoul-1-edited.jpeg\" alt=\"\" class=\"wp-image-31002\" srcset=\"https:\/\/lasentinelle.dz\/wp-content\/uploads\/2022\/11\/Abderrahmane-Mebtoul-1-edited.jpeg 324w, https:\/\/lasentinelle.dz\/wp-content\/uploads\/2022\/11\/Abderrahmane-Mebtoul-1-edited-300x150.jpeg 300w\" sizes=\"auto, (max-width: 324px) 100vw, 324px\" \/><figcaption class=\"wp-element-caption\"><strong>Professeur des universit\u00e9s, expert international.<\/strong><\/figcaption><\/figure>\n\n\n\n<p><\/p>\n\n\n\n<p>Il existe un lien dialectique entre s\u00e9curit\u00e9, ma\u00eetrise des nouvelles technologies d\u2019information, d\u00e9fense du territoireet d\u00e9veloppement. Le dernier num\u00e9ro de la revue de l\u2019Arm\u00e9e Nationale Populaire \u00ab&nbsp;EL Djeich&nbsp;\u00bbde f\u00e9vrier 2023 consacreplusieurs analyses op\u00e9rationnelles sur le danger de la non-ma\u00eetrise des nouvelles technologiesnotamment le danger des cyber- attaques qui peuvent d\u00e9stabiliser toute la Nationet donc constituent une menace pour la s\u00e9curit\u00e9 nationale<\/p>\n\n\n\n<p>Aujourd\u2019hui, les menaces sur la s\u00e9curit\u00e9 ont pour nom terrorisme, prolif\u00e9ration des armes de destruction massive, crises r\u00e9gionales et d\u00e9litement de certains \u00c9tats. Les d\u00e9fis collectifs nouveaux concernent les cyberattaques, la raret\u00e9 des ressources hydriques, la pauvret\u00e9, les \u00e9pid\u00e9mies, l\u2019environnement. Ils sont d\u2019ordre local, r\u00e9gional et global, posant de nombreux d\u00e9fis \u00e0 la communaut\u00e9 internationale .Les pertes mondiales imputables aux attaques informatiques, bien que tr\u00e8s difficiles \u00e0 \u00e9valuer du fait de l\u2019ampleur de l\u2019\u00e9conomie du piratage, ont atteint les 1 000 milliards de dollars en 2020, soit pr\u00e8s de 1% du PIB mondial. Pour le seul continent europ\u00e9en, le montant des pr\u00e9judices caus\u00e9s par des cyberattaques a atteint en 2020 un co\u00fbt global de 750 milliards d\u2019euros. Ces pertes proviennent du vol d\u2019actifs mon\u00e9taires et de propri\u00e9t\u00e9 intellectuelle, mais \u00e9galement de pertes cach\u00e9es, souvent omises. Les motivations des pirates informatiques ont \u00e9volu\u00e9 : du piratage de logiciels de la part d\u2019amateurs dont la motivation essentielle consistait \u00e0 voler pour leur usage personnel, nous sommes pass\u00e9s \u00e0 un piratage \u201cprofessionnel\u201d d\u2019ordre \u00e9conomique (d\u00e9tournement d\u2019argent) et piratage industriel, proche de l\u2019espionnage. Les interceptions de communications ont aussi \u00e9volu\u00e9. Des \u00e9coutes t\u00e9l\u00e9phoniques nous sommes pass\u00e9s aux interceptions des messages \u00e9lectroniques. Lorsqu\u2019un mail est envoy\u00e9 de fa\u00e7on habituelle, il n\u2019est pas crypt\u00e9 et peut transiter par une dizaine de proxys qui jalonnent le parcours vers sa destination. Or, ces derniers conservent, pour des raisons techniques mais aussi l\u00e9gales, une copie des messages re\u00e7us. Les informations contenues dans le corps du message et dans les fichiers joints peuvent donc \u00eatre lues par autant de responsables de proxies que n\u00e9cessite le trajet. Les vols de documents ne se produisent pas seulement en acc\u00e9dant, \u00e0 distance ou non, \u00e0 un ordinateur ou \u00e0 un serveur, mais \u00e9galement de la fa\u00e7on la plus inattendue par les photocopieuses qui stockent les informations avant de les imprimer, les experts en informatique pouvant donc ensuite tr\u00e8s facilement r\u00e9cup\u00e9rer ces informations, d\u2019autant plus que la plupart d\u2019entre elles sont g\u00e9n\u00e9ralement connect\u00e9es \u00e0 un r\u00e9seau, soit via un PC (imprimante partag\u00e9e), soit gr\u00e2ce \u00e0 une adresse IP propre. Compte tenu de cette situation, la direction de la cybercriminalit\u00e9 d\u2019Interpol a \u00e9labor\u00e9 en ao\u00fbt 2020 un rapport d\u2019\u00e9valuation mondial portant sur la cybercriminalit\u00e9 li\u00e9e au Covid-19 en s\u2019appuyant sur l\u2019acc\u00e8s aux donn\u00e9es de 194 pays membres et de partenaires priv\u00e9s afin de brosser un tableau complet de la cybercriminalit\u00e9 li\u00e9e \u00e0 la pand\u00e9mie de Covid-19 : les escroqueries en ligne et hame\u00e7onnage comptent pour 59% des cas ; suivent logiciels malveillants visant \u00e0 d\u00e9sorganiser (ran\u00e7ongiciels et attaques par d\u00e9ni de service distribu\u00e9) pour 36% ; les logiciels malveillants visant \u00e0 obtenir des donn\u00e9es ; domaines malveillants pour 21% ; d\u00e9sinformations et fausses informations, de plus en plus nombreuses, se r\u00e9pandent rapidement dans lepublic pour 14%.<\/p>\n\n\n\n<p>R\u00e9cemment, les r\u00e9v\u00e9lations d\u2019espionnage du programme NS-Pegasus posent la probl\u00e9matique de la s\u00e9curit\u00e9 nationale et de la ma\u00eetrise des nouvelles technologies. Mais si les experts militaires s\u2019accordent sur le fait que l\u2019espionnage a exist\u00e9 depuis que le monde est monde, aujourd\u2019hui, avec des m\u00e9thodes de plus en plus sophistiqu\u00e9es, avec l\u2019av\u00e8nement des cyberattaques, il appartient \u00e0 chaque nation d\u2019utiliser des moyens plus sophistiqu\u00e9s pour se prot\u00e9ger. Le programme phare de NSO nomm\u00e9 Pegasus, un logiciel d\u2019origine isra\u00e9lienne de type \u00ab&nbsp;cheval de Troie&nbsp;\u00bb, a permis de fouiller dans les donn\u00e9es (calendriers, photos, contacts, messageries, appels enregistr\u00e9s, coordonn\u00e9es GPS&#8230;) des smartphones, iPhone comme Android, infect\u00e9s, mais aussi de contr\u00f4ler \u00e0 distance la cam\u00e9ra et les micros int\u00e9gr\u00e9s \u00e0 l\u2019appareil. Cela donne la possibilit\u00e9 d\u2019\u00e9couter des conversations dans une pi\u00e8ce alors que le t\u00e9l\u00e9phone appara\u00eet inactif, ce logiciel \u00e9tant \u00e0 sa troisi\u00e8me version.<\/p>\n\n\n\n<p>Cependant, les nouvelles technologies ne concernent pas seulement les \u00e9coutes, lesdrones sans pilote commencent \u00e0 remplacer l\u2019aviation militaire classique, pouvant cibler avec pr\u00e9cision tout adversaire \u00e0 partir de centres informatiques sophistiqu\u00e9s \u00e0 des milliers de kilom\u00e8tres. Les satellites remplissant l\u2019atmosph\u00e8re permettent d\u2019espionner tout pays, de d\u00e9tecter le mouvement des troupes et la diffusion d\u2019images de toute la plan\u00e8te. Le contr\u00f4le de l\u2019information gr\u00e2ce \u00e0 l\u2019informatisation permet le d\u00e9veloppement de sites d\u2019information, impliquant une adaptation des journaux papier, une nouvelle organisation des entreprises et administrations en r\u00e9seaux, loin de l\u2019organisation hi\u00e9rarchique d\u00e9pass\u00e9e, l\u2019interconnexion bancaire et \u00e9clectique pouvant bloquer tout pays dans ses transactions financi\u00e8res et la panne des r\u00e9seaux pouvant plonger tout pays dans les t\u00e9n\u00e8bres. L\u2019utilisation de Facebook et de Twitter par la diffusion d\u2019informations parfois non fond\u00e9es fait que, faute de transparence, la rumeur d\u00e9vastatrice supplante l\u2019information officielle d\u00e9ficiente. C\u2019est dans ce cadre que s\u2019impose la ma\u00eetrise de l\u2019intelligence \u00e9conomique, dont la gestion strat\u00e9gique est devenue pour une nation et l\u2019entreprise l\u2019un des moteurs essentiels de sa performance globale et de sa s\u00e9curit\u00e9. L\u2019intelligence \u00e9conomique int\u00e8gre deux dimensions suppl\u00e9mentaires par rapport \u00e0 la veille : la prise de d\u00e9cision et la connaissance de l\u2019information. Pour faire de l\u2019intelligence \u00e9conomique un v\u00e9ritable avantage concurrentiel, il est indispensable de l\u2019int\u00e9grer aux fonctions de l\u2019administration et de l\u2019entreprise. L\u2019approche processus permet une meilleure coordination des \u00e9tapes pour profiter au maximum du gisement informationnel en vue d\u2019actions efficaces sur l\u2019administration ou l\u2019entreprise ou son environnement du fait d\u2019interactions complexes. Une nation ou une entreprise sera meilleure que ses concurrents si elle poss\u00e8de, avant les autres, les bonnes informations au bon moment, qu\u2019il s\u2019agisse de connaissance des march\u00e9s, d\u2019informations juridiques, technologiques, normatives ou autres, cr\u00e9ant une asym\u00e9trie d\u2019informations \u00e0 son avantage. D\u2019o\u00f9 l\u2019appui aux entreprises pour l\u2019acc\u00e8s aux volumes importants d\u2019informations sur le commerce international d\u00e9tenu par les d\u00e9partements et agences minist\u00e9riels, les services de renseignements et de contre-espionnage, mettant en place un service d\u2019information \u00e9conomique au profit des entreprises engag\u00e9es dans le commerce ext\u00e9rieur.<\/p>\n\n\n\n<p>En conclusion, pour l\u2019Alg\u00e9rie, en symbiose avec les pr\u00e9occupations de la communaut\u00e9 internationale vis-\u00e0-vis des menaces et des d\u00e9fis auxquels le monde et notre r\u00e9gion sont confront\u00e9s, il y a n\u00e9cessit\u00e9 de d\u00e9velopper une strat\u00e9gie de riposte collective et efficace facau crime organis\u00e9 transnational, en g\u00e9n\u00e9ral et \u00e0 la cybercriminalit\u00e9, en particulier. C\u2019est dans ce cadre que l\u2019Etat major de l\u2019ANPa organis\u00e9 plusieursrencontres dont celle la houlette du commandement dela Gendarmerie nationaleles 23 et 24 f\u00e9vrier 2022 sur le crime organis\u00e9 sous ses diff\u00e9rentes facettes, o\u00f9 il m\u2019a \u00e9t\u00e9 fait l\u2019honneur d\u2019ouvrir ce s\u00e9minaire \u00e9tant intervenu sur le th\u00e8me \u00ab sph\u00e8reinformelle, \u00e9vasion fiscale, trafics aux fronti\u00e8res, fuite des capitaux et corruption \u00bb. Dans le contexte d\u2019un monde de plus en plus globalis\u00e9, qui facilite la circulation des personnes et des biens, les groupes de criminalit\u00e9 organis\u00e9e prosp\u00e8rent via la sph\u00e8re informelle en utilisant les nouvelles technologies d\u2019information( A. Mebtoul, les enjeux g\u00e9ostrat\u00e9giques du crime organis\u00e9 viala sph\u00e8re informelle, Institut Fran\u00e7ais des Relations Internationales IFRI , Paris, 2013et larevue strat\u00e9gie IMDEP\/MDN 2019). Ils posent de nombreux d\u00e9fis \u00e0 la communaut\u00e9 internationale, mena\u00e7ant la s\u00e9curit\u00e9 mondiale et le d\u00e9veloppement \u00e9conomique, social et culturel.C\u2019est dans ce cadre que larevue Djeich de f\u00e9vrier 2023a consacr\u00e9 une s\u00e9rie de recommandationsqui entrent dans le cadre de la d\u00e9fense des int\u00e9r\u00eats sup\u00e9rieurs du pays et des r\u00e9formes que les autorit\u00e9s doiventmener, dans la mesure o\u00f9pour l&rsquo;\u00c9tat-major de l\u2019ANP. Je cite la revue&nbsp;:\u00abLa multiplication des attaques informatiques visant des secteurs n\u00e9vralgiques des Etats, paralysant m\u00eame la vie des citoyens, a fait de la protection des syst\u00e8mes informatiques un imp\u00e9ratif majeur, les cyberattaques faisantd\u00e9sormais partie du paysage s\u00e9curitaire et imposent aux Etats de garantir leur souverainet\u00e9 num\u00e9rique \u00bb. A.&nbsp;M.<\/p>\n","protected":false},"excerpt":{"rendered":"<p>Par Abderrahmane Mebtoul Il existe un lien dialectique entre s\u00e9curit\u00e9, ma\u00eetrise des nouvelles technologies d\u2019information, d\u00e9fense du territoireet d\u00e9veloppement. Le<\/p>\n","protected":false},"author":3,"featured_media":25148,"comment_status":"open","ping_status":"closed","sticky":false,"template":"","format":"standard","meta":{"colormag_page_container_layout":"default_layout","colormag_page_sidebar_layout":"default_layout","om_disable_all_campaigns":false,"_monsterinsights_skip_tracking":false,"_monsterinsights_sitenote_active":false,"_monsterinsights_sitenote_note":"","_monsterinsights_sitenote_category":0,"footnotes":"","_wpscppro_dont_share_socialmedia":false,"_wpscppro_custom_social_share_image":0,"_facebook_share_type":"","_twitter_share_type":"","_linkedin_share_type":"","_pinterest_share_type":"","_linkedin_share_type_page":"","_instagram_share_type":"","_medium_share_type":"","_threads_share_type":"","_google_business_share_type":"","_selected_social_profile":[],"_wpsp_enable_custom_social_template":false,"_wpsp_social_scheduling":{"enabled":false,"datetime":null,"platforms":[],"status":"template_only","dateOption":"today","timeOption":"now","customDays":"","customHours":"","customDate":"","customTime":"","schedulingType":"absolute"},"_wpsp_active_default_template":true},"categories":[56,38],"tags":[],"class_list":["post-36082","post","type-post","status-publish","format-standard","has-post-thumbnail","hentry","category-contribution","category-debats"],"aioseo_notices":[],"yoast_head":"<!-- This site is optimized with the Yoast SEO plugin v27.5 - https:\/\/yoast.com\/product\/yoast-seo-wordpress\/ -->\n<title>Cyber-attaques: une menace pour la s\u00e9curit\u00e9 nationale - La Sentinelle<\/title>\n<meta name=\"robots\" content=\"index, follow, max-snippet:-1, max-image-preview:large, max-video-preview:-1\" \/>\n<link rel=\"canonical\" href=\"https:\/\/lasentinelle.dz\/index.php\/2023\/02\/13\/cyber-attaques-une-menace-pour-la-securite-nationale\/\" \/>\n<meta property=\"og:locale\" content=\"fr_FR\" \/>\n<meta property=\"og:type\" content=\"article\" \/>\n<meta property=\"og:title\" content=\"Cyber-attaques: une menace pour la s\u00e9curit\u00e9 nationale - La Sentinelle\" \/>\n<meta property=\"og:description\" content=\"Par Abderrahmane Mebtoul Il existe un lien dialectique entre s\u00e9curit\u00e9, ma\u00eetrise des nouvelles technologies d\u2019information, d\u00e9fense du territoireet d\u00e9veloppement. Le\" \/>\n<meta property=\"og:url\" content=\"https:\/\/lasentinelle.dz\/index.php\/2023\/02\/13\/cyber-attaques-une-menace-pour-la-securite-nationale\/\" \/>\n<meta property=\"og:site_name\" content=\"La Sentinelle\" \/>\n<meta property=\"article:publisher\" content=\"https:\/\/www.facebook.com\/La-Sentinelle-104059864394773\" \/>\n<meta property=\"article:published_time\" content=\"2023-02-13T21:00:00+00:00\" \/>\n<meta property=\"og:image\" content=\"https:\/\/lasentinelle.dz\/wp-content\/uploads\/2022\/08\/Contribution-copie.png\" \/>\n\t<meta property=\"og:image:width\" content=\"225\" \/>\n\t<meta property=\"og:image:height\" content=\"172\" \/>\n\t<meta property=\"og:image:type\" content=\"image\/png\" \/>\n<meta name=\"author\" content=\"La Sentinelle\" \/>\n<meta name=\"twitter:card\" content=\"summary_large_image\" \/>\n<meta name=\"twitter:label1\" content=\"\u00c9crit par\" \/>\n\t<meta name=\"twitter:data1\" content=\"La Sentinelle\" \/>\n\t<meta name=\"twitter:label2\" content=\"Dur\u00e9e de lecture estim\u00e9e\" \/>\n\t<meta name=\"twitter:data2\" content=\"7 minutes\" \/>\n<script type=\"application\/ld+json\" class=\"yoast-schema-graph\">{\"@context\":\"https:\\\/\\\/schema.org\",\"@graph\":[{\"@type\":\"Article\",\"@id\":\"https:\\\/\\\/lasentinelle.dz\\\/index.php\\\/2023\\\/02\\\/13\\\/cyber-attaques-une-menace-pour-la-securite-nationale\\\/#article\",\"isPartOf\":{\"@id\":\"https:\\\/\\\/lasentinelle.dz\\\/index.php\\\/2023\\\/02\\\/13\\\/cyber-attaques-une-menace-pour-la-securite-nationale\\\/\"},\"author\":{\"name\":\"La Sentinelle\",\"@id\":\"https:\\\/\\\/lasentinelle.dz\\\/#\\\/schema\\\/person\\\/d865044e22e70a75174ce8bcad3acfb3\"},\"headline\":\"Cyber-attaques: une menace pour la s\u00e9curit\u00e9 nationale\",\"datePublished\":\"2023-02-13T21:00:00+00:00\",\"mainEntityOfPage\":{\"@id\":\"https:\\\/\\\/lasentinelle.dz\\\/index.php\\\/2023\\\/02\\\/13\\\/cyber-attaques-une-menace-pour-la-securite-nationale\\\/\"},\"wordCount\":1498,\"commentCount\":0,\"publisher\":{\"@id\":\"https:\\\/\\\/lasentinelle.dz\\\/#organization\"},\"image\":{\"@id\":\"https:\\\/\\\/lasentinelle.dz\\\/index.php\\\/2023\\\/02\\\/13\\\/cyber-attaques-une-menace-pour-la-securite-nationale\\\/#primaryimage\"},\"thumbnailUrl\":\"https:\\\/\\\/lasentinelle.dz\\\/wp-content\\\/uploads\\\/2022\\\/08\\\/Contribution-copie.png\",\"articleSection\":[\"Contribution\",\"D\u00e9bats\"],\"inLanguage\":\"fr-FR\",\"potentialAction\":[{\"@type\":\"CommentAction\",\"name\":\"Comment\",\"target\":[\"https:\\\/\\\/lasentinelle.dz\\\/index.php\\\/2023\\\/02\\\/13\\\/cyber-attaques-une-menace-pour-la-securite-nationale\\\/#respond\"]}]},{\"@type\":\"WebPage\",\"@id\":\"https:\\\/\\\/lasentinelle.dz\\\/index.php\\\/2023\\\/02\\\/13\\\/cyber-attaques-une-menace-pour-la-securite-nationale\\\/\",\"url\":\"https:\\\/\\\/lasentinelle.dz\\\/index.php\\\/2023\\\/02\\\/13\\\/cyber-attaques-une-menace-pour-la-securite-nationale\\\/\",\"name\":\"Cyber-attaques: une menace pour la s\u00e9curit\u00e9 nationale - La Sentinelle\",\"isPartOf\":{\"@id\":\"https:\\\/\\\/lasentinelle.dz\\\/#website\"},\"primaryImageOfPage\":{\"@id\":\"https:\\\/\\\/lasentinelle.dz\\\/index.php\\\/2023\\\/02\\\/13\\\/cyber-attaques-une-menace-pour-la-securite-nationale\\\/#primaryimage\"},\"image\":{\"@id\":\"https:\\\/\\\/lasentinelle.dz\\\/index.php\\\/2023\\\/02\\\/13\\\/cyber-attaques-une-menace-pour-la-securite-nationale\\\/#primaryimage\"},\"thumbnailUrl\":\"https:\\\/\\\/lasentinelle.dz\\\/wp-content\\\/uploads\\\/2022\\\/08\\\/Contribution-copie.png\",\"datePublished\":\"2023-02-13T21:00:00+00:00\",\"breadcrumb\":{\"@id\":\"https:\\\/\\\/lasentinelle.dz\\\/index.php\\\/2023\\\/02\\\/13\\\/cyber-attaques-une-menace-pour-la-securite-nationale\\\/#breadcrumb\"},\"inLanguage\":\"fr-FR\",\"potentialAction\":[{\"@type\":\"ReadAction\",\"target\":[\"https:\\\/\\\/lasentinelle.dz\\\/index.php\\\/2023\\\/02\\\/13\\\/cyber-attaques-une-menace-pour-la-securite-nationale\\\/\"]}]},{\"@type\":\"ImageObject\",\"inLanguage\":\"fr-FR\",\"@id\":\"https:\\\/\\\/lasentinelle.dz\\\/index.php\\\/2023\\\/02\\\/13\\\/cyber-attaques-une-menace-pour-la-securite-nationale\\\/#primaryimage\",\"url\":\"https:\\\/\\\/lasentinelle.dz\\\/wp-content\\\/uploads\\\/2022\\\/08\\\/Contribution-copie.png\",\"contentUrl\":\"https:\\\/\\\/lasentinelle.dz\\\/wp-content\\\/uploads\\\/2022\\\/08\\\/Contribution-copie.png\",\"width\":225,\"height\":172},{\"@type\":\"BreadcrumbList\",\"@id\":\"https:\\\/\\\/lasentinelle.dz\\\/index.php\\\/2023\\\/02\\\/13\\\/cyber-attaques-une-menace-pour-la-securite-nationale\\\/#breadcrumb\",\"itemListElement\":[{\"@type\":\"ListItem\",\"position\":1,\"name\":\"Accueil\",\"item\":\"https:\\\/\\\/lasentinelle.dz\\\/\"},{\"@type\":\"ListItem\",\"position\":2,\"name\":\"Cyber-attaques: une menace pour la s\u00e9curit\u00e9 nationale\"}]},{\"@type\":\"WebSite\",\"@id\":\"https:\\\/\\\/lasentinelle.dz\\\/#website\",\"url\":\"https:\\\/\\\/lasentinelle.dz\\\/\",\"name\":\"La Sentinelle\",\"description\":\"Quotidien national d&#039;information\",\"publisher\":{\"@id\":\"https:\\\/\\\/lasentinelle.dz\\\/#organization\"},\"potentialAction\":[{\"@type\":\"SearchAction\",\"target\":{\"@type\":\"EntryPoint\",\"urlTemplate\":\"https:\\\/\\\/lasentinelle.dz\\\/?s={search_term_string}\"},\"query-input\":{\"@type\":\"PropertyValueSpecification\",\"valueRequired\":true,\"valueName\":\"search_term_string\"}}],\"inLanguage\":\"fr-FR\"},{\"@type\":\"Organization\",\"@id\":\"https:\\\/\\\/lasentinelle.dz\\\/#organization\",\"name\":\"Quotidien La Sentinelle\",\"url\":\"https:\\\/\\\/lasentinelle.dz\\\/\",\"logo\":{\"@type\":\"ImageObject\",\"inLanguage\":\"fr-FR\",\"@id\":\"https:\\\/\\\/lasentinelle.dz\\\/#\\\/schema\\\/logo\\\/image\\\/\",\"url\":\"https:\\\/\\\/lasentinelle.dz\\\/wp-content\\\/uploads\\\/2021\\\/09\\\/logo-sentinelleSLOGAN-1.png\",\"contentUrl\":\"https:\\\/\\\/lasentinelle.dz\\\/wp-content\\\/uploads\\\/2021\\\/09\\\/logo-sentinelleSLOGAN-1.png\",\"width\":615,\"height\":142,\"caption\":\"Quotidien La Sentinelle\"},\"image\":{\"@id\":\"https:\\\/\\\/lasentinelle.dz\\\/#\\\/schema\\\/logo\\\/image\\\/\"},\"sameAs\":[\"https:\\\/\\\/www.facebook.com\\\/La-Sentinelle-104059864394773\"]},{\"@type\":\"Person\",\"@id\":\"https:\\\/\\\/lasentinelle.dz\\\/#\\\/schema\\\/person\\\/d865044e22e70a75174ce8bcad3acfb3\",\"name\":\"La Sentinelle\",\"image\":{\"@type\":\"ImageObject\",\"inLanguage\":\"fr-FR\",\"@id\":\"https:\\\/\\\/secure.gravatar.com\\\/avatar\\\/57de8e5d4b15d43fb361a71fbb36338450fe67865b528a43dd10ef7c51a20392?s=96&d=mm&r=g\",\"url\":\"https:\\\/\\\/secure.gravatar.com\\\/avatar\\\/57de8e5d4b15d43fb361a71fbb36338450fe67865b528a43dd10ef7c51a20392?s=96&d=mm&r=g\",\"contentUrl\":\"https:\\\/\\\/secure.gravatar.com\\\/avatar\\\/57de8e5d4b15d43fb361a71fbb36338450fe67865b528a43dd10ef7c51a20392?s=96&d=mm&r=g\",\"caption\":\"La Sentinelle\"},\"sameAs\":[\"http:\\\/\\\/www.lasentinelle.dz\"],\"url\":\"https:\\\/\\\/lasentinelle.dz\\\/author\\\/redaction\\\/\"}]}<\/script>\n<!-- \/ Yoast SEO plugin. -->","yoast_head_json":{"title":"Cyber-attaques: une menace pour la s\u00e9curit\u00e9 nationale - La Sentinelle","robots":{"index":"index","follow":"follow","max-snippet":"max-snippet:-1","max-image-preview":"max-image-preview:large","max-video-preview":"max-video-preview:-1"},"canonical":"https:\/\/lasentinelle.dz\/index.php\/2023\/02\/13\/cyber-attaques-une-menace-pour-la-securite-nationale\/","og_locale":"fr_FR","og_type":"article","og_title":"Cyber-attaques: une menace pour la s\u00e9curit\u00e9 nationale - La Sentinelle","og_description":"Par Abderrahmane Mebtoul Il existe un lien dialectique entre s\u00e9curit\u00e9, ma\u00eetrise des nouvelles technologies d\u2019information, d\u00e9fense du territoireet d\u00e9veloppement. Le","og_url":"https:\/\/lasentinelle.dz\/index.php\/2023\/02\/13\/cyber-attaques-une-menace-pour-la-securite-nationale\/","og_site_name":"La Sentinelle","article_publisher":"https:\/\/www.facebook.com\/La-Sentinelle-104059864394773","article_published_time":"2023-02-13T21:00:00+00:00","og_image":[{"width":225,"height":172,"url":"https:\/\/lasentinelle.dz\/wp-content\/uploads\/2022\/08\/Contribution-copie.png","type":"image\/png"}],"author":"La Sentinelle","twitter_card":"summary_large_image","twitter_misc":{"\u00c9crit par":"La Sentinelle","Dur\u00e9e de lecture estim\u00e9e":"7 minutes"},"schema":{"@context":"https:\/\/schema.org","@graph":[{"@type":"Article","@id":"https:\/\/lasentinelle.dz\/index.php\/2023\/02\/13\/cyber-attaques-une-menace-pour-la-securite-nationale\/#article","isPartOf":{"@id":"https:\/\/lasentinelle.dz\/index.php\/2023\/02\/13\/cyber-attaques-une-menace-pour-la-securite-nationale\/"},"author":{"name":"La Sentinelle","@id":"https:\/\/lasentinelle.dz\/#\/schema\/person\/d865044e22e70a75174ce8bcad3acfb3"},"headline":"Cyber-attaques: une menace pour la s\u00e9curit\u00e9 nationale","datePublished":"2023-02-13T21:00:00+00:00","mainEntityOfPage":{"@id":"https:\/\/lasentinelle.dz\/index.php\/2023\/02\/13\/cyber-attaques-une-menace-pour-la-securite-nationale\/"},"wordCount":1498,"commentCount":0,"publisher":{"@id":"https:\/\/lasentinelle.dz\/#organization"},"image":{"@id":"https:\/\/lasentinelle.dz\/index.php\/2023\/02\/13\/cyber-attaques-une-menace-pour-la-securite-nationale\/#primaryimage"},"thumbnailUrl":"https:\/\/lasentinelle.dz\/wp-content\/uploads\/2022\/08\/Contribution-copie.png","articleSection":["Contribution","D\u00e9bats"],"inLanguage":"fr-FR","potentialAction":[{"@type":"CommentAction","name":"Comment","target":["https:\/\/lasentinelle.dz\/index.php\/2023\/02\/13\/cyber-attaques-une-menace-pour-la-securite-nationale\/#respond"]}]},{"@type":"WebPage","@id":"https:\/\/lasentinelle.dz\/index.php\/2023\/02\/13\/cyber-attaques-une-menace-pour-la-securite-nationale\/","url":"https:\/\/lasentinelle.dz\/index.php\/2023\/02\/13\/cyber-attaques-une-menace-pour-la-securite-nationale\/","name":"Cyber-attaques: une menace pour la s\u00e9curit\u00e9 nationale - La Sentinelle","isPartOf":{"@id":"https:\/\/lasentinelle.dz\/#website"},"primaryImageOfPage":{"@id":"https:\/\/lasentinelle.dz\/index.php\/2023\/02\/13\/cyber-attaques-une-menace-pour-la-securite-nationale\/#primaryimage"},"image":{"@id":"https:\/\/lasentinelle.dz\/index.php\/2023\/02\/13\/cyber-attaques-une-menace-pour-la-securite-nationale\/#primaryimage"},"thumbnailUrl":"https:\/\/lasentinelle.dz\/wp-content\/uploads\/2022\/08\/Contribution-copie.png","datePublished":"2023-02-13T21:00:00+00:00","breadcrumb":{"@id":"https:\/\/lasentinelle.dz\/index.php\/2023\/02\/13\/cyber-attaques-une-menace-pour-la-securite-nationale\/#breadcrumb"},"inLanguage":"fr-FR","potentialAction":[{"@type":"ReadAction","target":["https:\/\/lasentinelle.dz\/index.php\/2023\/02\/13\/cyber-attaques-une-menace-pour-la-securite-nationale\/"]}]},{"@type":"ImageObject","inLanguage":"fr-FR","@id":"https:\/\/lasentinelle.dz\/index.php\/2023\/02\/13\/cyber-attaques-une-menace-pour-la-securite-nationale\/#primaryimage","url":"https:\/\/lasentinelle.dz\/wp-content\/uploads\/2022\/08\/Contribution-copie.png","contentUrl":"https:\/\/lasentinelle.dz\/wp-content\/uploads\/2022\/08\/Contribution-copie.png","width":225,"height":172},{"@type":"BreadcrumbList","@id":"https:\/\/lasentinelle.dz\/index.php\/2023\/02\/13\/cyber-attaques-une-menace-pour-la-securite-nationale\/#breadcrumb","itemListElement":[{"@type":"ListItem","position":1,"name":"Accueil","item":"https:\/\/lasentinelle.dz\/"},{"@type":"ListItem","position":2,"name":"Cyber-attaques: une menace pour la s\u00e9curit\u00e9 nationale"}]},{"@type":"WebSite","@id":"https:\/\/lasentinelle.dz\/#website","url":"https:\/\/lasentinelle.dz\/","name":"La Sentinelle","description":"Quotidien national d&#039;information","publisher":{"@id":"https:\/\/lasentinelle.dz\/#organization"},"potentialAction":[{"@type":"SearchAction","target":{"@type":"EntryPoint","urlTemplate":"https:\/\/lasentinelle.dz\/?s={search_term_string}"},"query-input":{"@type":"PropertyValueSpecification","valueRequired":true,"valueName":"search_term_string"}}],"inLanguage":"fr-FR"},{"@type":"Organization","@id":"https:\/\/lasentinelle.dz\/#organization","name":"Quotidien La Sentinelle","url":"https:\/\/lasentinelle.dz\/","logo":{"@type":"ImageObject","inLanguage":"fr-FR","@id":"https:\/\/lasentinelle.dz\/#\/schema\/logo\/image\/","url":"https:\/\/lasentinelle.dz\/wp-content\/uploads\/2021\/09\/logo-sentinelleSLOGAN-1.png","contentUrl":"https:\/\/lasentinelle.dz\/wp-content\/uploads\/2021\/09\/logo-sentinelleSLOGAN-1.png","width":615,"height":142,"caption":"Quotidien La Sentinelle"},"image":{"@id":"https:\/\/lasentinelle.dz\/#\/schema\/logo\/image\/"},"sameAs":["https:\/\/www.facebook.com\/La-Sentinelle-104059864394773"]},{"@type":"Person","@id":"https:\/\/lasentinelle.dz\/#\/schema\/person\/d865044e22e70a75174ce8bcad3acfb3","name":"La Sentinelle","image":{"@type":"ImageObject","inLanguage":"fr-FR","@id":"https:\/\/secure.gravatar.com\/avatar\/57de8e5d4b15d43fb361a71fbb36338450fe67865b528a43dd10ef7c51a20392?s=96&d=mm&r=g","url":"https:\/\/secure.gravatar.com\/avatar\/57de8e5d4b15d43fb361a71fbb36338450fe67865b528a43dd10ef7c51a20392?s=96&d=mm&r=g","contentUrl":"https:\/\/secure.gravatar.com\/avatar\/57de8e5d4b15d43fb361a71fbb36338450fe67865b528a43dd10ef7c51a20392?s=96&d=mm&r=g","caption":"La Sentinelle"},"sameAs":["http:\/\/www.lasentinelle.dz"],"url":"https:\/\/lasentinelle.dz\/author\/redaction\/"}]}},"_links":{"self":[{"href":"https:\/\/lasentinelle.dz\/index.php\/wp-json\/wp\/v2\/posts\/36082","targetHints":{"allow":["GET"]}}],"collection":[{"href":"https:\/\/lasentinelle.dz\/index.php\/wp-json\/wp\/v2\/posts"}],"about":[{"href":"https:\/\/lasentinelle.dz\/index.php\/wp-json\/wp\/v2\/types\/post"}],"author":[{"embeddable":true,"href":"https:\/\/lasentinelle.dz\/index.php\/wp-json\/wp\/v2\/users\/3"}],"replies":[{"embeddable":true,"href":"https:\/\/lasentinelle.dz\/index.php\/wp-json\/wp\/v2\/comments?post=36082"}],"version-history":[{"count":1,"href":"https:\/\/lasentinelle.dz\/index.php\/wp-json\/wp\/v2\/posts\/36082\/revisions"}],"predecessor-version":[{"id":36083,"href":"https:\/\/lasentinelle.dz\/index.php\/wp-json\/wp\/v2\/posts\/36082\/revisions\/36083"}],"wp:featuredmedia":[{"embeddable":true,"href":"https:\/\/lasentinelle.dz\/index.php\/wp-json\/wp\/v2\/media\/25148"}],"wp:attachment":[{"href":"https:\/\/lasentinelle.dz\/index.php\/wp-json\/wp\/v2\/media?parent=36082"}],"wp:term":[{"taxonomy":"category","embeddable":true,"href":"https:\/\/lasentinelle.dz\/index.php\/wp-json\/wp\/v2\/categories?post=36082"},{"taxonomy":"post_tag","embeddable":true,"href":"https:\/\/lasentinelle.dz\/index.php\/wp-json\/wp\/v2\/tags?post=36082"}],"curies":[{"name":"wp","href":"https:\/\/api.w.org\/{rel}","templated":true}]}}