{"id":36146,"date":"2023-02-14T22:00:00","date_gmt":"2023-02-14T21:00:00","guid":{"rendered":"https:\/\/lasentinelle.dz\/?p=36146"},"modified":"2023-02-14T17:47:31","modified_gmt":"2023-02-14T16:47:31","slug":"chine-iran-le-president-chinois-xi-jinping-salue-la-solidarite-de-liran-dans-un-monde-complexe","status":"publish","type":"post","link":"https:\/\/lasentinelle.dz\/index.php\/2023\/02\/14\/chine-iran-le-president-chinois-xi-jinping-salue-la-solidarite-de-liran-dans-un-monde-complexe\/","title":{"rendered":"Chine-Iran\u00a0: Le pr\u00e9sident chinois Xi Jinping salue la \u00absolidarit\u00e9\u00bb de l&rsquo;Iran dans un monde \u00abcomplexe\u00bb"},"content":{"rendered":"\n<p>Le pr\u00e9sident chinois Xi Jinping a lou\u00e9 hier la \u00absolidarit\u00e9\u00bb entre Chine et Iran lors d&rsquo;une rencontre \u00e0 P\u00e9kin avec son homologue iranien Ebrahim Ra\u00efssi qui entame une visite d&rsquo;\u00c9tat, a indiqu\u00e9 un m\u00e9dia officiel. \u00abFace \u00e0 la situation complexe entra\u00een\u00e9e par les \u00e9volutions du monde, de l&rsquo;\u00e9poque et de l&rsquo;histoire, la Chine et l&rsquo;Iran se soutiennent mutuellement, affichent leur solidarit\u00e9 et leur coop\u00e9ration\u00bb, a d\u00e9clar\u00e9 Xi Jinping, selon la t\u00e9l\u00e9vision chinoise CCTV. Il s&rsquo;agit de la premi\u00e8re visite d&rsquo;\u00c9tat d&rsquo;un pr\u00e9sident iranien en Chine depuis plus de 20 ans. Ebrahim Ra\u00efssi, accompagn\u00e9 \u00e0 P\u00e9kin par une importante d\u00e9l\u00e9gation \u00e9conomique et commerciale, a \u00e9t\u00e9 accueilli par Xi Jinping au Palais du peuple, immense \u00e9difice construit au bord de la place Tiananmen au c\u0153ur de la capitale. La Chine a sign\u00e9 en 2021 un vaste accord strat\u00e9gique sur 25 ans avec l&rsquo;Iran. Les deux pays font face aux pressions occidentales en raison de leurs positions vis-\u00e0-vis de l&rsquo;invasion de l&rsquo;Ukraine par la Russie. L&rsquo;Iran fait d\u00e9j\u00e0 l&rsquo;objet de sanctions am\u00e9ricaines en raison de son programme nucl\u00e9aire. \u00abLa Chine soutient l&rsquo;Iran dans la sauvegarde de sa souverainet\u00e9 nationale, de son ind\u00e9pendance, de son int\u00e9grit\u00e9 territoriale et de sa dignit\u00e9 nationale\u00bb, a indiqu\u00e9 Xi Jinping \u00e0 son homologue iranien, selon CCTV. \u00abLa Chine soutient l&rsquo;Iran dans sa r\u00e9sistance \u00e0 l&rsquo;unilat\u00e9ralisme et \u00e0 l&rsquo;intimidation, s&rsquo;oppose aux forces ext\u00e9rieures qui s&rsquo;ing\u00e8rent dans les affaires int\u00e9rieures de l&rsquo;Iran et compromettent la s\u00e9curit\u00e9 et la stabilit\u00e9 de l&rsquo;Iran\u00bb, a-t-il par ailleurs soulign\u00e9. Sur le dossier du nucl\u00e9aire iranien, le pr\u00e9sident chinois a assur\u00e9 que son pays continuera \u00e0 \u00absoutenir l&rsquo;Iran dans la sauvegarde de ses droits et int\u00e9r\u00eats l\u00e9gitimes\u00bb et \u00e0 \u00abpromouvoir le r\u00e8glement rapide et appropri\u00e9\u00bb du probl\u00e8me. Les deux pays ont sign\u00e9 plusieurs documents de coop\u00e9ration bilat\u00e9rale dans les domaines de l&rsquo;agriculture, du commerce, du tourisme, de la protection de l&rsquo;environnement, de la sant\u00e9, des secours en cas de catastrophe, de la culture et des sports, selon CCTV.<\/p>\n\n\n\n<p>Agences<\/p>\n","protected":false},"excerpt":{"rendered":"<p>Le pr\u00e9sident chinois Xi Jinping a lou\u00e9 hier la \u00absolidarit\u00e9\u00bb entre Chine et Iran lors d&rsquo;une rencontre \u00e0 P\u00e9kin avec<\/p>\n","protected":false},"author":3,"featured_media":36164,"comment_status":"open","ping_status":"closed","sticky":false,"template":"","format":"standard","meta":{"colormag_page_container_layout":"default_layout","colormag_page_sidebar_layout":"default_layout","om_disable_all_campaigns":false,"_monsterinsights_skip_tracking":false,"_monsterinsights_sitenote_active":false,"_monsterinsights_sitenote_note":"","_monsterinsights_sitenote_category":0,"footnotes":"","_wpscppro_dont_share_socialmedia":false,"_wpscppro_custom_social_share_image":0,"_facebook_share_type":"","_twitter_share_type":"","_linkedin_share_type":"","_pinterest_share_type":"","_linkedin_share_type_page":"","_instagram_share_type":"","_medium_share_type":"","_threads_share_type":"","_google_business_share_type":"","_selected_social_profile":[],"_wpsp_enable_custom_social_template":false,"_wpsp_social_scheduling":{"enabled":false,"datetime":null,"platforms":[],"status":"template_only","dateOption":"today","timeOption":"now","customDays":"","customHours":"","customDate":"","customTime":"","schedulingType":"absolute"},"_wpsp_active_default_template":true},"categories":[37],"tags":[],"class_list":["post-36146","post","type-post","status-publish","format-standard","has-post-thumbnail","hentry","category-monde"],"aioseo_notices":[],"yoast_head":"<!-- This site is optimized with the Yoast SEO plugin v27.5 - https:\/\/yoast.com\/product\/yoast-seo-wordpress\/ -->\n<title>Chine-Iran\u00a0: Le pr\u00e9sident chinois Xi Jinping salue la \u00absolidarit\u00e9\u00bb de l&rsquo;Iran dans un monde \u00abcomplexe\u00bb - La Sentinelle<\/title>\n<meta name=\"robots\" content=\"index, follow, max-snippet:-1, max-image-preview:large, max-video-preview:-1\" \/>\n<link rel=\"canonical\" href=\"https:\/\/lasentinelle.dz\/index.php\/2023\/02\/14\/chine-iran-le-president-chinois-xi-jinping-salue-la-solidarite-de-liran-dans-un-monde-complexe\/\" \/>\n<meta property=\"og:locale\" content=\"fr_FR\" \/>\n<meta property=\"og:type\" content=\"article\" \/>\n<meta property=\"og:title\" content=\"Chine-Iran\u00a0: Le pr\u00e9sident chinois Xi Jinping salue la \u00absolidarit\u00e9\u00bb de l&rsquo;Iran dans un monde \u00abcomplexe\u00bb - La Sentinelle\" \/>\n<meta property=\"og:description\" content=\"Le pr\u00e9sident chinois Xi Jinping a lou\u00e9 hier la \u00absolidarit\u00e9\u00bb entre Chine et Iran lors d&rsquo;une rencontre \u00e0 P\u00e9kin avec\" \/>\n<meta property=\"og:url\" content=\"https:\/\/lasentinelle.dz\/index.php\/2023\/02\/14\/chine-iran-le-president-chinois-xi-jinping-salue-la-solidarite-de-liran-dans-un-monde-complexe\/\" \/>\n<meta property=\"og:site_name\" content=\"La Sentinelle\" \/>\n<meta property=\"article:publisher\" content=\"https:\/\/www.facebook.com\/La-Sentinelle-104059864394773\" \/>\n<meta property=\"article:published_time\" content=\"2023-02-14T21:00:00+00:00\" \/>\n<meta property=\"og:image\" content=\"https:\/\/lasentinelle.dz\/wp-content\/uploads\/2023\/02\/image_2023-02-14_174722352.png\" \/>\n\t<meta property=\"og:image:width\" content=\"768\" \/>\n\t<meta property=\"og:image:height\" content=\"512\" \/>\n\t<meta property=\"og:image:type\" content=\"image\/png\" \/>\n<meta name=\"author\" content=\"La Sentinelle\" \/>\n<meta name=\"twitter:card\" content=\"summary_large_image\" \/>\n<meta name=\"twitter:label1\" content=\"\u00c9crit par\" \/>\n\t<meta name=\"twitter:data1\" content=\"La Sentinelle\" \/>\n\t<meta name=\"twitter:label2\" content=\"Dur\u00e9e de lecture estim\u00e9e\" \/>\n\t<meta name=\"twitter:data2\" content=\"2 minutes\" \/>\n<script type=\"application\/ld+json\" class=\"yoast-schema-graph\">{\"@context\":\"https:\\\/\\\/schema.org\",\"@graph\":[{\"@type\":\"Article\",\"@id\":\"https:\\\/\\\/lasentinelle.dz\\\/index.php\\\/2023\\\/02\\\/14\\\/chine-iran-le-president-chinois-xi-jinping-salue-la-solidarite-de-liran-dans-un-monde-complexe\\\/#article\",\"isPartOf\":{\"@id\":\"https:\\\/\\\/lasentinelle.dz\\\/index.php\\\/2023\\\/02\\\/14\\\/chine-iran-le-president-chinois-xi-jinping-salue-la-solidarite-de-liran-dans-un-monde-complexe\\\/\"},\"author\":{\"name\":\"La Sentinelle\",\"@id\":\"https:\\\/\\\/lasentinelle.dz\\\/#\\\/schema\\\/person\\\/d865044e22e70a75174ce8bcad3acfb3\"},\"headline\":\"Chine-Iran\u00a0: Le pr\u00e9sident chinois Xi Jinping salue la \u00absolidarit\u00e9\u00bb de l&rsquo;Iran dans un monde \u00abcomplexe\u00bb\",\"datePublished\":\"2023-02-14T21:00:00+00:00\",\"mainEntityOfPage\":{\"@id\":\"https:\\\/\\\/lasentinelle.dz\\\/index.php\\\/2023\\\/02\\\/14\\\/chine-iran-le-president-chinois-xi-jinping-salue-la-solidarite-de-liran-dans-un-monde-complexe\\\/\"},\"wordCount\":394,\"commentCount\":0,\"publisher\":{\"@id\":\"https:\\\/\\\/lasentinelle.dz\\\/#organization\"},\"image\":{\"@id\":\"https:\\\/\\\/lasentinelle.dz\\\/index.php\\\/2023\\\/02\\\/14\\\/chine-iran-le-president-chinois-xi-jinping-salue-la-solidarite-de-liran-dans-un-monde-complexe\\\/#primaryimage\"},\"thumbnailUrl\":\"https:\\\/\\\/lasentinelle.dz\\\/wp-content\\\/uploads\\\/2023\\\/02\\\/image_2023-02-14_174722352.png\",\"articleSection\":[\"Monde\"],\"inLanguage\":\"fr-FR\",\"potentialAction\":[{\"@type\":\"CommentAction\",\"name\":\"Comment\",\"target\":[\"https:\\\/\\\/lasentinelle.dz\\\/index.php\\\/2023\\\/02\\\/14\\\/chine-iran-le-president-chinois-xi-jinping-salue-la-solidarite-de-liran-dans-un-monde-complexe\\\/#respond\"]}]},{\"@type\":\"WebPage\",\"@id\":\"https:\\\/\\\/lasentinelle.dz\\\/index.php\\\/2023\\\/02\\\/14\\\/chine-iran-le-president-chinois-xi-jinping-salue-la-solidarite-de-liran-dans-un-monde-complexe\\\/\",\"url\":\"https:\\\/\\\/lasentinelle.dz\\\/index.php\\\/2023\\\/02\\\/14\\\/chine-iran-le-president-chinois-xi-jinping-salue-la-solidarite-de-liran-dans-un-monde-complexe\\\/\",\"name\":\"Chine-Iran\u00a0: Le pr\u00e9sident chinois Xi Jinping salue la \u00absolidarit\u00e9\u00bb de l&rsquo;Iran dans un monde \u00abcomplexe\u00bb - La Sentinelle\",\"isPartOf\":{\"@id\":\"https:\\\/\\\/lasentinelle.dz\\\/#website\"},\"primaryImageOfPage\":{\"@id\":\"https:\\\/\\\/lasentinelle.dz\\\/index.php\\\/2023\\\/02\\\/14\\\/chine-iran-le-president-chinois-xi-jinping-salue-la-solidarite-de-liran-dans-un-monde-complexe\\\/#primaryimage\"},\"image\":{\"@id\":\"https:\\\/\\\/lasentinelle.dz\\\/index.php\\\/2023\\\/02\\\/14\\\/chine-iran-le-president-chinois-xi-jinping-salue-la-solidarite-de-liran-dans-un-monde-complexe\\\/#primaryimage\"},\"thumbnailUrl\":\"https:\\\/\\\/lasentinelle.dz\\\/wp-content\\\/uploads\\\/2023\\\/02\\\/image_2023-02-14_174722352.png\",\"datePublished\":\"2023-02-14T21:00:00+00:00\",\"breadcrumb\":{\"@id\":\"https:\\\/\\\/lasentinelle.dz\\\/index.php\\\/2023\\\/02\\\/14\\\/chine-iran-le-president-chinois-xi-jinping-salue-la-solidarite-de-liran-dans-un-monde-complexe\\\/#breadcrumb\"},\"inLanguage\":\"fr-FR\",\"potentialAction\":[{\"@type\":\"ReadAction\",\"target\":[\"https:\\\/\\\/lasentinelle.dz\\\/index.php\\\/2023\\\/02\\\/14\\\/chine-iran-le-president-chinois-xi-jinping-salue-la-solidarite-de-liran-dans-un-monde-complexe\\\/\"]}]},{\"@type\":\"ImageObject\",\"inLanguage\":\"fr-FR\",\"@id\":\"https:\\\/\\\/lasentinelle.dz\\\/index.php\\\/2023\\\/02\\\/14\\\/chine-iran-le-president-chinois-xi-jinping-salue-la-solidarite-de-liran-dans-un-monde-complexe\\\/#primaryimage\",\"url\":\"https:\\\/\\\/lasentinelle.dz\\\/wp-content\\\/uploads\\\/2023\\\/02\\\/image_2023-02-14_174722352.png\",\"contentUrl\":\"https:\\\/\\\/lasentinelle.dz\\\/wp-content\\\/uploads\\\/2023\\\/02\\\/image_2023-02-14_174722352.png\",\"width\":768,\"height\":512},{\"@type\":\"BreadcrumbList\",\"@id\":\"https:\\\/\\\/lasentinelle.dz\\\/index.php\\\/2023\\\/02\\\/14\\\/chine-iran-le-president-chinois-xi-jinping-salue-la-solidarite-de-liran-dans-un-monde-complexe\\\/#breadcrumb\",\"itemListElement\":[{\"@type\":\"ListItem\",\"position\":1,\"name\":\"Accueil\",\"item\":\"https:\\\/\\\/lasentinelle.dz\\\/\"},{\"@type\":\"ListItem\",\"position\":2,\"name\":\"Chine-Iran\u00a0: Le pr\u00e9sident chinois Xi Jinping salue la \u00absolidarit\u00e9\u00bb de l&rsquo;Iran dans un monde \u00abcomplexe\u00bb\"}]},{\"@type\":\"WebSite\",\"@id\":\"https:\\\/\\\/lasentinelle.dz\\\/#website\",\"url\":\"https:\\\/\\\/lasentinelle.dz\\\/\",\"name\":\"La Sentinelle\",\"description\":\"Quotidien national d&#039;information\",\"publisher\":{\"@id\":\"https:\\\/\\\/lasentinelle.dz\\\/#organization\"},\"potentialAction\":[{\"@type\":\"SearchAction\",\"target\":{\"@type\":\"EntryPoint\",\"urlTemplate\":\"https:\\\/\\\/lasentinelle.dz\\\/?s={search_term_string}\"},\"query-input\":{\"@type\":\"PropertyValueSpecification\",\"valueRequired\":true,\"valueName\":\"search_term_string\"}}],\"inLanguage\":\"fr-FR\"},{\"@type\":\"Organization\",\"@id\":\"https:\\\/\\\/lasentinelle.dz\\\/#organization\",\"name\":\"Quotidien La Sentinelle\",\"url\":\"https:\\\/\\\/lasentinelle.dz\\\/\",\"logo\":{\"@type\":\"ImageObject\",\"inLanguage\":\"fr-FR\",\"@id\":\"https:\\\/\\\/lasentinelle.dz\\\/#\\\/schema\\\/logo\\\/image\\\/\",\"url\":\"https:\\\/\\\/lasentinelle.dz\\\/wp-content\\\/uploads\\\/2021\\\/09\\\/logo-sentinelleSLOGAN-1.png\",\"contentUrl\":\"https:\\\/\\\/lasentinelle.dz\\\/wp-content\\\/uploads\\\/2021\\\/09\\\/logo-sentinelleSLOGAN-1.png\",\"width\":615,\"height\":142,\"caption\":\"Quotidien La Sentinelle\"},\"image\":{\"@id\":\"https:\\\/\\\/lasentinelle.dz\\\/#\\\/schema\\\/logo\\\/image\\\/\"},\"sameAs\":[\"https:\\\/\\\/www.facebook.com\\\/La-Sentinelle-104059864394773\"]},{\"@type\":\"Person\",\"@id\":\"https:\\\/\\\/lasentinelle.dz\\\/#\\\/schema\\\/person\\\/d865044e22e70a75174ce8bcad3acfb3\",\"name\":\"La Sentinelle\",\"image\":{\"@type\":\"ImageObject\",\"inLanguage\":\"fr-FR\",\"@id\":\"https:\\\/\\\/secure.gravatar.com\\\/avatar\\\/57de8e5d4b15d43fb361a71fbb36338450fe67865b528a43dd10ef7c51a20392?s=96&d=mm&r=g\",\"url\":\"https:\\\/\\\/secure.gravatar.com\\\/avatar\\\/57de8e5d4b15d43fb361a71fbb36338450fe67865b528a43dd10ef7c51a20392?s=96&d=mm&r=g\",\"contentUrl\":\"https:\\\/\\\/secure.gravatar.com\\\/avatar\\\/57de8e5d4b15d43fb361a71fbb36338450fe67865b528a43dd10ef7c51a20392?s=96&d=mm&r=g\",\"caption\":\"La Sentinelle\"},\"sameAs\":[\"http:\\\/\\\/www.lasentinelle.dz\"],\"url\":\"https:\\\/\\\/lasentinelle.dz\\\/author\\\/redaction\\\/\"}]}<\/script>\n<!-- \/ Yoast SEO plugin. -->","yoast_head_json":{"title":"Chine-Iran\u00a0: Le pr\u00e9sident chinois Xi Jinping salue la \u00absolidarit\u00e9\u00bb de l&rsquo;Iran dans un monde \u00abcomplexe\u00bb - La Sentinelle","robots":{"index":"index","follow":"follow","max-snippet":"max-snippet:-1","max-image-preview":"max-image-preview:large","max-video-preview":"max-video-preview:-1"},"canonical":"https:\/\/lasentinelle.dz\/index.php\/2023\/02\/14\/chine-iran-le-president-chinois-xi-jinping-salue-la-solidarite-de-liran-dans-un-monde-complexe\/","og_locale":"fr_FR","og_type":"article","og_title":"Chine-Iran\u00a0: Le pr\u00e9sident chinois Xi Jinping salue la \u00absolidarit\u00e9\u00bb de l&rsquo;Iran dans un monde \u00abcomplexe\u00bb - La Sentinelle","og_description":"Le pr\u00e9sident chinois Xi Jinping a lou\u00e9 hier la \u00absolidarit\u00e9\u00bb entre Chine et Iran lors d&rsquo;une rencontre \u00e0 P\u00e9kin avec","og_url":"https:\/\/lasentinelle.dz\/index.php\/2023\/02\/14\/chine-iran-le-president-chinois-xi-jinping-salue-la-solidarite-de-liran-dans-un-monde-complexe\/","og_site_name":"La Sentinelle","article_publisher":"https:\/\/www.facebook.com\/La-Sentinelle-104059864394773","article_published_time":"2023-02-14T21:00:00+00:00","og_image":[{"width":768,"height":512,"url":"https:\/\/lasentinelle.dz\/wp-content\/uploads\/2023\/02\/image_2023-02-14_174722352.png","type":"image\/png"}],"author":"La Sentinelle","twitter_card":"summary_large_image","twitter_misc":{"\u00c9crit par":"La Sentinelle","Dur\u00e9e de lecture estim\u00e9e":"2 minutes"},"schema":{"@context":"https:\/\/schema.org","@graph":[{"@type":"Article","@id":"https:\/\/lasentinelle.dz\/index.php\/2023\/02\/14\/chine-iran-le-president-chinois-xi-jinping-salue-la-solidarite-de-liran-dans-un-monde-complexe\/#article","isPartOf":{"@id":"https:\/\/lasentinelle.dz\/index.php\/2023\/02\/14\/chine-iran-le-president-chinois-xi-jinping-salue-la-solidarite-de-liran-dans-un-monde-complexe\/"},"author":{"name":"La Sentinelle","@id":"https:\/\/lasentinelle.dz\/#\/schema\/person\/d865044e22e70a75174ce8bcad3acfb3"},"headline":"Chine-Iran\u00a0: Le pr\u00e9sident chinois Xi Jinping salue la \u00absolidarit\u00e9\u00bb de l&rsquo;Iran dans un monde \u00abcomplexe\u00bb","datePublished":"2023-02-14T21:00:00+00:00","mainEntityOfPage":{"@id":"https:\/\/lasentinelle.dz\/index.php\/2023\/02\/14\/chine-iran-le-president-chinois-xi-jinping-salue-la-solidarite-de-liran-dans-un-monde-complexe\/"},"wordCount":394,"commentCount":0,"publisher":{"@id":"https:\/\/lasentinelle.dz\/#organization"},"image":{"@id":"https:\/\/lasentinelle.dz\/index.php\/2023\/02\/14\/chine-iran-le-president-chinois-xi-jinping-salue-la-solidarite-de-liran-dans-un-monde-complexe\/#primaryimage"},"thumbnailUrl":"https:\/\/lasentinelle.dz\/wp-content\/uploads\/2023\/02\/image_2023-02-14_174722352.png","articleSection":["Monde"],"inLanguage":"fr-FR","potentialAction":[{"@type":"CommentAction","name":"Comment","target":["https:\/\/lasentinelle.dz\/index.php\/2023\/02\/14\/chine-iran-le-president-chinois-xi-jinping-salue-la-solidarite-de-liran-dans-un-monde-complexe\/#respond"]}]},{"@type":"WebPage","@id":"https:\/\/lasentinelle.dz\/index.php\/2023\/02\/14\/chine-iran-le-president-chinois-xi-jinping-salue-la-solidarite-de-liran-dans-un-monde-complexe\/","url":"https:\/\/lasentinelle.dz\/index.php\/2023\/02\/14\/chine-iran-le-president-chinois-xi-jinping-salue-la-solidarite-de-liran-dans-un-monde-complexe\/","name":"Chine-Iran\u00a0: Le pr\u00e9sident chinois Xi Jinping salue la \u00absolidarit\u00e9\u00bb de l&rsquo;Iran dans un monde \u00abcomplexe\u00bb - La Sentinelle","isPartOf":{"@id":"https:\/\/lasentinelle.dz\/#website"},"primaryImageOfPage":{"@id":"https:\/\/lasentinelle.dz\/index.php\/2023\/02\/14\/chine-iran-le-president-chinois-xi-jinping-salue-la-solidarite-de-liran-dans-un-monde-complexe\/#primaryimage"},"image":{"@id":"https:\/\/lasentinelle.dz\/index.php\/2023\/02\/14\/chine-iran-le-president-chinois-xi-jinping-salue-la-solidarite-de-liran-dans-un-monde-complexe\/#primaryimage"},"thumbnailUrl":"https:\/\/lasentinelle.dz\/wp-content\/uploads\/2023\/02\/image_2023-02-14_174722352.png","datePublished":"2023-02-14T21:00:00+00:00","breadcrumb":{"@id":"https:\/\/lasentinelle.dz\/index.php\/2023\/02\/14\/chine-iran-le-president-chinois-xi-jinping-salue-la-solidarite-de-liran-dans-un-monde-complexe\/#breadcrumb"},"inLanguage":"fr-FR","potentialAction":[{"@type":"ReadAction","target":["https:\/\/lasentinelle.dz\/index.php\/2023\/02\/14\/chine-iran-le-president-chinois-xi-jinping-salue-la-solidarite-de-liran-dans-un-monde-complexe\/"]}]},{"@type":"ImageObject","inLanguage":"fr-FR","@id":"https:\/\/lasentinelle.dz\/index.php\/2023\/02\/14\/chine-iran-le-president-chinois-xi-jinping-salue-la-solidarite-de-liran-dans-un-monde-complexe\/#primaryimage","url":"https:\/\/lasentinelle.dz\/wp-content\/uploads\/2023\/02\/image_2023-02-14_174722352.png","contentUrl":"https:\/\/lasentinelle.dz\/wp-content\/uploads\/2023\/02\/image_2023-02-14_174722352.png","width":768,"height":512},{"@type":"BreadcrumbList","@id":"https:\/\/lasentinelle.dz\/index.php\/2023\/02\/14\/chine-iran-le-president-chinois-xi-jinping-salue-la-solidarite-de-liran-dans-un-monde-complexe\/#breadcrumb","itemListElement":[{"@type":"ListItem","position":1,"name":"Accueil","item":"https:\/\/lasentinelle.dz\/"},{"@type":"ListItem","position":2,"name":"Chine-Iran\u00a0: Le pr\u00e9sident chinois Xi Jinping salue la \u00absolidarit\u00e9\u00bb de l&rsquo;Iran dans un monde \u00abcomplexe\u00bb"}]},{"@type":"WebSite","@id":"https:\/\/lasentinelle.dz\/#website","url":"https:\/\/lasentinelle.dz\/","name":"La Sentinelle","description":"Quotidien national d&#039;information","publisher":{"@id":"https:\/\/lasentinelle.dz\/#organization"},"potentialAction":[{"@type":"SearchAction","target":{"@type":"EntryPoint","urlTemplate":"https:\/\/lasentinelle.dz\/?s={search_term_string}"},"query-input":{"@type":"PropertyValueSpecification","valueRequired":true,"valueName":"search_term_string"}}],"inLanguage":"fr-FR"},{"@type":"Organization","@id":"https:\/\/lasentinelle.dz\/#organization","name":"Quotidien La Sentinelle","url":"https:\/\/lasentinelle.dz\/","logo":{"@type":"ImageObject","inLanguage":"fr-FR","@id":"https:\/\/lasentinelle.dz\/#\/schema\/logo\/image\/","url":"https:\/\/lasentinelle.dz\/wp-content\/uploads\/2021\/09\/logo-sentinelleSLOGAN-1.png","contentUrl":"https:\/\/lasentinelle.dz\/wp-content\/uploads\/2021\/09\/logo-sentinelleSLOGAN-1.png","width":615,"height":142,"caption":"Quotidien La Sentinelle"},"image":{"@id":"https:\/\/lasentinelle.dz\/#\/schema\/logo\/image\/"},"sameAs":["https:\/\/www.facebook.com\/La-Sentinelle-104059864394773"]},{"@type":"Person","@id":"https:\/\/lasentinelle.dz\/#\/schema\/person\/d865044e22e70a75174ce8bcad3acfb3","name":"La Sentinelle","image":{"@type":"ImageObject","inLanguage":"fr-FR","@id":"https:\/\/secure.gravatar.com\/avatar\/57de8e5d4b15d43fb361a71fbb36338450fe67865b528a43dd10ef7c51a20392?s=96&d=mm&r=g","url":"https:\/\/secure.gravatar.com\/avatar\/57de8e5d4b15d43fb361a71fbb36338450fe67865b528a43dd10ef7c51a20392?s=96&d=mm&r=g","contentUrl":"https:\/\/secure.gravatar.com\/avatar\/57de8e5d4b15d43fb361a71fbb36338450fe67865b528a43dd10ef7c51a20392?s=96&d=mm&r=g","caption":"La Sentinelle"},"sameAs":["http:\/\/www.lasentinelle.dz"],"url":"https:\/\/lasentinelle.dz\/author\/redaction\/"}]}},"_links":{"self":[{"href":"https:\/\/lasentinelle.dz\/index.php\/wp-json\/wp\/v2\/posts\/36146","targetHints":{"allow":["GET"]}}],"collection":[{"href":"https:\/\/lasentinelle.dz\/index.php\/wp-json\/wp\/v2\/posts"}],"about":[{"href":"https:\/\/lasentinelle.dz\/index.php\/wp-json\/wp\/v2\/types\/post"}],"author":[{"embeddable":true,"href":"https:\/\/lasentinelle.dz\/index.php\/wp-json\/wp\/v2\/users\/3"}],"replies":[{"embeddable":true,"href":"https:\/\/lasentinelle.dz\/index.php\/wp-json\/wp\/v2\/comments?post=36146"}],"version-history":[{"count":1,"href":"https:\/\/lasentinelle.dz\/index.php\/wp-json\/wp\/v2\/posts\/36146\/revisions"}],"predecessor-version":[{"id":36165,"href":"https:\/\/lasentinelle.dz\/index.php\/wp-json\/wp\/v2\/posts\/36146\/revisions\/36165"}],"wp:featuredmedia":[{"embeddable":true,"href":"https:\/\/lasentinelle.dz\/index.php\/wp-json\/wp\/v2\/media\/36164"}],"wp:attachment":[{"href":"https:\/\/lasentinelle.dz\/index.php\/wp-json\/wp\/v2\/media?parent=36146"}],"wp:term":[{"taxonomy":"category","embeddable":true,"href":"https:\/\/lasentinelle.dz\/index.php\/wp-json\/wp\/v2\/categories?post=36146"},{"taxonomy":"post_tag","embeddable":true,"href":"https:\/\/lasentinelle.dz\/index.php\/wp-json\/wp\/v2\/tags?post=36146"}],"curies":[{"name":"wp","href":"https:\/\/api.w.org\/{rel}","templated":true}]}}